{"id":88602,"date":"2025-06-05T19:28:48","date_gmt":"2025-06-05T22:28:48","guid":{"rendered":"https:\/\/www.celttv.com.ar\/?p=88602"},"modified":"2025-06-05T19:28:48","modified_gmt":"2025-06-05T22:28:48","slug":"en-el-dia-del-ambiente-se-instalo-la-primera-compostera-comunitaria-en-tornquist","status":"publish","type":"post","link":"https:\/\/www.celttv.com.ar\/index.php\/2025\/06\/05\/en-el-dia-del-ambiente-se-instalo-la-primera-compostera-comunitaria-en-tornquist\/","title":{"rendered":"En el D\u00eda del Ambiente, se instal\u00f3 la primera compostera comunitaria en Tornquist"},"content":{"rendered":"<p>En el marco del D\u00eda Mundial del Medio Ambiente, la Subsecretar\u00eda de Ambiente y Desarrollo Sostenible llev\u00f3 adelante una importante acci\u00f3n ambiental: la instalaci\u00f3n de la primera compostera comunitaria de la localidad, un hito dentro del Programa de Compostaje Municipal.<\/p>\n<p>Esta iniciativa se realiz\u00f3 de manera conjunta con la Escuela de Educaci\u00f3n Secundaria Agraria N\u00b0 1 \u201cGato y Mancha\u201d, en el marco del proyecto \u201cCompostaje Comunitario entre vecinos y establecimientos educativos\u201d, que busca promover la gesti\u00f3n local de los residuos org\u00e1nicos, el trabajo en red y la educaci\u00f3n ambiental como herramientas de transformaci\u00f3n.<\/p>\n<p>Durante la jornada, estudiantes de primer a\u00f1o de la instituci\u00f3n realizaron un recorrido puerta a puerta, difundiendo informaci\u00f3n sobre la compostera, su funcionamiento y la importancia de separar los residuos org\u00e1nicos para generar compost, un abono natural que contribuye a mejorar la salud del suelo y reducir el volumen de residuos enviados a disposici\u00f3n final.<\/p>\n<p>La instalaci\u00f3n de esta compostera comunitaria marca el inicio de una experiencia que se espera replicar en otros barrios y en el resto de las localidades del distrito. Esta primera acci\u00f3n sienta las bases para extender el modelo de compostaje comunitario, trabajando en articulaci\u00f3n con instituciones educativas, y promoviendo una red de composteras que contribuyan a reducir los residuos org\u00e1nicos.<\/p>\n<p>Con esta acci\u00f3n, Tornquist Municipio reafirma su compromiso con el desarrollo sostenible, la econom\u00eda circular y la participaci\u00f3n activa de la comunidad en el cuidado de nuestra casa com\u00fan.<\/p>\n<p><img loading=\"lazy\" decoding=\"async\" class=\"alignnone wp-image-88603 size-full\" src=\"https:\/\/www.celttv.com.ar\/wp-content\/uploads\/2025\/06\/ambiente-Medium.jpg\" alt=\"\" width=\"1024\" height=\"768\" srcset=\"https:\/\/www.celttv.com.ar\/wp-content\/uploads\/2025\/06\/ambiente-Medium.jpg 1024w, https:\/\/www.celttv.com.ar\/wp-content\/uploads\/2025\/06\/ambiente-Medium-300x225.jpg 300w, https:\/\/www.celttv.com.ar\/wp-content\/uploads\/2025\/06\/ambiente-Medium-768x576.jpg 768w, https:\/\/www.celttv.com.ar\/wp-content\/uploads\/2025\/06\/ambiente-Medium-750x563.jpg 750w\" sizes=\"auto, (max-width: 1024px) 100vw, 1024px\" \/> <img loading=\"lazy\" decoding=\"async\" class=\"alignnone wp-image-88604 size-full\" src=\"https:\/\/www.celttv.com.ar\/wp-content\/uploads\/2025\/06\/ambiente1-Medium.jpg\" alt=\"\" width=\"1024\" height=\"768\" srcset=\"https:\/\/www.celttv.com.ar\/wp-content\/uploads\/2025\/06\/ambiente1-Medium.jpg 1024w, https:\/\/www.celttv.com.ar\/wp-content\/uploads\/2025\/06\/ambiente1-Medium-300x225.jpg 300w, https:\/\/www.celttv.com.ar\/wp-content\/uploads\/2025\/06\/ambiente1-Medium-768x576.jpg 768w, https:\/\/www.celttv.com.ar\/wp-content\/uploads\/2025\/06\/ambiente1-Medium-750x563.jpg 750w\" sizes=\"auto, (max-width: 1024px) 100vw, 1024px\" \/> <img loading=\"lazy\" decoding=\"async\" class=\"alignnone wp-image-88605 size-full\" src=\"https:\/\/www.celttv.com.ar\/wp-content\/uploads\/2025\/06\/ambiente2-Medium.jpg\" alt=\"\" width=\"768\" height=\"1024\" srcset=\"https:\/\/www.celttv.com.ar\/wp-content\/uploads\/2025\/06\/ambiente2-Medium.jpg 768w, https:\/\/www.celttv.com.ar\/wp-content\/uploads\/2025\/06\/ambiente2-Medium-225x300.jpg 225w, https:\/\/www.celttv.com.ar\/wp-content\/uploads\/2025\/06\/ambiente2-Medium-750x1000.jpg 750w\" sizes=\"auto, (max-width: 768px) 100vw, 768px\" \/> <img loading=\"lazy\" decoding=\"async\" class=\"alignnone wp-image-88606 size-full\" src=\"https:\/\/www.celttv.com.ar\/wp-content\/uploads\/2025\/06\/ambiente3-Medium.jpg\" alt=\"\" width=\"1024\" height=\"768\" srcset=\"https:\/\/www.celttv.com.ar\/wp-content\/uploads\/2025\/06\/ambiente3-Medium.jpg 1024w, https:\/\/www.celttv.com.ar\/wp-content\/uploads\/2025\/06\/ambiente3-Medium-300x225.jpg 300w, https:\/\/www.celttv.com.ar\/wp-content\/uploads\/2025\/06\/ambiente3-Medium-768x576.jpg 768w, https:\/\/www.celttv.com.ar\/wp-content\/uploads\/2025\/06\/ambiente3-Medium-750x563.jpg 750w\" sizes=\"auto, (max-width: 1024px) 100vw, 1024px\" \/> <img loading=\"lazy\" decoding=\"async\" class=\"alignnone wp-image-88607 size-full\" src=\"https:\/\/www.celttv.com.ar\/wp-content\/uploads\/2025\/06\/ambiente4-Medium.jpg\" alt=\"\" width=\"768\" height=\"1024\" srcset=\"https:\/\/www.celttv.com.ar\/wp-content\/uploads\/2025\/06\/ambiente4-Medium.jpg 768w, https:\/\/www.celttv.com.ar\/wp-content\/uploads\/2025\/06\/ambiente4-Medium-225x300.jpg 225w, https:\/\/www.celttv.com.ar\/wp-content\/uploads\/2025\/06\/ambiente4-Medium-750x1000.jpg 750w\" sizes=\"auto, (max-width: 768px) 100vw, 768px\" \/><\/p>\n<p>&nbsp;<\/p>\n","protected":false},"excerpt":{"rendered":"<p>En el marco del D\u00eda Mundial del Medio Ambiente, la Subsecretar\u00eda de Ambiente y Desarrollo Sostenible llev\u00f3 adelante una importante acci\u00f3n ambiental: la instalaci\u00f3n de la primera compostera comunitaria de la localidad, un hito dentro del Programa de Compostaje Municipal. Esta iniciativa se realiz\u00f3 de manera conjunta con la Escuela de Educaci\u00f3n Secundaria Agraria N\u00b0 [&hellip;]<\/p>\n","protected":false},"author":5,"featured_media":88604,"comment_status":"closed","ping_status":"closed","sticky":false,"template":"","format":"standard","meta":{"footnotes":""},"categories":[59,65],"tags":[],"class_list":["post-88602","post","type-post","status-publish","format-standard","has-post-thumbnail","hentry","category-municipales","category-produccion"],"yoast_head":"<!-- This site is optimized with the Yoast SEO plugin v19.7.1 - https:\/\/yoast.com\/wordpress\/plugins\/seo\/ -->\n<title>En el D\u00eda del Ambiente, se instal\u00f3 la primera compostera comunitaria en Tornquist - CELTTV<\/title>\n<meta name=\"description\" content=\"Sitio web de noticias de la localidad de Tornquist, provincia de Buenos Aires, Rep\u00fablica Argentina. Contenido propio originado por periodistas de CELTTV, el canal de TV local de la Cooperativa El\u00e9ctrica de Tornquist. Turismo, Pol\u00edtica, Sociedad, Deporte, Cultura y todo el contenido de inter\u00e9s general que la gente del pueblo y la regi\u00f3n debe conocer.\" \/>\n<meta name=\"robots\" content=\"index, follow, max-snippet:-1, max-image-preview:large, max-video-preview:-1\" \/>\n<link rel=\"canonical\" href=\"https:\/\/www.celttv.com.ar\/index.php\/2025\/06\/05\/en-el-dia-del-ambiente-se-instalo-la-primera-compostera-comunitaria-en-tornquist\/\" \/>\n<meta property=\"og:locale\" content=\"es_ES\" \/>\n<meta property=\"og:type\" content=\"article\" \/>\n<meta property=\"og:title\" content=\"En el D\u00eda del Ambiente, se instal\u00f3 la primera compostera comunitaria en Tornquist - CELTTV\" \/>\n<meta property=\"og:description\" content=\"Sitio web de noticias de la localidad de Tornquist, provincia de Buenos Aires, Rep\u00fablica Argentina. Contenido propio originado por periodistas de CELTTV, el canal de TV local de la Cooperativa El\u00e9ctrica de Tornquist. Turismo, Pol\u00edtica, Sociedad, Deporte, Cultura y todo el contenido de inter\u00e9s general que la gente del pueblo y la regi\u00f3n debe conocer.\" \/>\n<meta property=\"og:url\" content=\"https:\/\/www.celttv.com.ar\/index.php\/2025\/06\/05\/en-el-dia-del-ambiente-se-instalo-la-primera-compostera-comunitaria-en-tornquist\/\" \/>\n<meta property=\"og:site_name\" content=\"CELTTV\" \/>\n<meta property=\"article:publisher\" content=\"https:\/\/www.facebook.com\/celtTV\/\" \/>\n<meta property=\"article:published_time\" content=\"2025-06-05T22:28:48+00:00\" \/>\n<meta property=\"og:image\" content=\"https:\/\/www.celttv.com.ar\/wp-content\/uploads\/2025\/06\/ambiente1-Medium.jpg\" \/>\n\t<meta property=\"og:image:width\" content=\"1024\" \/>\n\t<meta property=\"og:image:height\" content=\"768\" \/>\n\t<meta property=\"og:image:type\" content=\"image\/jpeg\" \/>\n<meta name=\"author\" content=\"Miguel Herrada\" \/>\n<meta name=\"twitter:card\" content=\"summary_large_image\" \/>\n<meta name=\"twitter:label1\" content=\"Escrito por\" \/>\n\t<meta name=\"twitter:data1\" content=\"Miguel Herrada\" \/>\n\t<meta name=\"twitter:label2\" content=\"Tiempo de lectura\" \/>\n\t<meta name=\"twitter:data2\" content=\"1 minuto\" \/>\n<script type=\"application\/ld+json\" class=\"yoast-schema-graph\">{\"@context\":\"https:\/\/schema.org\",\"@graph\":[{\"@type\":\"NewsArticle\",\"@id\":\"https:\/\/www.celttv.com.ar\/index.php\/2025\/06\/05\/en-el-dia-del-ambiente-se-instalo-la-primera-compostera-comunitaria-en-tornquist\/#article\",\"isPartOf\":{\"@id\":\"https:\/\/www.celttv.com.ar\/index.php\/2025\/06\/05\/en-el-dia-del-ambiente-se-instalo-la-primera-compostera-comunitaria-en-tornquist\/\"},\"author\":{\"name\":\"Miguel Herrada\",\"@id\":\"https:\/\/www.celttv.com.ar\/#\/schema\/person\/9059dc91dc7204ef4182cdb65225f07d\"},\"headline\":\"En el D\u00eda del Ambiente, se instal\u00f3 la primera compostera comunitaria en Tornquist\",\"datePublished\":\"2025-06-05T22:28:48+00:00\",\"dateModified\":\"2025-06-05T22:28:48+00:00\",\"mainEntityOfPage\":{\"@id\":\"https:\/\/www.celttv.com.ar\/index.php\/2025\/06\/05\/en-el-dia-del-ambiente-se-instalo-la-primera-compostera-comunitaria-en-tornquist\/\"},\"wordCount\":273,\"publisher\":{\"@id\":\"https:\/\/www.celttv.com.ar\/#organization\"},\"articleSection\":[\"Municipales\",\"Producci\u00f3n y Medio Ambiente\"],\"inLanguage\":\"es\"},{\"@type\":\"WebPage\",\"@id\":\"https:\/\/www.celttv.com.ar\/index.php\/2025\/06\/05\/en-el-dia-del-ambiente-se-instalo-la-primera-compostera-comunitaria-en-tornquist\/\",\"url\":\"https:\/\/www.celttv.com.ar\/index.php\/2025\/06\/05\/en-el-dia-del-ambiente-se-instalo-la-primera-compostera-comunitaria-en-tornquist\/\",\"name\":\"En el D\u00eda del Ambiente, se instal\u00f3 la primera compostera comunitaria en Tornquist - CELTTV\",\"isPartOf\":{\"@id\":\"https:\/\/www.celttv.com.ar\/#website\"},\"datePublished\":\"2025-06-05T22:28:48+00:00\",\"dateModified\":\"2025-06-05T22:28:48+00:00\",\"description\":\"Sitio web de noticias de la localidad de Tornquist, provincia de Buenos Aires, Rep\u00fablica Argentina. Contenido propio originado por periodistas de CELTTV, el canal de TV local de la Cooperativa El\u00e9ctrica de Tornquist. Turismo, Pol\u00edtica, Sociedad, Deporte, Cultura y todo el contenido de inter\u00e9s general que la gente del pueblo y la regi\u00f3n debe conocer.\",\"breadcrumb\":{\"@id\":\"https:\/\/www.celttv.com.ar\/index.php\/2025\/06\/05\/en-el-dia-del-ambiente-se-instalo-la-primera-compostera-comunitaria-en-tornquist\/#breadcrumb\"},\"inLanguage\":\"es\",\"potentialAction\":[{\"@type\":\"ReadAction\",\"target\":[\"https:\/\/www.celttv.com.ar\/index.php\/2025\/06\/05\/en-el-dia-del-ambiente-se-instalo-la-primera-compostera-comunitaria-en-tornquist\/\"]}]},{\"@type\":\"BreadcrumbList\",\"@id\":\"https:\/\/www.celttv.com.ar\/index.php\/2025\/06\/05\/en-el-dia-del-ambiente-se-instalo-la-primera-compostera-comunitaria-en-tornquist\/#breadcrumb\",\"itemListElement\":[{\"@type\":\"ListItem\",\"position\":1,\"name\":\"Inicio\",\"item\":\"https:\/\/www.celttv.com.ar\/\"},{\"@type\":\"ListItem\",\"position\":2,\"name\":\"En el D\u00eda del Ambiente, se instal\u00f3 la primera compostera comunitaria en Tornquist\"}]},{\"@type\":\"WebSite\",\"@id\":\"https:\/\/www.celttv.com.ar\/#website\",\"url\":\"https:\/\/www.celttv.com.ar\/\",\"name\":\"CELTTV\",\"description\":\"Cooperativa El\u00e9ctrica de Tornquist\",\"publisher\":{\"@id\":\"https:\/\/www.celttv.com.ar\/#organization\"},\"potentialAction\":[{\"@type\":\"SearchAction\",\"target\":{\"@type\":\"EntryPoint\",\"urlTemplate\":\"https:\/\/www.celttv.com.ar\/?s={search_term_string}\"},\"query-input\":\"required name=search_term_string\"}],\"inLanguage\":\"es\"},{\"@type\":\"Organization\",\"@id\":\"https:\/\/www.celttv.com.ar\/#organization\",\"name\":\"CELTTV\",\"url\":\"https:\/\/www.celttv.com.ar\/\",\"sameAs\":[\"https:\/\/www.youtube.com\/channel\/UCz_oIt8Hig64Ub-EmcNPIhg\",\"https:\/\/www.facebook.com\/celtTV\/\"],\"logo\":{\"@type\":\"ImageObject\",\"inLanguage\":\"es\",\"@id\":\"https:\/\/www.celttv.com.ar\/#\/schema\/logo\/image\/\",\"url\":\"http:\/\/www.celttv.com.ar\/wp-content\/uploads\/2022\/08\/logo-1.png\",\"contentUrl\":\"http:\/\/www.celttv.com.ar\/wp-content\/uploads\/2022\/08\/logo-1.png\",\"width\":461,\"height\":159,\"caption\":\"CELTTV\"},\"image\":{\"@id\":\"https:\/\/www.celttv.com.ar\/#\/schema\/logo\/image\/\"}},{\"@type\":\"Person\",\"@id\":\"https:\/\/www.celttv.com.ar\/#\/schema\/person\/9059dc91dc7204ef4182cdb65225f07d\",\"name\":\"Miguel Herrada\",\"image\":{\"@type\":\"ImageObject\",\"inLanguage\":\"es\",\"@id\":\"https:\/\/www.celttv.com.ar\/#\/schema\/person\/image\/\",\"url\":\"https:\/\/secure.gravatar.com\/avatar\/67724d5b3c716623ffd76bec7e45841a442ac3b456e914dbba90b0fad2b8e0b1?s=96&d=mm&r=g\",\"contentUrl\":\"https:\/\/secure.gravatar.com\/avatar\/67724d5b3c716623ffd76bec7e45841a442ac3b456e914dbba90b0fad2b8e0b1?s=96&d=mm&r=g\",\"caption\":\"Miguel Herrada\"}}]}<\/script>\n<!-- \/ Yoast SEO plugin. -->","yoast_head_json":{"title":"En el D\u00eda del Ambiente, se instal\u00f3 la primera compostera comunitaria en Tornquist - CELTTV","description":"Sitio web de noticias de la localidad de Tornquist, provincia de Buenos Aires, Rep\u00fablica Argentina. Contenido propio originado por periodistas de CELTTV, el canal de TV local de la Cooperativa El\u00e9ctrica de Tornquist. Turismo, Pol\u00edtica, Sociedad, Deporte, Cultura y todo el contenido de inter\u00e9s general que la gente del pueblo y la regi\u00f3n debe conocer.","robots":{"index":"index","follow":"follow","max-snippet":"max-snippet:-1","max-image-preview":"max-image-preview:large","max-video-preview":"max-video-preview:-1"},"canonical":"https:\/\/www.celttv.com.ar\/index.php\/2025\/06\/05\/en-el-dia-del-ambiente-se-instalo-la-primera-compostera-comunitaria-en-tornquist\/","og_locale":"es_ES","og_type":"article","og_title":"En el D\u00eda del Ambiente, se instal\u00f3 la primera compostera comunitaria en Tornquist - CELTTV","og_description":"Sitio web de noticias de la localidad de Tornquist, provincia de Buenos Aires, Rep\u00fablica Argentina. Contenido propio originado por periodistas de CELTTV, el canal de TV local de la Cooperativa El\u00e9ctrica de Tornquist. Turismo, Pol\u00edtica, Sociedad, Deporte, Cultura y todo el contenido de inter\u00e9s general que la gente del pueblo y la regi\u00f3n debe conocer.","og_url":"https:\/\/www.celttv.com.ar\/index.php\/2025\/06\/05\/en-el-dia-del-ambiente-se-instalo-la-primera-compostera-comunitaria-en-tornquist\/","og_site_name":"CELTTV","article_publisher":"https:\/\/www.facebook.com\/celtTV\/","article_published_time":"2025-06-05T22:28:48+00:00","og_image":[{"width":1024,"height":768,"url":"https:\/\/www.celttv.com.ar\/wp-content\/uploads\/2025\/06\/ambiente1-Medium.jpg","type":"image\/jpeg"}],"author":"Miguel Herrada","twitter_card":"summary_large_image","twitter_misc":{"Escrito por":"Miguel Herrada","Tiempo de lectura":"1 minuto"},"schema":{"@context":"https:\/\/schema.org","@graph":[{"@type":"NewsArticle","@id":"https:\/\/www.celttv.com.ar\/index.php\/2025\/06\/05\/en-el-dia-del-ambiente-se-instalo-la-primera-compostera-comunitaria-en-tornquist\/#article","isPartOf":{"@id":"https:\/\/www.celttv.com.ar\/index.php\/2025\/06\/05\/en-el-dia-del-ambiente-se-instalo-la-primera-compostera-comunitaria-en-tornquist\/"},"author":{"name":"Miguel Herrada","@id":"https:\/\/www.celttv.com.ar\/#\/schema\/person\/9059dc91dc7204ef4182cdb65225f07d"},"headline":"En el D\u00eda del Ambiente, se instal\u00f3 la primera compostera comunitaria en Tornquist","datePublished":"2025-06-05T22:28:48+00:00","dateModified":"2025-06-05T22:28:48+00:00","mainEntityOfPage":{"@id":"https:\/\/www.celttv.com.ar\/index.php\/2025\/06\/05\/en-el-dia-del-ambiente-se-instalo-la-primera-compostera-comunitaria-en-tornquist\/"},"wordCount":273,"publisher":{"@id":"https:\/\/www.celttv.com.ar\/#organization"},"articleSection":["Municipales","Producci\u00f3n y Medio Ambiente"],"inLanguage":"es"},{"@type":"WebPage","@id":"https:\/\/www.celttv.com.ar\/index.php\/2025\/06\/05\/en-el-dia-del-ambiente-se-instalo-la-primera-compostera-comunitaria-en-tornquist\/","url":"https:\/\/www.celttv.com.ar\/index.php\/2025\/06\/05\/en-el-dia-del-ambiente-se-instalo-la-primera-compostera-comunitaria-en-tornquist\/","name":"En el D\u00eda del Ambiente, se instal\u00f3 la primera compostera comunitaria en Tornquist - CELTTV","isPartOf":{"@id":"https:\/\/www.celttv.com.ar\/#website"},"datePublished":"2025-06-05T22:28:48+00:00","dateModified":"2025-06-05T22:28:48+00:00","description":"Sitio web de noticias de la localidad de Tornquist, provincia de Buenos Aires, Rep\u00fablica Argentina. Contenido propio originado por periodistas de CELTTV, el canal de TV local de la Cooperativa El\u00e9ctrica de Tornquist. Turismo, Pol\u00edtica, Sociedad, Deporte, Cultura y todo el contenido de inter\u00e9s general que la gente del pueblo y la regi\u00f3n debe conocer.","breadcrumb":{"@id":"https:\/\/www.celttv.com.ar\/index.php\/2025\/06\/05\/en-el-dia-del-ambiente-se-instalo-la-primera-compostera-comunitaria-en-tornquist\/#breadcrumb"},"inLanguage":"es","potentialAction":[{"@type":"ReadAction","target":["https:\/\/www.celttv.com.ar\/index.php\/2025\/06\/05\/en-el-dia-del-ambiente-se-instalo-la-primera-compostera-comunitaria-en-tornquist\/"]}]},{"@type":"BreadcrumbList","@id":"https:\/\/www.celttv.com.ar\/index.php\/2025\/06\/05\/en-el-dia-del-ambiente-se-instalo-la-primera-compostera-comunitaria-en-tornquist\/#breadcrumb","itemListElement":[{"@type":"ListItem","position":1,"name":"Inicio","item":"https:\/\/www.celttv.com.ar\/"},{"@type":"ListItem","position":2,"name":"En el D\u00eda del Ambiente, se instal\u00f3 la primera compostera comunitaria en Tornquist"}]},{"@type":"WebSite","@id":"https:\/\/www.celttv.com.ar\/#website","url":"https:\/\/www.celttv.com.ar\/","name":"CELTTV","description":"Cooperativa El\u00e9ctrica de Tornquist","publisher":{"@id":"https:\/\/www.celttv.com.ar\/#organization"},"potentialAction":[{"@type":"SearchAction","target":{"@type":"EntryPoint","urlTemplate":"https:\/\/www.celttv.com.ar\/?s={search_term_string}"},"query-input":"required name=search_term_string"}],"inLanguage":"es"},{"@type":"Organization","@id":"https:\/\/www.celttv.com.ar\/#organization","name":"CELTTV","url":"https:\/\/www.celttv.com.ar\/","sameAs":["https:\/\/www.youtube.com\/channel\/UCz_oIt8Hig64Ub-EmcNPIhg","https:\/\/www.facebook.com\/celtTV\/"],"logo":{"@type":"ImageObject","inLanguage":"es","@id":"https:\/\/www.celttv.com.ar\/#\/schema\/logo\/image\/","url":"http:\/\/www.celttv.com.ar\/wp-content\/uploads\/2022\/08\/logo-1.png","contentUrl":"http:\/\/www.celttv.com.ar\/wp-content\/uploads\/2022\/08\/logo-1.png","width":461,"height":159,"caption":"CELTTV"},"image":{"@id":"https:\/\/www.celttv.com.ar\/#\/schema\/logo\/image\/"}},{"@type":"Person","@id":"https:\/\/www.celttv.com.ar\/#\/schema\/person\/9059dc91dc7204ef4182cdb65225f07d","name":"Miguel Herrada","image":{"@type":"ImageObject","inLanguage":"es","@id":"https:\/\/www.celttv.com.ar\/#\/schema\/person\/image\/","url":"https:\/\/secure.gravatar.com\/avatar\/67724d5b3c716623ffd76bec7e45841a442ac3b456e914dbba90b0fad2b8e0b1?s=96&d=mm&r=g","contentUrl":"https:\/\/secure.gravatar.com\/avatar\/67724d5b3c716623ffd76bec7e45841a442ac3b456e914dbba90b0fad2b8e0b1?s=96&d=mm&r=g","caption":"Miguel Herrada"}}]}},"_links":{"self":[{"href":"https:\/\/www.celttv.com.ar\/index.php\/wp-json\/wp\/v2\/posts\/88602","targetHints":{"allow":["GET"]}}],"collection":[{"href":"https:\/\/www.celttv.com.ar\/index.php\/wp-json\/wp\/v2\/posts"}],"about":[{"href":"https:\/\/www.celttv.com.ar\/index.php\/wp-json\/wp\/v2\/types\/post"}],"author":[{"embeddable":true,"href":"https:\/\/www.celttv.com.ar\/index.php\/wp-json\/wp\/v2\/users\/5"}],"replies":[{"embeddable":true,"href":"https:\/\/www.celttv.com.ar\/index.php\/wp-json\/wp\/v2\/comments?post=88602"}],"version-history":[{"count":1,"href":"https:\/\/www.celttv.com.ar\/index.php\/wp-json\/wp\/v2\/posts\/88602\/revisions"}],"predecessor-version":[{"id":88608,"href":"https:\/\/www.celttv.com.ar\/index.php\/wp-json\/wp\/v2\/posts\/88602\/revisions\/88608"}],"wp:featuredmedia":[{"embeddable":true,"href":"https:\/\/www.celttv.com.ar\/index.php\/wp-json\/wp\/v2\/media\/88604"}],"wp:attachment":[{"href":"https:\/\/www.celttv.com.ar\/index.php\/wp-json\/wp\/v2\/media?parent=88602"}],"wp:term":[{"taxonomy":"category","embeddable":true,"href":"https:\/\/www.celttv.com.ar\/index.php\/wp-json\/wp\/v2\/categories?post=88602"},{"taxonomy":"post_tag","embeddable":true,"href":"https:\/\/www.celttv.com.ar\/index.php\/wp-json\/wp\/v2\/tags?post=88602"}],"curies":[{"name":"wp","href":"https:\/\/api.w.org\/{rel}","templated":true}]}}