{"id":88609,"date":"2025-06-05T20:16:31","date_gmt":"2025-06-05T23:16:31","guid":{"rendered":"https:\/\/www.celttv.com.ar\/?p=88609"},"modified":"2025-06-05T20:16:31","modified_gmt":"2025-06-05T23:16:31","slug":"inicio-de-apertura-controlada-del-predio-del-club-hotel-de-la-ventana-para-residentes-de-villa-ventana","status":"publish","type":"post","link":"https:\/\/www.celttv.com.ar\/index.php\/2025\/06\/05\/inicio-de-apertura-controlada-del-predio-del-club-hotel-de-la-ventana-para-residentes-de-villa-ventana\/","title":{"rendered":"Inici\u00f3 de apertura controlada del predio del Club Hotel de la Ventana para residentes de Villa Ventana"},"content":{"rendered":"<p>La Secretar\u00eda de Turismo de Tornquist Municipio, informa a la comunidad que a partir del 4 de junio, qued\u00f3 habilitada la apertura controlada del predio del hist\u00f3rico Club Hotel de la Ventana, de forma exclusiva para vecinos con <strong>residencia en Villa Ventana<\/strong>.<\/p>\n<p>El ingreso al predio estar\u00e1 disponible de <strong>mi\u00e9rcoles a domingos<\/strong>, en el horario de <strong>10:00 a 16:45 horas<\/strong>.<\/p>\n<p>Durante esta primera semana, el <strong>registro de residentes<\/strong> que deseen visitar el lugar ser\u00e1 realizado por el personal asignado en la <strong>oficina de ingreso<\/strong>. Es indispensable que los visitantes se <strong>presenten con DNI<\/strong> y se anuncien al momento de llegar.<br \/>\nCabe destacar que <strong>el registro es \u00fanico<\/strong>, es decir, se realiza por \u00fanica vez para cada persona.<\/p>\n<p><strong><u>Protocolo de ingreso: <\/u><\/strong><\/p>\n<p>Con el objetivo de proteger el valor patrimonial, natural y la seguridad de las vecinos, se establece el siguiente protocolo para esta etapa inicial:<\/p>\n<ol>\n<li><strong> Horario de visita<\/strong><br \/>\nEl ingreso es gratuito y habilitado exclusivamente para residentes de Villa Ventana, de mi\u00e9rcoles a domingos, entre las 10:00 y las 16:45.<br \/>\nFuera de ese horario, el acceso estar\u00e1 restringido.<\/li>\n<li><strong> \u00c1reas habilitadas<\/strong><br \/>\nEl recorrido autorizado se limita al frente del edificio principal.<br \/>\nSe solicita a las personas visitantes <strong>mantenerse dentro de los caminos se\u00f1alizados<\/strong>, sin avanzar hacia zonas no habilitadas.<\/li>\n<li><strong> Ingreso vehicular<\/strong><br \/>\nNo se permite el ingreso con veh\u00edculos, salvo en <strong>casos excepcionales<\/strong> de personas con movilidad reducida, lo cual ser\u00e1 evaluado por el personal en el ingreso.<\/li>\n<li><strong> Menores de edad<\/strong><\/li>\n<\/ol>\n<ul>\n<li>Menores de 16 a\u00f1os deben estar <strong>acompa\u00f1ados por una persona adulta responsable<\/strong>.<\/li>\n<li>J\u00f3venes entre 16 y 18 a\u00f1os pueden ingresar sin acompa\u00f1ante solo si presentan una <strong>autorizaci\u00f3n escrita<\/strong>, donde un adulto asuma la responsabilidad ante posibles da\u00f1os. La autorizaci\u00f3n debe ser entregada en la oficina de ingreso por el mayor responsable.<\/li>\n<\/ul>\n<ol start=\"5\">\n<li><strong> Ingreso con mascotas<\/strong><br \/>\nEn esta primera etapa, <strong>no se permite el ingreso con mascotas<\/strong>.<\/li>\n<li><strong> Normas de conducta<\/strong><\/li>\n<\/ol>\n<ul>\n<li>Se permite realizar picnics y compartir mate \u00fanicamente dentro del \u00e1rea habilitada, respetando la limpieza y el entorno natural.<\/li>\n<li>Cada visitante debe <strong>retirar los residuos<\/strong> generados durante su estad\u00eda.<\/li>\n<li>Est\u00e1 prohibido treparse a estructuras, da\u00f1ar o intervenir los restos edilicios y patrimoniales.<\/li>\n<li>En d\u00edas de lluvia, el predio permanecer\u00e1 <strong>cerrado<\/strong>.<\/li>\n<li>No se permite encender fuego, arrojar basura ni realizar acciones que pongan en riesgo el lugar o a otras personas.<\/li>\n<\/ul>\n<p>Esta reapertura constituye un paso importante para reconectar a la comunidad con uno de los patrimonios m\u00e1s significativos de nuestro distrito y la regi\u00f3n. Agradecemos el compromiso de todos en respetar las normas y cuidar este valioso espacio.<\/p>\n<p><img loading=\"lazy\" decoding=\"async\" class=\"alignnone wp-image-88610 size-large\" src=\"https:\/\/www.celttv.com.ar\/wp-content\/uploads\/2025\/06\/club-hotel-de-la-ventana-2-Medium-1024x575.jpg\" alt=\"\" width=\"1024\" height=\"575\" srcset=\"https:\/\/www.celttv.com.ar\/wp-content\/uploads\/2025\/06\/club-hotel-de-la-ventana-2-Medium-1024x575.jpg 1024w, https:\/\/www.celttv.com.ar\/wp-content\/uploads\/2025\/06\/club-hotel-de-la-ventana-2-Medium-300x168.jpg 300w, https:\/\/www.celttv.com.ar\/wp-content\/uploads\/2025\/06\/club-hotel-de-la-ventana-2-Medium-768x431.jpg 768w, https:\/\/www.celttv.com.ar\/wp-content\/uploads\/2025\/06\/club-hotel-de-la-ventana-2-Medium-750x421.jpg 750w, https:\/\/www.celttv.com.ar\/wp-content\/uploads\/2025\/06\/club-hotel-de-la-ventana-2-Medium-1140x640.jpg 1140w, https:\/\/www.celttv.com.ar\/wp-content\/uploads\/2025\/06\/club-hotel-de-la-ventana-2-Medium.jpg 1366w\" sizes=\"auto, (max-width: 1024px) 100vw, 1024px\" \/><\/p>\n<p>&nbsp;<\/p>\n","protected":false},"excerpt":{"rendered":"<p>La Secretar\u00eda de Turismo de Tornquist Municipio, informa a la comunidad que a partir del 4 de junio, qued\u00f3 habilitada la apertura controlada del predio del hist\u00f3rico Club Hotel de la Ventana, de forma exclusiva para vecinos con residencia en Villa Ventana. El ingreso al predio estar\u00e1 disponible de mi\u00e9rcoles a domingos, en el horario [&hellip;]<\/p>\n","protected":false},"author":5,"featured_media":88610,"comment_status":"closed","ping_status":"closed","sticky":false,"template":"","format":"standard","meta":{"footnotes":""},"categories":[59,58],"tags":[],"class_list":["post-88609","post","type-post","status-publish","format-standard","has-post-thumbnail","hentry","category-municipales","category-turismo"],"yoast_head":"<!-- This site is optimized with the Yoast SEO plugin v19.7.1 - https:\/\/yoast.com\/wordpress\/plugins\/seo\/ -->\n<title>Inici\u00f3 de apertura controlada del predio del Club Hotel de la Ventana para residentes de Villa Ventana - CELTTV<\/title>\n<meta name=\"description\" content=\"Sitio web de noticias de la localidad de Tornquist, provincia de Buenos Aires, Rep\u00fablica Argentina. Contenido propio originado por periodistas de CELTTV, el canal de TV local de la Cooperativa El\u00e9ctrica de Tornquist. Turismo, Pol\u00edtica, Sociedad, Deporte, Cultura y todo el contenido de inter\u00e9s general que la gente del pueblo y la regi\u00f3n debe conocer.\" \/>\n<meta name=\"robots\" content=\"index, follow, max-snippet:-1, max-image-preview:large, max-video-preview:-1\" \/>\n<link rel=\"canonical\" href=\"https:\/\/www.celttv.com.ar\/index.php\/2025\/06\/05\/inicio-de-apertura-controlada-del-predio-del-club-hotel-de-la-ventana-para-residentes-de-villa-ventana\/\" \/>\n<meta property=\"og:locale\" content=\"es_ES\" \/>\n<meta property=\"og:type\" content=\"article\" \/>\n<meta property=\"og:title\" content=\"Inici\u00f3 de apertura controlada del predio del Club Hotel de la Ventana para residentes de Villa Ventana - CELTTV\" \/>\n<meta property=\"og:description\" content=\"Sitio web de noticias de la localidad de Tornquist, provincia de Buenos Aires, Rep\u00fablica Argentina. Contenido propio originado por periodistas de CELTTV, el canal de TV local de la Cooperativa El\u00e9ctrica de Tornquist. Turismo, Pol\u00edtica, Sociedad, Deporte, Cultura y todo el contenido de inter\u00e9s general que la gente del pueblo y la regi\u00f3n debe conocer.\" \/>\n<meta property=\"og:url\" content=\"https:\/\/www.celttv.com.ar\/index.php\/2025\/06\/05\/inicio-de-apertura-controlada-del-predio-del-club-hotel-de-la-ventana-para-residentes-de-villa-ventana\/\" \/>\n<meta property=\"og:site_name\" content=\"CELTTV\" \/>\n<meta property=\"article:publisher\" content=\"https:\/\/www.facebook.com\/celtTV\/\" \/>\n<meta property=\"article:published_time\" content=\"2025-06-05T23:16:31+00:00\" \/>\n<meta property=\"og:image\" content=\"https:\/\/www.celttv.com.ar\/wp-content\/uploads\/2025\/06\/club-hotel-de-la-ventana-2-Medium.jpg\" \/>\n\t<meta property=\"og:image:width\" content=\"1366\" \/>\n\t<meta property=\"og:image:height\" content=\"767\" \/>\n\t<meta property=\"og:image:type\" content=\"image\/jpeg\" \/>\n<meta name=\"author\" content=\"Miguel Herrada\" \/>\n<meta name=\"twitter:card\" content=\"summary_large_image\" \/>\n<meta name=\"twitter:label1\" content=\"Escrito por\" \/>\n\t<meta name=\"twitter:data1\" content=\"Miguel Herrada\" \/>\n\t<meta name=\"twitter:label2\" content=\"Tiempo de lectura\" \/>\n\t<meta name=\"twitter:data2\" content=\"2 minutos\" \/>\n<script type=\"application\/ld+json\" class=\"yoast-schema-graph\">{\"@context\":\"https:\/\/schema.org\",\"@graph\":[{\"@type\":\"NewsArticle\",\"@id\":\"https:\/\/www.celttv.com.ar\/index.php\/2025\/06\/05\/inicio-de-apertura-controlada-del-predio-del-club-hotel-de-la-ventana-para-residentes-de-villa-ventana\/#article\",\"isPartOf\":{\"@id\":\"https:\/\/www.celttv.com.ar\/index.php\/2025\/06\/05\/inicio-de-apertura-controlada-del-predio-del-club-hotel-de-la-ventana-para-residentes-de-villa-ventana\/\"},\"author\":{\"name\":\"Miguel Herrada\",\"@id\":\"https:\/\/www.celttv.com.ar\/#\/schema\/person\/9059dc91dc7204ef4182cdb65225f07d\"},\"headline\":\"Inici\u00f3 de apertura controlada del predio del Club Hotel de la Ventana para residentes de Villa Ventana\",\"datePublished\":\"2025-06-05T23:16:31+00:00\",\"dateModified\":\"2025-06-05T23:16:31+00:00\",\"mainEntityOfPage\":{\"@id\":\"https:\/\/www.celttv.com.ar\/index.php\/2025\/06\/05\/inicio-de-apertura-controlada-del-predio-del-club-hotel-de-la-ventana-para-residentes-de-villa-ventana\/\"},\"wordCount\":443,\"publisher\":{\"@id\":\"https:\/\/www.celttv.com.ar\/#organization\"},\"articleSection\":[\"Municipales\",\"Turismo\"],\"inLanguage\":\"es\"},{\"@type\":\"WebPage\",\"@id\":\"https:\/\/www.celttv.com.ar\/index.php\/2025\/06\/05\/inicio-de-apertura-controlada-del-predio-del-club-hotel-de-la-ventana-para-residentes-de-villa-ventana\/\",\"url\":\"https:\/\/www.celttv.com.ar\/index.php\/2025\/06\/05\/inicio-de-apertura-controlada-del-predio-del-club-hotel-de-la-ventana-para-residentes-de-villa-ventana\/\",\"name\":\"Inici\u00f3 de apertura controlada del predio del Club Hotel de la Ventana para residentes de Villa Ventana - CELTTV\",\"isPartOf\":{\"@id\":\"https:\/\/www.celttv.com.ar\/#website\"},\"datePublished\":\"2025-06-05T23:16:31+00:00\",\"dateModified\":\"2025-06-05T23:16:31+00:00\",\"description\":\"Sitio web de noticias de la localidad de Tornquist, provincia de Buenos Aires, Rep\u00fablica Argentina. Contenido propio originado por periodistas de CELTTV, el canal de TV local de la Cooperativa El\u00e9ctrica de Tornquist. Turismo, Pol\u00edtica, Sociedad, Deporte, Cultura y todo el contenido de inter\u00e9s general que la gente del pueblo y la regi\u00f3n debe conocer.\",\"breadcrumb\":{\"@id\":\"https:\/\/www.celttv.com.ar\/index.php\/2025\/06\/05\/inicio-de-apertura-controlada-del-predio-del-club-hotel-de-la-ventana-para-residentes-de-villa-ventana\/#breadcrumb\"},\"inLanguage\":\"es\",\"potentialAction\":[{\"@type\":\"ReadAction\",\"target\":[\"https:\/\/www.celttv.com.ar\/index.php\/2025\/06\/05\/inicio-de-apertura-controlada-del-predio-del-club-hotel-de-la-ventana-para-residentes-de-villa-ventana\/\"]}]},{\"@type\":\"BreadcrumbList\",\"@id\":\"https:\/\/www.celttv.com.ar\/index.php\/2025\/06\/05\/inicio-de-apertura-controlada-del-predio-del-club-hotel-de-la-ventana-para-residentes-de-villa-ventana\/#breadcrumb\",\"itemListElement\":[{\"@type\":\"ListItem\",\"position\":1,\"name\":\"Inicio\",\"item\":\"https:\/\/www.celttv.com.ar\/\"},{\"@type\":\"ListItem\",\"position\":2,\"name\":\"Inici\u00f3 de apertura controlada del predio del Club Hotel de la Ventana para residentes de Villa Ventana\"}]},{\"@type\":\"WebSite\",\"@id\":\"https:\/\/www.celttv.com.ar\/#website\",\"url\":\"https:\/\/www.celttv.com.ar\/\",\"name\":\"CELTTV\",\"description\":\"Cooperativa El\u00e9ctrica de Tornquist\",\"publisher\":{\"@id\":\"https:\/\/www.celttv.com.ar\/#organization\"},\"potentialAction\":[{\"@type\":\"SearchAction\",\"target\":{\"@type\":\"EntryPoint\",\"urlTemplate\":\"https:\/\/www.celttv.com.ar\/?s={search_term_string}\"},\"query-input\":\"required name=search_term_string\"}],\"inLanguage\":\"es\"},{\"@type\":\"Organization\",\"@id\":\"https:\/\/www.celttv.com.ar\/#organization\",\"name\":\"CELTTV\",\"url\":\"https:\/\/www.celttv.com.ar\/\",\"sameAs\":[\"https:\/\/www.youtube.com\/channel\/UCz_oIt8Hig64Ub-EmcNPIhg\",\"https:\/\/www.facebook.com\/celtTV\/\"],\"logo\":{\"@type\":\"ImageObject\",\"inLanguage\":\"es\",\"@id\":\"https:\/\/www.celttv.com.ar\/#\/schema\/logo\/image\/\",\"url\":\"http:\/\/www.celttv.com.ar\/wp-content\/uploads\/2022\/08\/logo-1.png\",\"contentUrl\":\"http:\/\/www.celttv.com.ar\/wp-content\/uploads\/2022\/08\/logo-1.png\",\"width\":461,\"height\":159,\"caption\":\"CELTTV\"},\"image\":{\"@id\":\"https:\/\/www.celttv.com.ar\/#\/schema\/logo\/image\/\"}},{\"@type\":\"Person\",\"@id\":\"https:\/\/www.celttv.com.ar\/#\/schema\/person\/9059dc91dc7204ef4182cdb65225f07d\",\"name\":\"Miguel Herrada\",\"image\":{\"@type\":\"ImageObject\",\"inLanguage\":\"es\",\"@id\":\"https:\/\/www.celttv.com.ar\/#\/schema\/person\/image\/\",\"url\":\"https:\/\/secure.gravatar.com\/avatar\/67724d5b3c716623ffd76bec7e45841a442ac3b456e914dbba90b0fad2b8e0b1?s=96&d=mm&r=g\",\"contentUrl\":\"https:\/\/secure.gravatar.com\/avatar\/67724d5b3c716623ffd76bec7e45841a442ac3b456e914dbba90b0fad2b8e0b1?s=96&d=mm&r=g\",\"caption\":\"Miguel Herrada\"}}]}<\/script>\n<!-- \/ Yoast SEO plugin. -->","yoast_head_json":{"title":"Inici\u00f3 de apertura controlada del predio del Club Hotel de la Ventana para residentes de Villa Ventana - CELTTV","description":"Sitio web de noticias de la localidad de Tornquist, provincia de Buenos Aires, Rep\u00fablica Argentina. Contenido propio originado por periodistas de CELTTV, el canal de TV local de la Cooperativa El\u00e9ctrica de Tornquist. Turismo, Pol\u00edtica, Sociedad, Deporte, Cultura y todo el contenido de inter\u00e9s general que la gente del pueblo y la regi\u00f3n debe conocer.","robots":{"index":"index","follow":"follow","max-snippet":"max-snippet:-1","max-image-preview":"max-image-preview:large","max-video-preview":"max-video-preview:-1"},"canonical":"https:\/\/www.celttv.com.ar\/index.php\/2025\/06\/05\/inicio-de-apertura-controlada-del-predio-del-club-hotel-de-la-ventana-para-residentes-de-villa-ventana\/","og_locale":"es_ES","og_type":"article","og_title":"Inici\u00f3 de apertura controlada del predio del Club Hotel de la Ventana para residentes de Villa Ventana - CELTTV","og_description":"Sitio web de noticias de la localidad de Tornquist, provincia de Buenos Aires, Rep\u00fablica Argentina. Contenido propio originado por periodistas de CELTTV, el canal de TV local de la Cooperativa El\u00e9ctrica de Tornquist. Turismo, Pol\u00edtica, Sociedad, Deporte, Cultura y todo el contenido de inter\u00e9s general que la gente del pueblo y la regi\u00f3n debe conocer.","og_url":"https:\/\/www.celttv.com.ar\/index.php\/2025\/06\/05\/inicio-de-apertura-controlada-del-predio-del-club-hotel-de-la-ventana-para-residentes-de-villa-ventana\/","og_site_name":"CELTTV","article_publisher":"https:\/\/www.facebook.com\/celtTV\/","article_published_time":"2025-06-05T23:16:31+00:00","og_image":[{"width":1366,"height":767,"url":"https:\/\/www.celttv.com.ar\/wp-content\/uploads\/2025\/06\/club-hotel-de-la-ventana-2-Medium.jpg","type":"image\/jpeg"}],"author":"Miguel Herrada","twitter_card":"summary_large_image","twitter_misc":{"Escrito por":"Miguel Herrada","Tiempo de lectura":"2 minutos"},"schema":{"@context":"https:\/\/schema.org","@graph":[{"@type":"NewsArticle","@id":"https:\/\/www.celttv.com.ar\/index.php\/2025\/06\/05\/inicio-de-apertura-controlada-del-predio-del-club-hotel-de-la-ventana-para-residentes-de-villa-ventana\/#article","isPartOf":{"@id":"https:\/\/www.celttv.com.ar\/index.php\/2025\/06\/05\/inicio-de-apertura-controlada-del-predio-del-club-hotel-de-la-ventana-para-residentes-de-villa-ventana\/"},"author":{"name":"Miguel Herrada","@id":"https:\/\/www.celttv.com.ar\/#\/schema\/person\/9059dc91dc7204ef4182cdb65225f07d"},"headline":"Inici\u00f3 de apertura controlada del predio del Club Hotel de la Ventana para residentes de Villa Ventana","datePublished":"2025-06-05T23:16:31+00:00","dateModified":"2025-06-05T23:16:31+00:00","mainEntityOfPage":{"@id":"https:\/\/www.celttv.com.ar\/index.php\/2025\/06\/05\/inicio-de-apertura-controlada-del-predio-del-club-hotel-de-la-ventana-para-residentes-de-villa-ventana\/"},"wordCount":443,"publisher":{"@id":"https:\/\/www.celttv.com.ar\/#organization"},"articleSection":["Municipales","Turismo"],"inLanguage":"es"},{"@type":"WebPage","@id":"https:\/\/www.celttv.com.ar\/index.php\/2025\/06\/05\/inicio-de-apertura-controlada-del-predio-del-club-hotel-de-la-ventana-para-residentes-de-villa-ventana\/","url":"https:\/\/www.celttv.com.ar\/index.php\/2025\/06\/05\/inicio-de-apertura-controlada-del-predio-del-club-hotel-de-la-ventana-para-residentes-de-villa-ventana\/","name":"Inici\u00f3 de apertura controlada del predio del Club Hotel de la Ventana para residentes de Villa Ventana - CELTTV","isPartOf":{"@id":"https:\/\/www.celttv.com.ar\/#website"},"datePublished":"2025-06-05T23:16:31+00:00","dateModified":"2025-06-05T23:16:31+00:00","description":"Sitio web de noticias de la localidad de Tornquist, provincia de Buenos Aires, Rep\u00fablica Argentina. Contenido propio originado por periodistas de CELTTV, el canal de TV local de la Cooperativa El\u00e9ctrica de Tornquist. Turismo, Pol\u00edtica, Sociedad, Deporte, Cultura y todo el contenido de inter\u00e9s general que la gente del pueblo y la regi\u00f3n debe conocer.","breadcrumb":{"@id":"https:\/\/www.celttv.com.ar\/index.php\/2025\/06\/05\/inicio-de-apertura-controlada-del-predio-del-club-hotel-de-la-ventana-para-residentes-de-villa-ventana\/#breadcrumb"},"inLanguage":"es","potentialAction":[{"@type":"ReadAction","target":["https:\/\/www.celttv.com.ar\/index.php\/2025\/06\/05\/inicio-de-apertura-controlada-del-predio-del-club-hotel-de-la-ventana-para-residentes-de-villa-ventana\/"]}]},{"@type":"BreadcrumbList","@id":"https:\/\/www.celttv.com.ar\/index.php\/2025\/06\/05\/inicio-de-apertura-controlada-del-predio-del-club-hotel-de-la-ventana-para-residentes-de-villa-ventana\/#breadcrumb","itemListElement":[{"@type":"ListItem","position":1,"name":"Inicio","item":"https:\/\/www.celttv.com.ar\/"},{"@type":"ListItem","position":2,"name":"Inici\u00f3 de apertura controlada del predio del Club Hotel de la Ventana para residentes de Villa Ventana"}]},{"@type":"WebSite","@id":"https:\/\/www.celttv.com.ar\/#website","url":"https:\/\/www.celttv.com.ar\/","name":"CELTTV","description":"Cooperativa El\u00e9ctrica de Tornquist","publisher":{"@id":"https:\/\/www.celttv.com.ar\/#organization"},"potentialAction":[{"@type":"SearchAction","target":{"@type":"EntryPoint","urlTemplate":"https:\/\/www.celttv.com.ar\/?s={search_term_string}"},"query-input":"required name=search_term_string"}],"inLanguage":"es"},{"@type":"Organization","@id":"https:\/\/www.celttv.com.ar\/#organization","name":"CELTTV","url":"https:\/\/www.celttv.com.ar\/","sameAs":["https:\/\/www.youtube.com\/channel\/UCz_oIt8Hig64Ub-EmcNPIhg","https:\/\/www.facebook.com\/celtTV\/"],"logo":{"@type":"ImageObject","inLanguage":"es","@id":"https:\/\/www.celttv.com.ar\/#\/schema\/logo\/image\/","url":"http:\/\/www.celttv.com.ar\/wp-content\/uploads\/2022\/08\/logo-1.png","contentUrl":"http:\/\/www.celttv.com.ar\/wp-content\/uploads\/2022\/08\/logo-1.png","width":461,"height":159,"caption":"CELTTV"},"image":{"@id":"https:\/\/www.celttv.com.ar\/#\/schema\/logo\/image\/"}},{"@type":"Person","@id":"https:\/\/www.celttv.com.ar\/#\/schema\/person\/9059dc91dc7204ef4182cdb65225f07d","name":"Miguel Herrada","image":{"@type":"ImageObject","inLanguage":"es","@id":"https:\/\/www.celttv.com.ar\/#\/schema\/person\/image\/","url":"https:\/\/secure.gravatar.com\/avatar\/67724d5b3c716623ffd76bec7e45841a442ac3b456e914dbba90b0fad2b8e0b1?s=96&d=mm&r=g","contentUrl":"https:\/\/secure.gravatar.com\/avatar\/67724d5b3c716623ffd76bec7e45841a442ac3b456e914dbba90b0fad2b8e0b1?s=96&d=mm&r=g","caption":"Miguel Herrada"}}]}},"_links":{"self":[{"href":"https:\/\/www.celttv.com.ar\/index.php\/wp-json\/wp\/v2\/posts\/88609","targetHints":{"allow":["GET"]}}],"collection":[{"href":"https:\/\/www.celttv.com.ar\/index.php\/wp-json\/wp\/v2\/posts"}],"about":[{"href":"https:\/\/www.celttv.com.ar\/index.php\/wp-json\/wp\/v2\/types\/post"}],"author":[{"embeddable":true,"href":"https:\/\/www.celttv.com.ar\/index.php\/wp-json\/wp\/v2\/users\/5"}],"replies":[{"embeddable":true,"href":"https:\/\/www.celttv.com.ar\/index.php\/wp-json\/wp\/v2\/comments?post=88609"}],"version-history":[{"count":1,"href":"https:\/\/www.celttv.com.ar\/index.php\/wp-json\/wp\/v2\/posts\/88609\/revisions"}],"predecessor-version":[{"id":88611,"href":"https:\/\/www.celttv.com.ar\/index.php\/wp-json\/wp\/v2\/posts\/88609\/revisions\/88611"}],"wp:featuredmedia":[{"embeddable":true,"href":"https:\/\/www.celttv.com.ar\/index.php\/wp-json\/wp\/v2\/media\/88610"}],"wp:attachment":[{"href":"https:\/\/www.celttv.com.ar\/index.php\/wp-json\/wp\/v2\/media?parent=88609"}],"wp:term":[{"taxonomy":"category","embeddable":true,"href":"https:\/\/www.celttv.com.ar\/index.php\/wp-json\/wp\/v2\/categories?post=88609"},{"taxonomy":"post_tag","embeddable":true,"href":"https:\/\/www.celttv.com.ar\/index.php\/wp-json\/wp\/v2\/tags?post=88609"}],"curies":[{"name":"wp","href":"https:\/\/api.w.org\/{rel}","templated":true}]}}