{"id":88666,"date":"2025-06-12T20:02:15","date_gmt":"2025-06-12T23:02:15","guid":{"rendered":"https:\/\/www.celttv.com.ar\/?p=88666"},"modified":"2025-06-12T20:02:15","modified_gmt":"2025-06-12T23:02:15","slug":"celttv-noticias-la-preocupante-situacion-de-la-ruta-33-edicion-12-06-25","status":"publish","type":"post","link":"https:\/\/www.celttv.com.ar\/index.php\/2025\/06\/12\/celttv-noticias-la-preocupante-situacion-de-la-ruta-33-edicion-12-06-25\/","title":{"rendered":"CELTTV Noticias: La preocupante situaci\u00f3n de la Ruta 33 (edici\u00f3n 12-06-25)"},"content":{"rendered":"<p>CELTTV Noticias: edici\u00f3n del jueves 12-06-25<\/p>\n<p>La preocupante situaci\u00f3n de la Ruta Nacional 33, tramo Tornquist-Bah\u00eda Blanca, uno de los temas abordados, con la presencia de las vecinas Marta Aguirre y Ver\u00f3nica Folco, quienes se ocuparon de juntar firmas y visibilizar la problem\u00e1tica enviando un petitorio al Honorable Concejo Deliberante y contin\u00faan realizando distintas gestiones aguardando una respuesta a esta situaci\u00f3n que involucra a toda una basta regi\u00f3n.<\/p>\n<p><img loading=\"lazy\" decoding=\"async\" class=\"alignnone wp-image-88667 size-full\" src=\"https:\/\/www.celttv.com.ar\/wp-content\/uploads\/2025\/06\/RUTA-33.jpg\" alt=\"\" width=\"855\" height=\"557\" srcset=\"https:\/\/www.celttv.com.ar\/wp-content\/uploads\/2025\/06\/RUTA-33.jpg 855w, https:\/\/www.celttv.com.ar\/wp-content\/uploads\/2025\/06\/RUTA-33-300x195.jpg 300w, https:\/\/www.celttv.com.ar\/wp-content\/uploads\/2025\/06\/RUTA-33-768x500.jpg 768w, https:\/\/www.celttv.com.ar\/wp-content\/uploads\/2025\/06\/RUTA-33-750x489.jpg 750w\" sizes=\"auto, (max-width: 855px) 100vw, 855px\" \/><\/p>\n<p><iframe loading=\"lazy\" title=\"2025-06-12 CELT TV NOTICIAS\" width=\"500\" height=\"375\" src=\"https:\/\/www.youtube.com\/embed\/_hYcS3bEGbA?feature=oembed\" frameborder=\"0\" allow=\"accelerometer; autoplay; clipboard-write; encrypted-media; gyroscope; picture-in-picture; web-share\" referrerpolicy=\"strict-origin-when-cross-origin\" allowfullscreen><\/iframe><\/p>\n","protected":false},"excerpt":{"rendered":"<p>CELTTV Noticias: edici\u00f3n del jueves 12-06-25 La preocupante situaci\u00f3n de la Ruta Nacional 33, tramo Tornquist-Bah\u00eda Blanca, uno de los temas abordados, con la presencia de las vecinas Marta Aguirre y Ver\u00f3nica Folco, quienes se ocuparon de juntar firmas y visibilizar la problem\u00e1tica enviando un petitorio al Honorable Concejo Deliberante y contin\u00faan realizando distintas gestiones [&hellip;]<\/p>\n","protected":false},"author":5,"featured_media":88667,"comment_status":"closed","ping_status":"closed","sticky":false,"template":"","format":"standard","meta":{"footnotes":""},"categories":[55,51],"tags":[],"class_list":["post-88666","post","type-post","status-publish","format-standard","has-post-thumbnail","hentry","category-celt-tv-noticias","category-comunidad"],"yoast_head":"<!-- This site is optimized with the Yoast SEO plugin v19.7.1 - https:\/\/yoast.com\/wordpress\/plugins\/seo\/ -->\n<title>CELTTV Noticias: La preocupante situaci\u00f3n de la Ruta 33 (edici\u00f3n 12-06-25) - CELTTV<\/title>\n<meta name=\"description\" content=\"Sitio web de noticias de la localidad de Tornquist, provincia de Buenos Aires, Rep\u00fablica Argentina. Contenido propio originado por periodistas de CELTTV, el canal de TV local de la Cooperativa El\u00e9ctrica de Tornquist. Turismo, Pol\u00edtica, Sociedad, Deporte, Cultura y todo el contenido de inter\u00e9s general que la gente del pueblo y la regi\u00f3n debe conocer.\" \/>\n<meta name=\"robots\" content=\"index, follow, max-snippet:-1, max-image-preview:large, max-video-preview:-1\" \/>\n<link rel=\"canonical\" href=\"https:\/\/www.celttv.com.ar\/index.php\/2025\/06\/12\/celttv-noticias-la-preocupante-situacion-de-la-ruta-33-edicion-12-06-25\/\" \/>\n<meta property=\"og:locale\" content=\"es_ES\" \/>\n<meta property=\"og:type\" content=\"article\" \/>\n<meta property=\"og:title\" content=\"CELTTV Noticias: La preocupante situaci\u00f3n de la Ruta 33 (edici\u00f3n 12-06-25) - CELTTV\" \/>\n<meta property=\"og:description\" content=\"Sitio web de noticias de la localidad de Tornquist, provincia de Buenos Aires, Rep\u00fablica Argentina. Contenido propio originado por periodistas de CELTTV, el canal de TV local de la Cooperativa El\u00e9ctrica de Tornquist. Turismo, Pol\u00edtica, Sociedad, Deporte, Cultura y todo el contenido de inter\u00e9s general que la gente del pueblo y la regi\u00f3n debe conocer.\" \/>\n<meta property=\"og:url\" content=\"https:\/\/www.celttv.com.ar\/index.php\/2025\/06\/12\/celttv-noticias-la-preocupante-situacion-de-la-ruta-33-edicion-12-06-25\/\" \/>\n<meta property=\"og:site_name\" content=\"CELTTV\" \/>\n<meta property=\"article:publisher\" content=\"https:\/\/www.facebook.com\/celtTV\/\" \/>\n<meta property=\"article:published_time\" content=\"2025-06-12T23:02:15+00:00\" \/>\n<meta property=\"og:image\" content=\"https:\/\/www.celttv.com.ar\/wp-content\/uploads\/2025\/06\/RUTA-33.jpg\" \/>\n\t<meta property=\"og:image:width\" content=\"855\" \/>\n\t<meta property=\"og:image:height\" content=\"557\" \/>\n\t<meta property=\"og:image:type\" content=\"image\/jpeg\" \/>\n<meta name=\"author\" content=\"Miguel Herrada\" \/>\n<meta name=\"twitter:card\" content=\"summary_large_image\" \/>\n<meta name=\"twitter:label1\" content=\"Escrito por\" \/>\n\t<meta name=\"twitter:data1\" content=\"Miguel Herrada\" \/>\n<script type=\"application\/ld+json\" class=\"yoast-schema-graph\">{\"@context\":\"https:\/\/schema.org\",\"@graph\":[{\"@type\":\"NewsArticle\",\"@id\":\"https:\/\/www.celttv.com.ar\/index.php\/2025\/06\/12\/celttv-noticias-la-preocupante-situacion-de-la-ruta-33-edicion-12-06-25\/#article\",\"isPartOf\":{\"@id\":\"https:\/\/www.celttv.com.ar\/index.php\/2025\/06\/12\/celttv-noticias-la-preocupante-situacion-de-la-ruta-33-edicion-12-06-25\/\"},\"author\":{\"name\":\"Miguel Herrada\",\"@id\":\"https:\/\/www.celttv.com.ar\/#\/schema\/person\/9059dc91dc7204ef4182cdb65225f07d\"},\"headline\":\"CELTTV Noticias: La preocupante situaci\u00f3n de la Ruta 33 (edici\u00f3n 12-06-25)\",\"datePublished\":\"2025-06-12T23:02:15+00:00\",\"dateModified\":\"2025-06-12T23:02:15+00:00\",\"mainEntityOfPage\":{\"@id\":\"https:\/\/www.celttv.com.ar\/index.php\/2025\/06\/12\/celttv-noticias-la-preocupante-situacion-de-la-ruta-33-edicion-12-06-25\/\"},\"wordCount\":94,\"publisher\":{\"@id\":\"https:\/\/www.celttv.com.ar\/#organization\"},\"articleSection\":[\"Celt TV Noticias\",\"Comunidad\"],\"inLanguage\":\"es\"},{\"@type\":\"WebPage\",\"@id\":\"https:\/\/www.celttv.com.ar\/index.php\/2025\/06\/12\/celttv-noticias-la-preocupante-situacion-de-la-ruta-33-edicion-12-06-25\/\",\"url\":\"https:\/\/www.celttv.com.ar\/index.php\/2025\/06\/12\/celttv-noticias-la-preocupante-situacion-de-la-ruta-33-edicion-12-06-25\/\",\"name\":\"CELTTV Noticias: La preocupante situaci\u00f3n de la Ruta 33 (edici\u00f3n 12-06-25) - CELTTV\",\"isPartOf\":{\"@id\":\"https:\/\/www.celttv.com.ar\/#website\"},\"datePublished\":\"2025-06-12T23:02:15+00:00\",\"dateModified\":\"2025-06-12T23:02:15+00:00\",\"description\":\"Sitio web de noticias de la localidad de Tornquist, provincia de Buenos Aires, Rep\u00fablica Argentina. Contenido propio originado por periodistas de CELTTV, el canal de TV local de la Cooperativa El\u00e9ctrica de Tornquist. Turismo, Pol\u00edtica, Sociedad, Deporte, Cultura y todo el contenido de inter\u00e9s general que la gente del pueblo y la regi\u00f3n debe conocer.\",\"breadcrumb\":{\"@id\":\"https:\/\/www.celttv.com.ar\/index.php\/2025\/06\/12\/celttv-noticias-la-preocupante-situacion-de-la-ruta-33-edicion-12-06-25\/#breadcrumb\"},\"inLanguage\":\"es\",\"potentialAction\":[{\"@type\":\"ReadAction\",\"target\":[\"https:\/\/www.celttv.com.ar\/index.php\/2025\/06\/12\/celttv-noticias-la-preocupante-situacion-de-la-ruta-33-edicion-12-06-25\/\"]}]},{\"@type\":\"BreadcrumbList\",\"@id\":\"https:\/\/www.celttv.com.ar\/index.php\/2025\/06\/12\/celttv-noticias-la-preocupante-situacion-de-la-ruta-33-edicion-12-06-25\/#breadcrumb\",\"itemListElement\":[{\"@type\":\"ListItem\",\"position\":1,\"name\":\"Inicio\",\"item\":\"https:\/\/www.celttv.com.ar\/\"},{\"@type\":\"ListItem\",\"position\":2,\"name\":\"CELTTV Noticias: La preocupante situaci\u00f3n de la Ruta 33 (edici\u00f3n 12-06-25)\"}]},{\"@type\":\"WebSite\",\"@id\":\"https:\/\/www.celttv.com.ar\/#website\",\"url\":\"https:\/\/www.celttv.com.ar\/\",\"name\":\"CELTTV\",\"description\":\"Cooperativa El\u00e9ctrica de Tornquist\",\"publisher\":{\"@id\":\"https:\/\/www.celttv.com.ar\/#organization\"},\"potentialAction\":[{\"@type\":\"SearchAction\",\"target\":{\"@type\":\"EntryPoint\",\"urlTemplate\":\"https:\/\/www.celttv.com.ar\/?s={search_term_string}\"},\"query-input\":\"required name=search_term_string\"}],\"inLanguage\":\"es\"},{\"@type\":\"Organization\",\"@id\":\"https:\/\/www.celttv.com.ar\/#organization\",\"name\":\"CELTTV\",\"url\":\"https:\/\/www.celttv.com.ar\/\",\"sameAs\":[\"https:\/\/www.youtube.com\/channel\/UCz_oIt8Hig64Ub-EmcNPIhg\",\"https:\/\/www.facebook.com\/celtTV\/\"],\"logo\":{\"@type\":\"ImageObject\",\"inLanguage\":\"es\",\"@id\":\"https:\/\/www.celttv.com.ar\/#\/schema\/logo\/image\/\",\"url\":\"http:\/\/www.celttv.com.ar\/wp-content\/uploads\/2022\/08\/logo-1.png\",\"contentUrl\":\"http:\/\/www.celttv.com.ar\/wp-content\/uploads\/2022\/08\/logo-1.png\",\"width\":461,\"height\":159,\"caption\":\"CELTTV\"},\"image\":{\"@id\":\"https:\/\/www.celttv.com.ar\/#\/schema\/logo\/image\/\"}},{\"@type\":\"Person\",\"@id\":\"https:\/\/www.celttv.com.ar\/#\/schema\/person\/9059dc91dc7204ef4182cdb65225f07d\",\"name\":\"Miguel Herrada\",\"image\":{\"@type\":\"ImageObject\",\"inLanguage\":\"es\",\"@id\":\"https:\/\/www.celttv.com.ar\/#\/schema\/person\/image\/\",\"url\":\"https:\/\/secure.gravatar.com\/avatar\/67724d5b3c716623ffd76bec7e45841a442ac3b456e914dbba90b0fad2b8e0b1?s=96&d=mm&r=g\",\"contentUrl\":\"https:\/\/secure.gravatar.com\/avatar\/67724d5b3c716623ffd76bec7e45841a442ac3b456e914dbba90b0fad2b8e0b1?s=96&d=mm&r=g\",\"caption\":\"Miguel Herrada\"}}]}<\/script>\n<!-- \/ Yoast SEO plugin. -->","yoast_head_json":{"title":"CELTTV Noticias: La preocupante situaci\u00f3n de la Ruta 33 (edici\u00f3n 12-06-25) - CELTTV","description":"Sitio web de noticias de la localidad de Tornquist, provincia de Buenos Aires, Rep\u00fablica Argentina. Contenido propio originado por periodistas de CELTTV, el canal de TV local de la Cooperativa El\u00e9ctrica de Tornquist. Turismo, Pol\u00edtica, Sociedad, Deporte, Cultura y todo el contenido de inter\u00e9s general que la gente del pueblo y la regi\u00f3n debe conocer.","robots":{"index":"index","follow":"follow","max-snippet":"max-snippet:-1","max-image-preview":"max-image-preview:large","max-video-preview":"max-video-preview:-1"},"canonical":"https:\/\/www.celttv.com.ar\/index.php\/2025\/06\/12\/celttv-noticias-la-preocupante-situacion-de-la-ruta-33-edicion-12-06-25\/","og_locale":"es_ES","og_type":"article","og_title":"CELTTV Noticias: La preocupante situaci\u00f3n de la Ruta 33 (edici\u00f3n 12-06-25) - CELTTV","og_description":"Sitio web de noticias de la localidad de Tornquist, provincia de Buenos Aires, Rep\u00fablica Argentina. Contenido propio originado por periodistas de CELTTV, el canal de TV local de la Cooperativa El\u00e9ctrica de Tornquist. Turismo, Pol\u00edtica, Sociedad, Deporte, Cultura y todo el contenido de inter\u00e9s general que la gente del pueblo y la regi\u00f3n debe conocer.","og_url":"https:\/\/www.celttv.com.ar\/index.php\/2025\/06\/12\/celttv-noticias-la-preocupante-situacion-de-la-ruta-33-edicion-12-06-25\/","og_site_name":"CELTTV","article_publisher":"https:\/\/www.facebook.com\/celtTV\/","article_published_time":"2025-06-12T23:02:15+00:00","og_image":[{"width":855,"height":557,"url":"https:\/\/www.celttv.com.ar\/wp-content\/uploads\/2025\/06\/RUTA-33.jpg","type":"image\/jpeg"}],"author":"Miguel Herrada","twitter_card":"summary_large_image","twitter_misc":{"Escrito por":"Miguel Herrada"},"schema":{"@context":"https:\/\/schema.org","@graph":[{"@type":"NewsArticle","@id":"https:\/\/www.celttv.com.ar\/index.php\/2025\/06\/12\/celttv-noticias-la-preocupante-situacion-de-la-ruta-33-edicion-12-06-25\/#article","isPartOf":{"@id":"https:\/\/www.celttv.com.ar\/index.php\/2025\/06\/12\/celttv-noticias-la-preocupante-situacion-de-la-ruta-33-edicion-12-06-25\/"},"author":{"name":"Miguel Herrada","@id":"https:\/\/www.celttv.com.ar\/#\/schema\/person\/9059dc91dc7204ef4182cdb65225f07d"},"headline":"CELTTV Noticias: La preocupante situaci\u00f3n de la Ruta 33 (edici\u00f3n 12-06-25)","datePublished":"2025-06-12T23:02:15+00:00","dateModified":"2025-06-12T23:02:15+00:00","mainEntityOfPage":{"@id":"https:\/\/www.celttv.com.ar\/index.php\/2025\/06\/12\/celttv-noticias-la-preocupante-situacion-de-la-ruta-33-edicion-12-06-25\/"},"wordCount":94,"publisher":{"@id":"https:\/\/www.celttv.com.ar\/#organization"},"articleSection":["Celt TV Noticias","Comunidad"],"inLanguage":"es"},{"@type":"WebPage","@id":"https:\/\/www.celttv.com.ar\/index.php\/2025\/06\/12\/celttv-noticias-la-preocupante-situacion-de-la-ruta-33-edicion-12-06-25\/","url":"https:\/\/www.celttv.com.ar\/index.php\/2025\/06\/12\/celttv-noticias-la-preocupante-situacion-de-la-ruta-33-edicion-12-06-25\/","name":"CELTTV Noticias: La preocupante situaci\u00f3n de la Ruta 33 (edici\u00f3n 12-06-25) - CELTTV","isPartOf":{"@id":"https:\/\/www.celttv.com.ar\/#website"},"datePublished":"2025-06-12T23:02:15+00:00","dateModified":"2025-06-12T23:02:15+00:00","description":"Sitio web de noticias de la localidad de Tornquist, provincia de Buenos Aires, Rep\u00fablica Argentina. Contenido propio originado por periodistas de CELTTV, el canal de TV local de la Cooperativa El\u00e9ctrica de Tornquist. Turismo, Pol\u00edtica, Sociedad, Deporte, Cultura y todo el contenido de inter\u00e9s general que la gente del pueblo y la regi\u00f3n debe conocer.","breadcrumb":{"@id":"https:\/\/www.celttv.com.ar\/index.php\/2025\/06\/12\/celttv-noticias-la-preocupante-situacion-de-la-ruta-33-edicion-12-06-25\/#breadcrumb"},"inLanguage":"es","potentialAction":[{"@type":"ReadAction","target":["https:\/\/www.celttv.com.ar\/index.php\/2025\/06\/12\/celttv-noticias-la-preocupante-situacion-de-la-ruta-33-edicion-12-06-25\/"]}]},{"@type":"BreadcrumbList","@id":"https:\/\/www.celttv.com.ar\/index.php\/2025\/06\/12\/celttv-noticias-la-preocupante-situacion-de-la-ruta-33-edicion-12-06-25\/#breadcrumb","itemListElement":[{"@type":"ListItem","position":1,"name":"Inicio","item":"https:\/\/www.celttv.com.ar\/"},{"@type":"ListItem","position":2,"name":"CELTTV Noticias: La preocupante situaci\u00f3n de la Ruta 33 (edici\u00f3n 12-06-25)"}]},{"@type":"WebSite","@id":"https:\/\/www.celttv.com.ar\/#website","url":"https:\/\/www.celttv.com.ar\/","name":"CELTTV","description":"Cooperativa El\u00e9ctrica de Tornquist","publisher":{"@id":"https:\/\/www.celttv.com.ar\/#organization"},"potentialAction":[{"@type":"SearchAction","target":{"@type":"EntryPoint","urlTemplate":"https:\/\/www.celttv.com.ar\/?s={search_term_string}"},"query-input":"required name=search_term_string"}],"inLanguage":"es"},{"@type":"Organization","@id":"https:\/\/www.celttv.com.ar\/#organization","name":"CELTTV","url":"https:\/\/www.celttv.com.ar\/","sameAs":["https:\/\/www.youtube.com\/channel\/UCz_oIt8Hig64Ub-EmcNPIhg","https:\/\/www.facebook.com\/celtTV\/"],"logo":{"@type":"ImageObject","inLanguage":"es","@id":"https:\/\/www.celttv.com.ar\/#\/schema\/logo\/image\/","url":"http:\/\/www.celttv.com.ar\/wp-content\/uploads\/2022\/08\/logo-1.png","contentUrl":"http:\/\/www.celttv.com.ar\/wp-content\/uploads\/2022\/08\/logo-1.png","width":461,"height":159,"caption":"CELTTV"},"image":{"@id":"https:\/\/www.celttv.com.ar\/#\/schema\/logo\/image\/"}},{"@type":"Person","@id":"https:\/\/www.celttv.com.ar\/#\/schema\/person\/9059dc91dc7204ef4182cdb65225f07d","name":"Miguel Herrada","image":{"@type":"ImageObject","inLanguage":"es","@id":"https:\/\/www.celttv.com.ar\/#\/schema\/person\/image\/","url":"https:\/\/secure.gravatar.com\/avatar\/67724d5b3c716623ffd76bec7e45841a442ac3b456e914dbba90b0fad2b8e0b1?s=96&d=mm&r=g","contentUrl":"https:\/\/secure.gravatar.com\/avatar\/67724d5b3c716623ffd76bec7e45841a442ac3b456e914dbba90b0fad2b8e0b1?s=96&d=mm&r=g","caption":"Miguel Herrada"}}]}},"_links":{"self":[{"href":"https:\/\/www.celttv.com.ar\/index.php\/wp-json\/wp\/v2\/posts\/88666","targetHints":{"allow":["GET"]}}],"collection":[{"href":"https:\/\/www.celttv.com.ar\/index.php\/wp-json\/wp\/v2\/posts"}],"about":[{"href":"https:\/\/www.celttv.com.ar\/index.php\/wp-json\/wp\/v2\/types\/post"}],"author":[{"embeddable":true,"href":"https:\/\/www.celttv.com.ar\/index.php\/wp-json\/wp\/v2\/users\/5"}],"replies":[{"embeddable":true,"href":"https:\/\/www.celttv.com.ar\/index.php\/wp-json\/wp\/v2\/comments?post=88666"}],"version-history":[{"count":1,"href":"https:\/\/www.celttv.com.ar\/index.php\/wp-json\/wp\/v2\/posts\/88666\/revisions"}],"predecessor-version":[{"id":88668,"href":"https:\/\/www.celttv.com.ar\/index.php\/wp-json\/wp\/v2\/posts\/88666\/revisions\/88668"}],"wp:featuredmedia":[{"embeddable":true,"href":"https:\/\/www.celttv.com.ar\/index.php\/wp-json\/wp\/v2\/media\/88667"}],"wp:attachment":[{"href":"https:\/\/www.celttv.com.ar\/index.php\/wp-json\/wp\/v2\/media?parent=88666"}],"wp:term":[{"taxonomy":"category","embeddable":true,"href":"https:\/\/www.celttv.com.ar\/index.php\/wp-json\/wp\/v2\/categories?post=88666"},{"taxonomy":"post_tag","embeddable":true,"href":"https:\/\/www.celttv.com.ar\/index.php\/wp-json\/wp\/v2\/tags?post=88666"}],"curies":[{"name":"wp","href":"https:\/\/api.w.org\/{rel}","templated":true}]}}