{"id":887,"date":"2011-08-18T18:59:01","date_gmt":"2011-08-18T18:59:01","guid":{"rendered":"http:\/\/www.tvcnoticias.com.ar\/?p=887"},"modified":"2011-08-18T18:59:01","modified_gmt":"2011-08-18T18:59:01","slug":"en-el-teatro-rodolfo-funke-se-realizo-el-acto-de-homenaje-al-gral-don-jose-de-san-martin","status":"publish","type":"post","link":"https:\/\/www.celttv.com.ar\/index.php\/2011\/08\/18\/en-el-teatro-rodolfo-funke-se-realizo-el-acto-de-homenaje-al-gral-don-jose-de-san-martin\/","title":{"rendered":"HOMENAJE AL GRAL. JOSE DE SAN MARTIN (6 videos del acto realizado en el Teatro Funke)"},"content":{"rendered":"<p><a rel=\"attachment wp-att-888\" href=\"http:\/\/www.tvcnoticias.com.ar\/?attachment_id=888\"><img loading=\"lazy\" decoding=\"async\" class=\"aligncenter size-full wp-image-888\" title=\"&lt;Samsung D75&gt;\" src=\"http:\/\/www.tvcnoticias.com.ar\/wp-content\/uploads\/2011\/08\/ACTO-SAN-MARTIN-2-Small.jpg\" alt=\"\" width=\"512\" height=\"480\" \/><\/a>El intendente municipal, Lic. Gustavo Trankels, presidi\u00f3 ayer el acto oficial de conmemoraci\u00f3n del 161\u00ba aniversario del fallecimiento del General Don Jos\u00e9 de San Mart\u00edn, organizado por el Jard\u00edn de Infantes 901 \u201cConstancio C. Vigil\u201d, y que tuvo lugar en el Teatro Municipal \u201cRodolfo Funke\u201d.<br \/>\nLa Directora de Cultura municipal, Prof. Andrea Camus, manifest\u00f3: \u201c\u201cEs muy emocionante recordar la figura del General San Mart\u00edn quien hace 161 a\u00f1os,\u00a0 despu\u00e9s de una vida al servicio de la libertad, la independencia nacional, y la unidad de Latinoam\u00e9rica, iniciaba su paso a la inmortalidad. Por su ejemplo, su valor y su legado hist\u00f3rico, pol\u00edtico y moral\u00a0 todos llevamos en el recuerdo al Padre de la Patria\u201d.<br \/>\nEl acto se inici\u00f3 con la entonaci\u00f3n del Himno Nacional a cargo del cantante local Jonathan Rond\u00e1n, posteriormente se realizo\u00a0 la colocaci\u00f3n de ofrendas florales al busto que recuerda al pr\u00f3cer. Seguidamente la int\u00e9rprete tornquistense Adriana Antivero cant\u00f3 la tradicional marcha de San Lorenzo, acompa\u00f1ada\u00a0 en el teclado por Carlos Polak.<br \/>\n\u00a0Tambi\u00e9n brindaron palabras alusivas la Inspectora de Nivel Inicial, Adriana\u00a0 Muscillo y la Directora del Jard\u00edn organizador, Mar\u00eda Rosa Gonz\u00e1lez.<br \/>\nParticiparon del homenaje al General Jos\u00e9 de San Mart\u00edn autoridades municipales, cura p\u00e1rroco Norberto L\u00f3pez, instituciones, abanderados y alumnos de distintas escuelas y vecinos.<br \/>\n<a rel=\"attachment wp-att-889\" href=\"http:\/\/www.tvcnoticias.com.ar\/?attachment_id=889\"><img loading=\"lazy\" decoding=\"async\" class=\"aligncenter size-full wp-image-889\" title=\"&lt;Samsung D75&gt;\" src=\"http:\/\/www.tvcnoticias.com.ar\/wp-content\/uploads\/2011\/08\/ACTO-SAN-MARTIN-1-Small.jpg\" alt=\"\" width=\"444\" height=\"319\" \/><\/a><br \/>\n<a href=\"http:\/\/www.youtube.com\/watch?v=gPKX9YKH4DQ\">httpv:\/\/www.youtube.com\/watch?v=gPKX9YKH4DQ<\/a><br \/>\n<a href=\"http:\/\/www.youtube.com\/watch?v=pgT-8MM7pkg\">httpv:\/\/www.youtube.com\/watch?v=pgT-8MM7pkg<\/a><br \/>\n<a href=\"http:\/\/www.youtube.com\/watch?v=mb6N7UPeB5w\">httpv:\/\/www.youtube.com\/watch?v=mb6N7UPeB5w<\/a><br \/>\n<a href=\"http:\/\/www.youtube.com\/watch?v=7ERrMLth3vs\">httpv:\/\/www.youtube.com\/watch?v=7ERrMLth3vs<\/a><br \/>\n<a href=\"http:\/\/www.youtube.com\/watch?v=RZRFbQZGT1Q\">httpv:\/\/www.youtube.com\/watch?v=RZRFbQZGT1Q<\/a><br \/>\n<a>httpv:\/\/www.youtube.com\/watch?v=TL-8FC3MsZI<\/a><\/p>\n","protected":false},"excerpt":{"rendered":"<p>El intendente municipal, Lic. Gustavo Trankels, presidi\u00f3 ayer el acto oficial de conmemoraci\u00f3n del 161\u00ba aniversario del fallecimiento del General Don Jos\u00e9 de San Mart\u00edn, organizado por el Jard\u00edn de Infantes 901 \u201cConstancio C. Vigil\u201d, y que tuvo lugar en el Teatro Municipal \u201cRodolfo Funke\u201d. La Directora de Cultura municipal, Prof. Andrea Camus, manifest\u00f3: \u201c\u201cEs [&hellip;]<\/p>\n","protected":false},"author":1,"featured_media":0,"comment_status":"closed","ping_status":"open","sticky":false,"template":"","format":"standard","meta":{"footnotes":""},"categories":[51,52,53,64],"tags":[],"class_list":["post-887","post","type-post","status-publish","format-standard","hentry","category-comunidad","category-destacadas","category-politica","category-videos-destacados"],"yoast_head":"<!-- This site is optimized with the Yoast SEO plugin v19.7.1 - https:\/\/yoast.com\/wordpress\/plugins\/seo\/ -->\n<title>HOMENAJE AL GRAL. JOSE DE SAN MARTIN (6 videos del acto realizado en el Teatro Funke) - CELTTV<\/title>\n<meta name=\"description\" content=\"Sitio web de noticias de la localidad de Tornquist, provincia de Buenos Aires, Rep\u00fablica Argentina. Contenido propio originado por periodistas de CELTTV, el canal de TV local de la Cooperativa El\u00e9ctrica de Tornquist. Turismo, Pol\u00edtica, Sociedad, Deporte, Cultura y todo el contenido de inter\u00e9s general que la gente del pueblo y la regi\u00f3n debe conocer.\" \/>\n<meta name=\"robots\" content=\"index, follow, max-snippet:-1, max-image-preview:large, max-video-preview:-1\" \/>\n<link rel=\"canonical\" href=\"https:\/\/www.celttv.com.ar\/index.php\/2011\/08\/18\/en-el-teatro-rodolfo-funke-se-realizo-el-acto-de-homenaje-al-gral-don-jose-de-san-martin\/\" \/>\n<meta property=\"og:locale\" content=\"es_ES\" \/>\n<meta property=\"og:type\" content=\"article\" \/>\n<meta property=\"og:title\" content=\"HOMENAJE AL GRAL. JOSE DE SAN MARTIN (6 videos del acto realizado en el Teatro Funke) - CELTTV\" \/>\n<meta property=\"og:description\" content=\"Sitio web de noticias de la localidad de Tornquist, provincia de Buenos Aires, Rep\u00fablica Argentina. Contenido propio originado por periodistas de CELTTV, el canal de TV local de la Cooperativa El\u00e9ctrica de Tornquist. Turismo, Pol\u00edtica, Sociedad, Deporte, Cultura y todo el contenido de inter\u00e9s general que la gente del pueblo y la regi\u00f3n debe conocer.\" \/>\n<meta property=\"og:url\" content=\"https:\/\/www.celttv.com.ar\/index.php\/2011\/08\/18\/en-el-teatro-rodolfo-funke-se-realizo-el-acto-de-homenaje-al-gral-don-jose-de-san-martin\/\" \/>\n<meta property=\"og:site_name\" content=\"CELTTV\" \/>\n<meta property=\"article:publisher\" content=\"https:\/\/www.facebook.com\/celtTV\/\" \/>\n<meta property=\"article:published_time\" content=\"2011-08-18T18:59:01+00:00\" \/>\n<meta property=\"og:image\" content=\"http:\/\/www.tvcnoticias.com.ar\/wp-content\/uploads\/2011\/08\/ACTO-SAN-MARTIN-2-Small.jpg\" \/>\n<meta name=\"author\" content=\"ulises\" \/>\n<meta name=\"twitter:card\" content=\"summary_large_image\" \/>\n<meta name=\"twitter:label1\" content=\"Escrito por\" \/>\n\t<meta name=\"twitter:data1\" content=\"ulises\" \/>\n\t<meta name=\"twitter:label2\" content=\"Tiempo de lectura\" \/>\n\t<meta name=\"twitter:data2\" content=\"1 minuto\" \/>\n<script type=\"application\/ld+json\" class=\"yoast-schema-graph\">{\"@context\":\"https:\/\/schema.org\",\"@graph\":[{\"@type\":\"NewsArticle\",\"@id\":\"https:\/\/www.celttv.com.ar\/index.php\/2011\/08\/18\/en-el-teatro-rodolfo-funke-se-realizo-el-acto-de-homenaje-al-gral-don-jose-de-san-martin\/#article\",\"isPartOf\":{\"@id\":\"https:\/\/www.celttv.com.ar\/index.php\/2011\/08\/18\/en-el-teatro-rodolfo-funke-se-realizo-el-acto-de-homenaje-al-gral-don-jose-de-san-martin\/\"},\"author\":{\"name\":\"ulises\",\"@id\":\"https:\/\/www.celttv.com.ar\/#\/schema\/person\/6d99c072dba59953809c81446e9d0ace\"},\"headline\":\"HOMENAJE AL GRAL. JOSE DE SAN MARTIN (6 videos del acto realizado en el Teatro Funke)\",\"datePublished\":\"2011-08-18T18:59:01+00:00\",\"dateModified\":\"2011-08-18T18:59:01+00:00\",\"mainEntityOfPage\":{\"@id\":\"https:\/\/www.celttv.com.ar\/index.php\/2011\/08\/18\/en-el-teatro-rodolfo-funke-se-realizo-el-acto-de-homenaje-al-gral-don-jose-de-san-martin\/\"},\"wordCount\":295,\"publisher\":{\"@id\":\"https:\/\/www.celttv.com.ar\/#organization\"},\"articleSection\":[\"Comunidad\",\"Destacadas\",\"Pol\u00edtica\",\"Videos Destacados\"],\"inLanguage\":\"es\"},{\"@type\":\"WebPage\",\"@id\":\"https:\/\/www.celttv.com.ar\/index.php\/2011\/08\/18\/en-el-teatro-rodolfo-funke-se-realizo-el-acto-de-homenaje-al-gral-don-jose-de-san-martin\/\",\"url\":\"https:\/\/www.celttv.com.ar\/index.php\/2011\/08\/18\/en-el-teatro-rodolfo-funke-se-realizo-el-acto-de-homenaje-al-gral-don-jose-de-san-martin\/\",\"name\":\"HOMENAJE AL GRAL. JOSE DE SAN MARTIN (6 videos del acto realizado en el Teatro Funke) - CELTTV\",\"isPartOf\":{\"@id\":\"https:\/\/www.celttv.com.ar\/#website\"},\"datePublished\":\"2011-08-18T18:59:01+00:00\",\"dateModified\":\"2011-08-18T18:59:01+00:00\",\"description\":\"Sitio web de noticias de la localidad de Tornquist, provincia de Buenos Aires, Rep\u00fablica Argentina. Contenido propio originado por periodistas de CELTTV, el canal de TV local de la Cooperativa El\u00e9ctrica de Tornquist. Turismo, Pol\u00edtica, Sociedad, Deporte, Cultura y todo el contenido de inter\u00e9s general que la gente del pueblo y la regi\u00f3n debe conocer.\",\"breadcrumb\":{\"@id\":\"https:\/\/www.celttv.com.ar\/index.php\/2011\/08\/18\/en-el-teatro-rodolfo-funke-se-realizo-el-acto-de-homenaje-al-gral-don-jose-de-san-martin\/#breadcrumb\"},\"inLanguage\":\"es\",\"potentialAction\":[{\"@type\":\"ReadAction\",\"target\":[\"https:\/\/www.celttv.com.ar\/index.php\/2011\/08\/18\/en-el-teatro-rodolfo-funke-se-realizo-el-acto-de-homenaje-al-gral-don-jose-de-san-martin\/\"]}]},{\"@type\":\"BreadcrumbList\",\"@id\":\"https:\/\/www.celttv.com.ar\/index.php\/2011\/08\/18\/en-el-teatro-rodolfo-funke-se-realizo-el-acto-de-homenaje-al-gral-don-jose-de-san-martin\/#breadcrumb\",\"itemListElement\":[{\"@type\":\"ListItem\",\"position\":1,\"name\":\"Inicio\",\"item\":\"https:\/\/www.celttv.com.ar\/\"},{\"@type\":\"ListItem\",\"position\":2,\"name\":\"HOMENAJE AL GRAL. JOSE DE SAN MARTIN (6 videos del acto realizado en el Teatro Funke)\"}]},{\"@type\":\"WebSite\",\"@id\":\"https:\/\/www.celttv.com.ar\/#website\",\"url\":\"https:\/\/www.celttv.com.ar\/\",\"name\":\"CELTTV\",\"description\":\"Cooperativa El\u00e9ctrica de Tornquist\",\"publisher\":{\"@id\":\"https:\/\/www.celttv.com.ar\/#organization\"},\"potentialAction\":[{\"@type\":\"SearchAction\",\"target\":{\"@type\":\"EntryPoint\",\"urlTemplate\":\"https:\/\/www.celttv.com.ar\/?s={search_term_string}\"},\"query-input\":\"required name=search_term_string\"}],\"inLanguage\":\"es\"},{\"@type\":\"Organization\",\"@id\":\"https:\/\/www.celttv.com.ar\/#organization\",\"name\":\"CELTTV\",\"url\":\"https:\/\/www.celttv.com.ar\/\",\"sameAs\":[\"https:\/\/www.youtube.com\/channel\/UCz_oIt8Hig64Ub-EmcNPIhg\",\"https:\/\/www.facebook.com\/celtTV\/\"],\"logo\":{\"@type\":\"ImageObject\",\"inLanguage\":\"es\",\"@id\":\"https:\/\/www.celttv.com.ar\/#\/schema\/logo\/image\/\",\"url\":\"http:\/\/www.celttv.com.ar\/wp-content\/uploads\/2022\/08\/logo-1.png\",\"contentUrl\":\"http:\/\/www.celttv.com.ar\/wp-content\/uploads\/2022\/08\/logo-1.png\",\"width\":461,\"height\":159,\"caption\":\"CELTTV\"},\"image\":{\"@id\":\"https:\/\/www.celttv.com.ar\/#\/schema\/logo\/image\/\"}},{\"@type\":\"Person\",\"@id\":\"https:\/\/www.celttv.com.ar\/#\/schema\/person\/6d99c072dba59953809c81446e9d0ace\",\"name\":\"ulises\",\"image\":{\"@type\":\"ImageObject\",\"inLanguage\":\"es\",\"@id\":\"https:\/\/www.celttv.com.ar\/#\/schema\/person\/image\/\",\"url\":\"https:\/\/secure.gravatar.com\/avatar\/7f2c48bdc33b30088f941fb6082e555f2874c98e20cb159d7b92b50eadfce793?s=96&d=mm&r=g\",\"contentUrl\":\"https:\/\/secure.gravatar.com\/avatar\/7f2c48bdc33b30088f941fb6082e555f2874c98e20cb159d7b92b50eadfce793?s=96&d=mm&r=g\",\"caption\":\"ulises\"},\"sameAs\":[\"http:\/\/www.celttv.com.ar\"]}]}<\/script>\n<!-- \/ Yoast SEO plugin. -->","yoast_head_json":{"title":"HOMENAJE AL GRAL. JOSE DE SAN MARTIN (6 videos del acto realizado en el Teatro Funke) - CELTTV","description":"Sitio web de noticias de la localidad de Tornquist, provincia de Buenos Aires, Rep\u00fablica Argentina. Contenido propio originado por periodistas de CELTTV, el canal de TV local de la Cooperativa El\u00e9ctrica de Tornquist. Turismo, Pol\u00edtica, Sociedad, Deporte, Cultura y todo el contenido de inter\u00e9s general que la gente del pueblo y la regi\u00f3n debe conocer.","robots":{"index":"index","follow":"follow","max-snippet":"max-snippet:-1","max-image-preview":"max-image-preview:large","max-video-preview":"max-video-preview:-1"},"canonical":"https:\/\/www.celttv.com.ar\/index.php\/2011\/08\/18\/en-el-teatro-rodolfo-funke-se-realizo-el-acto-de-homenaje-al-gral-don-jose-de-san-martin\/","og_locale":"es_ES","og_type":"article","og_title":"HOMENAJE AL GRAL. JOSE DE SAN MARTIN (6 videos del acto realizado en el Teatro Funke) - CELTTV","og_description":"Sitio web de noticias de la localidad de Tornquist, provincia de Buenos Aires, Rep\u00fablica Argentina. Contenido propio originado por periodistas de CELTTV, el canal de TV local de la Cooperativa El\u00e9ctrica de Tornquist. Turismo, Pol\u00edtica, Sociedad, Deporte, Cultura y todo el contenido de inter\u00e9s general que la gente del pueblo y la regi\u00f3n debe conocer.","og_url":"https:\/\/www.celttv.com.ar\/index.php\/2011\/08\/18\/en-el-teatro-rodolfo-funke-se-realizo-el-acto-de-homenaje-al-gral-don-jose-de-san-martin\/","og_site_name":"CELTTV","article_publisher":"https:\/\/www.facebook.com\/celtTV\/","article_published_time":"2011-08-18T18:59:01+00:00","og_image":[{"url":"http:\/\/www.tvcnoticias.com.ar\/wp-content\/uploads\/2011\/08\/ACTO-SAN-MARTIN-2-Small.jpg"}],"author":"ulises","twitter_card":"summary_large_image","twitter_misc":{"Escrito por":"ulises","Tiempo de lectura":"1 minuto"},"schema":{"@context":"https:\/\/schema.org","@graph":[{"@type":"NewsArticle","@id":"https:\/\/www.celttv.com.ar\/index.php\/2011\/08\/18\/en-el-teatro-rodolfo-funke-se-realizo-el-acto-de-homenaje-al-gral-don-jose-de-san-martin\/#article","isPartOf":{"@id":"https:\/\/www.celttv.com.ar\/index.php\/2011\/08\/18\/en-el-teatro-rodolfo-funke-se-realizo-el-acto-de-homenaje-al-gral-don-jose-de-san-martin\/"},"author":{"name":"ulises","@id":"https:\/\/www.celttv.com.ar\/#\/schema\/person\/6d99c072dba59953809c81446e9d0ace"},"headline":"HOMENAJE AL GRAL. JOSE DE SAN MARTIN (6 videos del acto realizado en el Teatro Funke)","datePublished":"2011-08-18T18:59:01+00:00","dateModified":"2011-08-18T18:59:01+00:00","mainEntityOfPage":{"@id":"https:\/\/www.celttv.com.ar\/index.php\/2011\/08\/18\/en-el-teatro-rodolfo-funke-se-realizo-el-acto-de-homenaje-al-gral-don-jose-de-san-martin\/"},"wordCount":295,"publisher":{"@id":"https:\/\/www.celttv.com.ar\/#organization"},"articleSection":["Comunidad","Destacadas","Pol\u00edtica","Videos Destacados"],"inLanguage":"es"},{"@type":"WebPage","@id":"https:\/\/www.celttv.com.ar\/index.php\/2011\/08\/18\/en-el-teatro-rodolfo-funke-se-realizo-el-acto-de-homenaje-al-gral-don-jose-de-san-martin\/","url":"https:\/\/www.celttv.com.ar\/index.php\/2011\/08\/18\/en-el-teatro-rodolfo-funke-se-realizo-el-acto-de-homenaje-al-gral-don-jose-de-san-martin\/","name":"HOMENAJE AL GRAL. JOSE DE SAN MARTIN (6 videos del acto realizado en el Teatro Funke) - CELTTV","isPartOf":{"@id":"https:\/\/www.celttv.com.ar\/#website"},"datePublished":"2011-08-18T18:59:01+00:00","dateModified":"2011-08-18T18:59:01+00:00","description":"Sitio web de noticias de la localidad de Tornquist, provincia de Buenos Aires, Rep\u00fablica Argentina. Contenido propio originado por periodistas de CELTTV, el canal de TV local de la Cooperativa El\u00e9ctrica de Tornquist. Turismo, Pol\u00edtica, Sociedad, Deporte, Cultura y todo el contenido de inter\u00e9s general que la gente del pueblo y la regi\u00f3n debe conocer.","breadcrumb":{"@id":"https:\/\/www.celttv.com.ar\/index.php\/2011\/08\/18\/en-el-teatro-rodolfo-funke-se-realizo-el-acto-de-homenaje-al-gral-don-jose-de-san-martin\/#breadcrumb"},"inLanguage":"es","potentialAction":[{"@type":"ReadAction","target":["https:\/\/www.celttv.com.ar\/index.php\/2011\/08\/18\/en-el-teatro-rodolfo-funke-se-realizo-el-acto-de-homenaje-al-gral-don-jose-de-san-martin\/"]}]},{"@type":"BreadcrumbList","@id":"https:\/\/www.celttv.com.ar\/index.php\/2011\/08\/18\/en-el-teatro-rodolfo-funke-se-realizo-el-acto-de-homenaje-al-gral-don-jose-de-san-martin\/#breadcrumb","itemListElement":[{"@type":"ListItem","position":1,"name":"Inicio","item":"https:\/\/www.celttv.com.ar\/"},{"@type":"ListItem","position":2,"name":"HOMENAJE AL GRAL. JOSE DE SAN MARTIN (6 videos del acto realizado en el Teatro Funke)"}]},{"@type":"WebSite","@id":"https:\/\/www.celttv.com.ar\/#website","url":"https:\/\/www.celttv.com.ar\/","name":"CELTTV","description":"Cooperativa El\u00e9ctrica de Tornquist","publisher":{"@id":"https:\/\/www.celttv.com.ar\/#organization"},"potentialAction":[{"@type":"SearchAction","target":{"@type":"EntryPoint","urlTemplate":"https:\/\/www.celttv.com.ar\/?s={search_term_string}"},"query-input":"required name=search_term_string"}],"inLanguage":"es"},{"@type":"Organization","@id":"https:\/\/www.celttv.com.ar\/#organization","name":"CELTTV","url":"https:\/\/www.celttv.com.ar\/","sameAs":["https:\/\/www.youtube.com\/channel\/UCz_oIt8Hig64Ub-EmcNPIhg","https:\/\/www.facebook.com\/celtTV\/"],"logo":{"@type":"ImageObject","inLanguage":"es","@id":"https:\/\/www.celttv.com.ar\/#\/schema\/logo\/image\/","url":"http:\/\/www.celttv.com.ar\/wp-content\/uploads\/2022\/08\/logo-1.png","contentUrl":"http:\/\/www.celttv.com.ar\/wp-content\/uploads\/2022\/08\/logo-1.png","width":461,"height":159,"caption":"CELTTV"},"image":{"@id":"https:\/\/www.celttv.com.ar\/#\/schema\/logo\/image\/"}},{"@type":"Person","@id":"https:\/\/www.celttv.com.ar\/#\/schema\/person\/6d99c072dba59953809c81446e9d0ace","name":"ulises","image":{"@type":"ImageObject","inLanguage":"es","@id":"https:\/\/www.celttv.com.ar\/#\/schema\/person\/image\/","url":"https:\/\/secure.gravatar.com\/avatar\/7f2c48bdc33b30088f941fb6082e555f2874c98e20cb159d7b92b50eadfce793?s=96&d=mm&r=g","contentUrl":"https:\/\/secure.gravatar.com\/avatar\/7f2c48bdc33b30088f941fb6082e555f2874c98e20cb159d7b92b50eadfce793?s=96&d=mm&r=g","caption":"ulises"},"sameAs":["http:\/\/www.celttv.com.ar"]}]}},"_links":{"self":[{"href":"https:\/\/www.celttv.com.ar\/index.php\/wp-json\/wp\/v2\/posts\/887","targetHints":{"allow":["GET"]}}],"collection":[{"href":"https:\/\/www.celttv.com.ar\/index.php\/wp-json\/wp\/v2\/posts"}],"about":[{"href":"https:\/\/www.celttv.com.ar\/index.php\/wp-json\/wp\/v2\/types\/post"}],"author":[{"embeddable":true,"href":"https:\/\/www.celttv.com.ar\/index.php\/wp-json\/wp\/v2\/users\/1"}],"replies":[{"embeddable":true,"href":"https:\/\/www.celttv.com.ar\/index.php\/wp-json\/wp\/v2\/comments?post=887"}],"version-history":[{"count":0,"href":"https:\/\/www.celttv.com.ar\/index.php\/wp-json\/wp\/v2\/posts\/887\/revisions"}],"wp:attachment":[{"href":"https:\/\/www.celttv.com.ar\/index.php\/wp-json\/wp\/v2\/media?parent=887"}],"wp:term":[{"taxonomy":"category","embeddable":true,"href":"https:\/\/www.celttv.com.ar\/index.php\/wp-json\/wp\/v2\/categories?post=887"},{"taxonomy":"post_tag","embeddable":true,"href":"https:\/\/www.celttv.com.ar\/index.php\/wp-json\/wp\/v2\/tags?post=887"}],"curies":[{"name":"wp","href":"https:\/\/api.w.org\/{rel}","templated":true}]}}