{"id":8884,"date":"2012-11-03T18:23:54","date_gmt":"2012-11-03T18:23:54","guid":{"rendered":"http:\/\/www.tvcnoticias.com.ar\/?p=8884"},"modified":"2012-11-03T18:23:54","modified_gmt":"2012-11-03T18:23:54","slug":"pintaron-murales-y-el-mas-amplio-homenajea-a-gardelito-opina-rodolfo-tissera-y-el-propio-gardelito","status":"publish","type":"post","link":"https:\/\/www.celttv.com.ar\/index.php\/2012\/11\/03\/pintaron-murales-y-el-mas-amplio-homenajea-a-gardelito-opina-rodolfo-tissera-y-el-propio-gardelito\/","title":{"rendered":"PINTARON MURALES Y EL MAS AMPLIO HOMENAJEA A &#8220;GARDELITO&#8221; (opina Rodolfo Tissera y el propio Gardelito)"},"content":{"rendered":"<p><a href=\"http:\/\/www.youtube.com\/watch?v=jMoYmJNwprw\">httpv:\/\/www.youtube.com\/watch?v=jMoYmJNwprw<\/a><br \/>\n<a href=\"http:\/\/www.youtube.com\/watch?v=zi-kajIgyuQ\">httpv:\/\/www.youtube.com\/watch?v=zi-kajIgyuQ<\/a><br \/>\n<a href=\"http:\/\/www.youtube.com\/watch?v=thMZo12d5-I\">httpv:\/\/www.youtube.com\/watch?v=thMZo12d5-I<\/a><br \/>\nLa figura de &#8220;Gardelito&#8221;, un personaje de la ciudad que se gan\u00f3 el cari\u00f1o de todos y con su cl\u00e1sica gorra y camiseta de su querido club San Lorenzo, fue pintado por el artista\u00a0 Rodolfo Tisera y con la participaci\u00f3n de un grupo de alumnos de Musicarte; la escuela de arte local que elabor\u00f3 la prupuesta para embellecer nuestro pueblo.<\/p>\n","protected":false},"excerpt":{"rendered":"<p>httpv:\/\/www.youtube.com\/watch?v=jMoYmJNwprw httpv:\/\/www.youtube.com\/watch?v=zi-kajIgyuQ httpv:\/\/www.youtube.com\/watch?v=thMZo12d5-I La figura de &#8220;Gardelito&#8221;, un personaje de la ciudad que se gan\u00f3 el cari\u00f1o de todos y con su cl\u00e1sica gorra y camiseta de su querido club San Lorenzo, fue pintado por el artista\u00a0 Rodolfo Tisera y con la participaci\u00f3n de un grupo de alumnos de Musicarte; la escuela de arte local [&hellip;]<\/p>\n","protected":false},"author":1,"featured_media":0,"comment_status":"closed","ping_status":"open","sticky":false,"template":"","format":"standard","meta":{"footnotes":""},"categories":[51,52],"tags":[],"class_list":["post-8884","post","type-post","status-publish","format-standard","hentry","category-comunidad","category-destacadas"],"yoast_head":"<!-- This site is optimized with the Yoast SEO plugin v19.7.1 - https:\/\/yoast.com\/wordpress\/plugins\/seo\/ -->\n<title>PINTARON MURALES Y EL MAS AMPLIO HOMENAJEA A &quot;GARDELITO&quot; (opina Rodolfo Tissera y el propio Gardelito) - CELTTV<\/title>\n<meta name=\"description\" content=\"Sitio web de noticias de la localidad de Tornquist, provincia de Buenos Aires, Rep\u00fablica Argentina. Contenido propio originado por periodistas de CELTTV, el canal de TV local de la Cooperativa El\u00e9ctrica de Tornquist. Turismo, Pol\u00edtica, Sociedad, Deporte, Cultura y todo el contenido de inter\u00e9s general que la gente del pueblo y la regi\u00f3n debe conocer.\" \/>\n<meta name=\"robots\" content=\"index, follow, max-snippet:-1, max-image-preview:large, max-video-preview:-1\" \/>\n<link rel=\"canonical\" href=\"https:\/\/www.celttv.com.ar\/index.php\/2012\/11\/03\/pintaron-murales-y-el-mas-amplio-homenajea-a-gardelito-opina-rodolfo-tissera-y-el-propio-gardelito\/\" \/>\n<meta property=\"og:locale\" content=\"es_ES\" \/>\n<meta property=\"og:type\" content=\"article\" \/>\n<meta property=\"og:title\" content=\"PINTARON MURALES Y EL MAS AMPLIO HOMENAJEA A &quot;GARDELITO&quot; (opina Rodolfo Tissera y el propio Gardelito) - CELTTV\" \/>\n<meta property=\"og:description\" content=\"Sitio web de noticias de la localidad de Tornquist, provincia de Buenos Aires, Rep\u00fablica Argentina. Contenido propio originado por periodistas de CELTTV, el canal de TV local de la Cooperativa El\u00e9ctrica de Tornquist. Turismo, Pol\u00edtica, Sociedad, Deporte, Cultura y todo el contenido de inter\u00e9s general que la gente del pueblo y la regi\u00f3n debe conocer.\" \/>\n<meta property=\"og:url\" content=\"https:\/\/www.celttv.com.ar\/index.php\/2012\/11\/03\/pintaron-murales-y-el-mas-amplio-homenajea-a-gardelito-opina-rodolfo-tissera-y-el-propio-gardelito\/\" \/>\n<meta property=\"og:site_name\" content=\"CELTTV\" \/>\n<meta property=\"article:publisher\" content=\"https:\/\/www.facebook.com\/celtTV\/\" \/>\n<meta property=\"article:published_time\" content=\"2012-11-03T18:23:54+00:00\" \/>\n<meta name=\"author\" content=\"ulises\" \/>\n<meta name=\"twitter:card\" content=\"summary_large_image\" \/>\n<meta name=\"twitter:label1\" content=\"Escrito por\" \/>\n\t<meta name=\"twitter:data1\" content=\"ulises\" \/>\n<script type=\"application\/ld+json\" class=\"yoast-schema-graph\">{\"@context\":\"https:\/\/schema.org\",\"@graph\":[{\"@type\":\"NewsArticle\",\"@id\":\"https:\/\/www.celttv.com.ar\/index.php\/2012\/11\/03\/pintaron-murales-y-el-mas-amplio-homenajea-a-gardelito-opina-rodolfo-tissera-y-el-propio-gardelito\/#article\",\"isPartOf\":{\"@id\":\"https:\/\/www.celttv.com.ar\/index.php\/2012\/11\/03\/pintaron-murales-y-el-mas-amplio-homenajea-a-gardelito-opina-rodolfo-tissera-y-el-propio-gardelito\/\"},\"author\":{\"name\":\"ulises\",\"@id\":\"https:\/\/www.celttv.com.ar\/#\/schema\/person\/6d99c072dba59953809c81446e9d0ace\"},\"headline\":\"PINTARON MURALES Y EL MAS AMPLIO HOMENAJEA A &#8220;GARDELITO&#8221; (opina Rodolfo Tissera y el propio Gardelito)\",\"datePublished\":\"2012-11-03T18:23:54+00:00\",\"dateModified\":\"2012-11-03T18:23:54+00:00\",\"mainEntityOfPage\":{\"@id\":\"https:\/\/www.celttv.com.ar\/index.php\/2012\/11\/03\/pintaron-murales-y-el-mas-amplio-homenajea-a-gardelito-opina-rodolfo-tissera-y-el-propio-gardelito\/\"},\"wordCount\":102,\"publisher\":{\"@id\":\"https:\/\/www.celttv.com.ar\/#organization\"},\"articleSection\":[\"Comunidad\",\"Destacadas\"],\"inLanguage\":\"es\"},{\"@type\":\"WebPage\",\"@id\":\"https:\/\/www.celttv.com.ar\/index.php\/2012\/11\/03\/pintaron-murales-y-el-mas-amplio-homenajea-a-gardelito-opina-rodolfo-tissera-y-el-propio-gardelito\/\",\"url\":\"https:\/\/www.celttv.com.ar\/index.php\/2012\/11\/03\/pintaron-murales-y-el-mas-amplio-homenajea-a-gardelito-opina-rodolfo-tissera-y-el-propio-gardelito\/\",\"name\":\"PINTARON MURALES Y EL MAS AMPLIO HOMENAJEA A \\\"GARDELITO\\\" (opina Rodolfo Tissera y el propio Gardelito) - CELTTV\",\"isPartOf\":{\"@id\":\"https:\/\/www.celttv.com.ar\/#website\"},\"datePublished\":\"2012-11-03T18:23:54+00:00\",\"dateModified\":\"2012-11-03T18:23:54+00:00\",\"description\":\"Sitio web de noticias de la localidad de Tornquist, provincia de Buenos Aires, Rep\u00fablica Argentina. Contenido propio originado por periodistas de CELTTV, el canal de TV local de la Cooperativa El\u00e9ctrica de Tornquist. Turismo, Pol\u00edtica, Sociedad, Deporte, Cultura y todo el contenido de inter\u00e9s general que la gente del pueblo y la regi\u00f3n debe conocer.\",\"breadcrumb\":{\"@id\":\"https:\/\/www.celttv.com.ar\/index.php\/2012\/11\/03\/pintaron-murales-y-el-mas-amplio-homenajea-a-gardelito-opina-rodolfo-tissera-y-el-propio-gardelito\/#breadcrumb\"},\"inLanguage\":\"es\",\"potentialAction\":[{\"@type\":\"ReadAction\",\"target\":[\"https:\/\/www.celttv.com.ar\/index.php\/2012\/11\/03\/pintaron-murales-y-el-mas-amplio-homenajea-a-gardelito-opina-rodolfo-tissera-y-el-propio-gardelito\/\"]}]},{\"@type\":\"BreadcrumbList\",\"@id\":\"https:\/\/www.celttv.com.ar\/index.php\/2012\/11\/03\/pintaron-murales-y-el-mas-amplio-homenajea-a-gardelito-opina-rodolfo-tissera-y-el-propio-gardelito\/#breadcrumb\",\"itemListElement\":[{\"@type\":\"ListItem\",\"position\":1,\"name\":\"Inicio\",\"item\":\"https:\/\/www.celttv.com.ar\/\"},{\"@type\":\"ListItem\",\"position\":2,\"name\":\"PINTARON MURALES Y EL MAS AMPLIO HOMENAJEA A &#8220;GARDELITO&#8221; (opina Rodolfo Tissera y el propio Gardelito)\"}]},{\"@type\":\"WebSite\",\"@id\":\"https:\/\/www.celttv.com.ar\/#website\",\"url\":\"https:\/\/www.celttv.com.ar\/\",\"name\":\"CELTTV\",\"description\":\"Cooperativa El\u00e9ctrica de Tornquist\",\"publisher\":{\"@id\":\"https:\/\/www.celttv.com.ar\/#organization\"},\"potentialAction\":[{\"@type\":\"SearchAction\",\"target\":{\"@type\":\"EntryPoint\",\"urlTemplate\":\"https:\/\/www.celttv.com.ar\/?s={search_term_string}\"},\"query-input\":\"required name=search_term_string\"}],\"inLanguage\":\"es\"},{\"@type\":\"Organization\",\"@id\":\"https:\/\/www.celttv.com.ar\/#organization\",\"name\":\"CELTTV\",\"url\":\"https:\/\/www.celttv.com.ar\/\",\"sameAs\":[\"https:\/\/www.youtube.com\/channel\/UCz_oIt8Hig64Ub-EmcNPIhg\",\"https:\/\/www.facebook.com\/celtTV\/\"],\"logo\":{\"@type\":\"ImageObject\",\"inLanguage\":\"es\",\"@id\":\"https:\/\/www.celttv.com.ar\/#\/schema\/logo\/image\/\",\"url\":\"http:\/\/www.celttv.com.ar\/wp-content\/uploads\/2022\/08\/logo-1.png\",\"contentUrl\":\"http:\/\/www.celttv.com.ar\/wp-content\/uploads\/2022\/08\/logo-1.png\",\"width\":461,\"height\":159,\"caption\":\"CELTTV\"},\"image\":{\"@id\":\"https:\/\/www.celttv.com.ar\/#\/schema\/logo\/image\/\"}},{\"@type\":\"Person\",\"@id\":\"https:\/\/www.celttv.com.ar\/#\/schema\/person\/6d99c072dba59953809c81446e9d0ace\",\"name\":\"ulises\",\"image\":{\"@type\":\"ImageObject\",\"inLanguage\":\"es\",\"@id\":\"https:\/\/www.celttv.com.ar\/#\/schema\/person\/image\/\",\"url\":\"https:\/\/secure.gravatar.com\/avatar\/7f2c48bdc33b30088f941fb6082e555f2874c98e20cb159d7b92b50eadfce793?s=96&d=mm&r=g\",\"contentUrl\":\"https:\/\/secure.gravatar.com\/avatar\/7f2c48bdc33b30088f941fb6082e555f2874c98e20cb159d7b92b50eadfce793?s=96&d=mm&r=g\",\"caption\":\"ulises\"},\"sameAs\":[\"http:\/\/www.celttv.com.ar\"]}]}<\/script>\n<!-- \/ Yoast SEO plugin. -->","yoast_head_json":{"title":"PINTARON MURALES Y EL MAS AMPLIO HOMENAJEA A \"GARDELITO\" (opina Rodolfo Tissera y el propio Gardelito) - CELTTV","description":"Sitio web de noticias de la localidad de Tornquist, provincia de Buenos Aires, Rep\u00fablica Argentina. Contenido propio originado por periodistas de CELTTV, el canal de TV local de la Cooperativa El\u00e9ctrica de Tornquist. Turismo, Pol\u00edtica, Sociedad, Deporte, Cultura y todo el contenido de inter\u00e9s general que la gente del pueblo y la regi\u00f3n debe conocer.","robots":{"index":"index","follow":"follow","max-snippet":"max-snippet:-1","max-image-preview":"max-image-preview:large","max-video-preview":"max-video-preview:-1"},"canonical":"https:\/\/www.celttv.com.ar\/index.php\/2012\/11\/03\/pintaron-murales-y-el-mas-amplio-homenajea-a-gardelito-opina-rodolfo-tissera-y-el-propio-gardelito\/","og_locale":"es_ES","og_type":"article","og_title":"PINTARON MURALES Y EL MAS AMPLIO HOMENAJEA A \"GARDELITO\" (opina Rodolfo Tissera y el propio Gardelito) - CELTTV","og_description":"Sitio web de noticias de la localidad de Tornquist, provincia de Buenos Aires, Rep\u00fablica Argentina. Contenido propio originado por periodistas de CELTTV, el canal de TV local de la Cooperativa El\u00e9ctrica de Tornquist. Turismo, Pol\u00edtica, Sociedad, Deporte, Cultura y todo el contenido de inter\u00e9s general que la gente del pueblo y la regi\u00f3n debe conocer.","og_url":"https:\/\/www.celttv.com.ar\/index.php\/2012\/11\/03\/pintaron-murales-y-el-mas-amplio-homenajea-a-gardelito-opina-rodolfo-tissera-y-el-propio-gardelito\/","og_site_name":"CELTTV","article_publisher":"https:\/\/www.facebook.com\/celtTV\/","article_published_time":"2012-11-03T18:23:54+00:00","author":"ulises","twitter_card":"summary_large_image","twitter_misc":{"Escrito por":"ulises"},"schema":{"@context":"https:\/\/schema.org","@graph":[{"@type":"NewsArticle","@id":"https:\/\/www.celttv.com.ar\/index.php\/2012\/11\/03\/pintaron-murales-y-el-mas-amplio-homenajea-a-gardelito-opina-rodolfo-tissera-y-el-propio-gardelito\/#article","isPartOf":{"@id":"https:\/\/www.celttv.com.ar\/index.php\/2012\/11\/03\/pintaron-murales-y-el-mas-amplio-homenajea-a-gardelito-opina-rodolfo-tissera-y-el-propio-gardelito\/"},"author":{"name":"ulises","@id":"https:\/\/www.celttv.com.ar\/#\/schema\/person\/6d99c072dba59953809c81446e9d0ace"},"headline":"PINTARON MURALES Y EL MAS AMPLIO HOMENAJEA A &#8220;GARDELITO&#8221; (opina Rodolfo Tissera y el propio Gardelito)","datePublished":"2012-11-03T18:23:54+00:00","dateModified":"2012-11-03T18:23:54+00:00","mainEntityOfPage":{"@id":"https:\/\/www.celttv.com.ar\/index.php\/2012\/11\/03\/pintaron-murales-y-el-mas-amplio-homenajea-a-gardelito-opina-rodolfo-tissera-y-el-propio-gardelito\/"},"wordCount":102,"publisher":{"@id":"https:\/\/www.celttv.com.ar\/#organization"},"articleSection":["Comunidad","Destacadas"],"inLanguage":"es"},{"@type":"WebPage","@id":"https:\/\/www.celttv.com.ar\/index.php\/2012\/11\/03\/pintaron-murales-y-el-mas-amplio-homenajea-a-gardelito-opina-rodolfo-tissera-y-el-propio-gardelito\/","url":"https:\/\/www.celttv.com.ar\/index.php\/2012\/11\/03\/pintaron-murales-y-el-mas-amplio-homenajea-a-gardelito-opina-rodolfo-tissera-y-el-propio-gardelito\/","name":"PINTARON MURALES Y EL MAS AMPLIO HOMENAJEA A \"GARDELITO\" (opina Rodolfo Tissera y el propio Gardelito) - CELTTV","isPartOf":{"@id":"https:\/\/www.celttv.com.ar\/#website"},"datePublished":"2012-11-03T18:23:54+00:00","dateModified":"2012-11-03T18:23:54+00:00","description":"Sitio web de noticias de la localidad de Tornquist, provincia de Buenos Aires, Rep\u00fablica Argentina. Contenido propio originado por periodistas de CELTTV, el canal de TV local de la Cooperativa El\u00e9ctrica de Tornquist. Turismo, Pol\u00edtica, Sociedad, Deporte, Cultura y todo el contenido de inter\u00e9s general que la gente del pueblo y la regi\u00f3n debe conocer.","breadcrumb":{"@id":"https:\/\/www.celttv.com.ar\/index.php\/2012\/11\/03\/pintaron-murales-y-el-mas-amplio-homenajea-a-gardelito-opina-rodolfo-tissera-y-el-propio-gardelito\/#breadcrumb"},"inLanguage":"es","potentialAction":[{"@type":"ReadAction","target":["https:\/\/www.celttv.com.ar\/index.php\/2012\/11\/03\/pintaron-murales-y-el-mas-amplio-homenajea-a-gardelito-opina-rodolfo-tissera-y-el-propio-gardelito\/"]}]},{"@type":"BreadcrumbList","@id":"https:\/\/www.celttv.com.ar\/index.php\/2012\/11\/03\/pintaron-murales-y-el-mas-amplio-homenajea-a-gardelito-opina-rodolfo-tissera-y-el-propio-gardelito\/#breadcrumb","itemListElement":[{"@type":"ListItem","position":1,"name":"Inicio","item":"https:\/\/www.celttv.com.ar\/"},{"@type":"ListItem","position":2,"name":"PINTARON MURALES Y EL MAS AMPLIO HOMENAJEA A &#8220;GARDELITO&#8221; (opina Rodolfo Tissera y el propio Gardelito)"}]},{"@type":"WebSite","@id":"https:\/\/www.celttv.com.ar\/#website","url":"https:\/\/www.celttv.com.ar\/","name":"CELTTV","description":"Cooperativa El\u00e9ctrica de Tornquist","publisher":{"@id":"https:\/\/www.celttv.com.ar\/#organization"},"potentialAction":[{"@type":"SearchAction","target":{"@type":"EntryPoint","urlTemplate":"https:\/\/www.celttv.com.ar\/?s={search_term_string}"},"query-input":"required name=search_term_string"}],"inLanguage":"es"},{"@type":"Organization","@id":"https:\/\/www.celttv.com.ar\/#organization","name":"CELTTV","url":"https:\/\/www.celttv.com.ar\/","sameAs":["https:\/\/www.youtube.com\/channel\/UCz_oIt8Hig64Ub-EmcNPIhg","https:\/\/www.facebook.com\/celtTV\/"],"logo":{"@type":"ImageObject","inLanguage":"es","@id":"https:\/\/www.celttv.com.ar\/#\/schema\/logo\/image\/","url":"http:\/\/www.celttv.com.ar\/wp-content\/uploads\/2022\/08\/logo-1.png","contentUrl":"http:\/\/www.celttv.com.ar\/wp-content\/uploads\/2022\/08\/logo-1.png","width":461,"height":159,"caption":"CELTTV"},"image":{"@id":"https:\/\/www.celttv.com.ar\/#\/schema\/logo\/image\/"}},{"@type":"Person","@id":"https:\/\/www.celttv.com.ar\/#\/schema\/person\/6d99c072dba59953809c81446e9d0ace","name":"ulises","image":{"@type":"ImageObject","inLanguage":"es","@id":"https:\/\/www.celttv.com.ar\/#\/schema\/person\/image\/","url":"https:\/\/secure.gravatar.com\/avatar\/7f2c48bdc33b30088f941fb6082e555f2874c98e20cb159d7b92b50eadfce793?s=96&d=mm&r=g","contentUrl":"https:\/\/secure.gravatar.com\/avatar\/7f2c48bdc33b30088f941fb6082e555f2874c98e20cb159d7b92b50eadfce793?s=96&d=mm&r=g","caption":"ulises"},"sameAs":["http:\/\/www.celttv.com.ar"]}]}},"_links":{"self":[{"href":"https:\/\/www.celttv.com.ar\/index.php\/wp-json\/wp\/v2\/posts\/8884","targetHints":{"allow":["GET"]}}],"collection":[{"href":"https:\/\/www.celttv.com.ar\/index.php\/wp-json\/wp\/v2\/posts"}],"about":[{"href":"https:\/\/www.celttv.com.ar\/index.php\/wp-json\/wp\/v2\/types\/post"}],"author":[{"embeddable":true,"href":"https:\/\/www.celttv.com.ar\/index.php\/wp-json\/wp\/v2\/users\/1"}],"replies":[{"embeddable":true,"href":"https:\/\/www.celttv.com.ar\/index.php\/wp-json\/wp\/v2\/comments?post=8884"}],"version-history":[{"count":0,"href":"https:\/\/www.celttv.com.ar\/index.php\/wp-json\/wp\/v2\/posts\/8884\/revisions"}],"wp:attachment":[{"href":"https:\/\/www.celttv.com.ar\/index.php\/wp-json\/wp\/v2\/media?parent=8884"}],"wp:term":[{"taxonomy":"category","embeddable":true,"href":"https:\/\/www.celttv.com.ar\/index.php\/wp-json\/wp\/v2\/categories?post=8884"},{"taxonomy":"post_tag","embeddable":true,"href":"https:\/\/www.celttv.com.ar\/index.php\/wp-json\/wp\/v2\/tags?post=8884"}],"curies":[{"name":"wp","href":"https:\/\/api.w.org\/{rel}","templated":true}]}}