{"id":88845,"date":"2025-06-25T17:10:26","date_gmt":"2025-06-25T20:10:26","guid":{"rendered":"https:\/\/www.celttv.com.ar\/?p=88845"},"modified":"2025-06-25T17:10:50","modified_gmt":"2025-06-25T20:10:50","slug":"asumio-el-nuevo-secretario-de-turismo-carlos-lamas","status":"publish","type":"post","link":"https:\/\/www.celttv.com.ar\/index.php\/2025\/06\/25\/asumio-el-nuevo-secretario-de-turismo-carlos-lamas\/","title":{"rendered":"El Intendente Municipal, Sergio Bordoni, puso en funciones este mi\u00e9rcoles al nuevo Secretario de Turismo de Tornquist Municipio, Carlos Lamas."},"content":{"rendered":"<p>El Intendente Municipal, Sergio Bordoni, puso en funciones este mi\u00e9rcoles al nuevo Secretario de Turismo de Tornquist Municipio, Carlos Lamas.<br \/>\nEl funcionario fue presentado mediante una conferencia de prensa realizada en el despacho del jefe comunal, con la presencia adem\u00e1s de la Subsecretaria del \u00e1rea, Ludmila Corvatta.<br \/>\nLamas es vecino de Villa Ventana, docente, gu\u00eda de turismo y Licenciado en Mediaci\u00f3n y Resoluci\u00f3n de Conflictos, con un amplio conocimiento del distrito y una s\u00f3lida trayectoria en el \u00e1mbito tur\u00edstico.<br \/>\nBordoni agradeci\u00f3 el trabajo y la gesti\u00f3n del secretario saliente, Enrique Alessandrini, y destac\u00f3 el compromiso de Lamas para continuar fortaleciendo el desarrollo tur\u00edstico del distrito, aportando una mirada renovadora y cercana al territorio.<\/p>\n<p><em><strong>Sergio Bordoni: \u201cEs un desaf\u00edo muy importante para el desarrollo tur\u00edstico\u201d<\/strong><\/em><\/p>\n<p>\u201cNecesit\u00e1bamos cubrir el cargo tras la renuncia de Enrique, a quien le agradezco el aporte realizado en la gesti\u00f3n de Turismo. Por suerte, contamos con un viejo conocido que nos viene acompa\u00f1ando desde hace tiempo: Charly Lamas, quien asumir\u00e1 la Secretar\u00eda. No tengo dudas de que su trabajo traer\u00e1 buenos frutos para el distrito\u201d, expres\u00f3 Bordoni.<\/p>\n<p>\u201cLe deseo el mayor de los \u00e9xitos y, como siempre, a trabajar por lo que nos mueve a nosotros, poniendo lo mejor al servicio del bien com\u00fan\u201d, agreg\u00f3.<\/p>\n<p>El jefe comunal tambi\u00e9n remarc\u00f3 la importancia estrat\u00e9gica del Ex Club Hotel de Villa Ventana como eje de desarrollo tur\u00edstico. \u201cEs un gran desaf\u00edo. Hace poco celebramos all\u00ed el aniversario de Manuel Belgrano, y despu\u00e9s de tanto tiempo logramos recuperar ese espacio. Charly vive en Villa Ventana, conoce profundamente el lugar y a su gente. La puesta en valor de este predio de 125 hect\u00e1reas ser\u00e1 clave para el crecimiento tur\u00edstico\u201d.<\/p>\n<p>Por \u00faltimo, Bordoni celebr\u00f3 un avance legislativo vinculado a una de las festividades emblem\u00e1ticas del distrito: \u201cAyer ocurri\u00f3 algo trascendental. Quiero agradecerle a la senadora Ayel\u00e9n Dur\u00e1n por haber impulsado el proyecto para declarar provincial la Fiesta de los Reyes Magos de Sierra de la Ventana. Ya obtuvo media sanci\u00f3n en el Senado de la Provincia de Buenos Aires, y no tengo dudas de que ser\u00e1 aprobada definitivamente como fiesta provincial\u201d.<\/p>\n<p><em><strong>Carlos Lamas: \u201cTengo una mirada amplia del territorio\u201d<\/strong><\/em><\/p>\n<p>\u201cEs un momento especial. Me siento preparado y muy agradecido por la responsabilidad que me ofrecieron Pino y Estefan\u00eda\u201d, comenz\u00f3.<\/p>\n<p>\u201cHace 30 a\u00f1os que vivo en Villa Ventana y fui testigo de toda su transformaci\u00f3n. Entre 2003 y 2007 fui formador de gu\u00edas de turismo, y como gu\u00eda tengo una mirada amplia del territorio. Tengo muchos amigos vinculados al turismo: alojamientos, restaurantes, museos. Hay mucha gente cercana que hoy est\u00e1 trabajando, viviendo y so\u00f1ando ac\u00e1. Y hay que acompa\u00f1arlos con pol\u00edticas tur\u00edsticas que los potencien\u201d.<\/p>\n<p>Tambi\u00e9n comparti\u00f3 recuerdos sobre su labor en el Cerro Ventana: \u201cCuando hac\u00e9s el Ventana, el turista vive una experiencia muy fuerte. Eso lo voy a extra\u00f1ar un poquito. En alg\u00fan momento voy a volver. Son seis, siete horas compartidas con el visitante, y son realmente incre\u00edbles. Tengo escritas unas experiencias lind\u00edsimas sobre esos momentos\u201d.<\/p>\n<p>Lamas tambi\u00e9n destac\u00f3 la importancia de integrar la cultura, la historia y las pol\u00edticas p\u00fablicas. \u201cHace un par de a\u00f1os comenc\u00e9 con el taller de Rodolfo, donde combin\u00e9 pasiones e historias, y de ah\u00ed surgi\u00f3 el tour teatral. Ahora, parte de ese trabajo tambi\u00e9n va a trasladarse a otro \u00e1mbito, con el objetivo de fortalecer y potenciar el proyecto del Club Hotel\u201d.<\/p>\n<p>\u201cConozco profundamente el territorio; tengo muchas experiencias, conocimientos y un fuerte v\u00ednculo con la cultura. Creo que la mirada m\u00e1s completa es la de quienes vienen trabajando desde hace a\u00f1os. Conozco a Ludmila, que es una t\u00e9cnica de primera, y tambi\u00e9n al equipo que ya tuve la oportunidad de conocer. Adem\u00e1s, me comuniqu\u00e9 con quienes me precedieron \u2014Mart\u00edn, Gustavo, Jerem\u00edas y Enrique\u2014 para consultar, conversar, compartir ideas y profundizar el trabajo que ellos tambi\u00e9n llevaron adelante\u201d.<\/p>\n<p>Por \u00faltimo, asegur\u00f3 que su gesti\u00f3n buscar\u00e1 continuidad y cercan\u00eda con la comunidad:<br \/>\n\u201cEl esp\u00edritu de la Secretar\u00eda que viene, y que me transmiten, es el de una Secretar\u00eda abierta, presente en el territorio y trabajando mano a mano con la comunidad\u201d.<\/p>\n<p><em><strong>Ludmila Corvatta: \u201cVamos a poder trabajar much\u00edsimo\u201d<\/strong><\/em><\/p>\n<p>Ludmila Corvatta, subsecretaria de Turismo, celebr\u00f3 la llegada de Lamas al equipo.<br \/>\n\u201cHoy estamos muy contentos con la llegada de Charly, como le decimos nosotros. Como dec\u00eda Pino, todos lo conocemos porque est\u00e1 muy vinculado a la actividad tur\u00edstica. Ya trabajaba con nosotros desde el sector privado, y ahora nos acompa\u00f1a en el sector p\u00fablico.<\/p>\n<p>La verdad es que tenemos que aprovechar todo el conocimiento que trae Charly, porque como dec\u00edamos antes y \u00e9l mencionaba, toca un mont\u00f3n de aristas en lo educacional y en lo tur\u00edstico. Poder aprovechar todo eso va a ser muy interesante, y creo que va a tener una propuesta muy linda para la Secretar\u00eda.<\/p>\n<p>Estamos muy contentos todos. Ya se estuvo presentando con parte del equipo y ahora va a continuar. Vamos a poder trabajar much\u00edsimo\u201d, concluy\u00f3.<\/p>\n<p><img loading=\"lazy\" decoding=\"async\" class=\"alignnone wp-image-88846 size-large\" src=\"https:\/\/www.celttv.com.ar\/wp-content\/uploads\/2025\/06\/Asuncion-Lamas-1-Medium-1024x683.jpg\" alt=\"\" width=\"1024\" height=\"683\" srcset=\"https:\/\/www.celttv.com.ar\/wp-content\/uploads\/2025\/06\/Asuncion-Lamas-1-Medium-1024x683.jpg 1024w, https:\/\/www.celttv.com.ar\/wp-content\/uploads\/2025\/06\/Asuncion-Lamas-1-Medium-300x200.jpg 300w, https:\/\/www.celttv.com.ar\/wp-content\/uploads\/2025\/06\/Asuncion-Lamas-1-Medium-768x512.jpg 768w, https:\/\/www.celttv.com.ar\/wp-content\/uploads\/2025\/06\/Asuncion-Lamas-1-Medium-750x500.jpg 750w, https:\/\/www.celttv.com.ar\/wp-content\/uploads\/2025\/06\/Asuncion-Lamas-1-Medium-1140x761.jpg 1140w, https:\/\/www.celttv.com.ar\/wp-content\/uploads\/2025\/06\/Asuncion-Lamas-1-Medium.jpg 1151w\" sizes=\"auto, (max-width: 1024px) 100vw, 1024px\" \/><\/p>\n<p><img loading=\"lazy\" decoding=\"async\" class=\"alignnone wp-image-88847 size-large\" src=\"https:\/\/www.celttv.com.ar\/wp-content\/uploads\/2025\/06\/Asuncion-Lamas-2-Medium-1024x683.jpg\" alt=\"\" width=\"1024\" height=\"683\" srcset=\"https:\/\/www.celttv.com.ar\/wp-content\/uploads\/2025\/06\/Asuncion-Lamas-2-Medium-1024x683.jpg 1024w, https:\/\/www.celttv.com.ar\/wp-content\/uploads\/2025\/06\/Asuncion-Lamas-2-Medium-300x200.jpg 300w, https:\/\/www.celttv.com.ar\/wp-content\/uploads\/2025\/06\/Asuncion-Lamas-2-Medium-768x512.jpg 768w, https:\/\/www.celttv.com.ar\/wp-content\/uploads\/2025\/06\/Asuncion-Lamas-2-Medium-750x500.jpg 750w, https:\/\/www.celttv.com.ar\/wp-content\/uploads\/2025\/06\/Asuncion-Lamas-2-Medium-1140x761.jpg 1140w, https:\/\/www.celttv.com.ar\/wp-content\/uploads\/2025\/06\/Asuncion-Lamas-2-Medium.jpg 1151w\" sizes=\"auto, (max-width: 1024px) 100vw, 1024px\" \/> <img loading=\"lazy\" decoding=\"async\" class=\"alignnone wp-image-88849 size-large\" src=\"https:\/\/www.celttv.com.ar\/wp-content\/uploads\/2025\/06\/Asuncion-Lamas-4-Medium-1024x683.jpg\" alt=\"\" width=\"1024\" height=\"683\" srcset=\"https:\/\/www.celttv.com.ar\/wp-content\/uploads\/2025\/06\/Asuncion-Lamas-4-Medium-1024x683.jpg 1024w, https:\/\/www.celttv.com.ar\/wp-content\/uploads\/2025\/06\/Asuncion-Lamas-4-Medium-300x200.jpg 300w, https:\/\/www.celttv.com.ar\/wp-content\/uploads\/2025\/06\/Asuncion-Lamas-4-Medium-768x512.jpg 768w, https:\/\/www.celttv.com.ar\/wp-content\/uploads\/2025\/06\/Asuncion-Lamas-4-Medium-750x500.jpg 750w, https:\/\/www.celttv.com.ar\/wp-content\/uploads\/2025\/06\/Asuncion-Lamas-4-Medium-1140x761.jpg 1140w, https:\/\/www.celttv.com.ar\/wp-content\/uploads\/2025\/06\/Asuncion-Lamas-4-Medium.jpg 1151w\" sizes=\"auto, (max-width: 1024px) 100vw, 1024px\" \/><\/p>\n","protected":false},"excerpt":{"rendered":"<p>El Intendente Municipal, Sergio Bordoni, puso en funciones este mi\u00e9rcoles al nuevo Secretario de Turismo de Tornquist Municipio, Carlos Lamas. El funcionario fue presentado mediante una conferencia de prensa realizada en el despacho del jefe comunal, con la presencia adem\u00e1s de la Subsecretaria del \u00e1rea, Ludmila Corvatta. Lamas es vecino de Villa Ventana, docente, gu\u00eda [&hellip;]<\/p>\n","protected":false},"author":5,"featured_media":88846,"comment_status":"closed","ping_status":"closed","sticky":false,"template":"","format":"standard","meta":{"footnotes":""},"categories":[51,58],"tags":[],"class_list":["post-88845","post","type-post","status-publish","format-standard","has-post-thumbnail","hentry","category-comunidad","category-turismo"],"yoast_head":"<!-- This site is optimized with the Yoast SEO plugin v19.7.1 - https:\/\/yoast.com\/wordpress\/plugins\/seo\/ -->\n<title>El Intendente Municipal, Sergio Bordoni, puso en funciones este mi\u00e9rcoles al nuevo Secretario de Turismo de Tornquist Municipio, Carlos Lamas. - CELTTV<\/title>\n<meta name=\"description\" content=\"Sitio web de noticias de la localidad de Tornquist, provincia de Buenos Aires, Rep\u00fablica Argentina. Contenido propio originado por periodistas de CELTTV, el canal de TV local de la Cooperativa El\u00e9ctrica de Tornquist. Turismo, Pol\u00edtica, Sociedad, Deporte, Cultura y todo el contenido de inter\u00e9s general que la gente del pueblo y la regi\u00f3n debe conocer.\" \/>\n<meta name=\"robots\" content=\"index, follow, max-snippet:-1, max-image-preview:large, max-video-preview:-1\" \/>\n<link rel=\"canonical\" href=\"https:\/\/www.celttv.com.ar\/index.php\/2025\/06\/25\/asumio-el-nuevo-secretario-de-turismo-carlos-lamas\/\" \/>\n<meta property=\"og:locale\" content=\"es_ES\" \/>\n<meta property=\"og:type\" content=\"article\" \/>\n<meta property=\"og:title\" content=\"El Intendente Municipal, Sergio Bordoni, puso en funciones este mi\u00e9rcoles al nuevo Secretario de Turismo de Tornquist Municipio, Carlos Lamas. - CELTTV\" \/>\n<meta property=\"og:description\" content=\"Sitio web de noticias de la localidad de Tornquist, provincia de Buenos Aires, Rep\u00fablica Argentina. Contenido propio originado por periodistas de CELTTV, el canal de TV local de la Cooperativa El\u00e9ctrica de Tornquist. Turismo, Pol\u00edtica, Sociedad, Deporte, Cultura y todo el contenido de inter\u00e9s general que la gente del pueblo y la regi\u00f3n debe conocer.\" \/>\n<meta property=\"og:url\" content=\"https:\/\/www.celttv.com.ar\/index.php\/2025\/06\/25\/asumio-el-nuevo-secretario-de-turismo-carlos-lamas\/\" \/>\n<meta property=\"og:site_name\" content=\"CELTTV\" \/>\n<meta property=\"article:publisher\" content=\"https:\/\/www.facebook.com\/celtTV\/\" \/>\n<meta property=\"article:published_time\" content=\"2025-06-25T20:10:26+00:00\" \/>\n<meta property=\"article:modified_time\" content=\"2025-06-25T20:10:50+00:00\" \/>\n<meta property=\"og:image\" content=\"https:\/\/www.celttv.com.ar\/wp-content\/uploads\/2025\/06\/Asuncion-Lamas-1-Medium.jpg\" \/>\n\t<meta property=\"og:image:width\" content=\"1151\" \/>\n\t<meta property=\"og:image:height\" content=\"768\" \/>\n\t<meta property=\"og:image:type\" content=\"image\/jpeg\" \/>\n<meta name=\"author\" content=\"Miguel Herrada\" \/>\n<meta name=\"twitter:card\" content=\"summary_large_image\" \/>\n<meta name=\"twitter:label1\" content=\"Escrito por\" \/>\n\t<meta name=\"twitter:data1\" content=\"Miguel Herrada\" \/>\n\t<meta name=\"twitter:label2\" content=\"Tiempo de lectura\" \/>\n\t<meta name=\"twitter:data2\" content=\"4 minutos\" \/>\n<script type=\"application\/ld+json\" class=\"yoast-schema-graph\">{\"@context\":\"https:\/\/schema.org\",\"@graph\":[{\"@type\":\"NewsArticle\",\"@id\":\"https:\/\/www.celttv.com.ar\/index.php\/2025\/06\/25\/asumio-el-nuevo-secretario-de-turismo-carlos-lamas\/#article\",\"isPartOf\":{\"@id\":\"https:\/\/www.celttv.com.ar\/index.php\/2025\/06\/25\/asumio-el-nuevo-secretario-de-turismo-carlos-lamas\/\"},\"author\":{\"name\":\"Miguel Herrada\",\"@id\":\"https:\/\/www.celttv.com.ar\/#\/schema\/person\/9059dc91dc7204ef4182cdb65225f07d\"},\"headline\":\"El Intendente Municipal, Sergio Bordoni, puso en funciones este mi\u00e9rcoles al nuevo Secretario de Turismo de Tornquist Municipio, Carlos Lamas.\",\"datePublished\":\"2025-06-25T20:10:26+00:00\",\"dateModified\":\"2025-06-25T20:10:50+00:00\",\"mainEntityOfPage\":{\"@id\":\"https:\/\/www.celttv.com.ar\/index.php\/2025\/06\/25\/asumio-el-nuevo-secretario-de-turismo-carlos-lamas\/\"},\"wordCount\":904,\"publisher\":{\"@id\":\"https:\/\/www.celttv.com.ar\/#organization\"},\"articleSection\":[\"Comunidad\",\"Turismo\"],\"inLanguage\":\"es\"},{\"@type\":\"WebPage\",\"@id\":\"https:\/\/www.celttv.com.ar\/index.php\/2025\/06\/25\/asumio-el-nuevo-secretario-de-turismo-carlos-lamas\/\",\"url\":\"https:\/\/www.celttv.com.ar\/index.php\/2025\/06\/25\/asumio-el-nuevo-secretario-de-turismo-carlos-lamas\/\",\"name\":\"El Intendente Municipal, Sergio Bordoni, puso en funciones este mi\u00e9rcoles al nuevo Secretario de Turismo de Tornquist Municipio, Carlos Lamas. - CELTTV\",\"isPartOf\":{\"@id\":\"https:\/\/www.celttv.com.ar\/#website\"},\"datePublished\":\"2025-06-25T20:10:26+00:00\",\"dateModified\":\"2025-06-25T20:10:50+00:00\",\"description\":\"Sitio web de noticias de la localidad de Tornquist, provincia de Buenos Aires, Rep\u00fablica Argentina. Contenido propio originado por periodistas de CELTTV, el canal de TV local de la Cooperativa El\u00e9ctrica de Tornquist. Turismo, Pol\u00edtica, Sociedad, Deporte, Cultura y todo el contenido de inter\u00e9s general que la gente del pueblo y la regi\u00f3n debe conocer.\",\"breadcrumb\":{\"@id\":\"https:\/\/www.celttv.com.ar\/index.php\/2025\/06\/25\/asumio-el-nuevo-secretario-de-turismo-carlos-lamas\/#breadcrumb\"},\"inLanguage\":\"es\",\"potentialAction\":[{\"@type\":\"ReadAction\",\"target\":[\"https:\/\/www.celttv.com.ar\/index.php\/2025\/06\/25\/asumio-el-nuevo-secretario-de-turismo-carlos-lamas\/\"]}]},{\"@type\":\"BreadcrumbList\",\"@id\":\"https:\/\/www.celttv.com.ar\/index.php\/2025\/06\/25\/asumio-el-nuevo-secretario-de-turismo-carlos-lamas\/#breadcrumb\",\"itemListElement\":[{\"@type\":\"ListItem\",\"position\":1,\"name\":\"Inicio\",\"item\":\"https:\/\/www.celttv.com.ar\/\"},{\"@type\":\"ListItem\",\"position\":2,\"name\":\"El Intendente Municipal, Sergio Bordoni, puso en funciones este mi\u00e9rcoles al nuevo Secretario de Turismo de Tornquist Municipio, Carlos Lamas.\"}]},{\"@type\":\"WebSite\",\"@id\":\"https:\/\/www.celttv.com.ar\/#website\",\"url\":\"https:\/\/www.celttv.com.ar\/\",\"name\":\"CELTTV\",\"description\":\"Cooperativa El\u00e9ctrica de Tornquist\",\"publisher\":{\"@id\":\"https:\/\/www.celttv.com.ar\/#organization\"},\"potentialAction\":[{\"@type\":\"SearchAction\",\"target\":{\"@type\":\"EntryPoint\",\"urlTemplate\":\"https:\/\/www.celttv.com.ar\/?s={search_term_string}\"},\"query-input\":\"required name=search_term_string\"}],\"inLanguage\":\"es\"},{\"@type\":\"Organization\",\"@id\":\"https:\/\/www.celttv.com.ar\/#organization\",\"name\":\"CELTTV\",\"url\":\"https:\/\/www.celttv.com.ar\/\",\"sameAs\":[\"https:\/\/www.youtube.com\/channel\/UCz_oIt8Hig64Ub-EmcNPIhg\",\"https:\/\/www.facebook.com\/celtTV\/\"],\"logo\":{\"@type\":\"ImageObject\",\"inLanguage\":\"es\",\"@id\":\"https:\/\/www.celttv.com.ar\/#\/schema\/logo\/image\/\",\"url\":\"http:\/\/www.celttv.com.ar\/wp-content\/uploads\/2022\/08\/logo-1.png\",\"contentUrl\":\"http:\/\/www.celttv.com.ar\/wp-content\/uploads\/2022\/08\/logo-1.png\",\"width\":461,\"height\":159,\"caption\":\"CELTTV\"},\"image\":{\"@id\":\"https:\/\/www.celttv.com.ar\/#\/schema\/logo\/image\/\"}},{\"@type\":\"Person\",\"@id\":\"https:\/\/www.celttv.com.ar\/#\/schema\/person\/9059dc91dc7204ef4182cdb65225f07d\",\"name\":\"Miguel Herrada\",\"image\":{\"@type\":\"ImageObject\",\"inLanguage\":\"es\",\"@id\":\"https:\/\/www.celttv.com.ar\/#\/schema\/person\/image\/\",\"url\":\"https:\/\/secure.gravatar.com\/avatar\/67724d5b3c716623ffd76bec7e45841a442ac3b456e914dbba90b0fad2b8e0b1?s=96&d=mm&r=g\",\"contentUrl\":\"https:\/\/secure.gravatar.com\/avatar\/67724d5b3c716623ffd76bec7e45841a442ac3b456e914dbba90b0fad2b8e0b1?s=96&d=mm&r=g\",\"caption\":\"Miguel Herrada\"}}]}<\/script>\n<!-- \/ Yoast SEO plugin. -->","yoast_head_json":{"title":"El Intendente Municipal, Sergio Bordoni, puso en funciones este mi\u00e9rcoles al nuevo Secretario de Turismo de Tornquist Municipio, Carlos Lamas. - CELTTV","description":"Sitio web de noticias de la localidad de Tornquist, provincia de Buenos Aires, Rep\u00fablica Argentina. Contenido propio originado por periodistas de CELTTV, el canal de TV local de la Cooperativa El\u00e9ctrica de Tornquist. Turismo, Pol\u00edtica, Sociedad, Deporte, Cultura y todo el contenido de inter\u00e9s general que la gente del pueblo y la regi\u00f3n debe conocer.","robots":{"index":"index","follow":"follow","max-snippet":"max-snippet:-1","max-image-preview":"max-image-preview:large","max-video-preview":"max-video-preview:-1"},"canonical":"https:\/\/www.celttv.com.ar\/index.php\/2025\/06\/25\/asumio-el-nuevo-secretario-de-turismo-carlos-lamas\/","og_locale":"es_ES","og_type":"article","og_title":"El Intendente Municipal, Sergio Bordoni, puso en funciones este mi\u00e9rcoles al nuevo Secretario de Turismo de Tornquist Municipio, Carlos Lamas. - CELTTV","og_description":"Sitio web de noticias de la localidad de Tornquist, provincia de Buenos Aires, Rep\u00fablica Argentina. Contenido propio originado por periodistas de CELTTV, el canal de TV local de la Cooperativa El\u00e9ctrica de Tornquist. Turismo, Pol\u00edtica, Sociedad, Deporte, Cultura y todo el contenido de inter\u00e9s general que la gente del pueblo y la regi\u00f3n debe conocer.","og_url":"https:\/\/www.celttv.com.ar\/index.php\/2025\/06\/25\/asumio-el-nuevo-secretario-de-turismo-carlos-lamas\/","og_site_name":"CELTTV","article_publisher":"https:\/\/www.facebook.com\/celtTV\/","article_published_time":"2025-06-25T20:10:26+00:00","article_modified_time":"2025-06-25T20:10:50+00:00","og_image":[{"width":1151,"height":768,"url":"https:\/\/www.celttv.com.ar\/wp-content\/uploads\/2025\/06\/Asuncion-Lamas-1-Medium.jpg","type":"image\/jpeg"}],"author":"Miguel Herrada","twitter_card":"summary_large_image","twitter_misc":{"Escrito por":"Miguel Herrada","Tiempo de lectura":"4 minutos"},"schema":{"@context":"https:\/\/schema.org","@graph":[{"@type":"NewsArticle","@id":"https:\/\/www.celttv.com.ar\/index.php\/2025\/06\/25\/asumio-el-nuevo-secretario-de-turismo-carlos-lamas\/#article","isPartOf":{"@id":"https:\/\/www.celttv.com.ar\/index.php\/2025\/06\/25\/asumio-el-nuevo-secretario-de-turismo-carlos-lamas\/"},"author":{"name":"Miguel Herrada","@id":"https:\/\/www.celttv.com.ar\/#\/schema\/person\/9059dc91dc7204ef4182cdb65225f07d"},"headline":"El Intendente Municipal, Sergio Bordoni, puso en funciones este mi\u00e9rcoles al nuevo Secretario de Turismo de Tornquist Municipio, Carlos Lamas.","datePublished":"2025-06-25T20:10:26+00:00","dateModified":"2025-06-25T20:10:50+00:00","mainEntityOfPage":{"@id":"https:\/\/www.celttv.com.ar\/index.php\/2025\/06\/25\/asumio-el-nuevo-secretario-de-turismo-carlos-lamas\/"},"wordCount":904,"publisher":{"@id":"https:\/\/www.celttv.com.ar\/#organization"},"articleSection":["Comunidad","Turismo"],"inLanguage":"es"},{"@type":"WebPage","@id":"https:\/\/www.celttv.com.ar\/index.php\/2025\/06\/25\/asumio-el-nuevo-secretario-de-turismo-carlos-lamas\/","url":"https:\/\/www.celttv.com.ar\/index.php\/2025\/06\/25\/asumio-el-nuevo-secretario-de-turismo-carlos-lamas\/","name":"El Intendente Municipal, Sergio Bordoni, puso en funciones este mi\u00e9rcoles al nuevo Secretario de Turismo de Tornquist Municipio, Carlos Lamas. - CELTTV","isPartOf":{"@id":"https:\/\/www.celttv.com.ar\/#website"},"datePublished":"2025-06-25T20:10:26+00:00","dateModified":"2025-06-25T20:10:50+00:00","description":"Sitio web de noticias de la localidad de Tornquist, provincia de Buenos Aires, Rep\u00fablica Argentina. Contenido propio originado por periodistas de CELTTV, el canal de TV local de la Cooperativa El\u00e9ctrica de Tornquist. Turismo, Pol\u00edtica, Sociedad, Deporte, Cultura y todo el contenido de inter\u00e9s general que la gente del pueblo y la regi\u00f3n debe conocer.","breadcrumb":{"@id":"https:\/\/www.celttv.com.ar\/index.php\/2025\/06\/25\/asumio-el-nuevo-secretario-de-turismo-carlos-lamas\/#breadcrumb"},"inLanguage":"es","potentialAction":[{"@type":"ReadAction","target":["https:\/\/www.celttv.com.ar\/index.php\/2025\/06\/25\/asumio-el-nuevo-secretario-de-turismo-carlos-lamas\/"]}]},{"@type":"BreadcrumbList","@id":"https:\/\/www.celttv.com.ar\/index.php\/2025\/06\/25\/asumio-el-nuevo-secretario-de-turismo-carlos-lamas\/#breadcrumb","itemListElement":[{"@type":"ListItem","position":1,"name":"Inicio","item":"https:\/\/www.celttv.com.ar\/"},{"@type":"ListItem","position":2,"name":"El Intendente Municipal, Sergio Bordoni, puso en funciones este mi\u00e9rcoles al nuevo Secretario de Turismo de Tornquist Municipio, Carlos Lamas."}]},{"@type":"WebSite","@id":"https:\/\/www.celttv.com.ar\/#website","url":"https:\/\/www.celttv.com.ar\/","name":"CELTTV","description":"Cooperativa El\u00e9ctrica de Tornquist","publisher":{"@id":"https:\/\/www.celttv.com.ar\/#organization"},"potentialAction":[{"@type":"SearchAction","target":{"@type":"EntryPoint","urlTemplate":"https:\/\/www.celttv.com.ar\/?s={search_term_string}"},"query-input":"required name=search_term_string"}],"inLanguage":"es"},{"@type":"Organization","@id":"https:\/\/www.celttv.com.ar\/#organization","name":"CELTTV","url":"https:\/\/www.celttv.com.ar\/","sameAs":["https:\/\/www.youtube.com\/channel\/UCz_oIt8Hig64Ub-EmcNPIhg","https:\/\/www.facebook.com\/celtTV\/"],"logo":{"@type":"ImageObject","inLanguage":"es","@id":"https:\/\/www.celttv.com.ar\/#\/schema\/logo\/image\/","url":"http:\/\/www.celttv.com.ar\/wp-content\/uploads\/2022\/08\/logo-1.png","contentUrl":"http:\/\/www.celttv.com.ar\/wp-content\/uploads\/2022\/08\/logo-1.png","width":461,"height":159,"caption":"CELTTV"},"image":{"@id":"https:\/\/www.celttv.com.ar\/#\/schema\/logo\/image\/"}},{"@type":"Person","@id":"https:\/\/www.celttv.com.ar\/#\/schema\/person\/9059dc91dc7204ef4182cdb65225f07d","name":"Miguel Herrada","image":{"@type":"ImageObject","inLanguage":"es","@id":"https:\/\/www.celttv.com.ar\/#\/schema\/person\/image\/","url":"https:\/\/secure.gravatar.com\/avatar\/67724d5b3c716623ffd76bec7e45841a442ac3b456e914dbba90b0fad2b8e0b1?s=96&d=mm&r=g","contentUrl":"https:\/\/secure.gravatar.com\/avatar\/67724d5b3c716623ffd76bec7e45841a442ac3b456e914dbba90b0fad2b8e0b1?s=96&d=mm&r=g","caption":"Miguel Herrada"}}]}},"_links":{"self":[{"href":"https:\/\/www.celttv.com.ar\/index.php\/wp-json\/wp\/v2\/posts\/88845","targetHints":{"allow":["GET"]}}],"collection":[{"href":"https:\/\/www.celttv.com.ar\/index.php\/wp-json\/wp\/v2\/posts"}],"about":[{"href":"https:\/\/www.celttv.com.ar\/index.php\/wp-json\/wp\/v2\/types\/post"}],"author":[{"embeddable":true,"href":"https:\/\/www.celttv.com.ar\/index.php\/wp-json\/wp\/v2\/users\/5"}],"replies":[{"embeddable":true,"href":"https:\/\/www.celttv.com.ar\/index.php\/wp-json\/wp\/v2\/comments?post=88845"}],"version-history":[{"count":2,"href":"https:\/\/www.celttv.com.ar\/index.php\/wp-json\/wp\/v2\/posts\/88845\/revisions"}],"predecessor-version":[{"id":88851,"href":"https:\/\/www.celttv.com.ar\/index.php\/wp-json\/wp\/v2\/posts\/88845\/revisions\/88851"}],"wp:featuredmedia":[{"embeddable":true,"href":"https:\/\/www.celttv.com.ar\/index.php\/wp-json\/wp\/v2\/media\/88846"}],"wp:attachment":[{"href":"https:\/\/www.celttv.com.ar\/index.php\/wp-json\/wp\/v2\/media?parent=88845"}],"wp:term":[{"taxonomy":"category","embeddable":true,"href":"https:\/\/www.celttv.com.ar\/index.php\/wp-json\/wp\/v2\/categories?post=88845"},{"taxonomy":"post_tag","embeddable":true,"href":"https:\/\/www.celttv.com.ar\/index.php\/wp-json\/wp\/v2\/tags?post=88845"}],"curies":[{"name":"wp","href":"https:\/\/api.w.org\/{rel}","templated":true}]}}