{"id":88852,"date":"2025-06-25T18:06:43","date_gmt":"2025-06-25T21:06:43","guid":{"rendered":"https:\/\/www.celttv.com.ar\/?p=88852"},"modified":"2025-06-25T18:06:43","modified_gmt":"2025-06-25T21:06:43","slug":"reutilizacion-de-la-lana-de-esquila-relevamiento-de-productores-ovinos-de-la-region","status":"publish","type":"post","link":"https:\/\/www.celttv.com.ar\/index.php\/2025\/06\/25\/reutilizacion-de-la-lana-de-esquila-relevamiento-de-productores-ovinos-de-la-region\/","title":{"rendered":"Reutilizaci\u00f3n de la lana de esquila: Relevamiento de productores ovinos de la regi\u00f3n"},"content":{"rendered":"<p>En el marco del proyecto \u2018Econom\u00eda circular a partir de la puesta en valor de la lana ovina y su industrializaci\u00f3n en la regi\u00f3n Sudoeste de la Provincia de Buenos Aires\u2019, Tornquist Municipio y la Universidad Provincial del Sudoeste (UPSO), llevan adelante un relevamiento para evaluar la situaci\u00f3n de los productores ovinos de la regi\u00f3n.<\/p>\n<p>Los productores deben completar el siguiente formulario <a href=\"https:\/\/forms.gle\/VvEfT12Rzx7yqSpEA\">https:\/\/forms.gle\/VvEfT12Rzx7yqSpEA<\/a>, cuyos datos ser\u00e1n utilizados \u00fanicamente para evaluar la posibilidad de avanzar con la iniciativa, resguardando la confidencialidad de los datos.<\/p>\n<p>El proyecto busca diversificar la cadena de valor del sector productivo ovino de la regi\u00f3n, recuperando la lana resultante de las esquilas anuales e instalando un espacio de procesamiento y acondicionamiento del material, mediante el uso de tecnolog\u00edas de baja complejidad.<\/p>\n<p><img loading=\"lazy\" decoding=\"async\" class=\"alignnone wp-image-88853 size-full\" src=\"https:\/\/www.celttv.com.ar\/wp-content\/uploads\/2025\/06\/lana-ovina.png\" alt=\"\" width=\"744\" height=\"375\" srcset=\"https:\/\/www.celttv.com.ar\/wp-content\/uploads\/2025\/06\/lana-ovina.png 744w, https:\/\/www.celttv.com.ar\/wp-content\/uploads\/2025\/06\/lana-ovina-300x151.png 300w, https:\/\/www.celttv.com.ar\/wp-content\/uploads\/2025\/06\/lana-ovina-360x180.png 360w\" sizes=\"auto, (max-width: 744px) 100vw, 744px\" \/><\/p>\n","protected":false},"excerpt":{"rendered":"<p>En el marco del proyecto \u2018Econom\u00eda circular a partir de la puesta en valor de la lana ovina y su industrializaci\u00f3n en la regi\u00f3n Sudoeste de la Provincia de Buenos Aires\u2019, Tornquist Municipio y la Universidad Provincial del Sudoeste (UPSO), llevan adelante un relevamiento para evaluar la situaci\u00f3n de los productores ovinos de la regi\u00f3n. [&hellip;]<\/p>\n","protected":false},"author":5,"featured_media":88853,"comment_status":"closed","ping_status":"closed","sticky":false,"template":"","format":"standard","meta":{"footnotes":""},"categories":[59],"tags":[],"class_list":["post-88852","post","type-post","status-publish","format-standard","has-post-thumbnail","hentry","category-municipales"],"yoast_head":"<!-- This site is optimized with the Yoast SEO plugin v19.7.1 - https:\/\/yoast.com\/wordpress\/plugins\/seo\/ -->\n<title>Reutilizaci\u00f3n de la lana de esquila: Relevamiento de productores ovinos de la regi\u00f3n - CELTTV<\/title>\n<meta name=\"description\" content=\"Sitio web de noticias de la localidad de Tornquist, provincia de Buenos Aires, Rep\u00fablica Argentina. Contenido propio originado por periodistas de CELTTV, el canal de TV local de la Cooperativa El\u00e9ctrica de Tornquist. Turismo, Pol\u00edtica, Sociedad, Deporte, Cultura y todo el contenido de inter\u00e9s general que la gente del pueblo y la regi\u00f3n debe conocer.\" \/>\n<meta name=\"robots\" content=\"index, follow, max-snippet:-1, max-image-preview:large, max-video-preview:-1\" \/>\n<link rel=\"canonical\" href=\"https:\/\/www.celttv.com.ar\/index.php\/2025\/06\/25\/reutilizacion-de-la-lana-de-esquila-relevamiento-de-productores-ovinos-de-la-region\/\" \/>\n<meta property=\"og:locale\" content=\"es_ES\" \/>\n<meta property=\"og:type\" content=\"article\" \/>\n<meta property=\"og:title\" content=\"Reutilizaci\u00f3n de la lana de esquila: Relevamiento de productores ovinos de la regi\u00f3n - CELTTV\" \/>\n<meta property=\"og:description\" content=\"Sitio web de noticias de la localidad de Tornquist, provincia de Buenos Aires, Rep\u00fablica Argentina. Contenido propio originado por periodistas de CELTTV, el canal de TV local de la Cooperativa El\u00e9ctrica de Tornquist. Turismo, Pol\u00edtica, Sociedad, Deporte, Cultura y todo el contenido de inter\u00e9s general que la gente del pueblo y la regi\u00f3n debe conocer.\" \/>\n<meta property=\"og:url\" content=\"https:\/\/www.celttv.com.ar\/index.php\/2025\/06\/25\/reutilizacion-de-la-lana-de-esquila-relevamiento-de-productores-ovinos-de-la-region\/\" \/>\n<meta property=\"og:site_name\" content=\"CELTTV\" \/>\n<meta property=\"article:publisher\" content=\"https:\/\/www.facebook.com\/celtTV\/\" \/>\n<meta property=\"article:published_time\" content=\"2025-06-25T21:06:43+00:00\" \/>\n<meta property=\"og:image\" content=\"https:\/\/www.celttv.com.ar\/wp-content\/uploads\/2025\/06\/lana-ovina.png\" \/>\n\t<meta property=\"og:image:width\" content=\"744\" \/>\n\t<meta property=\"og:image:height\" content=\"375\" \/>\n\t<meta property=\"og:image:type\" content=\"image\/png\" \/>\n<meta name=\"author\" content=\"Miguel Herrada\" \/>\n<meta name=\"twitter:card\" content=\"summary_large_image\" \/>\n<meta name=\"twitter:label1\" content=\"Escrito por\" \/>\n\t<meta name=\"twitter:data1\" content=\"Miguel Herrada\" \/>\n\t<meta name=\"twitter:label2\" content=\"Tiempo de lectura\" \/>\n\t<meta name=\"twitter:data2\" content=\"1 minuto\" \/>\n<script type=\"application\/ld+json\" class=\"yoast-schema-graph\">{\"@context\":\"https:\/\/schema.org\",\"@graph\":[{\"@type\":\"NewsArticle\",\"@id\":\"https:\/\/www.celttv.com.ar\/index.php\/2025\/06\/25\/reutilizacion-de-la-lana-de-esquila-relevamiento-de-productores-ovinos-de-la-region\/#article\",\"isPartOf\":{\"@id\":\"https:\/\/www.celttv.com.ar\/index.php\/2025\/06\/25\/reutilizacion-de-la-lana-de-esquila-relevamiento-de-productores-ovinos-de-la-region\/\"},\"author\":{\"name\":\"Miguel Herrada\",\"@id\":\"https:\/\/www.celttv.com.ar\/#\/schema\/person\/9059dc91dc7204ef4182cdb65225f07d\"},\"headline\":\"Reutilizaci\u00f3n de la lana de esquila: Relevamiento de productores ovinos de la regi\u00f3n\",\"datePublished\":\"2025-06-25T21:06:43+00:00\",\"dateModified\":\"2025-06-25T21:06:43+00:00\",\"mainEntityOfPage\":{\"@id\":\"https:\/\/www.celttv.com.ar\/index.php\/2025\/06\/25\/reutilizacion-de-la-lana-de-esquila-relevamiento-de-productores-ovinos-de-la-region\/\"},\"wordCount\":152,\"publisher\":{\"@id\":\"https:\/\/www.celttv.com.ar\/#organization\"},\"articleSection\":[\"Municipales\"],\"inLanguage\":\"es\"},{\"@type\":\"WebPage\",\"@id\":\"https:\/\/www.celttv.com.ar\/index.php\/2025\/06\/25\/reutilizacion-de-la-lana-de-esquila-relevamiento-de-productores-ovinos-de-la-region\/\",\"url\":\"https:\/\/www.celttv.com.ar\/index.php\/2025\/06\/25\/reutilizacion-de-la-lana-de-esquila-relevamiento-de-productores-ovinos-de-la-region\/\",\"name\":\"Reutilizaci\u00f3n de la lana de esquila: Relevamiento de productores ovinos de la regi\u00f3n - CELTTV\",\"isPartOf\":{\"@id\":\"https:\/\/www.celttv.com.ar\/#website\"},\"datePublished\":\"2025-06-25T21:06:43+00:00\",\"dateModified\":\"2025-06-25T21:06:43+00:00\",\"description\":\"Sitio web de noticias de la localidad de Tornquist, provincia de Buenos Aires, Rep\u00fablica Argentina. Contenido propio originado por periodistas de CELTTV, el canal de TV local de la Cooperativa El\u00e9ctrica de Tornquist. Turismo, Pol\u00edtica, Sociedad, Deporte, Cultura y todo el contenido de inter\u00e9s general que la gente del pueblo y la regi\u00f3n debe conocer.\",\"breadcrumb\":{\"@id\":\"https:\/\/www.celttv.com.ar\/index.php\/2025\/06\/25\/reutilizacion-de-la-lana-de-esquila-relevamiento-de-productores-ovinos-de-la-region\/#breadcrumb\"},\"inLanguage\":\"es\",\"potentialAction\":[{\"@type\":\"ReadAction\",\"target\":[\"https:\/\/www.celttv.com.ar\/index.php\/2025\/06\/25\/reutilizacion-de-la-lana-de-esquila-relevamiento-de-productores-ovinos-de-la-region\/\"]}]},{\"@type\":\"BreadcrumbList\",\"@id\":\"https:\/\/www.celttv.com.ar\/index.php\/2025\/06\/25\/reutilizacion-de-la-lana-de-esquila-relevamiento-de-productores-ovinos-de-la-region\/#breadcrumb\",\"itemListElement\":[{\"@type\":\"ListItem\",\"position\":1,\"name\":\"Inicio\",\"item\":\"https:\/\/www.celttv.com.ar\/\"},{\"@type\":\"ListItem\",\"position\":2,\"name\":\"Reutilizaci\u00f3n de la lana de esquila: Relevamiento de productores ovinos de la regi\u00f3n\"}]},{\"@type\":\"WebSite\",\"@id\":\"https:\/\/www.celttv.com.ar\/#website\",\"url\":\"https:\/\/www.celttv.com.ar\/\",\"name\":\"CELTTV\",\"description\":\"Cooperativa El\u00e9ctrica de Tornquist\",\"publisher\":{\"@id\":\"https:\/\/www.celttv.com.ar\/#organization\"},\"potentialAction\":[{\"@type\":\"SearchAction\",\"target\":{\"@type\":\"EntryPoint\",\"urlTemplate\":\"https:\/\/www.celttv.com.ar\/?s={search_term_string}\"},\"query-input\":\"required name=search_term_string\"}],\"inLanguage\":\"es\"},{\"@type\":\"Organization\",\"@id\":\"https:\/\/www.celttv.com.ar\/#organization\",\"name\":\"CELTTV\",\"url\":\"https:\/\/www.celttv.com.ar\/\",\"sameAs\":[\"https:\/\/www.youtube.com\/channel\/UCz_oIt8Hig64Ub-EmcNPIhg\",\"https:\/\/www.facebook.com\/celtTV\/\"],\"logo\":{\"@type\":\"ImageObject\",\"inLanguage\":\"es\",\"@id\":\"https:\/\/www.celttv.com.ar\/#\/schema\/logo\/image\/\",\"url\":\"http:\/\/www.celttv.com.ar\/wp-content\/uploads\/2022\/08\/logo-1.png\",\"contentUrl\":\"http:\/\/www.celttv.com.ar\/wp-content\/uploads\/2022\/08\/logo-1.png\",\"width\":461,\"height\":159,\"caption\":\"CELTTV\"},\"image\":{\"@id\":\"https:\/\/www.celttv.com.ar\/#\/schema\/logo\/image\/\"}},{\"@type\":\"Person\",\"@id\":\"https:\/\/www.celttv.com.ar\/#\/schema\/person\/9059dc91dc7204ef4182cdb65225f07d\",\"name\":\"Miguel Herrada\",\"image\":{\"@type\":\"ImageObject\",\"inLanguage\":\"es\",\"@id\":\"https:\/\/www.celttv.com.ar\/#\/schema\/person\/image\/\",\"url\":\"https:\/\/secure.gravatar.com\/avatar\/67724d5b3c716623ffd76bec7e45841a442ac3b456e914dbba90b0fad2b8e0b1?s=96&d=mm&r=g\",\"contentUrl\":\"https:\/\/secure.gravatar.com\/avatar\/67724d5b3c716623ffd76bec7e45841a442ac3b456e914dbba90b0fad2b8e0b1?s=96&d=mm&r=g\",\"caption\":\"Miguel Herrada\"}}]}<\/script>\n<!-- \/ Yoast SEO plugin. -->","yoast_head_json":{"title":"Reutilizaci\u00f3n de la lana de esquila: Relevamiento de productores ovinos de la regi\u00f3n - CELTTV","description":"Sitio web de noticias de la localidad de Tornquist, provincia de Buenos Aires, Rep\u00fablica Argentina. Contenido propio originado por periodistas de CELTTV, el canal de TV local de la Cooperativa El\u00e9ctrica de Tornquist. Turismo, Pol\u00edtica, Sociedad, Deporte, Cultura y todo el contenido de inter\u00e9s general que la gente del pueblo y la regi\u00f3n debe conocer.","robots":{"index":"index","follow":"follow","max-snippet":"max-snippet:-1","max-image-preview":"max-image-preview:large","max-video-preview":"max-video-preview:-1"},"canonical":"https:\/\/www.celttv.com.ar\/index.php\/2025\/06\/25\/reutilizacion-de-la-lana-de-esquila-relevamiento-de-productores-ovinos-de-la-region\/","og_locale":"es_ES","og_type":"article","og_title":"Reutilizaci\u00f3n de la lana de esquila: Relevamiento de productores ovinos de la regi\u00f3n - CELTTV","og_description":"Sitio web de noticias de la localidad de Tornquist, provincia de Buenos Aires, Rep\u00fablica Argentina. Contenido propio originado por periodistas de CELTTV, el canal de TV local de la Cooperativa El\u00e9ctrica de Tornquist. Turismo, Pol\u00edtica, Sociedad, Deporte, Cultura y todo el contenido de inter\u00e9s general que la gente del pueblo y la regi\u00f3n debe conocer.","og_url":"https:\/\/www.celttv.com.ar\/index.php\/2025\/06\/25\/reutilizacion-de-la-lana-de-esquila-relevamiento-de-productores-ovinos-de-la-region\/","og_site_name":"CELTTV","article_publisher":"https:\/\/www.facebook.com\/celtTV\/","article_published_time":"2025-06-25T21:06:43+00:00","og_image":[{"width":744,"height":375,"url":"https:\/\/www.celttv.com.ar\/wp-content\/uploads\/2025\/06\/lana-ovina.png","type":"image\/png"}],"author":"Miguel Herrada","twitter_card":"summary_large_image","twitter_misc":{"Escrito por":"Miguel Herrada","Tiempo de lectura":"1 minuto"},"schema":{"@context":"https:\/\/schema.org","@graph":[{"@type":"NewsArticle","@id":"https:\/\/www.celttv.com.ar\/index.php\/2025\/06\/25\/reutilizacion-de-la-lana-de-esquila-relevamiento-de-productores-ovinos-de-la-region\/#article","isPartOf":{"@id":"https:\/\/www.celttv.com.ar\/index.php\/2025\/06\/25\/reutilizacion-de-la-lana-de-esquila-relevamiento-de-productores-ovinos-de-la-region\/"},"author":{"name":"Miguel Herrada","@id":"https:\/\/www.celttv.com.ar\/#\/schema\/person\/9059dc91dc7204ef4182cdb65225f07d"},"headline":"Reutilizaci\u00f3n de la lana de esquila: Relevamiento de productores ovinos de la regi\u00f3n","datePublished":"2025-06-25T21:06:43+00:00","dateModified":"2025-06-25T21:06:43+00:00","mainEntityOfPage":{"@id":"https:\/\/www.celttv.com.ar\/index.php\/2025\/06\/25\/reutilizacion-de-la-lana-de-esquila-relevamiento-de-productores-ovinos-de-la-region\/"},"wordCount":152,"publisher":{"@id":"https:\/\/www.celttv.com.ar\/#organization"},"articleSection":["Municipales"],"inLanguage":"es"},{"@type":"WebPage","@id":"https:\/\/www.celttv.com.ar\/index.php\/2025\/06\/25\/reutilizacion-de-la-lana-de-esquila-relevamiento-de-productores-ovinos-de-la-region\/","url":"https:\/\/www.celttv.com.ar\/index.php\/2025\/06\/25\/reutilizacion-de-la-lana-de-esquila-relevamiento-de-productores-ovinos-de-la-region\/","name":"Reutilizaci\u00f3n de la lana de esquila: Relevamiento de productores ovinos de la regi\u00f3n - CELTTV","isPartOf":{"@id":"https:\/\/www.celttv.com.ar\/#website"},"datePublished":"2025-06-25T21:06:43+00:00","dateModified":"2025-06-25T21:06:43+00:00","description":"Sitio web de noticias de la localidad de Tornquist, provincia de Buenos Aires, Rep\u00fablica Argentina. Contenido propio originado por periodistas de CELTTV, el canal de TV local de la Cooperativa El\u00e9ctrica de Tornquist. Turismo, Pol\u00edtica, Sociedad, Deporte, Cultura y todo el contenido de inter\u00e9s general que la gente del pueblo y la regi\u00f3n debe conocer.","breadcrumb":{"@id":"https:\/\/www.celttv.com.ar\/index.php\/2025\/06\/25\/reutilizacion-de-la-lana-de-esquila-relevamiento-de-productores-ovinos-de-la-region\/#breadcrumb"},"inLanguage":"es","potentialAction":[{"@type":"ReadAction","target":["https:\/\/www.celttv.com.ar\/index.php\/2025\/06\/25\/reutilizacion-de-la-lana-de-esquila-relevamiento-de-productores-ovinos-de-la-region\/"]}]},{"@type":"BreadcrumbList","@id":"https:\/\/www.celttv.com.ar\/index.php\/2025\/06\/25\/reutilizacion-de-la-lana-de-esquila-relevamiento-de-productores-ovinos-de-la-region\/#breadcrumb","itemListElement":[{"@type":"ListItem","position":1,"name":"Inicio","item":"https:\/\/www.celttv.com.ar\/"},{"@type":"ListItem","position":2,"name":"Reutilizaci\u00f3n de la lana de esquila: Relevamiento de productores ovinos de la regi\u00f3n"}]},{"@type":"WebSite","@id":"https:\/\/www.celttv.com.ar\/#website","url":"https:\/\/www.celttv.com.ar\/","name":"CELTTV","description":"Cooperativa El\u00e9ctrica de Tornquist","publisher":{"@id":"https:\/\/www.celttv.com.ar\/#organization"},"potentialAction":[{"@type":"SearchAction","target":{"@type":"EntryPoint","urlTemplate":"https:\/\/www.celttv.com.ar\/?s={search_term_string}"},"query-input":"required name=search_term_string"}],"inLanguage":"es"},{"@type":"Organization","@id":"https:\/\/www.celttv.com.ar\/#organization","name":"CELTTV","url":"https:\/\/www.celttv.com.ar\/","sameAs":["https:\/\/www.youtube.com\/channel\/UCz_oIt8Hig64Ub-EmcNPIhg","https:\/\/www.facebook.com\/celtTV\/"],"logo":{"@type":"ImageObject","inLanguage":"es","@id":"https:\/\/www.celttv.com.ar\/#\/schema\/logo\/image\/","url":"http:\/\/www.celttv.com.ar\/wp-content\/uploads\/2022\/08\/logo-1.png","contentUrl":"http:\/\/www.celttv.com.ar\/wp-content\/uploads\/2022\/08\/logo-1.png","width":461,"height":159,"caption":"CELTTV"},"image":{"@id":"https:\/\/www.celttv.com.ar\/#\/schema\/logo\/image\/"}},{"@type":"Person","@id":"https:\/\/www.celttv.com.ar\/#\/schema\/person\/9059dc91dc7204ef4182cdb65225f07d","name":"Miguel Herrada","image":{"@type":"ImageObject","inLanguage":"es","@id":"https:\/\/www.celttv.com.ar\/#\/schema\/person\/image\/","url":"https:\/\/secure.gravatar.com\/avatar\/67724d5b3c716623ffd76bec7e45841a442ac3b456e914dbba90b0fad2b8e0b1?s=96&d=mm&r=g","contentUrl":"https:\/\/secure.gravatar.com\/avatar\/67724d5b3c716623ffd76bec7e45841a442ac3b456e914dbba90b0fad2b8e0b1?s=96&d=mm&r=g","caption":"Miguel Herrada"}}]}},"_links":{"self":[{"href":"https:\/\/www.celttv.com.ar\/index.php\/wp-json\/wp\/v2\/posts\/88852","targetHints":{"allow":["GET"]}}],"collection":[{"href":"https:\/\/www.celttv.com.ar\/index.php\/wp-json\/wp\/v2\/posts"}],"about":[{"href":"https:\/\/www.celttv.com.ar\/index.php\/wp-json\/wp\/v2\/types\/post"}],"author":[{"embeddable":true,"href":"https:\/\/www.celttv.com.ar\/index.php\/wp-json\/wp\/v2\/users\/5"}],"replies":[{"embeddable":true,"href":"https:\/\/www.celttv.com.ar\/index.php\/wp-json\/wp\/v2\/comments?post=88852"}],"version-history":[{"count":1,"href":"https:\/\/www.celttv.com.ar\/index.php\/wp-json\/wp\/v2\/posts\/88852\/revisions"}],"predecessor-version":[{"id":88854,"href":"https:\/\/www.celttv.com.ar\/index.php\/wp-json\/wp\/v2\/posts\/88852\/revisions\/88854"}],"wp:featuredmedia":[{"embeddable":true,"href":"https:\/\/www.celttv.com.ar\/index.php\/wp-json\/wp\/v2\/media\/88853"}],"wp:attachment":[{"href":"https:\/\/www.celttv.com.ar\/index.php\/wp-json\/wp\/v2\/media?parent=88852"}],"wp:term":[{"taxonomy":"category","embeddable":true,"href":"https:\/\/www.celttv.com.ar\/index.php\/wp-json\/wp\/v2\/categories?post=88852"},{"taxonomy":"post_tag","embeddable":true,"href":"https:\/\/www.celttv.com.ar\/index.php\/wp-json\/wp\/v2\/tags?post=88852"}],"curies":[{"name":"wp","href":"https:\/\/api.w.org\/{rel}","templated":true}]}}