{"id":88872,"date":"2025-06-27T19:57:35","date_gmt":"2025-06-27T22:57:35","guid":{"rendered":"https:\/\/www.celttv.com.ar\/?p=88872"},"modified":"2025-06-27T20:09:28","modified_gmt":"2025-06-27T23:09:28","slug":"se-habilita-el-ingreso-al-club-hotel-de-la-ventana-para-personas-con-domicilio-en-el-distrito","status":"publish","type":"post","link":"https:\/\/www.celttv.com.ar\/index.php\/2025\/06\/27\/se-habilita-el-ingreso-al-club-hotel-de-la-ventana-para-personas-con-domicilio-en-el-distrito\/","title":{"rendered":"Se habilita el ingreso al Club Hotel de la Ventana para personas con domicilio en el distrito"},"content":{"rendered":"<p>Desde este s\u00e1bado 28 de junio, quedar\u00e1 habilitada la apertura controlada del predio del Club Hotel de la Ventana, para residentes y no residentes con domicilio en el distrito de Tornquist.<\/p>\n<p>El ingreso estar\u00e1 habilitado de mi\u00e9rcoles a domingos, de 10 a 16 horas. El registro de ingresos ser\u00e1 realizado por el personal encargado en la oficina de entrada al lugar, por lo que es imprescindible que los visitantes se anuncien al llegar y presenten su DNI u otra documentaci\u00f3n pertinente.<\/p>\n<p>En esta instancia de apertura, el recorrido permitido se extiende \u00fanicamente hasta el frente del edificio principal, debiendo los visitantes, mantenerse en todo momento dentro de los caminos delimitados.<\/p>\n<p>El acceso ser\u00e1 s\u00f3lo a pie o en bicicleta, no pudiendo hacerlo en veh\u00edculo, excepto casos justificados por condiciones de movilidad reducida.<\/p>\n<p>Los menores de 16 a\u00f1os deben acudir acompa\u00f1ados por un adulto, mientras que los j\u00f3venes de entre 16 y 17 podr\u00e1n ingresar sin acompa\u00f1ante, pero con una autorizaci\u00f3n en la que un mayor de edad asuma responsabilidades por eventuales da\u00f1os que pudiera ocasionar.<\/p>\n<p>Estar\u00e1 permitido el ingreso con mascotas chicas, debiendo sus due\u00f1os responsabilizarse del comportamiento y residuos que genere.<\/p>\n<p>Asimismo, se establecieron las siguientes normas de conducta:<\/p>\n<p>-Se permite la realizaci\u00f3n de picnics y el consumo de mate dentro del \u00e1rea habilitada, siempre que se mantenga la limpieza y el respeto por el entorno.<\/p>\n<p>-Todas las personas visitantes deber\u00e1n retirar los residuos generados durante su estad\u00eda.<\/p>\n<p>-Est\u00e1 prohibido treparse a estructuras, muros o restos edilicios, as\u00ed como da\u00f1ar, remover o intervenir de cualquier forma los elementos del sitio.<\/p>\n<p>-En d\u00edas de lluvia, el predio permanecer\u00e1 cerrado.<\/p>\n<p>-No se permite arrojar basura, encender fuego ni realizar actividades que comprometan la integridad del lugar o de otras personas.<\/p>\n<p>Todos aquellos que no puedan demostrar su residencia en el distrito y\/o no est\u00e9n acompa\u00f1ados por uno de ellos, deber\u00e1 abonar entrada e ingresar con un gu\u00eda habilitado.<\/p>\n<p><img loading=\"lazy\" decoding=\"async\" class=\"alignnone wp-image-88873 size-full\" src=\"https:\/\/www.celttv.com.ar\/wp-content\/uploads\/2025\/06\/ex-club-hotel-2.jpg\" alt=\"\" width=\"1000\" height=\"600\" srcset=\"https:\/\/www.celttv.com.ar\/wp-content\/uploads\/2025\/06\/ex-club-hotel-2.jpg 1000w, https:\/\/www.celttv.com.ar\/wp-content\/uploads\/2025\/06\/ex-club-hotel-2-300x180.jpg 300w, https:\/\/www.celttv.com.ar\/wp-content\/uploads\/2025\/06\/ex-club-hotel-2-768x461.jpg 768w, https:\/\/www.celttv.com.ar\/wp-content\/uploads\/2025\/06\/ex-club-hotel-2-750x450.jpg 750w\" sizes=\"auto, (max-width: 1000px) 100vw, 1000px\" \/><\/p>\n","protected":false},"excerpt":{"rendered":"<p>Desde este s\u00e1bado 28 de junio, quedar\u00e1 habilitada la apertura controlada del predio del Club Hotel de la Ventana, para residentes y no residentes con domicilio en el distrito de Tornquist. El ingreso estar\u00e1 habilitado de mi\u00e9rcoles a domingos, de 10 a 16 horas. El registro de ingresos ser\u00e1 realizado por el personal encargado en [&hellip;]<\/p>\n","protected":false},"author":5,"featured_media":88873,"comment_status":"closed","ping_status":"closed","sticky":false,"template":"","format":"standard","meta":{"footnotes":""},"categories":[58],"tags":[],"class_list":["post-88872","post","type-post","status-publish","format-standard","has-post-thumbnail","hentry","category-turismo"],"yoast_head":"<!-- This site is optimized with the Yoast SEO plugin v19.7.1 - https:\/\/yoast.com\/wordpress\/plugins\/seo\/ -->\n<title>Se habilita el ingreso al Club Hotel de la Ventana para personas con domicilio en el distrito - CELTTV<\/title>\n<meta name=\"description\" content=\"Sitio web de noticias de la localidad de Tornquist, provincia de Buenos Aires, Rep\u00fablica Argentina. Contenido propio originado por periodistas de CELTTV, el canal de TV local de la Cooperativa El\u00e9ctrica de Tornquist. Turismo, Pol\u00edtica, Sociedad, Deporte, Cultura y todo el contenido de inter\u00e9s general que la gente del pueblo y la regi\u00f3n debe conocer.\" \/>\n<meta name=\"robots\" content=\"index, follow, max-snippet:-1, max-image-preview:large, max-video-preview:-1\" \/>\n<link rel=\"canonical\" href=\"https:\/\/www.celttv.com.ar\/index.php\/2025\/06\/27\/se-habilita-el-ingreso-al-club-hotel-de-la-ventana-para-personas-con-domicilio-en-el-distrito\/\" \/>\n<meta property=\"og:locale\" content=\"es_ES\" \/>\n<meta property=\"og:type\" content=\"article\" \/>\n<meta property=\"og:title\" content=\"Se habilita el ingreso al Club Hotel de la Ventana para personas con domicilio en el distrito - CELTTV\" \/>\n<meta property=\"og:description\" content=\"Sitio web de noticias de la localidad de Tornquist, provincia de Buenos Aires, Rep\u00fablica Argentina. Contenido propio originado por periodistas de CELTTV, el canal de TV local de la Cooperativa El\u00e9ctrica de Tornquist. Turismo, Pol\u00edtica, Sociedad, Deporte, Cultura y todo el contenido de inter\u00e9s general que la gente del pueblo y la regi\u00f3n debe conocer.\" \/>\n<meta property=\"og:url\" content=\"https:\/\/www.celttv.com.ar\/index.php\/2025\/06\/27\/se-habilita-el-ingreso-al-club-hotel-de-la-ventana-para-personas-con-domicilio-en-el-distrito\/\" \/>\n<meta property=\"og:site_name\" content=\"CELTTV\" \/>\n<meta property=\"article:publisher\" content=\"https:\/\/www.facebook.com\/celtTV\/\" \/>\n<meta property=\"article:published_time\" content=\"2025-06-27T22:57:35+00:00\" \/>\n<meta property=\"article:modified_time\" content=\"2025-06-27T23:09:28+00:00\" \/>\n<meta property=\"og:image\" content=\"https:\/\/www.celttv.com.ar\/wp-content\/uploads\/2025\/06\/ex-club-hotel-2.jpg\" \/>\n\t<meta property=\"og:image:width\" content=\"1000\" \/>\n\t<meta property=\"og:image:height\" content=\"600\" \/>\n\t<meta property=\"og:image:type\" content=\"image\/jpeg\" \/>\n<meta name=\"author\" content=\"Miguel Herrada\" \/>\n<meta name=\"twitter:card\" content=\"summary_large_image\" \/>\n<meta name=\"twitter:label1\" content=\"Escrito por\" \/>\n\t<meta name=\"twitter:data1\" content=\"Miguel Herrada\" \/>\n\t<meta name=\"twitter:label2\" content=\"Tiempo de lectura\" \/>\n\t<meta name=\"twitter:data2\" content=\"2 minutos\" \/>\n<script type=\"application\/ld+json\" class=\"yoast-schema-graph\">{\"@context\":\"https:\/\/schema.org\",\"@graph\":[{\"@type\":\"NewsArticle\",\"@id\":\"https:\/\/www.celttv.com.ar\/index.php\/2025\/06\/27\/se-habilita-el-ingreso-al-club-hotel-de-la-ventana-para-personas-con-domicilio-en-el-distrito\/#article\",\"isPartOf\":{\"@id\":\"https:\/\/www.celttv.com.ar\/index.php\/2025\/06\/27\/se-habilita-el-ingreso-al-club-hotel-de-la-ventana-para-personas-con-domicilio-en-el-distrito\/\"},\"author\":{\"name\":\"Miguel Herrada\",\"@id\":\"https:\/\/www.celttv.com.ar\/#\/schema\/person\/9059dc91dc7204ef4182cdb65225f07d\"},\"headline\":\"Se habilita el ingreso al Club Hotel de la Ventana para personas con domicilio en el distrito\",\"datePublished\":\"2025-06-27T22:57:35+00:00\",\"dateModified\":\"2025-06-27T23:09:28+00:00\",\"mainEntityOfPage\":{\"@id\":\"https:\/\/www.celttv.com.ar\/index.php\/2025\/06\/27\/se-habilita-el-ingreso-al-club-hotel-de-la-ventana-para-personas-con-domicilio-en-el-distrito\/\"},\"wordCount\":350,\"publisher\":{\"@id\":\"https:\/\/www.celttv.com.ar\/#organization\"},\"articleSection\":[\"Turismo\"],\"inLanguage\":\"es\"},{\"@type\":\"WebPage\",\"@id\":\"https:\/\/www.celttv.com.ar\/index.php\/2025\/06\/27\/se-habilita-el-ingreso-al-club-hotel-de-la-ventana-para-personas-con-domicilio-en-el-distrito\/\",\"url\":\"https:\/\/www.celttv.com.ar\/index.php\/2025\/06\/27\/se-habilita-el-ingreso-al-club-hotel-de-la-ventana-para-personas-con-domicilio-en-el-distrito\/\",\"name\":\"Se habilita el ingreso al Club Hotel de la Ventana para personas con domicilio en el distrito - CELTTV\",\"isPartOf\":{\"@id\":\"https:\/\/www.celttv.com.ar\/#website\"},\"datePublished\":\"2025-06-27T22:57:35+00:00\",\"dateModified\":\"2025-06-27T23:09:28+00:00\",\"description\":\"Sitio web de noticias de la localidad de Tornquist, provincia de Buenos Aires, Rep\u00fablica Argentina. Contenido propio originado por periodistas de CELTTV, el canal de TV local de la Cooperativa El\u00e9ctrica de Tornquist. Turismo, Pol\u00edtica, Sociedad, Deporte, Cultura y todo el contenido de inter\u00e9s general que la gente del pueblo y la regi\u00f3n debe conocer.\",\"breadcrumb\":{\"@id\":\"https:\/\/www.celttv.com.ar\/index.php\/2025\/06\/27\/se-habilita-el-ingreso-al-club-hotel-de-la-ventana-para-personas-con-domicilio-en-el-distrito\/#breadcrumb\"},\"inLanguage\":\"es\",\"potentialAction\":[{\"@type\":\"ReadAction\",\"target\":[\"https:\/\/www.celttv.com.ar\/index.php\/2025\/06\/27\/se-habilita-el-ingreso-al-club-hotel-de-la-ventana-para-personas-con-domicilio-en-el-distrito\/\"]}]},{\"@type\":\"BreadcrumbList\",\"@id\":\"https:\/\/www.celttv.com.ar\/index.php\/2025\/06\/27\/se-habilita-el-ingreso-al-club-hotel-de-la-ventana-para-personas-con-domicilio-en-el-distrito\/#breadcrumb\",\"itemListElement\":[{\"@type\":\"ListItem\",\"position\":1,\"name\":\"Inicio\",\"item\":\"https:\/\/www.celttv.com.ar\/\"},{\"@type\":\"ListItem\",\"position\":2,\"name\":\"Se habilita el ingreso al Club Hotel de la Ventana para personas con domicilio en el distrito\"}]},{\"@type\":\"WebSite\",\"@id\":\"https:\/\/www.celttv.com.ar\/#website\",\"url\":\"https:\/\/www.celttv.com.ar\/\",\"name\":\"CELTTV\",\"description\":\"Cooperativa El\u00e9ctrica de Tornquist\",\"publisher\":{\"@id\":\"https:\/\/www.celttv.com.ar\/#organization\"},\"potentialAction\":[{\"@type\":\"SearchAction\",\"target\":{\"@type\":\"EntryPoint\",\"urlTemplate\":\"https:\/\/www.celttv.com.ar\/?s={search_term_string}\"},\"query-input\":\"required name=search_term_string\"}],\"inLanguage\":\"es\"},{\"@type\":\"Organization\",\"@id\":\"https:\/\/www.celttv.com.ar\/#organization\",\"name\":\"CELTTV\",\"url\":\"https:\/\/www.celttv.com.ar\/\",\"sameAs\":[\"https:\/\/www.youtube.com\/channel\/UCz_oIt8Hig64Ub-EmcNPIhg\",\"https:\/\/www.facebook.com\/celtTV\/\"],\"logo\":{\"@type\":\"ImageObject\",\"inLanguage\":\"es\",\"@id\":\"https:\/\/www.celttv.com.ar\/#\/schema\/logo\/image\/\",\"url\":\"http:\/\/www.celttv.com.ar\/wp-content\/uploads\/2022\/08\/logo-1.png\",\"contentUrl\":\"http:\/\/www.celttv.com.ar\/wp-content\/uploads\/2022\/08\/logo-1.png\",\"width\":461,\"height\":159,\"caption\":\"CELTTV\"},\"image\":{\"@id\":\"https:\/\/www.celttv.com.ar\/#\/schema\/logo\/image\/\"}},{\"@type\":\"Person\",\"@id\":\"https:\/\/www.celttv.com.ar\/#\/schema\/person\/9059dc91dc7204ef4182cdb65225f07d\",\"name\":\"Miguel Herrada\",\"image\":{\"@type\":\"ImageObject\",\"inLanguage\":\"es\",\"@id\":\"https:\/\/www.celttv.com.ar\/#\/schema\/person\/image\/\",\"url\":\"https:\/\/secure.gravatar.com\/avatar\/67724d5b3c716623ffd76bec7e45841a442ac3b456e914dbba90b0fad2b8e0b1?s=96&d=mm&r=g\",\"contentUrl\":\"https:\/\/secure.gravatar.com\/avatar\/67724d5b3c716623ffd76bec7e45841a442ac3b456e914dbba90b0fad2b8e0b1?s=96&d=mm&r=g\",\"caption\":\"Miguel Herrada\"}}]}<\/script>\n<!-- \/ Yoast SEO plugin. -->","yoast_head_json":{"title":"Se habilita el ingreso al Club Hotel de la Ventana para personas con domicilio en el distrito - CELTTV","description":"Sitio web de noticias de la localidad de Tornquist, provincia de Buenos Aires, Rep\u00fablica Argentina. Contenido propio originado por periodistas de CELTTV, el canal de TV local de la Cooperativa El\u00e9ctrica de Tornquist. Turismo, Pol\u00edtica, Sociedad, Deporte, Cultura y todo el contenido de inter\u00e9s general que la gente del pueblo y la regi\u00f3n debe conocer.","robots":{"index":"index","follow":"follow","max-snippet":"max-snippet:-1","max-image-preview":"max-image-preview:large","max-video-preview":"max-video-preview:-1"},"canonical":"https:\/\/www.celttv.com.ar\/index.php\/2025\/06\/27\/se-habilita-el-ingreso-al-club-hotel-de-la-ventana-para-personas-con-domicilio-en-el-distrito\/","og_locale":"es_ES","og_type":"article","og_title":"Se habilita el ingreso al Club Hotel de la Ventana para personas con domicilio en el distrito - CELTTV","og_description":"Sitio web de noticias de la localidad de Tornquist, provincia de Buenos Aires, Rep\u00fablica Argentina. Contenido propio originado por periodistas de CELTTV, el canal de TV local de la Cooperativa El\u00e9ctrica de Tornquist. Turismo, Pol\u00edtica, Sociedad, Deporte, Cultura y todo el contenido de inter\u00e9s general que la gente del pueblo y la regi\u00f3n debe conocer.","og_url":"https:\/\/www.celttv.com.ar\/index.php\/2025\/06\/27\/se-habilita-el-ingreso-al-club-hotel-de-la-ventana-para-personas-con-domicilio-en-el-distrito\/","og_site_name":"CELTTV","article_publisher":"https:\/\/www.facebook.com\/celtTV\/","article_published_time":"2025-06-27T22:57:35+00:00","article_modified_time":"2025-06-27T23:09:28+00:00","og_image":[{"width":1000,"height":600,"url":"https:\/\/www.celttv.com.ar\/wp-content\/uploads\/2025\/06\/ex-club-hotel-2.jpg","type":"image\/jpeg"}],"author":"Miguel Herrada","twitter_card":"summary_large_image","twitter_misc":{"Escrito por":"Miguel Herrada","Tiempo de lectura":"2 minutos"},"schema":{"@context":"https:\/\/schema.org","@graph":[{"@type":"NewsArticle","@id":"https:\/\/www.celttv.com.ar\/index.php\/2025\/06\/27\/se-habilita-el-ingreso-al-club-hotel-de-la-ventana-para-personas-con-domicilio-en-el-distrito\/#article","isPartOf":{"@id":"https:\/\/www.celttv.com.ar\/index.php\/2025\/06\/27\/se-habilita-el-ingreso-al-club-hotel-de-la-ventana-para-personas-con-domicilio-en-el-distrito\/"},"author":{"name":"Miguel Herrada","@id":"https:\/\/www.celttv.com.ar\/#\/schema\/person\/9059dc91dc7204ef4182cdb65225f07d"},"headline":"Se habilita el ingreso al Club Hotel de la Ventana para personas con domicilio en el distrito","datePublished":"2025-06-27T22:57:35+00:00","dateModified":"2025-06-27T23:09:28+00:00","mainEntityOfPage":{"@id":"https:\/\/www.celttv.com.ar\/index.php\/2025\/06\/27\/se-habilita-el-ingreso-al-club-hotel-de-la-ventana-para-personas-con-domicilio-en-el-distrito\/"},"wordCount":350,"publisher":{"@id":"https:\/\/www.celttv.com.ar\/#organization"},"articleSection":["Turismo"],"inLanguage":"es"},{"@type":"WebPage","@id":"https:\/\/www.celttv.com.ar\/index.php\/2025\/06\/27\/se-habilita-el-ingreso-al-club-hotel-de-la-ventana-para-personas-con-domicilio-en-el-distrito\/","url":"https:\/\/www.celttv.com.ar\/index.php\/2025\/06\/27\/se-habilita-el-ingreso-al-club-hotel-de-la-ventana-para-personas-con-domicilio-en-el-distrito\/","name":"Se habilita el ingreso al Club Hotel de la Ventana para personas con domicilio en el distrito - CELTTV","isPartOf":{"@id":"https:\/\/www.celttv.com.ar\/#website"},"datePublished":"2025-06-27T22:57:35+00:00","dateModified":"2025-06-27T23:09:28+00:00","description":"Sitio web de noticias de la localidad de Tornquist, provincia de Buenos Aires, Rep\u00fablica Argentina. Contenido propio originado por periodistas de CELTTV, el canal de TV local de la Cooperativa El\u00e9ctrica de Tornquist. Turismo, Pol\u00edtica, Sociedad, Deporte, Cultura y todo el contenido de inter\u00e9s general que la gente del pueblo y la regi\u00f3n debe conocer.","breadcrumb":{"@id":"https:\/\/www.celttv.com.ar\/index.php\/2025\/06\/27\/se-habilita-el-ingreso-al-club-hotel-de-la-ventana-para-personas-con-domicilio-en-el-distrito\/#breadcrumb"},"inLanguage":"es","potentialAction":[{"@type":"ReadAction","target":["https:\/\/www.celttv.com.ar\/index.php\/2025\/06\/27\/se-habilita-el-ingreso-al-club-hotel-de-la-ventana-para-personas-con-domicilio-en-el-distrito\/"]}]},{"@type":"BreadcrumbList","@id":"https:\/\/www.celttv.com.ar\/index.php\/2025\/06\/27\/se-habilita-el-ingreso-al-club-hotel-de-la-ventana-para-personas-con-domicilio-en-el-distrito\/#breadcrumb","itemListElement":[{"@type":"ListItem","position":1,"name":"Inicio","item":"https:\/\/www.celttv.com.ar\/"},{"@type":"ListItem","position":2,"name":"Se habilita el ingreso al Club Hotel de la Ventana para personas con domicilio en el distrito"}]},{"@type":"WebSite","@id":"https:\/\/www.celttv.com.ar\/#website","url":"https:\/\/www.celttv.com.ar\/","name":"CELTTV","description":"Cooperativa El\u00e9ctrica de Tornquist","publisher":{"@id":"https:\/\/www.celttv.com.ar\/#organization"},"potentialAction":[{"@type":"SearchAction","target":{"@type":"EntryPoint","urlTemplate":"https:\/\/www.celttv.com.ar\/?s={search_term_string}"},"query-input":"required name=search_term_string"}],"inLanguage":"es"},{"@type":"Organization","@id":"https:\/\/www.celttv.com.ar\/#organization","name":"CELTTV","url":"https:\/\/www.celttv.com.ar\/","sameAs":["https:\/\/www.youtube.com\/channel\/UCz_oIt8Hig64Ub-EmcNPIhg","https:\/\/www.facebook.com\/celtTV\/"],"logo":{"@type":"ImageObject","inLanguage":"es","@id":"https:\/\/www.celttv.com.ar\/#\/schema\/logo\/image\/","url":"http:\/\/www.celttv.com.ar\/wp-content\/uploads\/2022\/08\/logo-1.png","contentUrl":"http:\/\/www.celttv.com.ar\/wp-content\/uploads\/2022\/08\/logo-1.png","width":461,"height":159,"caption":"CELTTV"},"image":{"@id":"https:\/\/www.celttv.com.ar\/#\/schema\/logo\/image\/"}},{"@type":"Person","@id":"https:\/\/www.celttv.com.ar\/#\/schema\/person\/9059dc91dc7204ef4182cdb65225f07d","name":"Miguel Herrada","image":{"@type":"ImageObject","inLanguage":"es","@id":"https:\/\/www.celttv.com.ar\/#\/schema\/person\/image\/","url":"https:\/\/secure.gravatar.com\/avatar\/67724d5b3c716623ffd76bec7e45841a442ac3b456e914dbba90b0fad2b8e0b1?s=96&d=mm&r=g","contentUrl":"https:\/\/secure.gravatar.com\/avatar\/67724d5b3c716623ffd76bec7e45841a442ac3b456e914dbba90b0fad2b8e0b1?s=96&d=mm&r=g","caption":"Miguel Herrada"}}]}},"_links":{"self":[{"href":"https:\/\/www.celttv.com.ar\/index.php\/wp-json\/wp\/v2\/posts\/88872","targetHints":{"allow":["GET"]}}],"collection":[{"href":"https:\/\/www.celttv.com.ar\/index.php\/wp-json\/wp\/v2\/posts"}],"about":[{"href":"https:\/\/www.celttv.com.ar\/index.php\/wp-json\/wp\/v2\/types\/post"}],"author":[{"embeddable":true,"href":"https:\/\/www.celttv.com.ar\/index.php\/wp-json\/wp\/v2\/users\/5"}],"replies":[{"embeddable":true,"href":"https:\/\/www.celttv.com.ar\/index.php\/wp-json\/wp\/v2\/comments?post=88872"}],"version-history":[{"count":2,"href":"https:\/\/www.celttv.com.ar\/index.php\/wp-json\/wp\/v2\/posts\/88872\/revisions"}],"predecessor-version":[{"id":88875,"href":"https:\/\/www.celttv.com.ar\/index.php\/wp-json\/wp\/v2\/posts\/88872\/revisions\/88875"}],"wp:featuredmedia":[{"embeddable":true,"href":"https:\/\/www.celttv.com.ar\/index.php\/wp-json\/wp\/v2\/media\/88873"}],"wp:attachment":[{"href":"https:\/\/www.celttv.com.ar\/index.php\/wp-json\/wp\/v2\/media?parent=88872"}],"wp:term":[{"taxonomy":"category","embeddable":true,"href":"https:\/\/www.celttv.com.ar\/index.php\/wp-json\/wp\/v2\/categories?post=88872"},{"taxonomy":"post_tag","embeddable":true,"href":"https:\/\/www.celttv.com.ar\/index.php\/wp-json\/wp\/v2\/tags?post=88872"}],"curies":[{"name":"wp","href":"https:\/\/api.w.org\/{rel}","templated":true}]}}