{"id":88878,"date":"2025-06-29T17:03:59","date_gmt":"2025-06-29T20:03:59","guid":{"rendered":"https:\/\/www.celttv.com.ar\/?p=88878"},"modified":"2025-06-29T19:38:54","modified_gmt":"2025-06-29T22:38:54","slug":"una-intensa-nevada-tine-de-blanco-la-zona-serrana-y-realza-su-atractivo","status":"publish","type":"post","link":"https:\/\/www.celttv.com.ar\/index.php\/2025\/06\/29\/una-intensa-nevada-tine-de-blanco-la-zona-serrana-y-realza-su-atractivo\/","title":{"rendered":"Una intensa nevada ti\u00f1e de blanco la zona serrana y realza su atractivo"},"content":{"rendered":"<p data-start=\"96\" data-end=\"553\">Una intensa nevada sorprendi\u00f3 a residentes y visitantes de la comarca serrana durante las \u00faltimas horas, convirtiendo al pintoresco sector serrano, y varias localidades del distrito, en una aut\u00e9nticas postales invernales. Las calles, los cerros y los alrededores del Parque Provincial Tornquist amanecieron completamente cubiertos de blanco, brindando un espect\u00e1culo visual que no se registraba con tal magnitud desde hace varios a\u00f1os.<\/p>\n<p data-start=\"555\" data-end=\"1019\">La nevada, que comenz\u00f3 durante la madrugada y se extendi\u00f3 hasta las primeras horas de la tarde dej\u00f3 acumulaciones de nieve superiores a los 20 cent\u00edmetros en algunas zonas, lo que gener\u00f3 no solo asombro sino tambi\u00e9n entusiasmo entre los turistas que eligieron este destino para sus vacaciones de invierno. Familias enteras se volcaron a las plazas, senderos y miradores para disfrutar del singular fen\u00f3meno clim\u00e1tico, tomarse fotograf\u00edas y deslizarse por las laderas nevadas.<\/p>\n<p data-start=\"1021\" data-end=\"1353\">El encanto natural de la comarca, ya de por s\u00ed privilegiado por la presencia de sierras, bosques y arroyos, alcanz\u00f3 un nuevo nivel de belleza con este manto blanco que realz\u00f3 cada rinc\u00f3n del paisaje. Todo el cord\u00f3n serrano y su entorno se transform\u00f3 en una experiencia \u00fanica para los sentidos. Lo mismo ocurri\u00f3 con cierta intensidad en la ciudad cabecera y otras localidades del distrito.<\/p>\n<p data-start=\"1355\" data-end=\"1769\">Comerciantes y operadores tur\u00edsticos celebraron la nevada, ya que impuls\u00f3 la ocupaci\u00f3n hotelera y aument\u00f3 la demanda en restaurantes, casas de t\u00e9 y servicios de excursiones. \u201cEste tipo de fen\u00f3menos no solo embellece el lugar, sino que moviliza la econom\u00eda local. Hay gente que lleg\u00f3 esta ma\u00f1ana desde ciudades cercanas apenas se enteraron de que estaba nevando\u201d, coment\u00f3 entusiasmado prestador serrano..<\/p>\n<p data-start=\"1771\" data-end=\"1984\">A pesar de las bajas temperaturas y algunas complicaciones menores en rutas, las autoridades locales recomendaron circular con precauci\u00f3n y en alg\u00fan momento se cort\u00f3 el tr\u00e1nsito en el sector del Abra de la Ventana, pero aseguraron que\u00a0 los accesos.<\/p>\n<p data-start=\"1986\" data-end=\"2268\" data-is-last-node=\"\" data-is-only-node=\"\">La comarca de Sierra de la Ventana, con su fusi\u00f3n de naturaleza, historia y tranquilidad, vuelve a posicionarse como uno de los destinos invernales m\u00e1s encantadores de la provincia. Y esta nevada, inesperada y bienvenida, no hizo m\u00e1s que reforzar su perfil como joya tur\u00edstica del sur bonaerense.<\/p>\n<p data-start=\"1986\" data-end=\"2268\" data-is-last-node=\"\" data-is-only-node=\"\">Todo parece indicar que el fen\u00f3meno clim\u00e1tico continuar\u00e1 y para la tarde noche de este domingo se esperaban nevadas mas intensas.<\/p>\n<p data-start=\"1986\" data-end=\"2268\" data-is-last-node=\"\" data-is-only-node=\"\"><img loading=\"lazy\" decoding=\"async\" class=\"alignnone wp-image-88881 size-large\" src=\"https:\/\/www.celttv.com.ar\/wp-content\/uploads\/2025\/06\/IMG_2774-Medium-1024x683.jpg\" alt=\"\" width=\"1024\" height=\"683\" srcset=\"https:\/\/www.celttv.com.ar\/wp-content\/uploads\/2025\/06\/IMG_2774-Medium-1024x683.jpg 1024w, https:\/\/www.celttv.com.ar\/wp-content\/uploads\/2025\/06\/IMG_2774-Medium-300x200.jpg 300w, https:\/\/www.celttv.com.ar\/wp-content\/uploads\/2025\/06\/IMG_2774-Medium-768x512.jpg 768w, https:\/\/www.celttv.com.ar\/wp-content\/uploads\/2025\/06\/IMG_2774-Medium-750x500.jpg 750w, https:\/\/www.celttv.com.ar\/wp-content\/uploads\/2025\/06\/IMG_2774-Medium-1140x760.jpg 1140w, https:\/\/www.celttv.com.ar\/wp-content\/uploads\/2025\/06\/IMG_2774-Medium.jpg 1152w\" sizes=\"auto, (max-width: 1024px) 100vw, 1024px\" \/> <img loading=\"lazy\" decoding=\"async\" class=\"alignnone wp-image-88882 size-large\" src=\"https:\/\/www.celttv.com.ar\/wp-content\/uploads\/2025\/06\/IMG_2775-Medium-1024x683.jpg\" alt=\"\" width=\"1024\" height=\"683\" srcset=\"https:\/\/www.celttv.com.ar\/wp-content\/uploads\/2025\/06\/IMG_2775-Medium-1024x683.jpg 1024w, https:\/\/www.celttv.com.ar\/wp-content\/uploads\/2025\/06\/IMG_2775-Medium-300x200.jpg 300w, https:\/\/www.celttv.com.ar\/wp-content\/uploads\/2025\/06\/IMG_2775-Medium-768x512.jpg 768w, https:\/\/www.celttv.com.ar\/wp-content\/uploads\/2025\/06\/IMG_2775-Medium-750x500.jpg 750w, https:\/\/www.celttv.com.ar\/wp-content\/uploads\/2025\/06\/IMG_2775-Medium-1140x760.jpg 1140w, https:\/\/www.celttv.com.ar\/wp-content\/uploads\/2025\/06\/IMG_2775-Medium.jpg 1152w\" sizes=\"auto, (max-width: 1024px) 100vw, 1024px\" \/> <img loading=\"lazy\" decoding=\"async\" class=\"alignnone wp-image-88883 size-large\" src=\"https:\/\/www.celttv.com.ar\/wp-content\/uploads\/2025\/06\/IMG_2776-Medium-1024x683.jpg\" alt=\"\" width=\"1024\" height=\"683\" srcset=\"https:\/\/www.celttv.com.ar\/wp-content\/uploads\/2025\/06\/IMG_2776-Medium-1024x683.jpg 1024w, https:\/\/www.celttv.com.ar\/wp-content\/uploads\/2025\/06\/IMG_2776-Medium-300x200.jpg 300w, https:\/\/www.celttv.com.ar\/wp-content\/uploads\/2025\/06\/IMG_2776-Medium-768x512.jpg 768w, https:\/\/www.celttv.com.ar\/wp-content\/uploads\/2025\/06\/IMG_2776-Medium-750x500.jpg 750w, https:\/\/www.celttv.com.ar\/wp-content\/uploads\/2025\/06\/IMG_2776-Medium-1140x760.jpg 1140w, https:\/\/www.celttv.com.ar\/wp-content\/uploads\/2025\/06\/IMG_2776-Medium.jpg 1152w\" sizes=\"auto, (max-width: 1024px) 100vw, 1024px\" \/> <img loading=\"lazy\" decoding=\"async\" class=\"alignnone wp-image-88884 size-large\" src=\"https:\/\/www.celttv.com.ar\/wp-content\/uploads\/2025\/06\/IMG_2777-Medium-1024x683.jpg\" alt=\"\" width=\"1024\" height=\"683\" srcset=\"https:\/\/www.celttv.com.ar\/wp-content\/uploads\/2025\/06\/IMG_2777-Medium-1024x683.jpg 1024w, https:\/\/www.celttv.com.ar\/wp-content\/uploads\/2025\/06\/IMG_2777-Medium-300x200.jpg 300w, https:\/\/www.celttv.com.ar\/wp-content\/uploads\/2025\/06\/IMG_2777-Medium-768x512.jpg 768w, https:\/\/www.celttv.com.ar\/wp-content\/uploads\/2025\/06\/IMG_2777-Medium-750x500.jpg 750w, https:\/\/www.celttv.com.ar\/wp-content\/uploads\/2025\/06\/IMG_2777-Medium-1140x760.jpg 1140w, https:\/\/www.celttv.com.ar\/wp-content\/uploads\/2025\/06\/IMG_2777-Medium.jpg 1152w\" sizes=\"auto, (max-width: 1024px) 100vw, 1024px\" \/> <img loading=\"lazy\" decoding=\"async\" class=\"alignnone wp-image-88885 size-large\" src=\"https:\/\/www.celttv.com.ar\/wp-content\/uploads\/2025\/06\/IMG_2778-Medium-1024x683.jpg\" alt=\"\" width=\"1024\" height=\"683\" srcset=\"https:\/\/www.celttv.com.ar\/wp-content\/uploads\/2025\/06\/IMG_2778-Medium-1024x683.jpg 1024w, https:\/\/www.celttv.com.ar\/wp-content\/uploads\/2025\/06\/IMG_2778-Medium-300x200.jpg 300w, https:\/\/www.celttv.com.ar\/wp-content\/uploads\/2025\/06\/IMG_2778-Medium-768x512.jpg 768w, https:\/\/www.celttv.com.ar\/wp-content\/uploads\/2025\/06\/IMG_2778-Medium-750x500.jpg 750w, https:\/\/www.celttv.com.ar\/wp-content\/uploads\/2025\/06\/IMG_2778-Medium-1140x760.jpg 1140w, https:\/\/www.celttv.com.ar\/wp-content\/uploads\/2025\/06\/IMG_2778-Medium.jpg 1152w\" sizes=\"auto, (max-width: 1024px) 100vw, 1024px\" \/> <img loading=\"lazy\" decoding=\"async\" class=\"alignnone wp-image-88886 size-large\" src=\"https:\/\/www.celttv.com.ar\/wp-content\/uploads\/2025\/06\/IMG_2779-Medium-1024x683.jpg\" alt=\"\" width=\"1024\" height=\"683\" srcset=\"https:\/\/www.celttv.com.ar\/wp-content\/uploads\/2025\/06\/IMG_2779-Medium-1024x683.jpg 1024w, https:\/\/www.celttv.com.ar\/wp-content\/uploads\/2025\/06\/IMG_2779-Medium-300x200.jpg 300w, https:\/\/www.celttv.com.ar\/wp-content\/uploads\/2025\/06\/IMG_2779-Medium-768x512.jpg 768w, https:\/\/www.celttv.com.ar\/wp-content\/uploads\/2025\/06\/IMG_2779-Medium-750x500.jpg 750w, https:\/\/www.celttv.com.ar\/wp-content\/uploads\/2025\/06\/IMG_2779-Medium-1140x760.jpg 1140w, https:\/\/www.celttv.com.ar\/wp-content\/uploads\/2025\/06\/IMG_2779-Medium.jpg 1152w\" sizes=\"auto, (max-width: 1024px) 100vw, 1024px\" \/> <img loading=\"lazy\" decoding=\"async\" class=\"alignnone wp-image-88887 size-large\" src=\"https:\/\/www.celttv.com.ar\/wp-content\/uploads\/2025\/06\/IMG_2780-Medium-1024x683.jpg\" alt=\"\" width=\"1024\" height=\"683\" srcset=\"https:\/\/www.celttv.com.ar\/wp-content\/uploads\/2025\/06\/IMG_2780-Medium-1024x683.jpg 1024w, https:\/\/www.celttv.com.ar\/wp-content\/uploads\/2025\/06\/IMG_2780-Medium-300x200.jpg 300w, https:\/\/www.celttv.com.ar\/wp-content\/uploads\/2025\/06\/IMG_2780-Medium-768x512.jpg 768w, https:\/\/www.celttv.com.ar\/wp-content\/uploads\/2025\/06\/IMG_2780-Medium-750x500.jpg 750w, https:\/\/www.celttv.com.ar\/wp-content\/uploads\/2025\/06\/IMG_2780-Medium-1140x760.jpg 1140w, https:\/\/www.celttv.com.ar\/wp-content\/uploads\/2025\/06\/IMG_2780-Medium.jpg 1152w\" sizes=\"auto, (max-width: 1024px) 100vw, 1024px\" \/> <img loading=\"lazy\" decoding=\"async\" class=\"alignnone wp-image-88888 size-large\" src=\"https:\/\/www.celttv.com.ar\/wp-content\/uploads\/2025\/06\/IMG_2781-Medium-1024x683.jpg\" alt=\"\" width=\"1024\" height=\"683\" srcset=\"https:\/\/www.celttv.com.ar\/wp-content\/uploads\/2025\/06\/IMG_2781-Medium-1024x683.jpg 1024w, https:\/\/www.celttv.com.ar\/wp-content\/uploads\/2025\/06\/IMG_2781-Medium-300x200.jpg 300w, https:\/\/www.celttv.com.ar\/wp-content\/uploads\/2025\/06\/IMG_2781-Medium-768x512.jpg 768w, https:\/\/www.celttv.com.ar\/wp-content\/uploads\/2025\/06\/IMG_2781-Medium-750x500.jpg 750w, https:\/\/www.celttv.com.ar\/wp-content\/uploads\/2025\/06\/IMG_2781-Medium-1140x760.jpg 1140w, https:\/\/www.celttv.com.ar\/wp-content\/uploads\/2025\/06\/IMG_2781-Medium.jpg 1152w\" sizes=\"auto, (max-width: 1024px) 100vw, 1024px\" \/> <img loading=\"lazy\" decoding=\"async\" class=\"alignnone wp-image-88889 size-large\" src=\"https:\/\/www.celttv.com.ar\/wp-content\/uploads\/2025\/06\/IMG_2782-Medium-1024x683.jpg\" alt=\"\" width=\"1024\" height=\"683\" srcset=\"https:\/\/www.celttv.com.ar\/wp-content\/uploads\/2025\/06\/IMG_2782-Medium-1024x683.jpg 1024w, https:\/\/www.celttv.com.ar\/wp-content\/uploads\/2025\/06\/IMG_2782-Medium-300x200.jpg 300w, https:\/\/www.celttv.com.ar\/wp-content\/uploads\/2025\/06\/IMG_2782-Medium-768x512.jpg 768w, https:\/\/www.celttv.com.ar\/wp-content\/uploads\/2025\/06\/IMG_2782-Medium-750x500.jpg 750w, https:\/\/www.celttv.com.ar\/wp-content\/uploads\/2025\/06\/IMG_2782-Medium-1140x760.jpg 1140w, https:\/\/www.celttv.com.ar\/wp-content\/uploads\/2025\/06\/IMG_2782-Medium.jpg 1152w\" sizes=\"auto, (max-width: 1024px) 100vw, 1024px\" \/> <img loading=\"lazy\" decoding=\"async\" class=\"alignnone wp-image-88890 size-large\" src=\"https:\/\/www.celttv.com.ar\/wp-content\/uploads\/2025\/06\/IMG_2783-Medium-683x1024.jpg\" alt=\"\" width=\"683\" height=\"1024\" srcset=\"https:\/\/www.celttv.com.ar\/wp-content\/uploads\/2025\/06\/IMG_2783-Medium-683x1024.jpg 683w, https:\/\/www.celttv.com.ar\/wp-content\/uploads\/2025\/06\/IMG_2783-Medium-200x300.jpg 200w, https:\/\/www.celttv.com.ar\/wp-content\/uploads\/2025\/06\/IMG_2783-Medium-750x1125.jpg 750w, https:\/\/www.celttv.com.ar\/wp-content\/uploads\/2025\/06\/IMG_2783-Medium.jpg 768w\" sizes=\"auto, (max-width: 683px) 100vw, 683px\" \/> <img loading=\"lazy\" decoding=\"async\" class=\"alignnone wp-image-88891 size-large\" src=\"https:\/\/www.celttv.com.ar\/wp-content\/uploads\/2025\/06\/IMG_2784-Medium-1024x683.jpg\" alt=\"\" width=\"1024\" height=\"683\" srcset=\"https:\/\/www.celttv.com.ar\/wp-content\/uploads\/2025\/06\/IMG_2784-Medium-1024x683.jpg 1024w, https:\/\/www.celttv.com.ar\/wp-content\/uploads\/2025\/06\/IMG_2784-Medium-300x200.jpg 300w, https:\/\/www.celttv.com.ar\/wp-content\/uploads\/2025\/06\/IMG_2784-Medium-768x512.jpg 768w, https:\/\/www.celttv.com.ar\/wp-content\/uploads\/2025\/06\/IMG_2784-Medium-750x500.jpg 750w, https:\/\/www.celttv.com.ar\/wp-content\/uploads\/2025\/06\/IMG_2784-Medium-1140x760.jpg 1140w, https:\/\/www.celttv.com.ar\/wp-content\/uploads\/2025\/06\/IMG_2784-Medium.jpg 1152w\" sizes=\"auto, (max-width: 1024px) 100vw, 1024px\" \/> <img loading=\"lazy\" decoding=\"async\" class=\"alignnone wp-image-88892 size-large\" src=\"https:\/\/www.celttv.com.ar\/wp-content\/uploads\/2025\/06\/IMG_2785-Medium-1024x683.jpg\" alt=\"\" width=\"1024\" height=\"683\" srcset=\"https:\/\/www.celttv.com.ar\/wp-content\/uploads\/2025\/06\/IMG_2785-Medium-1024x683.jpg 1024w, https:\/\/www.celttv.com.ar\/wp-content\/uploads\/2025\/06\/IMG_2785-Medium-300x200.jpg 300w, https:\/\/www.celttv.com.ar\/wp-content\/uploads\/2025\/06\/IMG_2785-Medium-768x512.jpg 768w, https:\/\/www.celttv.com.ar\/wp-content\/uploads\/2025\/06\/IMG_2785-Medium-750x500.jpg 750w, https:\/\/www.celttv.com.ar\/wp-content\/uploads\/2025\/06\/IMG_2785-Medium-1140x760.jpg 1140w, https:\/\/www.celttv.com.ar\/wp-content\/uploads\/2025\/06\/IMG_2785-Medium.jpg 1152w\" sizes=\"auto, (max-width: 1024px) 100vw, 1024px\" \/> <img loading=\"lazy\" decoding=\"async\" class=\"alignnone wp-image-88893 size-large\" src=\"https:\/\/www.celttv.com.ar\/wp-content\/uploads\/2025\/06\/IMG_2786-Medium-1024x683.jpg\" alt=\"\" width=\"1024\" height=\"683\" srcset=\"https:\/\/www.celttv.com.ar\/wp-content\/uploads\/2025\/06\/IMG_2786-Medium-1024x683.jpg 1024w, https:\/\/www.celttv.com.ar\/wp-content\/uploads\/2025\/06\/IMG_2786-Medium-300x200.jpg 300w, https:\/\/www.celttv.com.ar\/wp-content\/uploads\/2025\/06\/IMG_2786-Medium-768x512.jpg 768w, https:\/\/www.celttv.com.ar\/wp-content\/uploads\/2025\/06\/IMG_2786-Medium-750x500.jpg 750w, https:\/\/www.celttv.com.ar\/wp-content\/uploads\/2025\/06\/IMG_2786-Medium-1140x760.jpg 1140w, https:\/\/www.celttv.com.ar\/wp-content\/uploads\/2025\/06\/IMG_2786-Medium.jpg 1152w\" sizes=\"auto, (max-width: 1024px) 100vw, 1024px\" \/> <img loading=\"lazy\" decoding=\"async\" class=\"alignnone wp-image-88894 size-large\" src=\"https:\/\/www.celttv.com.ar\/wp-content\/uploads\/2025\/06\/IMG_2787-Medium-1024x683.jpg\" alt=\"\" width=\"1024\" height=\"683\" srcset=\"https:\/\/www.celttv.com.ar\/wp-content\/uploads\/2025\/06\/IMG_2787-Medium-1024x683.jpg 1024w, https:\/\/www.celttv.com.ar\/wp-content\/uploads\/2025\/06\/IMG_2787-Medium-300x200.jpg 300w, https:\/\/www.celttv.com.ar\/wp-content\/uploads\/2025\/06\/IMG_2787-Medium-768x512.jpg 768w, https:\/\/www.celttv.com.ar\/wp-content\/uploads\/2025\/06\/IMG_2787-Medium-750x500.jpg 750w, https:\/\/www.celttv.com.ar\/wp-content\/uploads\/2025\/06\/IMG_2787-Medium-1140x760.jpg 1140w, https:\/\/www.celttv.com.ar\/wp-content\/uploads\/2025\/06\/IMG_2787-Medium.jpg 1152w\" sizes=\"auto, (max-width: 1024px) 100vw, 1024px\" \/> <img loading=\"lazy\" decoding=\"async\" class=\"alignnone wp-image-88896 size-large\" src=\"https:\/\/www.celttv.com.ar\/wp-content\/uploads\/2025\/06\/IMG_2789-Medium-1024x683.jpg\" alt=\"\" width=\"1024\" height=\"683\" srcset=\"https:\/\/www.celttv.com.ar\/wp-content\/uploads\/2025\/06\/IMG_2789-Medium-1024x683.jpg 1024w, https:\/\/www.celttv.com.ar\/wp-content\/uploads\/2025\/06\/IMG_2789-Medium-300x200.jpg 300w, https:\/\/www.celttv.com.ar\/wp-content\/uploads\/2025\/06\/IMG_2789-Medium-768x512.jpg 768w, https:\/\/www.celttv.com.ar\/wp-content\/uploads\/2025\/06\/IMG_2789-Medium-750x500.jpg 750w, https:\/\/www.celttv.com.ar\/wp-content\/uploads\/2025\/06\/IMG_2789-Medium-1140x760.jpg 1140w, https:\/\/www.celttv.com.ar\/wp-content\/uploads\/2025\/06\/IMG_2789-Medium.jpg 1152w\" sizes=\"auto, (max-width: 1024px) 100vw, 1024px\" \/> <img loading=\"lazy\" decoding=\"async\" class=\"alignnone wp-image-88897 size-large\" src=\"https:\/\/www.celttv.com.ar\/wp-content\/uploads\/2025\/06\/IMG_2790-Medium-1024x683.jpg\" alt=\"\" width=\"1024\" height=\"683\" srcset=\"https:\/\/www.celttv.com.ar\/wp-content\/uploads\/2025\/06\/IMG_2790-Medium-1024x683.jpg 1024w, https:\/\/www.celttv.com.ar\/wp-content\/uploads\/2025\/06\/IMG_2790-Medium-300x200.jpg 300w, https:\/\/www.celttv.com.ar\/wp-content\/uploads\/2025\/06\/IMG_2790-Medium-768x512.jpg 768w, https:\/\/www.celttv.com.ar\/wp-content\/uploads\/2025\/06\/IMG_2790-Medium-750x500.jpg 750w, https:\/\/www.celttv.com.ar\/wp-content\/uploads\/2025\/06\/IMG_2790-Medium-1140x760.jpg 1140w, https:\/\/www.celttv.com.ar\/wp-content\/uploads\/2025\/06\/IMG_2790-Medium.jpg 1152w\" sizes=\"auto, (max-width: 1024px) 100vw, 1024px\" \/> <img loading=\"lazy\" decoding=\"async\" class=\"alignnone wp-image-88898 size-large\" src=\"https:\/\/www.celttv.com.ar\/wp-content\/uploads\/2025\/06\/IMG_2791-Medium-1024x683.jpg\" alt=\"\" width=\"1024\" height=\"683\" srcset=\"https:\/\/www.celttv.com.ar\/wp-content\/uploads\/2025\/06\/IMG_2791-Medium-1024x683.jpg 1024w, https:\/\/www.celttv.com.ar\/wp-content\/uploads\/2025\/06\/IMG_2791-Medium-300x200.jpg 300w, https:\/\/www.celttv.com.ar\/wp-content\/uploads\/2025\/06\/IMG_2791-Medium-768x512.jpg 768w, https:\/\/www.celttv.com.ar\/wp-content\/uploads\/2025\/06\/IMG_2791-Medium-750x500.jpg 750w, https:\/\/www.celttv.com.ar\/wp-content\/uploads\/2025\/06\/IMG_2791-Medium-1140x760.jpg 1140w, https:\/\/www.celttv.com.ar\/wp-content\/uploads\/2025\/06\/IMG_2791-Medium.jpg 1152w\" sizes=\"auto, (max-width: 1024px) 100vw, 1024px\" \/> <img loading=\"lazy\" decoding=\"async\" class=\"alignnone wp-image-88899 size-large\" src=\"https:\/\/www.celttv.com.ar\/wp-content\/uploads\/2025\/06\/IMG_2792-Medium-1024x683.jpg\" alt=\"\" width=\"1024\" height=\"683\" srcset=\"https:\/\/www.celttv.com.ar\/wp-content\/uploads\/2025\/06\/IMG_2792-Medium-1024x683.jpg 1024w, https:\/\/www.celttv.com.ar\/wp-content\/uploads\/2025\/06\/IMG_2792-Medium-300x200.jpg 300w, https:\/\/www.celttv.com.ar\/wp-content\/uploads\/2025\/06\/IMG_2792-Medium-768x512.jpg 768w, https:\/\/www.celttv.com.ar\/wp-content\/uploads\/2025\/06\/IMG_2792-Medium-750x500.jpg 750w, https:\/\/www.celttv.com.ar\/wp-content\/uploads\/2025\/06\/IMG_2792-Medium-1140x760.jpg 1140w, https:\/\/www.celttv.com.ar\/wp-content\/uploads\/2025\/06\/IMG_2792-Medium.jpg 1152w\" sizes=\"auto, (max-width: 1024px) 100vw, 1024px\" \/> <img loading=\"lazy\" decoding=\"async\" class=\"alignnone wp-image-88900 size-large\" src=\"https:\/\/www.celttv.com.ar\/wp-content\/uploads\/2025\/06\/IMG_2793-Medium-1024x683.jpg\" alt=\"\" width=\"1024\" height=\"683\" srcset=\"https:\/\/www.celttv.com.ar\/wp-content\/uploads\/2025\/06\/IMG_2793-Medium-1024x683.jpg 1024w, https:\/\/www.celttv.com.ar\/wp-content\/uploads\/2025\/06\/IMG_2793-Medium-300x200.jpg 300w, https:\/\/www.celttv.com.ar\/wp-content\/uploads\/2025\/06\/IMG_2793-Medium-768x512.jpg 768w, https:\/\/www.celttv.com.ar\/wp-content\/uploads\/2025\/06\/IMG_2793-Medium-750x500.jpg 750w, https:\/\/www.celttv.com.ar\/wp-content\/uploads\/2025\/06\/IMG_2793-Medium-1140x760.jpg 1140w, https:\/\/www.celttv.com.ar\/wp-content\/uploads\/2025\/06\/IMG_2793-Medium.jpg 1152w\" sizes=\"auto, (max-width: 1024px) 100vw, 1024px\" \/> <img loading=\"lazy\" decoding=\"async\" class=\"alignnone wp-image-88901 size-large\" src=\"https:\/\/www.celttv.com.ar\/wp-content\/uploads\/2025\/06\/IMG_2794-Medium-1024x683.jpg\" alt=\"\" width=\"1024\" height=\"683\" srcset=\"https:\/\/www.celttv.com.ar\/wp-content\/uploads\/2025\/06\/IMG_2794-Medium-1024x683.jpg 1024w, https:\/\/www.celttv.com.ar\/wp-content\/uploads\/2025\/06\/IMG_2794-Medium-300x200.jpg 300w, https:\/\/www.celttv.com.ar\/wp-content\/uploads\/2025\/06\/IMG_2794-Medium-768x512.jpg 768w, https:\/\/www.celttv.com.ar\/wp-content\/uploads\/2025\/06\/IMG_2794-Medium-750x500.jpg 750w, https:\/\/www.celttv.com.ar\/wp-content\/uploads\/2025\/06\/IMG_2794-Medium-1140x760.jpg 1140w, https:\/\/www.celttv.com.ar\/wp-content\/uploads\/2025\/06\/IMG_2794-Medium.jpg 1152w\" sizes=\"auto, (max-width: 1024px) 100vw, 1024px\" \/> <img loading=\"lazy\" decoding=\"async\" class=\"alignnone wp-image-88902 size-large\" src=\"https:\/\/www.celttv.com.ar\/wp-content\/uploads\/2025\/06\/IMG_2795-Medium-1024x683.jpg\" alt=\"\" width=\"1024\" height=\"683\" srcset=\"https:\/\/www.celttv.com.ar\/wp-content\/uploads\/2025\/06\/IMG_2795-Medium-1024x683.jpg 1024w, https:\/\/www.celttv.com.ar\/wp-content\/uploads\/2025\/06\/IMG_2795-Medium-300x200.jpg 300w, https:\/\/www.celttv.com.ar\/wp-content\/uploads\/2025\/06\/IMG_2795-Medium-768x512.jpg 768w, https:\/\/www.celttv.com.ar\/wp-content\/uploads\/2025\/06\/IMG_2795-Medium-750x500.jpg 750w, https:\/\/www.celttv.com.ar\/wp-content\/uploads\/2025\/06\/IMG_2795-Medium-1140x760.jpg 1140w, https:\/\/www.celttv.com.ar\/wp-content\/uploads\/2025\/06\/IMG_2795-Medium.jpg 1152w\" sizes=\"auto, (max-width: 1024px) 100vw, 1024px\" \/> <img loading=\"lazy\" decoding=\"async\" class=\"alignnone wp-image-88903 size-large\" src=\"https:\/\/www.celttv.com.ar\/wp-content\/uploads\/2025\/06\/IMG_2796-Medium-1024x683.jpg\" alt=\"\" width=\"1024\" height=\"683\" srcset=\"https:\/\/www.celttv.com.ar\/wp-content\/uploads\/2025\/06\/IMG_2796-Medium-1024x683.jpg 1024w, https:\/\/www.celttv.com.ar\/wp-content\/uploads\/2025\/06\/IMG_2796-Medium-300x200.jpg 300w, https:\/\/www.celttv.com.ar\/wp-content\/uploads\/2025\/06\/IMG_2796-Medium-768x512.jpg 768w, https:\/\/www.celttv.com.ar\/wp-content\/uploads\/2025\/06\/IMG_2796-Medium-750x500.jpg 750w, https:\/\/www.celttv.com.ar\/wp-content\/uploads\/2025\/06\/IMG_2796-Medium-1140x760.jpg 1140w, https:\/\/www.celttv.com.ar\/wp-content\/uploads\/2025\/06\/IMG_2796-Medium.jpg 1152w\" sizes=\"auto, (max-width: 1024px) 100vw, 1024px\" \/> <img loading=\"lazy\" decoding=\"async\" class=\"alignnone wp-image-88904 size-large\" src=\"https:\/\/www.celttv.com.ar\/wp-content\/uploads\/2025\/06\/IMG_2797-Medium-1024x683.jpg\" alt=\"\" width=\"1024\" height=\"683\" srcset=\"https:\/\/www.celttv.com.ar\/wp-content\/uploads\/2025\/06\/IMG_2797-Medium-1024x683.jpg 1024w, https:\/\/www.celttv.com.ar\/wp-content\/uploads\/2025\/06\/IMG_2797-Medium-300x200.jpg 300w, https:\/\/www.celttv.com.ar\/wp-content\/uploads\/2025\/06\/IMG_2797-Medium-768x512.jpg 768w, https:\/\/www.celttv.com.ar\/wp-content\/uploads\/2025\/06\/IMG_2797-Medium-750x500.jpg 750w, https:\/\/www.celttv.com.ar\/wp-content\/uploads\/2025\/06\/IMG_2797-Medium-1140x760.jpg 1140w, https:\/\/www.celttv.com.ar\/wp-content\/uploads\/2025\/06\/IMG_2797-Medium.jpg 1152w\" sizes=\"auto, (max-width: 1024px) 100vw, 1024px\" \/> <img loading=\"lazy\" decoding=\"async\" class=\"alignnone wp-image-88905 size-large\" src=\"https:\/\/www.celttv.com.ar\/wp-content\/uploads\/2025\/06\/IMG_2800-Medium-1024x683.jpg\" alt=\"\" width=\"1024\" height=\"683\" srcset=\"https:\/\/www.celttv.com.ar\/wp-content\/uploads\/2025\/06\/IMG_2800-Medium-1024x683.jpg 1024w, https:\/\/www.celttv.com.ar\/wp-content\/uploads\/2025\/06\/IMG_2800-Medium-300x200.jpg 300w, https:\/\/www.celttv.com.ar\/wp-content\/uploads\/2025\/06\/IMG_2800-Medium-768x512.jpg 768w, https:\/\/www.celttv.com.ar\/wp-content\/uploads\/2025\/06\/IMG_2800-Medium-750x500.jpg 750w, https:\/\/www.celttv.com.ar\/wp-content\/uploads\/2025\/06\/IMG_2800-Medium-1140x760.jpg 1140w, https:\/\/www.celttv.com.ar\/wp-content\/uploads\/2025\/06\/IMG_2800-Medium.jpg 1152w\" sizes=\"auto, (max-width: 1024px) 100vw, 1024px\" \/> <img loading=\"lazy\" decoding=\"async\" class=\"alignnone wp-image-88906 size-large\" src=\"https:\/\/www.celttv.com.ar\/wp-content\/uploads\/2025\/06\/IMG_2802-Medium-1024x683.jpg\" alt=\"\" width=\"1024\" height=\"683\" srcset=\"https:\/\/www.celttv.com.ar\/wp-content\/uploads\/2025\/06\/IMG_2802-Medium-1024x683.jpg 1024w, https:\/\/www.celttv.com.ar\/wp-content\/uploads\/2025\/06\/IMG_2802-Medium-300x200.jpg 300w, https:\/\/www.celttv.com.ar\/wp-content\/uploads\/2025\/06\/IMG_2802-Medium-768x512.jpg 768w, https:\/\/www.celttv.com.ar\/wp-content\/uploads\/2025\/06\/IMG_2802-Medium-750x500.jpg 750w, https:\/\/www.celttv.com.ar\/wp-content\/uploads\/2025\/06\/IMG_2802-Medium-1140x760.jpg 1140w, https:\/\/www.celttv.com.ar\/wp-content\/uploads\/2025\/06\/IMG_2802-Medium.jpg 1152w\" sizes=\"auto, (max-width: 1024px) 100vw, 1024px\" \/><\/p>\n<p data-start=\"1986\" data-end=\"2268\" data-is-last-node=\"\" data-is-only-node=\"\">\n","protected":false},"excerpt":{"rendered":"<p>Una intensa nevada sorprendi\u00f3 a residentes y visitantes de la comarca serrana durante las \u00faltimas horas, convirtiendo al pintoresco sector serrano, y varias localidades del distrito, en una aut\u00e9nticas postales invernales. Las calles, los cerros y los alrededores del Parque Provincial Tornquist amanecieron completamente cubiertos de blanco, brindando un espect\u00e1culo visual que no se registraba [&hellip;]<\/p>\n","protected":false},"author":5,"featured_media":88881,"comment_status":"closed","ping_status":"closed","sticky":false,"template":"","format":"standard","meta":{"footnotes":""},"categories":[1,58],"tags":[],"class_list":["post-88878","post","type-post","status-publish","format-standard","has-post-thumbnail","hentry","category-sin-categoria","category-turismo"],"yoast_head":"<!-- This site is optimized with the Yoast SEO plugin v19.7.1 - https:\/\/yoast.com\/wordpress\/plugins\/seo\/ -->\n<title>Una intensa nevada ti\u00f1e de blanco la zona serrana y realza su atractivo - CELTTV<\/title>\n<meta name=\"description\" content=\"Sitio web de noticias de la localidad de Tornquist, provincia de Buenos Aires, Rep\u00fablica Argentina. Contenido propio originado por periodistas de CELTTV, el canal de TV local de la Cooperativa El\u00e9ctrica de Tornquist. Turismo, Pol\u00edtica, Sociedad, Deporte, Cultura y todo el contenido de inter\u00e9s general que la gente del pueblo y la regi\u00f3n debe conocer.\" \/>\n<meta name=\"robots\" content=\"index, follow, max-snippet:-1, max-image-preview:large, max-video-preview:-1\" \/>\n<link rel=\"canonical\" href=\"https:\/\/www.celttv.com.ar\/index.php\/2025\/06\/29\/una-intensa-nevada-tine-de-blanco-la-zona-serrana-y-realza-su-atractivo\/\" \/>\n<meta property=\"og:locale\" content=\"es_ES\" \/>\n<meta property=\"og:type\" content=\"article\" \/>\n<meta property=\"og:title\" content=\"Una intensa nevada ti\u00f1e de blanco la zona serrana y realza su atractivo - CELTTV\" \/>\n<meta property=\"og:description\" content=\"Sitio web de noticias de la localidad de Tornquist, provincia de Buenos Aires, Rep\u00fablica Argentina. Contenido propio originado por periodistas de CELTTV, el canal de TV local de la Cooperativa El\u00e9ctrica de Tornquist. Turismo, Pol\u00edtica, Sociedad, Deporte, Cultura y todo el contenido de inter\u00e9s general que la gente del pueblo y la regi\u00f3n debe conocer.\" \/>\n<meta property=\"og:url\" content=\"https:\/\/www.celttv.com.ar\/index.php\/2025\/06\/29\/una-intensa-nevada-tine-de-blanco-la-zona-serrana-y-realza-su-atractivo\/\" \/>\n<meta property=\"og:site_name\" content=\"CELTTV\" \/>\n<meta property=\"article:publisher\" content=\"https:\/\/www.facebook.com\/celtTV\/\" \/>\n<meta property=\"article:published_time\" content=\"2025-06-29T20:03:59+00:00\" \/>\n<meta property=\"article:modified_time\" content=\"2025-06-29T22:38:54+00:00\" \/>\n<meta property=\"og:image\" content=\"https:\/\/www.celttv.com.ar\/wp-content\/uploads\/2025\/06\/IMG_2774-Medium.jpg\" \/>\n\t<meta property=\"og:image:width\" content=\"1152\" \/>\n\t<meta property=\"og:image:height\" content=\"768\" \/>\n\t<meta property=\"og:image:type\" content=\"image\/jpeg\" \/>\n<meta name=\"author\" content=\"Miguel Herrada\" \/>\n<meta name=\"twitter:card\" content=\"summary_large_image\" \/>\n<meta name=\"twitter:label1\" content=\"Escrito por\" \/>\n\t<meta name=\"twitter:data1\" content=\"Miguel Herrada\" \/>\n\t<meta name=\"twitter:label2\" content=\"Tiempo de lectura\" \/>\n\t<meta name=\"twitter:data2\" content=\"2 minutos\" \/>\n<script type=\"application\/ld+json\" class=\"yoast-schema-graph\">{\"@context\":\"https:\/\/schema.org\",\"@graph\":[{\"@type\":\"NewsArticle\",\"@id\":\"https:\/\/www.celttv.com.ar\/index.php\/2025\/06\/29\/una-intensa-nevada-tine-de-blanco-la-zona-serrana-y-realza-su-atractivo\/#article\",\"isPartOf\":{\"@id\":\"https:\/\/www.celttv.com.ar\/index.php\/2025\/06\/29\/una-intensa-nevada-tine-de-blanco-la-zona-serrana-y-realza-su-atractivo\/\"},\"author\":{\"name\":\"Miguel Herrada\",\"@id\":\"https:\/\/www.celttv.com.ar\/#\/schema\/person\/9059dc91dc7204ef4182cdb65225f07d\"},\"headline\":\"Una intensa nevada ti\u00f1e de blanco la zona serrana y realza su atractivo\",\"datePublished\":\"2025-06-29T20:03:59+00:00\",\"dateModified\":\"2025-06-29T22:38:54+00:00\",\"mainEntityOfPage\":{\"@id\":\"https:\/\/www.celttv.com.ar\/index.php\/2025\/06\/29\/una-intensa-nevada-tine-de-blanco-la-zona-serrana-y-realza-su-atractivo\/\"},\"wordCount\":409,\"publisher\":{\"@id\":\"https:\/\/www.celttv.com.ar\/#organization\"},\"articleSection\":{\"1\":\"Turismo\"},\"inLanguage\":\"es\"},{\"@type\":\"WebPage\",\"@id\":\"https:\/\/www.celttv.com.ar\/index.php\/2025\/06\/29\/una-intensa-nevada-tine-de-blanco-la-zona-serrana-y-realza-su-atractivo\/\",\"url\":\"https:\/\/www.celttv.com.ar\/index.php\/2025\/06\/29\/una-intensa-nevada-tine-de-blanco-la-zona-serrana-y-realza-su-atractivo\/\",\"name\":\"Una intensa nevada ti\u00f1e de blanco la zona serrana y realza su atractivo - CELTTV\",\"isPartOf\":{\"@id\":\"https:\/\/www.celttv.com.ar\/#website\"},\"datePublished\":\"2025-06-29T20:03:59+00:00\",\"dateModified\":\"2025-06-29T22:38:54+00:00\",\"description\":\"Sitio web de noticias de la localidad de Tornquist, provincia de Buenos Aires, Rep\u00fablica Argentina. Contenido propio originado por periodistas de CELTTV, el canal de TV local de la Cooperativa El\u00e9ctrica de Tornquist. Turismo, Pol\u00edtica, Sociedad, Deporte, Cultura y todo el contenido de inter\u00e9s general que la gente del pueblo y la regi\u00f3n debe conocer.\",\"breadcrumb\":{\"@id\":\"https:\/\/www.celttv.com.ar\/index.php\/2025\/06\/29\/una-intensa-nevada-tine-de-blanco-la-zona-serrana-y-realza-su-atractivo\/#breadcrumb\"},\"inLanguage\":\"es\",\"potentialAction\":[{\"@type\":\"ReadAction\",\"target\":[\"https:\/\/www.celttv.com.ar\/index.php\/2025\/06\/29\/una-intensa-nevada-tine-de-blanco-la-zona-serrana-y-realza-su-atractivo\/\"]}]},{\"@type\":\"BreadcrumbList\",\"@id\":\"https:\/\/www.celttv.com.ar\/index.php\/2025\/06\/29\/una-intensa-nevada-tine-de-blanco-la-zona-serrana-y-realza-su-atractivo\/#breadcrumb\",\"itemListElement\":[{\"@type\":\"ListItem\",\"position\":1,\"name\":\"Inicio\",\"item\":\"https:\/\/www.celttv.com.ar\/\"},{\"@type\":\"ListItem\",\"position\":2,\"name\":\"Una intensa nevada ti\u00f1e de blanco la zona serrana y realza su atractivo\"}]},{\"@type\":\"WebSite\",\"@id\":\"https:\/\/www.celttv.com.ar\/#website\",\"url\":\"https:\/\/www.celttv.com.ar\/\",\"name\":\"CELTTV\",\"description\":\"Cooperativa El\u00e9ctrica de Tornquist\",\"publisher\":{\"@id\":\"https:\/\/www.celttv.com.ar\/#organization\"},\"potentialAction\":[{\"@type\":\"SearchAction\",\"target\":{\"@type\":\"EntryPoint\",\"urlTemplate\":\"https:\/\/www.celttv.com.ar\/?s={search_term_string}\"},\"query-input\":\"required name=search_term_string\"}],\"inLanguage\":\"es\"},{\"@type\":\"Organization\",\"@id\":\"https:\/\/www.celttv.com.ar\/#organization\",\"name\":\"CELTTV\",\"url\":\"https:\/\/www.celttv.com.ar\/\",\"sameAs\":[\"https:\/\/www.youtube.com\/channel\/UCz_oIt8Hig64Ub-EmcNPIhg\",\"https:\/\/www.facebook.com\/celtTV\/\"],\"logo\":{\"@type\":\"ImageObject\",\"inLanguage\":\"es\",\"@id\":\"https:\/\/www.celttv.com.ar\/#\/schema\/logo\/image\/\",\"url\":\"http:\/\/www.celttv.com.ar\/wp-content\/uploads\/2022\/08\/logo-1.png\",\"contentUrl\":\"http:\/\/www.celttv.com.ar\/wp-content\/uploads\/2022\/08\/logo-1.png\",\"width\":461,\"height\":159,\"caption\":\"CELTTV\"},\"image\":{\"@id\":\"https:\/\/www.celttv.com.ar\/#\/schema\/logo\/image\/\"}},{\"@type\":\"Person\",\"@id\":\"https:\/\/www.celttv.com.ar\/#\/schema\/person\/9059dc91dc7204ef4182cdb65225f07d\",\"name\":\"Miguel Herrada\",\"image\":{\"@type\":\"ImageObject\",\"inLanguage\":\"es\",\"@id\":\"https:\/\/www.celttv.com.ar\/#\/schema\/person\/image\/\",\"url\":\"https:\/\/secure.gravatar.com\/avatar\/67724d5b3c716623ffd76bec7e45841a442ac3b456e914dbba90b0fad2b8e0b1?s=96&d=mm&r=g\",\"contentUrl\":\"https:\/\/secure.gravatar.com\/avatar\/67724d5b3c716623ffd76bec7e45841a442ac3b456e914dbba90b0fad2b8e0b1?s=96&d=mm&r=g\",\"caption\":\"Miguel Herrada\"}}]}<\/script>\n<!-- \/ Yoast SEO plugin. -->","yoast_head_json":{"title":"Una intensa nevada ti\u00f1e de blanco la zona serrana y realza su atractivo - CELTTV","description":"Sitio web de noticias de la localidad de Tornquist, provincia de Buenos Aires, Rep\u00fablica Argentina. Contenido propio originado por periodistas de CELTTV, el canal de TV local de la Cooperativa El\u00e9ctrica de Tornquist. Turismo, Pol\u00edtica, Sociedad, Deporte, Cultura y todo el contenido de inter\u00e9s general que la gente del pueblo y la regi\u00f3n debe conocer.","robots":{"index":"index","follow":"follow","max-snippet":"max-snippet:-1","max-image-preview":"max-image-preview:large","max-video-preview":"max-video-preview:-1"},"canonical":"https:\/\/www.celttv.com.ar\/index.php\/2025\/06\/29\/una-intensa-nevada-tine-de-blanco-la-zona-serrana-y-realza-su-atractivo\/","og_locale":"es_ES","og_type":"article","og_title":"Una intensa nevada ti\u00f1e de blanco la zona serrana y realza su atractivo - CELTTV","og_description":"Sitio web de noticias de la localidad de Tornquist, provincia de Buenos Aires, Rep\u00fablica Argentina. Contenido propio originado por periodistas de CELTTV, el canal de TV local de la Cooperativa El\u00e9ctrica de Tornquist. Turismo, Pol\u00edtica, Sociedad, Deporte, Cultura y todo el contenido de inter\u00e9s general que la gente del pueblo y la regi\u00f3n debe conocer.","og_url":"https:\/\/www.celttv.com.ar\/index.php\/2025\/06\/29\/una-intensa-nevada-tine-de-blanco-la-zona-serrana-y-realza-su-atractivo\/","og_site_name":"CELTTV","article_publisher":"https:\/\/www.facebook.com\/celtTV\/","article_published_time":"2025-06-29T20:03:59+00:00","article_modified_time":"2025-06-29T22:38:54+00:00","og_image":[{"width":1152,"height":768,"url":"https:\/\/www.celttv.com.ar\/wp-content\/uploads\/2025\/06\/IMG_2774-Medium.jpg","type":"image\/jpeg"}],"author":"Miguel Herrada","twitter_card":"summary_large_image","twitter_misc":{"Escrito por":"Miguel Herrada","Tiempo de lectura":"2 minutos"},"schema":{"@context":"https:\/\/schema.org","@graph":[{"@type":"NewsArticle","@id":"https:\/\/www.celttv.com.ar\/index.php\/2025\/06\/29\/una-intensa-nevada-tine-de-blanco-la-zona-serrana-y-realza-su-atractivo\/#article","isPartOf":{"@id":"https:\/\/www.celttv.com.ar\/index.php\/2025\/06\/29\/una-intensa-nevada-tine-de-blanco-la-zona-serrana-y-realza-su-atractivo\/"},"author":{"name":"Miguel Herrada","@id":"https:\/\/www.celttv.com.ar\/#\/schema\/person\/9059dc91dc7204ef4182cdb65225f07d"},"headline":"Una intensa nevada ti\u00f1e de blanco la zona serrana y realza su atractivo","datePublished":"2025-06-29T20:03:59+00:00","dateModified":"2025-06-29T22:38:54+00:00","mainEntityOfPage":{"@id":"https:\/\/www.celttv.com.ar\/index.php\/2025\/06\/29\/una-intensa-nevada-tine-de-blanco-la-zona-serrana-y-realza-su-atractivo\/"},"wordCount":409,"publisher":{"@id":"https:\/\/www.celttv.com.ar\/#organization"},"articleSection":{"1":"Turismo"},"inLanguage":"es"},{"@type":"WebPage","@id":"https:\/\/www.celttv.com.ar\/index.php\/2025\/06\/29\/una-intensa-nevada-tine-de-blanco-la-zona-serrana-y-realza-su-atractivo\/","url":"https:\/\/www.celttv.com.ar\/index.php\/2025\/06\/29\/una-intensa-nevada-tine-de-blanco-la-zona-serrana-y-realza-su-atractivo\/","name":"Una intensa nevada ti\u00f1e de blanco la zona serrana y realza su atractivo - CELTTV","isPartOf":{"@id":"https:\/\/www.celttv.com.ar\/#website"},"datePublished":"2025-06-29T20:03:59+00:00","dateModified":"2025-06-29T22:38:54+00:00","description":"Sitio web de noticias de la localidad de Tornquist, provincia de Buenos Aires, Rep\u00fablica Argentina. Contenido propio originado por periodistas de CELTTV, el canal de TV local de la Cooperativa El\u00e9ctrica de Tornquist. Turismo, Pol\u00edtica, Sociedad, Deporte, Cultura y todo el contenido de inter\u00e9s general que la gente del pueblo y la regi\u00f3n debe conocer.","breadcrumb":{"@id":"https:\/\/www.celttv.com.ar\/index.php\/2025\/06\/29\/una-intensa-nevada-tine-de-blanco-la-zona-serrana-y-realza-su-atractivo\/#breadcrumb"},"inLanguage":"es","potentialAction":[{"@type":"ReadAction","target":["https:\/\/www.celttv.com.ar\/index.php\/2025\/06\/29\/una-intensa-nevada-tine-de-blanco-la-zona-serrana-y-realza-su-atractivo\/"]}]},{"@type":"BreadcrumbList","@id":"https:\/\/www.celttv.com.ar\/index.php\/2025\/06\/29\/una-intensa-nevada-tine-de-blanco-la-zona-serrana-y-realza-su-atractivo\/#breadcrumb","itemListElement":[{"@type":"ListItem","position":1,"name":"Inicio","item":"https:\/\/www.celttv.com.ar\/"},{"@type":"ListItem","position":2,"name":"Una intensa nevada ti\u00f1e de blanco la zona serrana y realza su atractivo"}]},{"@type":"WebSite","@id":"https:\/\/www.celttv.com.ar\/#website","url":"https:\/\/www.celttv.com.ar\/","name":"CELTTV","description":"Cooperativa El\u00e9ctrica de Tornquist","publisher":{"@id":"https:\/\/www.celttv.com.ar\/#organization"},"potentialAction":[{"@type":"SearchAction","target":{"@type":"EntryPoint","urlTemplate":"https:\/\/www.celttv.com.ar\/?s={search_term_string}"},"query-input":"required name=search_term_string"}],"inLanguage":"es"},{"@type":"Organization","@id":"https:\/\/www.celttv.com.ar\/#organization","name":"CELTTV","url":"https:\/\/www.celttv.com.ar\/","sameAs":["https:\/\/www.youtube.com\/channel\/UCz_oIt8Hig64Ub-EmcNPIhg","https:\/\/www.facebook.com\/celtTV\/"],"logo":{"@type":"ImageObject","inLanguage":"es","@id":"https:\/\/www.celttv.com.ar\/#\/schema\/logo\/image\/","url":"http:\/\/www.celttv.com.ar\/wp-content\/uploads\/2022\/08\/logo-1.png","contentUrl":"http:\/\/www.celttv.com.ar\/wp-content\/uploads\/2022\/08\/logo-1.png","width":461,"height":159,"caption":"CELTTV"},"image":{"@id":"https:\/\/www.celttv.com.ar\/#\/schema\/logo\/image\/"}},{"@type":"Person","@id":"https:\/\/www.celttv.com.ar\/#\/schema\/person\/9059dc91dc7204ef4182cdb65225f07d","name":"Miguel Herrada","image":{"@type":"ImageObject","inLanguage":"es","@id":"https:\/\/www.celttv.com.ar\/#\/schema\/person\/image\/","url":"https:\/\/secure.gravatar.com\/avatar\/67724d5b3c716623ffd76bec7e45841a442ac3b456e914dbba90b0fad2b8e0b1?s=96&d=mm&r=g","contentUrl":"https:\/\/secure.gravatar.com\/avatar\/67724d5b3c716623ffd76bec7e45841a442ac3b456e914dbba90b0fad2b8e0b1?s=96&d=mm&r=g","caption":"Miguel Herrada"}}]}},"_links":{"self":[{"href":"https:\/\/www.celttv.com.ar\/index.php\/wp-json\/wp\/v2\/posts\/88878","targetHints":{"allow":["GET"]}}],"collection":[{"href":"https:\/\/www.celttv.com.ar\/index.php\/wp-json\/wp\/v2\/posts"}],"about":[{"href":"https:\/\/www.celttv.com.ar\/index.php\/wp-json\/wp\/v2\/types\/post"}],"author":[{"embeddable":true,"href":"https:\/\/www.celttv.com.ar\/index.php\/wp-json\/wp\/v2\/users\/5"}],"replies":[{"embeddable":true,"href":"https:\/\/www.celttv.com.ar\/index.php\/wp-json\/wp\/v2\/comments?post=88878"}],"version-history":[{"count":3,"href":"https:\/\/www.celttv.com.ar\/index.php\/wp-json\/wp\/v2\/posts\/88878\/revisions"}],"predecessor-version":[{"id":88908,"href":"https:\/\/www.celttv.com.ar\/index.php\/wp-json\/wp\/v2\/posts\/88878\/revisions\/88908"}],"wp:featuredmedia":[{"embeddable":true,"href":"https:\/\/www.celttv.com.ar\/index.php\/wp-json\/wp\/v2\/media\/88881"}],"wp:attachment":[{"href":"https:\/\/www.celttv.com.ar\/index.php\/wp-json\/wp\/v2\/media?parent=88878"}],"wp:term":[{"taxonomy":"category","embeddable":true,"href":"https:\/\/www.celttv.com.ar\/index.php\/wp-json\/wp\/v2\/categories?post=88878"},{"taxonomy":"post_tag","embeddable":true,"href":"https:\/\/www.celttv.com.ar\/index.php\/wp-json\/wp\/v2\/tags?post=88878"}],"curies":[{"name":"wp","href":"https:\/\/api.w.org\/{rel}","templated":true}]}}