{"id":88970,"date":"2025-07-01T18:12:24","date_gmt":"2025-07-01T21:12:24","guid":{"rendered":"https:\/\/www.celttv.com.ar\/?p=88970"},"modified":"2025-07-01T18:12:24","modified_gmt":"2025-07-01T21:12:24","slug":"el-hospital-menor-dr-emilio-aldaya-cuenta-con-un-nuevo-equipo-directivo","status":"publish","type":"post","link":"https:\/\/www.celttv.com.ar\/index.php\/2025\/07\/01\/el-hospital-menor-dr-emilio-aldaya-cuenta-con-un-nuevo-equipo-directivo\/","title":{"rendered":"El Hospital Menor \u201cDr. Emilio Aldaya\u201d cuenta con un nuevo equipo directivo"},"content":{"rendered":"<p>Esta ma\u00f1ana, el intendente municipal Sergio Bordoni puso en funciones al nuevo equipo directivo del Hospital Dr. Emilio Aldaya de Sierra de la Ventana. El Dr. Frank Layza, m\u00e9dico emergent\u00f3logo, asumir\u00e1 la direcci\u00f3n del nosocomio, acompa\u00f1ado por Carla Andreotta, quien estar\u00e1 a cargo de la coordinaci\u00f3n de gesti\u00f3n de salud.<\/p>\n<p>Durante el acto, el jefe comunal destac\u00f3 la importancia de fortalecer los servicios de salud en las localidades del distrito y remarc\u00f3 el compromiso de esta gesti\u00f3n con el sistema sanitario. En ese sentido, anunci\u00f3 que se comenzar\u00e1 a trabajar en la creaci\u00f3n de un laboratorio dentro del hospital, lo que permitir\u00e1 brindar mayores prestaciones y mejorar la calidad de atenci\u00f3n tanto para vecinos y vecinas como para los turistas que vistan la localidad, sin depender exclusivamente del Hospital Municipal de Tornquist.<\/p>\n<p>El jefe comunal tambi\u00e9n valor\u00f3 el proceso de crecimiento sostenido del hospital, que en los \u00faltimos a\u00f1os experiment\u00f3 importantes ampliaciones y mejoras, con la incorporaci\u00f3n de infraestructura edilicia y equipamiento; resaltando que la prioridad ahora es incorporar nuevos profesionales m\u00e9dicos que puedan brindar atenci\u00f3n de calidad y fortalezca el crecimiento del centro de salud.<\/p>\n<p>Estuvieron presentes la Secretaria de Salud, Noelia Baier; la Secretaria de Hacienda, Estefan\u00eda Bordoni; y la Subsecretaria de Gesti\u00f3n de la Salud, Romanella Bergesio.<\/p>\n<p><img loading=\"lazy\" decoding=\"async\" class=\"alignnone wp-image-88971 size-large\" src=\"https:\/\/www.celttv.com.ar\/wp-content\/uploads\/2025\/07\/Presentacion-Direccion-1-Medium-1024x683.jpg\" alt=\"\" width=\"1024\" height=\"683\" srcset=\"https:\/\/www.celttv.com.ar\/wp-content\/uploads\/2025\/07\/Presentacion-Direccion-1-Medium-1024x683.jpg 1024w, https:\/\/www.celttv.com.ar\/wp-content\/uploads\/2025\/07\/Presentacion-Direccion-1-Medium-300x200.jpg 300w, https:\/\/www.celttv.com.ar\/wp-content\/uploads\/2025\/07\/Presentacion-Direccion-1-Medium-768x512.jpg 768w, https:\/\/www.celttv.com.ar\/wp-content\/uploads\/2025\/07\/Presentacion-Direccion-1-Medium-750x500.jpg 750w, https:\/\/www.celttv.com.ar\/wp-content\/uploads\/2025\/07\/Presentacion-Direccion-1-Medium-1140x761.jpg 1140w, https:\/\/www.celttv.com.ar\/wp-content\/uploads\/2025\/07\/Presentacion-Direccion-1-Medium.jpg 1151w\" sizes=\"auto, (max-width: 1024px) 100vw, 1024px\" \/> <img loading=\"lazy\" decoding=\"async\" class=\"alignnone wp-image-88972 size-large\" src=\"https:\/\/www.celttv.com.ar\/wp-content\/uploads\/2025\/07\/Presentacion-Direccion-2-Medium-1024x683.jpg\" alt=\"\" width=\"1024\" height=\"683\" srcset=\"https:\/\/www.celttv.com.ar\/wp-content\/uploads\/2025\/07\/Presentacion-Direccion-2-Medium-1024x683.jpg 1024w, https:\/\/www.celttv.com.ar\/wp-content\/uploads\/2025\/07\/Presentacion-Direccion-2-Medium-300x200.jpg 300w, https:\/\/www.celttv.com.ar\/wp-content\/uploads\/2025\/07\/Presentacion-Direccion-2-Medium-768x512.jpg 768w, https:\/\/www.celttv.com.ar\/wp-content\/uploads\/2025\/07\/Presentacion-Direccion-2-Medium-750x500.jpg 750w, https:\/\/www.celttv.com.ar\/wp-content\/uploads\/2025\/07\/Presentacion-Direccion-2-Medium-1140x761.jpg 1140w, https:\/\/www.celttv.com.ar\/wp-content\/uploads\/2025\/07\/Presentacion-Direccion-2-Medium.jpg 1151w\" sizes=\"auto, (max-width: 1024px) 100vw, 1024px\" \/> <img loading=\"lazy\" decoding=\"async\" class=\"alignnone wp-image-88973 size-large\" src=\"https:\/\/www.celttv.com.ar\/wp-content\/uploads\/2025\/07\/Presentacion-Direccion-3-Medium-1024x683.jpg\" alt=\"\" width=\"1024\" height=\"683\" srcset=\"https:\/\/www.celttv.com.ar\/wp-content\/uploads\/2025\/07\/Presentacion-Direccion-3-Medium-1024x683.jpg 1024w, https:\/\/www.celttv.com.ar\/wp-content\/uploads\/2025\/07\/Presentacion-Direccion-3-Medium-300x200.jpg 300w, https:\/\/www.celttv.com.ar\/wp-content\/uploads\/2025\/07\/Presentacion-Direccion-3-Medium-768x512.jpg 768w, https:\/\/www.celttv.com.ar\/wp-content\/uploads\/2025\/07\/Presentacion-Direccion-3-Medium-750x500.jpg 750w, https:\/\/www.celttv.com.ar\/wp-content\/uploads\/2025\/07\/Presentacion-Direccion-3-Medium-1140x761.jpg 1140w, https:\/\/www.celttv.com.ar\/wp-content\/uploads\/2025\/07\/Presentacion-Direccion-3-Medium.jpg 1151w\" sizes=\"auto, (max-width: 1024px) 100vw, 1024px\" \/> <img loading=\"lazy\" decoding=\"async\" class=\"alignnone wp-image-88974 size-large\" src=\"https:\/\/www.celttv.com.ar\/wp-content\/uploads\/2025\/07\/Presentacion-Direccion-4-Medium-1024x683.jpg\" alt=\"\" width=\"1024\" height=\"683\" srcset=\"https:\/\/www.celttv.com.ar\/wp-content\/uploads\/2025\/07\/Presentacion-Direccion-4-Medium-1024x683.jpg 1024w, https:\/\/www.celttv.com.ar\/wp-content\/uploads\/2025\/07\/Presentacion-Direccion-4-Medium-300x200.jpg 300w, https:\/\/www.celttv.com.ar\/wp-content\/uploads\/2025\/07\/Presentacion-Direccion-4-Medium-768x512.jpg 768w, https:\/\/www.celttv.com.ar\/wp-content\/uploads\/2025\/07\/Presentacion-Direccion-4-Medium-750x500.jpg 750w, https:\/\/www.celttv.com.ar\/wp-content\/uploads\/2025\/07\/Presentacion-Direccion-4-Medium-1140x761.jpg 1140w, https:\/\/www.celttv.com.ar\/wp-content\/uploads\/2025\/07\/Presentacion-Direccion-4-Medium.jpg 1151w\" sizes=\"auto, (max-width: 1024px) 100vw, 1024px\" \/><\/p>\n<p>&nbsp;<\/p>\n","protected":false},"excerpt":{"rendered":"<p>Esta ma\u00f1ana, el intendente municipal Sergio Bordoni puso en funciones al nuevo equipo directivo del Hospital Dr. Emilio Aldaya de Sierra de la Ventana. El Dr. Frank Layza, m\u00e9dico emergent\u00f3logo, asumir\u00e1 la direcci\u00f3n del nosocomio, acompa\u00f1ado por Carla Andreotta, quien estar\u00e1 a cargo de la coordinaci\u00f3n de gesti\u00f3n de salud. Durante el acto, el jefe [&hellip;]<\/p>\n","protected":false},"author":5,"featured_media":88973,"comment_status":"closed","ping_status":"closed","sticky":false,"template":"","format":"standard","meta":{"footnotes":""},"categories":[59],"tags":[],"class_list":["post-88970","post","type-post","status-publish","format-standard","has-post-thumbnail","hentry","category-municipales"],"yoast_head":"<!-- This site is optimized with the Yoast SEO plugin v19.7.1 - https:\/\/yoast.com\/wordpress\/plugins\/seo\/ -->\n<title>El Hospital Menor \u201cDr. Emilio Aldaya\u201d cuenta con un nuevo equipo directivo - CELTTV<\/title>\n<meta name=\"description\" content=\"Sitio web de noticias de la localidad de Tornquist, provincia de Buenos Aires, Rep\u00fablica Argentina. Contenido propio originado por periodistas de CELTTV, el canal de TV local de la Cooperativa El\u00e9ctrica de Tornquist. Turismo, Pol\u00edtica, Sociedad, Deporte, Cultura y todo el contenido de inter\u00e9s general que la gente del pueblo y la regi\u00f3n debe conocer.\" \/>\n<meta name=\"robots\" content=\"index, follow, max-snippet:-1, max-image-preview:large, max-video-preview:-1\" \/>\n<link rel=\"canonical\" href=\"https:\/\/www.celttv.com.ar\/index.php\/2025\/07\/01\/el-hospital-menor-dr-emilio-aldaya-cuenta-con-un-nuevo-equipo-directivo\/\" \/>\n<meta property=\"og:locale\" content=\"es_ES\" \/>\n<meta property=\"og:type\" content=\"article\" \/>\n<meta property=\"og:title\" content=\"El Hospital Menor \u201cDr. Emilio Aldaya\u201d cuenta con un nuevo equipo directivo - CELTTV\" \/>\n<meta property=\"og:description\" content=\"Sitio web de noticias de la localidad de Tornquist, provincia de Buenos Aires, Rep\u00fablica Argentina. Contenido propio originado por periodistas de CELTTV, el canal de TV local de la Cooperativa El\u00e9ctrica de Tornquist. Turismo, Pol\u00edtica, Sociedad, Deporte, Cultura y todo el contenido de inter\u00e9s general que la gente del pueblo y la regi\u00f3n debe conocer.\" \/>\n<meta property=\"og:url\" content=\"https:\/\/www.celttv.com.ar\/index.php\/2025\/07\/01\/el-hospital-menor-dr-emilio-aldaya-cuenta-con-un-nuevo-equipo-directivo\/\" \/>\n<meta property=\"og:site_name\" content=\"CELTTV\" \/>\n<meta property=\"article:publisher\" content=\"https:\/\/www.facebook.com\/celtTV\/\" \/>\n<meta property=\"article:published_time\" content=\"2025-07-01T21:12:24+00:00\" \/>\n<meta property=\"og:image\" content=\"https:\/\/www.celttv.com.ar\/wp-content\/uploads\/2025\/07\/Presentacion-Direccion-3-Medium.jpg\" \/>\n\t<meta property=\"og:image:width\" content=\"1151\" \/>\n\t<meta property=\"og:image:height\" content=\"768\" \/>\n\t<meta property=\"og:image:type\" content=\"image\/jpeg\" \/>\n<meta name=\"author\" content=\"Miguel Herrada\" \/>\n<meta name=\"twitter:card\" content=\"summary_large_image\" \/>\n<meta name=\"twitter:label1\" content=\"Escrito por\" \/>\n\t<meta name=\"twitter:data1\" content=\"Miguel Herrada\" \/>\n\t<meta name=\"twitter:label2\" content=\"Tiempo de lectura\" \/>\n\t<meta name=\"twitter:data2\" content=\"1 minuto\" \/>\n<script type=\"application\/ld+json\" class=\"yoast-schema-graph\">{\"@context\":\"https:\/\/schema.org\",\"@graph\":[{\"@type\":\"NewsArticle\",\"@id\":\"https:\/\/www.celttv.com.ar\/index.php\/2025\/07\/01\/el-hospital-menor-dr-emilio-aldaya-cuenta-con-un-nuevo-equipo-directivo\/#article\",\"isPartOf\":{\"@id\":\"https:\/\/www.celttv.com.ar\/index.php\/2025\/07\/01\/el-hospital-menor-dr-emilio-aldaya-cuenta-con-un-nuevo-equipo-directivo\/\"},\"author\":{\"name\":\"Miguel Herrada\",\"@id\":\"https:\/\/www.celttv.com.ar\/#\/schema\/person\/9059dc91dc7204ef4182cdb65225f07d\"},\"headline\":\"El Hospital Menor \u201cDr. Emilio Aldaya\u201d cuenta con un nuevo equipo directivo\",\"datePublished\":\"2025-07-01T21:12:24+00:00\",\"dateModified\":\"2025-07-01T21:12:24+00:00\",\"mainEntityOfPage\":{\"@id\":\"https:\/\/www.celttv.com.ar\/index.php\/2025\/07\/01\/el-hospital-menor-dr-emilio-aldaya-cuenta-con-un-nuevo-equipo-directivo\/\"},\"wordCount\":240,\"publisher\":{\"@id\":\"https:\/\/www.celttv.com.ar\/#organization\"},\"articleSection\":[\"Municipales\"],\"inLanguage\":\"es\"},{\"@type\":\"WebPage\",\"@id\":\"https:\/\/www.celttv.com.ar\/index.php\/2025\/07\/01\/el-hospital-menor-dr-emilio-aldaya-cuenta-con-un-nuevo-equipo-directivo\/\",\"url\":\"https:\/\/www.celttv.com.ar\/index.php\/2025\/07\/01\/el-hospital-menor-dr-emilio-aldaya-cuenta-con-un-nuevo-equipo-directivo\/\",\"name\":\"El Hospital Menor \u201cDr. Emilio Aldaya\u201d cuenta con un nuevo equipo directivo - CELTTV\",\"isPartOf\":{\"@id\":\"https:\/\/www.celttv.com.ar\/#website\"},\"datePublished\":\"2025-07-01T21:12:24+00:00\",\"dateModified\":\"2025-07-01T21:12:24+00:00\",\"description\":\"Sitio web de noticias de la localidad de Tornquist, provincia de Buenos Aires, Rep\u00fablica Argentina. Contenido propio originado por periodistas de CELTTV, el canal de TV local de la Cooperativa El\u00e9ctrica de Tornquist. Turismo, Pol\u00edtica, Sociedad, Deporte, Cultura y todo el contenido de inter\u00e9s general que la gente del pueblo y la regi\u00f3n debe conocer.\",\"breadcrumb\":{\"@id\":\"https:\/\/www.celttv.com.ar\/index.php\/2025\/07\/01\/el-hospital-menor-dr-emilio-aldaya-cuenta-con-un-nuevo-equipo-directivo\/#breadcrumb\"},\"inLanguage\":\"es\",\"potentialAction\":[{\"@type\":\"ReadAction\",\"target\":[\"https:\/\/www.celttv.com.ar\/index.php\/2025\/07\/01\/el-hospital-menor-dr-emilio-aldaya-cuenta-con-un-nuevo-equipo-directivo\/\"]}]},{\"@type\":\"BreadcrumbList\",\"@id\":\"https:\/\/www.celttv.com.ar\/index.php\/2025\/07\/01\/el-hospital-menor-dr-emilio-aldaya-cuenta-con-un-nuevo-equipo-directivo\/#breadcrumb\",\"itemListElement\":[{\"@type\":\"ListItem\",\"position\":1,\"name\":\"Inicio\",\"item\":\"https:\/\/www.celttv.com.ar\/\"},{\"@type\":\"ListItem\",\"position\":2,\"name\":\"El Hospital Menor \u201cDr. Emilio Aldaya\u201d cuenta con un nuevo equipo directivo\"}]},{\"@type\":\"WebSite\",\"@id\":\"https:\/\/www.celttv.com.ar\/#website\",\"url\":\"https:\/\/www.celttv.com.ar\/\",\"name\":\"CELTTV\",\"description\":\"Cooperativa El\u00e9ctrica de Tornquist\",\"publisher\":{\"@id\":\"https:\/\/www.celttv.com.ar\/#organization\"},\"potentialAction\":[{\"@type\":\"SearchAction\",\"target\":{\"@type\":\"EntryPoint\",\"urlTemplate\":\"https:\/\/www.celttv.com.ar\/?s={search_term_string}\"},\"query-input\":\"required name=search_term_string\"}],\"inLanguage\":\"es\"},{\"@type\":\"Organization\",\"@id\":\"https:\/\/www.celttv.com.ar\/#organization\",\"name\":\"CELTTV\",\"url\":\"https:\/\/www.celttv.com.ar\/\",\"sameAs\":[\"https:\/\/www.youtube.com\/channel\/UCz_oIt8Hig64Ub-EmcNPIhg\",\"https:\/\/www.facebook.com\/celtTV\/\"],\"logo\":{\"@type\":\"ImageObject\",\"inLanguage\":\"es\",\"@id\":\"https:\/\/www.celttv.com.ar\/#\/schema\/logo\/image\/\",\"url\":\"http:\/\/www.celttv.com.ar\/wp-content\/uploads\/2022\/08\/logo-1.png\",\"contentUrl\":\"http:\/\/www.celttv.com.ar\/wp-content\/uploads\/2022\/08\/logo-1.png\",\"width\":461,\"height\":159,\"caption\":\"CELTTV\"},\"image\":{\"@id\":\"https:\/\/www.celttv.com.ar\/#\/schema\/logo\/image\/\"}},{\"@type\":\"Person\",\"@id\":\"https:\/\/www.celttv.com.ar\/#\/schema\/person\/9059dc91dc7204ef4182cdb65225f07d\",\"name\":\"Miguel Herrada\",\"image\":{\"@type\":\"ImageObject\",\"inLanguage\":\"es\",\"@id\":\"https:\/\/www.celttv.com.ar\/#\/schema\/person\/image\/\",\"url\":\"https:\/\/secure.gravatar.com\/avatar\/67724d5b3c716623ffd76bec7e45841a442ac3b456e914dbba90b0fad2b8e0b1?s=96&d=mm&r=g\",\"contentUrl\":\"https:\/\/secure.gravatar.com\/avatar\/67724d5b3c716623ffd76bec7e45841a442ac3b456e914dbba90b0fad2b8e0b1?s=96&d=mm&r=g\",\"caption\":\"Miguel Herrada\"}}]}<\/script>\n<!-- \/ Yoast SEO plugin. -->","yoast_head_json":{"title":"El Hospital Menor \u201cDr. Emilio Aldaya\u201d cuenta con un nuevo equipo directivo - CELTTV","description":"Sitio web de noticias de la localidad de Tornquist, provincia de Buenos Aires, Rep\u00fablica Argentina. Contenido propio originado por periodistas de CELTTV, el canal de TV local de la Cooperativa El\u00e9ctrica de Tornquist. Turismo, Pol\u00edtica, Sociedad, Deporte, Cultura y todo el contenido de inter\u00e9s general que la gente del pueblo y la regi\u00f3n debe conocer.","robots":{"index":"index","follow":"follow","max-snippet":"max-snippet:-1","max-image-preview":"max-image-preview:large","max-video-preview":"max-video-preview:-1"},"canonical":"https:\/\/www.celttv.com.ar\/index.php\/2025\/07\/01\/el-hospital-menor-dr-emilio-aldaya-cuenta-con-un-nuevo-equipo-directivo\/","og_locale":"es_ES","og_type":"article","og_title":"El Hospital Menor \u201cDr. Emilio Aldaya\u201d cuenta con un nuevo equipo directivo - CELTTV","og_description":"Sitio web de noticias de la localidad de Tornquist, provincia de Buenos Aires, Rep\u00fablica Argentina. Contenido propio originado por periodistas de CELTTV, el canal de TV local de la Cooperativa El\u00e9ctrica de Tornquist. Turismo, Pol\u00edtica, Sociedad, Deporte, Cultura y todo el contenido de inter\u00e9s general que la gente del pueblo y la regi\u00f3n debe conocer.","og_url":"https:\/\/www.celttv.com.ar\/index.php\/2025\/07\/01\/el-hospital-menor-dr-emilio-aldaya-cuenta-con-un-nuevo-equipo-directivo\/","og_site_name":"CELTTV","article_publisher":"https:\/\/www.facebook.com\/celtTV\/","article_published_time":"2025-07-01T21:12:24+00:00","og_image":[{"width":1151,"height":768,"url":"https:\/\/www.celttv.com.ar\/wp-content\/uploads\/2025\/07\/Presentacion-Direccion-3-Medium.jpg","type":"image\/jpeg"}],"author":"Miguel Herrada","twitter_card":"summary_large_image","twitter_misc":{"Escrito por":"Miguel Herrada","Tiempo de lectura":"1 minuto"},"schema":{"@context":"https:\/\/schema.org","@graph":[{"@type":"NewsArticle","@id":"https:\/\/www.celttv.com.ar\/index.php\/2025\/07\/01\/el-hospital-menor-dr-emilio-aldaya-cuenta-con-un-nuevo-equipo-directivo\/#article","isPartOf":{"@id":"https:\/\/www.celttv.com.ar\/index.php\/2025\/07\/01\/el-hospital-menor-dr-emilio-aldaya-cuenta-con-un-nuevo-equipo-directivo\/"},"author":{"name":"Miguel Herrada","@id":"https:\/\/www.celttv.com.ar\/#\/schema\/person\/9059dc91dc7204ef4182cdb65225f07d"},"headline":"El Hospital Menor \u201cDr. Emilio Aldaya\u201d cuenta con un nuevo equipo directivo","datePublished":"2025-07-01T21:12:24+00:00","dateModified":"2025-07-01T21:12:24+00:00","mainEntityOfPage":{"@id":"https:\/\/www.celttv.com.ar\/index.php\/2025\/07\/01\/el-hospital-menor-dr-emilio-aldaya-cuenta-con-un-nuevo-equipo-directivo\/"},"wordCount":240,"publisher":{"@id":"https:\/\/www.celttv.com.ar\/#organization"},"articleSection":["Municipales"],"inLanguage":"es"},{"@type":"WebPage","@id":"https:\/\/www.celttv.com.ar\/index.php\/2025\/07\/01\/el-hospital-menor-dr-emilio-aldaya-cuenta-con-un-nuevo-equipo-directivo\/","url":"https:\/\/www.celttv.com.ar\/index.php\/2025\/07\/01\/el-hospital-menor-dr-emilio-aldaya-cuenta-con-un-nuevo-equipo-directivo\/","name":"El Hospital Menor \u201cDr. Emilio Aldaya\u201d cuenta con un nuevo equipo directivo - CELTTV","isPartOf":{"@id":"https:\/\/www.celttv.com.ar\/#website"},"datePublished":"2025-07-01T21:12:24+00:00","dateModified":"2025-07-01T21:12:24+00:00","description":"Sitio web de noticias de la localidad de Tornquist, provincia de Buenos Aires, Rep\u00fablica Argentina. Contenido propio originado por periodistas de CELTTV, el canal de TV local de la Cooperativa El\u00e9ctrica de Tornquist. Turismo, Pol\u00edtica, Sociedad, Deporte, Cultura y todo el contenido de inter\u00e9s general que la gente del pueblo y la regi\u00f3n debe conocer.","breadcrumb":{"@id":"https:\/\/www.celttv.com.ar\/index.php\/2025\/07\/01\/el-hospital-menor-dr-emilio-aldaya-cuenta-con-un-nuevo-equipo-directivo\/#breadcrumb"},"inLanguage":"es","potentialAction":[{"@type":"ReadAction","target":["https:\/\/www.celttv.com.ar\/index.php\/2025\/07\/01\/el-hospital-menor-dr-emilio-aldaya-cuenta-con-un-nuevo-equipo-directivo\/"]}]},{"@type":"BreadcrumbList","@id":"https:\/\/www.celttv.com.ar\/index.php\/2025\/07\/01\/el-hospital-menor-dr-emilio-aldaya-cuenta-con-un-nuevo-equipo-directivo\/#breadcrumb","itemListElement":[{"@type":"ListItem","position":1,"name":"Inicio","item":"https:\/\/www.celttv.com.ar\/"},{"@type":"ListItem","position":2,"name":"El Hospital Menor \u201cDr. Emilio Aldaya\u201d cuenta con un nuevo equipo directivo"}]},{"@type":"WebSite","@id":"https:\/\/www.celttv.com.ar\/#website","url":"https:\/\/www.celttv.com.ar\/","name":"CELTTV","description":"Cooperativa El\u00e9ctrica de Tornquist","publisher":{"@id":"https:\/\/www.celttv.com.ar\/#organization"},"potentialAction":[{"@type":"SearchAction","target":{"@type":"EntryPoint","urlTemplate":"https:\/\/www.celttv.com.ar\/?s={search_term_string}"},"query-input":"required name=search_term_string"}],"inLanguage":"es"},{"@type":"Organization","@id":"https:\/\/www.celttv.com.ar\/#organization","name":"CELTTV","url":"https:\/\/www.celttv.com.ar\/","sameAs":["https:\/\/www.youtube.com\/channel\/UCz_oIt8Hig64Ub-EmcNPIhg","https:\/\/www.facebook.com\/celtTV\/"],"logo":{"@type":"ImageObject","inLanguage":"es","@id":"https:\/\/www.celttv.com.ar\/#\/schema\/logo\/image\/","url":"http:\/\/www.celttv.com.ar\/wp-content\/uploads\/2022\/08\/logo-1.png","contentUrl":"http:\/\/www.celttv.com.ar\/wp-content\/uploads\/2022\/08\/logo-1.png","width":461,"height":159,"caption":"CELTTV"},"image":{"@id":"https:\/\/www.celttv.com.ar\/#\/schema\/logo\/image\/"}},{"@type":"Person","@id":"https:\/\/www.celttv.com.ar\/#\/schema\/person\/9059dc91dc7204ef4182cdb65225f07d","name":"Miguel Herrada","image":{"@type":"ImageObject","inLanguage":"es","@id":"https:\/\/www.celttv.com.ar\/#\/schema\/person\/image\/","url":"https:\/\/secure.gravatar.com\/avatar\/67724d5b3c716623ffd76bec7e45841a442ac3b456e914dbba90b0fad2b8e0b1?s=96&d=mm&r=g","contentUrl":"https:\/\/secure.gravatar.com\/avatar\/67724d5b3c716623ffd76bec7e45841a442ac3b456e914dbba90b0fad2b8e0b1?s=96&d=mm&r=g","caption":"Miguel Herrada"}}]}},"_links":{"self":[{"href":"https:\/\/www.celttv.com.ar\/index.php\/wp-json\/wp\/v2\/posts\/88970","targetHints":{"allow":["GET"]}}],"collection":[{"href":"https:\/\/www.celttv.com.ar\/index.php\/wp-json\/wp\/v2\/posts"}],"about":[{"href":"https:\/\/www.celttv.com.ar\/index.php\/wp-json\/wp\/v2\/types\/post"}],"author":[{"embeddable":true,"href":"https:\/\/www.celttv.com.ar\/index.php\/wp-json\/wp\/v2\/users\/5"}],"replies":[{"embeddable":true,"href":"https:\/\/www.celttv.com.ar\/index.php\/wp-json\/wp\/v2\/comments?post=88970"}],"version-history":[{"count":1,"href":"https:\/\/www.celttv.com.ar\/index.php\/wp-json\/wp\/v2\/posts\/88970\/revisions"}],"predecessor-version":[{"id":88975,"href":"https:\/\/www.celttv.com.ar\/index.php\/wp-json\/wp\/v2\/posts\/88970\/revisions\/88975"}],"wp:featuredmedia":[{"embeddable":true,"href":"https:\/\/www.celttv.com.ar\/index.php\/wp-json\/wp\/v2\/media\/88973"}],"wp:attachment":[{"href":"https:\/\/www.celttv.com.ar\/index.php\/wp-json\/wp\/v2\/media?parent=88970"}],"wp:term":[{"taxonomy":"category","embeddable":true,"href":"https:\/\/www.celttv.com.ar\/index.php\/wp-json\/wp\/v2\/categories?post=88970"},{"taxonomy":"post_tag","embeddable":true,"href":"https:\/\/www.celttv.com.ar\/index.php\/wp-json\/wp\/v2\/tags?post=88970"}],"curies":[{"name":"wp","href":"https:\/\/api.w.org\/{rel}","templated":true}]}}