{"id":89004,"date":"2025-07-09T11:48:56","date_gmt":"2025-07-09T14:48:56","guid":{"rendered":"https:\/\/www.celttv.com.ar\/?p=89004"},"modified":"2025-07-09T11:48:56","modified_gmt":"2025-07-09T14:48:56","slug":"la-secretaria-de-salud-de-tornquist-municipio-noelia-baier-y-la-directora-del-hospital-municipal-visitaron-celttv-noticias-donde-brindaron-detalles-sobre-el-funcionamiento-del-sistema-de-salud-en-e","status":"publish","type":"post","link":"https:\/\/www.celttv.com.ar\/index.php\/2025\/07\/09\/la-secretaria-de-salud-de-tornquist-municipio-noelia-baier-y-la-directora-del-hospital-municipal-visitaron-celttv-noticias-donde-brindaron-detalles-sobre-el-funcionamiento-del-sistema-de-salud-en-e\/","title":{"rendered":"La secretaria de Salud de Tornquist Municipio, Noelia Baier, y la directora del Hospital Municipal visitaron CELTTV Noticias, donde brindaron detalles sobre el funcionamiento del sistema de salud en el distrito."},"content":{"rendered":"<p data-start=\"77\" data-end=\"292\"><strong data-start=\"77\" data-end=\"292\">La secretaria de Salud de Tornquist Municipio, Noelia Baier, y la directora del Hospital Municipal visitaron CELTTV Noticias, donde brindaron detalles sobre el funcionamiento del sistema de salud en el distrito.<\/strong><\/p>\n<p data-start=\"294\" data-end=\"553\">Durante la entrevista, ambas funcionarias destacaron el compromiso del personal m\u00e9dico y administrativo, subrayando el valor humano que sostiene d\u00eda a d\u00eda la atenci\u00f3n tanto en el Hospital Municipal como en las distintas unidades sanitarias de las localidades.<\/p>\n<p data-start=\"555\" data-end=\"900\">Baier hizo hincapi\u00e9 en la importancia de fortalecer el acceso a la salud p\u00fablica, garantizando prestaciones de calidad en todos los rincones del partido. Adem\u00e1s, se refiri\u00f3 a los avances en infraestructura y equipamiento, as\u00ed como a los desaf\u00edos que implica brindar una cobertura integral en un distrito con caracter\u00edsticas geogr\u00e1ficas diversas.<\/p>\n<p data-start=\"902\" data-end=\"1131\">Por su parte, la directora del hospital valor\u00f3 el trabajo conjunto entre los diferentes niveles del sistema sanitario y remarc\u00f3 el esfuerzo del equipo de salud en cada \u00e1rea de atenci\u00f3n, especialmente en contextos de alta demanda.<\/p>\n<h3 data-start=\"263\" data-end=\"346\"><em data-start=\"267\" data-end=\"346\">La salud como prioridad: avances, desaf\u00edos y un fuerte compromiso territorial<\/em><\/h3>\n<p data-start=\"348\" data-end=\"726\">En una extensa entrevista con CELTTV Noticias, la secretaria de Salud del Municipio de Tornquist, Noelia Baier, comparti\u00f3 un profundo an\u00e1lisis sobre la evoluci\u00f3n del sistema sanitario local, la reactivaci\u00f3n de la cooperadora del hospital, los desaf\u00edos estructurales y sociales que enfrenta el \u00e1rea, y los avances logrados en pos de una mayor autonom\u00eda del sistema de salud distrital.<\/p>\n<p data-start=\"728\" data-end=\"765\"><strong data-start=\"728\" data-end=\"765\">La cooperadora, una deuda saldada<\/strong><\/p>\n<p data-start=\"767\" data-end=\"1226\">\u201cDespu\u00e9s de muchos a\u00f1os, y como bien explicaron Tita Musso, Ricardo Gonda,(integrantes de Cooperadora) logramos constituir nuevamente la cooperadora del hospital\u201d, destac\u00f3 la funcionaria. Si bien en un primer momento se intent\u00f3 reactivar la cooperadora original, el proceso se vio obstaculizado por cuestiones legales, principalmente porque muchos de sus miembros fundacionales ya hab\u00edan fallecido. Esto oblig\u00f3 a iniciar un nuevo expediente, bajo el asesoramiento legal del Dr. Andr\u00e9s Buschi.<\/p>\n<p data-start=\"1228\" data-end=\"1444\">\u201cLa cooperadora no es un grupo informal; es una asociaci\u00f3n con personer\u00eda jur\u00eddica, que debe constituirse conforme a las normativas legales. Por eso el proceso llev\u00f3 tiempo, pero era necesario hacerlo bien\u201d, explic\u00f3.<\/p>\n<p data-start=\"1446\" data-end=\"1480\"><strong data-start=\"1446\" data-end=\"1480\">Un sistema activo los 365 d\u00edas<\/strong><\/p>\n<p data-start=\"1482\" data-end=\"1741\">La funcionaria remarc\u00f3 que el sistema de salud distrital funciona de manera ininterrumpida: \u201cTrabajamos los 365 d\u00edas del a\u00f1o, sin distinci\u00f3n de feriados o elecciones. La salud no espera. Esa es la premisa que nos transmiti\u00f3 el intendente desde el primer d\u00eda\u201d.<\/p>\n<p data-start=\"1743\" data-end=\"2095\">Adem\u00e1s del hospital cabecera, el distrito cuenta con <strong data-start=\"1796\" data-end=\"1834\">dos residencias de adultos mayores<\/strong> habilitadas: una en el predio del Hospital Municipal y otra en la localidad de Saldungaray. \u201cFue un logro importante poder concretar la residencia geri\u00e1trica en Saldungaray. Hoy, la salud no solo es atenci\u00f3n m\u00e9dica; tiene un fuerte componente social\u201d, remarc\u00f3.<\/p>\n<p data-start=\"2097\" data-end=\"2143\"><strong data-start=\"2097\" data-end=\"2143\">Nuevas autoridades en Sierra de la Ventana<\/strong><\/p>\n<p data-start=\"2145\" data-end=\"2463\">Desde el 1\u00ba de julio, el Dr. Fran Laisa, emergent\u00f3logo y m\u00e9dico de guardia en Sierra de la Ventana y Tornquist, asumi\u00f3 la direcci\u00f3n del hospital de Sierra. La gesti\u00f3n estar\u00e1 acompa\u00f1ada por Carla Andriotta, quien ejercer\u00e1 una coordinaci\u00f3n para atender demandas sociales y administrativas no estrictamente asistenciales.<\/p>\n<p data-start=\"2465\" data-end=\"2723\">\u201cBuscamos replicar el modelo de gesti\u00f3n del Hospital de Tornquist, donde se combinan responsabilidades m\u00e9dicas con otras m\u00e1s vinculadas al acompa\u00f1amiento social de los pacientes. Esto es fundamental hoy, donde el sistema se enfrenta a una creciente demanda\u201d.<\/p>\n<p data-start=\"2725\" data-end=\"2777\"><strong data-start=\"2725\" data-end=\"2777\">Coberturas que no alcanzan, y salud que responde<\/strong><\/p>\n<p data-start=\"2779\" data-end=\"3189\">La secretaria de Salud tambi\u00e9n abord\u00f3 la situaci\u00f3n de muchas obras sociales que han dejado de cubrir medicamentos o pr\u00e1cticas, obligando al Estado local a intervenir. \u201cHay cirug\u00edas que cuestan entre $900.000 y $1.500.000, y muchos vecinos no pueden afrontarlas. Algunas son urgencias que no pueden esperar. Lo mismo ocurre con medicamentos que pasaron a ser de venta libre, y por ende, sin cobertura\u201d, detall\u00f3.<\/p>\n<p data-start=\"3191\" data-end=\"3446\">En este contexto, el \u00e1rea de salud debi\u00f3 asumir tambi\u00e9n un rol social: \u201cSi el paciente no puede continuar un tratamiento, inevitablemente termina en una guardia o internado. Entonces, prevenir es tambi\u00e9n un ahorro en recursos y mejora la calidad de vida\u201d.<\/p>\n<p data-start=\"3448\" data-end=\"3485\"><strong data-start=\"3448\" data-end=\"3485\">Autonom\u00eda como pol\u00edtica de Estado<\/strong><\/p>\n<p data-start=\"3487\" data-end=\"3738\">Uno de los principales objetivos de la Secretar\u00eda de Salud es reducir la dependencia de los grandes centros urbanos. El colapso del Hospital Penna de Bah\u00eda Blanca tras la inundaci\u00f3n del 7 de marzo evidenci\u00f3 la urgencia de contar con servicios propios.<\/p>\n<p data-start=\"3740\" data-end=\"4068\">\u201cEse d\u00eda ten\u00edamos que buscar una medicaci\u00f3n especial para dos ni\u00f1os, pero el laboratorio del Penna qued\u00f3 inutilizado. Nuestra farmac\u00e9utica, con el instrumental de la Unidad Acad\u00e9mica, pudo prepararla en nuestro hospital. Fue un logro que marc\u00f3 el camino que queremos seguir: poder dar respuestas, incluso en contextos cr\u00edticos\u201d.<\/p>\n<p data-start=\"4070\" data-end=\"4124\"><strong data-start=\"4070\" data-end=\"4124\">Una demanda creciente y una comunidad en expansi\u00f3n<\/strong><\/p>\n<p data-start=\"4126\" data-end=\"4403\">El crecimiento demogr\u00e1fico en localidades como Villa Ventana, San Andr\u00e9s, La Gruta y Sierra de la Ventana tambi\u00e9n impacta en el sistema. \u201cLo vemos en la matr\u00edcula escolar, en la demanda diaria. Y cada nuevo vecino implica tambi\u00e9n nuevas necesidades sanitarias\u201d, indic\u00f3 Noelia Baier.<\/p>\n<h4 data-start=\"5108\" data-end=\"5149\"><strong data-start=\"5113\" data-end=\"5149\">Digitalizaci\u00f3n y gesti\u00f3n moderna<\/strong><\/h4>\n<p data-start=\"5151\" data-end=\"5506\">Finalmente, adelant\u00f3 que el hospital est\u00e1 trabajando en la implementaci\u00f3n del sistema <strong data-start=\"5237\" data-end=\"5274\">HSI (Historia de Salud Integrada)<\/strong>, particularmente en el m\u00f3dulo de farmacia. \u201cEsto nos permitir\u00e1 una mejor trazabilidad, gesti\u00f3n de medicamentos, control de stock y planificaci\u00f3n de compras. Ser\u00edamos uno de los primeros hospitales municipales en aplicarlo\u201d, se\u00f1al\u00f3.<\/p>\n<p data-start=\"5508\" data-end=\"5681\">Concluy\u00f3 destacando la mejora continua como eje de la gesti\u00f3n: \u201cNunca se alcanza la perfecci\u00f3n, pero siempre podemos ir un paso m\u00e1s all\u00e1. Ese es nuestro objetivo constante\u201d.<\/p>\n<p data-start=\"4405\" data-end=\"4419\"><strong data-start=\"4405\" data-end=\"4419\">Conclusi\u00f3n<\/strong><\/p>\n<p data-start=\"4421\" data-end=\"4712\">La salud distrital avanza, pero no sin esfuerzo. \u201cTrabajar en salud es como cambiar la rueda de un auto en movimiento: no se puede parar. Todos los d\u00edas aparecen nuevas demandas, nuevas urgencias. Pero seguimos creciendo, mejorando, y con un equipo comprometido que no se detiene\u201d, concluy\u00f3.<\/p>\n<h3 data-start=\"302\" data-end=\"404\"><strong data-start=\"306\" data-end=\"404\">\u201cLa salud no se detiene\u201d: balance, desaf\u00edos y compromiso en el Hospital Municipal de Tornquist<\/strong><\/h3>\n<p data-start=\"406\" data-end=\"807\">En di\u00e1logo con CELTTV Noticias, Cecilia Conti, directora del Hospital Municipal de Tornquist, comparti\u00f3 una profunda reflexi\u00f3n sobre los avances, desaf\u00edos y el compromiso cotidiano del sistema de salud distrital. A pocos d\u00edas de haber cumplido tres a\u00f1os al frente del nosocomio, hizo un repaso por las acciones concretas, la importancia del trabajo en equipo y el impacto del nuevo contexto sanitario.<\/p>\n<h4 data-start=\"809\" data-end=\"851\"><strong data-start=\"814\" data-end=\"851\">Una gesti\u00f3n con compromiso humano<\/strong><\/h4>\n<p data-start=\"853\" data-end=\"1151\">\u201cCumpl\u00ed mi tercer a\u00f1o como directora el pasado 22 de junio. Iniciar el cuarto a\u00f1o al frente de este hospital es un orgullo enorme. Es muy f\u00e1cil trabajar en Tornquist, a pesar de la complejidad de muchas situaciones, porque el equipo responde con compromiso, creatividad e ingenio\u201d, expres\u00f3 Conti.<\/p>\n<p data-start=\"1153\" data-end=\"1399\">En su reflexi\u00f3n, destac\u00f3 el valor del trabajo colaborativo en contextos cr\u00edticos: \u201cAnte las crisis, hay quienes lloran y quienes venden pa\u00f1uelos. Nuestro equipo vende pa\u00f1uelos, con soluciones que muchas veces no est\u00e1n en el manual. Es admirable\u201d.<\/p>\n<h4 data-start=\"1401\" data-end=\"1451\"><strong data-start=\"1406\" data-end=\"1451\">Un sistema de salud presente y articulado<\/strong><\/h4>\n<p data-start=\"1453\" data-end=\"1833\">Conti agradeci\u00f3 especialmente el trabajo de todo el personal, no s\u00f3lo dentro del hospital sino tambi\u00e9n en las unidades sanitarias y \u00e1reas municipales vinculadas a salud. \u201cEste es un pueblo valiente y comprometido. Atender a los propios vecinos tiene una carga emocional distinta, pero lo mismo ocurre con los turistas: hay un compromiso real con la calidad de atenci\u00f3n\u201d, enfatiz\u00f3.<\/p>\n<p data-start=\"1835\" data-end=\"2148\">Tambi\u00e9n remarc\u00f3 la importancia de estar disponibles en todo momento: \u201cA veces el WhatsApp puede molestar, pero es una herramienta vital para gestionar traslados y urgencias en cualquier hora o d\u00eda. Nos permite mantener contacto con autoridades provinciales y nacionales para resolver casos que no pueden esperar\u201d.<\/p>\n<h4 data-start=\"2150\" data-end=\"2205\"><strong data-start=\"2155\" data-end=\"2205\">Cobertura profesional y desaf\u00edos en la guardia<\/strong><\/h4>\n<p data-start=\"2207\" data-end=\"2588\">Consultada sobre la situaci\u00f3n de los profesionales, Conti indic\u00f3 que uno de los sectores m\u00e1s cr\u00edticos siempre es la guardia. \u201cEs un \u00e1rea que no puede quedar descubierta. Hemos logrado conformar un equipo estable, incluso con hijos del distrito que han regresado, y matrimonios de m\u00e9dicos que decidieron vivir en Tornquist, lo cual tambi\u00e9n suma especialistas y mejora la cobertura\u201d.<\/p>\n<p data-start=\"2590\" data-end=\"2948\">Durante la temporada invernal, se refuerzan las guardias al menos cuatro veces por semana con m\u00e9dicos adicionales, para atender principalmente c\u00f3digos verdes (consultas ambulatorias), permitiendo que el m\u00e9dico principal de guardia est\u00e9 disponible para emergencias. \u201cEsto mejora la atenci\u00f3n y evita el agotamiento del personal ante urgencias graves\u201d, explic\u00f3.<\/p>\n<h4 data-start=\"2950\" data-end=\"2996\"><strong data-start=\"2955\" data-end=\"2996\">Internaci\u00f3n, emergencias y vacunaci\u00f3n<\/strong><\/h4>\n<p data-start=\"2998\" data-end=\"3211\">En relaci\u00f3n al \u00e1rea de internaci\u00f3n, indic\u00f3 que la semana actual se presenta m\u00e1s tranquila, tras d\u00edas con ocupaci\u00f3n casi total de camas. La terapia intensiva, en tanto, se encuentra operativa con ocupaci\u00f3n parcial.<\/p>\n<p data-start=\"3213\" data-end=\"3697\">\u201cEstamos en plena temporada de infecciones respiratorias. Por eso, queremos reforzar la importancia de medidas preventivas como el uso de tapabocas en espacios cerrados, la ventilaci\u00f3n y la vacunaci\u00f3n\u201d, indic\u00f3. En este sentido, record\u00f3 que de lunes a viernes, de 8 a 13 horas, se aplican vacunas contra COVID-19, gripe y neumon\u00eda en la Sala Norte. \u201cVacunarse no impide el contagio, pero s\u00ed disminuye notablemente la gravedad de los s\u00edntomas y la posibilidad de internaci\u00f3n\u201d, advirti\u00f3.<\/p>\n<h4 data-start=\"3699\" data-end=\"3759\"><strong data-start=\"3704\" data-end=\"3759\">Preparaci\u00f3n frente a la crisis y autonom\u00eda regional<\/strong><\/h4>\n<p data-start=\"3761\" data-end=\"4252\">La directora destac\u00f3 c\u00f3mo el hospital logr\u00f3 sostener la atenci\u00f3n durante la contingencia del 7 de marzo, cuando Bah\u00eda Blanca sufri\u00f3 una severa inundaci\u00f3n y el Hospital Penna \u2014referencia regional\u2014 colaps\u00f3. \u201cEse d\u00eda ten\u00edamos que ir a buscar una medicaci\u00f3n pedi\u00e1trica especial, pero el laboratorio del Penna hab\u00eda sido arrasado. Nuestra farmac\u00e9utica, con instrumental de la Unidad Acad\u00e9mica, logr\u00f3 prepararla aqu\u00ed. Eso marca el nivel de compromiso y capacidad de respuesta que tenemos\u201d, relat\u00f3.<\/p>\n<p data-start=\"4254\" data-end=\"4473\">Adem\u00e1s, el hospital recibi\u00f3 pacientes de otras localidades cuyas instituciones tambi\u00e9n se vieron afectadas. \u201cLa terapia intensiva local funcion\u00f3 con eficacia, brindando atenci\u00f3n de calidad incluso a pacientes externos\u201d.<\/p>\n<h4 data-start=\"4475\" data-end=\"4521\"><strong data-start=\"4480\" data-end=\"4521\">La cooperadora, una herramienta clave<\/strong><\/h4>\n<p data-start=\"4523\" data-end=\"4834\">Conti tambi\u00e9n celebr\u00f3 la reciente conformaci\u00f3n de la nueva cooperadora del hospital: \u201cEs una alegr\u00eda enorme. La comunidad muchas veces quiere colaborar y ahora contamos con un canal formal para recibir donaciones y aportes. La salud del hospital es del pueblo, no s\u00f3lo de la direcci\u00f3n o la Secretar\u00eda de Salud\u201d.<\/p>\n<p data-start=\"4836\" data-end=\"5106\">La cooperadora permitir\u00e1 destinar fondos a mejorar el confort de los pacientes, como por ejemplo la renovaci\u00f3n de camas hospitalarias. \u201cEsto no solo beneficia al paciente y su familia, sino tambi\u00e9n al personal de salud, que podr\u00e1 trabajar con mejor tecnolog\u00eda\u201d, subray\u00f3.<\/p>\n<p><iframe loading=\"lazy\" title=\"2025 07 07 NOTA A NOELIA BAIER Y CECILIA CONTI\" width=\"500\" height=\"281\" src=\"https:\/\/www.youtube.com\/embed\/VZW16EfsbSM?feature=oembed\" frameborder=\"0\" allow=\"accelerometer; autoplay; clipboard-write; encrypted-media; gyroscope; picture-in-picture; web-share\" referrerpolicy=\"strict-origin-when-cross-origin\" allowfullscreen><\/iframe><\/p>\n","protected":false},"excerpt":{"rendered":"<p>La secretaria de Salud de Tornquist Municipio, Noelia Baier, y la directora del Hospital Municipal visitaron CELTTV Noticias, donde brindaron detalles sobre el funcionamiento del sistema de salud en el distrito. Durante la entrevista, ambas funcionarias destacaron el compromiso del personal m\u00e9dico y administrativo, subrayando el valor humano que sostiene d\u00eda a d\u00eda la atenci\u00f3n [&hellip;]<\/p>\n","protected":false},"author":5,"featured_media":89013,"comment_status":"closed","ping_status":"closed","sticky":false,"template":"","format":"standard","meta":{"footnotes":""},"categories":[1],"tags":[],"class_list":["post-89004","post","type-post","status-publish","format-standard","has-post-thumbnail","hentry","category-sin-categoria"],"yoast_head":"<!-- This site is optimized with the Yoast SEO plugin v19.7.1 - https:\/\/yoast.com\/wordpress\/plugins\/seo\/ -->\n<title>La secretaria de Salud de Tornquist Municipio, Noelia Baier, y la directora del Hospital Municipal visitaron CELTTV Noticias, donde brindaron detalles sobre el funcionamiento del sistema de salud en el distrito. - CELTTV<\/title>\n<meta name=\"description\" content=\"Sitio web de noticias de la localidad de Tornquist, provincia de Buenos Aires, Rep\u00fablica Argentina. Contenido propio originado por periodistas de CELTTV, el canal de TV local de la Cooperativa El\u00e9ctrica de Tornquist. Turismo, Pol\u00edtica, Sociedad, Deporte, Cultura y todo el contenido de inter\u00e9s general que la gente del pueblo y la regi\u00f3n debe conocer.\" \/>\n<meta name=\"robots\" content=\"index, follow, max-snippet:-1, max-image-preview:large, max-video-preview:-1\" \/>\n<link rel=\"canonical\" href=\"https:\/\/www.celttv.com.ar\/index.php\/2025\/07\/09\/la-secretaria-de-salud-de-tornquist-municipio-noelia-baier-y-la-directora-del-hospital-municipal-visitaron-celttv-noticias-donde-brindaron-detalles-sobre-el-funcionamiento-del-sistema-de-salud-en-e\/\" \/>\n<meta property=\"og:locale\" content=\"es_ES\" \/>\n<meta property=\"og:type\" content=\"article\" \/>\n<meta property=\"og:title\" content=\"La secretaria de Salud de Tornquist Municipio, Noelia Baier, y la directora del Hospital Municipal visitaron CELTTV Noticias, donde brindaron detalles sobre el funcionamiento del sistema de salud en el distrito. - CELTTV\" \/>\n<meta property=\"og:description\" content=\"Sitio web de noticias de la localidad de Tornquist, provincia de Buenos Aires, Rep\u00fablica Argentina. Contenido propio originado por periodistas de CELTTV, el canal de TV local de la Cooperativa El\u00e9ctrica de Tornquist. Turismo, Pol\u00edtica, Sociedad, Deporte, Cultura y todo el contenido de inter\u00e9s general que la gente del pueblo y la regi\u00f3n debe conocer.\" \/>\n<meta property=\"og:url\" content=\"https:\/\/www.celttv.com.ar\/index.php\/2025\/07\/09\/la-secretaria-de-salud-de-tornquist-municipio-noelia-baier-y-la-directora-del-hospital-municipal-visitaron-celttv-noticias-donde-brindaron-detalles-sobre-el-funcionamiento-del-sistema-de-salud-en-e\/\" \/>\n<meta property=\"og:site_name\" content=\"CELTTV\" \/>\n<meta property=\"article:publisher\" content=\"https:\/\/www.facebook.com\/celtTV\/\" \/>\n<meta property=\"article:published_time\" content=\"2025-07-09T14:48:56+00:00\" \/>\n<meta property=\"og:image\" content=\"https:\/\/www.celttv.com.ar\/wp-content\/uploads\/2025\/07\/NOE-CECI.jpg\" \/>\n\t<meta property=\"og:image:width\" content=\"896\" \/>\n\t<meta property=\"og:image:height\" content=\"553\" \/>\n\t<meta property=\"og:image:type\" content=\"image\/jpeg\" \/>\n<meta name=\"author\" content=\"Miguel Herrada\" \/>\n<meta name=\"twitter:card\" content=\"summary_large_image\" \/>\n<meta name=\"twitter:label1\" content=\"Escrito por\" \/>\n\t<meta name=\"twitter:data1\" content=\"Miguel Herrada\" \/>\n\t<meta name=\"twitter:label2\" content=\"Tiempo de lectura\" \/>\n\t<meta name=\"twitter:data2\" content=\"9 minutos\" \/>\n<script type=\"application\/ld+json\" class=\"yoast-schema-graph\">{\"@context\":\"https:\/\/schema.org\",\"@graph\":[{\"@type\":\"NewsArticle\",\"@id\":\"https:\/\/www.celttv.com.ar\/index.php\/2025\/07\/09\/la-secretaria-de-salud-de-tornquist-municipio-noelia-baier-y-la-directora-del-hospital-municipal-visitaron-celttv-noticias-donde-brindaron-detalles-sobre-el-funcionamiento-del-sistema-de-salud-en-e\/#article\",\"isPartOf\":{\"@id\":\"https:\/\/www.celttv.com.ar\/index.php\/2025\/07\/09\/la-secretaria-de-salud-de-tornquist-municipio-noelia-baier-y-la-directora-del-hospital-municipal-visitaron-celttv-noticias-donde-brindaron-detalles-sobre-el-funcionamiento-del-sistema-de-salud-en-e\/\"},\"author\":{\"name\":\"Miguel Herrada\",\"@id\":\"https:\/\/www.celttv.com.ar\/#\/schema\/person\/9059dc91dc7204ef4182cdb65225f07d\"},\"headline\":\"La secretaria de Salud de Tornquist Municipio, Noelia Baier, y la directora del Hospital Municipal visitaron CELTTV Noticias, donde brindaron detalles sobre el funcionamiento del sistema de salud en el distrito.\",\"datePublished\":\"2025-07-09T14:48:56+00:00\",\"dateModified\":\"2025-07-09T14:48:56+00:00\",\"mainEntityOfPage\":{\"@id\":\"https:\/\/www.celttv.com.ar\/index.php\/2025\/07\/09\/la-secretaria-de-salud-de-tornquist-municipio-noelia-baier-y-la-directora-del-hospital-municipal-visitaron-celttv-noticias-donde-brindaron-detalles-sobre-el-funcionamiento-del-sistema-de-salud-en-e\/\"},\"wordCount\":1817,\"publisher\":{\"@id\":\"https:\/\/www.celttv.com.ar\/#organization\"},\"inLanguage\":\"es\"},{\"@type\":\"WebPage\",\"@id\":\"https:\/\/www.celttv.com.ar\/index.php\/2025\/07\/09\/la-secretaria-de-salud-de-tornquist-municipio-noelia-baier-y-la-directora-del-hospital-municipal-visitaron-celttv-noticias-donde-brindaron-detalles-sobre-el-funcionamiento-del-sistema-de-salud-en-e\/\",\"url\":\"https:\/\/www.celttv.com.ar\/index.php\/2025\/07\/09\/la-secretaria-de-salud-de-tornquist-municipio-noelia-baier-y-la-directora-del-hospital-municipal-visitaron-celttv-noticias-donde-brindaron-detalles-sobre-el-funcionamiento-del-sistema-de-salud-en-e\/\",\"name\":\"La secretaria de Salud de Tornquist Municipio, Noelia Baier, y la directora del Hospital Municipal visitaron CELTTV Noticias, donde brindaron detalles sobre el funcionamiento del sistema de salud en el distrito. - CELTTV\",\"isPartOf\":{\"@id\":\"https:\/\/www.celttv.com.ar\/#website\"},\"datePublished\":\"2025-07-09T14:48:56+00:00\",\"dateModified\":\"2025-07-09T14:48:56+00:00\",\"description\":\"Sitio web de noticias de la localidad de Tornquist, provincia de Buenos Aires, Rep\u00fablica Argentina. Contenido propio originado por periodistas de CELTTV, el canal de TV local de la Cooperativa El\u00e9ctrica de Tornquist. Turismo, Pol\u00edtica, Sociedad, Deporte, Cultura y todo el contenido de inter\u00e9s general que la gente del pueblo y la regi\u00f3n debe conocer.\",\"breadcrumb\":{\"@id\":\"https:\/\/www.celttv.com.ar\/index.php\/2025\/07\/09\/la-secretaria-de-salud-de-tornquist-municipio-noelia-baier-y-la-directora-del-hospital-municipal-visitaron-celttv-noticias-donde-brindaron-detalles-sobre-el-funcionamiento-del-sistema-de-salud-en-e\/#breadcrumb\"},\"inLanguage\":\"es\",\"potentialAction\":[{\"@type\":\"ReadAction\",\"target\":[\"https:\/\/www.celttv.com.ar\/index.php\/2025\/07\/09\/la-secretaria-de-salud-de-tornquist-municipio-noelia-baier-y-la-directora-del-hospital-municipal-visitaron-celttv-noticias-donde-brindaron-detalles-sobre-el-funcionamiento-del-sistema-de-salud-en-e\/\"]}]},{\"@type\":\"BreadcrumbList\",\"@id\":\"https:\/\/www.celttv.com.ar\/index.php\/2025\/07\/09\/la-secretaria-de-salud-de-tornquist-municipio-noelia-baier-y-la-directora-del-hospital-municipal-visitaron-celttv-noticias-donde-brindaron-detalles-sobre-el-funcionamiento-del-sistema-de-salud-en-e\/#breadcrumb\",\"itemListElement\":[{\"@type\":\"ListItem\",\"position\":1,\"name\":\"Inicio\",\"item\":\"https:\/\/www.celttv.com.ar\/\"},{\"@type\":\"ListItem\",\"position\":2,\"name\":\"La secretaria de Salud de Tornquist Municipio, Noelia Baier, y la directora del Hospital Municipal visitaron CELTTV Noticias, donde brindaron detalles sobre el funcionamiento del sistema de salud en el distrito.\"}]},{\"@type\":\"WebSite\",\"@id\":\"https:\/\/www.celttv.com.ar\/#website\",\"url\":\"https:\/\/www.celttv.com.ar\/\",\"name\":\"CELTTV\",\"description\":\"Cooperativa El\u00e9ctrica de Tornquist\",\"publisher\":{\"@id\":\"https:\/\/www.celttv.com.ar\/#organization\"},\"potentialAction\":[{\"@type\":\"SearchAction\",\"target\":{\"@type\":\"EntryPoint\",\"urlTemplate\":\"https:\/\/www.celttv.com.ar\/?s={search_term_string}\"},\"query-input\":\"required name=search_term_string\"}],\"inLanguage\":\"es\"},{\"@type\":\"Organization\",\"@id\":\"https:\/\/www.celttv.com.ar\/#organization\",\"name\":\"CELTTV\",\"url\":\"https:\/\/www.celttv.com.ar\/\",\"sameAs\":[\"https:\/\/www.youtube.com\/channel\/UCz_oIt8Hig64Ub-EmcNPIhg\",\"https:\/\/www.facebook.com\/celtTV\/\"],\"logo\":{\"@type\":\"ImageObject\",\"inLanguage\":\"es\",\"@id\":\"https:\/\/www.celttv.com.ar\/#\/schema\/logo\/image\/\",\"url\":\"http:\/\/www.celttv.com.ar\/wp-content\/uploads\/2022\/08\/logo-1.png\",\"contentUrl\":\"http:\/\/www.celttv.com.ar\/wp-content\/uploads\/2022\/08\/logo-1.png\",\"width\":461,\"height\":159,\"caption\":\"CELTTV\"},\"image\":{\"@id\":\"https:\/\/www.celttv.com.ar\/#\/schema\/logo\/image\/\"}},{\"@type\":\"Person\",\"@id\":\"https:\/\/www.celttv.com.ar\/#\/schema\/person\/9059dc91dc7204ef4182cdb65225f07d\",\"name\":\"Miguel Herrada\",\"image\":{\"@type\":\"ImageObject\",\"inLanguage\":\"es\",\"@id\":\"https:\/\/www.celttv.com.ar\/#\/schema\/person\/image\/\",\"url\":\"https:\/\/secure.gravatar.com\/avatar\/67724d5b3c716623ffd76bec7e45841a442ac3b456e914dbba90b0fad2b8e0b1?s=96&d=mm&r=g\",\"contentUrl\":\"https:\/\/secure.gravatar.com\/avatar\/67724d5b3c716623ffd76bec7e45841a442ac3b456e914dbba90b0fad2b8e0b1?s=96&d=mm&r=g\",\"caption\":\"Miguel Herrada\"}}]}<\/script>\n<!-- \/ Yoast SEO plugin. -->","yoast_head_json":{"title":"La secretaria de Salud de Tornquist Municipio, Noelia Baier, y la directora del Hospital Municipal visitaron CELTTV Noticias, donde brindaron detalles sobre el funcionamiento del sistema de salud en el distrito. - CELTTV","description":"Sitio web de noticias de la localidad de Tornquist, provincia de Buenos Aires, Rep\u00fablica Argentina. Contenido propio originado por periodistas de CELTTV, el canal de TV local de la Cooperativa El\u00e9ctrica de Tornquist. Turismo, Pol\u00edtica, Sociedad, Deporte, Cultura y todo el contenido de inter\u00e9s general que la gente del pueblo y la regi\u00f3n debe conocer.","robots":{"index":"index","follow":"follow","max-snippet":"max-snippet:-1","max-image-preview":"max-image-preview:large","max-video-preview":"max-video-preview:-1"},"canonical":"https:\/\/www.celttv.com.ar\/index.php\/2025\/07\/09\/la-secretaria-de-salud-de-tornquist-municipio-noelia-baier-y-la-directora-del-hospital-municipal-visitaron-celttv-noticias-donde-brindaron-detalles-sobre-el-funcionamiento-del-sistema-de-salud-en-e\/","og_locale":"es_ES","og_type":"article","og_title":"La secretaria de Salud de Tornquist Municipio, Noelia Baier, y la directora del Hospital Municipal visitaron CELTTV Noticias, donde brindaron detalles sobre el funcionamiento del sistema de salud en el distrito. - CELTTV","og_description":"Sitio web de noticias de la localidad de Tornquist, provincia de Buenos Aires, Rep\u00fablica Argentina. Contenido propio originado por periodistas de CELTTV, el canal de TV local de la Cooperativa El\u00e9ctrica de Tornquist. Turismo, Pol\u00edtica, Sociedad, Deporte, Cultura y todo el contenido de inter\u00e9s general que la gente del pueblo y la regi\u00f3n debe conocer.","og_url":"https:\/\/www.celttv.com.ar\/index.php\/2025\/07\/09\/la-secretaria-de-salud-de-tornquist-municipio-noelia-baier-y-la-directora-del-hospital-municipal-visitaron-celttv-noticias-donde-brindaron-detalles-sobre-el-funcionamiento-del-sistema-de-salud-en-e\/","og_site_name":"CELTTV","article_publisher":"https:\/\/www.facebook.com\/celtTV\/","article_published_time":"2025-07-09T14:48:56+00:00","og_image":[{"width":896,"height":553,"url":"https:\/\/www.celttv.com.ar\/wp-content\/uploads\/2025\/07\/NOE-CECI.jpg","type":"image\/jpeg"}],"author":"Miguel Herrada","twitter_card":"summary_large_image","twitter_misc":{"Escrito por":"Miguel Herrada","Tiempo de lectura":"9 minutos"},"schema":{"@context":"https:\/\/schema.org","@graph":[{"@type":"NewsArticle","@id":"https:\/\/www.celttv.com.ar\/index.php\/2025\/07\/09\/la-secretaria-de-salud-de-tornquist-municipio-noelia-baier-y-la-directora-del-hospital-municipal-visitaron-celttv-noticias-donde-brindaron-detalles-sobre-el-funcionamiento-del-sistema-de-salud-en-e\/#article","isPartOf":{"@id":"https:\/\/www.celttv.com.ar\/index.php\/2025\/07\/09\/la-secretaria-de-salud-de-tornquist-municipio-noelia-baier-y-la-directora-del-hospital-municipal-visitaron-celttv-noticias-donde-brindaron-detalles-sobre-el-funcionamiento-del-sistema-de-salud-en-e\/"},"author":{"name":"Miguel Herrada","@id":"https:\/\/www.celttv.com.ar\/#\/schema\/person\/9059dc91dc7204ef4182cdb65225f07d"},"headline":"La secretaria de Salud de Tornquist Municipio, Noelia Baier, y la directora del Hospital Municipal visitaron CELTTV Noticias, donde brindaron detalles sobre el funcionamiento del sistema de salud en el distrito.","datePublished":"2025-07-09T14:48:56+00:00","dateModified":"2025-07-09T14:48:56+00:00","mainEntityOfPage":{"@id":"https:\/\/www.celttv.com.ar\/index.php\/2025\/07\/09\/la-secretaria-de-salud-de-tornquist-municipio-noelia-baier-y-la-directora-del-hospital-municipal-visitaron-celttv-noticias-donde-brindaron-detalles-sobre-el-funcionamiento-del-sistema-de-salud-en-e\/"},"wordCount":1817,"publisher":{"@id":"https:\/\/www.celttv.com.ar\/#organization"},"inLanguage":"es"},{"@type":"WebPage","@id":"https:\/\/www.celttv.com.ar\/index.php\/2025\/07\/09\/la-secretaria-de-salud-de-tornquist-municipio-noelia-baier-y-la-directora-del-hospital-municipal-visitaron-celttv-noticias-donde-brindaron-detalles-sobre-el-funcionamiento-del-sistema-de-salud-en-e\/","url":"https:\/\/www.celttv.com.ar\/index.php\/2025\/07\/09\/la-secretaria-de-salud-de-tornquist-municipio-noelia-baier-y-la-directora-del-hospital-municipal-visitaron-celttv-noticias-donde-brindaron-detalles-sobre-el-funcionamiento-del-sistema-de-salud-en-e\/","name":"La secretaria de Salud de Tornquist Municipio, Noelia Baier, y la directora del Hospital Municipal visitaron CELTTV Noticias, donde brindaron detalles sobre el funcionamiento del sistema de salud en el distrito. - CELTTV","isPartOf":{"@id":"https:\/\/www.celttv.com.ar\/#website"},"datePublished":"2025-07-09T14:48:56+00:00","dateModified":"2025-07-09T14:48:56+00:00","description":"Sitio web de noticias de la localidad de Tornquist, provincia de Buenos Aires, Rep\u00fablica Argentina. Contenido propio originado por periodistas de CELTTV, el canal de TV local de la Cooperativa El\u00e9ctrica de Tornquist. Turismo, Pol\u00edtica, Sociedad, Deporte, Cultura y todo el contenido de inter\u00e9s general que la gente del pueblo y la regi\u00f3n debe conocer.","breadcrumb":{"@id":"https:\/\/www.celttv.com.ar\/index.php\/2025\/07\/09\/la-secretaria-de-salud-de-tornquist-municipio-noelia-baier-y-la-directora-del-hospital-municipal-visitaron-celttv-noticias-donde-brindaron-detalles-sobre-el-funcionamiento-del-sistema-de-salud-en-e\/#breadcrumb"},"inLanguage":"es","potentialAction":[{"@type":"ReadAction","target":["https:\/\/www.celttv.com.ar\/index.php\/2025\/07\/09\/la-secretaria-de-salud-de-tornquist-municipio-noelia-baier-y-la-directora-del-hospital-municipal-visitaron-celttv-noticias-donde-brindaron-detalles-sobre-el-funcionamiento-del-sistema-de-salud-en-e\/"]}]},{"@type":"BreadcrumbList","@id":"https:\/\/www.celttv.com.ar\/index.php\/2025\/07\/09\/la-secretaria-de-salud-de-tornquist-municipio-noelia-baier-y-la-directora-del-hospital-municipal-visitaron-celttv-noticias-donde-brindaron-detalles-sobre-el-funcionamiento-del-sistema-de-salud-en-e\/#breadcrumb","itemListElement":[{"@type":"ListItem","position":1,"name":"Inicio","item":"https:\/\/www.celttv.com.ar\/"},{"@type":"ListItem","position":2,"name":"La secretaria de Salud de Tornquist Municipio, Noelia Baier, y la directora del Hospital Municipal visitaron CELTTV Noticias, donde brindaron detalles sobre el funcionamiento del sistema de salud en el distrito."}]},{"@type":"WebSite","@id":"https:\/\/www.celttv.com.ar\/#website","url":"https:\/\/www.celttv.com.ar\/","name":"CELTTV","description":"Cooperativa El\u00e9ctrica de Tornquist","publisher":{"@id":"https:\/\/www.celttv.com.ar\/#organization"},"potentialAction":[{"@type":"SearchAction","target":{"@type":"EntryPoint","urlTemplate":"https:\/\/www.celttv.com.ar\/?s={search_term_string}"},"query-input":"required name=search_term_string"}],"inLanguage":"es"},{"@type":"Organization","@id":"https:\/\/www.celttv.com.ar\/#organization","name":"CELTTV","url":"https:\/\/www.celttv.com.ar\/","sameAs":["https:\/\/www.youtube.com\/channel\/UCz_oIt8Hig64Ub-EmcNPIhg","https:\/\/www.facebook.com\/celtTV\/"],"logo":{"@type":"ImageObject","inLanguage":"es","@id":"https:\/\/www.celttv.com.ar\/#\/schema\/logo\/image\/","url":"http:\/\/www.celttv.com.ar\/wp-content\/uploads\/2022\/08\/logo-1.png","contentUrl":"http:\/\/www.celttv.com.ar\/wp-content\/uploads\/2022\/08\/logo-1.png","width":461,"height":159,"caption":"CELTTV"},"image":{"@id":"https:\/\/www.celttv.com.ar\/#\/schema\/logo\/image\/"}},{"@type":"Person","@id":"https:\/\/www.celttv.com.ar\/#\/schema\/person\/9059dc91dc7204ef4182cdb65225f07d","name":"Miguel Herrada","image":{"@type":"ImageObject","inLanguage":"es","@id":"https:\/\/www.celttv.com.ar\/#\/schema\/person\/image\/","url":"https:\/\/secure.gravatar.com\/avatar\/67724d5b3c716623ffd76bec7e45841a442ac3b456e914dbba90b0fad2b8e0b1?s=96&d=mm&r=g","contentUrl":"https:\/\/secure.gravatar.com\/avatar\/67724d5b3c716623ffd76bec7e45841a442ac3b456e914dbba90b0fad2b8e0b1?s=96&d=mm&r=g","caption":"Miguel Herrada"}}]}},"_links":{"self":[{"href":"https:\/\/www.celttv.com.ar\/index.php\/wp-json\/wp\/v2\/posts\/89004","targetHints":{"allow":["GET"]}}],"collection":[{"href":"https:\/\/www.celttv.com.ar\/index.php\/wp-json\/wp\/v2\/posts"}],"about":[{"href":"https:\/\/www.celttv.com.ar\/index.php\/wp-json\/wp\/v2\/types\/post"}],"author":[{"embeddable":true,"href":"https:\/\/www.celttv.com.ar\/index.php\/wp-json\/wp\/v2\/users\/5"}],"replies":[{"embeddable":true,"href":"https:\/\/www.celttv.com.ar\/index.php\/wp-json\/wp\/v2\/comments?post=89004"}],"version-history":[{"count":2,"href":"https:\/\/www.celttv.com.ar\/index.php\/wp-json\/wp\/v2\/posts\/89004\/revisions"}],"predecessor-version":[{"id":89006,"href":"https:\/\/www.celttv.com.ar\/index.php\/wp-json\/wp\/v2\/posts\/89004\/revisions\/89006"}],"wp:featuredmedia":[{"embeddable":true,"href":"https:\/\/www.celttv.com.ar\/index.php\/wp-json\/wp\/v2\/media\/89013"}],"wp:attachment":[{"href":"https:\/\/www.celttv.com.ar\/index.php\/wp-json\/wp\/v2\/media?parent=89004"}],"wp:term":[{"taxonomy":"category","embeddable":true,"href":"https:\/\/www.celttv.com.ar\/index.php\/wp-json\/wp\/v2\/categories?post=89004"},{"taxonomy":"post_tag","embeddable":true,"href":"https:\/\/www.celttv.com.ar\/index.php\/wp-json\/wp\/v2\/tags?post=89004"}],"curies":[{"name":"wp","href":"https:\/\/api.w.org\/{rel}","templated":true}]}}