{"id":89014,"date":"2025-07-09T15:39:31","date_gmt":"2025-07-09T18:39:31","guid":{"rendered":"https:\/\/www.celttv.com.ar\/?p=89014"},"modified":"2025-07-09T15:39:31","modified_gmt":"2025-07-09T18:39:31","slug":"tornquist-celebro-el-209o-aniversario-de-la-independencia","status":"publish","type":"post","link":"https:\/\/www.celttv.com.ar\/index.php\/2025\/07\/09\/tornquist-celebro-el-209o-aniversario-de-la-independencia\/","title":{"rendered":"Tornquist celebr\u00f3 el 209\u00ba aniversario de la Independencia"},"content":{"rendered":"<p>Este mi\u00e9rcoles, el Teatro Municipal \u2018Rodolfo Funke\u2019 fue el escenario del acto oficial por el 209\u00b0 aniversario de la Declaraci\u00f3n de la Independencia, organizado por Tornquist Municipio.<\/p>\n<p>La ceremonia estuvo encabezada por el Secretario de Gobierno y Gesti\u00f3n P\u00fablica, Bruno Zacconi, en representaci\u00f3n del Intendente Municipal, Sergio Bordoni; y cont\u00f3 con la presencia autoridades municipales y educativas, representantes de instituciones locales y vecinos de la comunidad.<\/p>\n<p>Durante el acto se entonaron las estrofas del Himno Nacional Argentino. Luego, Zacconi dirigi\u00f3 unas palabras al p\u00fablico, destacando la importancia del proceso hist\u00f3rico que culmin\u00f3 el 9 de julio de 1816: \u201cFue un hito con caracter\u00edsticas muy claras, donde nuestros h\u00e9roes, hoy pr\u00f3ceres, so\u00f1aban con una patria libre, justa y soberana\u201d, expres\u00f3.<\/p>\n<p>\u201cEn este momento del pa\u00eds donde todo eso tambalea, los llamo a reflexionar sobre esos principios y los invito a trabajar por esta Patria, que la tenemos hacer cada d\u00eda m\u00e1s justa, m\u00e1s igualitaria y con igualdad de oportunidades para todos\u201d, destac\u00f3.<\/p>\n<p>El evento concluy\u00f3 con intervenciones art\u00edsticas sobre el escenario: una exhibici\u00f3n de acrobacia en telas a cargo del grupo \u2018Abre tus alas\u2019 y la presentaci\u00f3n de una pareja de la Escuela Folkl\u00f3rica Municipal.<\/p>\n<p><img loading=\"lazy\" decoding=\"async\" class=\"alignnone wp-image-89015 size-large\" src=\"https:\/\/www.celttv.com.ar\/wp-content\/uploads\/2025\/07\/Acto-9j-1-1024x682.jpg\" alt=\"\" width=\"1024\" height=\"682\" srcset=\"https:\/\/www.celttv.com.ar\/wp-content\/uploads\/2025\/07\/Acto-9j-1-1024x682.jpg 1024w, https:\/\/www.celttv.com.ar\/wp-content\/uploads\/2025\/07\/Acto-9j-1-300x200.jpg 300w, https:\/\/www.celttv.com.ar\/wp-content\/uploads\/2025\/07\/Acto-9j-1-768x512.jpg 768w, https:\/\/www.celttv.com.ar\/wp-content\/uploads\/2025\/07\/Acto-9j-1-1536x1024.jpg 1536w, https:\/\/www.celttv.com.ar\/wp-content\/uploads\/2025\/07\/Acto-9j-1-750x500.jpg 750w, https:\/\/www.celttv.com.ar\/wp-content\/uploads\/2025\/07\/Acto-9j-1-1140x760.jpg 1140w, https:\/\/www.celttv.com.ar\/wp-content\/uploads\/2025\/07\/Acto-9j-1.jpg 2000w\" sizes=\"auto, (max-width: 1024px) 100vw, 1024px\" \/> <img loading=\"lazy\" decoding=\"async\" class=\"alignnone wp-image-89016 size-large\" src=\"https:\/\/www.celttv.com.ar\/wp-content\/uploads\/2025\/07\/Acto-9j-2-1024x682.jpg\" alt=\"\" width=\"1024\" height=\"682\" srcset=\"https:\/\/www.celttv.com.ar\/wp-content\/uploads\/2025\/07\/Acto-9j-2-1024x682.jpg 1024w, https:\/\/www.celttv.com.ar\/wp-content\/uploads\/2025\/07\/Acto-9j-2-300x200.jpg 300w, https:\/\/www.celttv.com.ar\/wp-content\/uploads\/2025\/07\/Acto-9j-2-768x512.jpg 768w, https:\/\/www.celttv.com.ar\/wp-content\/uploads\/2025\/07\/Acto-9j-2-1536x1024.jpg 1536w, https:\/\/www.celttv.com.ar\/wp-content\/uploads\/2025\/07\/Acto-9j-2-750x500.jpg 750w, https:\/\/www.celttv.com.ar\/wp-content\/uploads\/2025\/07\/Acto-9j-2-1140x760.jpg 1140w, https:\/\/www.celttv.com.ar\/wp-content\/uploads\/2025\/07\/Acto-9j-2.jpg 2000w\" sizes=\"auto, (max-width: 1024px) 100vw, 1024px\" \/> <img loading=\"lazy\" decoding=\"async\" class=\"alignnone wp-image-89017 size-large\" src=\"https:\/\/www.celttv.com.ar\/wp-content\/uploads\/2025\/07\/Acto-9j-3-683x1024.jpg\" alt=\"\" width=\"683\" height=\"1024\" srcset=\"https:\/\/www.celttv.com.ar\/wp-content\/uploads\/2025\/07\/Acto-9j-3-683x1024.jpg 683w, https:\/\/www.celttv.com.ar\/wp-content\/uploads\/2025\/07\/Acto-9j-3-200x300.jpg 200w, https:\/\/www.celttv.com.ar\/wp-content\/uploads\/2025\/07\/Acto-9j-3-768x1152.jpg 768w, https:\/\/www.celttv.com.ar\/wp-content\/uploads\/2025\/07\/Acto-9j-3-1024x1536.jpg 1024w, https:\/\/www.celttv.com.ar\/wp-content\/uploads\/2025\/07\/Acto-9j-3-1366x2048.jpg 1366w, https:\/\/www.celttv.com.ar\/wp-content\/uploads\/2025\/07\/Acto-9j-3-750x1125.jpg 750w, https:\/\/www.celttv.com.ar\/wp-content\/uploads\/2025\/07\/Acto-9j-3-1140x1710.jpg 1140w, https:\/\/www.celttv.com.ar\/wp-content\/uploads\/2025\/07\/Acto-9j-3.jpg 1667w\" sizes=\"auto, (max-width: 683px) 100vw, 683px\" \/> <img loading=\"lazy\" decoding=\"async\" class=\"alignnone wp-image-89018 size-large\" src=\"https:\/\/www.celttv.com.ar\/wp-content\/uploads\/2025\/07\/Acto-9j-4-683x1024.jpg\" alt=\"\" width=\"683\" height=\"1024\" srcset=\"https:\/\/www.celttv.com.ar\/wp-content\/uploads\/2025\/07\/Acto-9j-4-683x1024.jpg 683w, https:\/\/www.celttv.com.ar\/wp-content\/uploads\/2025\/07\/Acto-9j-4-200x300.jpg 200w, https:\/\/www.celttv.com.ar\/wp-content\/uploads\/2025\/07\/Acto-9j-4-768x1152.jpg 768w, https:\/\/www.celttv.com.ar\/wp-content\/uploads\/2025\/07\/Acto-9j-4-1024x1536.jpg 1024w, https:\/\/www.celttv.com.ar\/wp-content\/uploads\/2025\/07\/Acto-9j-4-1366x2048.jpg 1366w, https:\/\/www.celttv.com.ar\/wp-content\/uploads\/2025\/07\/Acto-9j-4-750x1125.jpg 750w, https:\/\/www.celttv.com.ar\/wp-content\/uploads\/2025\/07\/Acto-9j-4-1140x1710.jpg 1140w, https:\/\/www.celttv.com.ar\/wp-content\/uploads\/2025\/07\/Acto-9j-4.jpg 1667w\" sizes=\"auto, (max-width: 683px) 100vw, 683px\" \/> <img loading=\"lazy\" decoding=\"async\" class=\"alignnone wp-image-89019 size-large\" src=\"https:\/\/www.celttv.com.ar\/wp-content\/uploads\/2025\/07\/Acto-9j-5-1024x682.jpg\" alt=\"\" width=\"1024\" height=\"682\" srcset=\"https:\/\/www.celttv.com.ar\/wp-content\/uploads\/2025\/07\/Acto-9j-5-1024x682.jpg 1024w, https:\/\/www.celttv.com.ar\/wp-content\/uploads\/2025\/07\/Acto-9j-5-300x200.jpg 300w, https:\/\/www.celttv.com.ar\/wp-content\/uploads\/2025\/07\/Acto-9j-5-768x512.jpg 768w, https:\/\/www.celttv.com.ar\/wp-content\/uploads\/2025\/07\/Acto-9j-5-1536x1024.jpg 1536w, https:\/\/www.celttv.com.ar\/wp-content\/uploads\/2025\/07\/Acto-9j-5-750x500.jpg 750w, https:\/\/www.celttv.com.ar\/wp-content\/uploads\/2025\/07\/Acto-9j-5-1140x760.jpg 1140w, https:\/\/www.celttv.com.ar\/wp-content\/uploads\/2025\/07\/Acto-9j-5.jpg 2000w\" sizes=\"auto, (max-width: 1024px) 100vw, 1024px\" \/> <img loading=\"lazy\" decoding=\"async\" class=\"alignnone wp-image-89020 size-large\" src=\"https:\/\/www.celttv.com.ar\/wp-content\/uploads\/2025\/07\/Acto-9j-6-683x1024.jpg\" alt=\"\" width=\"683\" height=\"1024\" srcset=\"https:\/\/www.celttv.com.ar\/wp-content\/uploads\/2025\/07\/Acto-9j-6-683x1024.jpg 683w, https:\/\/www.celttv.com.ar\/wp-content\/uploads\/2025\/07\/Acto-9j-6-200x300.jpg 200w, https:\/\/www.celttv.com.ar\/wp-content\/uploads\/2025\/07\/Acto-9j-6-768x1152.jpg 768w, https:\/\/www.celttv.com.ar\/wp-content\/uploads\/2025\/07\/Acto-9j-6-1024x1536.jpg 1024w, https:\/\/www.celttv.com.ar\/wp-content\/uploads\/2025\/07\/Acto-9j-6-1366x2048.jpg 1366w, https:\/\/www.celttv.com.ar\/wp-content\/uploads\/2025\/07\/Acto-9j-6-750x1125.jpg 750w, https:\/\/www.celttv.com.ar\/wp-content\/uploads\/2025\/07\/Acto-9j-6-1140x1710.jpg 1140w, https:\/\/www.celttv.com.ar\/wp-content\/uploads\/2025\/07\/Acto-9j-6.jpg 1667w\" sizes=\"auto, (max-width: 683px) 100vw, 683px\" \/> <img loading=\"lazy\" decoding=\"async\" class=\"alignnone wp-image-89021 size-large\" src=\"https:\/\/www.celttv.com.ar\/wp-content\/uploads\/2025\/07\/Acto-9j-7-1024x682.jpg\" alt=\"\" width=\"1024\" height=\"682\" srcset=\"https:\/\/www.celttv.com.ar\/wp-content\/uploads\/2025\/07\/Acto-9j-7-1024x682.jpg 1024w, https:\/\/www.celttv.com.ar\/wp-content\/uploads\/2025\/07\/Acto-9j-7-300x200.jpg 300w, https:\/\/www.celttv.com.ar\/wp-content\/uploads\/2025\/07\/Acto-9j-7-768x512.jpg 768w, https:\/\/www.celttv.com.ar\/wp-content\/uploads\/2025\/07\/Acto-9j-7-1536x1024.jpg 1536w, https:\/\/www.celttv.com.ar\/wp-content\/uploads\/2025\/07\/Acto-9j-7-750x500.jpg 750w, https:\/\/www.celttv.com.ar\/wp-content\/uploads\/2025\/07\/Acto-9j-7-1140x760.jpg 1140w, https:\/\/www.celttv.com.ar\/wp-content\/uploads\/2025\/07\/Acto-9j-7.jpg 2000w\" sizes=\"auto, (max-width: 1024px) 100vw, 1024px\" \/><\/p>\n<p>&nbsp;<\/p>\n","protected":false},"excerpt":{"rendered":"<p>Este mi\u00e9rcoles, el Teatro Municipal \u2018Rodolfo Funke\u2019 fue el escenario del acto oficial por el 209\u00b0 aniversario de la Declaraci\u00f3n de la Independencia, organizado por Tornquist Municipio. La ceremonia estuvo encabezada por el Secretario de Gobierno y Gesti\u00f3n P\u00fablica, Bruno Zacconi, en representaci\u00f3n del Intendente Municipal, Sergio Bordoni; y cont\u00f3 con la presencia autoridades municipales [&hellip;]<\/p>\n","protected":false},"author":5,"featured_media":89015,"comment_status":"closed","ping_status":"closed","sticky":false,"template":"","format":"standard","meta":{"footnotes":""},"categories":[59],"tags":[],"class_list":["post-89014","post","type-post","status-publish","format-standard","has-post-thumbnail","hentry","category-municipales"],"yoast_head":"<!-- This site is optimized with the Yoast SEO plugin v19.7.1 - https:\/\/yoast.com\/wordpress\/plugins\/seo\/ -->\n<title>Tornquist celebr\u00f3 el 209\u00ba aniversario de la Independencia - CELTTV<\/title>\n<meta name=\"description\" content=\"Sitio web de noticias de la localidad de Tornquist, provincia de Buenos Aires, Rep\u00fablica Argentina. Contenido propio originado por periodistas de CELTTV, el canal de TV local de la Cooperativa El\u00e9ctrica de Tornquist. Turismo, Pol\u00edtica, Sociedad, Deporte, Cultura y todo el contenido de inter\u00e9s general que la gente del pueblo y la regi\u00f3n debe conocer.\" \/>\n<meta name=\"robots\" content=\"index, follow, max-snippet:-1, max-image-preview:large, max-video-preview:-1\" \/>\n<link rel=\"canonical\" href=\"https:\/\/www.celttv.com.ar\/index.php\/2025\/07\/09\/tornquist-celebro-el-209o-aniversario-de-la-independencia\/\" \/>\n<meta property=\"og:locale\" content=\"es_ES\" \/>\n<meta property=\"og:type\" content=\"article\" \/>\n<meta property=\"og:title\" content=\"Tornquist celebr\u00f3 el 209\u00ba aniversario de la Independencia - CELTTV\" \/>\n<meta property=\"og:description\" content=\"Sitio web de noticias de la localidad de Tornquist, provincia de Buenos Aires, Rep\u00fablica Argentina. Contenido propio originado por periodistas de CELTTV, el canal de TV local de la Cooperativa El\u00e9ctrica de Tornquist. Turismo, Pol\u00edtica, Sociedad, Deporte, Cultura y todo el contenido de inter\u00e9s general que la gente del pueblo y la regi\u00f3n debe conocer.\" \/>\n<meta property=\"og:url\" content=\"https:\/\/www.celttv.com.ar\/index.php\/2025\/07\/09\/tornquist-celebro-el-209o-aniversario-de-la-independencia\/\" \/>\n<meta property=\"og:site_name\" content=\"CELTTV\" \/>\n<meta property=\"article:publisher\" content=\"https:\/\/www.facebook.com\/celtTV\/\" \/>\n<meta property=\"article:published_time\" content=\"2025-07-09T18:39:31+00:00\" \/>\n<meta property=\"og:image\" content=\"https:\/\/www.celttv.com.ar\/wp-content\/uploads\/2025\/07\/Acto-9j-1.jpg\" \/>\n\t<meta property=\"og:image:width\" content=\"2000\" \/>\n\t<meta property=\"og:image:height\" content=\"1333\" \/>\n\t<meta property=\"og:image:type\" content=\"image\/jpeg\" \/>\n<meta name=\"author\" content=\"Miguel Herrada\" \/>\n<meta name=\"twitter:card\" content=\"summary_large_image\" \/>\n<meta name=\"twitter:label1\" content=\"Escrito por\" \/>\n\t<meta name=\"twitter:data1\" content=\"Miguel Herrada\" \/>\n\t<meta name=\"twitter:label2\" content=\"Tiempo de lectura\" \/>\n\t<meta name=\"twitter:data2\" content=\"1 minuto\" \/>\n<script type=\"application\/ld+json\" class=\"yoast-schema-graph\">{\"@context\":\"https:\/\/schema.org\",\"@graph\":[{\"@type\":\"NewsArticle\",\"@id\":\"https:\/\/www.celttv.com.ar\/index.php\/2025\/07\/09\/tornquist-celebro-el-209o-aniversario-de-la-independencia\/#article\",\"isPartOf\":{\"@id\":\"https:\/\/www.celttv.com.ar\/index.php\/2025\/07\/09\/tornquist-celebro-el-209o-aniversario-de-la-independencia\/\"},\"author\":{\"name\":\"Miguel Herrada\",\"@id\":\"https:\/\/www.celttv.com.ar\/#\/schema\/person\/9059dc91dc7204ef4182cdb65225f07d\"},\"headline\":\"Tornquist celebr\u00f3 el 209\u00ba aniversario de la Independencia\",\"datePublished\":\"2025-07-09T18:39:31+00:00\",\"dateModified\":\"2025-07-09T18:39:31+00:00\",\"mainEntityOfPage\":{\"@id\":\"https:\/\/www.celttv.com.ar\/index.php\/2025\/07\/09\/tornquist-celebro-el-209o-aniversario-de-la-independencia\/\"},\"wordCount\":218,\"publisher\":{\"@id\":\"https:\/\/www.celttv.com.ar\/#organization\"},\"articleSection\":[\"Municipales\"],\"inLanguage\":\"es\"},{\"@type\":\"WebPage\",\"@id\":\"https:\/\/www.celttv.com.ar\/index.php\/2025\/07\/09\/tornquist-celebro-el-209o-aniversario-de-la-independencia\/\",\"url\":\"https:\/\/www.celttv.com.ar\/index.php\/2025\/07\/09\/tornquist-celebro-el-209o-aniversario-de-la-independencia\/\",\"name\":\"Tornquist celebr\u00f3 el 209\u00ba aniversario de la Independencia - CELTTV\",\"isPartOf\":{\"@id\":\"https:\/\/www.celttv.com.ar\/#website\"},\"datePublished\":\"2025-07-09T18:39:31+00:00\",\"dateModified\":\"2025-07-09T18:39:31+00:00\",\"description\":\"Sitio web de noticias de la localidad de Tornquist, provincia de Buenos Aires, Rep\u00fablica Argentina. Contenido propio originado por periodistas de CELTTV, el canal de TV local de la Cooperativa El\u00e9ctrica de Tornquist. Turismo, Pol\u00edtica, Sociedad, Deporte, Cultura y todo el contenido de inter\u00e9s general que la gente del pueblo y la regi\u00f3n debe conocer.\",\"breadcrumb\":{\"@id\":\"https:\/\/www.celttv.com.ar\/index.php\/2025\/07\/09\/tornquist-celebro-el-209o-aniversario-de-la-independencia\/#breadcrumb\"},\"inLanguage\":\"es\",\"potentialAction\":[{\"@type\":\"ReadAction\",\"target\":[\"https:\/\/www.celttv.com.ar\/index.php\/2025\/07\/09\/tornquist-celebro-el-209o-aniversario-de-la-independencia\/\"]}]},{\"@type\":\"BreadcrumbList\",\"@id\":\"https:\/\/www.celttv.com.ar\/index.php\/2025\/07\/09\/tornquist-celebro-el-209o-aniversario-de-la-independencia\/#breadcrumb\",\"itemListElement\":[{\"@type\":\"ListItem\",\"position\":1,\"name\":\"Inicio\",\"item\":\"https:\/\/www.celttv.com.ar\/\"},{\"@type\":\"ListItem\",\"position\":2,\"name\":\"Tornquist celebr\u00f3 el 209\u00ba aniversario de la Independencia\"}]},{\"@type\":\"WebSite\",\"@id\":\"https:\/\/www.celttv.com.ar\/#website\",\"url\":\"https:\/\/www.celttv.com.ar\/\",\"name\":\"CELTTV\",\"description\":\"Cooperativa El\u00e9ctrica de Tornquist\",\"publisher\":{\"@id\":\"https:\/\/www.celttv.com.ar\/#organization\"},\"potentialAction\":[{\"@type\":\"SearchAction\",\"target\":{\"@type\":\"EntryPoint\",\"urlTemplate\":\"https:\/\/www.celttv.com.ar\/?s={search_term_string}\"},\"query-input\":\"required name=search_term_string\"}],\"inLanguage\":\"es\"},{\"@type\":\"Organization\",\"@id\":\"https:\/\/www.celttv.com.ar\/#organization\",\"name\":\"CELTTV\",\"url\":\"https:\/\/www.celttv.com.ar\/\",\"sameAs\":[\"https:\/\/www.youtube.com\/channel\/UCz_oIt8Hig64Ub-EmcNPIhg\",\"https:\/\/www.facebook.com\/celtTV\/\"],\"logo\":{\"@type\":\"ImageObject\",\"inLanguage\":\"es\",\"@id\":\"https:\/\/www.celttv.com.ar\/#\/schema\/logo\/image\/\",\"url\":\"http:\/\/www.celttv.com.ar\/wp-content\/uploads\/2022\/08\/logo-1.png\",\"contentUrl\":\"http:\/\/www.celttv.com.ar\/wp-content\/uploads\/2022\/08\/logo-1.png\",\"width\":461,\"height\":159,\"caption\":\"CELTTV\"},\"image\":{\"@id\":\"https:\/\/www.celttv.com.ar\/#\/schema\/logo\/image\/\"}},{\"@type\":\"Person\",\"@id\":\"https:\/\/www.celttv.com.ar\/#\/schema\/person\/9059dc91dc7204ef4182cdb65225f07d\",\"name\":\"Miguel Herrada\",\"image\":{\"@type\":\"ImageObject\",\"inLanguage\":\"es\",\"@id\":\"https:\/\/www.celttv.com.ar\/#\/schema\/person\/image\/\",\"url\":\"https:\/\/secure.gravatar.com\/avatar\/67724d5b3c716623ffd76bec7e45841a442ac3b456e914dbba90b0fad2b8e0b1?s=96&d=mm&r=g\",\"contentUrl\":\"https:\/\/secure.gravatar.com\/avatar\/67724d5b3c716623ffd76bec7e45841a442ac3b456e914dbba90b0fad2b8e0b1?s=96&d=mm&r=g\",\"caption\":\"Miguel Herrada\"}}]}<\/script>\n<!-- \/ Yoast SEO plugin. -->","yoast_head_json":{"title":"Tornquist celebr\u00f3 el 209\u00ba aniversario de la Independencia - CELTTV","description":"Sitio web de noticias de la localidad de Tornquist, provincia de Buenos Aires, Rep\u00fablica Argentina. Contenido propio originado por periodistas de CELTTV, el canal de TV local de la Cooperativa El\u00e9ctrica de Tornquist. Turismo, Pol\u00edtica, Sociedad, Deporte, Cultura y todo el contenido de inter\u00e9s general que la gente del pueblo y la regi\u00f3n debe conocer.","robots":{"index":"index","follow":"follow","max-snippet":"max-snippet:-1","max-image-preview":"max-image-preview:large","max-video-preview":"max-video-preview:-1"},"canonical":"https:\/\/www.celttv.com.ar\/index.php\/2025\/07\/09\/tornquist-celebro-el-209o-aniversario-de-la-independencia\/","og_locale":"es_ES","og_type":"article","og_title":"Tornquist celebr\u00f3 el 209\u00ba aniversario de la Independencia - CELTTV","og_description":"Sitio web de noticias de la localidad de Tornquist, provincia de Buenos Aires, Rep\u00fablica Argentina. Contenido propio originado por periodistas de CELTTV, el canal de TV local de la Cooperativa El\u00e9ctrica de Tornquist. Turismo, Pol\u00edtica, Sociedad, Deporte, Cultura y todo el contenido de inter\u00e9s general que la gente del pueblo y la regi\u00f3n debe conocer.","og_url":"https:\/\/www.celttv.com.ar\/index.php\/2025\/07\/09\/tornquist-celebro-el-209o-aniversario-de-la-independencia\/","og_site_name":"CELTTV","article_publisher":"https:\/\/www.facebook.com\/celtTV\/","article_published_time":"2025-07-09T18:39:31+00:00","og_image":[{"width":2000,"height":1333,"url":"https:\/\/www.celttv.com.ar\/wp-content\/uploads\/2025\/07\/Acto-9j-1.jpg","type":"image\/jpeg"}],"author":"Miguel Herrada","twitter_card":"summary_large_image","twitter_misc":{"Escrito por":"Miguel Herrada","Tiempo de lectura":"1 minuto"},"schema":{"@context":"https:\/\/schema.org","@graph":[{"@type":"NewsArticle","@id":"https:\/\/www.celttv.com.ar\/index.php\/2025\/07\/09\/tornquist-celebro-el-209o-aniversario-de-la-independencia\/#article","isPartOf":{"@id":"https:\/\/www.celttv.com.ar\/index.php\/2025\/07\/09\/tornquist-celebro-el-209o-aniversario-de-la-independencia\/"},"author":{"name":"Miguel Herrada","@id":"https:\/\/www.celttv.com.ar\/#\/schema\/person\/9059dc91dc7204ef4182cdb65225f07d"},"headline":"Tornquist celebr\u00f3 el 209\u00ba aniversario de la Independencia","datePublished":"2025-07-09T18:39:31+00:00","dateModified":"2025-07-09T18:39:31+00:00","mainEntityOfPage":{"@id":"https:\/\/www.celttv.com.ar\/index.php\/2025\/07\/09\/tornquist-celebro-el-209o-aniversario-de-la-independencia\/"},"wordCount":218,"publisher":{"@id":"https:\/\/www.celttv.com.ar\/#organization"},"articleSection":["Municipales"],"inLanguage":"es"},{"@type":"WebPage","@id":"https:\/\/www.celttv.com.ar\/index.php\/2025\/07\/09\/tornquist-celebro-el-209o-aniversario-de-la-independencia\/","url":"https:\/\/www.celttv.com.ar\/index.php\/2025\/07\/09\/tornquist-celebro-el-209o-aniversario-de-la-independencia\/","name":"Tornquist celebr\u00f3 el 209\u00ba aniversario de la Independencia - CELTTV","isPartOf":{"@id":"https:\/\/www.celttv.com.ar\/#website"},"datePublished":"2025-07-09T18:39:31+00:00","dateModified":"2025-07-09T18:39:31+00:00","description":"Sitio web de noticias de la localidad de Tornquist, provincia de Buenos Aires, Rep\u00fablica Argentina. Contenido propio originado por periodistas de CELTTV, el canal de TV local de la Cooperativa El\u00e9ctrica de Tornquist. Turismo, Pol\u00edtica, Sociedad, Deporte, Cultura y todo el contenido de inter\u00e9s general que la gente del pueblo y la regi\u00f3n debe conocer.","breadcrumb":{"@id":"https:\/\/www.celttv.com.ar\/index.php\/2025\/07\/09\/tornquist-celebro-el-209o-aniversario-de-la-independencia\/#breadcrumb"},"inLanguage":"es","potentialAction":[{"@type":"ReadAction","target":["https:\/\/www.celttv.com.ar\/index.php\/2025\/07\/09\/tornquist-celebro-el-209o-aniversario-de-la-independencia\/"]}]},{"@type":"BreadcrumbList","@id":"https:\/\/www.celttv.com.ar\/index.php\/2025\/07\/09\/tornquist-celebro-el-209o-aniversario-de-la-independencia\/#breadcrumb","itemListElement":[{"@type":"ListItem","position":1,"name":"Inicio","item":"https:\/\/www.celttv.com.ar\/"},{"@type":"ListItem","position":2,"name":"Tornquist celebr\u00f3 el 209\u00ba aniversario de la Independencia"}]},{"@type":"WebSite","@id":"https:\/\/www.celttv.com.ar\/#website","url":"https:\/\/www.celttv.com.ar\/","name":"CELTTV","description":"Cooperativa El\u00e9ctrica de Tornquist","publisher":{"@id":"https:\/\/www.celttv.com.ar\/#organization"},"potentialAction":[{"@type":"SearchAction","target":{"@type":"EntryPoint","urlTemplate":"https:\/\/www.celttv.com.ar\/?s={search_term_string}"},"query-input":"required name=search_term_string"}],"inLanguage":"es"},{"@type":"Organization","@id":"https:\/\/www.celttv.com.ar\/#organization","name":"CELTTV","url":"https:\/\/www.celttv.com.ar\/","sameAs":["https:\/\/www.youtube.com\/channel\/UCz_oIt8Hig64Ub-EmcNPIhg","https:\/\/www.facebook.com\/celtTV\/"],"logo":{"@type":"ImageObject","inLanguage":"es","@id":"https:\/\/www.celttv.com.ar\/#\/schema\/logo\/image\/","url":"http:\/\/www.celttv.com.ar\/wp-content\/uploads\/2022\/08\/logo-1.png","contentUrl":"http:\/\/www.celttv.com.ar\/wp-content\/uploads\/2022\/08\/logo-1.png","width":461,"height":159,"caption":"CELTTV"},"image":{"@id":"https:\/\/www.celttv.com.ar\/#\/schema\/logo\/image\/"}},{"@type":"Person","@id":"https:\/\/www.celttv.com.ar\/#\/schema\/person\/9059dc91dc7204ef4182cdb65225f07d","name":"Miguel Herrada","image":{"@type":"ImageObject","inLanguage":"es","@id":"https:\/\/www.celttv.com.ar\/#\/schema\/person\/image\/","url":"https:\/\/secure.gravatar.com\/avatar\/67724d5b3c716623ffd76bec7e45841a442ac3b456e914dbba90b0fad2b8e0b1?s=96&d=mm&r=g","contentUrl":"https:\/\/secure.gravatar.com\/avatar\/67724d5b3c716623ffd76bec7e45841a442ac3b456e914dbba90b0fad2b8e0b1?s=96&d=mm&r=g","caption":"Miguel Herrada"}}]}},"_links":{"self":[{"href":"https:\/\/www.celttv.com.ar\/index.php\/wp-json\/wp\/v2\/posts\/89014","targetHints":{"allow":["GET"]}}],"collection":[{"href":"https:\/\/www.celttv.com.ar\/index.php\/wp-json\/wp\/v2\/posts"}],"about":[{"href":"https:\/\/www.celttv.com.ar\/index.php\/wp-json\/wp\/v2\/types\/post"}],"author":[{"embeddable":true,"href":"https:\/\/www.celttv.com.ar\/index.php\/wp-json\/wp\/v2\/users\/5"}],"replies":[{"embeddable":true,"href":"https:\/\/www.celttv.com.ar\/index.php\/wp-json\/wp\/v2\/comments?post=89014"}],"version-history":[{"count":1,"href":"https:\/\/www.celttv.com.ar\/index.php\/wp-json\/wp\/v2\/posts\/89014\/revisions"}],"predecessor-version":[{"id":89022,"href":"https:\/\/www.celttv.com.ar\/index.php\/wp-json\/wp\/v2\/posts\/89014\/revisions\/89022"}],"wp:featuredmedia":[{"embeddable":true,"href":"https:\/\/www.celttv.com.ar\/index.php\/wp-json\/wp\/v2\/media\/89015"}],"wp:attachment":[{"href":"https:\/\/www.celttv.com.ar\/index.php\/wp-json\/wp\/v2\/media?parent=89014"}],"wp:term":[{"taxonomy":"category","embeddable":true,"href":"https:\/\/www.celttv.com.ar\/index.php\/wp-json\/wp\/v2\/categories?post=89014"},{"taxonomy":"post_tag","embeddable":true,"href":"https:\/\/www.celttv.com.ar\/index.php\/wp-json\/wp\/v2\/tags?post=89014"}],"curies":[{"name":"wp","href":"https:\/\/api.w.org\/{rel}","templated":true}]}}