{"id":89023,"date":"2025-07-09T20:46:58","date_gmt":"2025-07-09T23:46:58","guid":{"rendered":"https:\/\/www.celttv.com.ar\/?p=89023"},"modified":"2025-07-09T20:46:58","modified_gmt":"2025-07-09T23:46:58","slug":"monoxido-de-carbono-el-enemigo-invisible-que-puede-ser-letal","status":"publish","type":"post","link":"https:\/\/www.celttv.com.ar\/index.php\/2025\/07\/09\/monoxido-de-carbono-el-enemigo-invisible-que-puede-ser-letal\/","title":{"rendered":"Mon\u00f3xido de carbono: el enemigo invisible que puede ser letal"},"content":{"rendered":"<p data-start=\"209\" data-end=\"588\">En el marco de la campa\u00f1a de prevenci\u00f3n sobre intoxicaciones por mon\u00f3xido de carbono, el Subsecretario de Defensa Civil de la Provincia, Rodrigo Fhur, y el licenciado en Seguridad e Higiene, Lucas Martinetti, visitaron los estudios de CELTTV Noticias para concientizar a la comunidad sobre los riesgos de este gas incoloro, inodoro e imperceptible que cada a\u00f1o cobra vidas en todo el pa\u00eds.<\/p>\n<p data-start=\"590\" data-end=\"1010\">Durante la entrevista, ambos especialistas coincidieron en definir al mon\u00f3xido de carbono como \u201cun enemigo silencioso\u201d, producto de una combusti\u00f3n incompleta de artefactos como estufas, calefones, cocinas o braseros que no cuentan con una ventilaci\u00f3n adecuada. \u201cLo m\u00e1s peligroso es que no se percibe de ninguna manera. No tiene olor ni color, y cuando las personas se dan cuenta, muchas veces ya es tarde\u201d, explic\u00f3 Fhur.<\/p>\n<p data-start=\"1012\" data-end=\"1334\">Martinetti, por su parte, brind\u00f3 detalles t\u00e9cnicos sobre los s\u00edntomas de una intoxicaci\u00f3n, que pueden comenzar con dolor de cabeza, mareos, n\u00e1useas, debilidad y hasta p\u00e9rdida del conocimiento. \u201cLa exposici\u00f3n prolongada puede llevar a la muerte, por eso es fundamental actuar con rapidez ante cualquier sospecha\u201d, advirti\u00f3.<\/p>\n<p data-start=\"1336\" data-end=\"1707\">Ambos destacaron la importancia de mantener siempre una ventilaci\u00f3n cruzada en los ambientes, revisar peri\u00f3dicamente los artefactos con gasistas matriculados y evitar el uso de braseros o cocinas para calefaccionar. Tambi\u00e9n recomendaron instalar detectores de mon\u00f3xido de carbono, dispositivos que emiten una alarma cuando los niveles del gas superan los l\u00edmites seguros.<\/p>\n<p data-start=\"1709\" data-end=\"1979\">El mensaje fue claro: prevenir salva vidas. Desde Defensa Civil y con el apoyo de medios locales como CELTTV Noticias, se busca generar conciencia y reducir al m\u00ednimo los riesgos durante los meses de bajas temperaturas, donde este tipo de incidentes suele incrementarse.<\/p>\n<p data-start=\"1981\" data-end=\"2224\">\u201cCada invierno lamentamos tragedias que podr\u00edan haberse evitado. La informaci\u00f3n y la prevenci\u00f3n son nuestras principales herramientas\u201d, concluy\u00f3 Fhur, llamando a toda la poblaci\u00f3n a estar atentos y tomar las medidas necesarias para protegerse.<\/p>\n<p><iframe loading=\"lazy\" title=\"2025 07 08 NOTA A RODRIGO FHUR Y LUCAS MARTINETTI\" width=\"500\" height=\"281\" src=\"https:\/\/www.youtube.com\/embed\/iCNgRCNPnI0?feature=oembed\" frameborder=\"0\" allow=\"accelerometer; autoplay; clipboard-write; encrypted-media; gyroscope; picture-in-picture; web-share\" referrerpolicy=\"strict-origin-when-cross-origin\" allowfullscreen><\/iframe><\/p>\n<p><img loading=\"lazy\" decoding=\"async\" class=\"alignnone wp-image-89024 size-full\" src=\"https:\/\/www.celttv.com.ar\/wp-content\/uploads\/2025\/07\/MONOXIDO.jpg\" alt=\"\" width=\"993\" height=\"570\" srcset=\"https:\/\/www.celttv.com.ar\/wp-content\/uploads\/2025\/07\/MONOXIDO.jpg 993w, https:\/\/www.celttv.com.ar\/wp-content\/uploads\/2025\/07\/MONOXIDO-300x172.jpg 300w, https:\/\/www.celttv.com.ar\/wp-content\/uploads\/2025\/07\/MONOXIDO-768x441.jpg 768w, https:\/\/www.celttv.com.ar\/wp-content\/uploads\/2025\/07\/MONOXIDO-750x431.jpg 750w\" sizes=\"auto, (max-width: 993px) 100vw, 993px\" \/><\/p>\n<p><img loading=\"lazy\" decoding=\"async\" class=\"alignnone wp-image-89025 size-full\" src=\"https:\/\/www.celttv.com.ar\/wp-content\/uploads\/2025\/07\/MONOXIDO-2.jpg\" alt=\"\" width=\"752\" height=\"526\" srcset=\"https:\/\/www.celttv.com.ar\/wp-content\/uploads\/2025\/07\/MONOXIDO-2.jpg 752w, https:\/\/www.celttv.com.ar\/wp-content\/uploads\/2025\/07\/MONOXIDO-2-300x210.jpg 300w, https:\/\/www.celttv.com.ar\/wp-content\/uploads\/2025\/07\/MONOXIDO-2-750x525.jpg 750w\" sizes=\"auto, (max-width: 752px) 100vw, 752px\" \/><\/p>\n","protected":false},"excerpt":{"rendered":"<p>En el marco de la campa\u00f1a de prevenci\u00f3n sobre intoxicaciones por mon\u00f3xido de carbono, el Subsecretario de Defensa Civil de la Provincia, Rodrigo Fhur, y el licenciado en Seguridad e Higiene, Lucas Martinetti, visitaron los estudios de CELTTV Noticias para concientizar a la comunidad sobre los riesgos de este gas incoloro, inodoro e imperceptible que [&hellip;]<\/p>\n","protected":false},"author":5,"featured_media":89025,"comment_status":"closed","ping_status":"closed","sticky":false,"template":"","format":"standard","meta":{"footnotes":""},"categories":[55,51],"tags":[],"class_list":["post-89023","post","type-post","status-publish","format-standard","has-post-thumbnail","hentry","category-celt-tv-noticias","category-comunidad"],"yoast_head":"<!-- This site is optimized with the Yoast SEO plugin v19.7.1 - https:\/\/yoast.com\/wordpress\/plugins\/seo\/ -->\n<title>Mon\u00f3xido de carbono: el enemigo invisible que puede ser letal - CELTTV<\/title>\n<meta name=\"description\" content=\"Sitio web de noticias de la localidad de Tornquist, provincia de Buenos Aires, Rep\u00fablica Argentina. Contenido propio originado por periodistas de CELTTV, el canal de TV local de la Cooperativa El\u00e9ctrica de Tornquist. Turismo, Pol\u00edtica, Sociedad, Deporte, Cultura y todo el contenido de inter\u00e9s general que la gente del pueblo y la regi\u00f3n debe conocer.\" \/>\n<meta name=\"robots\" content=\"index, follow, max-snippet:-1, max-image-preview:large, max-video-preview:-1\" \/>\n<link rel=\"canonical\" href=\"https:\/\/www.celttv.com.ar\/index.php\/2025\/07\/09\/monoxido-de-carbono-el-enemigo-invisible-que-puede-ser-letal\/\" \/>\n<meta property=\"og:locale\" content=\"es_ES\" \/>\n<meta property=\"og:type\" content=\"article\" \/>\n<meta property=\"og:title\" content=\"Mon\u00f3xido de carbono: el enemigo invisible que puede ser letal - CELTTV\" \/>\n<meta property=\"og:description\" content=\"Sitio web de noticias de la localidad de Tornquist, provincia de Buenos Aires, Rep\u00fablica Argentina. Contenido propio originado por periodistas de CELTTV, el canal de TV local de la Cooperativa El\u00e9ctrica de Tornquist. Turismo, Pol\u00edtica, Sociedad, Deporte, Cultura y todo el contenido de inter\u00e9s general que la gente del pueblo y la regi\u00f3n debe conocer.\" \/>\n<meta property=\"og:url\" content=\"https:\/\/www.celttv.com.ar\/index.php\/2025\/07\/09\/monoxido-de-carbono-el-enemigo-invisible-que-puede-ser-letal\/\" \/>\n<meta property=\"og:site_name\" content=\"CELTTV\" \/>\n<meta property=\"article:publisher\" content=\"https:\/\/www.facebook.com\/celtTV\/\" \/>\n<meta property=\"article:published_time\" content=\"2025-07-09T23:46:58+00:00\" \/>\n<meta property=\"og:image\" content=\"https:\/\/www.celttv.com.ar\/wp-content\/uploads\/2025\/07\/MONOXIDO-2.jpg\" \/>\n\t<meta property=\"og:image:width\" content=\"752\" \/>\n\t<meta property=\"og:image:height\" content=\"526\" \/>\n\t<meta property=\"og:image:type\" content=\"image\/jpeg\" \/>\n<meta name=\"author\" content=\"Miguel Herrada\" \/>\n<meta name=\"twitter:card\" content=\"summary_large_image\" \/>\n<meta name=\"twitter:label1\" content=\"Escrito por\" \/>\n\t<meta name=\"twitter:data1\" content=\"Miguel Herrada\" \/>\n\t<meta name=\"twitter:label2\" content=\"Tiempo de lectura\" \/>\n\t<meta name=\"twitter:data2\" content=\"2 minutos\" \/>\n<script type=\"application\/ld+json\" class=\"yoast-schema-graph\">{\"@context\":\"https:\/\/schema.org\",\"@graph\":[{\"@type\":\"NewsArticle\",\"@id\":\"https:\/\/www.celttv.com.ar\/index.php\/2025\/07\/09\/monoxido-de-carbono-el-enemigo-invisible-que-puede-ser-letal\/#article\",\"isPartOf\":{\"@id\":\"https:\/\/www.celttv.com.ar\/index.php\/2025\/07\/09\/monoxido-de-carbono-el-enemigo-invisible-que-puede-ser-letal\/\"},\"author\":{\"name\":\"Miguel Herrada\",\"@id\":\"https:\/\/www.celttv.com.ar\/#\/schema\/person\/9059dc91dc7204ef4182cdb65225f07d\"},\"headline\":\"Mon\u00f3xido de carbono: el enemigo invisible que puede ser letal\",\"datePublished\":\"2025-07-09T23:46:58+00:00\",\"dateModified\":\"2025-07-09T23:46:58+00:00\",\"mainEntityOfPage\":{\"@id\":\"https:\/\/www.celttv.com.ar\/index.php\/2025\/07\/09\/monoxido-de-carbono-el-enemigo-invisible-que-puede-ser-letal\/\"},\"wordCount\":345,\"publisher\":{\"@id\":\"https:\/\/www.celttv.com.ar\/#organization\"},\"articleSection\":[\"Celt TV Noticias\",\"Comunidad\"],\"inLanguage\":\"es\"},{\"@type\":\"WebPage\",\"@id\":\"https:\/\/www.celttv.com.ar\/index.php\/2025\/07\/09\/monoxido-de-carbono-el-enemigo-invisible-que-puede-ser-letal\/\",\"url\":\"https:\/\/www.celttv.com.ar\/index.php\/2025\/07\/09\/monoxido-de-carbono-el-enemigo-invisible-que-puede-ser-letal\/\",\"name\":\"Mon\u00f3xido de carbono: el enemigo invisible que puede ser letal - CELTTV\",\"isPartOf\":{\"@id\":\"https:\/\/www.celttv.com.ar\/#website\"},\"datePublished\":\"2025-07-09T23:46:58+00:00\",\"dateModified\":\"2025-07-09T23:46:58+00:00\",\"description\":\"Sitio web de noticias de la localidad de Tornquist, provincia de Buenos Aires, Rep\u00fablica Argentina. Contenido propio originado por periodistas de CELTTV, el canal de TV local de la Cooperativa El\u00e9ctrica de Tornquist. Turismo, Pol\u00edtica, Sociedad, Deporte, Cultura y todo el contenido de inter\u00e9s general que la gente del pueblo y la regi\u00f3n debe conocer.\",\"breadcrumb\":{\"@id\":\"https:\/\/www.celttv.com.ar\/index.php\/2025\/07\/09\/monoxido-de-carbono-el-enemigo-invisible-que-puede-ser-letal\/#breadcrumb\"},\"inLanguage\":\"es\",\"potentialAction\":[{\"@type\":\"ReadAction\",\"target\":[\"https:\/\/www.celttv.com.ar\/index.php\/2025\/07\/09\/monoxido-de-carbono-el-enemigo-invisible-que-puede-ser-letal\/\"]}]},{\"@type\":\"BreadcrumbList\",\"@id\":\"https:\/\/www.celttv.com.ar\/index.php\/2025\/07\/09\/monoxido-de-carbono-el-enemigo-invisible-que-puede-ser-letal\/#breadcrumb\",\"itemListElement\":[{\"@type\":\"ListItem\",\"position\":1,\"name\":\"Inicio\",\"item\":\"https:\/\/www.celttv.com.ar\/\"},{\"@type\":\"ListItem\",\"position\":2,\"name\":\"Mon\u00f3xido de carbono: el enemigo invisible que puede ser letal\"}]},{\"@type\":\"WebSite\",\"@id\":\"https:\/\/www.celttv.com.ar\/#website\",\"url\":\"https:\/\/www.celttv.com.ar\/\",\"name\":\"CELTTV\",\"description\":\"Cooperativa El\u00e9ctrica de Tornquist\",\"publisher\":{\"@id\":\"https:\/\/www.celttv.com.ar\/#organization\"},\"potentialAction\":[{\"@type\":\"SearchAction\",\"target\":{\"@type\":\"EntryPoint\",\"urlTemplate\":\"https:\/\/www.celttv.com.ar\/?s={search_term_string}\"},\"query-input\":\"required name=search_term_string\"}],\"inLanguage\":\"es\"},{\"@type\":\"Organization\",\"@id\":\"https:\/\/www.celttv.com.ar\/#organization\",\"name\":\"CELTTV\",\"url\":\"https:\/\/www.celttv.com.ar\/\",\"sameAs\":[\"https:\/\/www.youtube.com\/channel\/UCz_oIt8Hig64Ub-EmcNPIhg\",\"https:\/\/www.facebook.com\/celtTV\/\"],\"logo\":{\"@type\":\"ImageObject\",\"inLanguage\":\"es\",\"@id\":\"https:\/\/www.celttv.com.ar\/#\/schema\/logo\/image\/\",\"url\":\"http:\/\/www.celttv.com.ar\/wp-content\/uploads\/2022\/08\/logo-1.png\",\"contentUrl\":\"http:\/\/www.celttv.com.ar\/wp-content\/uploads\/2022\/08\/logo-1.png\",\"width\":461,\"height\":159,\"caption\":\"CELTTV\"},\"image\":{\"@id\":\"https:\/\/www.celttv.com.ar\/#\/schema\/logo\/image\/\"}},{\"@type\":\"Person\",\"@id\":\"https:\/\/www.celttv.com.ar\/#\/schema\/person\/9059dc91dc7204ef4182cdb65225f07d\",\"name\":\"Miguel Herrada\",\"image\":{\"@type\":\"ImageObject\",\"inLanguage\":\"es\",\"@id\":\"https:\/\/www.celttv.com.ar\/#\/schema\/person\/image\/\",\"url\":\"https:\/\/secure.gravatar.com\/avatar\/67724d5b3c716623ffd76bec7e45841a442ac3b456e914dbba90b0fad2b8e0b1?s=96&d=mm&r=g\",\"contentUrl\":\"https:\/\/secure.gravatar.com\/avatar\/67724d5b3c716623ffd76bec7e45841a442ac3b456e914dbba90b0fad2b8e0b1?s=96&d=mm&r=g\",\"caption\":\"Miguel Herrada\"}}]}<\/script>\n<!-- \/ Yoast SEO plugin. -->","yoast_head_json":{"title":"Mon\u00f3xido de carbono: el enemigo invisible que puede ser letal - CELTTV","description":"Sitio web de noticias de la localidad de Tornquist, provincia de Buenos Aires, Rep\u00fablica Argentina. Contenido propio originado por periodistas de CELTTV, el canal de TV local de la Cooperativa El\u00e9ctrica de Tornquist. Turismo, Pol\u00edtica, Sociedad, Deporte, Cultura y todo el contenido de inter\u00e9s general que la gente del pueblo y la regi\u00f3n debe conocer.","robots":{"index":"index","follow":"follow","max-snippet":"max-snippet:-1","max-image-preview":"max-image-preview:large","max-video-preview":"max-video-preview:-1"},"canonical":"https:\/\/www.celttv.com.ar\/index.php\/2025\/07\/09\/monoxido-de-carbono-el-enemigo-invisible-que-puede-ser-letal\/","og_locale":"es_ES","og_type":"article","og_title":"Mon\u00f3xido de carbono: el enemigo invisible que puede ser letal - CELTTV","og_description":"Sitio web de noticias de la localidad de Tornquist, provincia de Buenos Aires, Rep\u00fablica Argentina. Contenido propio originado por periodistas de CELTTV, el canal de TV local de la Cooperativa El\u00e9ctrica de Tornquist. Turismo, Pol\u00edtica, Sociedad, Deporte, Cultura y todo el contenido de inter\u00e9s general que la gente del pueblo y la regi\u00f3n debe conocer.","og_url":"https:\/\/www.celttv.com.ar\/index.php\/2025\/07\/09\/monoxido-de-carbono-el-enemigo-invisible-que-puede-ser-letal\/","og_site_name":"CELTTV","article_publisher":"https:\/\/www.facebook.com\/celtTV\/","article_published_time":"2025-07-09T23:46:58+00:00","og_image":[{"width":752,"height":526,"url":"https:\/\/www.celttv.com.ar\/wp-content\/uploads\/2025\/07\/MONOXIDO-2.jpg","type":"image\/jpeg"}],"author":"Miguel Herrada","twitter_card":"summary_large_image","twitter_misc":{"Escrito por":"Miguel Herrada","Tiempo de lectura":"2 minutos"},"schema":{"@context":"https:\/\/schema.org","@graph":[{"@type":"NewsArticle","@id":"https:\/\/www.celttv.com.ar\/index.php\/2025\/07\/09\/monoxido-de-carbono-el-enemigo-invisible-que-puede-ser-letal\/#article","isPartOf":{"@id":"https:\/\/www.celttv.com.ar\/index.php\/2025\/07\/09\/monoxido-de-carbono-el-enemigo-invisible-que-puede-ser-letal\/"},"author":{"name":"Miguel Herrada","@id":"https:\/\/www.celttv.com.ar\/#\/schema\/person\/9059dc91dc7204ef4182cdb65225f07d"},"headline":"Mon\u00f3xido de carbono: el enemigo invisible que puede ser letal","datePublished":"2025-07-09T23:46:58+00:00","dateModified":"2025-07-09T23:46:58+00:00","mainEntityOfPage":{"@id":"https:\/\/www.celttv.com.ar\/index.php\/2025\/07\/09\/monoxido-de-carbono-el-enemigo-invisible-que-puede-ser-letal\/"},"wordCount":345,"publisher":{"@id":"https:\/\/www.celttv.com.ar\/#organization"},"articleSection":["Celt TV Noticias","Comunidad"],"inLanguage":"es"},{"@type":"WebPage","@id":"https:\/\/www.celttv.com.ar\/index.php\/2025\/07\/09\/monoxido-de-carbono-el-enemigo-invisible-que-puede-ser-letal\/","url":"https:\/\/www.celttv.com.ar\/index.php\/2025\/07\/09\/monoxido-de-carbono-el-enemigo-invisible-que-puede-ser-letal\/","name":"Mon\u00f3xido de carbono: el enemigo invisible que puede ser letal - CELTTV","isPartOf":{"@id":"https:\/\/www.celttv.com.ar\/#website"},"datePublished":"2025-07-09T23:46:58+00:00","dateModified":"2025-07-09T23:46:58+00:00","description":"Sitio web de noticias de la localidad de Tornquist, provincia de Buenos Aires, Rep\u00fablica Argentina. Contenido propio originado por periodistas de CELTTV, el canal de TV local de la Cooperativa El\u00e9ctrica de Tornquist. Turismo, Pol\u00edtica, Sociedad, Deporte, Cultura y todo el contenido de inter\u00e9s general que la gente del pueblo y la regi\u00f3n debe conocer.","breadcrumb":{"@id":"https:\/\/www.celttv.com.ar\/index.php\/2025\/07\/09\/monoxido-de-carbono-el-enemigo-invisible-que-puede-ser-letal\/#breadcrumb"},"inLanguage":"es","potentialAction":[{"@type":"ReadAction","target":["https:\/\/www.celttv.com.ar\/index.php\/2025\/07\/09\/monoxido-de-carbono-el-enemigo-invisible-que-puede-ser-letal\/"]}]},{"@type":"BreadcrumbList","@id":"https:\/\/www.celttv.com.ar\/index.php\/2025\/07\/09\/monoxido-de-carbono-el-enemigo-invisible-que-puede-ser-letal\/#breadcrumb","itemListElement":[{"@type":"ListItem","position":1,"name":"Inicio","item":"https:\/\/www.celttv.com.ar\/"},{"@type":"ListItem","position":2,"name":"Mon\u00f3xido de carbono: el enemigo invisible que puede ser letal"}]},{"@type":"WebSite","@id":"https:\/\/www.celttv.com.ar\/#website","url":"https:\/\/www.celttv.com.ar\/","name":"CELTTV","description":"Cooperativa El\u00e9ctrica de Tornquist","publisher":{"@id":"https:\/\/www.celttv.com.ar\/#organization"},"potentialAction":[{"@type":"SearchAction","target":{"@type":"EntryPoint","urlTemplate":"https:\/\/www.celttv.com.ar\/?s={search_term_string}"},"query-input":"required name=search_term_string"}],"inLanguage":"es"},{"@type":"Organization","@id":"https:\/\/www.celttv.com.ar\/#organization","name":"CELTTV","url":"https:\/\/www.celttv.com.ar\/","sameAs":["https:\/\/www.youtube.com\/channel\/UCz_oIt8Hig64Ub-EmcNPIhg","https:\/\/www.facebook.com\/celtTV\/"],"logo":{"@type":"ImageObject","inLanguage":"es","@id":"https:\/\/www.celttv.com.ar\/#\/schema\/logo\/image\/","url":"http:\/\/www.celttv.com.ar\/wp-content\/uploads\/2022\/08\/logo-1.png","contentUrl":"http:\/\/www.celttv.com.ar\/wp-content\/uploads\/2022\/08\/logo-1.png","width":461,"height":159,"caption":"CELTTV"},"image":{"@id":"https:\/\/www.celttv.com.ar\/#\/schema\/logo\/image\/"}},{"@type":"Person","@id":"https:\/\/www.celttv.com.ar\/#\/schema\/person\/9059dc91dc7204ef4182cdb65225f07d","name":"Miguel Herrada","image":{"@type":"ImageObject","inLanguage":"es","@id":"https:\/\/www.celttv.com.ar\/#\/schema\/person\/image\/","url":"https:\/\/secure.gravatar.com\/avatar\/67724d5b3c716623ffd76bec7e45841a442ac3b456e914dbba90b0fad2b8e0b1?s=96&d=mm&r=g","contentUrl":"https:\/\/secure.gravatar.com\/avatar\/67724d5b3c716623ffd76bec7e45841a442ac3b456e914dbba90b0fad2b8e0b1?s=96&d=mm&r=g","caption":"Miguel Herrada"}}]}},"_links":{"self":[{"href":"https:\/\/www.celttv.com.ar\/index.php\/wp-json\/wp\/v2\/posts\/89023","targetHints":{"allow":["GET"]}}],"collection":[{"href":"https:\/\/www.celttv.com.ar\/index.php\/wp-json\/wp\/v2\/posts"}],"about":[{"href":"https:\/\/www.celttv.com.ar\/index.php\/wp-json\/wp\/v2\/types\/post"}],"author":[{"embeddable":true,"href":"https:\/\/www.celttv.com.ar\/index.php\/wp-json\/wp\/v2\/users\/5"}],"replies":[{"embeddable":true,"href":"https:\/\/www.celttv.com.ar\/index.php\/wp-json\/wp\/v2\/comments?post=89023"}],"version-history":[{"count":1,"href":"https:\/\/www.celttv.com.ar\/index.php\/wp-json\/wp\/v2\/posts\/89023\/revisions"}],"predecessor-version":[{"id":89026,"href":"https:\/\/www.celttv.com.ar\/index.php\/wp-json\/wp\/v2\/posts\/89023\/revisions\/89026"}],"wp:featuredmedia":[{"embeddable":true,"href":"https:\/\/www.celttv.com.ar\/index.php\/wp-json\/wp\/v2\/media\/89025"}],"wp:attachment":[{"href":"https:\/\/www.celttv.com.ar\/index.php\/wp-json\/wp\/v2\/media?parent=89023"}],"wp:term":[{"taxonomy":"category","embeddable":true,"href":"https:\/\/www.celttv.com.ar\/index.php\/wp-json\/wp\/v2\/categories?post=89023"},{"taxonomy":"post_tag","embeddable":true,"href":"https:\/\/www.celttv.com.ar\/index.php\/wp-json\/wp\/v2\/tags?post=89023"}],"curies":[{"name":"wp","href":"https:\/\/api.w.org\/{rel}","templated":true}]}}