{"id":8911,"date":"2012-11-08T22:41:24","date_gmt":"2012-11-08T22:41:24","guid":{"rendered":"http:\/\/www.tvcnoticias.com.ar\/?p=8911"},"modified":"2012-11-08T22:41:24","modified_gmt":"2012-11-08T22:41:24","slug":"futbol-la-derrota-de-union-frente-a-sarmiento-en-el-juan-j-bolletta","status":"publish","type":"post","link":"https:\/\/www.celttv.com.ar\/index.php\/2012\/11\/08\/futbol-la-derrota-de-union-frente-a-sarmiento-en-el-juan-j-bolletta\/","title":{"rendered":"FUTBOL: LA DERROTA DE UNION FRENTE A SARMIENTO EN EL JUAN J. BOLLETTA"},"content":{"rendered":"<p><span style=\"font-size: xx-small;\"><a>httpv:\/\/www.youtube.com\/watch?v=omQu_dsVS-8<\/a><br \/>\nun un excelente d\u00eda para la pr\u00e1ctica del f\u00fatbol ambos equipos se jugaban la chance de sumar puntos importantes para meterse en el lote de punta de la zona C y desde movida comenzaron las acciones de riesgo ya que a los 2, un lejano remate de S\u00e1nchez dio en el horizontal y dej\u00f3 mudo a todos. El rebote qued\u00f3 en la cabeza de De la Vega que mand\u00f3 arriba. Una aparici\u00f3n de Banegas a los 4 que cerr\u00f3 justo Cayssials y un tiro libre de Juan que se desvi\u00f3 y casi se le mete a Litre en el segundo palo a los 9. Mu\u00f1oz se pudo desprender de la pegajosa marca de Laumann a los 13, prob\u00f3 de media vuelta y exigi\u00f3 a Flores. Dos m\u00e1s tarde, Pazos prob\u00f3 de lejos lo mismo que Neudert a los 29 pero sin buena direcci\u00f3n. A los 31, una jugada de Banegas, con ca\u00f1o incluido, sac\u00f3 el disparo y el uno visitante no tuvo otra que mandarla al tiro de esquina. A los 41 llegar\u00eda la apertura del marcador por Intermedio de Fernando Neudert, que con un preciso tiro libre, hizo que la estirada de Litre fuera en vano ya que el bal\u00f3n ingres\u00f3 en el \u00e1ngulo izquierdo, golazo para ver varias veces. Luego Flores, de muy buena tarde, le tap\u00f3 el empate a Vigoroux en la \u00faltima del primer tiempo.<br \/>\nEn el complemento, y al minuto lleg\u00f3 la visita con un remate d\u00e9bil de De la Vega. A los 5 vendr\u00eda el empate cuando un tiro libre que cruz\u00f3 todo el \u00e1rea, fallo en la defensa de Uni\u00f3n incluido, el bal\u00f3n pic\u00f3 y qued\u00f3 en la cabeza de Alan Paz que la mand\u00f3 al fondo de la red. Veinte mas tarde, Neudert prob\u00f3 de tiro libre pero fue a las manos del uno visitante. A los 27 fue Juan quien intent\u00f3 pero se fue desviado. A los 31, Vigoroux tambi\u00e9n busc\u00f3 el segundo y se fue muy cerca. El ingresado M\u00e9rcuri se lo perdi\u00f3 de manera inexplicable a los 33 y en la siguiente Arce tampoco pudo conectar un centro de S\u00e1nchez. A los 38, un disparo de Juan que fue f\u00e1cil para Litre. Vigoroux intent\u00f3 con disparo cruzado, el bal\u00f3n roz\u00f3 en un defensor cuando se met\u00eda. Cuando todo parec\u00eda que quedaba en tablas apareci\u00f3 nuevamente Nicol\u00e1s M\u00e9rcuri quien de media vuelta y dentro del \u00e1rea venci\u00f3 la estirada del arquero Flores y puso el 2 a 1 final. El \u00e1rbitro Nicol\u00e1s Rodr\u00edguez, de floj\u00edsimo cometido, pitaba el final y desataba el festejo visitante.<br \/>\nClaudio Schaffner<br \/>\nUNION T 1<br \/>\nJos\u00e9 Flores, Hern\u00e1n Delgado, Alexis Espinosa, Sebasti\u00e1n Callava y Roberto Laumann (c), Paulo Bauer, Leonel Moyano, Miguel Castro y Fernando Neudert, Maximiliano Banegas y Mat\u00edas Juan. DD.TT.: Carlos Graff \u2013 Silvio Mosegui<br \/>\nCambios: ST 12m. Alejandro Gim\u00e9nez por Callava, 26m. Diego Minor por Neudert y 45m. Ezequiel Schmidt por Delgado.<br \/>\nSuplentes: Javier Rubio y Luis G\u00f3mez.<br \/>\nCLUB SARMIENTO 2<br \/>\nLeandro Litre, Sergio Ortiz, Mat\u00edas De Salvo, Alan Paz y Santiago Cayssials (c); Joaqu\u00edn Solay, Bautista Vigoroux, Facundo S\u00e1nchez y Braian Pazos; Diego De la Vega y Javier Mu\u00f1oz. D.T.: Miguel Idoeta<br \/>\nCambios: ST 23m. Nicol\u00e1s M\u00e9rcuri por S\u00e1nchez, 28m. Alberto Arce por De la Vega y 46m. Adri\u00e1n Pomi\u00e9s por Vigoroux.<br \/>\nSuplentes: Alejandro Gonz\u00e1lez y Juli\u00e1n Sarrat.<br \/>\nGOLES. PT: 41m. Neudert (U). ST: 5m. Paz (CS) y 44m. M\u00e9rcuri (CS).<br \/>\nAMONESTADOS: PT: 40m. Ortiz (CS). ST: 22m. Laumann (U), 35m. Gim\u00e9nez (U), 48m. M\u00e9rcuri (CS) y 49m. Banegas (U).<br \/>\nEXPULSADOS: ST: 47m. Mosegui (DT Uni\u00f3n).<br \/>\nARBITRO: Nicol\u00e1s Rodr\u00edguez (2).<br \/>\nRESERVA: Uni\u00f3n T 2 (L. Vittori y Schmidt) vs. Club Sarmiento 1 (Dezi).<br \/>\nCANCHA: Estadio &#8220;Juan Jos\u00e9 Bolletta&#8221; del Club Uni\u00f3n de Tornquist.<br \/>\n<\/span><\/p>\n","protected":false},"excerpt":{"rendered":"<p>httpv:\/\/www.youtube.com\/watch?v=omQu_dsVS-8 un un excelente d\u00eda para la pr\u00e1ctica del f\u00fatbol ambos equipos se jugaban la chance de sumar puntos importantes para meterse en el lote de punta de la zona C y desde movida comenzaron las acciones de riesgo ya que a los 2, un lejano remate de S\u00e1nchez dio en el horizontal y dej\u00f3 [&hellip;]<\/p>\n","protected":false},"author":1,"featured_media":0,"comment_status":"closed","ping_status":"open","sticky":false,"template":"","format":"standard","meta":{"footnotes":""},"categories":[60,52,64],"tags":[],"class_list":["post-8911","post","type-post","status-publish","format-standard","hentry","category-deporte","category-destacadas","category-videos-destacados"],"yoast_head":"<!-- This site is optimized with the Yoast SEO plugin v19.7.1 - https:\/\/yoast.com\/wordpress\/plugins\/seo\/ -->\n<title>FUTBOL: LA DERROTA DE UNION FRENTE A SARMIENTO EN EL JUAN J. BOLLETTA - CELTTV<\/title>\n<meta name=\"description\" content=\"Sitio web de noticias de la localidad de Tornquist, provincia de Buenos Aires, Rep\u00fablica Argentina. Contenido propio originado por periodistas de CELTTV, el canal de TV local de la Cooperativa El\u00e9ctrica de Tornquist. Turismo, Pol\u00edtica, Sociedad, Deporte, Cultura y todo el contenido de inter\u00e9s general que la gente del pueblo y la regi\u00f3n debe conocer.\" \/>\n<meta name=\"robots\" content=\"index, follow, max-snippet:-1, max-image-preview:large, max-video-preview:-1\" \/>\n<link rel=\"canonical\" href=\"https:\/\/www.celttv.com.ar\/index.php\/2012\/11\/08\/futbol-la-derrota-de-union-frente-a-sarmiento-en-el-juan-j-bolletta\/\" \/>\n<meta property=\"og:locale\" content=\"es_ES\" \/>\n<meta property=\"og:type\" content=\"article\" \/>\n<meta property=\"og:title\" content=\"FUTBOL: LA DERROTA DE UNION FRENTE A SARMIENTO EN EL JUAN J. BOLLETTA - CELTTV\" \/>\n<meta property=\"og:description\" content=\"Sitio web de noticias de la localidad de Tornquist, provincia de Buenos Aires, Rep\u00fablica Argentina. Contenido propio originado por periodistas de CELTTV, el canal de TV local de la Cooperativa El\u00e9ctrica de Tornquist. Turismo, Pol\u00edtica, Sociedad, Deporte, Cultura y todo el contenido de inter\u00e9s general que la gente del pueblo y la regi\u00f3n debe conocer.\" \/>\n<meta property=\"og:url\" content=\"https:\/\/www.celttv.com.ar\/index.php\/2012\/11\/08\/futbol-la-derrota-de-union-frente-a-sarmiento-en-el-juan-j-bolletta\/\" \/>\n<meta property=\"og:site_name\" content=\"CELTTV\" \/>\n<meta property=\"article:publisher\" content=\"https:\/\/www.facebook.com\/celtTV\/\" \/>\n<meta property=\"article:published_time\" content=\"2012-11-08T22:41:24+00:00\" \/>\n<meta name=\"author\" content=\"ulises\" \/>\n<meta name=\"twitter:card\" content=\"summary_large_image\" \/>\n<meta name=\"twitter:label1\" content=\"Escrito por\" \/>\n\t<meta name=\"twitter:data1\" content=\"ulises\" \/>\n\t<meta name=\"twitter:label2\" content=\"Tiempo de lectura\" \/>\n\t<meta name=\"twitter:data2\" content=\"3 minutos\" \/>\n<script type=\"application\/ld+json\" class=\"yoast-schema-graph\">{\"@context\":\"https:\/\/schema.org\",\"@graph\":[{\"@type\":\"NewsArticle\",\"@id\":\"https:\/\/www.celttv.com.ar\/index.php\/2012\/11\/08\/futbol-la-derrota-de-union-frente-a-sarmiento-en-el-juan-j-bolletta\/#article\",\"isPartOf\":{\"@id\":\"https:\/\/www.celttv.com.ar\/index.php\/2012\/11\/08\/futbol-la-derrota-de-union-frente-a-sarmiento-en-el-juan-j-bolletta\/\"},\"author\":{\"name\":\"ulises\",\"@id\":\"https:\/\/www.celttv.com.ar\/#\/schema\/person\/6d99c072dba59953809c81446e9d0ace\"},\"headline\":\"FUTBOL: LA DERROTA DE UNION FRENTE A SARMIENTO EN EL JUAN J. BOLLETTA\",\"datePublished\":\"2012-11-08T22:41:24+00:00\",\"dateModified\":\"2012-11-08T22:41:24+00:00\",\"mainEntityOfPage\":{\"@id\":\"https:\/\/www.celttv.com.ar\/index.php\/2012\/11\/08\/futbol-la-derrota-de-union-frente-a-sarmiento-en-el-juan-j-bolletta\/\"},\"wordCount\":665,\"publisher\":{\"@id\":\"https:\/\/www.celttv.com.ar\/#organization\"},\"articleSection\":[\"Deporte\",\"Destacadas\",\"Videos Destacados\"],\"inLanguage\":\"es\"},{\"@type\":\"WebPage\",\"@id\":\"https:\/\/www.celttv.com.ar\/index.php\/2012\/11\/08\/futbol-la-derrota-de-union-frente-a-sarmiento-en-el-juan-j-bolletta\/\",\"url\":\"https:\/\/www.celttv.com.ar\/index.php\/2012\/11\/08\/futbol-la-derrota-de-union-frente-a-sarmiento-en-el-juan-j-bolletta\/\",\"name\":\"FUTBOL: LA DERROTA DE UNION FRENTE A SARMIENTO EN EL JUAN J. BOLLETTA - CELTTV\",\"isPartOf\":{\"@id\":\"https:\/\/www.celttv.com.ar\/#website\"},\"datePublished\":\"2012-11-08T22:41:24+00:00\",\"dateModified\":\"2012-11-08T22:41:24+00:00\",\"description\":\"Sitio web de noticias de la localidad de Tornquist, provincia de Buenos Aires, Rep\u00fablica Argentina. Contenido propio originado por periodistas de CELTTV, el canal de TV local de la Cooperativa El\u00e9ctrica de Tornquist. Turismo, Pol\u00edtica, Sociedad, Deporte, Cultura y todo el contenido de inter\u00e9s general que la gente del pueblo y la regi\u00f3n debe conocer.\",\"breadcrumb\":{\"@id\":\"https:\/\/www.celttv.com.ar\/index.php\/2012\/11\/08\/futbol-la-derrota-de-union-frente-a-sarmiento-en-el-juan-j-bolletta\/#breadcrumb\"},\"inLanguage\":\"es\",\"potentialAction\":[{\"@type\":\"ReadAction\",\"target\":[\"https:\/\/www.celttv.com.ar\/index.php\/2012\/11\/08\/futbol-la-derrota-de-union-frente-a-sarmiento-en-el-juan-j-bolletta\/\"]}]},{\"@type\":\"BreadcrumbList\",\"@id\":\"https:\/\/www.celttv.com.ar\/index.php\/2012\/11\/08\/futbol-la-derrota-de-union-frente-a-sarmiento-en-el-juan-j-bolletta\/#breadcrumb\",\"itemListElement\":[{\"@type\":\"ListItem\",\"position\":1,\"name\":\"Inicio\",\"item\":\"https:\/\/www.celttv.com.ar\/\"},{\"@type\":\"ListItem\",\"position\":2,\"name\":\"FUTBOL: LA DERROTA DE UNION FRENTE A SARMIENTO EN EL JUAN J. BOLLETTA\"}]},{\"@type\":\"WebSite\",\"@id\":\"https:\/\/www.celttv.com.ar\/#website\",\"url\":\"https:\/\/www.celttv.com.ar\/\",\"name\":\"CELTTV\",\"description\":\"Cooperativa El\u00e9ctrica de Tornquist\",\"publisher\":{\"@id\":\"https:\/\/www.celttv.com.ar\/#organization\"},\"potentialAction\":[{\"@type\":\"SearchAction\",\"target\":{\"@type\":\"EntryPoint\",\"urlTemplate\":\"https:\/\/www.celttv.com.ar\/?s={search_term_string}\"},\"query-input\":\"required name=search_term_string\"}],\"inLanguage\":\"es\"},{\"@type\":\"Organization\",\"@id\":\"https:\/\/www.celttv.com.ar\/#organization\",\"name\":\"CELTTV\",\"url\":\"https:\/\/www.celttv.com.ar\/\",\"sameAs\":[\"https:\/\/www.youtube.com\/channel\/UCz_oIt8Hig64Ub-EmcNPIhg\",\"https:\/\/www.facebook.com\/celtTV\/\"],\"logo\":{\"@type\":\"ImageObject\",\"inLanguage\":\"es\",\"@id\":\"https:\/\/www.celttv.com.ar\/#\/schema\/logo\/image\/\",\"url\":\"http:\/\/www.celttv.com.ar\/wp-content\/uploads\/2022\/08\/logo-1.png\",\"contentUrl\":\"http:\/\/www.celttv.com.ar\/wp-content\/uploads\/2022\/08\/logo-1.png\",\"width\":461,\"height\":159,\"caption\":\"CELTTV\"},\"image\":{\"@id\":\"https:\/\/www.celttv.com.ar\/#\/schema\/logo\/image\/\"}},{\"@type\":\"Person\",\"@id\":\"https:\/\/www.celttv.com.ar\/#\/schema\/person\/6d99c072dba59953809c81446e9d0ace\",\"name\":\"ulises\",\"image\":{\"@type\":\"ImageObject\",\"inLanguage\":\"es\",\"@id\":\"https:\/\/www.celttv.com.ar\/#\/schema\/person\/image\/\",\"url\":\"https:\/\/secure.gravatar.com\/avatar\/7f2c48bdc33b30088f941fb6082e555f2874c98e20cb159d7b92b50eadfce793?s=96&d=mm&r=g\",\"contentUrl\":\"https:\/\/secure.gravatar.com\/avatar\/7f2c48bdc33b30088f941fb6082e555f2874c98e20cb159d7b92b50eadfce793?s=96&d=mm&r=g\",\"caption\":\"ulises\"},\"sameAs\":[\"http:\/\/www.celttv.com.ar\"]}]}<\/script>\n<!-- \/ Yoast SEO plugin. -->","yoast_head_json":{"title":"FUTBOL: LA DERROTA DE UNION FRENTE A SARMIENTO EN EL JUAN J. BOLLETTA - CELTTV","description":"Sitio web de noticias de la localidad de Tornquist, provincia de Buenos Aires, Rep\u00fablica Argentina. Contenido propio originado por periodistas de CELTTV, el canal de TV local de la Cooperativa El\u00e9ctrica de Tornquist. Turismo, Pol\u00edtica, Sociedad, Deporte, Cultura y todo el contenido de inter\u00e9s general que la gente del pueblo y la regi\u00f3n debe conocer.","robots":{"index":"index","follow":"follow","max-snippet":"max-snippet:-1","max-image-preview":"max-image-preview:large","max-video-preview":"max-video-preview:-1"},"canonical":"https:\/\/www.celttv.com.ar\/index.php\/2012\/11\/08\/futbol-la-derrota-de-union-frente-a-sarmiento-en-el-juan-j-bolletta\/","og_locale":"es_ES","og_type":"article","og_title":"FUTBOL: LA DERROTA DE UNION FRENTE A SARMIENTO EN EL JUAN J. BOLLETTA - CELTTV","og_description":"Sitio web de noticias de la localidad de Tornquist, provincia de Buenos Aires, Rep\u00fablica Argentina. Contenido propio originado por periodistas de CELTTV, el canal de TV local de la Cooperativa El\u00e9ctrica de Tornquist. Turismo, Pol\u00edtica, Sociedad, Deporte, Cultura y todo el contenido de inter\u00e9s general que la gente del pueblo y la regi\u00f3n debe conocer.","og_url":"https:\/\/www.celttv.com.ar\/index.php\/2012\/11\/08\/futbol-la-derrota-de-union-frente-a-sarmiento-en-el-juan-j-bolletta\/","og_site_name":"CELTTV","article_publisher":"https:\/\/www.facebook.com\/celtTV\/","article_published_time":"2012-11-08T22:41:24+00:00","author":"ulises","twitter_card":"summary_large_image","twitter_misc":{"Escrito por":"ulises","Tiempo de lectura":"3 minutos"},"schema":{"@context":"https:\/\/schema.org","@graph":[{"@type":"NewsArticle","@id":"https:\/\/www.celttv.com.ar\/index.php\/2012\/11\/08\/futbol-la-derrota-de-union-frente-a-sarmiento-en-el-juan-j-bolletta\/#article","isPartOf":{"@id":"https:\/\/www.celttv.com.ar\/index.php\/2012\/11\/08\/futbol-la-derrota-de-union-frente-a-sarmiento-en-el-juan-j-bolletta\/"},"author":{"name":"ulises","@id":"https:\/\/www.celttv.com.ar\/#\/schema\/person\/6d99c072dba59953809c81446e9d0ace"},"headline":"FUTBOL: LA DERROTA DE UNION FRENTE A SARMIENTO EN EL JUAN J. BOLLETTA","datePublished":"2012-11-08T22:41:24+00:00","dateModified":"2012-11-08T22:41:24+00:00","mainEntityOfPage":{"@id":"https:\/\/www.celttv.com.ar\/index.php\/2012\/11\/08\/futbol-la-derrota-de-union-frente-a-sarmiento-en-el-juan-j-bolletta\/"},"wordCount":665,"publisher":{"@id":"https:\/\/www.celttv.com.ar\/#organization"},"articleSection":["Deporte","Destacadas","Videos Destacados"],"inLanguage":"es"},{"@type":"WebPage","@id":"https:\/\/www.celttv.com.ar\/index.php\/2012\/11\/08\/futbol-la-derrota-de-union-frente-a-sarmiento-en-el-juan-j-bolletta\/","url":"https:\/\/www.celttv.com.ar\/index.php\/2012\/11\/08\/futbol-la-derrota-de-union-frente-a-sarmiento-en-el-juan-j-bolletta\/","name":"FUTBOL: LA DERROTA DE UNION FRENTE A SARMIENTO EN EL JUAN J. BOLLETTA - CELTTV","isPartOf":{"@id":"https:\/\/www.celttv.com.ar\/#website"},"datePublished":"2012-11-08T22:41:24+00:00","dateModified":"2012-11-08T22:41:24+00:00","description":"Sitio web de noticias de la localidad de Tornquist, provincia de Buenos Aires, Rep\u00fablica Argentina. Contenido propio originado por periodistas de CELTTV, el canal de TV local de la Cooperativa El\u00e9ctrica de Tornquist. Turismo, Pol\u00edtica, Sociedad, Deporte, Cultura y todo el contenido de inter\u00e9s general que la gente del pueblo y la regi\u00f3n debe conocer.","breadcrumb":{"@id":"https:\/\/www.celttv.com.ar\/index.php\/2012\/11\/08\/futbol-la-derrota-de-union-frente-a-sarmiento-en-el-juan-j-bolletta\/#breadcrumb"},"inLanguage":"es","potentialAction":[{"@type":"ReadAction","target":["https:\/\/www.celttv.com.ar\/index.php\/2012\/11\/08\/futbol-la-derrota-de-union-frente-a-sarmiento-en-el-juan-j-bolletta\/"]}]},{"@type":"BreadcrumbList","@id":"https:\/\/www.celttv.com.ar\/index.php\/2012\/11\/08\/futbol-la-derrota-de-union-frente-a-sarmiento-en-el-juan-j-bolletta\/#breadcrumb","itemListElement":[{"@type":"ListItem","position":1,"name":"Inicio","item":"https:\/\/www.celttv.com.ar\/"},{"@type":"ListItem","position":2,"name":"FUTBOL: LA DERROTA DE UNION FRENTE A SARMIENTO EN EL JUAN J. BOLLETTA"}]},{"@type":"WebSite","@id":"https:\/\/www.celttv.com.ar\/#website","url":"https:\/\/www.celttv.com.ar\/","name":"CELTTV","description":"Cooperativa El\u00e9ctrica de Tornquist","publisher":{"@id":"https:\/\/www.celttv.com.ar\/#organization"},"potentialAction":[{"@type":"SearchAction","target":{"@type":"EntryPoint","urlTemplate":"https:\/\/www.celttv.com.ar\/?s={search_term_string}"},"query-input":"required name=search_term_string"}],"inLanguage":"es"},{"@type":"Organization","@id":"https:\/\/www.celttv.com.ar\/#organization","name":"CELTTV","url":"https:\/\/www.celttv.com.ar\/","sameAs":["https:\/\/www.youtube.com\/channel\/UCz_oIt8Hig64Ub-EmcNPIhg","https:\/\/www.facebook.com\/celtTV\/"],"logo":{"@type":"ImageObject","inLanguage":"es","@id":"https:\/\/www.celttv.com.ar\/#\/schema\/logo\/image\/","url":"http:\/\/www.celttv.com.ar\/wp-content\/uploads\/2022\/08\/logo-1.png","contentUrl":"http:\/\/www.celttv.com.ar\/wp-content\/uploads\/2022\/08\/logo-1.png","width":461,"height":159,"caption":"CELTTV"},"image":{"@id":"https:\/\/www.celttv.com.ar\/#\/schema\/logo\/image\/"}},{"@type":"Person","@id":"https:\/\/www.celttv.com.ar\/#\/schema\/person\/6d99c072dba59953809c81446e9d0ace","name":"ulises","image":{"@type":"ImageObject","inLanguage":"es","@id":"https:\/\/www.celttv.com.ar\/#\/schema\/person\/image\/","url":"https:\/\/secure.gravatar.com\/avatar\/7f2c48bdc33b30088f941fb6082e555f2874c98e20cb159d7b92b50eadfce793?s=96&d=mm&r=g","contentUrl":"https:\/\/secure.gravatar.com\/avatar\/7f2c48bdc33b30088f941fb6082e555f2874c98e20cb159d7b92b50eadfce793?s=96&d=mm&r=g","caption":"ulises"},"sameAs":["http:\/\/www.celttv.com.ar"]}]}},"_links":{"self":[{"href":"https:\/\/www.celttv.com.ar\/index.php\/wp-json\/wp\/v2\/posts\/8911","targetHints":{"allow":["GET"]}}],"collection":[{"href":"https:\/\/www.celttv.com.ar\/index.php\/wp-json\/wp\/v2\/posts"}],"about":[{"href":"https:\/\/www.celttv.com.ar\/index.php\/wp-json\/wp\/v2\/types\/post"}],"author":[{"embeddable":true,"href":"https:\/\/www.celttv.com.ar\/index.php\/wp-json\/wp\/v2\/users\/1"}],"replies":[{"embeddable":true,"href":"https:\/\/www.celttv.com.ar\/index.php\/wp-json\/wp\/v2\/comments?post=8911"}],"version-history":[{"count":0,"href":"https:\/\/www.celttv.com.ar\/index.php\/wp-json\/wp\/v2\/posts\/8911\/revisions"}],"wp:attachment":[{"href":"https:\/\/www.celttv.com.ar\/index.php\/wp-json\/wp\/v2\/media?parent=8911"}],"wp:term":[{"taxonomy":"category","embeddable":true,"href":"https:\/\/www.celttv.com.ar\/index.php\/wp-json\/wp\/v2\/categories?post=8911"},{"taxonomy":"post_tag","embeddable":true,"href":"https:\/\/www.celttv.com.ar\/index.php\/wp-json\/wp\/v2\/tags?post=8911"}],"curies":[{"name":"wp","href":"https:\/\/api.w.org\/{rel}","templated":true}]}}