{"id":89128,"date":"2025-07-23T20:55:11","date_gmt":"2025-07-23T23:55:11","guid":{"rendered":"https:\/\/www.celttv.com.ar\/?p=89128"},"modified":"2025-07-23T20:55:31","modified_gmt":"2025-07-23T23:55:31","slug":"el-club-union-volvio-a-brillar-con-una-nueva-edicion-de-la-gran-fiesta-del-dia-del-amigo","status":"publish","type":"post","link":"https:\/\/www.celttv.com.ar\/index.php\/2025\/07\/23\/el-club-union-volvio-a-brillar-con-una-nueva-edicion-de-la-gran-fiesta-del-dia-del-amigo\/","title":{"rendered":"El Club Uni\u00f3n volvi\u00f3 a brillar con una nueva edici\u00f3n de la Gran Fiesta del D\u00eda del Amigo"},"content":{"rendered":"<p data-start=\"314\" data-end=\"468\">Super\u00e1ndose a\u00f1o tras a\u00f1o y elevando la vara en cada edici\u00f3n, el Club Uni\u00f3n de Tornquist celebr\u00f3, como ya es tradici\u00f3n, la Gran Fiesta del D\u00eda del Amigo.<\/p>\n<p data-start=\"470\" data-end=\"773\">La noche tuvo lugar en un colmado sal\u00f3n de la Sociedad Italiana, donde no faltaron la excelente gastronom\u00eda \u2014a cargo del Servicio de Catering del club\u2014 ni la distinguida atenci\u00f3n de un numeroso equipo de mozos, que recorrieron mesa por mesa asegurando una experiencia impecable para todos los presentes.<\/p>\n<h3 data-start=\"775\" data-end=\"829\">Palabras de bienvenida y novedades institucionales<\/h3>\n<p data-start=\"831\" data-end=\"1207\">Al inicio de la cena, el presidente de la instituci\u00f3n, Branko De Sabarte, dio la bienvenida con unas breves palabras. Adem\u00e1s de agradecer la presencia del p\u00fablico, comparti\u00f3 un repaso por la actualidad del club y destac\u00f3 los ambiciosos proyectos en marcha, entre ellos la reciente adquisici\u00f3n de un tinglado donde se instalar\u00e1n dos canchas de p\u00e1del con cerramiento de blindex.<\/p>\n<h3 data-start=\"1209\" data-end=\"1237\">Reconocimientos emotivos<\/h3>\n<p data-start=\"1239\" data-end=\"1497\">Uno de los momentos m\u00e1s significativos de la velada fue, como cada a\u00f1o, la entrega de reconocimientos a figuras destacadas de la historia y el presente del club. Con la presencia de miembros de la comisi\u00f3n directiva al pie del escenario, fueron homenajeados:<\/p>\n<ul data-start=\"1499\" data-end=\"2378\">\n<li data-start=\"1499\" data-end=\"1584\">\n<p data-start=\"1501\" data-end=\"1584\"><strong data-start=\"1501\" data-end=\"1527\">Jorge \u201cPich\u00edn\u201d Laborde<\/strong>, exjugador, dirigente y colaborador permanente del club.<\/p>\n<\/li>\n<li data-start=\"1585\" data-end=\"1738\">\n<p data-start=\"1587\" data-end=\"1738\"><strong data-start=\"1587\" data-end=\"1605\">Virginia Bagur<\/strong>, esposa de &#8220;Pich\u00edn&#8221;, tambi\u00e9n incansable colaboradora, madre y abuela de generaciones de deportistas que vistieron la camiseta verde.<\/p>\n<\/li>\n<li data-start=\"1739\" data-end=\"1927\">\n<p data-start=\"1741\" data-end=\"1927\"><strong data-start=\"1741\" data-end=\"1760\">Guillermo Bagur<\/strong>, integrante del inolvidable equipo campe\u00f3n de 1975 conformado \u00edntegramente por jugadores del club. Tambi\u00e9n fue directivo y particip\u00f3 activamente en otras disciplinas.<\/p>\n<\/li>\n<li data-start=\"1928\" data-end=\"2024\">\n<p data-start=\"1930\" data-end=\"2024\"><strong data-start=\"1930\" data-end=\"1947\">Miguel Idoeta<\/strong>, exjugador y actual director t\u00e9cnico de las divisiones superiores de f\u00fatbol.<\/p>\n<\/li>\n<li data-start=\"2025\" data-end=\"2378\">\n<p data-start=\"2027\" data-end=\"2378\"><strong data-start=\"2027\" data-end=\"2060\">Servicio de Catering de Uni\u00f3n<\/strong>, reconocido por su labor silenciosa pero esencial. Solo entre 2024 y 2025 recaudaron 28 millones de pesos destinados a obras de infraestructura y mantenimiento del club. En representaci\u00f3n del grupo fueron distinguidas: Mirta Serier de Marcolini, Nancy Mauri, Nelli Edith Verdinelli, Raquel Vicente y Teresa Millaqueo.<\/p>\n<\/li>\n<\/ul>\n<h3 data-start=\"2380\" data-end=\"2411\">M\u00fasica, sorpresas y alegr\u00eda<\/h3>\n<p data-start=\"2413\" data-end=\"2736\">Luego de la cena, los DJ animaron la pista, anticipando lo que ser\u00eda una noche colmada de emociones. Una de las sorpresas fue la aparici\u00f3n en escena de <strong data-start=\"2565\" data-end=\"2582\">La Nueva Luna<\/strong>, que ya se encontraba compartiendo la fiesta con los asistentes, y que sum\u00f3 su presencia sobre el escenario con toda la energ\u00eda que caracteriza al grupo.<\/p>\n<h3 data-start=\"2738\" data-end=\"2768\">El gran cierre: Lucas Sugo<\/h3>\n<p data-start=\"2770\" data-end=\"3036\">El broche de oro lleg\u00f3 con la esperada actuaci\u00f3n de <strong data-start=\"2822\" data-end=\"2836\">Lucas Sugo<\/strong>, el reconocido cantante y compositor uruguayo, quien brind\u00f3 un show inolvidable. Su presencia desat\u00f3 la euforia de un p\u00fablico de todas las edades que colm\u00f3 el sal\u00f3n para corear cada uno de sus temas.<\/p>\n<h3 data-start=\"3038\" data-end=\"3052\">En resumen<\/h3>\n<p data-start=\"3054\" data-end=\"3359\">Una vez m\u00e1s, el Club Uni\u00f3n logr\u00f3 ofrecer una celebraci\u00f3n memorable del D\u00eda del Amigo. La organizaci\u00f3n, a cargo de Prusia Eventos y Brian Lascalea, logr\u00f3 convocar a artistas de primer nivel, demostrando que cuando la propuesta es de calidad, el p\u00fablico \u2014especialmente el del verde\u2014 responde con entusiasmo.<\/p>\n<p data-start=\"3361\" data-end=\"3487\">El desaf\u00edo de hacerlo un viernes fue grande, pero el \u00e9xito del evento dej\u00f3 en claro que la tradici\u00f3n sigue m\u00e1s viva que nunca.<\/p>\n<p data-start=\"3361\" data-end=\"3487\">FOTOS: gentileza Ra\u00fal Escobar &#8211; <strong>FOTO ESTUDIO SAMURAI<\/strong><\/p>\n<p><iframe loading=\"lazy\" title=\"2025 07 21 FIESTA DIA DEL AMIGO UNION 1 JORGE LABORDE Y VIRGINIA BAGUR\" width=\"500\" height=\"281\" src=\"https:\/\/www.youtube.com\/embed\/0MlFrjOKiM8?feature=oembed\" frameborder=\"0\" allow=\"accelerometer; autoplay; clipboard-write; encrypted-media; gyroscope; picture-in-picture; web-share\" referrerpolicy=\"strict-origin-when-cross-origin\" allowfullscreen><\/iframe><\/p>\n<p><iframe loading=\"lazy\" title=\"2025 07 21 FIESTA DIA DEL AMIGO UNION 2 GUILLERMO BAGUR\" width=\"500\" height=\"281\" src=\"https:\/\/www.youtube.com\/embed\/Z7A54WYJcFI?feature=oembed\" frameborder=\"0\" allow=\"accelerometer; autoplay; clipboard-write; encrypted-media; gyroscope; picture-in-picture; web-share\" referrerpolicy=\"strict-origin-when-cross-origin\" allowfullscreen><\/iframe><\/p>\n<p><iframe loading=\"lazy\" title=\"2025 07 21 FIESTA DIA DEL AMIGO UNION 3 MIGUEL IDOETA\" width=\"500\" height=\"281\" src=\"https:\/\/www.youtube.com\/embed\/c_7m3B-V-l8?feature=oembed\" frameborder=\"0\" allow=\"accelerometer; autoplay; clipboard-write; encrypted-media; gyroscope; picture-in-picture; web-share\" referrerpolicy=\"strict-origin-when-cross-origin\" allowfullscreen><\/iframe><\/p>\n<p><iframe loading=\"lazy\" title=\"2025 07 21 FIESTA DIA DEL AMIGO UNION 4 RECONOCIMIENTO SERVICIO DE CATERING Y NOTA A NELLY VERDINELL\" width=\"500\" height=\"281\" src=\"https:\/\/www.youtube.com\/embed\/5we4E8t3Y2w?feature=oembed\" frameborder=\"0\" allow=\"accelerometer; autoplay; clipboard-write; encrypted-media; gyroscope; picture-in-picture; web-share\" referrerpolicy=\"strict-origin-when-cross-origin\" allowfullscreen><\/iframe><\/p>\n<p><iframe loading=\"lazy\" title=\"2025 07 21 FIESTA DIA DEL AMIGO UNION 5 BRANKO DE SABARTE\" width=\"500\" height=\"281\" src=\"https:\/\/www.youtube.com\/embed\/e5l7yub6E8s?feature=oembed\" frameborder=\"0\" allow=\"accelerometer; autoplay; clipboard-write; encrypted-media; gyroscope; picture-in-picture; web-share\" referrerpolicy=\"strict-origin-when-cross-origin\" allowfullscreen><\/iframe><\/p>\n<p><img loading=\"lazy\" decoding=\"async\" class=\"alignnone size-medium wp-image-89155\" src=\"https:\/\/www.celttv.com.ar\/wp-content\/uploads\/2025\/07\/DSC_5802-Medium-300x200.jpg\" alt=\"\" width=\"300\" height=\"200\" srcset=\"https:\/\/www.celttv.com.ar\/wp-content\/uploads\/2025\/07\/DSC_5802-Medium-300x200.jpg 300w, https:\/\/www.celttv.com.ar\/wp-content\/uploads\/2025\/07\/DSC_5802-Medium-1024x683.jpg 1024w, https:\/\/www.celttv.com.ar\/wp-content\/uploads\/2025\/07\/DSC_5802-Medium-768x512.jpg 768w, https:\/\/www.celttv.com.ar\/wp-content\/uploads\/2025\/07\/DSC_5802-Medium-750x500.jpg 750w, https:\/\/www.celttv.com.ar\/wp-content\/uploads\/2025\/07\/DSC_5802-Medium-1140x760.jpg 1140w, https:\/\/www.celttv.com.ar\/wp-content\/uploads\/2025\/07\/DSC_5802-Medium.jpg 1152w\" sizes=\"auto, (max-width: 300px) 100vw, 300px\" \/> <img loading=\"lazy\" decoding=\"async\" class=\"alignnone size-medium wp-image-89156\" src=\"https:\/\/www.celttv.com.ar\/wp-content\/uploads\/2025\/07\/DSC_5803-Medium-300x200.jpg\" alt=\"\" width=\"300\" height=\"200\" srcset=\"https:\/\/www.celttv.com.ar\/wp-content\/uploads\/2025\/07\/DSC_5803-Medium-300x200.jpg 300w, https:\/\/www.celttv.com.ar\/wp-content\/uploads\/2025\/07\/DSC_5803-Medium-1024x683.jpg 1024w, https:\/\/www.celttv.com.ar\/wp-content\/uploads\/2025\/07\/DSC_5803-Medium-768x512.jpg 768w, https:\/\/www.celttv.com.ar\/wp-content\/uploads\/2025\/07\/DSC_5803-Medium-750x500.jpg 750w, https:\/\/www.celttv.com.ar\/wp-content\/uploads\/2025\/07\/DSC_5803-Medium-1140x760.jpg 1140w, https:\/\/www.celttv.com.ar\/wp-content\/uploads\/2025\/07\/DSC_5803-Medium.jpg 1152w\" sizes=\"auto, (max-width: 300px) 100vw, 300px\" \/> <img loading=\"lazy\" decoding=\"async\" class=\"alignnone size-medium wp-image-89157\" src=\"https:\/\/www.celttv.com.ar\/wp-content\/uploads\/2025\/07\/DSC_5804-Medium-300x200.jpg\" alt=\"\" width=\"300\" height=\"200\" srcset=\"https:\/\/www.celttv.com.ar\/wp-content\/uploads\/2025\/07\/DSC_5804-Medium-300x200.jpg 300w, https:\/\/www.celttv.com.ar\/wp-content\/uploads\/2025\/07\/DSC_5804-Medium-1024x683.jpg 1024w, https:\/\/www.celttv.com.ar\/wp-content\/uploads\/2025\/07\/DSC_5804-Medium-768x512.jpg 768w, https:\/\/www.celttv.com.ar\/wp-content\/uploads\/2025\/07\/DSC_5804-Medium-750x500.jpg 750w, https:\/\/www.celttv.com.ar\/wp-content\/uploads\/2025\/07\/DSC_5804-Medium-1140x760.jpg 1140w, https:\/\/www.celttv.com.ar\/wp-content\/uploads\/2025\/07\/DSC_5804-Medium.jpg 1152w\" sizes=\"auto, (max-width: 300px) 100vw, 300px\" \/> <img loading=\"lazy\" decoding=\"async\" class=\"alignnone size-medium wp-image-89158\" src=\"https:\/\/www.celttv.com.ar\/wp-content\/uploads\/2025\/07\/DSC_5805-Medium-300x200.jpg\" alt=\"\" width=\"300\" height=\"200\" srcset=\"https:\/\/www.celttv.com.ar\/wp-content\/uploads\/2025\/07\/DSC_5805-Medium-300x200.jpg 300w, https:\/\/www.celttv.com.ar\/wp-content\/uploads\/2025\/07\/DSC_5805-Medium-1024x683.jpg 1024w, https:\/\/www.celttv.com.ar\/wp-content\/uploads\/2025\/07\/DSC_5805-Medium-768x512.jpg 768w, https:\/\/www.celttv.com.ar\/wp-content\/uploads\/2025\/07\/DSC_5805-Medium-750x500.jpg 750w, https:\/\/www.celttv.com.ar\/wp-content\/uploads\/2025\/07\/DSC_5805-Medium-1140x760.jpg 1140w, https:\/\/www.celttv.com.ar\/wp-content\/uploads\/2025\/07\/DSC_5805-Medium.jpg 1152w\" sizes=\"auto, (max-width: 300px) 100vw, 300px\" \/> <img loading=\"lazy\" decoding=\"async\" class=\"alignnone size-medium wp-image-89159\" src=\"https:\/\/www.celttv.com.ar\/wp-content\/uploads\/2025\/07\/DSC_5806-Medium-300x200.jpg\" alt=\"\" width=\"300\" height=\"200\" srcset=\"https:\/\/www.celttv.com.ar\/wp-content\/uploads\/2025\/07\/DSC_5806-Medium-300x200.jpg 300w, https:\/\/www.celttv.com.ar\/wp-content\/uploads\/2025\/07\/DSC_5806-Medium-1024x683.jpg 1024w, https:\/\/www.celttv.com.ar\/wp-content\/uploads\/2025\/07\/DSC_5806-Medium-768x512.jpg 768w, https:\/\/www.celttv.com.ar\/wp-content\/uploads\/2025\/07\/DSC_5806-Medium-750x500.jpg 750w, https:\/\/www.celttv.com.ar\/wp-content\/uploads\/2025\/07\/DSC_5806-Medium-1140x760.jpg 1140w, https:\/\/www.celttv.com.ar\/wp-content\/uploads\/2025\/07\/DSC_5806-Medium.jpg 1152w\" sizes=\"auto, (max-width: 300px) 100vw, 300px\" \/> <img loading=\"lazy\" decoding=\"async\" class=\"alignnone size-medium wp-image-89160\" src=\"https:\/\/www.celttv.com.ar\/wp-content\/uploads\/2025\/07\/DSC_5807-Medium-300x200.jpg\" alt=\"\" width=\"300\" height=\"200\" srcset=\"https:\/\/www.celttv.com.ar\/wp-content\/uploads\/2025\/07\/DSC_5807-Medium-300x200.jpg 300w, https:\/\/www.celttv.com.ar\/wp-content\/uploads\/2025\/07\/DSC_5807-Medium-1024x683.jpg 1024w, https:\/\/www.celttv.com.ar\/wp-content\/uploads\/2025\/07\/DSC_5807-Medium-768x512.jpg 768w, https:\/\/www.celttv.com.ar\/wp-content\/uploads\/2025\/07\/DSC_5807-Medium-750x500.jpg 750w, https:\/\/www.celttv.com.ar\/wp-content\/uploads\/2025\/07\/DSC_5807-Medium-1140x760.jpg 1140w, https:\/\/www.celttv.com.ar\/wp-content\/uploads\/2025\/07\/DSC_5807-Medium.jpg 1152w\" sizes=\"auto, (max-width: 300px) 100vw, 300px\" \/> <img loading=\"lazy\" decoding=\"async\" class=\"alignnone size-medium wp-image-89161\" src=\"https:\/\/www.celttv.com.ar\/wp-content\/uploads\/2025\/07\/DSC_5808-Medium-300x200.jpg\" alt=\"\" width=\"300\" height=\"200\" srcset=\"https:\/\/www.celttv.com.ar\/wp-content\/uploads\/2025\/07\/DSC_5808-Medium-300x200.jpg 300w, https:\/\/www.celttv.com.ar\/wp-content\/uploads\/2025\/07\/DSC_5808-Medium-1024x683.jpg 1024w, https:\/\/www.celttv.com.ar\/wp-content\/uploads\/2025\/07\/DSC_5808-Medium-768x512.jpg 768w, https:\/\/www.celttv.com.ar\/wp-content\/uploads\/2025\/07\/DSC_5808-Medium-750x500.jpg 750w, https:\/\/www.celttv.com.ar\/wp-content\/uploads\/2025\/07\/DSC_5808-Medium-1140x760.jpg 1140w, https:\/\/www.celttv.com.ar\/wp-content\/uploads\/2025\/07\/DSC_5808-Medium.jpg 1152w\" sizes=\"auto, (max-width: 300px) 100vw, 300px\" \/> <img loading=\"lazy\" decoding=\"async\" class=\"alignnone size-medium wp-image-89162\" src=\"https:\/\/www.celttv.com.ar\/wp-content\/uploads\/2025\/07\/DSC_5809-Medium-300x200.jpg\" alt=\"\" width=\"300\" height=\"200\" srcset=\"https:\/\/www.celttv.com.ar\/wp-content\/uploads\/2025\/07\/DSC_5809-Medium-300x200.jpg 300w, https:\/\/www.celttv.com.ar\/wp-content\/uploads\/2025\/07\/DSC_5809-Medium-1024x683.jpg 1024w, https:\/\/www.celttv.com.ar\/wp-content\/uploads\/2025\/07\/DSC_5809-Medium-768x512.jpg 768w, https:\/\/www.celttv.com.ar\/wp-content\/uploads\/2025\/07\/DSC_5809-Medium-750x500.jpg 750w, https:\/\/www.celttv.com.ar\/wp-content\/uploads\/2025\/07\/DSC_5809-Medium-1140x760.jpg 1140w, https:\/\/www.celttv.com.ar\/wp-content\/uploads\/2025\/07\/DSC_5809-Medium.jpg 1152w\" sizes=\"auto, (max-width: 300px) 100vw, 300px\" \/> <img loading=\"lazy\" decoding=\"async\" class=\"alignnone size-medium wp-image-89163\" src=\"https:\/\/www.celttv.com.ar\/wp-content\/uploads\/2025\/07\/DSC_5810-Medium-300x200.jpg\" alt=\"\" width=\"300\" height=\"200\" srcset=\"https:\/\/www.celttv.com.ar\/wp-content\/uploads\/2025\/07\/DSC_5810-Medium-300x200.jpg 300w, https:\/\/www.celttv.com.ar\/wp-content\/uploads\/2025\/07\/DSC_5810-Medium-1024x683.jpg 1024w, https:\/\/www.celttv.com.ar\/wp-content\/uploads\/2025\/07\/DSC_5810-Medium-768x512.jpg 768w, https:\/\/www.celttv.com.ar\/wp-content\/uploads\/2025\/07\/DSC_5810-Medium-750x500.jpg 750w, https:\/\/www.celttv.com.ar\/wp-content\/uploads\/2025\/07\/DSC_5810-Medium-1140x760.jpg 1140w, https:\/\/www.celttv.com.ar\/wp-content\/uploads\/2025\/07\/DSC_5810-Medium.jpg 1152w\" sizes=\"auto, (max-width: 300px) 100vw, 300px\" \/> <img loading=\"lazy\" decoding=\"async\" class=\"alignnone size-medium wp-image-89164\" src=\"https:\/\/www.celttv.com.ar\/wp-content\/uploads\/2025\/07\/DSC_5811-Medium-300x200.jpg\" alt=\"\" width=\"300\" height=\"200\" srcset=\"https:\/\/www.celttv.com.ar\/wp-content\/uploads\/2025\/07\/DSC_5811-Medium-300x200.jpg 300w, https:\/\/www.celttv.com.ar\/wp-content\/uploads\/2025\/07\/DSC_5811-Medium-1024x683.jpg 1024w, https:\/\/www.celttv.com.ar\/wp-content\/uploads\/2025\/07\/DSC_5811-Medium-768x512.jpg 768w, https:\/\/www.celttv.com.ar\/wp-content\/uploads\/2025\/07\/DSC_5811-Medium-750x500.jpg 750w, https:\/\/www.celttv.com.ar\/wp-content\/uploads\/2025\/07\/DSC_5811-Medium-1140x760.jpg 1140w, https:\/\/www.celttv.com.ar\/wp-content\/uploads\/2025\/07\/DSC_5811-Medium.jpg 1152w\" sizes=\"auto, (max-width: 300px) 100vw, 300px\" \/> <img loading=\"lazy\" decoding=\"async\" class=\"alignnone size-medium wp-image-89165\" src=\"https:\/\/www.celttv.com.ar\/wp-content\/uploads\/2025\/07\/DSC_5812-Medium-300x200.jpg\" alt=\"\" width=\"300\" height=\"200\" srcset=\"https:\/\/www.celttv.com.ar\/wp-content\/uploads\/2025\/07\/DSC_5812-Medium-300x200.jpg 300w, https:\/\/www.celttv.com.ar\/wp-content\/uploads\/2025\/07\/DSC_5812-Medium-1024x683.jpg 1024w, https:\/\/www.celttv.com.ar\/wp-content\/uploads\/2025\/07\/DSC_5812-Medium-768x512.jpg 768w, https:\/\/www.celttv.com.ar\/wp-content\/uploads\/2025\/07\/DSC_5812-Medium-750x500.jpg 750w, https:\/\/www.celttv.com.ar\/wp-content\/uploads\/2025\/07\/DSC_5812-Medium-1140x760.jpg 1140w, https:\/\/www.celttv.com.ar\/wp-content\/uploads\/2025\/07\/DSC_5812-Medium.jpg 1152w\" sizes=\"auto, (max-width: 300px) 100vw, 300px\" \/> <img loading=\"lazy\" decoding=\"async\" class=\"alignnone size-medium wp-image-89166\" src=\"https:\/\/www.celttv.com.ar\/wp-content\/uploads\/2025\/07\/DSC_5813-Medium-300x200.jpg\" alt=\"\" width=\"300\" height=\"200\" srcset=\"https:\/\/www.celttv.com.ar\/wp-content\/uploads\/2025\/07\/DSC_5813-Medium-300x200.jpg 300w, https:\/\/www.celttv.com.ar\/wp-content\/uploads\/2025\/07\/DSC_5813-Medium-1024x683.jpg 1024w, https:\/\/www.celttv.com.ar\/wp-content\/uploads\/2025\/07\/DSC_5813-Medium-768x512.jpg 768w, https:\/\/www.celttv.com.ar\/wp-content\/uploads\/2025\/07\/DSC_5813-Medium-750x500.jpg 750w, https:\/\/www.celttv.com.ar\/wp-content\/uploads\/2025\/07\/DSC_5813-Medium-1140x760.jpg 1140w, https:\/\/www.celttv.com.ar\/wp-content\/uploads\/2025\/07\/DSC_5813-Medium.jpg 1152w\" sizes=\"auto, (max-width: 300px) 100vw, 300px\" \/> <img loading=\"lazy\" decoding=\"async\" class=\"alignnone size-medium wp-image-89167\" src=\"https:\/\/www.celttv.com.ar\/wp-content\/uploads\/2025\/07\/DSC_5814-Medium-300x200.jpg\" alt=\"\" width=\"300\" height=\"200\" srcset=\"https:\/\/www.celttv.com.ar\/wp-content\/uploads\/2025\/07\/DSC_5814-Medium-300x200.jpg 300w, https:\/\/www.celttv.com.ar\/wp-content\/uploads\/2025\/07\/DSC_5814-Medium-1024x683.jpg 1024w, https:\/\/www.celttv.com.ar\/wp-content\/uploads\/2025\/07\/DSC_5814-Medium-768x512.jpg 768w, https:\/\/www.celttv.com.ar\/wp-content\/uploads\/2025\/07\/DSC_5814-Medium-750x500.jpg 750w, https:\/\/www.celttv.com.ar\/wp-content\/uploads\/2025\/07\/DSC_5814-Medium-1140x760.jpg 1140w, https:\/\/www.celttv.com.ar\/wp-content\/uploads\/2025\/07\/DSC_5814-Medium.jpg 1152w\" sizes=\"auto, (max-width: 300px) 100vw, 300px\" \/> <img loading=\"lazy\" decoding=\"async\" class=\"alignnone size-medium wp-image-89168\" src=\"https:\/\/www.celttv.com.ar\/wp-content\/uploads\/2025\/07\/DSC_5815-Medium-300x200.jpg\" alt=\"\" width=\"300\" height=\"200\" srcset=\"https:\/\/www.celttv.com.ar\/wp-content\/uploads\/2025\/07\/DSC_5815-Medium-300x200.jpg 300w, https:\/\/www.celttv.com.ar\/wp-content\/uploads\/2025\/07\/DSC_5815-Medium-1024x683.jpg 1024w, https:\/\/www.celttv.com.ar\/wp-content\/uploads\/2025\/07\/DSC_5815-Medium-768x512.jpg 768w, https:\/\/www.celttv.com.ar\/wp-content\/uploads\/2025\/07\/DSC_5815-Medium-750x500.jpg 750w, https:\/\/www.celttv.com.ar\/wp-content\/uploads\/2025\/07\/DSC_5815-Medium-1140x760.jpg 1140w, https:\/\/www.celttv.com.ar\/wp-content\/uploads\/2025\/07\/DSC_5815-Medium.jpg 1152w\" sizes=\"auto, (max-width: 300px) 100vw, 300px\" \/> <img loading=\"lazy\" decoding=\"async\" class=\"alignnone size-medium wp-image-89169\" src=\"https:\/\/www.celttv.com.ar\/wp-content\/uploads\/2025\/07\/DSC_5816-Medium-300x200.jpg\" alt=\"\" width=\"300\" height=\"200\" srcset=\"https:\/\/www.celttv.com.ar\/wp-content\/uploads\/2025\/07\/DSC_5816-Medium-300x200.jpg 300w, https:\/\/www.celttv.com.ar\/wp-content\/uploads\/2025\/07\/DSC_5816-Medium-1024x683.jpg 1024w, https:\/\/www.celttv.com.ar\/wp-content\/uploads\/2025\/07\/DSC_5816-Medium-768x512.jpg 768w, https:\/\/www.celttv.com.ar\/wp-content\/uploads\/2025\/07\/DSC_5816-Medium-750x500.jpg 750w, https:\/\/www.celttv.com.ar\/wp-content\/uploads\/2025\/07\/DSC_5816-Medium-1140x760.jpg 1140w, https:\/\/www.celttv.com.ar\/wp-content\/uploads\/2025\/07\/DSC_5816-Medium.jpg 1152w\" sizes=\"auto, (max-width: 300px) 100vw, 300px\" \/> <img loading=\"lazy\" decoding=\"async\" class=\"alignnone size-medium wp-image-89170\" src=\"https:\/\/www.celttv.com.ar\/wp-content\/uploads\/2025\/07\/DSC_5817-Medium-300x200.jpg\" alt=\"\" width=\"300\" height=\"200\" srcset=\"https:\/\/www.celttv.com.ar\/wp-content\/uploads\/2025\/07\/DSC_5817-Medium-300x200.jpg 300w, https:\/\/www.celttv.com.ar\/wp-content\/uploads\/2025\/07\/DSC_5817-Medium-1024x683.jpg 1024w, https:\/\/www.celttv.com.ar\/wp-content\/uploads\/2025\/07\/DSC_5817-Medium-768x512.jpg 768w, https:\/\/www.celttv.com.ar\/wp-content\/uploads\/2025\/07\/DSC_5817-Medium-750x500.jpg 750w, https:\/\/www.celttv.com.ar\/wp-content\/uploads\/2025\/07\/DSC_5817-Medium-1140x760.jpg 1140w, https:\/\/www.celttv.com.ar\/wp-content\/uploads\/2025\/07\/DSC_5817-Medium.jpg 1152w\" sizes=\"auto, (max-width: 300px) 100vw, 300px\" \/> <img loading=\"lazy\" decoding=\"async\" class=\"alignnone size-medium wp-image-89171\" src=\"https:\/\/www.celttv.com.ar\/wp-content\/uploads\/2025\/07\/DSC_5818-Medium-300x200.jpg\" alt=\"\" width=\"300\" height=\"200\" srcset=\"https:\/\/www.celttv.com.ar\/wp-content\/uploads\/2025\/07\/DSC_5818-Medium-300x200.jpg 300w, https:\/\/www.celttv.com.ar\/wp-content\/uploads\/2025\/07\/DSC_5818-Medium-1024x683.jpg 1024w, https:\/\/www.celttv.com.ar\/wp-content\/uploads\/2025\/07\/DSC_5818-Medium-768x512.jpg 768w, https:\/\/www.celttv.com.ar\/wp-content\/uploads\/2025\/07\/DSC_5818-Medium-750x500.jpg 750w, https:\/\/www.celttv.com.ar\/wp-content\/uploads\/2025\/07\/DSC_5818-Medium-1140x760.jpg 1140w, https:\/\/www.celttv.com.ar\/wp-content\/uploads\/2025\/07\/DSC_5818-Medium.jpg 1152w\" sizes=\"auto, (max-width: 300px) 100vw, 300px\" \/> <img loading=\"lazy\" decoding=\"async\" class=\"alignnone size-medium wp-image-89172\" src=\"https:\/\/www.celttv.com.ar\/wp-content\/uploads\/2025\/07\/DSC_5820-Medium-300x200.jpg\" alt=\"\" width=\"300\" height=\"200\" srcset=\"https:\/\/www.celttv.com.ar\/wp-content\/uploads\/2025\/07\/DSC_5820-Medium-300x200.jpg 300w, https:\/\/www.celttv.com.ar\/wp-content\/uploads\/2025\/07\/DSC_5820-Medium-1024x683.jpg 1024w, https:\/\/www.celttv.com.ar\/wp-content\/uploads\/2025\/07\/DSC_5820-Medium-768x512.jpg 768w, https:\/\/www.celttv.com.ar\/wp-content\/uploads\/2025\/07\/DSC_5820-Medium-750x500.jpg 750w, https:\/\/www.celttv.com.ar\/wp-content\/uploads\/2025\/07\/DSC_5820-Medium-1140x760.jpg 1140w, https:\/\/www.celttv.com.ar\/wp-content\/uploads\/2025\/07\/DSC_5820-Medium.jpg 1152w\" sizes=\"auto, (max-width: 300px) 100vw, 300px\" \/> <img loading=\"lazy\" decoding=\"async\" class=\"alignnone size-medium wp-image-89173\" src=\"https:\/\/www.celttv.com.ar\/wp-content\/uploads\/2025\/07\/DSC_5821-Medium-300x200.jpg\" alt=\"\" width=\"300\" height=\"200\" srcset=\"https:\/\/www.celttv.com.ar\/wp-content\/uploads\/2025\/07\/DSC_5821-Medium-300x200.jpg 300w, https:\/\/www.celttv.com.ar\/wp-content\/uploads\/2025\/07\/DSC_5821-Medium-1024x683.jpg 1024w, https:\/\/www.celttv.com.ar\/wp-content\/uploads\/2025\/07\/DSC_5821-Medium-768x512.jpg 768w, https:\/\/www.celttv.com.ar\/wp-content\/uploads\/2025\/07\/DSC_5821-Medium-750x500.jpg 750w, https:\/\/www.celttv.com.ar\/wp-content\/uploads\/2025\/07\/DSC_5821-Medium-1140x760.jpg 1140w, https:\/\/www.celttv.com.ar\/wp-content\/uploads\/2025\/07\/DSC_5821-Medium.jpg 1152w\" sizes=\"auto, (max-width: 300px) 100vw, 300px\" \/> <img loading=\"lazy\" decoding=\"async\" class=\"alignnone size-medium wp-image-89174\" src=\"https:\/\/www.celttv.com.ar\/wp-content\/uploads\/2025\/07\/DSC_5823-Medium-300x200.jpg\" alt=\"\" width=\"300\" height=\"200\" srcset=\"https:\/\/www.celttv.com.ar\/wp-content\/uploads\/2025\/07\/DSC_5823-Medium-300x200.jpg 300w, https:\/\/www.celttv.com.ar\/wp-content\/uploads\/2025\/07\/DSC_5823-Medium-1024x683.jpg 1024w, https:\/\/www.celttv.com.ar\/wp-content\/uploads\/2025\/07\/DSC_5823-Medium-768x512.jpg 768w, https:\/\/www.celttv.com.ar\/wp-content\/uploads\/2025\/07\/DSC_5823-Medium-750x500.jpg 750w, https:\/\/www.celttv.com.ar\/wp-content\/uploads\/2025\/07\/DSC_5823-Medium-1140x760.jpg 1140w, https:\/\/www.celttv.com.ar\/wp-content\/uploads\/2025\/07\/DSC_5823-Medium.jpg 1152w\" sizes=\"auto, (max-width: 300px) 100vw, 300px\" \/> <img loading=\"lazy\" decoding=\"async\" class=\"alignnone size-medium wp-image-89175\" src=\"https:\/\/www.celttv.com.ar\/wp-content\/uploads\/2025\/07\/DSC_5825-Medium-300x200.jpg\" alt=\"\" width=\"300\" height=\"200\" srcset=\"https:\/\/www.celttv.com.ar\/wp-content\/uploads\/2025\/07\/DSC_5825-Medium-300x200.jpg 300w, https:\/\/www.celttv.com.ar\/wp-content\/uploads\/2025\/07\/DSC_5825-Medium-1024x683.jpg 1024w, https:\/\/www.celttv.com.ar\/wp-content\/uploads\/2025\/07\/DSC_5825-Medium-768x512.jpg 768w, https:\/\/www.celttv.com.ar\/wp-content\/uploads\/2025\/07\/DSC_5825-Medium-750x500.jpg 750w, https:\/\/www.celttv.com.ar\/wp-content\/uploads\/2025\/07\/DSC_5825-Medium-1140x760.jpg 1140w, https:\/\/www.celttv.com.ar\/wp-content\/uploads\/2025\/07\/DSC_5825-Medium.jpg 1152w\" sizes=\"auto, (max-width: 300px) 100vw, 300px\" \/> <img loading=\"lazy\" decoding=\"async\" class=\"alignnone size-medium wp-image-89176\" src=\"https:\/\/www.celttv.com.ar\/wp-content\/uploads\/2025\/07\/DSC_5829-Medium-300x200.jpg\" alt=\"\" width=\"300\" height=\"200\" srcset=\"https:\/\/www.celttv.com.ar\/wp-content\/uploads\/2025\/07\/DSC_5829-Medium-300x200.jpg 300w, https:\/\/www.celttv.com.ar\/wp-content\/uploads\/2025\/07\/DSC_5829-Medium-1024x683.jpg 1024w, https:\/\/www.celttv.com.ar\/wp-content\/uploads\/2025\/07\/DSC_5829-Medium-768x512.jpg 768w, https:\/\/www.celttv.com.ar\/wp-content\/uploads\/2025\/07\/DSC_5829-Medium-750x500.jpg 750w, https:\/\/www.celttv.com.ar\/wp-content\/uploads\/2025\/07\/DSC_5829-Medium-1140x760.jpg 1140w, https:\/\/www.celttv.com.ar\/wp-content\/uploads\/2025\/07\/DSC_5829-Medium.jpg 1152w\" sizes=\"auto, (max-width: 300px) 100vw, 300px\" \/> <img loading=\"lazy\" decoding=\"async\" class=\"alignnone size-medium wp-image-89177\" src=\"https:\/\/www.celttv.com.ar\/wp-content\/uploads\/2025\/07\/DSC_5830-Medium-300x200.jpg\" alt=\"\" width=\"300\" height=\"200\" srcset=\"https:\/\/www.celttv.com.ar\/wp-content\/uploads\/2025\/07\/DSC_5830-Medium-300x200.jpg 300w, https:\/\/www.celttv.com.ar\/wp-content\/uploads\/2025\/07\/DSC_5830-Medium-1024x683.jpg 1024w, https:\/\/www.celttv.com.ar\/wp-content\/uploads\/2025\/07\/DSC_5830-Medium-768x512.jpg 768w, https:\/\/www.celttv.com.ar\/wp-content\/uploads\/2025\/07\/DSC_5830-Medium-750x500.jpg 750w, https:\/\/www.celttv.com.ar\/wp-content\/uploads\/2025\/07\/DSC_5830-Medium-1140x760.jpg 1140w, https:\/\/www.celttv.com.ar\/wp-content\/uploads\/2025\/07\/DSC_5830-Medium.jpg 1152w\" sizes=\"auto, (max-width: 300px) 100vw, 300px\" \/> <img loading=\"lazy\" decoding=\"async\" class=\"alignnone size-medium wp-image-89178\" src=\"https:\/\/www.celttv.com.ar\/wp-content\/uploads\/2025\/07\/DSC_5831-Medium-300x200.jpg\" alt=\"\" width=\"300\" height=\"200\" srcset=\"https:\/\/www.celttv.com.ar\/wp-content\/uploads\/2025\/07\/DSC_5831-Medium-300x200.jpg 300w, https:\/\/www.celttv.com.ar\/wp-content\/uploads\/2025\/07\/DSC_5831-Medium-1024x683.jpg 1024w, https:\/\/www.celttv.com.ar\/wp-content\/uploads\/2025\/07\/DSC_5831-Medium-768x512.jpg 768w, https:\/\/www.celttv.com.ar\/wp-content\/uploads\/2025\/07\/DSC_5831-Medium-750x500.jpg 750w, https:\/\/www.celttv.com.ar\/wp-content\/uploads\/2025\/07\/DSC_5831-Medium-1140x760.jpg 1140w, https:\/\/www.celttv.com.ar\/wp-content\/uploads\/2025\/07\/DSC_5831-Medium.jpg 1152w\" sizes=\"auto, (max-width: 300px) 100vw, 300px\" \/> <img loading=\"lazy\" decoding=\"async\" class=\"alignnone size-medium wp-image-89179\" src=\"https:\/\/www.celttv.com.ar\/wp-content\/uploads\/2025\/07\/DSC_5832-Medium-300x200.jpg\" alt=\"\" width=\"300\" height=\"200\" srcset=\"https:\/\/www.celttv.com.ar\/wp-content\/uploads\/2025\/07\/DSC_5832-Medium-300x200.jpg 300w, https:\/\/www.celttv.com.ar\/wp-content\/uploads\/2025\/07\/DSC_5832-Medium-1024x683.jpg 1024w, https:\/\/www.celttv.com.ar\/wp-content\/uploads\/2025\/07\/DSC_5832-Medium-768x512.jpg 768w, https:\/\/www.celttv.com.ar\/wp-content\/uploads\/2025\/07\/DSC_5832-Medium-750x500.jpg 750w, https:\/\/www.celttv.com.ar\/wp-content\/uploads\/2025\/07\/DSC_5832-Medium-1140x760.jpg 1140w, https:\/\/www.celttv.com.ar\/wp-content\/uploads\/2025\/07\/DSC_5832-Medium.jpg 1152w\" sizes=\"auto, (max-width: 300px) 100vw, 300px\" \/> <img loading=\"lazy\" decoding=\"async\" class=\"alignnone size-medium wp-image-89180\" src=\"https:\/\/www.celttv.com.ar\/wp-content\/uploads\/2025\/07\/DSC_5833-Medium-300x200.jpg\" alt=\"\" width=\"300\" height=\"200\" srcset=\"https:\/\/www.celttv.com.ar\/wp-content\/uploads\/2025\/07\/DSC_5833-Medium-300x200.jpg 300w, https:\/\/www.celttv.com.ar\/wp-content\/uploads\/2025\/07\/DSC_5833-Medium-1024x683.jpg 1024w, https:\/\/www.celttv.com.ar\/wp-content\/uploads\/2025\/07\/DSC_5833-Medium-768x512.jpg 768w, https:\/\/www.celttv.com.ar\/wp-content\/uploads\/2025\/07\/DSC_5833-Medium-750x500.jpg 750w, https:\/\/www.celttv.com.ar\/wp-content\/uploads\/2025\/07\/DSC_5833-Medium-1140x760.jpg 1140w, https:\/\/www.celttv.com.ar\/wp-content\/uploads\/2025\/07\/DSC_5833-Medium.jpg 1152w\" sizes=\"auto, (max-width: 300px) 100vw, 300px\" \/> <img loading=\"lazy\" decoding=\"async\" class=\"alignnone size-medium wp-image-89181\" src=\"https:\/\/www.celttv.com.ar\/wp-content\/uploads\/2025\/07\/DSC_5834-Medium-300x200.jpg\" alt=\"\" width=\"300\" height=\"200\" srcset=\"https:\/\/www.celttv.com.ar\/wp-content\/uploads\/2025\/07\/DSC_5834-Medium-300x200.jpg 300w, https:\/\/www.celttv.com.ar\/wp-content\/uploads\/2025\/07\/DSC_5834-Medium-1024x683.jpg 1024w, https:\/\/www.celttv.com.ar\/wp-content\/uploads\/2025\/07\/DSC_5834-Medium-768x512.jpg 768w, https:\/\/www.celttv.com.ar\/wp-content\/uploads\/2025\/07\/DSC_5834-Medium-750x500.jpg 750w, https:\/\/www.celttv.com.ar\/wp-content\/uploads\/2025\/07\/DSC_5834-Medium-1140x760.jpg 1140w, https:\/\/www.celttv.com.ar\/wp-content\/uploads\/2025\/07\/DSC_5834-Medium.jpg 1152w\" sizes=\"auto, (max-width: 300px) 100vw, 300px\" \/> <img loading=\"lazy\" decoding=\"async\" class=\"alignnone size-medium wp-image-89182\" src=\"https:\/\/www.celttv.com.ar\/wp-content\/uploads\/2025\/07\/DSC_5838-Medium-300x200.jpg\" alt=\"\" width=\"300\" height=\"200\" srcset=\"https:\/\/www.celttv.com.ar\/wp-content\/uploads\/2025\/07\/DSC_5838-Medium-300x200.jpg 300w, https:\/\/www.celttv.com.ar\/wp-content\/uploads\/2025\/07\/DSC_5838-Medium-1024x683.jpg 1024w, https:\/\/www.celttv.com.ar\/wp-content\/uploads\/2025\/07\/DSC_5838-Medium-768x512.jpg 768w, https:\/\/www.celttv.com.ar\/wp-content\/uploads\/2025\/07\/DSC_5838-Medium-750x500.jpg 750w, https:\/\/www.celttv.com.ar\/wp-content\/uploads\/2025\/07\/DSC_5838-Medium-1140x760.jpg 1140w, https:\/\/www.celttv.com.ar\/wp-content\/uploads\/2025\/07\/DSC_5838-Medium.jpg 1152w\" sizes=\"auto, (max-width: 300px) 100vw, 300px\" \/> <img loading=\"lazy\" decoding=\"async\" class=\"alignnone size-medium wp-image-89183\" src=\"https:\/\/www.celttv.com.ar\/wp-content\/uploads\/2025\/07\/DSC_5841-Medium-300x200.jpg\" alt=\"\" width=\"300\" height=\"200\" srcset=\"https:\/\/www.celttv.com.ar\/wp-content\/uploads\/2025\/07\/DSC_5841-Medium-300x200.jpg 300w, https:\/\/www.celttv.com.ar\/wp-content\/uploads\/2025\/07\/DSC_5841-Medium-1024x683.jpg 1024w, https:\/\/www.celttv.com.ar\/wp-content\/uploads\/2025\/07\/DSC_5841-Medium-768x512.jpg 768w, https:\/\/www.celttv.com.ar\/wp-content\/uploads\/2025\/07\/DSC_5841-Medium-750x500.jpg 750w, https:\/\/www.celttv.com.ar\/wp-content\/uploads\/2025\/07\/DSC_5841-Medium-1140x760.jpg 1140w, https:\/\/www.celttv.com.ar\/wp-content\/uploads\/2025\/07\/DSC_5841-Medium.jpg 1152w\" sizes=\"auto, (max-width: 300px) 100vw, 300px\" \/> <img loading=\"lazy\" decoding=\"async\" class=\"alignnone size-medium wp-image-89184\" src=\"https:\/\/www.celttv.com.ar\/wp-content\/uploads\/2025\/07\/DSC_5845-Medium-300x200.jpg\" alt=\"\" width=\"300\" height=\"200\" srcset=\"https:\/\/www.celttv.com.ar\/wp-content\/uploads\/2025\/07\/DSC_5845-Medium-300x200.jpg 300w, https:\/\/www.celttv.com.ar\/wp-content\/uploads\/2025\/07\/DSC_5845-Medium-1024x683.jpg 1024w, https:\/\/www.celttv.com.ar\/wp-content\/uploads\/2025\/07\/DSC_5845-Medium-768x512.jpg 768w, https:\/\/www.celttv.com.ar\/wp-content\/uploads\/2025\/07\/DSC_5845-Medium-750x500.jpg 750w, https:\/\/www.celttv.com.ar\/wp-content\/uploads\/2025\/07\/DSC_5845-Medium-1140x760.jpg 1140w, https:\/\/www.celttv.com.ar\/wp-content\/uploads\/2025\/07\/DSC_5845-Medium.jpg 1152w\" sizes=\"auto, (max-width: 300px) 100vw, 300px\" \/> <img loading=\"lazy\" decoding=\"async\" class=\"alignnone size-medium wp-image-89185\" src=\"https:\/\/www.celttv.com.ar\/wp-content\/uploads\/2025\/07\/DSC_5846-Medium-300x200.jpg\" alt=\"\" width=\"300\" height=\"200\" srcset=\"https:\/\/www.celttv.com.ar\/wp-content\/uploads\/2025\/07\/DSC_5846-Medium-300x200.jpg 300w, https:\/\/www.celttv.com.ar\/wp-content\/uploads\/2025\/07\/DSC_5846-Medium-1024x683.jpg 1024w, https:\/\/www.celttv.com.ar\/wp-content\/uploads\/2025\/07\/DSC_5846-Medium-768x512.jpg 768w, https:\/\/www.celttv.com.ar\/wp-content\/uploads\/2025\/07\/DSC_5846-Medium-750x500.jpg 750w, https:\/\/www.celttv.com.ar\/wp-content\/uploads\/2025\/07\/DSC_5846-Medium-1140x760.jpg 1140w, https:\/\/www.celttv.com.ar\/wp-content\/uploads\/2025\/07\/DSC_5846-Medium.jpg 1152w\" sizes=\"auto, (max-width: 300px) 100vw, 300px\" \/> <img loading=\"lazy\" decoding=\"async\" class=\"alignnone size-medium wp-image-89186\" src=\"https:\/\/www.celttv.com.ar\/wp-content\/uploads\/2025\/07\/DSC_5848-Medium-300x200.jpg\" alt=\"\" width=\"300\" height=\"200\" srcset=\"https:\/\/www.celttv.com.ar\/wp-content\/uploads\/2025\/07\/DSC_5848-Medium-300x200.jpg 300w, https:\/\/www.celttv.com.ar\/wp-content\/uploads\/2025\/07\/DSC_5848-Medium-1024x683.jpg 1024w, https:\/\/www.celttv.com.ar\/wp-content\/uploads\/2025\/07\/DSC_5848-Medium-768x512.jpg 768w, https:\/\/www.celttv.com.ar\/wp-content\/uploads\/2025\/07\/DSC_5848-Medium-750x500.jpg 750w, https:\/\/www.celttv.com.ar\/wp-content\/uploads\/2025\/07\/DSC_5848-Medium-1140x760.jpg 1140w, https:\/\/www.celttv.com.ar\/wp-content\/uploads\/2025\/07\/DSC_5848-Medium.jpg 1152w\" sizes=\"auto, (max-width: 300px) 100vw, 300px\" \/> <img loading=\"lazy\" decoding=\"async\" class=\"alignnone size-medium wp-image-89187\" src=\"https:\/\/www.celttv.com.ar\/wp-content\/uploads\/2025\/07\/DSC_5854-Medium-300x200.jpg\" alt=\"\" width=\"300\" height=\"200\" srcset=\"https:\/\/www.celttv.com.ar\/wp-content\/uploads\/2025\/07\/DSC_5854-Medium-300x200.jpg 300w, https:\/\/www.celttv.com.ar\/wp-content\/uploads\/2025\/07\/DSC_5854-Medium-1024x683.jpg 1024w, https:\/\/www.celttv.com.ar\/wp-content\/uploads\/2025\/07\/DSC_5854-Medium-768x512.jpg 768w, https:\/\/www.celttv.com.ar\/wp-content\/uploads\/2025\/07\/DSC_5854-Medium-750x500.jpg 750w, https:\/\/www.celttv.com.ar\/wp-content\/uploads\/2025\/07\/DSC_5854-Medium-1140x760.jpg 1140w, https:\/\/www.celttv.com.ar\/wp-content\/uploads\/2025\/07\/DSC_5854-Medium.jpg 1152w\" sizes=\"auto, (max-width: 300px) 100vw, 300px\" \/> <img loading=\"lazy\" decoding=\"async\" class=\"alignnone size-medium wp-image-89188\" src=\"https:\/\/www.celttv.com.ar\/wp-content\/uploads\/2025\/07\/DSC_5856-Medium-300x200.jpg\" alt=\"\" width=\"300\" height=\"200\" srcset=\"https:\/\/www.celttv.com.ar\/wp-content\/uploads\/2025\/07\/DSC_5856-Medium-300x200.jpg 300w, https:\/\/www.celttv.com.ar\/wp-content\/uploads\/2025\/07\/DSC_5856-Medium-1024x683.jpg 1024w, https:\/\/www.celttv.com.ar\/wp-content\/uploads\/2025\/07\/DSC_5856-Medium-768x512.jpg 768w, https:\/\/www.celttv.com.ar\/wp-content\/uploads\/2025\/07\/DSC_5856-Medium-750x500.jpg 750w, https:\/\/www.celttv.com.ar\/wp-content\/uploads\/2025\/07\/DSC_5856-Medium-1140x760.jpg 1140w, https:\/\/www.celttv.com.ar\/wp-content\/uploads\/2025\/07\/DSC_5856-Medium.jpg 1152w\" sizes=\"auto, (max-width: 300px) 100vw, 300px\" \/> <img loading=\"lazy\" decoding=\"async\" class=\"alignnone size-medium wp-image-89189\" src=\"https:\/\/www.celttv.com.ar\/wp-content\/uploads\/2025\/07\/DSC_5860-Medium-300x200.jpg\" alt=\"\" width=\"300\" height=\"200\" srcset=\"https:\/\/www.celttv.com.ar\/wp-content\/uploads\/2025\/07\/DSC_5860-Medium-300x200.jpg 300w, https:\/\/www.celttv.com.ar\/wp-content\/uploads\/2025\/07\/DSC_5860-Medium-1024x683.jpg 1024w, https:\/\/www.celttv.com.ar\/wp-content\/uploads\/2025\/07\/DSC_5860-Medium-768x512.jpg 768w, https:\/\/www.celttv.com.ar\/wp-content\/uploads\/2025\/07\/DSC_5860-Medium-750x500.jpg 750w, https:\/\/www.celttv.com.ar\/wp-content\/uploads\/2025\/07\/DSC_5860-Medium-1140x760.jpg 1140w, https:\/\/www.celttv.com.ar\/wp-content\/uploads\/2025\/07\/DSC_5860-Medium.jpg 1152w\" sizes=\"auto, (max-width: 300px) 100vw, 300px\" \/> <img loading=\"lazy\" decoding=\"async\" class=\"alignnone size-medium wp-image-89190\" src=\"https:\/\/www.celttv.com.ar\/wp-content\/uploads\/2025\/07\/DSC_5863-Medium-300x200.jpg\" alt=\"\" width=\"300\" height=\"200\" srcset=\"https:\/\/www.celttv.com.ar\/wp-content\/uploads\/2025\/07\/DSC_5863-Medium-300x200.jpg 300w, https:\/\/www.celttv.com.ar\/wp-content\/uploads\/2025\/07\/DSC_5863-Medium-1024x683.jpg 1024w, https:\/\/www.celttv.com.ar\/wp-content\/uploads\/2025\/07\/DSC_5863-Medium-768x512.jpg 768w, https:\/\/www.celttv.com.ar\/wp-content\/uploads\/2025\/07\/DSC_5863-Medium-750x500.jpg 750w, https:\/\/www.celttv.com.ar\/wp-content\/uploads\/2025\/07\/DSC_5863-Medium-1140x760.jpg 1140w, https:\/\/www.celttv.com.ar\/wp-content\/uploads\/2025\/07\/DSC_5863-Medium.jpg 1152w\" sizes=\"auto, (max-width: 300px) 100vw, 300px\" \/> <img loading=\"lazy\" decoding=\"async\" class=\"alignnone size-medium wp-image-89191\" src=\"https:\/\/www.celttv.com.ar\/wp-content\/uploads\/2025\/07\/DSC_5865-Medium-300x200.jpg\" alt=\"\" width=\"300\" height=\"200\" srcset=\"https:\/\/www.celttv.com.ar\/wp-content\/uploads\/2025\/07\/DSC_5865-Medium-300x200.jpg 300w, https:\/\/www.celttv.com.ar\/wp-content\/uploads\/2025\/07\/DSC_5865-Medium-1024x683.jpg 1024w, https:\/\/www.celttv.com.ar\/wp-content\/uploads\/2025\/07\/DSC_5865-Medium-768x512.jpg 768w, https:\/\/www.celttv.com.ar\/wp-content\/uploads\/2025\/07\/DSC_5865-Medium-750x500.jpg 750w, https:\/\/www.celttv.com.ar\/wp-content\/uploads\/2025\/07\/DSC_5865-Medium-1140x760.jpg 1140w, https:\/\/www.celttv.com.ar\/wp-content\/uploads\/2025\/07\/DSC_5865-Medium.jpg 1152w\" sizes=\"auto, (max-width: 300px) 100vw, 300px\" \/> <img loading=\"lazy\" decoding=\"async\" class=\"alignnone size-medium wp-image-89192\" src=\"https:\/\/www.celttv.com.ar\/wp-content\/uploads\/2025\/07\/DSC_5866-Medium-300x200.jpg\" alt=\"\" width=\"300\" height=\"200\" srcset=\"https:\/\/www.celttv.com.ar\/wp-content\/uploads\/2025\/07\/DSC_5866-Medium-300x200.jpg 300w, https:\/\/www.celttv.com.ar\/wp-content\/uploads\/2025\/07\/DSC_5866-Medium-1024x683.jpg 1024w, https:\/\/www.celttv.com.ar\/wp-content\/uploads\/2025\/07\/DSC_5866-Medium-768x512.jpg 768w, https:\/\/www.celttv.com.ar\/wp-content\/uploads\/2025\/07\/DSC_5866-Medium-750x500.jpg 750w, https:\/\/www.celttv.com.ar\/wp-content\/uploads\/2025\/07\/DSC_5866-Medium-1140x760.jpg 1140w, https:\/\/www.celttv.com.ar\/wp-content\/uploads\/2025\/07\/DSC_5866-Medium.jpg 1152w\" sizes=\"auto, (max-width: 300px) 100vw, 300px\" \/> <img loading=\"lazy\" decoding=\"async\" class=\"alignnone size-medium wp-image-89193\" src=\"https:\/\/www.celttv.com.ar\/wp-content\/uploads\/2025\/07\/DSC_5869-Medium-300x200.jpg\" alt=\"\" width=\"300\" height=\"200\" srcset=\"https:\/\/www.celttv.com.ar\/wp-content\/uploads\/2025\/07\/DSC_5869-Medium-300x200.jpg 300w, https:\/\/www.celttv.com.ar\/wp-content\/uploads\/2025\/07\/DSC_5869-Medium-1024x683.jpg 1024w, https:\/\/www.celttv.com.ar\/wp-content\/uploads\/2025\/07\/DSC_5869-Medium-768x512.jpg 768w, https:\/\/www.celttv.com.ar\/wp-content\/uploads\/2025\/07\/DSC_5869-Medium-750x500.jpg 750w, https:\/\/www.celttv.com.ar\/wp-content\/uploads\/2025\/07\/DSC_5869-Medium-1140x760.jpg 1140w, https:\/\/www.celttv.com.ar\/wp-content\/uploads\/2025\/07\/DSC_5869-Medium.jpg 1152w\" sizes=\"auto, (max-width: 300px) 100vw, 300px\" \/> <img loading=\"lazy\" decoding=\"async\" class=\"alignnone size-medium wp-image-89194\" src=\"https:\/\/www.celttv.com.ar\/wp-content\/uploads\/2025\/07\/DSC_5870-Medium-300x200.jpg\" alt=\"\" width=\"300\" height=\"200\" srcset=\"https:\/\/www.celttv.com.ar\/wp-content\/uploads\/2025\/07\/DSC_5870-Medium-300x200.jpg 300w, https:\/\/www.celttv.com.ar\/wp-content\/uploads\/2025\/07\/DSC_5870-Medium-1024x683.jpg 1024w, https:\/\/www.celttv.com.ar\/wp-content\/uploads\/2025\/07\/DSC_5870-Medium-768x512.jpg 768w, https:\/\/www.celttv.com.ar\/wp-content\/uploads\/2025\/07\/DSC_5870-Medium-750x500.jpg 750w, https:\/\/www.celttv.com.ar\/wp-content\/uploads\/2025\/07\/DSC_5870-Medium-1140x760.jpg 1140w, https:\/\/www.celttv.com.ar\/wp-content\/uploads\/2025\/07\/DSC_5870-Medium.jpg 1152w\" sizes=\"auto, (max-width: 300px) 100vw, 300px\" \/> <img loading=\"lazy\" decoding=\"async\" class=\"alignnone size-medium wp-image-89195\" src=\"https:\/\/www.celttv.com.ar\/wp-content\/uploads\/2025\/07\/DSC_5871-Medium-300x200.jpg\" alt=\"\" width=\"300\" height=\"200\" srcset=\"https:\/\/www.celttv.com.ar\/wp-content\/uploads\/2025\/07\/DSC_5871-Medium-300x200.jpg 300w, https:\/\/www.celttv.com.ar\/wp-content\/uploads\/2025\/07\/DSC_5871-Medium-1024x683.jpg 1024w, https:\/\/www.celttv.com.ar\/wp-content\/uploads\/2025\/07\/DSC_5871-Medium-768x512.jpg 768w, https:\/\/www.celttv.com.ar\/wp-content\/uploads\/2025\/07\/DSC_5871-Medium-750x500.jpg 750w, https:\/\/www.celttv.com.ar\/wp-content\/uploads\/2025\/07\/DSC_5871-Medium-1140x760.jpg 1140w, https:\/\/www.celttv.com.ar\/wp-content\/uploads\/2025\/07\/DSC_5871-Medium.jpg 1152w\" sizes=\"auto, (max-width: 300px) 100vw, 300px\" \/> <img loading=\"lazy\" decoding=\"async\" class=\"alignnone size-medium wp-image-89197\" src=\"https:\/\/www.celttv.com.ar\/wp-content\/uploads\/2025\/07\/DSC_5874-Medium-300x200.jpg\" alt=\"\" width=\"300\" height=\"200\" srcset=\"https:\/\/www.celttv.com.ar\/wp-content\/uploads\/2025\/07\/DSC_5874-Medium-300x200.jpg 300w, https:\/\/www.celttv.com.ar\/wp-content\/uploads\/2025\/07\/DSC_5874-Medium-1024x683.jpg 1024w, https:\/\/www.celttv.com.ar\/wp-content\/uploads\/2025\/07\/DSC_5874-Medium-768x512.jpg 768w, https:\/\/www.celttv.com.ar\/wp-content\/uploads\/2025\/07\/DSC_5874-Medium-750x500.jpg 750w, https:\/\/www.celttv.com.ar\/wp-content\/uploads\/2025\/07\/DSC_5874-Medium-1140x760.jpg 1140w, https:\/\/www.celttv.com.ar\/wp-content\/uploads\/2025\/07\/DSC_5874-Medium.jpg 1152w\" sizes=\"auto, (max-width: 300px) 100vw, 300px\" \/> <img loading=\"lazy\" decoding=\"async\" class=\"alignnone size-medium wp-image-89198\" src=\"https:\/\/www.celttv.com.ar\/wp-content\/uploads\/2025\/07\/DSC_5876-Medium-300x200.jpg\" alt=\"\" width=\"300\" height=\"200\" srcset=\"https:\/\/www.celttv.com.ar\/wp-content\/uploads\/2025\/07\/DSC_5876-Medium-300x200.jpg 300w, https:\/\/www.celttv.com.ar\/wp-content\/uploads\/2025\/07\/DSC_5876-Medium-1024x683.jpg 1024w, https:\/\/www.celttv.com.ar\/wp-content\/uploads\/2025\/07\/DSC_5876-Medium-768x512.jpg 768w, https:\/\/www.celttv.com.ar\/wp-content\/uploads\/2025\/07\/DSC_5876-Medium-750x500.jpg 750w, https:\/\/www.celttv.com.ar\/wp-content\/uploads\/2025\/07\/DSC_5876-Medium-1140x760.jpg 1140w, https:\/\/www.celttv.com.ar\/wp-content\/uploads\/2025\/07\/DSC_5876-Medium.jpg 1152w\" sizes=\"auto, (max-width: 300px) 100vw, 300px\" \/> <img loading=\"lazy\" decoding=\"async\" class=\"alignnone size-medium wp-image-89199\" src=\"https:\/\/www.celttv.com.ar\/wp-content\/uploads\/2025\/07\/DSC_5877-Medium-300x200.jpg\" alt=\"\" width=\"300\" height=\"200\" srcset=\"https:\/\/www.celttv.com.ar\/wp-content\/uploads\/2025\/07\/DSC_5877-Medium-300x200.jpg 300w, https:\/\/www.celttv.com.ar\/wp-content\/uploads\/2025\/07\/DSC_5877-Medium-1024x683.jpg 1024w, https:\/\/www.celttv.com.ar\/wp-content\/uploads\/2025\/07\/DSC_5877-Medium-768x512.jpg 768w, https:\/\/www.celttv.com.ar\/wp-content\/uploads\/2025\/07\/DSC_5877-Medium-750x500.jpg 750w, https:\/\/www.celttv.com.ar\/wp-content\/uploads\/2025\/07\/DSC_5877-Medium-1140x760.jpg 1140w, https:\/\/www.celttv.com.ar\/wp-content\/uploads\/2025\/07\/DSC_5877-Medium.jpg 1152w\" sizes=\"auto, (max-width: 300px) 100vw, 300px\" \/> <img loading=\"lazy\" decoding=\"async\" class=\"alignnone size-medium wp-image-89200\" src=\"https:\/\/www.celttv.com.ar\/wp-content\/uploads\/2025\/07\/DSC_5878-Medium-300x200.jpg\" alt=\"\" width=\"300\" height=\"200\" srcset=\"https:\/\/www.celttv.com.ar\/wp-content\/uploads\/2025\/07\/DSC_5878-Medium-300x200.jpg 300w, https:\/\/www.celttv.com.ar\/wp-content\/uploads\/2025\/07\/DSC_5878-Medium-1024x683.jpg 1024w, https:\/\/www.celttv.com.ar\/wp-content\/uploads\/2025\/07\/DSC_5878-Medium-768x512.jpg 768w, https:\/\/www.celttv.com.ar\/wp-content\/uploads\/2025\/07\/DSC_5878-Medium-750x500.jpg 750w, https:\/\/www.celttv.com.ar\/wp-content\/uploads\/2025\/07\/DSC_5878-Medium-1140x760.jpg 1140w, https:\/\/www.celttv.com.ar\/wp-content\/uploads\/2025\/07\/DSC_5878-Medium.jpg 1152w\" sizes=\"auto, (max-width: 300px) 100vw, 300px\" \/> <img loading=\"lazy\" decoding=\"async\" class=\"alignnone size-medium wp-image-89201\" src=\"https:\/\/www.celttv.com.ar\/wp-content\/uploads\/2025\/07\/DSC_5879-Medium-300x200.jpg\" alt=\"\" width=\"300\" height=\"200\" srcset=\"https:\/\/www.celttv.com.ar\/wp-content\/uploads\/2025\/07\/DSC_5879-Medium-300x200.jpg 300w, https:\/\/www.celttv.com.ar\/wp-content\/uploads\/2025\/07\/DSC_5879-Medium-1024x683.jpg 1024w, https:\/\/www.celttv.com.ar\/wp-content\/uploads\/2025\/07\/DSC_5879-Medium-768x512.jpg 768w, https:\/\/www.celttv.com.ar\/wp-content\/uploads\/2025\/07\/DSC_5879-Medium-750x500.jpg 750w, https:\/\/www.celttv.com.ar\/wp-content\/uploads\/2025\/07\/DSC_5879-Medium-1140x760.jpg 1140w, https:\/\/www.celttv.com.ar\/wp-content\/uploads\/2025\/07\/DSC_5879-Medium.jpg 1152w\" sizes=\"auto, (max-width: 300px) 100vw, 300px\" \/> <img loading=\"lazy\" decoding=\"async\" class=\"alignnone size-medium wp-image-89202\" src=\"https:\/\/www.celttv.com.ar\/wp-content\/uploads\/2025\/07\/DSC_5880-Medium-300x200.jpg\" alt=\"\" width=\"300\" height=\"200\" srcset=\"https:\/\/www.celttv.com.ar\/wp-content\/uploads\/2025\/07\/DSC_5880-Medium-300x200.jpg 300w, https:\/\/www.celttv.com.ar\/wp-content\/uploads\/2025\/07\/DSC_5880-Medium-1024x683.jpg 1024w, https:\/\/www.celttv.com.ar\/wp-content\/uploads\/2025\/07\/DSC_5880-Medium-768x512.jpg 768w, https:\/\/www.celttv.com.ar\/wp-content\/uploads\/2025\/07\/DSC_5880-Medium-750x500.jpg 750w, https:\/\/www.celttv.com.ar\/wp-content\/uploads\/2025\/07\/DSC_5880-Medium-1140x760.jpg 1140w, https:\/\/www.celttv.com.ar\/wp-content\/uploads\/2025\/07\/DSC_5880-Medium.jpg 1152w\" sizes=\"auto, (max-width: 300px) 100vw, 300px\" \/><\/p>\n","protected":false},"excerpt":{"rendered":"<p>Super\u00e1ndose a\u00f1o tras a\u00f1o y elevando la vara en cada edici\u00f3n, el Club Uni\u00f3n de Tornquist celebr\u00f3, como ya es tradici\u00f3n, la Gran Fiesta del D\u00eda del Amigo. La noche tuvo lugar en un colmado sal\u00f3n de la Sociedad Italiana, donde no faltaron la excelente gastronom\u00eda \u2014a cargo del Servicio de Catering del club\u2014 ni [&hellip;]<\/p>\n","protected":false},"author":5,"featured_media":89202,"comment_status":"closed","ping_status":"closed","sticky":false,"template":"","format":"standard","meta":{"footnotes":""},"categories":[51,1],"tags":[],"class_list":["post-89128","post","type-post","status-publish","format-standard","has-post-thumbnail","hentry","category-comunidad","category-sin-categoria"],"yoast_head":"<!-- This site is optimized with the Yoast SEO plugin v19.7.1 - https:\/\/yoast.com\/wordpress\/plugins\/seo\/ -->\n<title>El Club Uni\u00f3n volvi\u00f3 a brillar con una nueva edici\u00f3n de la Gran Fiesta del D\u00eda del Amigo - CELTTV<\/title>\n<meta name=\"description\" content=\"Sitio web de noticias de la localidad de Tornquist, provincia de Buenos Aires, Rep\u00fablica Argentina. Contenido propio originado por periodistas de CELTTV, el canal de TV local de la Cooperativa El\u00e9ctrica de Tornquist. Turismo, Pol\u00edtica, Sociedad, Deporte, Cultura y todo el contenido de inter\u00e9s general que la gente del pueblo y la regi\u00f3n debe conocer.\" \/>\n<meta name=\"robots\" content=\"index, follow, max-snippet:-1, max-image-preview:large, max-video-preview:-1\" \/>\n<link rel=\"canonical\" href=\"https:\/\/www.celttv.com.ar\/index.php\/2025\/07\/23\/el-club-union-volvio-a-brillar-con-una-nueva-edicion-de-la-gran-fiesta-del-dia-del-amigo\/\" \/>\n<meta property=\"og:locale\" content=\"es_ES\" \/>\n<meta property=\"og:type\" content=\"article\" \/>\n<meta property=\"og:title\" content=\"El Club Uni\u00f3n volvi\u00f3 a brillar con una nueva edici\u00f3n de la Gran Fiesta del D\u00eda del Amigo - CELTTV\" \/>\n<meta property=\"og:description\" content=\"Sitio web de noticias de la localidad de Tornquist, provincia de Buenos Aires, Rep\u00fablica Argentina. Contenido propio originado por periodistas de CELTTV, el canal de TV local de la Cooperativa El\u00e9ctrica de Tornquist. Turismo, Pol\u00edtica, Sociedad, Deporte, Cultura y todo el contenido de inter\u00e9s general que la gente del pueblo y la regi\u00f3n debe conocer.\" \/>\n<meta property=\"og:url\" content=\"https:\/\/www.celttv.com.ar\/index.php\/2025\/07\/23\/el-club-union-volvio-a-brillar-con-una-nueva-edicion-de-la-gran-fiesta-del-dia-del-amigo\/\" \/>\n<meta property=\"og:site_name\" content=\"CELTTV\" \/>\n<meta property=\"article:publisher\" content=\"https:\/\/www.facebook.com\/celtTV\/\" \/>\n<meta property=\"article:published_time\" content=\"2025-07-23T23:55:11+00:00\" \/>\n<meta property=\"article:modified_time\" content=\"2025-07-23T23:55:31+00:00\" \/>\n<meta property=\"og:image\" content=\"https:\/\/www.celttv.com.ar\/wp-content\/uploads\/2025\/07\/DSC_5880-Medium.jpg\" \/>\n\t<meta property=\"og:image:width\" content=\"1152\" \/>\n\t<meta property=\"og:image:height\" content=\"768\" \/>\n\t<meta property=\"og:image:type\" content=\"image\/jpeg\" \/>\n<meta name=\"author\" content=\"Miguel Herrada\" \/>\n<meta name=\"twitter:card\" content=\"summary_large_image\" \/>\n<meta name=\"twitter:label1\" content=\"Escrito por\" \/>\n\t<meta name=\"twitter:data1\" content=\"Miguel Herrada\" \/>\n\t<meta name=\"twitter:label2\" content=\"Tiempo de lectura\" \/>\n\t<meta name=\"twitter:data2\" content=\"3 minutos\" \/>\n<script type=\"application\/ld+json\" class=\"yoast-schema-graph\">{\"@context\":\"https:\/\/schema.org\",\"@graph\":[{\"@type\":\"NewsArticle\",\"@id\":\"https:\/\/www.celttv.com.ar\/index.php\/2025\/07\/23\/el-club-union-volvio-a-brillar-con-una-nueva-edicion-de-la-gran-fiesta-del-dia-del-amigo\/#article\",\"isPartOf\":{\"@id\":\"https:\/\/www.celttv.com.ar\/index.php\/2025\/07\/23\/el-club-union-volvio-a-brillar-con-una-nueva-edicion-de-la-gran-fiesta-del-dia-del-amigo\/\"},\"author\":{\"name\":\"Miguel Herrada\",\"@id\":\"https:\/\/www.celttv.com.ar\/#\/schema\/person\/9059dc91dc7204ef4182cdb65225f07d\"},\"headline\":\"El Club Uni\u00f3n volvi\u00f3 a brillar con una nueva edici\u00f3n de la Gran Fiesta del D\u00eda del Amigo\",\"datePublished\":\"2025-07-23T23:55:11+00:00\",\"dateModified\":\"2025-07-23T23:55:31+00:00\",\"mainEntityOfPage\":{\"@id\":\"https:\/\/www.celttv.com.ar\/index.php\/2025\/07\/23\/el-club-union-volvio-a-brillar-con-una-nueva-edicion-de-la-gran-fiesta-del-dia-del-amigo\/\"},\"wordCount\":597,\"publisher\":{\"@id\":\"https:\/\/www.celttv.com.ar\/#organization\"},\"articleSection\":[\"Comunidad\"],\"inLanguage\":\"es\"},{\"@type\":\"WebPage\",\"@id\":\"https:\/\/www.celttv.com.ar\/index.php\/2025\/07\/23\/el-club-union-volvio-a-brillar-con-una-nueva-edicion-de-la-gran-fiesta-del-dia-del-amigo\/\",\"url\":\"https:\/\/www.celttv.com.ar\/index.php\/2025\/07\/23\/el-club-union-volvio-a-brillar-con-una-nueva-edicion-de-la-gran-fiesta-del-dia-del-amigo\/\",\"name\":\"El Club Uni\u00f3n volvi\u00f3 a brillar con una nueva edici\u00f3n de la Gran Fiesta del D\u00eda del Amigo - CELTTV\",\"isPartOf\":{\"@id\":\"https:\/\/www.celttv.com.ar\/#website\"},\"datePublished\":\"2025-07-23T23:55:11+00:00\",\"dateModified\":\"2025-07-23T23:55:31+00:00\",\"description\":\"Sitio web de noticias de la localidad de Tornquist, provincia de Buenos Aires, Rep\u00fablica Argentina. Contenido propio originado por periodistas de CELTTV, el canal de TV local de la Cooperativa El\u00e9ctrica de Tornquist. Turismo, Pol\u00edtica, Sociedad, Deporte, Cultura y todo el contenido de inter\u00e9s general que la gente del pueblo y la regi\u00f3n debe conocer.\",\"breadcrumb\":{\"@id\":\"https:\/\/www.celttv.com.ar\/index.php\/2025\/07\/23\/el-club-union-volvio-a-brillar-con-una-nueva-edicion-de-la-gran-fiesta-del-dia-del-amigo\/#breadcrumb\"},\"inLanguage\":\"es\",\"potentialAction\":[{\"@type\":\"ReadAction\",\"target\":[\"https:\/\/www.celttv.com.ar\/index.php\/2025\/07\/23\/el-club-union-volvio-a-brillar-con-una-nueva-edicion-de-la-gran-fiesta-del-dia-del-amigo\/\"]}]},{\"@type\":\"BreadcrumbList\",\"@id\":\"https:\/\/www.celttv.com.ar\/index.php\/2025\/07\/23\/el-club-union-volvio-a-brillar-con-una-nueva-edicion-de-la-gran-fiesta-del-dia-del-amigo\/#breadcrumb\",\"itemListElement\":[{\"@type\":\"ListItem\",\"position\":1,\"name\":\"Inicio\",\"item\":\"https:\/\/www.celttv.com.ar\/\"},{\"@type\":\"ListItem\",\"position\":2,\"name\":\"El Club Uni\u00f3n volvi\u00f3 a brillar con una nueva edici\u00f3n de la Gran Fiesta del D\u00eda del Amigo\"}]},{\"@type\":\"WebSite\",\"@id\":\"https:\/\/www.celttv.com.ar\/#website\",\"url\":\"https:\/\/www.celttv.com.ar\/\",\"name\":\"CELTTV\",\"description\":\"Cooperativa El\u00e9ctrica de Tornquist\",\"publisher\":{\"@id\":\"https:\/\/www.celttv.com.ar\/#organization\"},\"potentialAction\":[{\"@type\":\"SearchAction\",\"target\":{\"@type\":\"EntryPoint\",\"urlTemplate\":\"https:\/\/www.celttv.com.ar\/?s={search_term_string}\"},\"query-input\":\"required name=search_term_string\"}],\"inLanguage\":\"es\"},{\"@type\":\"Organization\",\"@id\":\"https:\/\/www.celttv.com.ar\/#organization\",\"name\":\"CELTTV\",\"url\":\"https:\/\/www.celttv.com.ar\/\",\"sameAs\":[\"https:\/\/www.youtube.com\/channel\/UCz_oIt8Hig64Ub-EmcNPIhg\",\"https:\/\/www.facebook.com\/celtTV\/\"],\"logo\":{\"@type\":\"ImageObject\",\"inLanguage\":\"es\",\"@id\":\"https:\/\/www.celttv.com.ar\/#\/schema\/logo\/image\/\",\"url\":\"http:\/\/www.celttv.com.ar\/wp-content\/uploads\/2022\/08\/logo-1.png\",\"contentUrl\":\"http:\/\/www.celttv.com.ar\/wp-content\/uploads\/2022\/08\/logo-1.png\",\"width\":461,\"height\":159,\"caption\":\"CELTTV\"},\"image\":{\"@id\":\"https:\/\/www.celttv.com.ar\/#\/schema\/logo\/image\/\"}},{\"@type\":\"Person\",\"@id\":\"https:\/\/www.celttv.com.ar\/#\/schema\/person\/9059dc91dc7204ef4182cdb65225f07d\",\"name\":\"Miguel Herrada\",\"image\":{\"@type\":\"ImageObject\",\"inLanguage\":\"es\",\"@id\":\"https:\/\/www.celttv.com.ar\/#\/schema\/person\/image\/\",\"url\":\"https:\/\/secure.gravatar.com\/avatar\/67724d5b3c716623ffd76bec7e45841a442ac3b456e914dbba90b0fad2b8e0b1?s=96&d=mm&r=g\",\"contentUrl\":\"https:\/\/secure.gravatar.com\/avatar\/67724d5b3c716623ffd76bec7e45841a442ac3b456e914dbba90b0fad2b8e0b1?s=96&d=mm&r=g\",\"caption\":\"Miguel Herrada\"}}]}<\/script>\n<!-- \/ Yoast SEO plugin. -->","yoast_head_json":{"title":"El Club Uni\u00f3n volvi\u00f3 a brillar con una nueva edici\u00f3n de la Gran Fiesta del D\u00eda del Amigo - CELTTV","description":"Sitio web de noticias de la localidad de Tornquist, provincia de Buenos Aires, Rep\u00fablica Argentina. Contenido propio originado por periodistas de CELTTV, el canal de TV local de la Cooperativa El\u00e9ctrica de Tornquist. Turismo, Pol\u00edtica, Sociedad, Deporte, Cultura y todo el contenido de inter\u00e9s general que la gente del pueblo y la regi\u00f3n debe conocer.","robots":{"index":"index","follow":"follow","max-snippet":"max-snippet:-1","max-image-preview":"max-image-preview:large","max-video-preview":"max-video-preview:-1"},"canonical":"https:\/\/www.celttv.com.ar\/index.php\/2025\/07\/23\/el-club-union-volvio-a-brillar-con-una-nueva-edicion-de-la-gran-fiesta-del-dia-del-amigo\/","og_locale":"es_ES","og_type":"article","og_title":"El Club Uni\u00f3n volvi\u00f3 a brillar con una nueva edici\u00f3n de la Gran Fiesta del D\u00eda del Amigo - CELTTV","og_description":"Sitio web de noticias de la localidad de Tornquist, provincia de Buenos Aires, Rep\u00fablica Argentina. Contenido propio originado por periodistas de CELTTV, el canal de TV local de la Cooperativa El\u00e9ctrica de Tornquist. Turismo, Pol\u00edtica, Sociedad, Deporte, Cultura y todo el contenido de inter\u00e9s general que la gente del pueblo y la regi\u00f3n debe conocer.","og_url":"https:\/\/www.celttv.com.ar\/index.php\/2025\/07\/23\/el-club-union-volvio-a-brillar-con-una-nueva-edicion-de-la-gran-fiesta-del-dia-del-amigo\/","og_site_name":"CELTTV","article_publisher":"https:\/\/www.facebook.com\/celtTV\/","article_published_time":"2025-07-23T23:55:11+00:00","article_modified_time":"2025-07-23T23:55:31+00:00","og_image":[{"width":1152,"height":768,"url":"https:\/\/www.celttv.com.ar\/wp-content\/uploads\/2025\/07\/DSC_5880-Medium.jpg","type":"image\/jpeg"}],"author":"Miguel Herrada","twitter_card":"summary_large_image","twitter_misc":{"Escrito por":"Miguel Herrada","Tiempo de lectura":"3 minutos"},"schema":{"@context":"https:\/\/schema.org","@graph":[{"@type":"NewsArticle","@id":"https:\/\/www.celttv.com.ar\/index.php\/2025\/07\/23\/el-club-union-volvio-a-brillar-con-una-nueva-edicion-de-la-gran-fiesta-del-dia-del-amigo\/#article","isPartOf":{"@id":"https:\/\/www.celttv.com.ar\/index.php\/2025\/07\/23\/el-club-union-volvio-a-brillar-con-una-nueva-edicion-de-la-gran-fiesta-del-dia-del-amigo\/"},"author":{"name":"Miguel Herrada","@id":"https:\/\/www.celttv.com.ar\/#\/schema\/person\/9059dc91dc7204ef4182cdb65225f07d"},"headline":"El Club Uni\u00f3n volvi\u00f3 a brillar con una nueva edici\u00f3n de la Gran Fiesta del D\u00eda del Amigo","datePublished":"2025-07-23T23:55:11+00:00","dateModified":"2025-07-23T23:55:31+00:00","mainEntityOfPage":{"@id":"https:\/\/www.celttv.com.ar\/index.php\/2025\/07\/23\/el-club-union-volvio-a-brillar-con-una-nueva-edicion-de-la-gran-fiesta-del-dia-del-amigo\/"},"wordCount":597,"publisher":{"@id":"https:\/\/www.celttv.com.ar\/#organization"},"articleSection":["Comunidad"],"inLanguage":"es"},{"@type":"WebPage","@id":"https:\/\/www.celttv.com.ar\/index.php\/2025\/07\/23\/el-club-union-volvio-a-brillar-con-una-nueva-edicion-de-la-gran-fiesta-del-dia-del-amigo\/","url":"https:\/\/www.celttv.com.ar\/index.php\/2025\/07\/23\/el-club-union-volvio-a-brillar-con-una-nueva-edicion-de-la-gran-fiesta-del-dia-del-amigo\/","name":"El Club Uni\u00f3n volvi\u00f3 a brillar con una nueva edici\u00f3n de la Gran Fiesta del D\u00eda del Amigo - CELTTV","isPartOf":{"@id":"https:\/\/www.celttv.com.ar\/#website"},"datePublished":"2025-07-23T23:55:11+00:00","dateModified":"2025-07-23T23:55:31+00:00","description":"Sitio web de noticias de la localidad de Tornquist, provincia de Buenos Aires, Rep\u00fablica Argentina. Contenido propio originado por periodistas de CELTTV, el canal de TV local de la Cooperativa El\u00e9ctrica de Tornquist. Turismo, Pol\u00edtica, Sociedad, Deporte, Cultura y todo el contenido de inter\u00e9s general que la gente del pueblo y la regi\u00f3n debe conocer.","breadcrumb":{"@id":"https:\/\/www.celttv.com.ar\/index.php\/2025\/07\/23\/el-club-union-volvio-a-brillar-con-una-nueva-edicion-de-la-gran-fiesta-del-dia-del-amigo\/#breadcrumb"},"inLanguage":"es","potentialAction":[{"@type":"ReadAction","target":["https:\/\/www.celttv.com.ar\/index.php\/2025\/07\/23\/el-club-union-volvio-a-brillar-con-una-nueva-edicion-de-la-gran-fiesta-del-dia-del-amigo\/"]}]},{"@type":"BreadcrumbList","@id":"https:\/\/www.celttv.com.ar\/index.php\/2025\/07\/23\/el-club-union-volvio-a-brillar-con-una-nueva-edicion-de-la-gran-fiesta-del-dia-del-amigo\/#breadcrumb","itemListElement":[{"@type":"ListItem","position":1,"name":"Inicio","item":"https:\/\/www.celttv.com.ar\/"},{"@type":"ListItem","position":2,"name":"El Club Uni\u00f3n volvi\u00f3 a brillar con una nueva edici\u00f3n de la Gran Fiesta del D\u00eda del Amigo"}]},{"@type":"WebSite","@id":"https:\/\/www.celttv.com.ar\/#website","url":"https:\/\/www.celttv.com.ar\/","name":"CELTTV","description":"Cooperativa El\u00e9ctrica de Tornquist","publisher":{"@id":"https:\/\/www.celttv.com.ar\/#organization"},"potentialAction":[{"@type":"SearchAction","target":{"@type":"EntryPoint","urlTemplate":"https:\/\/www.celttv.com.ar\/?s={search_term_string}"},"query-input":"required name=search_term_string"}],"inLanguage":"es"},{"@type":"Organization","@id":"https:\/\/www.celttv.com.ar\/#organization","name":"CELTTV","url":"https:\/\/www.celttv.com.ar\/","sameAs":["https:\/\/www.youtube.com\/channel\/UCz_oIt8Hig64Ub-EmcNPIhg","https:\/\/www.facebook.com\/celtTV\/"],"logo":{"@type":"ImageObject","inLanguage":"es","@id":"https:\/\/www.celttv.com.ar\/#\/schema\/logo\/image\/","url":"http:\/\/www.celttv.com.ar\/wp-content\/uploads\/2022\/08\/logo-1.png","contentUrl":"http:\/\/www.celttv.com.ar\/wp-content\/uploads\/2022\/08\/logo-1.png","width":461,"height":159,"caption":"CELTTV"},"image":{"@id":"https:\/\/www.celttv.com.ar\/#\/schema\/logo\/image\/"}},{"@type":"Person","@id":"https:\/\/www.celttv.com.ar\/#\/schema\/person\/9059dc91dc7204ef4182cdb65225f07d","name":"Miguel Herrada","image":{"@type":"ImageObject","inLanguage":"es","@id":"https:\/\/www.celttv.com.ar\/#\/schema\/person\/image\/","url":"https:\/\/secure.gravatar.com\/avatar\/67724d5b3c716623ffd76bec7e45841a442ac3b456e914dbba90b0fad2b8e0b1?s=96&d=mm&r=g","contentUrl":"https:\/\/secure.gravatar.com\/avatar\/67724d5b3c716623ffd76bec7e45841a442ac3b456e914dbba90b0fad2b8e0b1?s=96&d=mm&r=g","caption":"Miguel Herrada"}}]}},"_links":{"self":[{"href":"https:\/\/www.celttv.com.ar\/index.php\/wp-json\/wp\/v2\/posts\/89128","targetHints":{"allow":["GET"]}}],"collection":[{"href":"https:\/\/www.celttv.com.ar\/index.php\/wp-json\/wp\/v2\/posts"}],"about":[{"href":"https:\/\/www.celttv.com.ar\/index.php\/wp-json\/wp\/v2\/types\/post"}],"author":[{"embeddable":true,"href":"https:\/\/www.celttv.com.ar\/index.php\/wp-json\/wp\/v2\/users\/5"}],"replies":[{"embeddable":true,"href":"https:\/\/www.celttv.com.ar\/index.php\/wp-json\/wp\/v2\/comments?post=89128"}],"version-history":[{"count":3,"href":"https:\/\/www.celttv.com.ar\/index.php\/wp-json\/wp\/v2\/posts\/89128\/revisions"}],"predecessor-version":[{"id":89203,"href":"https:\/\/www.celttv.com.ar\/index.php\/wp-json\/wp\/v2\/posts\/89128\/revisions\/89203"}],"wp:featuredmedia":[{"embeddable":true,"href":"https:\/\/www.celttv.com.ar\/index.php\/wp-json\/wp\/v2\/media\/89202"}],"wp:attachment":[{"href":"https:\/\/www.celttv.com.ar\/index.php\/wp-json\/wp\/v2\/media?parent=89128"}],"wp:term":[{"taxonomy":"category","embeddable":true,"href":"https:\/\/www.celttv.com.ar\/index.php\/wp-json\/wp\/v2\/categories?post=89128"},{"taxonomy":"post_tag","embeddable":true,"href":"https:\/\/www.celttv.com.ar\/index.php\/wp-json\/wp\/v2\/tags?post=89128"}],"curies":[{"name":"wp","href":"https:\/\/api.w.org\/{rel}","templated":true}]}}