{"id":8914,"date":"2012-11-09T00:18:27","date_gmt":"2012-11-09T00:18:27","guid":{"rendered":"http:\/\/www.tvcnoticias.com.ar\/?p=8914"},"modified":"2012-11-09T00:18:27","modified_gmt":"2012-11-09T00:18:27","slug":"parque-lineal-multitudinaria-convocatoria-en-una-jornada-inolvidable","status":"publish","type":"post","link":"https:\/\/www.celttv.com.ar\/index.php\/2012\/11\/09\/parque-lineal-multitudinaria-convocatoria-en-una-jornada-inolvidable\/","title":{"rendered":"PARQUE LINEAL: MULTITUDINARIA CONVOCATORIA EN UNA JORNADA INOLVIDABLE"},"content":{"rendered":"<p><a>httpv:\/\/www.youtube.com\/watch?v=Cv0A4Wkfa6s<\/a><br \/>\n<a href=\"http:\/\/www.youtube.com\/watch?v=vV8Y8KOWexQ\">httpv:\/\/www.youtube.com\/watch?v=vV8Y8KOWexQ<\/a><br \/>\n<span style=\"font-size: xx-small;\">Fue una verdadera fiesta. La inauguraci\u00f3n del Parque Lineal de Tornquist encerr\u00f3 innumerables atractivos y convoc\u00f3 a miles de vecinos que, adem\u00e1s de festejar el 102\u00b0 aniversario del cambio de nombre del partido, asistieron a la habilitaci\u00f3n de un espacio verde recuperado.<br \/>\nDurante el transcurso de la jornada se observaron pasajes de felicidad, alegr\u00eda, emoci\u00f3n y satisfacci\u00f3n, acompa\u00f1ados por la actuaci\u00f3n de artistas locales, que pusieron calor sobre el escenario y deleitaron a la multitud que aprovech\u00f3 la celebraci\u00f3n para descubrir y apropiarse de un espectacular sector de la ciudad cabecera del distrito.<br \/>\nAdem\u00e1s de los integrantes de su Gabinete, el Intendente Gustavo Trankels estuvo acompa\u00f1ado por el secretario de Espacio P\u00fablico de la Provincia de Buenos Aires, Eduardo Aparicio, miembros del equipo de trabajo de ese \u00e1rea; y el presidente de Loter\u00edas y Casinos bonaerenses, Jorge Rodr\u00edguez<br \/>\nNi bien las autoridades locales y provinciales arribaron al Parque Lineal se produjo la primera sorpresa: se entregaron 13 bicicletas para chicos del Hogar &#8220;Saavedra Lamas&#8221;. Los rostros iluminados de los ni\u00f1os fue todo un s\u00edmbolo de la sensaci\u00f3n que produjo.<br \/>\n&#8220;Quiero agradecerles a Eduardo Aparicio, Jorge Rodr\u00edguez y el gobernador Daniel Scioli por este gesto para con nuestros chicos. La alegr\u00eda que generaron en ellos es impagable&#8221;, coment\u00f3 el jefe comunal, antes de proceder al corte de cintas que dej\u00f3 habilitada la senda de salud y la plaza con juegos de madera.<br \/>\nEse acto cont\u00f3 con la presencia de Trankels, Aparicio, Rodr\u00edguez y la secretaria de Obras y Servicios P\u00fablicos comunal, arquitecta Anabella Madue\u00f1a, quienes desprendieron el mo\u00f1o que un\u00eda los dos tramos de cinta.<br \/>\nA esta altura ya hab\u00edan pasado por el escenario el Grupo Municipal de Teatro, dirigido por Andrea Camus, con la presentaci\u00f3n de &#8220;Locas Historias, Teatro en Historietas&#8221;, y la inconfundible voz de Carlos Porsel. Una vez consumada la inauguraci\u00f3n de uno de los sectores del parque, le lleg\u00f3 el turno a la banda Lo que Salga y al tanguero Jonathan Rond\u00e1n, todos presentados por Carlos Vel\u00e1ustegui, quien realiz\u00f3 la animaci\u00f3n de la jornada.<br \/>\nCon la ca\u00edda del sol y el arribo de la noche, se produjo el punto neur\u00e1lgico de la celebraci\u00f3n: el encendido de las luminarias. Accionaron la palanca del dispositivo especialmente armado para la ocasi\u00f3n, Trankels, Aparicio, Rodr\u00edguez, Madue\u00f1a, el presidente del Club H\u00edpico y Social Las Sierras, Omar Vittori; el socio fundador de esa entidad, Mario Lanaro; los ex integrantes de la comisi\u00f3n H\u00e9ctor Lambichi y Rub\u00e9n Braun; y chicos representantes de los cuatro jardines de infantes de la ciudad cabecera (901, 905, 907 y Nuestra Se\u00f1ora de Luj\u00e1n).<br \/>\n&#8220;Este es un momento de mucha alegr\u00eda para nosotros. Les agradezco de coraz\u00f3n la presencia a Eduardo Aparicio, todo su equipo y Jorge Rodr\u00edguez. Esto surgi\u00f3 de la inquietud de los propios vecinos, que nos plantearon la necesidad, que despu\u00e9s encontr\u00f3 respuestas en la Provincia de Buenos Aires&#8221;, afirm\u00f3 el intendente Trankels.<br \/>\n&#8220;Contamos con el apoyo incondicional de los integrantes del Club H\u00edpico. Es muy bueno que esta idea haya surgido y fuera tomando forma con la colaboraci\u00f3n de todos ellos y el apoyo incondicional del gobernador Daniel Scioli. Esto fue posible gracias al trabajo en conjunto entre la Naci\u00f3n, la Provincia y el Municipio&#8221;, resalt\u00f3 y destac\u00f3 la colaboraci\u00f3n de la arquitecta Anabella Madue\u00f1a, los miembros del Ejecutivo, los concejales, los integrantes del \u00e1rea de Servicios Urbanos, los empleados municipales y los artistas que animaron la fiesta.<br \/>\nMientras las luces empezaban a generar admiraci\u00f3n entre los presentes, Paola Polinori emergi\u00f3 en la noche con su inconfundible voz, que fue acompa\u00f1ada por un impresionante show de fuegos artificiales.<br \/>\nEl cierre fue a puro rock, con la presencia del grupo La Morocha, que cerr\u00f3 el espect\u00e1culo con m\u00e1s fuegos artificiales.<br \/>\n<\/span><\/p>\n","protected":false},"excerpt":{"rendered":"<p>httpv:\/\/www.youtube.com\/watch?v=Cv0A4Wkfa6s httpv:\/\/www.youtube.com\/watch?v=vV8Y8KOWexQ Fue una verdadera fiesta. La inauguraci\u00f3n del Parque Lineal de Tornquist encerr\u00f3 innumerables atractivos y convoc\u00f3 a miles de vecinos que, adem\u00e1s de festejar el 102\u00b0 aniversario del cambio de nombre del partido, asistieron a la habilitaci\u00f3n de un espacio verde recuperado. Durante el transcurso de la jornada se observaron pasajes de felicidad, [&hellip;]<\/p>\n","protected":false},"author":1,"featured_media":0,"comment_status":"closed","ping_status":"open","sticky":false,"template":"","format":"standard","meta":{"footnotes":""},"categories":[51,52,53],"tags":[],"class_list":["post-8914","post","type-post","status-publish","format-standard","hentry","category-comunidad","category-destacadas","category-politica"],"yoast_head":"<!-- This site is optimized with the Yoast SEO plugin v19.7.1 - https:\/\/yoast.com\/wordpress\/plugins\/seo\/ -->\n<title>PARQUE LINEAL: MULTITUDINARIA CONVOCATORIA EN UNA JORNADA INOLVIDABLE - CELTTV<\/title>\n<meta name=\"description\" content=\"Sitio web de noticias de la localidad de Tornquist, provincia de Buenos Aires, Rep\u00fablica Argentina. Contenido propio originado por periodistas de CELTTV, el canal de TV local de la Cooperativa El\u00e9ctrica de Tornquist. Turismo, Pol\u00edtica, Sociedad, Deporte, Cultura y todo el contenido de inter\u00e9s general que la gente del pueblo y la regi\u00f3n debe conocer.\" \/>\n<meta name=\"robots\" content=\"index, follow, max-snippet:-1, max-image-preview:large, max-video-preview:-1\" \/>\n<link rel=\"canonical\" href=\"https:\/\/www.celttv.com.ar\/index.php\/2012\/11\/09\/parque-lineal-multitudinaria-convocatoria-en-una-jornada-inolvidable\/\" \/>\n<meta property=\"og:locale\" content=\"es_ES\" \/>\n<meta property=\"og:type\" content=\"article\" \/>\n<meta property=\"og:title\" content=\"PARQUE LINEAL: MULTITUDINARIA CONVOCATORIA EN UNA JORNADA INOLVIDABLE - CELTTV\" \/>\n<meta property=\"og:description\" content=\"Sitio web de noticias de la localidad de Tornquist, provincia de Buenos Aires, Rep\u00fablica Argentina. Contenido propio originado por periodistas de CELTTV, el canal de TV local de la Cooperativa El\u00e9ctrica de Tornquist. Turismo, Pol\u00edtica, Sociedad, Deporte, Cultura y todo el contenido de inter\u00e9s general que la gente del pueblo y la regi\u00f3n debe conocer.\" \/>\n<meta property=\"og:url\" content=\"https:\/\/www.celttv.com.ar\/index.php\/2012\/11\/09\/parque-lineal-multitudinaria-convocatoria-en-una-jornada-inolvidable\/\" \/>\n<meta property=\"og:site_name\" content=\"CELTTV\" \/>\n<meta property=\"article:publisher\" content=\"https:\/\/www.facebook.com\/celtTV\/\" \/>\n<meta property=\"article:published_time\" content=\"2012-11-09T00:18:27+00:00\" \/>\n<meta name=\"author\" content=\"ulises\" \/>\n<meta name=\"twitter:card\" content=\"summary_large_image\" \/>\n<meta name=\"twitter:label1\" content=\"Escrito por\" \/>\n\t<meta name=\"twitter:data1\" content=\"ulises\" \/>\n\t<meta name=\"twitter:label2\" content=\"Tiempo de lectura\" \/>\n\t<meta name=\"twitter:data2\" content=\"3 minutos\" \/>\n<script type=\"application\/ld+json\" class=\"yoast-schema-graph\">{\"@context\":\"https:\/\/schema.org\",\"@graph\":[{\"@type\":\"NewsArticle\",\"@id\":\"https:\/\/www.celttv.com.ar\/index.php\/2012\/11\/09\/parque-lineal-multitudinaria-convocatoria-en-una-jornada-inolvidable\/#article\",\"isPartOf\":{\"@id\":\"https:\/\/www.celttv.com.ar\/index.php\/2012\/11\/09\/parque-lineal-multitudinaria-convocatoria-en-una-jornada-inolvidable\/\"},\"author\":{\"name\":\"ulises\",\"@id\":\"https:\/\/www.celttv.com.ar\/#\/schema\/person\/6d99c072dba59953809c81446e9d0ace\"},\"headline\":\"PARQUE LINEAL: MULTITUDINARIA CONVOCATORIA EN UNA JORNADA INOLVIDABLE\",\"datePublished\":\"2012-11-09T00:18:27+00:00\",\"dateModified\":\"2012-11-09T00:18:27+00:00\",\"mainEntityOfPage\":{\"@id\":\"https:\/\/www.celttv.com.ar\/index.php\/2012\/11\/09\/parque-lineal-multitudinaria-convocatoria-en-una-jornada-inolvidable\/\"},\"wordCount\":692,\"publisher\":{\"@id\":\"https:\/\/www.celttv.com.ar\/#organization\"},\"articleSection\":[\"Comunidad\",\"Destacadas\",\"Pol\u00edtica\"],\"inLanguage\":\"es\"},{\"@type\":\"WebPage\",\"@id\":\"https:\/\/www.celttv.com.ar\/index.php\/2012\/11\/09\/parque-lineal-multitudinaria-convocatoria-en-una-jornada-inolvidable\/\",\"url\":\"https:\/\/www.celttv.com.ar\/index.php\/2012\/11\/09\/parque-lineal-multitudinaria-convocatoria-en-una-jornada-inolvidable\/\",\"name\":\"PARQUE LINEAL: MULTITUDINARIA CONVOCATORIA EN UNA JORNADA INOLVIDABLE - CELTTV\",\"isPartOf\":{\"@id\":\"https:\/\/www.celttv.com.ar\/#website\"},\"datePublished\":\"2012-11-09T00:18:27+00:00\",\"dateModified\":\"2012-11-09T00:18:27+00:00\",\"description\":\"Sitio web de noticias de la localidad de Tornquist, provincia de Buenos Aires, Rep\u00fablica Argentina. Contenido propio originado por periodistas de CELTTV, el canal de TV local de la Cooperativa El\u00e9ctrica de Tornquist. Turismo, Pol\u00edtica, Sociedad, Deporte, Cultura y todo el contenido de inter\u00e9s general que la gente del pueblo y la regi\u00f3n debe conocer.\",\"breadcrumb\":{\"@id\":\"https:\/\/www.celttv.com.ar\/index.php\/2012\/11\/09\/parque-lineal-multitudinaria-convocatoria-en-una-jornada-inolvidable\/#breadcrumb\"},\"inLanguage\":\"es\",\"potentialAction\":[{\"@type\":\"ReadAction\",\"target\":[\"https:\/\/www.celttv.com.ar\/index.php\/2012\/11\/09\/parque-lineal-multitudinaria-convocatoria-en-una-jornada-inolvidable\/\"]}]},{\"@type\":\"BreadcrumbList\",\"@id\":\"https:\/\/www.celttv.com.ar\/index.php\/2012\/11\/09\/parque-lineal-multitudinaria-convocatoria-en-una-jornada-inolvidable\/#breadcrumb\",\"itemListElement\":[{\"@type\":\"ListItem\",\"position\":1,\"name\":\"Inicio\",\"item\":\"https:\/\/www.celttv.com.ar\/\"},{\"@type\":\"ListItem\",\"position\":2,\"name\":\"PARQUE LINEAL: MULTITUDINARIA CONVOCATORIA EN UNA JORNADA INOLVIDABLE\"}]},{\"@type\":\"WebSite\",\"@id\":\"https:\/\/www.celttv.com.ar\/#website\",\"url\":\"https:\/\/www.celttv.com.ar\/\",\"name\":\"CELTTV\",\"description\":\"Cooperativa El\u00e9ctrica de Tornquist\",\"publisher\":{\"@id\":\"https:\/\/www.celttv.com.ar\/#organization\"},\"potentialAction\":[{\"@type\":\"SearchAction\",\"target\":{\"@type\":\"EntryPoint\",\"urlTemplate\":\"https:\/\/www.celttv.com.ar\/?s={search_term_string}\"},\"query-input\":\"required name=search_term_string\"}],\"inLanguage\":\"es\"},{\"@type\":\"Organization\",\"@id\":\"https:\/\/www.celttv.com.ar\/#organization\",\"name\":\"CELTTV\",\"url\":\"https:\/\/www.celttv.com.ar\/\",\"sameAs\":[\"https:\/\/www.youtube.com\/channel\/UCz_oIt8Hig64Ub-EmcNPIhg\",\"https:\/\/www.facebook.com\/celtTV\/\"],\"logo\":{\"@type\":\"ImageObject\",\"inLanguage\":\"es\",\"@id\":\"https:\/\/www.celttv.com.ar\/#\/schema\/logo\/image\/\",\"url\":\"http:\/\/www.celttv.com.ar\/wp-content\/uploads\/2022\/08\/logo-1.png\",\"contentUrl\":\"http:\/\/www.celttv.com.ar\/wp-content\/uploads\/2022\/08\/logo-1.png\",\"width\":461,\"height\":159,\"caption\":\"CELTTV\"},\"image\":{\"@id\":\"https:\/\/www.celttv.com.ar\/#\/schema\/logo\/image\/\"}},{\"@type\":\"Person\",\"@id\":\"https:\/\/www.celttv.com.ar\/#\/schema\/person\/6d99c072dba59953809c81446e9d0ace\",\"name\":\"ulises\",\"image\":{\"@type\":\"ImageObject\",\"inLanguage\":\"es\",\"@id\":\"https:\/\/www.celttv.com.ar\/#\/schema\/person\/image\/\",\"url\":\"https:\/\/secure.gravatar.com\/avatar\/7f2c48bdc33b30088f941fb6082e555f2874c98e20cb159d7b92b50eadfce793?s=96&d=mm&r=g\",\"contentUrl\":\"https:\/\/secure.gravatar.com\/avatar\/7f2c48bdc33b30088f941fb6082e555f2874c98e20cb159d7b92b50eadfce793?s=96&d=mm&r=g\",\"caption\":\"ulises\"},\"sameAs\":[\"http:\/\/www.celttv.com.ar\"]}]}<\/script>\n<!-- \/ Yoast SEO plugin. -->","yoast_head_json":{"title":"PARQUE LINEAL: MULTITUDINARIA CONVOCATORIA EN UNA JORNADA INOLVIDABLE - CELTTV","description":"Sitio web de noticias de la localidad de Tornquist, provincia de Buenos Aires, Rep\u00fablica Argentina. Contenido propio originado por periodistas de CELTTV, el canal de TV local de la Cooperativa El\u00e9ctrica de Tornquist. Turismo, Pol\u00edtica, Sociedad, Deporte, Cultura y todo el contenido de inter\u00e9s general que la gente del pueblo y la regi\u00f3n debe conocer.","robots":{"index":"index","follow":"follow","max-snippet":"max-snippet:-1","max-image-preview":"max-image-preview:large","max-video-preview":"max-video-preview:-1"},"canonical":"https:\/\/www.celttv.com.ar\/index.php\/2012\/11\/09\/parque-lineal-multitudinaria-convocatoria-en-una-jornada-inolvidable\/","og_locale":"es_ES","og_type":"article","og_title":"PARQUE LINEAL: MULTITUDINARIA CONVOCATORIA EN UNA JORNADA INOLVIDABLE - CELTTV","og_description":"Sitio web de noticias de la localidad de Tornquist, provincia de Buenos Aires, Rep\u00fablica Argentina. Contenido propio originado por periodistas de CELTTV, el canal de TV local de la Cooperativa El\u00e9ctrica de Tornquist. Turismo, Pol\u00edtica, Sociedad, Deporte, Cultura y todo el contenido de inter\u00e9s general que la gente del pueblo y la regi\u00f3n debe conocer.","og_url":"https:\/\/www.celttv.com.ar\/index.php\/2012\/11\/09\/parque-lineal-multitudinaria-convocatoria-en-una-jornada-inolvidable\/","og_site_name":"CELTTV","article_publisher":"https:\/\/www.facebook.com\/celtTV\/","article_published_time":"2012-11-09T00:18:27+00:00","author":"ulises","twitter_card":"summary_large_image","twitter_misc":{"Escrito por":"ulises","Tiempo de lectura":"3 minutos"},"schema":{"@context":"https:\/\/schema.org","@graph":[{"@type":"NewsArticle","@id":"https:\/\/www.celttv.com.ar\/index.php\/2012\/11\/09\/parque-lineal-multitudinaria-convocatoria-en-una-jornada-inolvidable\/#article","isPartOf":{"@id":"https:\/\/www.celttv.com.ar\/index.php\/2012\/11\/09\/parque-lineal-multitudinaria-convocatoria-en-una-jornada-inolvidable\/"},"author":{"name":"ulises","@id":"https:\/\/www.celttv.com.ar\/#\/schema\/person\/6d99c072dba59953809c81446e9d0ace"},"headline":"PARQUE LINEAL: MULTITUDINARIA CONVOCATORIA EN UNA JORNADA INOLVIDABLE","datePublished":"2012-11-09T00:18:27+00:00","dateModified":"2012-11-09T00:18:27+00:00","mainEntityOfPage":{"@id":"https:\/\/www.celttv.com.ar\/index.php\/2012\/11\/09\/parque-lineal-multitudinaria-convocatoria-en-una-jornada-inolvidable\/"},"wordCount":692,"publisher":{"@id":"https:\/\/www.celttv.com.ar\/#organization"},"articleSection":["Comunidad","Destacadas","Pol\u00edtica"],"inLanguage":"es"},{"@type":"WebPage","@id":"https:\/\/www.celttv.com.ar\/index.php\/2012\/11\/09\/parque-lineal-multitudinaria-convocatoria-en-una-jornada-inolvidable\/","url":"https:\/\/www.celttv.com.ar\/index.php\/2012\/11\/09\/parque-lineal-multitudinaria-convocatoria-en-una-jornada-inolvidable\/","name":"PARQUE LINEAL: MULTITUDINARIA CONVOCATORIA EN UNA JORNADA INOLVIDABLE - CELTTV","isPartOf":{"@id":"https:\/\/www.celttv.com.ar\/#website"},"datePublished":"2012-11-09T00:18:27+00:00","dateModified":"2012-11-09T00:18:27+00:00","description":"Sitio web de noticias de la localidad de Tornquist, provincia de Buenos Aires, Rep\u00fablica Argentina. Contenido propio originado por periodistas de CELTTV, el canal de TV local de la Cooperativa El\u00e9ctrica de Tornquist. Turismo, Pol\u00edtica, Sociedad, Deporte, Cultura y todo el contenido de inter\u00e9s general que la gente del pueblo y la regi\u00f3n debe conocer.","breadcrumb":{"@id":"https:\/\/www.celttv.com.ar\/index.php\/2012\/11\/09\/parque-lineal-multitudinaria-convocatoria-en-una-jornada-inolvidable\/#breadcrumb"},"inLanguage":"es","potentialAction":[{"@type":"ReadAction","target":["https:\/\/www.celttv.com.ar\/index.php\/2012\/11\/09\/parque-lineal-multitudinaria-convocatoria-en-una-jornada-inolvidable\/"]}]},{"@type":"BreadcrumbList","@id":"https:\/\/www.celttv.com.ar\/index.php\/2012\/11\/09\/parque-lineal-multitudinaria-convocatoria-en-una-jornada-inolvidable\/#breadcrumb","itemListElement":[{"@type":"ListItem","position":1,"name":"Inicio","item":"https:\/\/www.celttv.com.ar\/"},{"@type":"ListItem","position":2,"name":"PARQUE LINEAL: MULTITUDINARIA CONVOCATORIA EN UNA JORNADA INOLVIDABLE"}]},{"@type":"WebSite","@id":"https:\/\/www.celttv.com.ar\/#website","url":"https:\/\/www.celttv.com.ar\/","name":"CELTTV","description":"Cooperativa El\u00e9ctrica de Tornquist","publisher":{"@id":"https:\/\/www.celttv.com.ar\/#organization"},"potentialAction":[{"@type":"SearchAction","target":{"@type":"EntryPoint","urlTemplate":"https:\/\/www.celttv.com.ar\/?s={search_term_string}"},"query-input":"required name=search_term_string"}],"inLanguage":"es"},{"@type":"Organization","@id":"https:\/\/www.celttv.com.ar\/#organization","name":"CELTTV","url":"https:\/\/www.celttv.com.ar\/","sameAs":["https:\/\/www.youtube.com\/channel\/UCz_oIt8Hig64Ub-EmcNPIhg","https:\/\/www.facebook.com\/celtTV\/"],"logo":{"@type":"ImageObject","inLanguage":"es","@id":"https:\/\/www.celttv.com.ar\/#\/schema\/logo\/image\/","url":"http:\/\/www.celttv.com.ar\/wp-content\/uploads\/2022\/08\/logo-1.png","contentUrl":"http:\/\/www.celttv.com.ar\/wp-content\/uploads\/2022\/08\/logo-1.png","width":461,"height":159,"caption":"CELTTV"},"image":{"@id":"https:\/\/www.celttv.com.ar\/#\/schema\/logo\/image\/"}},{"@type":"Person","@id":"https:\/\/www.celttv.com.ar\/#\/schema\/person\/6d99c072dba59953809c81446e9d0ace","name":"ulises","image":{"@type":"ImageObject","inLanguage":"es","@id":"https:\/\/www.celttv.com.ar\/#\/schema\/person\/image\/","url":"https:\/\/secure.gravatar.com\/avatar\/7f2c48bdc33b30088f941fb6082e555f2874c98e20cb159d7b92b50eadfce793?s=96&d=mm&r=g","contentUrl":"https:\/\/secure.gravatar.com\/avatar\/7f2c48bdc33b30088f941fb6082e555f2874c98e20cb159d7b92b50eadfce793?s=96&d=mm&r=g","caption":"ulises"},"sameAs":["http:\/\/www.celttv.com.ar"]}]}},"_links":{"self":[{"href":"https:\/\/www.celttv.com.ar\/index.php\/wp-json\/wp\/v2\/posts\/8914","targetHints":{"allow":["GET"]}}],"collection":[{"href":"https:\/\/www.celttv.com.ar\/index.php\/wp-json\/wp\/v2\/posts"}],"about":[{"href":"https:\/\/www.celttv.com.ar\/index.php\/wp-json\/wp\/v2\/types\/post"}],"author":[{"embeddable":true,"href":"https:\/\/www.celttv.com.ar\/index.php\/wp-json\/wp\/v2\/users\/1"}],"replies":[{"embeddable":true,"href":"https:\/\/www.celttv.com.ar\/index.php\/wp-json\/wp\/v2\/comments?post=8914"}],"version-history":[{"count":0,"href":"https:\/\/www.celttv.com.ar\/index.php\/wp-json\/wp\/v2\/posts\/8914\/revisions"}],"wp:attachment":[{"href":"https:\/\/www.celttv.com.ar\/index.php\/wp-json\/wp\/v2\/media?parent=8914"}],"wp:term":[{"taxonomy":"category","embeddable":true,"href":"https:\/\/www.celttv.com.ar\/index.php\/wp-json\/wp\/v2\/categories?post=8914"},{"taxonomy":"post_tag","embeddable":true,"href":"https:\/\/www.celttv.com.ar\/index.php\/wp-json\/wp\/v2\/tags?post=8914"}],"curies":[{"name":"wp","href":"https:\/\/api.w.org\/{rel}","templated":true}]}}