{"id":89234,"date":"2025-08-01T11:03:10","date_gmt":"2025-08-01T14:03:10","guid":{"rendered":"https:\/\/www.celttv.com.ar\/?p=89234"},"modified":"2025-08-01T11:03:10","modified_gmt":"2025-08-01T14:03:10","slug":"la-celt-instalo-dos-totems-de-conectividad-en-villa-ventana-fotos-y-videos","status":"publish","type":"post","link":"https:\/\/www.celttv.com.ar\/index.php\/2025\/08\/01\/la-celt-instalo-dos-totems-de-conectividad-en-villa-ventana-fotos-y-videos\/","title":{"rendered":"La CELT instal\u00f3 dos t\u00f3tems de conectividad en Villa Ventana (fotos y videos)"},"content":{"rendered":"<p>Con el objetivo de mejorar el acceso a la conectividad en una de las localidades m\u00e1s visitadas del distrito, la Cooperativa El\u00e9ctrica de Tornquist (CELT) instal\u00f3 dos t\u00f3tems tecnol\u00f3gicos en Villa Ventana.<br \/>\nLa instalaci\u00f3n de ambos dispositivos forman parte de la planificaci\u00f3n que lleva adelante la gerencia de la CELT., teniendo en cuenta el crecimiento sostenido del turismo dentro del \u00e1rea de concesi\u00f3n de la Cooperativa El\u00e9ctrica de Tornquist. y, por otro lado, la mejora cont\u00ednua del servicio.<br \/>\nLos dispositivos dise\u00f1ados por la CELT. ofrecen acceso libre a Wi-Fi y puntos de recarga modernos y en puntos estrat\u00e9gicos, respondiendo as\u00ed a una de las demandas m\u00e1s recurrentes tanto de residentes como de turistas.<br \/>\nLos nuevos puntos de conectividad est\u00e1n ubicados en zonas estrat\u00e9gicas de la villa: uno en la c\u00e9ntrica plaza Salerno y otro en el mirador serrano situado en la intersecci\u00f3n de las calles Pillahuinco y Curamalal.<br \/>\nAsimismo desde la gerencia de la CELT. confirmaron la instalaci\u00f3n de sistemas similares en distintos puntos estrat\u00e9gicos de la Plaza Ernesto Tornquist, continuando en Villa Serrana La Gruta y est\u00e1 en proyecto la instalaci\u00f3n del mismo sistema en San Andres de la Sierra.<br \/>\nLa iniciativa apunta a fortalecer la infraestructura digital en la comarca tur\u00edstica, donde la conexi\u00f3n a internet contin\u00faa siendo un desaf\u00edo, especialmente en \u00e1reas de alta concurrencia como los citados.<\/p>\n<p>&nbsp;<\/p>\n<p>Ignacio Bucchi, Presidente de la CELT.<\/p>\n<p><strong>Impulsar puntos de conectividad y carga para turistas y vecinos en Villa Ventana y Tornquist<\/strong><\/p>\n<p>Desde la Cooperativa El\u00e9ctrica de Tornquist se avanza en la instalaci\u00f3n de t\u00f3tems de conectividad en distintos puntos estrat\u00e9gicos del distrito, con el objetivo de brindar un servicio que beneficie tanto al turismo como a la comunidad local.<\/p>\n<p>Lo que se habl\u00f3 en la cooperativa es que, a medida que nos vayamos organizando, podamos comenzar a prestar servicios a la comunidad. Apoyar al turismo es una de las cuestiones m\u00e1s importantes. Como habl\u00e1bamos reci\u00e9n con el delegado, que la gente venga y encuentre puestos de conectividad y carga sin dudas ayuda al desarrollo tur\u00edstico. A eso debemos apuntar.<\/p>\n<p>En esa l\u00ednea, se detall\u00f3 que la cooperativa est\u00e1 comenzando a comprender que es fundamental colaborar y acompa\u00f1ar el crecimiento de la actividad tur\u00edstica. &#8220;Nosotros estamos para eso&#8221;, expres\u00f3 el titular de la entidad cooperativa.<\/p>\n<p><strong>Tres puntos clave en Villa Ventana y m\u00e1s en Tornquist<\/strong><\/p>\n<p>Los planes de instalaci\u00f3n no se limitan a un solo lugar. En Villa Ventana, se prev\u00e9n tres puntos de conectividad: uno en la zona c\u00e9ntrica, otro en el mirador del Cerro Ventana y un tercero en el balneario. En Tornquist, en tanto, est\u00e1 proyectada la colocaci\u00f3n de tres t\u00f3tems en la plaza central, adem\u00e1s de otros dos en plazas del sector sur y norte.<\/p>\n<p><strong>\u00bfC\u00f3mo funcionan los t\u00f3tems?<\/strong><\/p>\n<p>Los dispositivos estar\u00e1n equipados con conexi\u00f3n Wi-Fi libre y puertos de carga para distintos tipos de celulares, incluidos iPhone y USB. Los t\u00f3tems ofrecer\u00e1n una buena capacidad de megas y la red estar\u00e1 abierta. Los usuarios podr\u00e1n conectarse durante 15 minutos; pasado ese tiempo, el sistema los desconecta autom\u00e1ticamente para garantizar rotaci\u00f3n y acceso para todos.<\/p>\n<p>Se podr\u00e1 volver a ingresar tras ese per\u00edodo, pero no est\u00e1n dise\u00f1ados para un uso intensivo, como mirar videos en alta definici\u00f3n o trabajar de forma continua. La idea es que todos puedan tener comunicaci\u00f3n b\u00e1sica, como usar WhatsApp o consultar informaci\u00f3n, sin saturar el ancho de banda.<\/p>\n<p>Tambi\u00e9n se remarc\u00f3 que se trata de un servicio pensado para los turistas, pero tambi\u00e9n para los vecinos que, por ejemplo, se acercan a la plaza. Tener conexi\u00f3n y un punto de carga es fundamental hoy en d\u00eda. &#8220;Llegar a un lugar sin bater\u00eda puede ser un gran problema, y esto viene a dar una soluci\u00f3n concreta&#8221; subray\u00f3 Ignacio Bucchi.<\/p>\n<p><strong>Un salto de calidad en los servicios<\/strong><\/p>\n<p>M\u00e1s que un salto de calidad, es un salto de servicio. Y para eso est\u00e1 la cooperativa, para prestar servicios a la comunidad. Se adelant\u00f3 que hay varios proyectos en marcha. Este es uno de los primeros. Estamos trabajando en esa direcci\u00f3n. concluy\u00f3<\/p>\n<p>&nbsp;<\/p>\n<p><strong>Bernardo Chiuca &#8211; Delegado Municipal<\/strong><\/p>\n<p><strong>Es fundamental contar con estos servicios en Villa Ventana<\/strong><\/p>\n<p>El delegado de Villa Ventana se mostr\u00f3 satisfecho por la reciente instalaci\u00f3n de puntos de conectividad en espacios p\u00fablicos estrat\u00e9gicos de la localidad, destacando su importancia tanto para vecinos como para turistas.<\/p>\n<p>\u201cHoy en d\u00eda es elemental contar con este tipo de servicios, sobre todo en lugares como la plaza o en zonas tur\u00edsticas. Estoy muy contento porque, m\u00e1s all\u00e1 de lo simb\u00f3lico, representa un avance concreto\u201d, se\u00f1al\u00f3.<\/p>\n<p>Record\u00f3 un hecho puntual ocurrido durante la \u00faltima nevada:<br \/>\n\u201cUn d\u00eda antes de la nevada fuerte, aparecieron unos chicos \u2014turistas\u2014 con el auto averiado, sin acceso a internet ni posibilidad de cargar sus celulares. Pasaron casi toda la noche a la intemperie, dentro del veh\u00edculo. En ese momento, contar con un punto de conectividad hubiese sido fundamental\u201d.<\/p>\n<p>En ese sentido, subray\u00f3 que la tecnolog\u00eda hoy atraviesa todos los aspectos de la vida cotidiana y tur\u00edstica:<br \/>\n\u201cTodo est\u00e1 tecnificado. La publicidad, los servicios, la comunicaci\u00f3n&#8230; Tener conectividad en estos espacios es un salto importante\u201d.<\/p>\n<p>Adem\u00e1s, remarc\u00f3 el compromiso de la Cooperativa El\u00e9ctrica en seguir fortaleciendo su rol comunitario:<br \/>\n\u201cNo se trata solo de energ\u00eda, sino de conectividad y de servicios que acompa\u00f1en el crecimiento. La cooperativa continuar\u00e1 en esa l\u00ednea. Eso tambi\u00e9n nos obliga a mejorar los espacios p\u00fablicos, para que la inversi\u00f3n sea constante\u201d.<\/p>\n<p>El delegado valor\u00f3 el trabajo conjunto entre distintas instituciones:<br \/>\n\u201cEs importante que todo esto vaya de la mano: la cooperativa, que representa a la comunidad, y el gobierno local. Hay un trabajo articulado que ya empieza a dar frutos. Desde mejorar las redes internas de fibra \u00f3ptica hasta el alumbrado y el arbolado urbano, todo forma parte de un mismo engranaje\u201d.<\/p>\n<p>Finalmente, reconoci\u00f3 que Villa Ventana est\u00e1 atravesando una nueva etapa:<br \/>\n\u201cEst\u00e1bamos algo dormidos en lo tur\u00edstico, pero est\u00e1 surgiendo un nuevo inter\u00e9s. Hay ideas, hay acci\u00f3n, y eso se celebra. Personalmente, estoy feliz de poder trabajar para los vecinos. A\u00fan no llevo un a\u00f1o en funciones, pero cada paso que damos es una alegr\u00eda\u201d. concluy\u00f3 Chiuca<\/p>\n<p>&nbsp;<\/p>\n<p>Roberto Elizari &#8211; Integrante del Consejo de Administraci\u00f3n de la CELT.<\/p>\n<p><strong>Los vecinos de Villa Ventana destacan mejoras en conectividad y servicios<\/strong><\/p>\n<p>Los representantes de Villa Ventana comentaron sobre la evoluci\u00f3n de los servicios en la localidad, haciendo especial \u00e9nfasis en la mejora de la red el\u00e9ctrica y la conectividad, aspectos fundamentales para los vecinos y el turismo. Roberto Elizari &#8211; Integrante del Consejo de Administraci\u00f3n de la CELT.<\/p>\n<p>\u201cSi bien no tenemos un contacto muy fluido con la comunidad, escuchamos los comentarios de la gente, tanto positivos como negativos. Desde que vivo en Villa Ventana, hace ya 15 a\u00f1os, he notado un cambio significativo, especialmente en el servicio el\u00e9ctrico\u201d, se\u00f1al\u00f3<\/p>\n<p>Agreg\u00f3 que antes era frecuente experimentar cortes de luz, situaci\u00f3n que se ha mejorado notablemente, casi eliminando las interrupciones. \u201cLa gente ya no se queja tanto como antes\u201d, afirm\u00f3.<\/p>\n<p>En cuanto a la conectividad, destac\u00f3 la reciente instalaci\u00f3n de fibra \u00f3ptica como un avance que ha generado tranquilidad en muchos vecinos, sobre todo en quienes se han mudado a la villa y necesitan una buena conexi\u00f3n para trabajar.<\/p>\n<p>\u201cAdem\u00e1s, tenemos que aprovechar este servicio desde el punto de vista tur\u00edstico. Yo tengo un peque\u00f1o complejo de caba\u00f1as y lo primero que los visitantes piden es wifi. Es fundamental, especialmente para las familias con j\u00f3venes\u201d, explic\u00f3.<\/p>\n<p>Subray\u00f3 que muchos turistas vienen a descansar y tambi\u00e9n a trabajar, y que antes sol\u00edan sufrir cortes frecuentes en la conectividad, problema que ahora se ha resuelto con la fibra \u00f3ptica.<\/p>\n<p>Respecto a las obras en curso, como la instalaci\u00f3n de t\u00f3tems de conectividad en la plaza, el mirador y otros puntos que se sumar\u00e1n, consider\u00f3 que son iniciativas muy importantes para el desarrollo local.<\/p>\n<p>Por \u00faltimo, destac\u00f3 el rol federal que se le ha dado al Consejo de Administraci\u00f3n de la cooperativa, con representantes en cada localidad.<br \/>\n\u201cEsto es muy importante porque, aunque la gente no siempre est\u00e9 informada de que tiene un representante, de alguna manera pueden manifestar sus inquietudes. Para nosotros, eso es fundamental para tener un diagn\u00f3stico real de la comunidad\u201d, concluy\u00f3 Elizari.<\/p>\n<p><iframe loading=\"lazy\" title=\"2025-07-31 IGNACIO BUCCHI   DOS TOTEM EN VILLA VENTANA\" width=\"500\" height=\"281\" src=\"https:\/\/www.youtube.com\/embed\/RvR2gIMefSc?feature=oembed\" frameborder=\"0\" allow=\"accelerometer; autoplay; clipboard-write; encrypted-media; gyroscope; picture-in-picture; web-share\" referrerpolicy=\"strict-origin-when-cross-origin\" allowfullscreen><\/iframe><\/p>\n<p><iframe loading=\"lazy\" title=\"2025-07-31 BERNARDO CHIUCA - DELEGADO DE VILLA VENTANA\" width=\"500\" height=\"281\" src=\"https:\/\/www.youtube.com\/embed\/Bsn6Ek-XOYg?feature=oembed\" frameborder=\"0\" allow=\"accelerometer; autoplay; clipboard-write; encrypted-media; gyroscope; picture-in-picture; web-share\" referrerpolicy=\"strict-origin-when-cross-origin\" allowfullscreen><\/iframe><\/p>\n<p><iframe loading=\"lazy\" title=\"2025-07-31 ROBERTO ELIZARI - CONSEJERO DE LA CELT\" width=\"500\" height=\"281\" src=\"https:\/\/www.youtube.com\/embed\/XNLFSaSH-WI?feature=oembed\" frameborder=\"0\" allow=\"accelerometer; autoplay; clipboard-write; encrypted-media; gyroscope; picture-in-picture; web-share\" referrerpolicy=\"strict-origin-when-cross-origin\" allowfullscreen><\/iframe><\/p>\n<p><img loading=\"lazy\" decoding=\"async\" class=\"alignnone wp-image-89237 size-large\" src=\"https:\/\/www.celttv.com.ar\/wp-content\/uploads\/2025\/08\/IMG_2862-Medium-683x1024.jpg\" alt=\"\" width=\"683\" height=\"1024\" srcset=\"https:\/\/www.celttv.com.ar\/wp-content\/uploads\/2025\/08\/IMG_2862-Medium-683x1024.jpg 683w, https:\/\/www.celttv.com.ar\/wp-content\/uploads\/2025\/08\/IMG_2862-Medium-200x300.jpg 200w, https:\/\/www.celttv.com.ar\/wp-content\/uploads\/2025\/08\/IMG_2862-Medium-750x1125.jpg 750w, https:\/\/www.celttv.com.ar\/wp-content\/uploads\/2025\/08\/IMG_2862-Medium.jpg 768w\" sizes=\"auto, (max-width: 683px) 100vw, 683px\" \/> <img loading=\"lazy\" decoding=\"async\" class=\"alignnone wp-image-89238 size-large\" src=\"https:\/\/www.celttv.com.ar\/wp-content\/uploads\/2025\/08\/IMG_2863-Medium-1024x683.jpg\" alt=\"\" width=\"1024\" height=\"683\" srcset=\"https:\/\/www.celttv.com.ar\/wp-content\/uploads\/2025\/08\/IMG_2863-Medium-1024x683.jpg 1024w, https:\/\/www.celttv.com.ar\/wp-content\/uploads\/2025\/08\/IMG_2863-Medium-300x200.jpg 300w, https:\/\/www.celttv.com.ar\/wp-content\/uploads\/2025\/08\/IMG_2863-Medium-768x512.jpg 768w, https:\/\/www.celttv.com.ar\/wp-content\/uploads\/2025\/08\/IMG_2863-Medium-750x500.jpg 750w, https:\/\/www.celttv.com.ar\/wp-content\/uploads\/2025\/08\/IMG_2863-Medium-1140x760.jpg 1140w, https:\/\/www.celttv.com.ar\/wp-content\/uploads\/2025\/08\/IMG_2863-Medium.jpg 1152w\" sizes=\"auto, (max-width: 1024px) 100vw, 1024px\" \/> <img loading=\"lazy\" decoding=\"async\" class=\"alignnone wp-image-89239 size-large\" src=\"https:\/\/www.celttv.com.ar\/wp-content\/uploads\/2025\/08\/IMG_2864-Medium-1024x683.jpg\" alt=\"\" width=\"1024\" height=\"683\" srcset=\"https:\/\/www.celttv.com.ar\/wp-content\/uploads\/2025\/08\/IMG_2864-Medium-1024x683.jpg 1024w, https:\/\/www.celttv.com.ar\/wp-content\/uploads\/2025\/08\/IMG_2864-Medium-300x200.jpg 300w, https:\/\/www.celttv.com.ar\/wp-content\/uploads\/2025\/08\/IMG_2864-Medium-768x512.jpg 768w, https:\/\/www.celttv.com.ar\/wp-content\/uploads\/2025\/08\/IMG_2864-Medium-750x500.jpg 750w, https:\/\/www.celttv.com.ar\/wp-content\/uploads\/2025\/08\/IMG_2864-Medium-1140x760.jpg 1140w, https:\/\/www.celttv.com.ar\/wp-content\/uploads\/2025\/08\/IMG_2864-Medium.jpg 1152w\" sizes=\"auto, (max-width: 1024px) 100vw, 1024px\" \/> <img loading=\"lazy\" decoding=\"async\" class=\"alignnone wp-image-89242 size-large\" src=\"https:\/\/www.celttv.com.ar\/wp-content\/uploads\/2025\/08\/IMG_2867-Medium-1024x683.jpg\" alt=\"\" width=\"1024\" height=\"683\" srcset=\"https:\/\/www.celttv.com.ar\/wp-content\/uploads\/2025\/08\/IMG_2867-Medium-1024x683.jpg 1024w, https:\/\/www.celttv.com.ar\/wp-content\/uploads\/2025\/08\/IMG_2867-Medium-300x200.jpg 300w, https:\/\/www.celttv.com.ar\/wp-content\/uploads\/2025\/08\/IMG_2867-Medium-768x512.jpg 768w, https:\/\/www.celttv.com.ar\/wp-content\/uploads\/2025\/08\/IMG_2867-Medium-750x500.jpg 750w, https:\/\/www.celttv.com.ar\/wp-content\/uploads\/2025\/08\/IMG_2867-Medium-1140x760.jpg 1140w, https:\/\/www.celttv.com.ar\/wp-content\/uploads\/2025\/08\/IMG_2867-Medium.jpg 1152w\" sizes=\"auto, (max-width: 1024px) 100vw, 1024px\" \/> <img loading=\"lazy\" decoding=\"async\" class=\"alignnone wp-image-89244 size-large\" src=\"https:\/\/www.celttv.com.ar\/wp-content\/uploads\/2025\/08\/IMG_2869-Medium-1024x683.jpg\" alt=\"\" width=\"1024\" height=\"683\" srcset=\"https:\/\/www.celttv.com.ar\/wp-content\/uploads\/2025\/08\/IMG_2869-Medium-1024x683.jpg 1024w, https:\/\/www.celttv.com.ar\/wp-content\/uploads\/2025\/08\/IMG_2869-Medium-300x200.jpg 300w, https:\/\/www.celttv.com.ar\/wp-content\/uploads\/2025\/08\/IMG_2869-Medium-768x512.jpg 768w, https:\/\/www.celttv.com.ar\/wp-content\/uploads\/2025\/08\/IMG_2869-Medium-750x500.jpg 750w, https:\/\/www.celttv.com.ar\/wp-content\/uploads\/2025\/08\/IMG_2869-Medium-1140x760.jpg 1140w, https:\/\/www.celttv.com.ar\/wp-content\/uploads\/2025\/08\/IMG_2869-Medium.jpg 1152w\" sizes=\"auto, (max-width: 1024px) 100vw, 1024px\" \/><\/p>\n","protected":false},"excerpt":{"rendered":"<p>Con el objetivo de mejorar el acceso a la conectividad en una de las localidades m\u00e1s visitadas del distrito, la Cooperativa El\u00e9ctrica de Tornquist (CELT) instal\u00f3 dos t\u00f3tems tecnol\u00f3gicos en Villa Ventana. La instalaci\u00f3n de ambos dispositivos forman parte de la planificaci\u00f3n que lleva adelante la gerencia de la CELT., teniendo en cuenta el crecimiento [&hellip;]<\/p>\n","protected":false},"author":5,"featured_media":89238,"comment_status":"closed","ping_status":"closed","sticky":false,"template":"","format":"standard","meta":{"footnotes":""},"categories":[55,1],"tags":[],"class_list":["post-89234","post","type-post","status-publish","format-standard","has-post-thumbnail","hentry","category-celt-tv-noticias","category-sin-categoria"],"yoast_head":"<!-- This site is optimized with the Yoast SEO plugin v19.7.1 - https:\/\/yoast.com\/wordpress\/plugins\/seo\/ -->\n<title>La CELT instal\u00f3 dos t\u00f3tems de conectividad en Villa Ventana (fotos y videos) - CELTTV<\/title>\n<meta name=\"description\" content=\"Sitio web de noticias de la localidad de Tornquist, provincia de Buenos Aires, Rep\u00fablica Argentina. Contenido propio originado por periodistas de CELTTV, el canal de TV local de la Cooperativa El\u00e9ctrica de Tornquist. Turismo, Pol\u00edtica, Sociedad, Deporte, Cultura y todo el contenido de inter\u00e9s general que la gente del pueblo y la regi\u00f3n debe conocer.\" \/>\n<meta name=\"robots\" content=\"index, follow, max-snippet:-1, max-image-preview:large, max-video-preview:-1\" \/>\n<link rel=\"canonical\" href=\"https:\/\/www.celttv.com.ar\/index.php\/2025\/08\/01\/la-celt-instalo-dos-totems-de-conectividad-en-villa-ventana-fotos-y-videos\/\" \/>\n<meta property=\"og:locale\" content=\"es_ES\" \/>\n<meta property=\"og:type\" content=\"article\" \/>\n<meta property=\"og:title\" content=\"La CELT instal\u00f3 dos t\u00f3tems de conectividad en Villa Ventana (fotos y videos) - CELTTV\" \/>\n<meta property=\"og:description\" content=\"Sitio web de noticias de la localidad de Tornquist, provincia de Buenos Aires, Rep\u00fablica Argentina. Contenido propio originado por periodistas de CELTTV, el canal de TV local de la Cooperativa El\u00e9ctrica de Tornquist. Turismo, Pol\u00edtica, Sociedad, Deporte, Cultura y todo el contenido de inter\u00e9s general que la gente del pueblo y la regi\u00f3n debe conocer.\" \/>\n<meta property=\"og:url\" content=\"https:\/\/www.celttv.com.ar\/index.php\/2025\/08\/01\/la-celt-instalo-dos-totems-de-conectividad-en-villa-ventana-fotos-y-videos\/\" \/>\n<meta property=\"og:site_name\" content=\"CELTTV\" \/>\n<meta property=\"article:publisher\" content=\"https:\/\/www.facebook.com\/celtTV\/\" \/>\n<meta property=\"article:published_time\" content=\"2025-08-01T14:03:10+00:00\" \/>\n<meta property=\"og:image\" content=\"https:\/\/www.celttv.com.ar\/wp-content\/uploads\/2025\/08\/IMG_2863-Medium.jpg\" \/>\n\t<meta property=\"og:image:width\" content=\"1152\" \/>\n\t<meta property=\"og:image:height\" content=\"768\" \/>\n\t<meta property=\"og:image:type\" content=\"image\/jpeg\" \/>\n<meta name=\"author\" content=\"Miguel Herrada\" \/>\n<meta name=\"twitter:card\" content=\"summary_large_image\" \/>\n<meta name=\"twitter:label1\" content=\"Escrito por\" \/>\n\t<meta name=\"twitter:data1\" content=\"Miguel Herrada\" \/>\n\t<meta name=\"twitter:label2\" content=\"Tiempo de lectura\" \/>\n\t<meta name=\"twitter:data2\" content=\"7 minutos\" \/>\n<script type=\"application\/ld+json\" class=\"yoast-schema-graph\">{\"@context\":\"https:\/\/schema.org\",\"@graph\":[{\"@type\":\"NewsArticle\",\"@id\":\"https:\/\/www.celttv.com.ar\/index.php\/2025\/08\/01\/la-celt-instalo-dos-totems-de-conectividad-en-villa-ventana-fotos-y-videos\/#article\",\"isPartOf\":{\"@id\":\"https:\/\/www.celttv.com.ar\/index.php\/2025\/08\/01\/la-celt-instalo-dos-totems-de-conectividad-en-villa-ventana-fotos-y-videos\/\"},\"author\":{\"name\":\"Miguel Herrada\",\"@id\":\"https:\/\/www.celttv.com.ar\/#\/schema\/person\/9059dc91dc7204ef4182cdb65225f07d\"},\"headline\":\"La CELT instal\u00f3 dos t\u00f3tems de conectividad en Villa Ventana (fotos y videos)\",\"datePublished\":\"2025-08-01T14:03:10+00:00\",\"dateModified\":\"2025-08-01T14:03:10+00:00\",\"mainEntityOfPage\":{\"@id\":\"https:\/\/www.celttv.com.ar\/index.php\/2025\/08\/01\/la-celt-instalo-dos-totems-de-conectividad-en-villa-ventana-fotos-y-videos\/\"},\"wordCount\":1497,\"publisher\":{\"@id\":\"https:\/\/www.celttv.com.ar\/#organization\"},\"articleSection\":[\"Celt TV Noticias\"],\"inLanguage\":\"es\"},{\"@type\":\"WebPage\",\"@id\":\"https:\/\/www.celttv.com.ar\/index.php\/2025\/08\/01\/la-celt-instalo-dos-totems-de-conectividad-en-villa-ventana-fotos-y-videos\/\",\"url\":\"https:\/\/www.celttv.com.ar\/index.php\/2025\/08\/01\/la-celt-instalo-dos-totems-de-conectividad-en-villa-ventana-fotos-y-videos\/\",\"name\":\"La CELT instal\u00f3 dos t\u00f3tems de conectividad en Villa Ventana (fotos y videos) - CELTTV\",\"isPartOf\":{\"@id\":\"https:\/\/www.celttv.com.ar\/#website\"},\"datePublished\":\"2025-08-01T14:03:10+00:00\",\"dateModified\":\"2025-08-01T14:03:10+00:00\",\"description\":\"Sitio web de noticias de la localidad de Tornquist, provincia de Buenos Aires, Rep\u00fablica Argentina. Contenido propio originado por periodistas de CELTTV, el canal de TV local de la Cooperativa El\u00e9ctrica de Tornquist. Turismo, Pol\u00edtica, Sociedad, Deporte, Cultura y todo el contenido de inter\u00e9s general que la gente del pueblo y la regi\u00f3n debe conocer.\",\"breadcrumb\":{\"@id\":\"https:\/\/www.celttv.com.ar\/index.php\/2025\/08\/01\/la-celt-instalo-dos-totems-de-conectividad-en-villa-ventana-fotos-y-videos\/#breadcrumb\"},\"inLanguage\":\"es\",\"potentialAction\":[{\"@type\":\"ReadAction\",\"target\":[\"https:\/\/www.celttv.com.ar\/index.php\/2025\/08\/01\/la-celt-instalo-dos-totems-de-conectividad-en-villa-ventana-fotos-y-videos\/\"]}]},{\"@type\":\"BreadcrumbList\",\"@id\":\"https:\/\/www.celttv.com.ar\/index.php\/2025\/08\/01\/la-celt-instalo-dos-totems-de-conectividad-en-villa-ventana-fotos-y-videos\/#breadcrumb\",\"itemListElement\":[{\"@type\":\"ListItem\",\"position\":1,\"name\":\"Inicio\",\"item\":\"https:\/\/www.celttv.com.ar\/\"},{\"@type\":\"ListItem\",\"position\":2,\"name\":\"La CELT instal\u00f3 dos t\u00f3tems de conectividad en Villa Ventana (fotos y videos)\"}]},{\"@type\":\"WebSite\",\"@id\":\"https:\/\/www.celttv.com.ar\/#website\",\"url\":\"https:\/\/www.celttv.com.ar\/\",\"name\":\"CELTTV\",\"description\":\"Cooperativa El\u00e9ctrica de Tornquist\",\"publisher\":{\"@id\":\"https:\/\/www.celttv.com.ar\/#organization\"},\"potentialAction\":[{\"@type\":\"SearchAction\",\"target\":{\"@type\":\"EntryPoint\",\"urlTemplate\":\"https:\/\/www.celttv.com.ar\/?s={search_term_string}\"},\"query-input\":\"required name=search_term_string\"}],\"inLanguage\":\"es\"},{\"@type\":\"Organization\",\"@id\":\"https:\/\/www.celttv.com.ar\/#organization\",\"name\":\"CELTTV\",\"url\":\"https:\/\/www.celttv.com.ar\/\",\"sameAs\":[\"https:\/\/www.youtube.com\/channel\/UCz_oIt8Hig64Ub-EmcNPIhg\",\"https:\/\/www.facebook.com\/celtTV\/\"],\"logo\":{\"@type\":\"ImageObject\",\"inLanguage\":\"es\",\"@id\":\"https:\/\/www.celttv.com.ar\/#\/schema\/logo\/image\/\",\"url\":\"http:\/\/www.celttv.com.ar\/wp-content\/uploads\/2022\/08\/logo-1.png\",\"contentUrl\":\"http:\/\/www.celttv.com.ar\/wp-content\/uploads\/2022\/08\/logo-1.png\",\"width\":461,\"height\":159,\"caption\":\"CELTTV\"},\"image\":{\"@id\":\"https:\/\/www.celttv.com.ar\/#\/schema\/logo\/image\/\"}},{\"@type\":\"Person\",\"@id\":\"https:\/\/www.celttv.com.ar\/#\/schema\/person\/9059dc91dc7204ef4182cdb65225f07d\",\"name\":\"Miguel Herrada\",\"image\":{\"@type\":\"ImageObject\",\"inLanguage\":\"es\",\"@id\":\"https:\/\/www.celttv.com.ar\/#\/schema\/person\/image\/\",\"url\":\"https:\/\/secure.gravatar.com\/avatar\/67724d5b3c716623ffd76bec7e45841a442ac3b456e914dbba90b0fad2b8e0b1?s=96&d=mm&r=g\",\"contentUrl\":\"https:\/\/secure.gravatar.com\/avatar\/67724d5b3c716623ffd76bec7e45841a442ac3b456e914dbba90b0fad2b8e0b1?s=96&d=mm&r=g\",\"caption\":\"Miguel Herrada\"}}]}<\/script>\n<!-- \/ Yoast SEO plugin. -->","yoast_head_json":{"title":"La CELT instal\u00f3 dos t\u00f3tems de conectividad en Villa Ventana (fotos y videos) - CELTTV","description":"Sitio web de noticias de la localidad de Tornquist, provincia de Buenos Aires, Rep\u00fablica Argentina. Contenido propio originado por periodistas de CELTTV, el canal de TV local de la Cooperativa El\u00e9ctrica de Tornquist. Turismo, Pol\u00edtica, Sociedad, Deporte, Cultura y todo el contenido de inter\u00e9s general que la gente del pueblo y la regi\u00f3n debe conocer.","robots":{"index":"index","follow":"follow","max-snippet":"max-snippet:-1","max-image-preview":"max-image-preview:large","max-video-preview":"max-video-preview:-1"},"canonical":"https:\/\/www.celttv.com.ar\/index.php\/2025\/08\/01\/la-celt-instalo-dos-totems-de-conectividad-en-villa-ventana-fotos-y-videos\/","og_locale":"es_ES","og_type":"article","og_title":"La CELT instal\u00f3 dos t\u00f3tems de conectividad en Villa Ventana (fotos y videos) - CELTTV","og_description":"Sitio web de noticias de la localidad de Tornquist, provincia de Buenos Aires, Rep\u00fablica Argentina. Contenido propio originado por periodistas de CELTTV, el canal de TV local de la Cooperativa El\u00e9ctrica de Tornquist. Turismo, Pol\u00edtica, Sociedad, Deporte, Cultura y todo el contenido de inter\u00e9s general que la gente del pueblo y la regi\u00f3n debe conocer.","og_url":"https:\/\/www.celttv.com.ar\/index.php\/2025\/08\/01\/la-celt-instalo-dos-totems-de-conectividad-en-villa-ventana-fotos-y-videos\/","og_site_name":"CELTTV","article_publisher":"https:\/\/www.facebook.com\/celtTV\/","article_published_time":"2025-08-01T14:03:10+00:00","og_image":[{"width":1152,"height":768,"url":"https:\/\/www.celttv.com.ar\/wp-content\/uploads\/2025\/08\/IMG_2863-Medium.jpg","type":"image\/jpeg"}],"author":"Miguel Herrada","twitter_card":"summary_large_image","twitter_misc":{"Escrito por":"Miguel Herrada","Tiempo de lectura":"7 minutos"},"schema":{"@context":"https:\/\/schema.org","@graph":[{"@type":"NewsArticle","@id":"https:\/\/www.celttv.com.ar\/index.php\/2025\/08\/01\/la-celt-instalo-dos-totems-de-conectividad-en-villa-ventana-fotos-y-videos\/#article","isPartOf":{"@id":"https:\/\/www.celttv.com.ar\/index.php\/2025\/08\/01\/la-celt-instalo-dos-totems-de-conectividad-en-villa-ventana-fotos-y-videos\/"},"author":{"name":"Miguel Herrada","@id":"https:\/\/www.celttv.com.ar\/#\/schema\/person\/9059dc91dc7204ef4182cdb65225f07d"},"headline":"La CELT instal\u00f3 dos t\u00f3tems de conectividad en Villa Ventana (fotos y videos)","datePublished":"2025-08-01T14:03:10+00:00","dateModified":"2025-08-01T14:03:10+00:00","mainEntityOfPage":{"@id":"https:\/\/www.celttv.com.ar\/index.php\/2025\/08\/01\/la-celt-instalo-dos-totems-de-conectividad-en-villa-ventana-fotos-y-videos\/"},"wordCount":1497,"publisher":{"@id":"https:\/\/www.celttv.com.ar\/#organization"},"articleSection":["Celt TV Noticias"],"inLanguage":"es"},{"@type":"WebPage","@id":"https:\/\/www.celttv.com.ar\/index.php\/2025\/08\/01\/la-celt-instalo-dos-totems-de-conectividad-en-villa-ventana-fotos-y-videos\/","url":"https:\/\/www.celttv.com.ar\/index.php\/2025\/08\/01\/la-celt-instalo-dos-totems-de-conectividad-en-villa-ventana-fotos-y-videos\/","name":"La CELT instal\u00f3 dos t\u00f3tems de conectividad en Villa Ventana (fotos y videos) - CELTTV","isPartOf":{"@id":"https:\/\/www.celttv.com.ar\/#website"},"datePublished":"2025-08-01T14:03:10+00:00","dateModified":"2025-08-01T14:03:10+00:00","description":"Sitio web de noticias de la localidad de Tornquist, provincia de Buenos Aires, Rep\u00fablica Argentina. Contenido propio originado por periodistas de CELTTV, el canal de TV local de la Cooperativa El\u00e9ctrica de Tornquist. Turismo, Pol\u00edtica, Sociedad, Deporte, Cultura y todo el contenido de inter\u00e9s general que la gente del pueblo y la regi\u00f3n debe conocer.","breadcrumb":{"@id":"https:\/\/www.celttv.com.ar\/index.php\/2025\/08\/01\/la-celt-instalo-dos-totems-de-conectividad-en-villa-ventana-fotos-y-videos\/#breadcrumb"},"inLanguage":"es","potentialAction":[{"@type":"ReadAction","target":["https:\/\/www.celttv.com.ar\/index.php\/2025\/08\/01\/la-celt-instalo-dos-totems-de-conectividad-en-villa-ventana-fotos-y-videos\/"]}]},{"@type":"BreadcrumbList","@id":"https:\/\/www.celttv.com.ar\/index.php\/2025\/08\/01\/la-celt-instalo-dos-totems-de-conectividad-en-villa-ventana-fotos-y-videos\/#breadcrumb","itemListElement":[{"@type":"ListItem","position":1,"name":"Inicio","item":"https:\/\/www.celttv.com.ar\/"},{"@type":"ListItem","position":2,"name":"La CELT instal\u00f3 dos t\u00f3tems de conectividad en Villa Ventana (fotos y videos)"}]},{"@type":"WebSite","@id":"https:\/\/www.celttv.com.ar\/#website","url":"https:\/\/www.celttv.com.ar\/","name":"CELTTV","description":"Cooperativa El\u00e9ctrica de Tornquist","publisher":{"@id":"https:\/\/www.celttv.com.ar\/#organization"},"potentialAction":[{"@type":"SearchAction","target":{"@type":"EntryPoint","urlTemplate":"https:\/\/www.celttv.com.ar\/?s={search_term_string}"},"query-input":"required name=search_term_string"}],"inLanguage":"es"},{"@type":"Organization","@id":"https:\/\/www.celttv.com.ar\/#organization","name":"CELTTV","url":"https:\/\/www.celttv.com.ar\/","sameAs":["https:\/\/www.youtube.com\/channel\/UCz_oIt8Hig64Ub-EmcNPIhg","https:\/\/www.facebook.com\/celtTV\/"],"logo":{"@type":"ImageObject","inLanguage":"es","@id":"https:\/\/www.celttv.com.ar\/#\/schema\/logo\/image\/","url":"http:\/\/www.celttv.com.ar\/wp-content\/uploads\/2022\/08\/logo-1.png","contentUrl":"http:\/\/www.celttv.com.ar\/wp-content\/uploads\/2022\/08\/logo-1.png","width":461,"height":159,"caption":"CELTTV"},"image":{"@id":"https:\/\/www.celttv.com.ar\/#\/schema\/logo\/image\/"}},{"@type":"Person","@id":"https:\/\/www.celttv.com.ar\/#\/schema\/person\/9059dc91dc7204ef4182cdb65225f07d","name":"Miguel Herrada","image":{"@type":"ImageObject","inLanguage":"es","@id":"https:\/\/www.celttv.com.ar\/#\/schema\/person\/image\/","url":"https:\/\/secure.gravatar.com\/avatar\/67724d5b3c716623ffd76bec7e45841a442ac3b456e914dbba90b0fad2b8e0b1?s=96&d=mm&r=g","contentUrl":"https:\/\/secure.gravatar.com\/avatar\/67724d5b3c716623ffd76bec7e45841a442ac3b456e914dbba90b0fad2b8e0b1?s=96&d=mm&r=g","caption":"Miguel Herrada"}}]}},"_links":{"self":[{"href":"https:\/\/www.celttv.com.ar\/index.php\/wp-json\/wp\/v2\/posts\/89234","targetHints":{"allow":["GET"]}}],"collection":[{"href":"https:\/\/www.celttv.com.ar\/index.php\/wp-json\/wp\/v2\/posts"}],"about":[{"href":"https:\/\/www.celttv.com.ar\/index.php\/wp-json\/wp\/v2\/types\/post"}],"author":[{"embeddable":true,"href":"https:\/\/www.celttv.com.ar\/index.php\/wp-json\/wp\/v2\/users\/5"}],"replies":[{"embeddable":true,"href":"https:\/\/www.celttv.com.ar\/index.php\/wp-json\/wp\/v2\/comments?post=89234"}],"version-history":[{"count":3,"href":"https:\/\/www.celttv.com.ar\/index.php\/wp-json\/wp\/v2\/posts\/89234\/revisions"}],"predecessor-version":[{"id":89246,"href":"https:\/\/www.celttv.com.ar\/index.php\/wp-json\/wp\/v2\/posts\/89234\/revisions\/89246"}],"wp:featuredmedia":[{"embeddable":true,"href":"https:\/\/www.celttv.com.ar\/index.php\/wp-json\/wp\/v2\/media\/89238"}],"wp:attachment":[{"href":"https:\/\/www.celttv.com.ar\/index.php\/wp-json\/wp\/v2\/media?parent=89234"}],"wp:term":[{"taxonomy":"category","embeddable":true,"href":"https:\/\/www.celttv.com.ar\/index.php\/wp-json\/wp\/v2\/categories?post=89234"},{"taxonomy":"post_tag","embeddable":true,"href":"https:\/\/www.celttv.com.ar\/index.php\/wp-json\/wp\/v2\/tags?post=89234"}],"curies":[{"name":"wp","href":"https:\/\/api.w.org\/{rel}","templated":true}]}}