{"id":89251,"date":"2025-08-01T11:27:29","date_gmt":"2025-08-01T14:27:29","guid":{"rendered":"https:\/\/www.celttv.com.ar\/?p=89251"},"modified":"2025-08-01T11:27:29","modified_gmt":"2025-08-01T14:27:29","slug":"juegos-bonaerenses-2025-resultados-de-la-etapa-distrital-de-adultos-mayores","status":"publish","type":"post","link":"https:\/\/www.celttv.com.ar\/index.php\/2025\/08\/01\/juegos-bonaerenses-2025-resultados-de-la-etapa-distrital-de-adultos-mayores\/","title":{"rendered":"Juegos Bonaerenses 2025: resultados de la etapa distrital de Adultos Mayores"},"content":{"rendered":"<p>La Subsecretaria de Deportes municipal da a conocer los ganadores de la etapa distrital de los Juegos Bonaerenses 2025, de la categor\u00eda Adultos Mayores:<\/p>\n<ul>\n<li>Bonaerenses en Carrera masculino Cat. \u00danica: Britez Egidio<\/li>\n<li>Bonaerenses en Carrera femenino Cat. \u00danica Garcia Mabel<\/li>\n<li>Caminata mixto Cat. \u00danica: Brasca Olga\/Janyistabro Felisa<\/li>\n<li>Coreograf\u00eda grupal Cat. \u00danica: Centro de Jubilados de Villa Ventana<\/li>\n<li>F\u00fatbol tenis masculino Cat. A: Fuhr Jorge\/Sepulveda Luis\/Schmidt Jorge.<\/li>\n<li>F\u00fatbol tenis masculino Cat. B: Navas Omar\/Leinhart Eduardo\/Muzzillo Franco<\/li>\n<li>F\u00fatbol tenis inter generaci\u00f3n: Martinez Ricardo\/ TrankelsJulian<\/li>\n<li>Nataci\u00f3n masculino Cat. \u00danica: Wendorff Roberto<\/li>\n<li>Nataci\u00f3n femenino Cat. \u00danica Rey Laura<\/li>\n<li>Newcom mixto Cat. A: Selecci\u00f3n Distrital<\/li>\n<li>Newcom mixto Cat. B: Serranos<\/li>\n<li>Orientaci\u00f3n masculino Cat. \u00danica: Heinrich Luis\/Abad Carlos<\/li>\n<li>Orientaci\u00f3n Inter generaci\u00f3n: Alma Urriaga\/Brasca Olga<\/li>\n<li>Pentatlon femenino cat. \u00danica: Bermudez Alejandra \/ StortiMonica<\/li>\n<li>Pentatlon masculino cat. \u00danica: Fuhr Jorge\/Sepulveda Luis<\/li>\n<li>Pesca Cat. \u00danica: Vazquez Selva<\/li>\n<li>Tejo masculino Cat. A: Sandobal Roberto \/ Moa Carlos<\/li>\n<li>Tejo masculino Cat. \u201cB\u201d: Bagur Guillermo \/ Urriaga Horacio<\/li>\n<li>Tejo femenino Cat. A: Cisterna Eva \/ Stembach Mirta<\/li>\n<li>Tejo femenino Cat. B: Larrainzar Mirta \/ Diocares Adita<\/li>\n<li>Tejo mixto cat. A: Del rio Maria Cristina \/ Pendones Ruben<\/li>\n<li>Tejo mixto cat. B: Kraemer Luis \/ Sappa Alicia<\/li>\n<li>Tejo inter generaci\u00f3n: Alarcon Soto Lionel \/ Soto NambertoJose<\/li>\n<li>Tenis masculino doble Cat. \u00danica: Candal Fernando \/ Wendorff Roberto<\/li>\n<li>Tenis de mesa femenino: Brasca Olga<\/li>\n<li>Tenis de mesa masculino Cat. A: Gonzalez Alejandro<\/li>\n<li>Tenis de mesa masculino Cat. B: Canolik Jorge<\/li>\n<li>Ajedrez: D\u2019Onofrio Rodolfo<\/li>\n<li>Burako: LabatMaria de los Angeles<\/li>\n<li>Chinch\u00f3n: Garc\u00eda Raquel<\/li>\n<li>Damas: Andreata Carlos<\/li>\n<li>Escoba de 15: Rantuche Norma \/ Sandobal Esther<\/li>\n<li>Loter\u00eda: Quiroga Ines<\/li>\n<li>Mus: Correa Enrique y Sandobal Roberto<\/li>\n<li>Sapo femenino: Diocares Alicia<\/li>\n<li>Sapo masculino: Salika Jos\u00e9<\/li>\n<li>Sapo inter generaci\u00f3n: Soto Lionel \/ Soto NambertoJose<\/li>\n<li>Taba: Flores Alberto<\/li>\n<li>Truco mixto o mismo sexo: Arrieta Omar y Spinzanti Eduardo<\/li>\n<li>Truco inter generaci\u00f3n: Sandobal Roberto y Sandobal Luciano<\/li>\n<li>Truco mixto: Sepulveda Marta y Fuhr Jorge<\/li>\n<\/ul>\n<p>Asimismo, se informa que seremos sede de la etapa regional. Las categor\u00edas de adultos mayores se disputar\u00e1n el martes 9 de septiembre.<\/p>\n<p><img loading=\"lazy\" decoding=\"async\" class=\"alignnone wp-image-89253 size-large\" src=\"https:\/\/www.celttv.com.ar\/wp-content\/uploads\/2025\/08\/WhatsApp-Image-2025-07-23-at-10.24.16-1024x768.jpeg\" alt=\"\" width=\"1024\" height=\"768\" srcset=\"https:\/\/www.celttv.com.ar\/wp-content\/uploads\/2025\/08\/WhatsApp-Image-2025-07-23-at-10.24.16-1024x768.jpeg 1024w, https:\/\/www.celttv.com.ar\/wp-content\/uploads\/2025\/08\/WhatsApp-Image-2025-07-23-at-10.24.16-300x225.jpeg 300w, https:\/\/www.celttv.com.ar\/wp-content\/uploads\/2025\/08\/WhatsApp-Image-2025-07-23-at-10.24.16-768x576.jpeg 768w, https:\/\/www.celttv.com.ar\/wp-content\/uploads\/2025\/08\/WhatsApp-Image-2025-07-23-at-10.24.16-1536x1152.jpeg 1536w, https:\/\/www.celttv.com.ar\/wp-content\/uploads\/2025\/08\/WhatsApp-Image-2025-07-23-at-10.24.16-2048x1536.jpeg 2048w, https:\/\/www.celttv.com.ar\/wp-content\/uploads\/2025\/08\/WhatsApp-Image-2025-07-23-at-10.24.16-750x563.jpeg 750w, https:\/\/www.celttv.com.ar\/wp-content\/uploads\/2025\/08\/WhatsApp-Image-2025-07-23-at-10.24.16-1140x855.jpeg 1140w\" sizes=\"auto, (max-width: 1024px) 100vw, 1024px\" \/> <img loading=\"lazy\" decoding=\"async\" class=\"alignnone wp-image-89254 size-large\" src=\"https:\/\/www.celttv.com.ar\/wp-content\/uploads\/2025\/08\/WhatsApp-Image-2025-07-23-at-10.24.17-1024x768.jpeg\" alt=\"\" width=\"1024\" height=\"768\" srcset=\"https:\/\/www.celttv.com.ar\/wp-content\/uploads\/2025\/08\/WhatsApp-Image-2025-07-23-at-10.24.17-1024x768.jpeg 1024w, https:\/\/www.celttv.com.ar\/wp-content\/uploads\/2025\/08\/WhatsApp-Image-2025-07-23-at-10.24.17-300x225.jpeg 300w, https:\/\/www.celttv.com.ar\/wp-content\/uploads\/2025\/08\/WhatsApp-Image-2025-07-23-at-10.24.17-768x576.jpeg 768w, https:\/\/www.celttv.com.ar\/wp-content\/uploads\/2025\/08\/WhatsApp-Image-2025-07-23-at-10.24.17-1536x1152.jpeg 1536w, https:\/\/www.celttv.com.ar\/wp-content\/uploads\/2025\/08\/WhatsApp-Image-2025-07-23-at-10.24.17-2048x1536.jpeg 2048w, https:\/\/www.celttv.com.ar\/wp-content\/uploads\/2025\/08\/WhatsApp-Image-2025-07-23-at-10.24.17-750x563.jpeg 750w, https:\/\/www.celttv.com.ar\/wp-content\/uploads\/2025\/08\/WhatsApp-Image-2025-07-23-at-10.24.17-1140x855.jpeg 1140w\" sizes=\"auto, (max-width: 1024px) 100vw, 1024px\" \/> <img loading=\"lazy\" decoding=\"async\" class=\"alignnone wp-image-89255 size-large\" src=\"https:\/\/www.celttv.com.ar\/wp-content\/uploads\/2025\/08\/WhatsApp-Image-2025-07-23-at-10.24.18-1024x768.jpeg\" alt=\"\" width=\"1024\" height=\"768\" srcset=\"https:\/\/www.celttv.com.ar\/wp-content\/uploads\/2025\/08\/WhatsApp-Image-2025-07-23-at-10.24.18-1024x768.jpeg 1024w, https:\/\/www.celttv.com.ar\/wp-content\/uploads\/2025\/08\/WhatsApp-Image-2025-07-23-at-10.24.18-300x225.jpeg 300w, https:\/\/www.celttv.com.ar\/wp-content\/uploads\/2025\/08\/WhatsApp-Image-2025-07-23-at-10.24.18-768x576.jpeg 768w, https:\/\/www.celttv.com.ar\/wp-content\/uploads\/2025\/08\/WhatsApp-Image-2025-07-23-at-10.24.18-1536x1152.jpeg 1536w, https:\/\/www.celttv.com.ar\/wp-content\/uploads\/2025\/08\/WhatsApp-Image-2025-07-23-at-10.24.18-2048x1536.jpeg 2048w, https:\/\/www.celttv.com.ar\/wp-content\/uploads\/2025\/08\/WhatsApp-Image-2025-07-23-at-10.24.18-750x563.jpeg 750w, https:\/\/www.celttv.com.ar\/wp-content\/uploads\/2025\/08\/WhatsApp-Image-2025-07-23-at-10.24.18-1140x855.jpeg 1140w\" sizes=\"auto, (max-width: 1024px) 100vw, 1024px\" \/> <img loading=\"lazy\" decoding=\"async\" class=\"alignnone wp-image-89256 size-large\" src=\"https:\/\/www.celttv.com.ar\/wp-content\/uploads\/2025\/08\/WhatsApp-Image-2025-07-23-at-10.24.21-1-1024x768.jpeg\" alt=\"\" width=\"1024\" height=\"768\" srcset=\"https:\/\/www.celttv.com.ar\/wp-content\/uploads\/2025\/08\/WhatsApp-Image-2025-07-23-at-10.24.21-1-1024x768.jpeg 1024w, https:\/\/www.celttv.com.ar\/wp-content\/uploads\/2025\/08\/WhatsApp-Image-2025-07-23-at-10.24.21-1-300x225.jpeg 300w, https:\/\/www.celttv.com.ar\/wp-content\/uploads\/2025\/08\/WhatsApp-Image-2025-07-23-at-10.24.21-1-768x576.jpeg 768w, https:\/\/www.celttv.com.ar\/wp-content\/uploads\/2025\/08\/WhatsApp-Image-2025-07-23-at-10.24.21-1-1536x1152.jpeg 1536w, https:\/\/www.celttv.com.ar\/wp-content\/uploads\/2025\/08\/WhatsApp-Image-2025-07-23-at-10.24.21-1-2048x1536.jpeg 2048w, https:\/\/www.celttv.com.ar\/wp-content\/uploads\/2025\/08\/WhatsApp-Image-2025-07-23-at-10.24.21-1-750x563.jpeg 750w, https:\/\/www.celttv.com.ar\/wp-content\/uploads\/2025\/08\/WhatsApp-Image-2025-07-23-at-10.24.21-1-1140x855.jpeg 1140w\" sizes=\"auto, (max-width: 1024px) 100vw, 1024px\" \/> <img loading=\"lazy\" decoding=\"async\" class=\"alignnone wp-image-89257 size-large\" src=\"https:\/\/www.celttv.com.ar\/wp-content\/uploads\/2025\/08\/WhatsApp-Image-2025-07-23-at-10.24.21-1024x768.jpeg\" alt=\"\" width=\"1024\" height=\"768\" srcset=\"https:\/\/www.celttv.com.ar\/wp-content\/uploads\/2025\/08\/WhatsApp-Image-2025-07-23-at-10.24.21-1024x768.jpeg 1024w, https:\/\/www.celttv.com.ar\/wp-content\/uploads\/2025\/08\/WhatsApp-Image-2025-07-23-at-10.24.21-300x225.jpeg 300w, https:\/\/www.celttv.com.ar\/wp-content\/uploads\/2025\/08\/WhatsApp-Image-2025-07-23-at-10.24.21-768x576.jpeg 768w, https:\/\/www.celttv.com.ar\/wp-content\/uploads\/2025\/08\/WhatsApp-Image-2025-07-23-at-10.24.21-1536x1152.jpeg 1536w, https:\/\/www.celttv.com.ar\/wp-content\/uploads\/2025\/08\/WhatsApp-Image-2025-07-23-at-10.24.21-2048x1536.jpeg 2048w, https:\/\/www.celttv.com.ar\/wp-content\/uploads\/2025\/08\/WhatsApp-Image-2025-07-23-at-10.24.21-750x563.jpeg 750w, https:\/\/www.celttv.com.ar\/wp-content\/uploads\/2025\/08\/WhatsApp-Image-2025-07-23-at-10.24.21-1140x855.jpeg 1140w\" sizes=\"auto, (max-width: 1024px) 100vw, 1024px\" \/><\/p>\n<p>&nbsp;<\/p>\n","protected":false},"excerpt":{"rendered":"<p>La Subsecretaria de Deportes municipal da a conocer los ganadores de la etapa distrital de los Juegos Bonaerenses 2025, de la categor\u00eda Adultos Mayores: Bonaerenses en Carrera masculino Cat. \u00danica: Britez Egidio Bonaerenses en Carrera femenino Cat. \u00danica Garcia Mabel Caminata mixto Cat. \u00danica: Brasca Olga\/Janyistabro Felisa Coreograf\u00eda grupal Cat. \u00danica: Centro de Jubilados de [&hellip;]<\/p>\n","protected":false},"author":5,"featured_media":89254,"comment_status":"closed","ping_status":"closed","sticky":false,"template":"","format":"standard","meta":{"footnotes":""},"categories":[60,59],"tags":[],"class_list":["post-89251","post","type-post","status-publish","format-standard","has-post-thumbnail","hentry","category-deporte","category-municipales"],"yoast_head":"<!-- This site is optimized with the Yoast SEO plugin v19.7.1 - https:\/\/yoast.com\/wordpress\/plugins\/seo\/ -->\n<title>Juegos Bonaerenses 2025: resultados de la etapa distrital de Adultos Mayores - CELTTV<\/title>\n<meta name=\"description\" content=\"Sitio web de noticias de la localidad de Tornquist, provincia de Buenos Aires, Rep\u00fablica Argentina. Contenido propio originado por periodistas de CELTTV, el canal de TV local de la Cooperativa El\u00e9ctrica de Tornquist. Turismo, Pol\u00edtica, Sociedad, Deporte, Cultura y todo el contenido de inter\u00e9s general que la gente del pueblo y la regi\u00f3n debe conocer.\" \/>\n<meta name=\"robots\" content=\"index, follow, max-snippet:-1, max-image-preview:large, max-video-preview:-1\" \/>\n<link rel=\"canonical\" href=\"https:\/\/www.celttv.com.ar\/index.php\/2025\/08\/01\/juegos-bonaerenses-2025-resultados-de-la-etapa-distrital-de-adultos-mayores\/\" \/>\n<meta property=\"og:locale\" content=\"es_ES\" \/>\n<meta property=\"og:type\" content=\"article\" \/>\n<meta property=\"og:title\" content=\"Juegos Bonaerenses 2025: resultados de la etapa distrital de Adultos Mayores - CELTTV\" \/>\n<meta property=\"og:description\" content=\"Sitio web de noticias de la localidad de Tornquist, provincia de Buenos Aires, Rep\u00fablica Argentina. Contenido propio originado por periodistas de CELTTV, el canal de TV local de la Cooperativa El\u00e9ctrica de Tornquist. Turismo, Pol\u00edtica, Sociedad, Deporte, Cultura y todo el contenido de inter\u00e9s general que la gente del pueblo y la regi\u00f3n debe conocer.\" \/>\n<meta property=\"og:url\" content=\"https:\/\/www.celttv.com.ar\/index.php\/2025\/08\/01\/juegos-bonaerenses-2025-resultados-de-la-etapa-distrital-de-adultos-mayores\/\" \/>\n<meta property=\"og:site_name\" content=\"CELTTV\" \/>\n<meta property=\"article:publisher\" content=\"https:\/\/www.facebook.com\/celtTV\/\" \/>\n<meta property=\"article:published_time\" content=\"2025-08-01T14:27:29+00:00\" \/>\n<meta property=\"og:image\" content=\"https:\/\/www.celttv.com.ar\/wp-content\/uploads\/2025\/08\/WhatsApp-Image-2025-07-23-at-10.24.17-scaled.jpeg\" \/>\n\t<meta property=\"og:image:width\" content=\"2560\" \/>\n\t<meta property=\"og:image:height\" content=\"1920\" \/>\n\t<meta property=\"og:image:type\" content=\"image\/jpeg\" \/>\n<meta name=\"author\" content=\"Miguel Herrada\" \/>\n<meta name=\"twitter:card\" content=\"summary_large_image\" \/>\n<meta name=\"twitter:label1\" content=\"Escrito por\" \/>\n\t<meta name=\"twitter:data1\" content=\"Miguel Herrada\" \/>\n\t<meta name=\"twitter:label2\" content=\"Tiempo de lectura\" \/>\n\t<meta name=\"twitter:data2\" content=\"2 minutos\" \/>\n<script type=\"application\/ld+json\" class=\"yoast-schema-graph\">{\"@context\":\"https:\/\/schema.org\",\"@graph\":[{\"@type\":\"NewsArticle\",\"@id\":\"https:\/\/www.celttv.com.ar\/index.php\/2025\/08\/01\/juegos-bonaerenses-2025-resultados-de-la-etapa-distrital-de-adultos-mayores\/#article\",\"isPartOf\":{\"@id\":\"https:\/\/www.celttv.com.ar\/index.php\/2025\/08\/01\/juegos-bonaerenses-2025-resultados-de-la-etapa-distrital-de-adultos-mayores\/\"},\"author\":{\"name\":\"Miguel Herrada\",\"@id\":\"https:\/\/www.celttv.com.ar\/#\/schema\/person\/9059dc91dc7204ef4182cdb65225f07d\"},\"headline\":\"Juegos Bonaerenses 2025: resultados de la etapa distrital de Adultos Mayores\",\"datePublished\":\"2025-08-01T14:27:29+00:00\",\"dateModified\":\"2025-08-01T14:27:29+00:00\",\"mainEntityOfPage\":{\"@id\":\"https:\/\/www.celttv.com.ar\/index.php\/2025\/08\/01\/juegos-bonaerenses-2025-resultados-de-la-etapa-distrital-de-adultos-mayores\/\"},\"wordCount\":358,\"publisher\":{\"@id\":\"https:\/\/www.celttv.com.ar\/#organization\"},\"articleSection\":[\"Deporte\",\"Municipales\"],\"inLanguage\":\"es\"},{\"@type\":\"WebPage\",\"@id\":\"https:\/\/www.celttv.com.ar\/index.php\/2025\/08\/01\/juegos-bonaerenses-2025-resultados-de-la-etapa-distrital-de-adultos-mayores\/\",\"url\":\"https:\/\/www.celttv.com.ar\/index.php\/2025\/08\/01\/juegos-bonaerenses-2025-resultados-de-la-etapa-distrital-de-adultos-mayores\/\",\"name\":\"Juegos Bonaerenses 2025: resultados de la etapa distrital de Adultos Mayores - CELTTV\",\"isPartOf\":{\"@id\":\"https:\/\/www.celttv.com.ar\/#website\"},\"datePublished\":\"2025-08-01T14:27:29+00:00\",\"dateModified\":\"2025-08-01T14:27:29+00:00\",\"description\":\"Sitio web de noticias de la localidad de Tornquist, provincia de Buenos Aires, Rep\u00fablica Argentina. Contenido propio originado por periodistas de CELTTV, el canal de TV local de la Cooperativa El\u00e9ctrica de Tornquist. Turismo, Pol\u00edtica, Sociedad, Deporte, Cultura y todo el contenido de inter\u00e9s general que la gente del pueblo y la regi\u00f3n debe conocer.\",\"breadcrumb\":{\"@id\":\"https:\/\/www.celttv.com.ar\/index.php\/2025\/08\/01\/juegos-bonaerenses-2025-resultados-de-la-etapa-distrital-de-adultos-mayores\/#breadcrumb\"},\"inLanguage\":\"es\",\"potentialAction\":[{\"@type\":\"ReadAction\",\"target\":[\"https:\/\/www.celttv.com.ar\/index.php\/2025\/08\/01\/juegos-bonaerenses-2025-resultados-de-la-etapa-distrital-de-adultos-mayores\/\"]}]},{\"@type\":\"BreadcrumbList\",\"@id\":\"https:\/\/www.celttv.com.ar\/index.php\/2025\/08\/01\/juegos-bonaerenses-2025-resultados-de-la-etapa-distrital-de-adultos-mayores\/#breadcrumb\",\"itemListElement\":[{\"@type\":\"ListItem\",\"position\":1,\"name\":\"Inicio\",\"item\":\"https:\/\/www.celttv.com.ar\/\"},{\"@type\":\"ListItem\",\"position\":2,\"name\":\"Juegos Bonaerenses 2025: resultados de la etapa distrital de Adultos Mayores\"}]},{\"@type\":\"WebSite\",\"@id\":\"https:\/\/www.celttv.com.ar\/#website\",\"url\":\"https:\/\/www.celttv.com.ar\/\",\"name\":\"CELTTV\",\"description\":\"Cooperativa El\u00e9ctrica de Tornquist\",\"publisher\":{\"@id\":\"https:\/\/www.celttv.com.ar\/#organization\"},\"potentialAction\":[{\"@type\":\"SearchAction\",\"target\":{\"@type\":\"EntryPoint\",\"urlTemplate\":\"https:\/\/www.celttv.com.ar\/?s={search_term_string}\"},\"query-input\":\"required name=search_term_string\"}],\"inLanguage\":\"es\"},{\"@type\":\"Organization\",\"@id\":\"https:\/\/www.celttv.com.ar\/#organization\",\"name\":\"CELTTV\",\"url\":\"https:\/\/www.celttv.com.ar\/\",\"sameAs\":[\"https:\/\/www.youtube.com\/channel\/UCz_oIt8Hig64Ub-EmcNPIhg\",\"https:\/\/www.facebook.com\/celtTV\/\"],\"logo\":{\"@type\":\"ImageObject\",\"inLanguage\":\"es\",\"@id\":\"https:\/\/www.celttv.com.ar\/#\/schema\/logo\/image\/\",\"url\":\"http:\/\/www.celttv.com.ar\/wp-content\/uploads\/2022\/08\/logo-1.png\",\"contentUrl\":\"http:\/\/www.celttv.com.ar\/wp-content\/uploads\/2022\/08\/logo-1.png\",\"width\":461,\"height\":159,\"caption\":\"CELTTV\"},\"image\":{\"@id\":\"https:\/\/www.celttv.com.ar\/#\/schema\/logo\/image\/\"}},{\"@type\":\"Person\",\"@id\":\"https:\/\/www.celttv.com.ar\/#\/schema\/person\/9059dc91dc7204ef4182cdb65225f07d\",\"name\":\"Miguel Herrada\",\"image\":{\"@type\":\"ImageObject\",\"inLanguage\":\"es\",\"@id\":\"https:\/\/www.celttv.com.ar\/#\/schema\/person\/image\/\",\"url\":\"https:\/\/secure.gravatar.com\/avatar\/67724d5b3c716623ffd76bec7e45841a442ac3b456e914dbba90b0fad2b8e0b1?s=96&d=mm&r=g\",\"contentUrl\":\"https:\/\/secure.gravatar.com\/avatar\/67724d5b3c716623ffd76bec7e45841a442ac3b456e914dbba90b0fad2b8e0b1?s=96&d=mm&r=g\",\"caption\":\"Miguel Herrada\"}}]}<\/script>\n<!-- \/ Yoast SEO plugin. -->","yoast_head_json":{"title":"Juegos Bonaerenses 2025: resultados de la etapa distrital de Adultos Mayores - CELTTV","description":"Sitio web de noticias de la localidad de Tornquist, provincia de Buenos Aires, Rep\u00fablica Argentina. Contenido propio originado por periodistas de CELTTV, el canal de TV local de la Cooperativa El\u00e9ctrica de Tornquist. Turismo, Pol\u00edtica, Sociedad, Deporte, Cultura y todo el contenido de inter\u00e9s general que la gente del pueblo y la regi\u00f3n debe conocer.","robots":{"index":"index","follow":"follow","max-snippet":"max-snippet:-1","max-image-preview":"max-image-preview:large","max-video-preview":"max-video-preview:-1"},"canonical":"https:\/\/www.celttv.com.ar\/index.php\/2025\/08\/01\/juegos-bonaerenses-2025-resultados-de-la-etapa-distrital-de-adultos-mayores\/","og_locale":"es_ES","og_type":"article","og_title":"Juegos Bonaerenses 2025: resultados de la etapa distrital de Adultos Mayores - CELTTV","og_description":"Sitio web de noticias de la localidad de Tornquist, provincia de Buenos Aires, Rep\u00fablica Argentina. Contenido propio originado por periodistas de CELTTV, el canal de TV local de la Cooperativa El\u00e9ctrica de Tornquist. Turismo, Pol\u00edtica, Sociedad, Deporte, Cultura y todo el contenido de inter\u00e9s general que la gente del pueblo y la regi\u00f3n debe conocer.","og_url":"https:\/\/www.celttv.com.ar\/index.php\/2025\/08\/01\/juegos-bonaerenses-2025-resultados-de-la-etapa-distrital-de-adultos-mayores\/","og_site_name":"CELTTV","article_publisher":"https:\/\/www.facebook.com\/celtTV\/","article_published_time":"2025-08-01T14:27:29+00:00","og_image":[{"width":2560,"height":1920,"url":"https:\/\/www.celttv.com.ar\/wp-content\/uploads\/2025\/08\/WhatsApp-Image-2025-07-23-at-10.24.17-scaled.jpeg","type":"image\/jpeg"}],"author":"Miguel Herrada","twitter_card":"summary_large_image","twitter_misc":{"Escrito por":"Miguel Herrada","Tiempo de lectura":"2 minutos"},"schema":{"@context":"https:\/\/schema.org","@graph":[{"@type":"NewsArticle","@id":"https:\/\/www.celttv.com.ar\/index.php\/2025\/08\/01\/juegos-bonaerenses-2025-resultados-de-la-etapa-distrital-de-adultos-mayores\/#article","isPartOf":{"@id":"https:\/\/www.celttv.com.ar\/index.php\/2025\/08\/01\/juegos-bonaerenses-2025-resultados-de-la-etapa-distrital-de-adultos-mayores\/"},"author":{"name":"Miguel Herrada","@id":"https:\/\/www.celttv.com.ar\/#\/schema\/person\/9059dc91dc7204ef4182cdb65225f07d"},"headline":"Juegos Bonaerenses 2025: resultados de la etapa distrital de Adultos Mayores","datePublished":"2025-08-01T14:27:29+00:00","dateModified":"2025-08-01T14:27:29+00:00","mainEntityOfPage":{"@id":"https:\/\/www.celttv.com.ar\/index.php\/2025\/08\/01\/juegos-bonaerenses-2025-resultados-de-la-etapa-distrital-de-adultos-mayores\/"},"wordCount":358,"publisher":{"@id":"https:\/\/www.celttv.com.ar\/#organization"},"articleSection":["Deporte","Municipales"],"inLanguage":"es"},{"@type":"WebPage","@id":"https:\/\/www.celttv.com.ar\/index.php\/2025\/08\/01\/juegos-bonaerenses-2025-resultados-de-la-etapa-distrital-de-adultos-mayores\/","url":"https:\/\/www.celttv.com.ar\/index.php\/2025\/08\/01\/juegos-bonaerenses-2025-resultados-de-la-etapa-distrital-de-adultos-mayores\/","name":"Juegos Bonaerenses 2025: resultados de la etapa distrital de Adultos Mayores - CELTTV","isPartOf":{"@id":"https:\/\/www.celttv.com.ar\/#website"},"datePublished":"2025-08-01T14:27:29+00:00","dateModified":"2025-08-01T14:27:29+00:00","description":"Sitio web de noticias de la localidad de Tornquist, provincia de Buenos Aires, Rep\u00fablica Argentina. Contenido propio originado por periodistas de CELTTV, el canal de TV local de la Cooperativa El\u00e9ctrica de Tornquist. Turismo, Pol\u00edtica, Sociedad, Deporte, Cultura y todo el contenido de inter\u00e9s general que la gente del pueblo y la regi\u00f3n debe conocer.","breadcrumb":{"@id":"https:\/\/www.celttv.com.ar\/index.php\/2025\/08\/01\/juegos-bonaerenses-2025-resultados-de-la-etapa-distrital-de-adultos-mayores\/#breadcrumb"},"inLanguage":"es","potentialAction":[{"@type":"ReadAction","target":["https:\/\/www.celttv.com.ar\/index.php\/2025\/08\/01\/juegos-bonaerenses-2025-resultados-de-la-etapa-distrital-de-adultos-mayores\/"]}]},{"@type":"BreadcrumbList","@id":"https:\/\/www.celttv.com.ar\/index.php\/2025\/08\/01\/juegos-bonaerenses-2025-resultados-de-la-etapa-distrital-de-adultos-mayores\/#breadcrumb","itemListElement":[{"@type":"ListItem","position":1,"name":"Inicio","item":"https:\/\/www.celttv.com.ar\/"},{"@type":"ListItem","position":2,"name":"Juegos Bonaerenses 2025: resultados de la etapa distrital de Adultos Mayores"}]},{"@type":"WebSite","@id":"https:\/\/www.celttv.com.ar\/#website","url":"https:\/\/www.celttv.com.ar\/","name":"CELTTV","description":"Cooperativa El\u00e9ctrica de Tornquist","publisher":{"@id":"https:\/\/www.celttv.com.ar\/#organization"},"potentialAction":[{"@type":"SearchAction","target":{"@type":"EntryPoint","urlTemplate":"https:\/\/www.celttv.com.ar\/?s={search_term_string}"},"query-input":"required name=search_term_string"}],"inLanguage":"es"},{"@type":"Organization","@id":"https:\/\/www.celttv.com.ar\/#organization","name":"CELTTV","url":"https:\/\/www.celttv.com.ar\/","sameAs":["https:\/\/www.youtube.com\/channel\/UCz_oIt8Hig64Ub-EmcNPIhg","https:\/\/www.facebook.com\/celtTV\/"],"logo":{"@type":"ImageObject","inLanguage":"es","@id":"https:\/\/www.celttv.com.ar\/#\/schema\/logo\/image\/","url":"http:\/\/www.celttv.com.ar\/wp-content\/uploads\/2022\/08\/logo-1.png","contentUrl":"http:\/\/www.celttv.com.ar\/wp-content\/uploads\/2022\/08\/logo-1.png","width":461,"height":159,"caption":"CELTTV"},"image":{"@id":"https:\/\/www.celttv.com.ar\/#\/schema\/logo\/image\/"}},{"@type":"Person","@id":"https:\/\/www.celttv.com.ar\/#\/schema\/person\/9059dc91dc7204ef4182cdb65225f07d","name":"Miguel Herrada","image":{"@type":"ImageObject","inLanguage":"es","@id":"https:\/\/www.celttv.com.ar\/#\/schema\/person\/image\/","url":"https:\/\/secure.gravatar.com\/avatar\/67724d5b3c716623ffd76bec7e45841a442ac3b456e914dbba90b0fad2b8e0b1?s=96&d=mm&r=g","contentUrl":"https:\/\/secure.gravatar.com\/avatar\/67724d5b3c716623ffd76bec7e45841a442ac3b456e914dbba90b0fad2b8e0b1?s=96&d=mm&r=g","caption":"Miguel Herrada"}}]}},"_links":{"self":[{"href":"https:\/\/www.celttv.com.ar\/index.php\/wp-json\/wp\/v2\/posts\/89251","targetHints":{"allow":["GET"]}}],"collection":[{"href":"https:\/\/www.celttv.com.ar\/index.php\/wp-json\/wp\/v2\/posts"}],"about":[{"href":"https:\/\/www.celttv.com.ar\/index.php\/wp-json\/wp\/v2\/types\/post"}],"author":[{"embeddable":true,"href":"https:\/\/www.celttv.com.ar\/index.php\/wp-json\/wp\/v2\/users\/5"}],"replies":[{"embeddable":true,"href":"https:\/\/www.celttv.com.ar\/index.php\/wp-json\/wp\/v2\/comments?post=89251"}],"version-history":[{"count":1,"href":"https:\/\/www.celttv.com.ar\/index.php\/wp-json\/wp\/v2\/posts\/89251\/revisions"}],"predecessor-version":[{"id":89258,"href":"https:\/\/www.celttv.com.ar\/index.php\/wp-json\/wp\/v2\/posts\/89251\/revisions\/89258"}],"wp:featuredmedia":[{"embeddable":true,"href":"https:\/\/www.celttv.com.ar\/index.php\/wp-json\/wp\/v2\/media\/89254"}],"wp:attachment":[{"href":"https:\/\/www.celttv.com.ar\/index.php\/wp-json\/wp\/v2\/media?parent=89251"}],"wp:term":[{"taxonomy":"category","embeddable":true,"href":"https:\/\/www.celttv.com.ar\/index.php\/wp-json\/wp\/v2\/categories?post=89251"},{"taxonomy":"post_tag","embeddable":true,"href":"https:\/\/www.celttv.com.ar\/index.php\/wp-json\/wp\/v2\/tags?post=89251"}],"curies":[{"name":"wp","href":"https:\/\/api.w.org\/{rel}","templated":true}]}}