{"id":89271,"date":"2025-08-04T11:17:09","date_gmt":"2025-08-04T14:17:09","guid":{"rendered":"https:\/\/www.celttv.com.ar\/?p=89271"},"modified":"2025-08-04T11:20:41","modified_gmt":"2025-08-04T14:20:41","slug":"incendio-en-belgrano-al-200-perdidas-materiales-y-la-perdida-de-una-mascota","status":"publish","type":"post","link":"https:\/\/www.celttv.com.ar\/index.php\/2025\/08\/04\/incendio-en-belgrano-al-200-perdidas-materiales-y-la-perdida-de-una-mascota\/","title":{"rendered":"Incendio en Belgrano al 200: da\u00f1os materiales y la p\u00e9rdida de una mascota"},"content":{"rendered":"<p>Un incendio registrado en la noche de este domingo en una vivienda ubicada sobre la avenida Belgrano al 200 de nuestra ciudad provoc\u00f3 importantes da\u00f1os materiales y, pese al gran esfuerzo realizado por los bomberos voluntarios para reanimarla, la lamentable p\u00e9rdida de una mascota.<\/p>\n<p>En el lugar trabajaron dos dotaciones de Bomberos Voluntarios, al mando del oficial Jorge Rosatelli, con aproximadamente 15 efectivos, quienes lograron controlar el fuego y evitar que las llamas se propagaran al resto de la vivienda. El edificio sufri\u00f3 un ahumamiento generalizado.<\/p>\n<p>Seg\u00fan trascendi\u00f3, el origen del siniestro habr\u00eda sido un cortocircuito en la instalaci\u00f3n el\u00e9ctrica. Los moradores advirtieron la situaci\u00f3n al quedarse sin energ\u00eda, momento en el cual el fuego ya se hab\u00eda iniciado en el sector del garaje, alcanzando la parte superior del inmueble.<\/p>\n<p>Adem\u00e1s de los Bomberos, intervinieron personal de la Polic\u00eda Comunal \u2014que cort\u00f3 de inmediato la circulaci\u00f3n vehicular en ese tramo de la avenida\u2014, Defensa Civil, personal de Tr\u00e1nsito y arrib\u00f3 al lugar una ambulancia del Hospital Municipal\u00a0 y personal de la Cooperativa El\u00e9ctrica de Tornquist. Tambi\u00e9n se hicieron presentes funcionarios municipales y el intendente, quien concurri\u00f3 junto a parte de su gabinete y se puso a disposici\u00f3n de la familia afectada.<\/p>\n<p>Los integrantes de la familia Dumrauf, propietarios de la vivienda, se encontraban en buen estado de salud y recibieron r\u00e1pidamente la asistencia de vecinos del lugar.<\/p>\n<p>Un m\u00f3vil policial permanecer\u00e1 apostado en la vivienda hasta que comiencen las tareas de remoci\u00f3n de los elementos da\u00f1ados, prevista para este lunes.<\/p>\n<p><strong>AMPLIAREMOS CON IMAGENES Y NOTA<\/strong><\/p>\n<p><img loading=\"lazy\" decoding=\"async\" class=\"alignnone wp-image-89274 size-large\" src=\"https:\/\/www.celttv.com.ar\/wp-content\/uploads\/2025\/08\/1-1024x768.jpg\" alt=\"\" width=\"1024\" height=\"768\" srcset=\"https:\/\/www.celttv.com.ar\/wp-content\/uploads\/2025\/08\/1-1024x768.jpg 1024w, https:\/\/www.celttv.com.ar\/wp-content\/uploads\/2025\/08\/1-300x225.jpg 300w, https:\/\/www.celttv.com.ar\/wp-content\/uploads\/2025\/08\/1-768x576.jpg 768w, https:\/\/www.celttv.com.ar\/wp-content\/uploads\/2025\/08\/1-1536x1152.jpg 1536w, https:\/\/www.celttv.com.ar\/wp-content\/uploads\/2025\/08\/1-750x563.jpg 750w, https:\/\/www.celttv.com.ar\/wp-content\/uploads\/2025\/08\/1-1140x855.jpg 1140w, https:\/\/www.celttv.com.ar\/wp-content\/uploads\/2025\/08\/1.jpg 1600w\" sizes=\"auto, (max-width: 1024px) 100vw, 1024px\" \/> <img loading=\"lazy\" decoding=\"async\" class=\"alignnone wp-image-89275 size-large\" src=\"https:\/\/www.celttv.com.ar\/wp-content\/uploads\/2025\/08\/2-1024x768.jpg\" alt=\"\" width=\"1024\" height=\"768\" srcset=\"https:\/\/www.celttv.com.ar\/wp-content\/uploads\/2025\/08\/2-1024x768.jpg 1024w, https:\/\/www.celttv.com.ar\/wp-content\/uploads\/2025\/08\/2-300x225.jpg 300w, https:\/\/www.celttv.com.ar\/wp-content\/uploads\/2025\/08\/2-768x576.jpg 768w, https:\/\/www.celttv.com.ar\/wp-content\/uploads\/2025\/08\/2-1536x1152.jpg 1536w, https:\/\/www.celttv.com.ar\/wp-content\/uploads\/2025\/08\/2-750x563.jpg 750w, https:\/\/www.celttv.com.ar\/wp-content\/uploads\/2025\/08\/2-1140x855.jpg 1140w, https:\/\/www.celttv.com.ar\/wp-content\/uploads\/2025\/08\/2.jpg 1600w\" sizes=\"auto, (max-width: 1024px) 100vw, 1024px\" \/> <img loading=\"lazy\" decoding=\"async\" class=\"alignnone wp-image-89276 size-large\" src=\"https:\/\/www.celttv.com.ar\/wp-content\/uploads\/2025\/08\/3-1024x768.jpg\" alt=\"\" width=\"1024\" height=\"768\" srcset=\"https:\/\/www.celttv.com.ar\/wp-content\/uploads\/2025\/08\/3-1024x768.jpg 1024w, https:\/\/www.celttv.com.ar\/wp-content\/uploads\/2025\/08\/3-300x225.jpg 300w, https:\/\/www.celttv.com.ar\/wp-content\/uploads\/2025\/08\/3-768x576.jpg 768w, https:\/\/www.celttv.com.ar\/wp-content\/uploads\/2025\/08\/3-1536x1152.jpg 1536w, https:\/\/www.celttv.com.ar\/wp-content\/uploads\/2025\/08\/3-750x563.jpg 750w, https:\/\/www.celttv.com.ar\/wp-content\/uploads\/2025\/08\/3-1140x855.jpg 1140w, https:\/\/www.celttv.com.ar\/wp-content\/uploads\/2025\/08\/3.jpg 1600w\" sizes=\"auto, (max-width: 1024px) 100vw, 1024px\" \/> <img loading=\"lazy\" decoding=\"async\" class=\"alignnone wp-image-89277 size-large\" src=\"https:\/\/www.celttv.com.ar\/wp-content\/uploads\/2025\/08\/4-1024x768.jpg\" alt=\"\" width=\"1024\" height=\"768\" srcset=\"https:\/\/www.celttv.com.ar\/wp-content\/uploads\/2025\/08\/4-1024x768.jpg 1024w, https:\/\/www.celttv.com.ar\/wp-content\/uploads\/2025\/08\/4-300x225.jpg 300w, https:\/\/www.celttv.com.ar\/wp-content\/uploads\/2025\/08\/4-768x576.jpg 768w, https:\/\/www.celttv.com.ar\/wp-content\/uploads\/2025\/08\/4-1536x1152.jpg 1536w, https:\/\/www.celttv.com.ar\/wp-content\/uploads\/2025\/08\/4-750x563.jpg 750w, https:\/\/www.celttv.com.ar\/wp-content\/uploads\/2025\/08\/4-1140x855.jpg 1140w, https:\/\/www.celttv.com.ar\/wp-content\/uploads\/2025\/08\/4.jpg 1600w\" sizes=\"auto, (max-width: 1024px) 100vw, 1024px\" \/><\/p>\n","protected":false},"excerpt":{"rendered":"<p>Un incendio registrado en la noche de este domingo en una vivienda ubicada sobre la avenida Belgrano al 200 de nuestra ciudad provoc\u00f3 importantes da\u00f1os materiales y, pese al gran esfuerzo realizado por los bomberos voluntarios para reanimarla, la lamentable p\u00e9rdida de una mascota. En el lugar trabajaron dos dotaciones de Bomberos Voluntarios, al mando [&hellip;]<\/p>\n","protected":false},"author":5,"featured_media":89274,"comment_status":"closed","ping_status":"closed","sticky":false,"template":"","format":"standard","meta":{"footnotes":""},"categories":[51,1],"tags":[],"class_list":["post-89271","post","type-post","status-publish","format-standard","has-post-thumbnail","hentry","category-comunidad","category-sin-categoria"],"yoast_head":"<!-- This site is optimized with the Yoast SEO plugin v19.7.1 - https:\/\/yoast.com\/wordpress\/plugins\/seo\/ -->\n<title>Incendio en Belgrano al 200: da\u00f1os materiales y la p\u00e9rdida de una mascota - CELTTV<\/title>\n<meta name=\"description\" content=\"Sitio web de noticias de la localidad de Tornquist, provincia de Buenos Aires, Rep\u00fablica Argentina. Contenido propio originado por periodistas de CELTTV, el canal de TV local de la Cooperativa El\u00e9ctrica de Tornquist. Turismo, Pol\u00edtica, Sociedad, Deporte, Cultura y todo el contenido de inter\u00e9s general que la gente del pueblo y la regi\u00f3n debe conocer.\" \/>\n<meta name=\"robots\" content=\"index, follow, max-snippet:-1, max-image-preview:large, max-video-preview:-1\" \/>\n<link rel=\"canonical\" href=\"https:\/\/www.celttv.com.ar\/index.php\/2025\/08\/04\/incendio-en-belgrano-al-200-perdidas-materiales-y-la-perdida-de-una-mascota\/\" \/>\n<meta property=\"og:locale\" content=\"es_ES\" \/>\n<meta property=\"og:type\" content=\"article\" \/>\n<meta property=\"og:title\" content=\"Incendio en Belgrano al 200: da\u00f1os materiales y la p\u00e9rdida de una mascota - CELTTV\" \/>\n<meta property=\"og:description\" content=\"Sitio web de noticias de la localidad de Tornquist, provincia de Buenos Aires, Rep\u00fablica Argentina. Contenido propio originado por periodistas de CELTTV, el canal de TV local de la Cooperativa El\u00e9ctrica de Tornquist. Turismo, Pol\u00edtica, Sociedad, Deporte, Cultura y todo el contenido de inter\u00e9s general que la gente del pueblo y la regi\u00f3n debe conocer.\" \/>\n<meta property=\"og:url\" content=\"https:\/\/www.celttv.com.ar\/index.php\/2025\/08\/04\/incendio-en-belgrano-al-200-perdidas-materiales-y-la-perdida-de-una-mascota\/\" \/>\n<meta property=\"og:site_name\" content=\"CELTTV\" \/>\n<meta property=\"article:publisher\" content=\"https:\/\/www.facebook.com\/celtTV\/\" \/>\n<meta property=\"article:published_time\" content=\"2025-08-04T14:17:09+00:00\" \/>\n<meta property=\"article:modified_time\" content=\"2025-08-04T14:20:41+00:00\" \/>\n<meta property=\"og:image\" content=\"https:\/\/www.celttv.com.ar\/wp-content\/uploads\/2025\/08\/1.jpg\" \/>\n\t<meta property=\"og:image:width\" content=\"1600\" \/>\n\t<meta property=\"og:image:height\" content=\"1200\" \/>\n\t<meta property=\"og:image:type\" content=\"image\/jpeg\" \/>\n<meta name=\"author\" content=\"Miguel Herrada\" \/>\n<meta name=\"twitter:card\" content=\"summary_large_image\" \/>\n<meta name=\"twitter:label1\" content=\"Escrito por\" \/>\n\t<meta name=\"twitter:data1\" content=\"Miguel Herrada\" \/>\n\t<meta name=\"twitter:label2\" content=\"Tiempo de lectura\" \/>\n\t<meta name=\"twitter:data2\" content=\"1 minuto\" \/>\n<script type=\"application\/ld+json\" class=\"yoast-schema-graph\">{\"@context\":\"https:\/\/schema.org\",\"@graph\":[{\"@type\":\"NewsArticle\",\"@id\":\"https:\/\/www.celttv.com.ar\/index.php\/2025\/08\/04\/incendio-en-belgrano-al-200-perdidas-materiales-y-la-perdida-de-una-mascota\/#article\",\"isPartOf\":{\"@id\":\"https:\/\/www.celttv.com.ar\/index.php\/2025\/08\/04\/incendio-en-belgrano-al-200-perdidas-materiales-y-la-perdida-de-una-mascota\/\"},\"author\":{\"name\":\"Miguel Herrada\",\"@id\":\"https:\/\/www.celttv.com.ar\/#\/schema\/person\/9059dc91dc7204ef4182cdb65225f07d\"},\"headline\":\"Incendio en Belgrano al 200: da\u00f1os materiales y la p\u00e9rdida de una mascota\",\"datePublished\":\"2025-08-04T14:17:09+00:00\",\"dateModified\":\"2025-08-04T14:20:41+00:00\",\"mainEntityOfPage\":{\"@id\":\"https:\/\/www.celttv.com.ar\/index.php\/2025\/08\/04\/incendio-en-belgrano-al-200-perdidas-materiales-y-la-perdida-de-una-mascota\/\"},\"wordCount\":287,\"publisher\":{\"@id\":\"https:\/\/www.celttv.com.ar\/#organization\"},\"articleSection\":[\"Comunidad\"],\"inLanguage\":\"es\"},{\"@type\":\"WebPage\",\"@id\":\"https:\/\/www.celttv.com.ar\/index.php\/2025\/08\/04\/incendio-en-belgrano-al-200-perdidas-materiales-y-la-perdida-de-una-mascota\/\",\"url\":\"https:\/\/www.celttv.com.ar\/index.php\/2025\/08\/04\/incendio-en-belgrano-al-200-perdidas-materiales-y-la-perdida-de-una-mascota\/\",\"name\":\"Incendio en Belgrano al 200: da\u00f1os materiales y la p\u00e9rdida de una mascota - CELTTV\",\"isPartOf\":{\"@id\":\"https:\/\/www.celttv.com.ar\/#website\"},\"datePublished\":\"2025-08-04T14:17:09+00:00\",\"dateModified\":\"2025-08-04T14:20:41+00:00\",\"description\":\"Sitio web de noticias de la localidad de Tornquist, provincia de Buenos Aires, Rep\u00fablica Argentina. Contenido propio originado por periodistas de CELTTV, el canal de TV local de la Cooperativa El\u00e9ctrica de Tornquist. Turismo, Pol\u00edtica, Sociedad, Deporte, Cultura y todo el contenido de inter\u00e9s general que la gente del pueblo y la regi\u00f3n debe conocer.\",\"breadcrumb\":{\"@id\":\"https:\/\/www.celttv.com.ar\/index.php\/2025\/08\/04\/incendio-en-belgrano-al-200-perdidas-materiales-y-la-perdida-de-una-mascota\/#breadcrumb\"},\"inLanguage\":\"es\",\"potentialAction\":[{\"@type\":\"ReadAction\",\"target\":[\"https:\/\/www.celttv.com.ar\/index.php\/2025\/08\/04\/incendio-en-belgrano-al-200-perdidas-materiales-y-la-perdida-de-una-mascota\/\"]}]},{\"@type\":\"BreadcrumbList\",\"@id\":\"https:\/\/www.celttv.com.ar\/index.php\/2025\/08\/04\/incendio-en-belgrano-al-200-perdidas-materiales-y-la-perdida-de-una-mascota\/#breadcrumb\",\"itemListElement\":[{\"@type\":\"ListItem\",\"position\":1,\"name\":\"Inicio\",\"item\":\"https:\/\/www.celttv.com.ar\/\"},{\"@type\":\"ListItem\",\"position\":2,\"name\":\"Incendio en Belgrano al 200: da\u00f1os materiales y la p\u00e9rdida de una mascota\"}]},{\"@type\":\"WebSite\",\"@id\":\"https:\/\/www.celttv.com.ar\/#website\",\"url\":\"https:\/\/www.celttv.com.ar\/\",\"name\":\"CELTTV\",\"description\":\"Cooperativa El\u00e9ctrica de Tornquist\",\"publisher\":{\"@id\":\"https:\/\/www.celttv.com.ar\/#organization\"},\"potentialAction\":[{\"@type\":\"SearchAction\",\"target\":{\"@type\":\"EntryPoint\",\"urlTemplate\":\"https:\/\/www.celttv.com.ar\/?s={search_term_string}\"},\"query-input\":\"required name=search_term_string\"}],\"inLanguage\":\"es\"},{\"@type\":\"Organization\",\"@id\":\"https:\/\/www.celttv.com.ar\/#organization\",\"name\":\"CELTTV\",\"url\":\"https:\/\/www.celttv.com.ar\/\",\"sameAs\":[\"https:\/\/www.youtube.com\/channel\/UCz_oIt8Hig64Ub-EmcNPIhg\",\"https:\/\/www.facebook.com\/celtTV\/\"],\"logo\":{\"@type\":\"ImageObject\",\"inLanguage\":\"es\",\"@id\":\"https:\/\/www.celttv.com.ar\/#\/schema\/logo\/image\/\",\"url\":\"http:\/\/www.celttv.com.ar\/wp-content\/uploads\/2022\/08\/logo-1.png\",\"contentUrl\":\"http:\/\/www.celttv.com.ar\/wp-content\/uploads\/2022\/08\/logo-1.png\",\"width\":461,\"height\":159,\"caption\":\"CELTTV\"},\"image\":{\"@id\":\"https:\/\/www.celttv.com.ar\/#\/schema\/logo\/image\/\"}},{\"@type\":\"Person\",\"@id\":\"https:\/\/www.celttv.com.ar\/#\/schema\/person\/9059dc91dc7204ef4182cdb65225f07d\",\"name\":\"Miguel Herrada\",\"image\":{\"@type\":\"ImageObject\",\"inLanguage\":\"es\",\"@id\":\"https:\/\/www.celttv.com.ar\/#\/schema\/person\/image\/\",\"url\":\"https:\/\/secure.gravatar.com\/avatar\/67724d5b3c716623ffd76bec7e45841a442ac3b456e914dbba90b0fad2b8e0b1?s=96&d=mm&r=g\",\"contentUrl\":\"https:\/\/secure.gravatar.com\/avatar\/67724d5b3c716623ffd76bec7e45841a442ac3b456e914dbba90b0fad2b8e0b1?s=96&d=mm&r=g\",\"caption\":\"Miguel Herrada\"}}]}<\/script>\n<!-- \/ Yoast SEO plugin. -->","yoast_head_json":{"title":"Incendio en Belgrano al 200: da\u00f1os materiales y la p\u00e9rdida de una mascota - CELTTV","description":"Sitio web de noticias de la localidad de Tornquist, provincia de Buenos Aires, Rep\u00fablica Argentina. Contenido propio originado por periodistas de CELTTV, el canal de TV local de la Cooperativa El\u00e9ctrica de Tornquist. Turismo, Pol\u00edtica, Sociedad, Deporte, Cultura y todo el contenido de inter\u00e9s general que la gente del pueblo y la regi\u00f3n debe conocer.","robots":{"index":"index","follow":"follow","max-snippet":"max-snippet:-1","max-image-preview":"max-image-preview:large","max-video-preview":"max-video-preview:-1"},"canonical":"https:\/\/www.celttv.com.ar\/index.php\/2025\/08\/04\/incendio-en-belgrano-al-200-perdidas-materiales-y-la-perdida-de-una-mascota\/","og_locale":"es_ES","og_type":"article","og_title":"Incendio en Belgrano al 200: da\u00f1os materiales y la p\u00e9rdida de una mascota - CELTTV","og_description":"Sitio web de noticias de la localidad de Tornquist, provincia de Buenos Aires, Rep\u00fablica Argentina. Contenido propio originado por periodistas de CELTTV, el canal de TV local de la Cooperativa El\u00e9ctrica de Tornquist. Turismo, Pol\u00edtica, Sociedad, Deporte, Cultura y todo el contenido de inter\u00e9s general que la gente del pueblo y la regi\u00f3n debe conocer.","og_url":"https:\/\/www.celttv.com.ar\/index.php\/2025\/08\/04\/incendio-en-belgrano-al-200-perdidas-materiales-y-la-perdida-de-una-mascota\/","og_site_name":"CELTTV","article_publisher":"https:\/\/www.facebook.com\/celtTV\/","article_published_time":"2025-08-04T14:17:09+00:00","article_modified_time":"2025-08-04T14:20:41+00:00","og_image":[{"width":1600,"height":1200,"url":"https:\/\/www.celttv.com.ar\/wp-content\/uploads\/2025\/08\/1.jpg","type":"image\/jpeg"}],"author":"Miguel Herrada","twitter_card":"summary_large_image","twitter_misc":{"Escrito por":"Miguel Herrada","Tiempo de lectura":"1 minuto"},"schema":{"@context":"https:\/\/schema.org","@graph":[{"@type":"NewsArticle","@id":"https:\/\/www.celttv.com.ar\/index.php\/2025\/08\/04\/incendio-en-belgrano-al-200-perdidas-materiales-y-la-perdida-de-una-mascota\/#article","isPartOf":{"@id":"https:\/\/www.celttv.com.ar\/index.php\/2025\/08\/04\/incendio-en-belgrano-al-200-perdidas-materiales-y-la-perdida-de-una-mascota\/"},"author":{"name":"Miguel Herrada","@id":"https:\/\/www.celttv.com.ar\/#\/schema\/person\/9059dc91dc7204ef4182cdb65225f07d"},"headline":"Incendio en Belgrano al 200: da\u00f1os materiales y la p\u00e9rdida de una mascota","datePublished":"2025-08-04T14:17:09+00:00","dateModified":"2025-08-04T14:20:41+00:00","mainEntityOfPage":{"@id":"https:\/\/www.celttv.com.ar\/index.php\/2025\/08\/04\/incendio-en-belgrano-al-200-perdidas-materiales-y-la-perdida-de-una-mascota\/"},"wordCount":287,"publisher":{"@id":"https:\/\/www.celttv.com.ar\/#organization"},"articleSection":["Comunidad"],"inLanguage":"es"},{"@type":"WebPage","@id":"https:\/\/www.celttv.com.ar\/index.php\/2025\/08\/04\/incendio-en-belgrano-al-200-perdidas-materiales-y-la-perdida-de-una-mascota\/","url":"https:\/\/www.celttv.com.ar\/index.php\/2025\/08\/04\/incendio-en-belgrano-al-200-perdidas-materiales-y-la-perdida-de-una-mascota\/","name":"Incendio en Belgrano al 200: da\u00f1os materiales y la p\u00e9rdida de una mascota - CELTTV","isPartOf":{"@id":"https:\/\/www.celttv.com.ar\/#website"},"datePublished":"2025-08-04T14:17:09+00:00","dateModified":"2025-08-04T14:20:41+00:00","description":"Sitio web de noticias de la localidad de Tornquist, provincia de Buenos Aires, Rep\u00fablica Argentina. Contenido propio originado por periodistas de CELTTV, el canal de TV local de la Cooperativa El\u00e9ctrica de Tornquist. Turismo, Pol\u00edtica, Sociedad, Deporte, Cultura y todo el contenido de inter\u00e9s general que la gente del pueblo y la regi\u00f3n debe conocer.","breadcrumb":{"@id":"https:\/\/www.celttv.com.ar\/index.php\/2025\/08\/04\/incendio-en-belgrano-al-200-perdidas-materiales-y-la-perdida-de-una-mascota\/#breadcrumb"},"inLanguage":"es","potentialAction":[{"@type":"ReadAction","target":["https:\/\/www.celttv.com.ar\/index.php\/2025\/08\/04\/incendio-en-belgrano-al-200-perdidas-materiales-y-la-perdida-de-una-mascota\/"]}]},{"@type":"BreadcrumbList","@id":"https:\/\/www.celttv.com.ar\/index.php\/2025\/08\/04\/incendio-en-belgrano-al-200-perdidas-materiales-y-la-perdida-de-una-mascota\/#breadcrumb","itemListElement":[{"@type":"ListItem","position":1,"name":"Inicio","item":"https:\/\/www.celttv.com.ar\/"},{"@type":"ListItem","position":2,"name":"Incendio en Belgrano al 200: da\u00f1os materiales y la p\u00e9rdida de una mascota"}]},{"@type":"WebSite","@id":"https:\/\/www.celttv.com.ar\/#website","url":"https:\/\/www.celttv.com.ar\/","name":"CELTTV","description":"Cooperativa El\u00e9ctrica de Tornquist","publisher":{"@id":"https:\/\/www.celttv.com.ar\/#organization"},"potentialAction":[{"@type":"SearchAction","target":{"@type":"EntryPoint","urlTemplate":"https:\/\/www.celttv.com.ar\/?s={search_term_string}"},"query-input":"required name=search_term_string"}],"inLanguage":"es"},{"@type":"Organization","@id":"https:\/\/www.celttv.com.ar\/#organization","name":"CELTTV","url":"https:\/\/www.celttv.com.ar\/","sameAs":["https:\/\/www.youtube.com\/channel\/UCz_oIt8Hig64Ub-EmcNPIhg","https:\/\/www.facebook.com\/celtTV\/"],"logo":{"@type":"ImageObject","inLanguage":"es","@id":"https:\/\/www.celttv.com.ar\/#\/schema\/logo\/image\/","url":"http:\/\/www.celttv.com.ar\/wp-content\/uploads\/2022\/08\/logo-1.png","contentUrl":"http:\/\/www.celttv.com.ar\/wp-content\/uploads\/2022\/08\/logo-1.png","width":461,"height":159,"caption":"CELTTV"},"image":{"@id":"https:\/\/www.celttv.com.ar\/#\/schema\/logo\/image\/"}},{"@type":"Person","@id":"https:\/\/www.celttv.com.ar\/#\/schema\/person\/9059dc91dc7204ef4182cdb65225f07d","name":"Miguel Herrada","image":{"@type":"ImageObject","inLanguage":"es","@id":"https:\/\/www.celttv.com.ar\/#\/schema\/person\/image\/","url":"https:\/\/secure.gravatar.com\/avatar\/67724d5b3c716623ffd76bec7e45841a442ac3b456e914dbba90b0fad2b8e0b1?s=96&d=mm&r=g","contentUrl":"https:\/\/secure.gravatar.com\/avatar\/67724d5b3c716623ffd76bec7e45841a442ac3b456e914dbba90b0fad2b8e0b1?s=96&d=mm&r=g","caption":"Miguel Herrada"}}]}},"_links":{"self":[{"href":"https:\/\/www.celttv.com.ar\/index.php\/wp-json\/wp\/v2\/posts\/89271","targetHints":{"allow":["GET"]}}],"collection":[{"href":"https:\/\/www.celttv.com.ar\/index.php\/wp-json\/wp\/v2\/posts"}],"about":[{"href":"https:\/\/www.celttv.com.ar\/index.php\/wp-json\/wp\/v2\/types\/post"}],"author":[{"embeddable":true,"href":"https:\/\/www.celttv.com.ar\/index.php\/wp-json\/wp\/v2\/users\/5"}],"replies":[{"embeddable":true,"href":"https:\/\/www.celttv.com.ar\/index.php\/wp-json\/wp\/v2\/comments?post=89271"}],"version-history":[{"count":4,"href":"https:\/\/www.celttv.com.ar\/index.php\/wp-json\/wp\/v2\/posts\/89271\/revisions"}],"predecessor-version":[{"id":89279,"href":"https:\/\/www.celttv.com.ar\/index.php\/wp-json\/wp\/v2\/posts\/89271\/revisions\/89279"}],"wp:featuredmedia":[{"embeddable":true,"href":"https:\/\/www.celttv.com.ar\/index.php\/wp-json\/wp\/v2\/media\/89274"}],"wp:attachment":[{"href":"https:\/\/www.celttv.com.ar\/index.php\/wp-json\/wp\/v2\/media?parent=89271"}],"wp:term":[{"taxonomy":"category","embeddable":true,"href":"https:\/\/www.celttv.com.ar\/index.php\/wp-json\/wp\/v2\/categories?post=89271"},{"taxonomy":"post_tag","embeddable":true,"href":"https:\/\/www.celttv.com.ar\/index.php\/wp-json\/wp\/v2\/tags?post=89271"}],"curies":[{"name":"wp","href":"https:\/\/api.w.org\/{rel}","templated":true}]}}