{"id":89282,"date":"2025-08-04T18:40:30","date_gmt":"2025-08-04T21:40:30","guid":{"rendered":"https:\/\/www.celttv.com.ar\/?p=89282"},"modified":"2025-08-04T18:40:30","modified_gmt":"2025-08-04T21:40:30","slug":"la-obra-el-hombre-inesperado-llega-al-teatro-rodolfo-funke","status":"publish","type":"post","link":"https:\/\/www.celttv.com.ar\/index.php\/2025\/08\/04\/la-obra-el-hombre-inesperado-llega-al-teatro-rodolfo-funke\/","title":{"rendered":"La obra \u201cEl hombre inesperado\u201d, llega al Teatro \u2018Rodolfo Funke\u2019"},"content":{"rendered":"<p>La obra\u201cEl hombre inesperado\u201d, dirigida y protagonizada por Ines Estevez y German Palacios, se presentar\u00e1 en el Teatro Municipal \u201cRodolfo Funke\u201d, el viernes 22 de agosto a las 20:30 hs.<\/p>\n<p>Continuando con su gira por la provincia de Buenos Aires, la comedia dram\u00e1tica llega a Tornquist con esta dupla de reconocidos actores. Es una obra recomendada para mayores de 13 a\u00f1os y con una duraci\u00f3n de 90 minutos.<\/p>\n<p>Las entradas ya se encuentran a la venta por un valor de $25000 en el teatro de 8 a 12 hs. y de 16 a 20 hs. o a trav\u00e9s de <a href=\"http:\/\/www.plateanet.com\">www.plateanet.com<\/a>.<\/p>\n<p>&nbsp;<\/p>\n<p>Sinopsis:<\/p>\n<p>Un viaje.<\/p>\n<p>Un encuentro impensado.<\/p>\n<p>Suspenso y misterio.<\/p>\n<p>Dos soledades coinciden en un mismo vag\u00f3n de tren. Sus pensamientos vuelan hasta entrecruzarse en un intercambio pleno de poes\u00eda, humor, inteligencia y giros sorprendentes llenos de intriga que podr\u00edan transformar sus vidas.<\/p>\n<p>\u00bfCu\u00e1nto de esto es azar? \u00bfCu\u00e1nto es destino?<\/p>\n<p>El espectador va a decidirlo mientras viaja con ellos.<\/p>\n<p>&nbsp;<\/p>\n<p><img loading=\"lazy\" decoding=\"async\" class=\"alignnone wp-image-89283 size-large\" src=\"https:\/\/www.celttv.com.ar\/wp-content\/uploads\/2025\/08\/EL-HOMBRE-INESPERADO-819x1024.jpg\" alt=\"\" width=\"819\" height=\"1024\" srcset=\"https:\/\/www.celttv.com.ar\/wp-content\/uploads\/2025\/08\/EL-HOMBRE-INESPERADO-819x1024.jpg 819w, https:\/\/www.celttv.com.ar\/wp-content\/uploads\/2025\/08\/EL-HOMBRE-INESPERADO-240x300.jpg 240w, https:\/\/www.celttv.com.ar\/wp-content\/uploads\/2025\/08\/EL-HOMBRE-INESPERADO-768x960.jpg 768w, https:\/\/www.celttv.com.ar\/wp-content\/uploads\/2025\/08\/EL-HOMBRE-INESPERADO-750x938.jpg 750w, https:\/\/www.celttv.com.ar\/wp-content\/uploads\/2025\/08\/EL-HOMBRE-INESPERADO.jpg 1080w\" sizes=\"auto, (max-width: 819px) 100vw, 819px\" \/><\/p>\n","protected":false},"excerpt":{"rendered":"<p>La obra\u201cEl hombre inesperado\u201d, dirigida y protagonizada por Ines Estevez y German Palacios, se presentar\u00e1 en el Teatro Municipal \u201cRodolfo Funke\u201d, el viernes 22 de agosto a las 20:30 hs. Continuando con su gira por la provincia de Buenos Aires, la comedia dram\u00e1tica llega a Tornquist con esta dupla de reconocidos actores. Es una obra [&hellip;]<\/p>\n","protected":false},"author":5,"featured_media":89283,"comment_status":"closed","ping_status":"closed","sticky":false,"template":"","format":"standard","meta":{"footnotes":""},"categories":[56],"tags":[],"class_list":["post-89282","post","type-post","status-publish","format-standard","has-post-thumbnail","hentry","category-espectaculos"],"yoast_head":"<!-- This site is optimized with the Yoast SEO plugin v19.7.1 - https:\/\/yoast.com\/wordpress\/plugins\/seo\/ -->\n<title>La obra \u201cEl hombre inesperado\u201d, llega al Teatro \u2018Rodolfo Funke\u2019 - CELTTV<\/title>\n<meta name=\"description\" content=\"Sitio web de noticias de la localidad de Tornquist, provincia de Buenos Aires, Rep\u00fablica Argentina. Contenido propio originado por periodistas de CELTTV, el canal de TV local de la Cooperativa El\u00e9ctrica de Tornquist. Turismo, Pol\u00edtica, Sociedad, Deporte, Cultura y todo el contenido de inter\u00e9s general que la gente del pueblo y la regi\u00f3n debe conocer.\" \/>\n<meta name=\"robots\" content=\"index, follow, max-snippet:-1, max-image-preview:large, max-video-preview:-1\" \/>\n<link rel=\"canonical\" href=\"https:\/\/www.celttv.com.ar\/index.php\/2025\/08\/04\/la-obra-el-hombre-inesperado-llega-al-teatro-rodolfo-funke\/\" \/>\n<meta property=\"og:locale\" content=\"es_ES\" \/>\n<meta property=\"og:type\" content=\"article\" \/>\n<meta property=\"og:title\" content=\"La obra \u201cEl hombre inesperado\u201d, llega al Teatro \u2018Rodolfo Funke\u2019 - CELTTV\" \/>\n<meta property=\"og:description\" content=\"Sitio web de noticias de la localidad de Tornquist, provincia de Buenos Aires, Rep\u00fablica Argentina. Contenido propio originado por periodistas de CELTTV, el canal de TV local de la Cooperativa El\u00e9ctrica de Tornquist. Turismo, Pol\u00edtica, Sociedad, Deporte, Cultura y todo el contenido de inter\u00e9s general que la gente del pueblo y la regi\u00f3n debe conocer.\" \/>\n<meta property=\"og:url\" content=\"https:\/\/www.celttv.com.ar\/index.php\/2025\/08\/04\/la-obra-el-hombre-inesperado-llega-al-teatro-rodolfo-funke\/\" \/>\n<meta property=\"og:site_name\" content=\"CELTTV\" \/>\n<meta property=\"article:publisher\" content=\"https:\/\/www.facebook.com\/celtTV\/\" \/>\n<meta property=\"article:published_time\" content=\"2025-08-04T21:40:30+00:00\" \/>\n<meta property=\"og:image\" content=\"https:\/\/www.celttv.com.ar\/wp-content\/uploads\/2025\/08\/EL-HOMBRE-INESPERADO.jpg\" \/>\n\t<meta property=\"og:image:width\" content=\"1080\" \/>\n\t<meta property=\"og:image:height\" content=\"1350\" \/>\n\t<meta property=\"og:image:type\" content=\"image\/jpeg\" \/>\n<meta name=\"author\" content=\"Miguel Herrada\" \/>\n<meta name=\"twitter:card\" content=\"summary_large_image\" \/>\n<meta name=\"twitter:label1\" content=\"Escrito por\" \/>\n\t<meta name=\"twitter:data1\" content=\"Miguel Herrada\" \/>\n\t<meta name=\"twitter:label2\" content=\"Tiempo de lectura\" \/>\n\t<meta name=\"twitter:data2\" content=\"1 minuto\" \/>\n<script type=\"application\/ld+json\" class=\"yoast-schema-graph\">{\"@context\":\"https:\/\/schema.org\",\"@graph\":[{\"@type\":\"NewsArticle\",\"@id\":\"https:\/\/www.celttv.com.ar\/index.php\/2025\/08\/04\/la-obra-el-hombre-inesperado-llega-al-teatro-rodolfo-funke\/#article\",\"isPartOf\":{\"@id\":\"https:\/\/www.celttv.com.ar\/index.php\/2025\/08\/04\/la-obra-el-hombre-inesperado-llega-al-teatro-rodolfo-funke\/\"},\"author\":{\"name\":\"Miguel Herrada\",\"@id\":\"https:\/\/www.celttv.com.ar\/#\/schema\/person\/9059dc91dc7204ef4182cdb65225f07d\"},\"headline\":\"La obra \u201cEl hombre inesperado\u201d, llega al Teatro \u2018Rodolfo Funke\u2019\",\"datePublished\":\"2025-08-04T21:40:30+00:00\",\"dateModified\":\"2025-08-04T21:40:30+00:00\",\"mainEntityOfPage\":{\"@id\":\"https:\/\/www.celttv.com.ar\/index.php\/2025\/08\/04\/la-obra-el-hombre-inesperado-llega-al-teatro-rodolfo-funke\/\"},\"wordCount\":174,\"publisher\":{\"@id\":\"https:\/\/www.celttv.com.ar\/#organization\"},\"articleSection\":[\"Espect\u00e1culos\"],\"inLanguage\":\"es\"},{\"@type\":\"WebPage\",\"@id\":\"https:\/\/www.celttv.com.ar\/index.php\/2025\/08\/04\/la-obra-el-hombre-inesperado-llega-al-teatro-rodolfo-funke\/\",\"url\":\"https:\/\/www.celttv.com.ar\/index.php\/2025\/08\/04\/la-obra-el-hombre-inesperado-llega-al-teatro-rodolfo-funke\/\",\"name\":\"La obra \u201cEl hombre inesperado\u201d, llega al Teatro \u2018Rodolfo Funke\u2019 - CELTTV\",\"isPartOf\":{\"@id\":\"https:\/\/www.celttv.com.ar\/#website\"},\"datePublished\":\"2025-08-04T21:40:30+00:00\",\"dateModified\":\"2025-08-04T21:40:30+00:00\",\"description\":\"Sitio web de noticias de la localidad de Tornquist, provincia de Buenos Aires, Rep\u00fablica Argentina. Contenido propio originado por periodistas de CELTTV, el canal de TV local de la Cooperativa El\u00e9ctrica de Tornquist. Turismo, Pol\u00edtica, Sociedad, Deporte, Cultura y todo el contenido de inter\u00e9s general que la gente del pueblo y la regi\u00f3n debe conocer.\",\"breadcrumb\":{\"@id\":\"https:\/\/www.celttv.com.ar\/index.php\/2025\/08\/04\/la-obra-el-hombre-inesperado-llega-al-teatro-rodolfo-funke\/#breadcrumb\"},\"inLanguage\":\"es\",\"potentialAction\":[{\"@type\":\"ReadAction\",\"target\":[\"https:\/\/www.celttv.com.ar\/index.php\/2025\/08\/04\/la-obra-el-hombre-inesperado-llega-al-teatro-rodolfo-funke\/\"]}]},{\"@type\":\"BreadcrumbList\",\"@id\":\"https:\/\/www.celttv.com.ar\/index.php\/2025\/08\/04\/la-obra-el-hombre-inesperado-llega-al-teatro-rodolfo-funke\/#breadcrumb\",\"itemListElement\":[{\"@type\":\"ListItem\",\"position\":1,\"name\":\"Inicio\",\"item\":\"https:\/\/www.celttv.com.ar\/\"},{\"@type\":\"ListItem\",\"position\":2,\"name\":\"La obra \u201cEl hombre inesperado\u201d, llega al Teatro \u2018Rodolfo Funke\u2019\"}]},{\"@type\":\"WebSite\",\"@id\":\"https:\/\/www.celttv.com.ar\/#website\",\"url\":\"https:\/\/www.celttv.com.ar\/\",\"name\":\"CELTTV\",\"description\":\"Cooperativa El\u00e9ctrica de Tornquist\",\"publisher\":{\"@id\":\"https:\/\/www.celttv.com.ar\/#organization\"},\"potentialAction\":[{\"@type\":\"SearchAction\",\"target\":{\"@type\":\"EntryPoint\",\"urlTemplate\":\"https:\/\/www.celttv.com.ar\/?s={search_term_string}\"},\"query-input\":\"required name=search_term_string\"}],\"inLanguage\":\"es\"},{\"@type\":\"Organization\",\"@id\":\"https:\/\/www.celttv.com.ar\/#organization\",\"name\":\"CELTTV\",\"url\":\"https:\/\/www.celttv.com.ar\/\",\"sameAs\":[\"https:\/\/www.youtube.com\/channel\/UCz_oIt8Hig64Ub-EmcNPIhg\",\"https:\/\/www.facebook.com\/celtTV\/\"],\"logo\":{\"@type\":\"ImageObject\",\"inLanguage\":\"es\",\"@id\":\"https:\/\/www.celttv.com.ar\/#\/schema\/logo\/image\/\",\"url\":\"http:\/\/www.celttv.com.ar\/wp-content\/uploads\/2022\/08\/logo-1.png\",\"contentUrl\":\"http:\/\/www.celttv.com.ar\/wp-content\/uploads\/2022\/08\/logo-1.png\",\"width\":461,\"height\":159,\"caption\":\"CELTTV\"},\"image\":{\"@id\":\"https:\/\/www.celttv.com.ar\/#\/schema\/logo\/image\/\"}},{\"@type\":\"Person\",\"@id\":\"https:\/\/www.celttv.com.ar\/#\/schema\/person\/9059dc91dc7204ef4182cdb65225f07d\",\"name\":\"Miguel Herrada\",\"image\":{\"@type\":\"ImageObject\",\"inLanguage\":\"es\",\"@id\":\"https:\/\/www.celttv.com.ar\/#\/schema\/person\/image\/\",\"url\":\"https:\/\/secure.gravatar.com\/avatar\/67724d5b3c716623ffd76bec7e45841a442ac3b456e914dbba90b0fad2b8e0b1?s=96&d=mm&r=g\",\"contentUrl\":\"https:\/\/secure.gravatar.com\/avatar\/67724d5b3c716623ffd76bec7e45841a442ac3b456e914dbba90b0fad2b8e0b1?s=96&d=mm&r=g\",\"caption\":\"Miguel Herrada\"}}]}<\/script>\n<!-- \/ Yoast SEO plugin. -->","yoast_head_json":{"title":"La obra \u201cEl hombre inesperado\u201d, llega al Teatro \u2018Rodolfo Funke\u2019 - CELTTV","description":"Sitio web de noticias de la localidad de Tornquist, provincia de Buenos Aires, Rep\u00fablica Argentina. Contenido propio originado por periodistas de CELTTV, el canal de TV local de la Cooperativa El\u00e9ctrica de Tornquist. Turismo, Pol\u00edtica, Sociedad, Deporte, Cultura y todo el contenido de inter\u00e9s general que la gente del pueblo y la regi\u00f3n debe conocer.","robots":{"index":"index","follow":"follow","max-snippet":"max-snippet:-1","max-image-preview":"max-image-preview:large","max-video-preview":"max-video-preview:-1"},"canonical":"https:\/\/www.celttv.com.ar\/index.php\/2025\/08\/04\/la-obra-el-hombre-inesperado-llega-al-teatro-rodolfo-funke\/","og_locale":"es_ES","og_type":"article","og_title":"La obra \u201cEl hombre inesperado\u201d, llega al Teatro \u2018Rodolfo Funke\u2019 - CELTTV","og_description":"Sitio web de noticias de la localidad de Tornquist, provincia de Buenos Aires, Rep\u00fablica Argentina. Contenido propio originado por periodistas de CELTTV, el canal de TV local de la Cooperativa El\u00e9ctrica de Tornquist. Turismo, Pol\u00edtica, Sociedad, Deporte, Cultura y todo el contenido de inter\u00e9s general que la gente del pueblo y la regi\u00f3n debe conocer.","og_url":"https:\/\/www.celttv.com.ar\/index.php\/2025\/08\/04\/la-obra-el-hombre-inesperado-llega-al-teatro-rodolfo-funke\/","og_site_name":"CELTTV","article_publisher":"https:\/\/www.facebook.com\/celtTV\/","article_published_time":"2025-08-04T21:40:30+00:00","og_image":[{"width":1080,"height":1350,"url":"https:\/\/www.celttv.com.ar\/wp-content\/uploads\/2025\/08\/EL-HOMBRE-INESPERADO.jpg","type":"image\/jpeg"}],"author":"Miguel Herrada","twitter_card":"summary_large_image","twitter_misc":{"Escrito por":"Miguel Herrada","Tiempo de lectura":"1 minuto"},"schema":{"@context":"https:\/\/schema.org","@graph":[{"@type":"NewsArticle","@id":"https:\/\/www.celttv.com.ar\/index.php\/2025\/08\/04\/la-obra-el-hombre-inesperado-llega-al-teatro-rodolfo-funke\/#article","isPartOf":{"@id":"https:\/\/www.celttv.com.ar\/index.php\/2025\/08\/04\/la-obra-el-hombre-inesperado-llega-al-teatro-rodolfo-funke\/"},"author":{"name":"Miguel Herrada","@id":"https:\/\/www.celttv.com.ar\/#\/schema\/person\/9059dc91dc7204ef4182cdb65225f07d"},"headline":"La obra \u201cEl hombre inesperado\u201d, llega al Teatro \u2018Rodolfo Funke\u2019","datePublished":"2025-08-04T21:40:30+00:00","dateModified":"2025-08-04T21:40:30+00:00","mainEntityOfPage":{"@id":"https:\/\/www.celttv.com.ar\/index.php\/2025\/08\/04\/la-obra-el-hombre-inesperado-llega-al-teatro-rodolfo-funke\/"},"wordCount":174,"publisher":{"@id":"https:\/\/www.celttv.com.ar\/#organization"},"articleSection":["Espect\u00e1culos"],"inLanguage":"es"},{"@type":"WebPage","@id":"https:\/\/www.celttv.com.ar\/index.php\/2025\/08\/04\/la-obra-el-hombre-inesperado-llega-al-teatro-rodolfo-funke\/","url":"https:\/\/www.celttv.com.ar\/index.php\/2025\/08\/04\/la-obra-el-hombre-inesperado-llega-al-teatro-rodolfo-funke\/","name":"La obra \u201cEl hombre inesperado\u201d, llega al Teatro \u2018Rodolfo Funke\u2019 - CELTTV","isPartOf":{"@id":"https:\/\/www.celttv.com.ar\/#website"},"datePublished":"2025-08-04T21:40:30+00:00","dateModified":"2025-08-04T21:40:30+00:00","description":"Sitio web de noticias de la localidad de Tornquist, provincia de Buenos Aires, Rep\u00fablica Argentina. Contenido propio originado por periodistas de CELTTV, el canal de TV local de la Cooperativa El\u00e9ctrica de Tornquist. Turismo, Pol\u00edtica, Sociedad, Deporte, Cultura y todo el contenido de inter\u00e9s general que la gente del pueblo y la regi\u00f3n debe conocer.","breadcrumb":{"@id":"https:\/\/www.celttv.com.ar\/index.php\/2025\/08\/04\/la-obra-el-hombre-inesperado-llega-al-teatro-rodolfo-funke\/#breadcrumb"},"inLanguage":"es","potentialAction":[{"@type":"ReadAction","target":["https:\/\/www.celttv.com.ar\/index.php\/2025\/08\/04\/la-obra-el-hombre-inesperado-llega-al-teatro-rodolfo-funke\/"]}]},{"@type":"BreadcrumbList","@id":"https:\/\/www.celttv.com.ar\/index.php\/2025\/08\/04\/la-obra-el-hombre-inesperado-llega-al-teatro-rodolfo-funke\/#breadcrumb","itemListElement":[{"@type":"ListItem","position":1,"name":"Inicio","item":"https:\/\/www.celttv.com.ar\/"},{"@type":"ListItem","position":2,"name":"La obra \u201cEl hombre inesperado\u201d, llega al Teatro \u2018Rodolfo Funke\u2019"}]},{"@type":"WebSite","@id":"https:\/\/www.celttv.com.ar\/#website","url":"https:\/\/www.celttv.com.ar\/","name":"CELTTV","description":"Cooperativa El\u00e9ctrica de Tornquist","publisher":{"@id":"https:\/\/www.celttv.com.ar\/#organization"},"potentialAction":[{"@type":"SearchAction","target":{"@type":"EntryPoint","urlTemplate":"https:\/\/www.celttv.com.ar\/?s={search_term_string}"},"query-input":"required name=search_term_string"}],"inLanguage":"es"},{"@type":"Organization","@id":"https:\/\/www.celttv.com.ar\/#organization","name":"CELTTV","url":"https:\/\/www.celttv.com.ar\/","sameAs":["https:\/\/www.youtube.com\/channel\/UCz_oIt8Hig64Ub-EmcNPIhg","https:\/\/www.facebook.com\/celtTV\/"],"logo":{"@type":"ImageObject","inLanguage":"es","@id":"https:\/\/www.celttv.com.ar\/#\/schema\/logo\/image\/","url":"http:\/\/www.celttv.com.ar\/wp-content\/uploads\/2022\/08\/logo-1.png","contentUrl":"http:\/\/www.celttv.com.ar\/wp-content\/uploads\/2022\/08\/logo-1.png","width":461,"height":159,"caption":"CELTTV"},"image":{"@id":"https:\/\/www.celttv.com.ar\/#\/schema\/logo\/image\/"}},{"@type":"Person","@id":"https:\/\/www.celttv.com.ar\/#\/schema\/person\/9059dc91dc7204ef4182cdb65225f07d","name":"Miguel Herrada","image":{"@type":"ImageObject","inLanguage":"es","@id":"https:\/\/www.celttv.com.ar\/#\/schema\/person\/image\/","url":"https:\/\/secure.gravatar.com\/avatar\/67724d5b3c716623ffd76bec7e45841a442ac3b456e914dbba90b0fad2b8e0b1?s=96&d=mm&r=g","contentUrl":"https:\/\/secure.gravatar.com\/avatar\/67724d5b3c716623ffd76bec7e45841a442ac3b456e914dbba90b0fad2b8e0b1?s=96&d=mm&r=g","caption":"Miguel Herrada"}}]}},"_links":{"self":[{"href":"https:\/\/www.celttv.com.ar\/index.php\/wp-json\/wp\/v2\/posts\/89282","targetHints":{"allow":["GET"]}}],"collection":[{"href":"https:\/\/www.celttv.com.ar\/index.php\/wp-json\/wp\/v2\/posts"}],"about":[{"href":"https:\/\/www.celttv.com.ar\/index.php\/wp-json\/wp\/v2\/types\/post"}],"author":[{"embeddable":true,"href":"https:\/\/www.celttv.com.ar\/index.php\/wp-json\/wp\/v2\/users\/5"}],"replies":[{"embeddable":true,"href":"https:\/\/www.celttv.com.ar\/index.php\/wp-json\/wp\/v2\/comments?post=89282"}],"version-history":[{"count":1,"href":"https:\/\/www.celttv.com.ar\/index.php\/wp-json\/wp\/v2\/posts\/89282\/revisions"}],"predecessor-version":[{"id":89284,"href":"https:\/\/www.celttv.com.ar\/index.php\/wp-json\/wp\/v2\/posts\/89282\/revisions\/89284"}],"wp:featuredmedia":[{"embeddable":true,"href":"https:\/\/www.celttv.com.ar\/index.php\/wp-json\/wp\/v2\/media\/89283"}],"wp:attachment":[{"href":"https:\/\/www.celttv.com.ar\/index.php\/wp-json\/wp\/v2\/media?parent=89282"}],"wp:term":[{"taxonomy":"category","embeddable":true,"href":"https:\/\/www.celttv.com.ar\/index.php\/wp-json\/wp\/v2\/categories?post=89282"},{"taxonomy":"post_tag","embeddable":true,"href":"https:\/\/www.celttv.com.ar\/index.php\/wp-json\/wp\/v2\/tags?post=89282"}],"curies":[{"name":"wp","href":"https:\/\/api.w.org\/{rel}","templated":true}]}}