{"id":8935,"date":"2012-11-12T20:44:02","date_gmt":"2012-11-12T20:44:02","guid":{"rendered":"http:\/\/www.tvcnoticias.com.ar\/?p=8935"},"modified":"2012-11-12T20:44:02","modified_gmt":"2012-11-12T20:44:02","slug":"el-sector-agroindustrial-planificado-ya-tiene-la-disposicion-previa","status":"publish","type":"post","link":"https:\/\/www.celttv.com.ar\/index.php\/2012\/11\/12\/el-sector-agroindustrial-planificado-ya-tiene-la-disposicion-previa\/","title":{"rendered":"EL SECTOR AGROINDUSTRIAL PLANIFICADO YA TIENE LA DISPOSICION PREVIA"},"content":{"rendered":"<p><br \/>\nhttpv:\/\/www.youtube.com\/watch?v=gmzj3bH6WHc<br \/>\nLa disposici\u00f3n previa del Sector Agroindustrial Planificado del distrito de Tornquist fue entregada hoy por el ministro de la Producci\u00f3n, Ciencia y Tecnolog\u00eda, doctor Cristian Breitenstein, durante un acto realizado en la Sala de Situaciones de la comuna, que cont\u00f3 con la presencia del intendente municipal, licenciado Gustavo Trankels.<br \/>\nEl documento, recibido por el propio jefe distrital, permitir\u00e1 avanzar en otro tramo del proyecto, destinado a la radicaci\u00f3n de empresas y emprendimientos productivos.<br \/>\nDe la entrega participaron, adem\u00e1s, el secretario y el director de Producci\u00f3n y Medio Ambiente local, Ricardo Valentini y V\u00edctor Ant\u00f3n, respectivamente, integrantes del Ejecutivo municipal y concejales, mientras que en representaci\u00f3n del ministerio bonaerense estuvieron Andr\u00e9s Ombrosi (Jefe de Gabinete), Marcelo Ciccola (delegado del Ministerio en Bah\u00eda Blanca), Pablo Garate (Director de Desarrollo Productivo Local), Fabricio De Arriba Ar\u00e9valo (Director de Promoci\u00f3n Industrial) y Paula Sutter (encargada del Ministerio en la delegaci\u00f3n bahiense).<br \/>\n&#8220;Este es un d\u00eda muy especial para nuestro distrito. Quiero valorar la tarea de todo el equipo del Ministerio, de la Secretar\u00eda de Producci\u00f3n y Medio Ambiente, encabezada por Ricardo Valentini y V\u00edctor Ant\u00f3n, y de la Secretar\u00eda de Obras P\u00fablicas, debido a que esto demand\u00f3 un trabajo interdisciplinario. Tambi\u00e9n le agradezco el acompa\u00f1amiento al Concejo Deliberante&#8221;, manifest\u00f3 Trankels.<br \/>\n&#8220;Lo importante es visualizar y tener en claro que este es un logro que ser\u00e1 en beneficio de todos los tornquistenstes. Dispondremos de un lugar donde podr\u00e1n radicarse empresas y generar trabajo genuino para nuestra gente&#8221;, asever\u00f3.<br \/>\nEl Sector Agroindustrial Planificado dispone de 32 lotes y se encuentra ubicado sobre la ruta provincial 76, a escasos metros de la ruta nacional 33.<br \/>\n&#8220;Esta disposici\u00f3n previa es el final de una etapa de mucha gesti\u00f3n, de presentaci\u00f3n de planos, anteproyectos y trabajos que demandaron much\u00edsimo tiempo, pero se abre un nuevo escenario, con la posibilidad de acceder a otro tipo de acompa\u00f1amiento. Debo destacar que el gobernador Daniel Scioli siempre apoy\u00f3 esta idea, al igual que el ministro Gustavo Arrieta (Asuntos Agrarios bonaerense) y el ministro Norberto Yauhar (Agricultura, Ganader\u00eda y Pesca de la Naci\u00f3n). Fruto del trabajo conjunto entre Naci\u00f3n, Provincia y Municipio es que pudimos llegar hasta ac\u00e1&#8221;, enfatiz\u00f3.<br \/>\nActualmente, en el sector se est\u00e1 ejecutando la construcci\u00f3n del alambrado perimetral.<br \/>\n&#8220;Esta es una lectura clara de lo que son las demandas de una ciudad o una localidad peque\u00f1a, que ya no se reduce al alumbrado, barrido y limpieza sino que tiene que ver con c\u00f3mo generar empleo y atraer inversiones. Por eso felicito a Gustavo. Tornquist es un espacio agr\u00edcologanadero con diversificaci\u00f3n tur\u00edstica, gastron\u00f3mica, vitivin\u00edcola&#8230; Sin embargo, Gustavo est\u00e1 marcando que adem\u00e1s de todas esas bondades pretende hacer un lugar que tenga receptividad para el desarrollo agroindustrial, para atraer inversiones y consolidar empleo&#8221;, resalt\u00f3 el ministro Breitenstein.<br \/>\n&#8220;Hasta el a\u00f1o pasado ten\u00edamos 60 agrupamientos industriales en la provincia de Buenos Aires, el a\u00f1o que viene contaremos con 80 y finalizaremos el mandato en 2015 con 100. Esto tiene un claro objetivo, que el gobernador nos pidi\u00f3 como pol\u00edtica de Estado: generar herramientas para el desarrollo del interior, por eso el 83 por ciento est\u00e1n radicados en ese lugar&#8221;, a\u00f1adi\u00f3.<\/p>\n","protected":false},"excerpt":{"rendered":"<p>httpv:\/\/www.youtube.com\/watch?v=gmzj3bH6WHc La disposici\u00f3n previa del Sector Agroindustrial Planificado del distrito de Tornquist fue entregada hoy por el ministro de la Producci\u00f3n, Ciencia y Tecnolog\u00eda, doctor Cristian Breitenstein, durante un acto realizado en la Sala de Situaciones de la comuna, que cont\u00f3 con la presencia del intendente municipal, licenciado Gustavo Trankels. El documento, recibido por el [&hellip;]<\/p>\n","protected":false},"author":1,"featured_media":0,"comment_status":"closed","ping_status":"open","sticky":false,"template":"","format":"standard","meta":{"footnotes":""},"categories":[51,52,53],"tags":[],"class_list":["post-8935","post","type-post","status-publish","format-standard","hentry","category-comunidad","category-destacadas","category-politica"],"yoast_head":"<!-- This site is optimized with the Yoast SEO plugin v19.7.1 - https:\/\/yoast.com\/wordpress\/plugins\/seo\/ -->\n<title>EL SECTOR AGROINDUSTRIAL PLANIFICADO YA TIENE LA DISPOSICION PREVIA - CELTTV<\/title>\n<meta name=\"description\" content=\"Sitio web de noticias de la localidad de Tornquist, provincia de Buenos Aires, Rep\u00fablica Argentina. Contenido propio originado por periodistas de CELTTV, el canal de TV local de la Cooperativa El\u00e9ctrica de Tornquist. Turismo, Pol\u00edtica, Sociedad, Deporte, Cultura y todo el contenido de inter\u00e9s general que la gente del pueblo y la regi\u00f3n debe conocer.\" \/>\n<meta name=\"robots\" content=\"index, follow, max-snippet:-1, max-image-preview:large, max-video-preview:-1\" \/>\n<link rel=\"canonical\" href=\"https:\/\/www.celttv.com.ar\/index.php\/2012\/11\/12\/el-sector-agroindustrial-planificado-ya-tiene-la-disposicion-previa\/\" \/>\n<meta property=\"og:locale\" content=\"es_ES\" \/>\n<meta property=\"og:type\" content=\"article\" \/>\n<meta property=\"og:title\" content=\"EL SECTOR AGROINDUSTRIAL PLANIFICADO YA TIENE LA DISPOSICION PREVIA - CELTTV\" \/>\n<meta property=\"og:description\" content=\"Sitio web de noticias de la localidad de Tornquist, provincia de Buenos Aires, Rep\u00fablica Argentina. Contenido propio originado por periodistas de CELTTV, el canal de TV local de la Cooperativa El\u00e9ctrica de Tornquist. Turismo, Pol\u00edtica, Sociedad, Deporte, Cultura y todo el contenido de inter\u00e9s general que la gente del pueblo y la regi\u00f3n debe conocer.\" \/>\n<meta property=\"og:url\" content=\"https:\/\/www.celttv.com.ar\/index.php\/2012\/11\/12\/el-sector-agroindustrial-planificado-ya-tiene-la-disposicion-previa\/\" \/>\n<meta property=\"og:site_name\" content=\"CELTTV\" \/>\n<meta property=\"article:publisher\" content=\"https:\/\/www.facebook.com\/celtTV\/\" \/>\n<meta property=\"article:published_time\" content=\"2012-11-12T20:44:02+00:00\" \/>\n<meta name=\"author\" content=\"ulises\" \/>\n<meta name=\"twitter:card\" content=\"summary_large_image\" \/>\n<meta name=\"twitter:label1\" content=\"Escrito por\" \/>\n\t<meta name=\"twitter:data1\" content=\"ulises\" \/>\n\t<meta name=\"twitter:label2\" content=\"Tiempo de lectura\" \/>\n\t<meta name=\"twitter:data2\" content=\"3 minutos\" \/>\n<script type=\"application\/ld+json\" class=\"yoast-schema-graph\">{\"@context\":\"https:\/\/schema.org\",\"@graph\":[{\"@type\":\"NewsArticle\",\"@id\":\"https:\/\/www.celttv.com.ar\/index.php\/2012\/11\/12\/el-sector-agroindustrial-planificado-ya-tiene-la-disposicion-previa\/#article\",\"isPartOf\":{\"@id\":\"https:\/\/www.celttv.com.ar\/index.php\/2012\/11\/12\/el-sector-agroindustrial-planificado-ya-tiene-la-disposicion-previa\/\"},\"author\":{\"name\":\"ulises\",\"@id\":\"https:\/\/www.celttv.com.ar\/#\/schema\/person\/6d99c072dba59953809c81446e9d0ace\"},\"headline\":\"EL SECTOR AGROINDUSTRIAL PLANIFICADO YA TIENE LA DISPOSICION PREVIA\",\"datePublished\":\"2012-11-12T20:44:02+00:00\",\"dateModified\":\"2012-11-12T20:44:02+00:00\",\"mainEntityOfPage\":{\"@id\":\"https:\/\/www.celttv.com.ar\/index.php\/2012\/11\/12\/el-sector-agroindustrial-planificado-ya-tiene-la-disposicion-previa\/\"},\"wordCount\":578,\"publisher\":{\"@id\":\"https:\/\/www.celttv.com.ar\/#organization\"},\"articleSection\":[\"Comunidad\",\"Destacadas\",\"Pol\u00edtica\"],\"inLanguage\":\"es\"},{\"@type\":\"WebPage\",\"@id\":\"https:\/\/www.celttv.com.ar\/index.php\/2012\/11\/12\/el-sector-agroindustrial-planificado-ya-tiene-la-disposicion-previa\/\",\"url\":\"https:\/\/www.celttv.com.ar\/index.php\/2012\/11\/12\/el-sector-agroindustrial-planificado-ya-tiene-la-disposicion-previa\/\",\"name\":\"EL SECTOR AGROINDUSTRIAL PLANIFICADO YA TIENE LA DISPOSICION PREVIA - CELTTV\",\"isPartOf\":{\"@id\":\"https:\/\/www.celttv.com.ar\/#website\"},\"datePublished\":\"2012-11-12T20:44:02+00:00\",\"dateModified\":\"2012-11-12T20:44:02+00:00\",\"description\":\"Sitio web de noticias de la localidad de Tornquist, provincia de Buenos Aires, Rep\u00fablica Argentina. Contenido propio originado por periodistas de CELTTV, el canal de TV local de la Cooperativa El\u00e9ctrica de Tornquist. Turismo, Pol\u00edtica, Sociedad, Deporte, Cultura y todo el contenido de inter\u00e9s general que la gente del pueblo y la regi\u00f3n debe conocer.\",\"breadcrumb\":{\"@id\":\"https:\/\/www.celttv.com.ar\/index.php\/2012\/11\/12\/el-sector-agroindustrial-planificado-ya-tiene-la-disposicion-previa\/#breadcrumb\"},\"inLanguage\":\"es\",\"potentialAction\":[{\"@type\":\"ReadAction\",\"target\":[\"https:\/\/www.celttv.com.ar\/index.php\/2012\/11\/12\/el-sector-agroindustrial-planificado-ya-tiene-la-disposicion-previa\/\"]}]},{\"@type\":\"BreadcrumbList\",\"@id\":\"https:\/\/www.celttv.com.ar\/index.php\/2012\/11\/12\/el-sector-agroindustrial-planificado-ya-tiene-la-disposicion-previa\/#breadcrumb\",\"itemListElement\":[{\"@type\":\"ListItem\",\"position\":1,\"name\":\"Inicio\",\"item\":\"https:\/\/www.celttv.com.ar\/\"},{\"@type\":\"ListItem\",\"position\":2,\"name\":\"EL SECTOR AGROINDUSTRIAL PLANIFICADO YA TIENE LA DISPOSICION PREVIA\"}]},{\"@type\":\"WebSite\",\"@id\":\"https:\/\/www.celttv.com.ar\/#website\",\"url\":\"https:\/\/www.celttv.com.ar\/\",\"name\":\"CELTTV\",\"description\":\"Cooperativa El\u00e9ctrica de Tornquist\",\"publisher\":{\"@id\":\"https:\/\/www.celttv.com.ar\/#organization\"},\"potentialAction\":[{\"@type\":\"SearchAction\",\"target\":{\"@type\":\"EntryPoint\",\"urlTemplate\":\"https:\/\/www.celttv.com.ar\/?s={search_term_string}\"},\"query-input\":\"required name=search_term_string\"}],\"inLanguage\":\"es\"},{\"@type\":\"Organization\",\"@id\":\"https:\/\/www.celttv.com.ar\/#organization\",\"name\":\"CELTTV\",\"url\":\"https:\/\/www.celttv.com.ar\/\",\"sameAs\":[\"https:\/\/www.youtube.com\/channel\/UCz_oIt8Hig64Ub-EmcNPIhg\",\"https:\/\/www.facebook.com\/celtTV\/\"],\"logo\":{\"@type\":\"ImageObject\",\"inLanguage\":\"es\",\"@id\":\"https:\/\/www.celttv.com.ar\/#\/schema\/logo\/image\/\",\"url\":\"http:\/\/www.celttv.com.ar\/wp-content\/uploads\/2022\/08\/logo-1.png\",\"contentUrl\":\"http:\/\/www.celttv.com.ar\/wp-content\/uploads\/2022\/08\/logo-1.png\",\"width\":461,\"height\":159,\"caption\":\"CELTTV\"},\"image\":{\"@id\":\"https:\/\/www.celttv.com.ar\/#\/schema\/logo\/image\/\"}},{\"@type\":\"Person\",\"@id\":\"https:\/\/www.celttv.com.ar\/#\/schema\/person\/6d99c072dba59953809c81446e9d0ace\",\"name\":\"ulises\",\"image\":{\"@type\":\"ImageObject\",\"inLanguage\":\"es\",\"@id\":\"https:\/\/www.celttv.com.ar\/#\/schema\/person\/image\/\",\"url\":\"https:\/\/secure.gravatar.com\/avatar\/7f2c48bdc33b30088f941fb6082e555f2874c98e20cb159d7b92b50eadfce793?s=96&d=mm&r=g\",\"contentUrl\":\"https:\/\/secure.gravatar.com\/avatar\/7f2c48bdc33b30088f941fb6082e555f2874c98e20cb159d7b92b50eadfce793?s=96&d=mm&r=g\",\"caption\":\"ulises\"},\"sameAs\":[\"http:\/\/www.celttv.com.ar\"]}]}<\/script>\n<!-- \/ Yoast SEO plugin. -->","yoast_head_json":{"title":"EL SECTOR AGROINDUSTRIAL PLANIFICADO YA TIENE LA DISPOSICION PREVIA - CELTTV","description":"Sitio web de noticias de la localidad de Tornquist, provincia de Buenos Aires, Rep\u00fablica Argentina. Contenido propio originado por periodistas de CELTTV, el canal de TV local de la Cooperativa El\u00e9ctrica de Tornquist. Turismo, Pol\u00edtica, Sociedad, Deporte, Cultura y todo el contenido de inter\u00e9s general que la gente del pueblo y la regi\u00f3n debe conocer.","robots":{"index":"index","follow":"follow","max-snippet":"max-snippet:-1","max-image-preview":"max-image-preview:large","max-video-preview":"max-video-preview:-1"},"canonical":"https:\/\/www.celttv.com.ar\/index.php\/2012\/11\/12\/el-sector-agroindustrial-planificado-ya-tiene-la-disposicion-previa\/","og_locale":"es_ES","og_type":"article","og_title":"EL SECTOR AGROINDUSTRIAL PLANIFICADO YA TIENE LA DISPOSICION PREVIA - CELTTV","og_description":"Sitio web de noticias de la localidad de Tornquist, provincia de Buenos Aires, Rep\u00fablica Argentina. Contenido propio originado por periodistas de CELTTV, el canal de TV local de la Cooperativa El\u00e9ctrica de Tornquist. Turismo, Pol\u00edtica, Sociedad, Deporte, Cultura y todo el contenido de inter\u00e9s general que la gente del pueblo y la regi\u00f3n debe conocer.","og_url":"https:\/\/www.celttv.com.ar\/index.php\/2012\/11\/12\/el-sector-agroindustrial-planificado-ya-tiene-la-disposicion-previa\/","og_site_name":"CELTTV","article_publisher":"https:\/\/www.facebook.com\/celtTV\/","article_published_time":"2012-11-12T20:44:02+00:00","author":"ulises","twitter_card":"summary_large_image","twitter_misc":{"Escrito por":"ulises","Tiempo de lectura":"3 minutos"},"schema":{"@context":"https:\/\/schema.org","@graph":[{"@type":"NewsArticle","@id":"https:\/\/www.celttv.com.ar\/index.php\/2012\/11\/12\/el-sector-agroindustrial-planificado-ya-tiene-la-disposicion-previa\/#article","isPartOf":{"@id":"https:\/\/www.celttv.com.ar\/index.php\/2012\/11\/12\/el-sector-agroindustrial-planificado-ya-tiene-la-disposicion-previa\/"},"author":{"name":"ulises","@id":"https:\/\/www.celttv.com.ar\/#\/schema\/person\/6d99c072dba59953809c81446e9d0ace"},"headline":"EL SECTOR AGROINDUSTRIAL PLANIFICADO YA TIENE LA DISPOSICION PREVIA","datePublished":"2012-11-12T20:44:02+00:00","dateModified":"2012-11-12T20:44:02+00:00","mainEntityOfPage":{"@id":"https:\/\/www.celttv.com.ar\/index.php\/2012\/11\/12\/el-sector-agroindustrial-planificado-ya-tiene-la-disposicion-previa\/"},"wordCount":578,"publisher":{"@id":"https:\/\/www.celttv.com.ar\/#organization"},"articleSection":["Comunidad","Destacadas","Pol\u00edtica"],"inLanguage":"es"},{"@type":"WebPage","@id":"https:\/\/www.celttv.com.ar\/index.php\/2012\/11\/12\/el-sector-agroindustrial-planificado-ya-tiene-la-disposicion-previa\/","url":"https:\/\/www.celttv.com.ar\/index.php\/2012\/11\/12\/el-sector-agroindustrial-planificado-ya-tiene-la-disposicion-previa\/","name":"EL SECTOR AGROINDUSTRIAL PLANIFICADO YA TIENE LA DISPOSICION PREVIA - CELTTV","isPartOf":{"@id":"https:\/\/www.celttv.com.ar\/#website"},"datePublished":"2012-11-12T20:44:02+00:00","dateModified":"2012-11-12T20:44:02+00:00","description":"Sitio web de noticias de la localidad de Tornquist, provincia de Buenos Aires, Rep\u00fablica Argentina. Contenido propio originado por periodistas de CELTTV, el canal de TV local de la Cooperativa El\u00e9ctrica de Tornquist. Turismo, Pol\u00edtica, Sociedad, Deporte, Cultura y todo el contenido de inter\u00e9s general que la gente del pueblo y la regi\u00f3n debe conocer.","breadcrumb":{"@id":"https:\/\/www.celttv.com.ar\/index.php\/2012\/11\/12\/el-sector-agroindustrial-planificado-ya-tiene-la-disposicion-previa\/#breadcrumb"},"inLanguage":"es","potentialAction":[{"@type":"ReadAction","target":["https:\/\/www.celttv.com.ar\/index.php\/2012\/11\/12\/el-sector-agroindustrial-planificado-ya-tiene-la-disposicion-previa\/"]}]},{"@type":"BreadcrumbList","@id":"https:\/\/www.celttv.com.ar\/index.php\/2012\/11\/12\/el-sector-agroindustrial-planificado-ya-tiene-la-disposicion-previa\/#breadcrumb","itemListElement":[{"@type":"ListItem","position":1,"name":"Inicio","item":"https:\/\/www.celttv.com.ar\/"},{"@type":"ListItem","position":2,"name":"EL SECTOR AGROINDUSTRIAL PLANIFICADO YA TIENE LA DISPOSICION PREVIA"}]},{"@type":"WebSite","@id":"https:\/\/www.celttv.com.ar\/#website","url":"https:\/\/www.celttv.com.ar\/","name":"CELTTV","description":"Cooperativa El\u00e9ctrica de Tornquist","publisher":{"@id":"https:\/\/www.celttv.com.ar\/#organization"},"potentialAction":[{"@type":"SearchAction","target":{"@type":"EntryPoint","urlTemplate":"https:\/\/www.celttv.com.ar\/?s={search_term_string}"},"query-input":"required name=search_term_string"}],"inLanguage":"es"},{"@type":"Organization","@id":"https:\/\/www.celttv.com.ar\/#organization","name":"CELTTV","url":"https:\/\/www.celttv.com.ar\/","sameAs":["https:\/\/www.youtube.com\/channel\/UCz_oIt8Hig64Ub-EmcNPIhg","https:\/\/www.facebook.com\/celtTV\/"],"logo":{"@type":"ImageObject","inLanguage":"es","@id":"https:\/\/www.celttv.com.ar\/#\/schema\/logo\/image\/","url":"http:\/\/www.celttv.com.ar\/wp-content\/uploads\/2022\/08\/logo-1.png","contentUrl":"http:\/\/www.celttv.com.ar\/wp-content\/uploads\/2022\/08\/logo-1.png","width":461,"height":159,"caption":"CELTTV"},"image":{"@id":"https:\/\/www.celttv.com.ar\/#\/schema\/logo\/image\/"}},{"@type":"Person","@id":"https:\/\/www.celttv.com.ar\/#\/schema\/person\/6d99c072dba59953809c81446e9d0ace","name":"ulises","image":{"@type":"ImageObject","inLanguage":"es","@id":"https:\/\/www.celttv.com.ar\/#\/schema\/person\/image\/","url":"https:\/\/secure.gravatar.com\/avatar\/7f2c48bdc33b30088f941fb6082e555f2874c98e20cb159d7b92b50eadfce793?s=96&d=mm&r=g","contentUrl":"https:\/\/secure.gravatar.com\/avatar\/7f2c48bdc33b30088f941fb6082e555f2874c98e20cb159d7b92b50eadfce793?s=96&d=mm&r=g","caption":"ulises"},"sameAs":["http:\/\/www.celttv.com.ar"]}]}},"_links":{"self":[{"href":"https:\/\/www.celttv.com.ar\/index.php\/wp-json\/wp\/v2\/posts\/8935","targetHints":{"allow":["GET"]}}],"collection":[{"href":"https:\/\/www.celttv.com.ar\/index.php\/wp-json\/wp\/v2\/posts"}],"about":[{"href":"https:\/\/www.celttv.com.ar\/index.php\/wp-json\/wp\/v2\/types\/post"}],"author":[{"embeddable":true,"href":"https:\/\/www.celttv.com.ar\/index.php\/wp-json\/wp\/v2\/users\/1"}],"replies":[{"embeddable":true,"href":"https:\/\/www.celttv.com.ar\/index.php\/wp-json\/wp\/v2\/comments?post=8935"}],"version-history":[{"count":0,"href":"https:\/\/www.celttv.com.ar\/index.php\/wp-json\/wp\/v2\/posts\/8935\/revisions"}],"wp:attachment":[{"href":"https:\/\/www.celttv.com.ar\/index.php\/wp-json\/wp\/v2\/media?parent=8935"}],"wp:term":[{"taxonomy":"category","embeddable":true,"href":"https:\/\/www.celttv.com.ar\/index.php\/wp-json\/wp\/v2\/categories?post=8935"},{"taxonomy":"post_tag","embeddable":true,"href":"https:\/\/www.celttv.com.ar\/index.php\/wp-json\/wp\/v2\/tags?post=8935"}],"curies":[{"name":"wp","href":"https:\/\/api.w.org\/{rel}","templated":true}]}}