{"id":89375,"date":"2025-08-11T20:48:12","date_gmt":"2025-08-11T23:48:12","guid":{"rendered":"https:\/\/www.celttv.com.ar\/?p=89375"},"modified":"2025-08-11T20:48:12","modified_gmt":"2025-08-11T23:48:12","slug":"la-subsecretaria-de-ambiente-y-desarrollo-sostenible-lanza-un-nuevo-ciclo-de-charlas-sobre-separacion-de-residuos-y-compostaje","status":"publish","type":"post","link":"https:\/\/www.celttv.com.ar\/index.php\/2025\/08\/11\/la-subsecretaria-de-ambiente-y-desarrollo-sostenible-lanza-un-nuevo-ciclo-de-charlas-sobre-separacion-de-residuos-y-compostaje\/","title":{"rendered":"La Subsecretar\u00eda de Ambiente y Desarrollo Sostenible lanza un nuevo ciclo de charlas sobre separaci\u00f3n de residuos y compostaje"},"content":{"rendered":"<p>Con el objetivo de avanzar hacia el cierre definitivo del basural de Sierra de la Ventana -Saldungaray y promover pr\u00e1cticas responsables en la gesti\u00f3n de residuos, Tornquist Municipio, a trav\u00e9s de la Subsecretar\u00eda de Ambiente y Desarrollo Sostenible, impulsa un ciclo de charlas abiertas y gratuitas sobre separaci\u00f3n de residuos y compostaje.<\/p>\n<p>Estas jornadas tendr\u00e1n car\u00e1cter itinerante, con el fin de llegar a todos los vecinos del distrito y generar conciencia sobre la importancia de reducir la generaci\u00f3n de residuos.<\/p>\n<p>Durante los encuentros se abordar\u00e1n ejes centrales de la gesti\u00f3n de residuos, tales como reducci\u00f3n, reutilizaci\u00f3n y reciclaje, as\u00ed como la relevancia del compostaje, un m\u00e9todo natural y eficaz para transformar los desechos org\u00e1nicos en un recurso valioso para la fertilizaci\u00f3n del suelo.<\/p>\n<p><strong><u>Cronograma de charlas:<\/u><\/strong><\/p>\n<ul>\n<li>Mi\u00e9rcoles 13 de agosto \u2013 17:00 hs \u2013 Biblioteca Mariano Moreno, Sierra de la Ventana.<\/li>\n<li>Lunes 18 de agosto \u2013 17:00 hs \u2013 Biblioteca de Saldungaray.<\/li>\n<li>Viernes 29 de agosto \u2013 15:00 hs \u2013 SUM Parque Ambiental, Tornquist.<\/li>\n<li>Lunes 8 de septiembre \u2013 16:30 hs \u2013 Biblioteca de Villa Ventana.<\/li>\n<\/ul>\n<p>La invitaci\u00f3n es para toda la comunidad. La participaci\u00f3n de los vecinos es clave para construir un distrito m\u00e1s limpio, sustentable y comprometido con el cuidado del ambiente.<\/p>\n<p><img loading=\"lazy\" decoding=\"async\" class=\"alignnone wp-image-89376 size-full\" src=\"https:\/\/www.celttv.com.ar\/wp-content\/uploads\/2025\/08\/Charlas-ambiente-Medium.png\" alt=\"\" width=\"768\" height=\"960\" srcset=\"https:\/\/www.celttv.com.ar\/wp-content\/uploads\/2025\/08\/Charlas-ambiente-Medium.png 768w, https:\/\/www.celttv.com.ar\/wp-content\/uploads\/2025\/08\/Charlas-ambiente-Medium-240x300.png 240w, https:\/\/www.celttv.com.ar\/wp-content\/uploads\/2025\/08\/Charlas-ambiente-Medium-750x938.png 750w\" sizes=\"auto, (max-width: 768px) 100vw, 768px\" \/><\/p>\n<p>&nbsp;<\/p>\n","protected":false},"excerpt":{"rendered":"<p>Con el objetivo de avanzar hacia el cierre definitivo del basural de Sierra de la Ventana -Saldungaray y promover pr\u00e1cticas responsables en la gesti\u00f3n de residuos, Tornquist Municipio, a trav\u00e9s de la Subsecretar\u00eda de Ambiente y Desarrollo Sostenible, impulsa un ciclo de charlas abiertas y gratuitas sobre separaci\u00f3n de residuos y compostaje. Estas jornadas tendr\u00e1n [&hellip;]<\/p>\n","protected":false},"author":5,"featured_media":89376,"comment_status":"closed","ping_status":"closed","sticky":false,"template":"","format":"standard","meta":{"footnotes":""},"categories":[59],"tags":[],"class_list":["post-89375","post","type-post","status-publish","format-standard","has-post-thumbnail","hentry","category-municipales"],"yoast_head":"<!-- This site is optimized with the Yoast SEO plugin v19.7.1 - https:\/\/yoast.com\/wordpress\/plugins\/seo\/ -->\n<title>La Subsecretar\u00eda de Ambiente y Desarrollo Sostenible lanza un nuevo ciclo de charlas sobre separaci\u00f3n de residuos y compostaje - CELTTV<\/title>\n<meta name=\"description\" content=\"Sitio web de noticias de la localidad de Tornquist, provincia de Buenos Aires, Rep\u00fablica Argentina. Contenido propio originado por periodistas de CELTTV, el canal de TV local de la Cooperativa El\u00e9ctrica de Tornquist. Turismo, Pol\u00edtica, Sociedad, Deporte, Cultura y todo el contenido de inter\u00e9s general que la gente del pueblo y la regi\u00f3n debe conocer.\" \/>\n<meta name=\"robots\" content=\"index, follow, max-snippet:-1, max-image-preview:large, max-video-preview:-1\" \/>\n<link rel=\"canonical\" href=\"https:\/\/www.celttv.com.ar\/index.php\/2025\/08\/11\/la-subsecretaria-de-ambiente-y-desarrollo-sostenible-lanza-un-nuevo-ciclo-de-charlas-sobre-separacion-de-residuos-y-compostaje\/\" \/>\n<meta property=\"og:locale\" content=\"es_ES\" \/>\n<meta property=\"og:type\" content=\"article\" \/>\n<meta property=\"og:title\" content=\"La Subsecretar\u00eda de Ambiente y Desarrollo Sostenible lanza un nuevo ciclo de charlas sobre separaci\u00f3n de residuos y compostaje - CELTTV\" \/>\n<meta property=\"og:description\" content=\"Sitio web de noticias de la localidad de Tornquist, provincia de Buenos Aires, Rep\u00fablica Argentina. Contenido propio originado por periodistas de CELTTV, el canal de TV local de la Cooperativa El\u00e9ctrica de Tornquist. Turismo, Pol\u00edtica, Sociedad, Deporte, Cultura y todo el contenido de inter\u00e9s general que la gente del pueblo y la regi\u00f3n debe conocer.\" \/>\n<meta property=\"og:url\" content=\"https:\/\/www.celttv.com.ar\/index.php\/2025\/08\/11\/la-subsecretaria-de-ambiente-y-desarrollo-sostenible-lanza-un-nuevo-ciclo-de-charlas-sobre-separacion-de-residuos-y-compostaje\/\" \/>\n<meta property=\"og:site_name\" content=\"CELTTV\" \/>\n<meta property=\"article:publisher\" content=\"https:\/\/www.facebook.com\/celtTV\/\" \/>\n<meta property=\"article:published_time\" content=\"2025-08-11T23:48:12+00:00\" \/>\n<meta property=\"og:image\" content=\"https:\/\/www.celttv.com.ar\/wp-content\/uploads\/2025\/08\/Charlas-ambiente-Medium.png\" \/>\n\t<meta property=\"og:image:width\" content=\"768\" \/>\n\t<meta property=\"og:image:height\" content=\"960\" \/>\n\t<meta property=\"og:image:type\" content=\"image\/png\" \/>\n<meta name=\"author\" content=\"Miguel Herrada\" \/>\n<meta name=\"twitter:card\" content=\"summary_large_image\" \/>\n<meta name=\"twitter:label1\" content=\"Escrito por\" \/>\n\t<meta name=\"twitter:data1\" content=\"Miguel Herrada\" \/>\n\t<meta name=\"twitter:label2\" content=\"Tiempo de lectura\" \/>\n\t<meta name=\"twitter:data2\" content=\"1 minuto\" \/>\n<script type=\"application\/ld+json\" class=\"yoast-schema-graph\">{\"@context\":\"https:\/\/schema.org\",\"@graph\":[{\"@type\":\"NewsArticle\",\"@id\":\"https:\/\/www.celttv.com.ar\/index.php\/2025\/08\/11\/la-subsecretaria-de-ambiente-y-desarrollo-sostenible-lanza-un-nuevo-ciclo-de-charlas-sobre-separacion-de-residuos-y-compostaje\/#article\",\"isPartOf\":{\"@id\":\"https:\/\/www.celttv.com.ar\/index.php\/2025\/08\/11\/la-subsecretaria-de-ambiente-y-desarrollo-sostenible-lanza-un-nuevo-ciclo-de-charlas-sobre-separacion-de-residuos-y-compostaje\/\"},\"author\":{\"name\":\"Miguel Herrada\",\"@id\":\"https:\/\/www.celttv.com.ar\/#\/schema\/person\/9059dc91dc7204ef4182cdb65225f07d\"},\"headline\":\"La Subsecretar\u00eda de Ambiente y Desarrollo Sostenible lanza un nuevo ciclo de charlas sobre separaci\u00f3n de residuos y compostaje\",\"datePublished\":\"2025-08-11T23:48:12+00:00\",\"dateModified\":\"2025-08-11T23:48:12+00:00\",\"mainEntityOfPage\":{\"@id\":\"https:\/\/www.celttv.com.ar\/index.php\/2025\/08\/11\/la-subsecretaria-de-ambiente-y-desarrollo-sostenible-lanza-un-nuevo-ciclo-de-charlas-sobre-separacion-de-residuos-y-compostaje\/\"},\"wordCount\":229,\"publisher\":{\"@id\":\"https:\/\/www.celttv.com.ar\/#organization\"},\"articleSection\":[\"Municipales\"],\"inLanguage\":\"es\"},{\"@type\":\"WebPage\",\"@id\":\"https:\/\/www.celttv.com.ar\/index.php\/2025\/08\/11\/la-subsecretaria-de-ambiente-y-desarrollo-sostenible-lanza-un-nuevo-ciclo-de-charlas-sobre-separacion-de-residuos-y-compostaje\/\",\"url\":\"https:\/\/www.celttv.com.ar\/index.php\/2025\/08\/11\/la-subsecretaria-de-ambiente-y-desarrollo-sostenible-lanza-un-nuevo-ciclo-de-charlas-sobre-separacion-de-residuos-y-compostaje\/\",\"name\":\"La Subsecretar\u00eda de Ambiente y Desarrollo Sostenible lanza un nuevo ciclo de charlas sobre separaci\u00f3n de residuos y compostaje - CELTTV\",\"isPartOf\":{\"@id\":\"https:\/\/www.celttv.com.ar\/#website\"},\"datePublished\":\"2025-08-11T23:48:12+00:00\",\"dateModified\":\"2025-08-11T23:48:12+00:00\",\"description\":\"Sitio web de noticias de la localidad de Tornquist, provincia de Buenos Aires, Rep\u00fablica Argentina. Contenido propio originado por periodistas de CELTTV, el canal de TV local de la Cooperativa El\u00e9ctrica de Tornquist. Turismo, Pol\u00edtica, Sociedad, Deporte, Cultura y todo el contenido de inter\u00e9s general que la gente del pueblo y la regi\u00f3n debe conocer.\",\"breadcrumb\":{\"@id\":\"https:\/\/www.celttv.com.ar\/index.php\/2025\/08\/11\/la-subsecretaria-de-ambiente-y-desarrollo-sostenible-lanza-un-nuevo-ciclo-de-charlas-sobre-separacion-de-residuos-y-compostaje\/#breadcrumb\"},\"inLanguage\":\"es\",\"potentialAction\":[{\"@type\":\"ReadAction\",\"target\":[\"https:\/\/www.celttv.com.ar\/index.php\/2025\/08\/11\/la-subsecretaria-de-ambiente-y-desarrollo-sostenible-lanza-un-nuevo-ciclo-de-charlas-sobre-separacion-de-residuos-y-compostaje\/\"]}]},{\"@type\":\"BreadcrumbList\",\"@id\":\"https:\/\/www.celttv.com.ar\/index.php\/2025\/08\/11\/la-subsecretaria-de-ambiente-y-desarrollo-sostenible-lanza-un-nuevo-ciclo-de-charlas-sobre-separacion-de-residuos-y-compostaje\/#breadcrumb\",\"itemListElement\":[{\"@type\":\"ListItem\",\"position\":1,\"name\":\"Inicio\",\"item\":\"https:\/\/www.celttv.com.ar\/\"},{\"@type\":\"ListItem\",\"position\":2,\"name\":\"La Subsecretar\u00eda de Ambiente y Desarrollo Sostenible lanza un nuevo ciclo de charlas sobre separaci\u00f3n de residuos y compostaje\"}]},{\"@type\":\"WebSite\",\"@id\":\"https:\/\/www.celttv.com.ar\/#website\",\"url\":\"https:\/\/www.celttv.com.ar\/\",\"name\":\"CELTTV\",\"description\":\"Cooperativa El\u00e9ctrica de Tornquist\",\"publisher\":{\"@id\":\"https:\/\/www.celttv.com.ar\/#organization\"},\"potentialAction\":[{\"@type\":\"SearchAction\",\"target\":{\"@type\":\"EntryPoint\",\"urlTemplate\":\"https:\/\/www.celttv.com.ar\/?s={search_term_string}\"},\"query-input\":\"required name=search_term_string\"}],\"inLanguage\":\"es\"},{\"@type\":\"Organization\",\"@id\":\"https:\/\/www.celttv.com.ar\/#organization\",\"name\":\"CELTTV\",\"url\":\"https:\/\/www.celttv.com.ar\/\",\"sameAs\":[\"https:\/\/www.youtube.com\/channel\/UCz_oIt8Hig64Ub-EmcNPIhg\",\"https:\/\/www.facebook.com\/celtTV\/\"],\"logo\":{\"@type\":\"ImageObject\",\"inLanguage\":\"es\",\"@id\":\"https:\/\/www.celttv.com.ar\/#\/schema\/logo\/image\/\",\"url\":\"http:\/\/www.celttv.com.ar\/wp-content\/uploads\/2022\/08\/logo-1.png\",\"contentUrl\":\"http:\/\/www.celttv.com.ar\/wp-content\/uploads\/2022\/08\/logo-1.png\",\"width\":461,\"height\":159,\"caption\":\"CELTTV\"},\"image\":{\"@id\":\"https:\/\/www.celttv.com.ar\/#\/schema\/logo\/image\/\"}},{\"@type\":\"Person\",\"@id\":\"https:\/\/www.celttv.com.ar\/#\/schema\/person\/9059dc91dc7204ef4182cdb65225f07d\",\"name\":\"Miguel Herrada\",\"image\":{\"@type\":\"ImageObject\",\"inLanguage\":\"es\",\"@id\":\"https:\/\/www.celttv.com.ar\/#\/schema\/person\/image\/\",\"url\":\"https:\/\/secure.gravatar.com\/avatar\/67724d5b3c716623ffd76bec7e45841a442ac3b456e914dbba90b0fad2b8e0b1?s=96&d=mm&r=g\",\"contentUrl\":\"https:\/\/secure.gravatar.com\/avatar\/67724d5b3c716623ffd76bec7e45841a442ac3b456e914dbba90b0fad2b8e0b1?s=96&d=mm&r=g\",\"caption\":\"Miguel Herrada\"}}]}<\/script>\n<!-- \/ Yoast SEO plugin. -->","yoast_head_json":{"title":"La Subsecretar\u00eda de Ambiente y Desarrollo Sostenible lanza un nuevo ciclo de charlas sobre separaci\u00f3n de residuos y compostaje - CELTTV","description":"Sitio web de noticias de la localidad de Tornquist, provincia de Buenos Aires, Rep\u00fablica Argentina. Contenido propio originado por periodistas de CELTTV, el canal de TV local de la Cooperativa El\u00e9ctrica de Tornquist. Turismo, Pol\u00edtica, Sociedad, Deporte, Cultura y todo el contenido de inter\u00e9s general que la gente del pueblo y la regi\u00f3n debe conocer.","robots":{"index":"index","follow":"follow","max-snippet":"max-snippet:-1","max-image-preview":"max-image-preview:large","max-video-preview":"max-video-preview:-1"},"canonical":"https:\/\/www.celttv.com.ar\/index.php\/2025\/08\/11\/la-subsecretaria-de-ambiente-y-desarrollo-sostenible-lanza-un-nuevo-ciclo-de-charlas-sobre-separacion-de-residuos-y-compostaje\/","og_locale":"es_ES","og_type":"article","og_title":"La Subsecretar\u00eda de Ambiente y Desarrollo Sostenible lanza un nuevo ciclo de charlas sobre separaci\u00f3n de residuos y compostaje - CELTTV","og_description":"Sitio web de noticias de la localidad de Tornquist, provincia de Buenos Aires, Rep\u00fablica Argentina. Contenido propio originado por periodistas de CELTTV, el canal de TV local de la Cooperativa El\u00e9ctrica de Tornquist. Turismo, Pol\u00edtica, Sociedad, Deporte, Cultura y todo el contenido de inter\u00e9s general que la gente del pueblo y la regi\u00f3n debe conocer.","og_url":"https:\/\/www.celttv.com.ar\/index.php\/2025\/08\/11\/la-subsecretaria-de-ambiente-y-desarrollo-sostenible-lanza-un-nuevo-ciclo-de-charlas-sobre-separacion-de-residuos-y-compostaje\/","og_site_name":"CELTTV","article_publisher":"https:\/\/www.facebook.com\/celtTV\/","article_published_time":"2025-08-11T23:48:12+00:00","og_image":[{"width":768,"height":960,"url":"https:\/\/www.celttv.com.ar\/wp-content\/uploads\/2025\/08\/Charlas-ambiente-Medium.png","type":"image\/png"}],"author":"Miguel Herrada","twitter_card":"summary_large_image","twitter_misc":{"Escrito por":"Miguel Herrada","Tiempo de lectura":"1 minuto"},"schema":{"@context":"https:\/\/schema.org","@graph":[{"@type":"NewsArticle","@id":"https:\/\/www.celttv.com.ar\/index.php\/2025\/08\/11\/la-subsecretaria-de-ambiente-y-desarrollo-sostenible-lanza-un-nuevo-ciclo-de-charlas-sobre-separacion-de-residuos-y-compostaje\/#article","isPartOf":{"@id":"https:\/\/www.celttv.com.ar\/index.php\/2025\/08\/11\/la-subsecretaria-de-ambiente-y-desarrollo-sostenible-lanza-un-nuevo-ciclo-de-charlas-sobre-separacion-de-residuos-y-compostaje\/"},"author":{"name":"Miguel Herrada","@id":"https:\/\/www.celttv.com.ar\/#\/schema\/person\/9059dc91dc7204ef4182cdb65225f07d"},"headline":"La Subsecretar\u00eda de Ambiente y Desarrollo Sostenible lanza un nuevo ciclo de charlas sobre separaci\u00f3n de residuos y compostaje","datePublished":"2025-08-11T23:48:12+00:00","dateModified":"2025-08-11T23:48:12+00:00","mainEntityOfPage":{"@id":"https:\/\/www.celttv.com.ar\/index.php\/2025\/08\/11\/la-subsecretaria-de-ambiente-y-desarrollo-sostenible-lanza-un-nuevo-ciclo-de-charlas-sobre-separacion-de-residuos-y-compostaje\/"},"wordCount":229,"publisher":{"@id":"https:\/\/www.celttv.com.ar\/#organization"},"articleSection":["Municipales"],"inLanguage":"es"},{"@type":"WebPage","@id":"https:\/\/www.celttv.com.ar\/index.php\/2025\/08\/11\/la-subsecretaria-de-ambiente-y-desarrollo-sostenible-lanza-un-nuevo-ciclo-de-charlas-sobre-separacion-de-residuos-y-compostaje\/","url":"https:\/\/www.celttv.com.ar\/index.php\/2025\/08\/11\/la-subsecretaria-de-ambiente-y-desarrollo-sostenible-lanza-un-nuevo-ciclo-de-charlas-sobre-separacion-de-residuos-y-compostaje\/","name":"La Subsecretar\u00eda de Ambiente y Desarrollo Sostenible lanza un nuevo ciclo de charlas sobre separaci\u00f3n de residuos y compostaje - CELTTV","isPartOf":{"@id":"https:\/\/www.celttv.com.ar\/#website"},"datePublished":"2025-08-11T23:48:12+00:00","dateModified":"2025-08-11T23:48:12+00:00","description":"Sitio web de noticias de la localidad de Tornquist, provincia de Buenos Aires, Rep\u00fablica Argentina. Contenido propio originado por periodistas de CELTTV, el canal de TV local de la Cooperativa El\u00e9ctrica de Tornquist. Turismo, Pol\u00edtica, Sociedad, Deporte, Cultura y todo el contenido de inter\u00e9s general que la gente del pueblo y la regi\u00f3n debe conocer.","breadcrumb":{"@id":"https:\/\/www.celttv.com.ar\/index.php\/2025\/08\/11\/la-subsecretaria-de-ambiente-y-desarrollo-sostenible-lanza-un-nuevo-ciclo-de-charlas-sobre-separacion-de-residuos-y-compostaje\/#breadcrumb"},"inLanguage":"es","potentialAction":[{"@type":"ReadAction","target":["https:\/\/www.celttv.com.ar\/index.php\/2025\/08\/11\/la-subsecretaria-de-ambiente-y-desarrollo-sostenible-lanza-un-nuevo-ciclo-de-charlas-sobre-separacion-de-residuos-y-compostaje\/"]}]},{"@type":"BreadcrumbList","@id":"https:\/\/www.celttv.com.ar\/index.php\/2025\/08\/11\/la-subsecretaria-de-ambiente-y-desarrollo-sostenible-lanza-un-nuevo-ciclo-de-charlas-sobre-separacion-de-residuos-y-compostaje\/#breadcrumb","itemListElement":[{"@type":"ListItem","position":1,"name":"Inicio","item":"https:\/\/www.celttv.com.ar\/"},{"@type":"ListItem","position":2,"name":"La Subsecretar\u00eda de Ambiente y Desarrollo Sostenible lanza un nuevo ciclo de charlas sobre separaci\u00f3n de residuos y compostaje"}]},{"@type":"WebSite","@id":"https:\/\/www.celttv.com.ar\/#website","url":"https:\/\/www.celttv.com.ar\/","name":"CELTTV","description":"Cooperativa El\u00e9ctrica de Tornquist","publisher":{"@id":"https:\/\/www.celttv.com.ar\/#organization"},"potentialAction":[{"@type":"SearchAction","target":{"@type":"EntryPoint","urlTemplate":"https:\/\/www.celttv.com.ar\/?s={search_term_string}"},"query-input":"required name=search_term_string"}],"inLanguage":"es"},{"@type":"Organization","@id":"https:\/\/www.celttv.com.ar\/#organization","name":"CELTTV","url":"https:\/\/www.celttv.com.ar\/","sameAs":["https:\/\/www.youtube.com\/channel\/UCz_oIt8Hig64Ub-EmcNPIhg","https:\/\/www.facebook.com\/celtTV\/"],"logo":{"@type":"ImageObject","inLanguage":"es","@id":"https:\/\/www.celttv.com.ar\/#\/schema\/logo\/image\/","url":"http:\/\/www.celttv.com.ar\/wp-content\/uploads\/2022\/08\/logo-1.png","contentUrl":"http:\/\/www.celttv.com.ar\/wp-content\/uploads\/2022\/08\/logo-1.png","width":461,"height":159,"caption":"CELTTV"},"image":{"@id":"https:\/\/www.celttv.com.ar\/#\/schema\/logo\/image\/"}},{"@type":"Person","@id":"https:\/\/www.celttv.com.ar\/#\/schema\/person\/9059dc91dc7204ef4182cdb65225f07d","name":"Miguel Herrada","image":{"@type":"ImageObject","inLanguage":"es","@id":"https:\/\/www.celttv.com.ar\/#\/schema\/person\/image\/","url":"https:\/\/secure.gravatar.com\/avatar\/67724d5b3c716623ffd76bec7e45841a442ac3b456e914dbba90b0fad2b8e0b1?s=96&d=mm&r=g","contentUrl":"https:\/\/secure.gravatar.com\/avatar\/67724d5b3c716623ffd76bec7e45841a442ac3b456e914dbba90b0fad2b8e0b1?s=96&d=mm&r=g","caption":"Miguel Herrada"}}]}},"_links":{"self":[{"href":"https:\/\/www.celttv.com.ar\/index.php\/wp-json\/wp\/v2\/posts\/89375","targetHints":{"allow":["GET"]}}],"collection":[{"href":"https:\/\/www.celttv.com.ar\/index.php\/wp-json\/wp\/v2\/posts"}],"about":[{"href":"https:\/\/www.celttv.com.ar\/index.php\/wp-json\/wp\/v2\/types\/post"}],"author":[{"embeddable":true,"href":"https:\/\/www.celttv.com.ar\/index.php\/wp-json\/wp\/v2\/users\/5"}],"replies":[{"embeddable":true,"href":"https:\/\/www.celttv.com.ar\/index.php\/wp-json\/wp\/v2\/comments?post=89375"}],"version-history":[{"count":1,"href":"https:\/\/www.celttv.com.ar\/index.php\/wp-json\/wp\/v2\/posts\/89375\/revisions"}],"predecessor-version":[{"id":89377,"href":"https:\/\/www.celttv.com.ar\/index.php\/wp-json\/wp\/v2\/posts\/89375\/revisions\/89377"}],"wp:featuredmedia":[{"embeddable":true,"href":"https:\/\/www.celttv.com.ar\/index.php\/wp-json\/wp\/v2\/media\/89376"}],"wp:attachment":[{"href":"https:\/\/www.celttv.com.ar\/index.php\/wp-json\/wp\/v2\/media?parent=89375"}],"wp:term":[{"taxonomy":"category","embeddable":true,"href":"https:\/\/www.celttv.com.ar\/index.php\/wp-json\/wp\/v2\/categories?post=89375"},{"taxonomy":"post_tag","embeddable":true,"href":"https:\/\/www.celttv.com.ar\/index.php\/wp-json\/wp\/v2\/tags?post=89375"}],"curies":[{"name":"wp","href":"https:\/\/api.w.org\/{rel}","templated":true}]}}