{"id":89451,"date":"2025-08-18T17:19:27","date_gmt":"2025-08-18T20:19:27","guid":{"rendered":"https:\/\/www.celttv.com.ar\/?p=89451"},"modified":"2025-08-18T17:20:22","modified_gmt":"2025-08-18T20:20:22","slug":"invitacion-inauguracion-de-la-puesta-en-valor-del-piso-del-sum-de-la-escuela-n-1-domingo-faustino-sarmiento","status":"publish","type":"post","link":"https:\/\/www.celttv.com.ar\/index.php\/2025\/08\/18\/invitacion-inauguracion-de-la-puesta-en-valor-del-piso-del-sum-de-la-escuela-n-1-domingo-faustino-sarmiento\/","title":{"rendered":"Invitaci\u00f3n inauguraci\u00f3n de la Puesta en Valor del Piso del SUM de la Escuela N\u00b0 1 \u201cDomingo Faustino Sarmiento\u201d"},"content":{"rendered":"<p>El Intendente Municipal, Sergio Bordoni, invita a la comunidad a participar del acto de inauguraci\u00f3n de la puesta en valor del piso del SUM de la Escuela N\u00b0 1 \u201cDomingo Faustino Sarmiento\u201d, que se realizar\u00e1 el pr\u00f3ximo martes 19 a las 10:30 hs, en Av. Ameghino N\u00b0 48, Tornquist.<\/p>\n<p><img loading=\"lazy\" decoding=\"async\" class=\"alignnone wp-image-89452 size-large\" src=\"https:\/\/www.celttv.com.ar\/wp-content\/uploads\/2025\/08\/invita-ep1-576x1024.jpg\" alt=\"\" width=\"576\" height=\"1024\" srcset=\"https:\/\/www.celttv.com.ar\/wp-content\/uploads\/2025\/08\/invita-ep1-576x1024.jpg 576w, https:\/\/www.celttv.com.ar\/wp-content\/uploads\/2025\/08\/invita-ep1-169x300.jpg 169w, https:\/\/www.celttv.com.ar\/wp-content\/uploads\/2025\/08\/invita-ep1.jpg 750w\" sizes=\"auto, (max-width: 576px) 100vw, 576px\" \/><\/p>\n","protected":false},"excerpt":{"rendered":"<p>El Intendente Municipal, Sergio Bordoni, invita a la comunidad a participar del acto de inauguraci\u00f3n de la puesta en valor del piso del SUM de la Escuela N\u00b0 1 \u201cDomingo Faustino Sarmiento\u201d, que se realizar\u00e1 el pr\u00f3ximo martes 19 a las 10:30 hs, en Av. Ameghino N\u00b0 48, Tornquist.<\/p>\n","protected":false},"author":5,"featured_media":89452,"comment_status":"closed","ping_status":"closed","sticky":false,"template":"","format":"standard","meta":{"footnotes":""},"categories":[51,59],"tags":[],"class_list":["post-89451","post","type-post","status-publish","format-standard","has-post-thumbnail","hentry","category-comunidad","category-municipales"],"yoast_head":"<!-- This site is optimized with the Yoast SEO plugin v19.7.1 - https:\/\/yoast.com\/wordpress\/plugins\/seo\/ -->\n<title>Invitaci\u00f3n inauguraci\u00f3n de la Puesta en Valor del Piso del SUM de la Escuela N\u00b0 1 \u201cDomingo Faustino Sarmiento\u201d - CELTTV<\/title>\n<meta name=\"description\" content=\"Sitio web de noticias de la localidad de Tornquist, provincia de Buenos Aires, Rep\u00fablica Argentina. Contenido propio originado por periodistas de CELTTV, el canal de TV local de la Cooperativa El\u00e9ctrica de Tornquist. Turismo, Pol\u00edtica, Sociedad, Deporte, Cultura y todo el contenido de inter\u00e9s general que la gente del pueblo y la regi\u00f3n debe conocer.\" \/>\n<meta name=\"robots\" content=\"index, follow, max-snippet:-1, max-image-preview:large, max-video-preview:-1\" \/>\n<link rel=\"canonical\" href=\"https:\/\/www.celttv.com.ar\/index.php\/2025\/08\/18\/invitacion-inauguracion-de-la-puesta-en-valor-del-piso-del-sum-de-la-escuela-n-1-domingo-faustino-sarmiento\/\" \/>\n<meta property=\"og:locale\" content=\"es_ES\" \/>\n<meta property=\"og:type\" content=\"article\" \/>\n<meta property=\"og:title\" content=\"Invitaci\u00f3n inauguraci\u00f3n de la Puesta en Valor del Piso del SUM de la Escuela N\u00b0 1 \u201cDomingo Faustino Sarmiento\u201d - CELTTV\" \/>\n<meta property=\"og:description\" content=\"Sitio web de noticias de la localidad de Tornquist, provincia de Buenos Aires, Rep\u00fablica Argentina. Contenido propio originado por periodistas de CELTTV, el canal de TV local de la Cooperativa El\u00e9ctrica de Tornquist. Turismo, Pol\u00edtica, Sociedad, Deporte, Cultura y todo el contenido de inter\u00e9s general que la gente del pueblo y la regi\u00f3n debe conocer.\" \/>\n<meta property=\"og:url\" content=\"https:\/\/www.celttv.com.ar\/index.php\/2025\/08\/18\/invitacion-inauguracion-de-la-puesta-en-valor-del-piso-del-sum-de-la-escuela-n-1-domingo-faustino-sarmiento\/\" \/>\n<meta property=\"og:site_name\" content=\"CELTTV\" \/>\n<meta property=\"article:publisher\" content=\"https:\/\/www.facebook.com\/celtTV\/\" \/>\n<meta property=\"article:published_time\" content=\"2025-08-18T20:19:27+00:00\" \/>\n<meta property=\"article:modified_time\" content=\"2025-08-18T20:20:22+00:00\" \/>\n<meta property=\"og:image\" content=\"https:\/\/www.celttv.com.ar\/wp-content\/uploads\/2025\/08\/invita-ep1.jpg\" \/>\n\t<meta property=\"og:image:width\" content=\"750\" \/>\n\t<meta property=\"og:image:height\" content=\"1334\" \/>\n\t<meta property=\"og:image:type\" content=\"image\/jpeg\" \/>\n<meta name=\"author\" content=\"Miguel Herrada\" \/>\n<meta name=\"twitter:card\" content=\"summary_large_image\" \/>\n<meta name=\"twitter:label1\" content=\"Escrito por\" \/>\n\t<meta name=\"twitter:data1\" content=\"Miguel Herrada\" \/>\n<script type=\"application\/ld+json\" class=\"yoast-schema-graph\">{\"@context\":\"https:\/\/schema.org\",\"@graph\":[{\"@type\":\"NewsArticle\",\"@id\":\"https:\/\/www.celttv.com.ar\/index.php\/2025\/08\/18\/invitacion-inauguracion-de-la-puesta-en-valor-del-piso-del-sum-de-la-escuela-n-1-domingo-faustino-sarmiento\/#article\",\"isPartOf\":{\"@id\":\"https:\/\/www.celttv.com.ar\/index.php\/2025\/08\/18\/invitacion-inauguracion-de-la-puesta-en-valor-del-piso-del-sum-de-la-escuela-n-1-domingo-faustino-sarmiento\/\"},\"author\":{\"name\":\"Miguel Herrada\",\"@id\":\"https:\/\/www.celttv.com.ar\/#\/schema\/person\/9059dc91dc7204ef4182cdb65225f07d\"},\"headline\":\"Invitaci\u00f3n inauguraci\u00f3n de la Puesta en Valor del Piso del SUM de la Escuela N\u00b0 1 \u201cDomingo Faustino Sarmiento\u201d\",\"datePublished\":\"2025-08-18T20:19:27+00:00\",\"dateModified\":\"2025-08-18T20:20:22+00:00\",\"mainEntityOfPage\":{\"@id\":\"https:\/\/www.celttv.com.ar\/index.php\/2025\/08\/18\/invitacion-inauguracion-de-la-puesta-en-valor-del-piso-del-sum-de-la-escuela-n-1-domingo-faustino-sarmiento\/\"},\"wordCount\":67,\"publisher\":{\"@id\":\"https:\/\/www.celttv.com.ar\/#organization\"},\"articleSection\":[\"Comunidad\",\"Municipales\"],\"inLanguage\":\"es\"},{\"@type\":\"WebPage\",\"@id\":\"https:\/\/www.celttv.com.ar\/index.php\/2025\/08\/18\/invitacion-inauguracion-de-la-puesta-en-valor-del-piso-del-sum-de-la-escuela-n-1-domingo-faustino-sarmiento\/\",\"url\":\"https:\/\/www.celttv.com.ar\/index.php\/2025\/08\/18\/invitacion-inauguracion-de-la-puesta-en-valor-del-piso-del-sum-de-la-escuela-n-1-domingo-faustino-sarmiento\/\",\"name\":\"Invitaci\u00f3n inauguraci\u00f3n de la Puesta en Valor del Piso del SUM de la Escuela N\u00b0 1 \u201cDomingo Faustino Sarmiento\u201d - CELTTV\",\"isPartOf\":{\"@id\":\"https:\/\/www.celttv.com.ar\/#website\"},\"datePublished\":\"2025-08-18T20:19:27+00:00\",\"dateModified\":\"2025-08-18T20:20:22+00:00\",\"description\":\"Sitio web de noticias de la localidad de Tornquist, provincia de Buenos Aires, Rep\u00fablica Argentina. Contenido propio originado por periodistas de CELTTV, el canal de TV local de la Cooperativa El\u00e9ctrica de Tornquist. Turismo, Pol\u00edtica, Sociedad, Deporte, Cultura y todo el contenido de inter\u00e9s general que la gente del pueblo y la regi\u00f3n debe conocer.\",\"breadcrumb\":{\"@id\":\"https:\/\/www.celttv.com.ar\/index.php\/2025\/08\/18\/invitacion-inauguracion-de-la-puesta-en-valor-del-piso-del-sum-de-la-escuela-n-1-domingo-faustino-sarmiento\/#breadcrumb\"},\"inLanguage\":\"es\",\"potentialAction\":[{\"@type\":\"ReadAction\",\"target\":[\"https:\/\/www.celttv.com.ar\/index.php\/2025\/08\/18\/invitacion-inauguracion-de-la-puesta-en-valor-del-piso-del-sum-de-la-escuela-n-1-domingo-faustino-sarmiento\/\"]}]},{\"@type\":\"BreadcrumbList\",\"@id\":\"https:\/\/www.celttv.com.ar\/index.php\/2025\/08\/18\/invitacion-inauguracion-de-la-puesta-en-valor-del-piso-del-sum-de-la-escuela-n-1-domingo-faustino-sarmiento\/#breadcrumb\",\"itemListElement\":[{\"@type\":\"ListItem\",\"position\":1,\"name\":\"Inicio\",\"item\":\"https:\/\/www.celttv.com.ar\/\"},{\"@type\":\"ListItem\",\"position\":2,\"name\":\"Invitaci\u00f3n inauguraci\u00f3n de la Puesta en Valor del Piso del SUM de la Escuela N\u00b0 1 \u201cDomingo Faustino Sarmiento\u201d\"}]},{\"@type\":\"WebSite\",\"@id\":\"https:\/\/www.celttv.com.ar\/#website\",\"url\":\"https:\/\/www.celttv.com.ar\/\",\"name\":\"CELTTV\",\"description\":\"Cooperativa El\u00e9ctrica de Tornquist\",\"publisher\":{\"@id\":\"https:\/\/www.celttv.com.ar\/#organization\"},\"potentialAction\":[{\"@type\":\"SearchAction\",\"target\":{\"@type\":\"EntryPoint\",\"urlTemplate\":\"https:\/\/www.celttv.com.ar\/?s={search_term_string}\"},\"query-input\":\"required name=search_term_string\"}],\"inLanguage\":\"es\"},{\"@type\":\"Organization\",\"@id\":\"https:\/\/www.celttv.com.ar\/#organization\",\"name\":\"CELTTV\",\"url\":\"https:\/\/www.celttv.com.ar\/\",\"sameAs\":[\"https:\/\/www.youtube.com\/channel\/UCz_oIt8Hig64Ub-EmcNPIhg\",\"https:\/\/www.facebook.com\/celtTV\/\"],\"logo\":{\"@type\":\"ImageObject\",\"inLanguage\":\"es\",\"@id\":\"https:\/\/www.celttv.com.ar\/#\/schema\/logo\/image\/\",\"url\":\"http:\/\/www.celttv.com.ar\/wp-content\/uploads\/2022\/08\/logo-1.png\",\"contentUrl\":\"http:\/\/www.celttv.com.ar\/wp-content\/uploads\/2022\/08\/logo-1.png\",\"width\":461,\"height\":159,\"caption\":\"CELTTV\"},\"image\":{\"@id\":\"https:\/\/www.celttv.com.ar\/#\/schema\/logo\/image\/\"}},{\"@type\":\"Person\",\"@id\":\"https:\/\/www.celttv.com.ar\/#\/schema\/person\/9059dc91dc7204ef4182cdb65225f07d\",\"name\":\"Miguel Herrada\",\"image\":{\"@type\":\"ImageObject\",\"inLanguage\":\"es\",\"@id\":\"https:\/\/www.celttv.com.ar\/#\/schema\/person\/image\/\",\"url\":\"https:\/\/secure.gravatar.com\/avatar\/67724d5b3c716623ffd76bec7e45841a442ac3b456e914dbba90b0fad2b8e0b1?s=96&d=mm&r=g\",\"contentUrl\":\"https:\/\/secure.gravatar.com\/avatar\/67724d5b3c716623ffd76bec7e45841a442ac3b456e914dbba90b0fad2b8e0b1?s=96&d=mm&r=g\",\"caption\":\"Miguel Herrada\"}}]}<\/script>\n<!-- \/ Yoast SEO plugin. -->","yoast_head_json":{"title":"Invitaci\u00f3n inauguraci\u00f3n de la Puesta en Valor del Piso del SUM de la Escuela N\u00b0 1 \u201cDomingo Faustino Sarmiento\u201d - CELTTV","description":"Sitio web de noticias de la localidad de Tornquist, provincia de Buenos Aires, Rep\u00fablica Argentina. Contenido propio originado por periodistas de CELTTV, el canal de TV local de la Cooperativa El\u00e9ctrica de Tornquist. Turismo, Pol\u00edtica, Sociedad, Deporte, Cultura y todo el contenido de inter\u00e9s general que la gente del pueblo y la regi\u00f3n debe conocer.","robots":{"index":"index","follow":"follow","max-snippet":"max-snippet:-1","max-image-preview":"max-image-preview:large","max-video-preview":"max-video-preview:-1"},"canonical":"https:\/\/www.celttv.com.ar\/index.php\/2025\/08\/18\/invitacion-inauguracion-de-la-puesta-en-valor-del-piso-del-sum-de-la-escuela-n-1-domingo-faustino-sarmiento\/","og_locale":"es_ES","og_type":"article","og_title":"Invitaci\u00f3n inauguraci\u00f3n de la Puesta en Valor del Piso del SUM de la Escuela N\u00b0 1 \u201cDomingo Faustino Sarmiento\u201d - CELTTV","og_description":"Sitio web de noticias de la localidad de Tornquist, provincia de Buenos Aires, Rep\u00fablica Argentina. Contenido propio originado por periodistas de CELTTV, el canal de TV local de la Cooperativa El\u00e9ctrica de Tornquist. Turismo, Pol\u00edtica, Sociedad, Deporte, Cultura y todo el contenido de inter\u00e9s general que la gente del pueblo y la regi\u00f3n debe conocer.","og_url":"https:\/\/www.celttv.com.ar\/index.php\/2025\/08\/18\/invitacion-inauguracion-de-la-puesta-en-valor-del-piso-del-sum-de-la-escuela-n-1-domingo-faustino-sarmiento\/","og_site_name":"CELTTV","article_publisher":"https:\/\/www.facebook.com\/celtTV\/","article_published_time":"2025-08-18T20:19:27+00:00","article_modified_time":"2025-08-18T20:20:22+00:00","og_image":[{"width":750,"height":1334,"url":"https:\/\/www.celttv.com.ar\/wp-content\/uploads\/2025\/08\/invita-ep1.jpg","type":"image\/jpeg"}],"author":"Miguel Herrada","twitter_card":"summary_large_image","twitter_misc":{"Escrito por":"Miguel Herrada"},"schema":{"@context":"https:\/\/schema.org","@graph":[{"@type":"NewsArticle","@id":"https:\/\/www.celttv.com.ar\/index.php\/2025\/08\/18\/invitacion-inauguracion-de-la-puesta-en-valor-del-piso-del-sum-de-la-escuela-n-1-domingo-faustino-sarmiento\/#article","isPartOf":{"@id":"https:\/\/www.celttv.com.ar\/index.php\/2025\/08\/18\/invitacion-inauguracion-de-la-puesta-en-valor-del-piso-del-sum-de-la-escuela-n-1-domingo-faustino-sarmiento\/"},"author":{"name":"Miguel Herrada","@id":"https:\/\/www.celttv.com.ar\/#\/schema\/person\/9059dc91dc7204ef4182cdb65225f07d"},"headline":"Invitaci\u00f3n inauguraci\u00f3n de la Puesta en Valor del Piso del SUM de la Escuela N\u00b0 1 \u201cDomingo Faustino Sarmiento\u201d","datePublished":"2025-08-18T20:19:27+00:00","dateModified":"2025-08-18T20:20:22+00:00","mainEntityOfPage":{"@id":"https:\/\/www.celttv.com.ar\/index.php\/2025\/08\/18\/invitacion-inauguracion-de-la-puesta-en-valor-del-piso-del-sum-de-la-escuela-n-1-domingo-faustino-sarmiento\/"},"wordCount":67,"publisher":{"@id":"https:\/\/www.celttv.com.ar\/#organization"},"articleSection":["Comunidad","Municipales"],"inLanguage":"es"},{"@type":"WebPage","@id":"https:\/\/www.celttv.com.ar\/index.php\/2025\/08\/18\/invitacion-inauguracion-de-la-puesta-en-valor-del-piso-del-sum-de-la-escuela-n-1-domingo-faustino-sarmiento\/","url":"https:\/\/www.celttv.com.ar\/index.php\/2025\/08\/18\/invitacion-inauguracion-de-la-puesta-en-valor-del-piso-del-sum-de-la-escuela-n-1-domingo-faustino-sarmiento\/","name":"Invitaci\u00f3n inauguraci\u00f3n de la Puesta en Valor del Piso del SUM de la Escuela N\u00b0 1 \u201cDomingo Faustino Sarmiento\u201d - CELTTV","isPartOf":{"@id":"https:\/\/www.celttv.com.ar\/#website"},"datePublished":"2025-08-18T20:19:27+00:00","dateModified":"2025-08-18T20:20:22+00:00","description":"Sitio web de noticias de la localidad de Tornquist, provincia de Buenos Aires, Rep\u00fablica Argentina. Contenido propio originado por periodistas de CELTTV, el canal de TV local de la Cooperativa El\u00e9ctrica de Tornquist. Turismo, Pol\u00edtica, Sociedad, Deporte, Cultura y todo el contenido de inter\u00e9s general que la gente del pueblo y la regi\u00f3n debe conocer.","breadcrumb":{"@id":"https:\/\/www.celttv.com.ar\/index.php\/2025\/08\/18\/invitacion-inauguracion-de-la-puesta-en-valor-del-piso-del-sum-de-la-escuela-n-1-domingo-faustino-sarmiento\/#breadcrumb"},"inLanguage":"es","potentialAction":[{"@type":"ReadAction","target":["https:\/\/www.celttv.com.ar\/index.php\/2025\/08\/18\/invitacion-inauguracion-de-la-puesta-en-valor-del-piso-del-sum-de-la-escuela-n-1-domingo-faustino-sarmiento\/"]}]},{"@type":"BreadcrumbList","@id":"https:\/\/www.celttv.com.ar\/index.php\/2025\/08\/18\/invitacion-inauguracion-de-la-puesta-en-valor-del-piso-del-sum-de-la-escuela-n-1-domingo-faustino-sarmiento\/#breadcrumb","itemListElement":[{"@type":"ListItem","position":1,"name":"Inicio","item":"https:\/\/www.celttv.com.ar\/"},{"@type":"ListItem","position":2,"name":"Invitaci\u00f3n inauguraci\u00f3n de la Puesta en Valor del Piso del SUM de la Escuela N\u00b0 1 \u201cDomingo Faustino Sarmiento\u201d"}]},{"@type":"WebSite","@id":"https:\/\/www.celttv.com.ar\/#website","url":"https:\/\/www.celttv.com.ar\/","name":"CELTTV","description":"Cooperativa El\u00e9ctrica de Tornquist","publisher":{"@id":"https:\/\/www.celttv.com.ar\/#organization"},"potentialAction":[{"@type":"SearchAction","target":{"@type":"EntryPoint","urlTemplate":"https:\/\/www.celttv.com.ar\/?s={search_term_string}"},"query-input":"required name=search_term_string"}],"inLanguage":"es"},{"@type":"Organization","@id":"https:\/\/www.celttv.com.ar\/#organization","name":"CELTTV","url":"https:\/\/www.celttv.com.ar\/","sameAs":["https:\/\/www.youtube.com\/channel\/UCz_oIt8Hig64Ub-EmcNPIhg","https:\/\/www.facebook.com\/celtTV\/"],"logo":{"@type":"ImageObject","inLanguage":"es","@id":"https:\/\/www.celttv.com.ar\/#\/schema\/logo\/image\/","url":"http:\/\/www.celttv.com.ar\/wp-content\/uploads\/2022\/08\/logo-1.png","contentUrl":"http:\/\/www.celttv.com.ar\/wp-content\/uploads\/2022\/08\/logo-1.png","width":461,"height":159,"caption":"CELTTV"},"image":{"@id":"https:\/\/www.celttv.com.ar\/#\/schema\/logo\/image\/"}},{"@type":"Person","@id":"https:\/\/www.celttv.com.ar\/#\/schema\/person\/9059dc91dc7204ef4182cdb65225f07d","name":"Miguel Herrada","image":{"@type":"ImageObject","inLanguage":"es","@id":"https:\/\/www.celttv.com.ar\/#\/schema\/person\/image\/","url":"https:\/\/secure.gravatar.com\/avatar\/67724d5b3c716623ffd76bec7e45841a442ac3b456e914dbba90b0fad2b8e0b1?s=96&d=mm&r=g","contentUrl":"https:\/\/secure.gravatar.com\/avatar\/67724d5b3c716623ffd76bec7e45841a442ac3b456e914dbba90b0fad2b8e0b1?s=96&d=mm&r=g","caption":"Miguel Herrada"}}]}},"_links":{"self":[{"href":"https:\/\/www.celttv.com.ar\/index.php\/wp-json\/wp\/v2\/posts\/89451","targetHints":{"allow":["GET"]}}],"collection":[{"href":"https:\/\/www.celttv.com.ar\/index.php\/wp-json\/wp\/v2\/posts"}],"about":[{"href":"https:\/\/www.celttv.com.ar\/index.php\/wp-json\/wp\/v2\/types\/post"}],"author":[{"embeddable":true,"href":"https:\/\/www.celttv.com.ar\/index.php\/wp-json\/wp\/v2\/users\/5"}],"replies":[{"embeddable":true,"href":"https:\/\/www.celttv.com.ar\/index.php\/wp-json\/wp\/v2\/comments?post=89451"}],"version-history":[{"count":1,"href":"https:\/\/www.celttv.com.ar\/index.php\/wp-json\/wp\/v2\/posts\/89451\/revisions"}],"predecessor-version":[{"id":89453,"href":"https:\/\/www.celttv.com.ar\/index.php\/wp-json\/wp\/v2\/posts\/89451\/revisions\/89453"}],"wp:featuredmedia":[{"embeddable":true,"href":"https:\/\/www.celttv.com.ar\/index.php\/wp-json\/wp\/v2\/media\/89452"}],"wp:attachment":[{"href":"https:\/\/www.celttv.com.ar\/index.php\/wp-json\/wp\/v2\/media?parent=89451"}],"wp:term":[{"taxonomy":"category","embeddable":true,"href":"https:\/\/www.celttv.com.ar\/index.php\/wp-json\/wp\/v2\/categories?post=89451"},{"taxonomy":"post_tag","embeddable":true,"href":"https:\/\/www.celttv.com.ar\/index.php\/wp-json\/wp\/v2\/tags?post=89451"}],"curies":[{"name":"wp","href":"https:\/\/api.w.org\/{rel}","templated":true}]}}