{"id":8948,"date":"2012-11-13T19:13:57","date_gmt":"2012-11-13T19:13:57","guid":{"rendered":"http:\/\/www.tvcnoticias.com.ar\/?p=8948"},"modified":"2012-11-13T19:13:57","modified_gmt":"2012-11-13T19:13:57","slug":"matias-juan-marco-la-diferencia-y-union-se-quedo-con-el-clasico","status":"publish","type":"post","link":"https:\/\/www.celttv.com.ar\/index.php\/2012\/11\/13\/matias-juan-marco-la-diferencia-y-union-se-quedo-con-el-clasico\/","title":{"rendered":"MATIAS JUAN MARCO LA DIFERENCIA Y UNION SE QUEDO CON EL CLASICO (la fiesta, el gol, las mejores jugadas y las polemicas)"},"content":{"rendered":"<p><a href=\"http:\/\/www.youtube.com\/watch?v=O3n3gNNpsVg\">httpv:\/\/www.youtube.com\/watch?v=O3n3gNNpsVg<\/a><br \/>\nCon un golazo de Matias Juan a los 40\u00b4del complemento Uni\u00f3n se adue\u00f1o del cl\u00e1sico del f\u00fatbol tornquistense. A los 5\u00b4de juego fue expulsado Alexis Avila en el equipo azulgrana.<br \/>\nCon realidades diametralmente opuestas llegaban al Juan Jos\u00e9 Bolleta los cl\u00e1sicos rivales. El local con la necesidad de sumar de a tres para mantener alguna aspiraci\u00f3n para lo que resta de una temporada que no le result\u00f3 futbol\u00edsticamente buena para el verde. El visitante, puntero solitario en su zona, con la intenci\u00f3n de asegurarse la clasificaci\u00f3n y tratar de igualar el tramite en cuanto a cl\u00e1sicos se refiere en esta temporada ya que el primero lo hab\u00eda ganado Uni\u00f3n y el otro fue empate.<br \/>\nY con el condimento especial que todo cl\u00e1sico encierra, por toda la m\u00edstica y todo el folklore que contiene la tradici\u00f3n futbolera de la ciudad.<br \/>\nAutomoto no arranc\u00f3 bien, ya que a los 5\u00b4 Alexis Avila, su m\u00e1xima figura, ve la tarjeta roja por una supuesta agresi\u00f3n sobre Girou que fue advertida por el l\u00ednea (posteriormente las imagenes captadas por el canal local\u00a0demuestran que existio un codazo por lo que hay que\u00a0darle la derecha al ayudante de linea)\u00a0, quien convoc\u00f3 al \u00e1rbitro y a este no le tembl\u00f3 la mano, indic\u00e1ndole el camino del vestuario.<br \/>\nEl t\u00e9cnico del verde de inmediato mand\u00f3 al terreno a Minor por Delgado, a efectos de sumar m\u00e1s despliegue en la mitad del terreno y aprovechar el hombre de m\u00e1s.<br \/>\nNada de eso ocurri\u00f3, Uni\u00f3n no encontr\u00f3 velocidad y mucho menos sorpresa ante un planteo tan b\u00e1sico como el que realiz\u00f3 el equipo de Salvi. Junt\u00f3 a su equipo de mitad de cancha hacia atr\u00e1s y esper\u00f3. El verde se hizo muy previsible y pocas veces inquiet\u00f3 a Gatti.<br \/>\nA los 19\u00b4una buena intervenci\u00f3n de MInor para dejar habilitado a Castro dentro del \u00e1rea que cabecea hacia atr\u00e1s y la pelota pas\u00f3 cerca del palo derecho de Gatti.<br \/>\nTres minutos m\u00e1s tarde Minor prob\u00f3 de media distancia y la redonda se fue apenas alto sobre \u00e1ngulo derecho del arco visitante y el remate de Matias Juan a los 36\u00b4, sin complicaciones para Gatti, fue lo \u00fanico que mostr\u00f3 el local.<br \/>\nAutomoto lleg\u00f3 solamente mediante un tiro libre de Villalba a los 40\u00b4 que resolvi\u00f3 bien Rubio. Pocas jugadas como para redondear un pobre primer tiempo.<br \/>\nEn el complemento la historia se repet\u00eda. Uni\u00f3n ten\u00eda m\u00e1s la pelota pero con desplazamientos lentos e imprecisos y Automoto esperaba intentando alg\u00fan contragolpe que le permitiera llegar a Rubio.<br \/>\nA los 6 y 7 del complemento llegaron las dos m\u00e1s claras del visitante. Un ingreso de Maccari por la derecha que super\u00f3 a Rubio pero resolvi\u00f3 bien el fondo verde y en la siguiente un centro que cruza el \u00e1rea chica y Callava casi la mete en su propio arco, pero los reflejos de Rubio permitieron evitar el gol. Sobre los 20\u00b4un tiro libre de Villalba fue cacheteado por Rubio al corner.<br \/>\nA partir de los 20\u00b4 fue Uni\u00f3n el que trat\u00f3 de inclinar la cancha pero siempre falto de la puntada final. Minor prob\u00f3 a los 22 de media distancia y la pelota pas\u00f3 cerca del palo izquierdo. A los 33 Schmidt ingres\u00f3 por la derecha y su remate lleg\u00f3 amortiguado a las manos de Gatti.<br \/>\nY a los 39\u00b4 lleg\u00f3 un gol de otro partido. Pelota que lucha Matias Juan fuera del \u00e1rea intentando pasar entre tres jugadores azulgranas. Del segundo rebote la pelota queda a media altura y con la marca encima el jugador serrano sac\u00f3 un tremendo estiletazo que se meti\u00f3 por encima de la humanidad de Gatti que no tuvo tiempo de reaccionar. Un estupendo golazo para darle el triunfo a Uni\u00f3n y, nada m\u00e1s ni nada menos, que contra su cl\u00e1sico rival.<br \/>\nSINTESIS<br \/>\nUNION 1<br \/>\nJavier Rubio<br \/>\nHern\u00e1n Delgado<br \/>\nRoberto Laumann<br \/>\nJavier Girou<br \/>\nSebastian Callava<br \/>\nMaximiliano Banegas<br \/>\nPaulo Bauer<br \/>\nFernando Neudert<br \/>\nLeonel Moyano<br \/>\nMatias Juan<br \/>\nMiguel Castro<br \/>\nDT. Carlos Graff<br \/>\nCambios:<br \/>\nPT. 16m. Diego MInor por Delgado; ST. 26m Laureano Flores por Bauer, 29m Ezequiel Schmidt por Neudert.<br \/>\nAUTOMOTO 0<br \/>\nGuillermo Gatti<br \/>\nEmiliano Sandobal<br \/>\nMatias Sonzini<br \/>\nSebastian Gigliotti<br \/>\nMarian Alaniz<br \/>\nFacundo Villar<br \/>\nEmanuel Montero<br \/>\nKevin Villalva<br \/>\nAlexis Avila<br \/>\nMarcelo Maccari<br \/>\nLeandro Allen<br \/>\nDT.\u00a0 Carlos Salvi<br \/>\nCambios:<br \/>\nST. 12m Mariano Corinaldi por Maccari, 37m Matias Cornelio por Montero.<br \/>\nIncidencias: 5m primer tiempo expulsado Alexis Avila<br \/>\nArbitro: Claudio Cejas (4)<br \/>\nReserva: Union 3 Automoto 2<br \/>\nCancha. Campo Deportivo Juan Jose Bolletta del Club Union<\/p>\n","protected":false},"excerpt":{"rendered":"<p>httpv:\/\/www.youtube.com\/watch?v=O3n3gNNpsVg Con un golazo de Matias Juan a los 40\u00b4del complemento Uni\u00f3n se adue\u00f1o del cl\u00e1sico del f\u00fatbol tornquistense. A los 5\u00b4de juego fue expulsado Alexis Avila en el equipo azulgrana. Con realidades diametralmente opuestas llegaban al Juan Jos\u00e9 Bolleta los cl\u00e1sicos rivales. El local con la necesidad de sumar de a tres para mantener [&hellip;]<\/p>\n","protected":false},"author":1,"featured_media":0,"comment_status":"closed","ping_status":"open","sticky":false,"template":"","format":"standard","meta":{"footnotes":""},"categories":[60,52,64],"tags":[],"class_list":["post-8948","post","type-post","status-publish","format-standard","hentry","category-deporte","category-destacadas","category-videos-destacados"],"yoast_head":"<!-- This site is optimized with the Yoast SEO plugin v19.7.1 - https:\/\/yoast.com\/wordpress\/plugins\/seo\/ -->\n<title>MATIAS JUAN MARCO LA DIFERENCIA Y UNION SE QUEDO CON EL CLASICO (la fiesta, el gol, las mejores jugadas y las polemicas) - CELTTV<\/title>\n<meta name=\"description\" content=\"Sitio web de noticias de la localidad de Tornquist, provincia de Buenos Aires, Rep\u00fablica Argentina. Contenido propio originado por periodistas de CELTTV, el canal de TV local de la Cooperativa El\u00e9ctrica de Tornquist. Turismo, Pol\u00edtica, Sociedad, Deporte, Cultura y todo el contenido de inter\u00e9s general que la gente del pueblo y la regi\u00f3n debe conocer.\" \/>\n<meta name=\"robots\" content=\"index, follow, max-snippet:-1, max-image-preview:large, max-video-preview:-1\" \/>\n<link rel=\"canonical\" href=\"https:\/\/www.celttv.com.ar\/index.php\/2012\/11\/13\/matias-juan-marco-la-diferencia-y-union-se-quedo-con-el-clasico\/\" \/>\n<meta property=\"og:locale\" content=\"es_ES\" \/>\n<meta property=\"og:type\" content=\"article\" \/>\n<meta property=\"og:title\" content=\"MATIAS JUAN MARCO LA DIFERENCIA Y UNION SE QUEDO CON EL CLASICO (la fiesta, el gol, las mejores jugadas y las polemicas) - CELTTV\" \/>\n<meta property=\"og:description\" content=\"Sitio web de noticias de la localidad de Tornquist, provincia de Buenos Aires, Rep\u00fablica Argentina. Contenido propio originado por periodistas de CELTTV, el canal de TV local de la Cooperativa El\u00e9ctrica de Tornquist. Turismo, Pol\u00edtica, Sociedad, Deporte, Cultura y todo el contenido de inter\u00e9s general que la gente del pueblo y la regi\u00f3n debe conocer.\" \/>\n<meta property=\"og:url\" content=\"https:\/\/www.celttv.com.ar\/index.php\/2012\/11\/13\/matias-juan-marco-la-diferencia-y-union-se-quedo-con-el-clasico\/\" \/>\n<meta property=\"og:site_name\" content=\"CELTTV\" \/>\n<meta property=\"article:publisher\" content=\"https:\/\/www.facebook.com\/celtTV\/\" \/>\n<meta property=\"article:published_time\" content=\"2012-11-13T19:13:57+00:00\" \/>\n<meta name=\"author\" content=\"ulises\" \/>\n<meta name=\"twitter:card\" content=\"summary_large_image\" \/>\n<meta name=\"twitter:label1\" content=\"Escrito por\" \/>\n\t<meta name=\"twitter:data1\" content=\"ulises\" \/>\n\t<meta name=\"twitter:label2\" content=\"Tiempo de lectura\" \/>\n\t<meta name=\"twitter:data2\" content=\"4 minutos\" \/>\n<script type=\"application\/ld+json\" class=\"yoast-schema-graph\">{\"@context\":\"https:\/\/schema.org\",\"@graph\":[{\"@type\":\"NewsArticle\",\"@id\":\"https:\/\/www.celttv.com.ar\/index.php\/2012\/11\/13\/matias-juan-marco-la-diferencia-y-union-se-quedo-con-el-clasico\/#article\",\"isPartOf\":{\"@id\":\"https:\/\/www.celttv.com.ar\/index.php\/2012\/11\/13\/matias-juan-marco-la-diferencia-y-union-se-quedo-con-el-clasico\/\"},\"author\":{\"name\":\"ulises\",\"@id\":\"https:\/\/www.celttv.com.ar\/#\/schema\/person\/6d99c072dba59953809c81446e9d0ace\"},\"headline\":\"MATIAS JUAN MARCO LA DIFERENCIA Y UNION SE QUEDO CON EL CLASICO (la fiesta, el gol, las mejores jugadas y las polemicas)\",\"datePublished\":\"2012-11-13T19:13:57+00:00\",\"dateModified\":\"2012-11-13T19:13:57+00:00\",\"mainEntityOfPage\":{\"@id\":\"https:\/\/www.celttv.com.ar\/index.php\/2012\/11\/13\/matias-juan-marco-la-diferencia-y-union-se-quedo-con-el-clasico\/\"},\"wordCount\":791,\"publisher\":{\"@id\":\"https:\/\/www.celttv.com.ar\/#organization\"},\"articleSection\":[\"Deporte\",\"Destacadas\",\"Videos Destacados\"],\"inLanguage\":\"es\"},{\"@type\":\"WebPage\",\"@id\":\"https:\/\/www.celttv.com.ar\/index.php\/2012\/11\/13\/matias-juan-marco-la-diferencia-y-union-se-quedo-con-el-clasico\/\",\"url\":\"https:\/\/www.celttv.com.ar\/index.php\/2012\/11\/13\/matias-juan-marco-la-diferencia-y-union-se-quedo-con-el-clasico\/\",\"name\":\"MATIAS JUAN MARCO LA DIFERENCIA Y UNION SE QUEDO CON EL CLASICO (la fiesta, el gol, las mejores jugadas y las polemicas) - CELTTV\",\"isPartOf\":{\"@id\":\"https:\/\/www.celttv.com.ar\/#website\"},\"datePublished\":\"2012-11-13T19:13:57+00:00\",\"dateModified\":\"2012-11-13T19:13:57+00:00\",\"description\":\"Sitio web de noticias de la localidad de Tornquist, provincia de Buenos Aires, Rep\u00fablica Argentina. Contenido propio originado por periodistas de CELTTV, el canal de TV local de la Cooperativa El\u00e9ctrica de Tornquist. Turismo, Pol\u00edtica, Sociedad, Deporte, Cultura y todo el contenido de inter\u00e9s general que la gente del pueblo y la regi\u00f3n debe conocer.\",\"breadcrumb\":{\"@id\":\"https:\/\/www.celttv.com.ar\/index.php\/2012\/11\/13\/matias-juan-marco-la-diferencia-y-union-se-quedo-con-el-clasico\/#breadcrumb\"},\"inLanguage\":\"es\",\"potentialAction\":[{\"@type\":\"ReadAction\",\"target\":[\"https:\/\/www.celttv.com.ar\/index.php\/2012\/11\/13\/matias-juan-marco-la-diferencia-y-union-se-quedo-con-el-clasico\/\"]}]},{\"@type\":\"BreadcrumbList\",\"@id\":\"https:\/\/www.celttv.com.ar\/index.php\/2012\/11\/13\/matias-juan-marco-la-diferencia-y-union-se-quedo-con-el-clasico\/#breadcrumb\",\"itemListElement\":[{\"@type\":\"ListItem\",\"position\":1,\"name\":\"Inicio\",\"item\":\"https:\/\/www.celttv.com.ar\/\"},{\"@type\":\"ListItem\",\"position\":2,\"name\":\"MATIAS JUAN MARCO LA DIFERENCIA Y UNION SE QUEDO CON EL CLASICO (la fiesta, el gol, las mejores jugadas y las polemicas)\"}]},{\"@type\":\"WebSite\",\"@id\":\"https:\/\/www.celttv.com.ar\/#website\",\"url\":\"https:\/\/www.celttv.com.ar\/\",\"name\":\"CELTTV\",\"description\":\"Cooperativa El\u00e9ctrica de Tornquist\",\"publisher\":{\"@id\":\"https:\/\/www.celttv.com.ar\/#organization\"},\"potentialAction\":[{\"@type\":\"SearchAction\",\"target\":{\"@type\":\"EntryPoint\",\"urlTemplate\":\"https:\/\/www.celttv.com.ar\/?s={search_term_string}\"},\"query-input\":\"required name=search_term_string\"}],\"inLanguage\":\"es\"},{\"@type\":\"Organization\",\"@id\":\"https:\/\/www.celttv.com.ar\/#organization\",\"name\":\"CELTTV\",\"url\":\"https:\/\/www.celttv.com.ar\/\",\"sameAs\":[\"https:\/\/www.youtube.com\/channel\/UCz_oIt8Hig64Ub-EmcNPIhg\",\"https:\/\/www.facebook.com\/celtTV\/\"],\"logo\":{\"@type\":\"ImageObject\",\"inLanguage\":\"es\",\"@id\":\"https:\/\/www.celttv.com.ar\/#\/schema\/logo\/image\/\",\"url\":\"http:\/\/www.celttv.com.ar\/wp-content\/uploads\/2022\/08\/logo-1.png\",\"contentUrl\":\"http:\/\/www.celttv.com.ar\/wp-content\/uploads\/2022\/08\/logo-1.png\",\"width\":461,\"height\":159,\"caption\":\"CELTTV\"},\"image\":{\"@id\":\"https:\/\/www.celttv.com.ar\/#\/schema\/logo\/image\/\"}},{\"@type\":\"Person\",\"@id\":\"https:\/\/www.celttv.com.ar\/#\/schema\/person\/6d99c072dba59953809c81446e9d0ace\",\"name\":\"ulises\",\"image\":{\"@type\":\"ImageObject\",\"inLanguage\":\"es\",\"@id\":\"https:\/\/www.celttv.com.ar\/#\/schema\/person\/image\/\",\"url\":\"https:\/\/secure.gravatar.com\/avatar\/7f2c48bdc33b30088f941fb6082e555f2874c98e20cb159d7b92b50eadfce793?s=96&d=mm&r=g\",\"contentUrl\":\"https:\/\/secure.gravatar.com\/avatar\/7f2c48bdc33b30088f941fb6082e555f2874c98e20cb159d7b92b50eadfce793?s=96&d=mm&r=g\",\"caption\":\"ulises\"},\"sameAs\":[\"http:\/\/www.celttv.com.ar\"]}]}<\/script>\n<!-- \/ Yoast SEO plugin. -->","yoast_head_json":{"title":"MATIAS JUAN MARCO LA DIFERENCIA Y UNION SE QUEDO CON EL CLASICO (la fiesta, el gol, las mejores jugadas y las polemicas) - CELTTV","description":"Sitio web de noticias de la localidad de Tornquist, provincia de Buenos Aires, Rep\u00fablica Argentina. Contenido propio originado por periodistas de CELTTV, el canal de TV local de la Cooperativa El\u00e9ctrica de Tornquist. Turismo, Pol\u00edtica, Sociedad, Deporte, Cultura y todo el contenido de inter\u00e9s general que la gente del pueblo y la regi\u00f3n debe conocer.","robots":{"index":"index","follow":"follow","max-snippet":"max-snippet:-1","max-image-preview":"max-image-preview:large","max-video-preview":"max-video-preview:-1"},"canonical":"https:\/\/www.celttv.com.ar\/index.php\/2012\/11\/13\/matias-juan-marco-la-diferencia-y-union-se-quedo-con-el-clasico\/","og_locale":"es_ES","og_type":"article","og_title":"MATIAS JUAN MARCO LA DIFERENCIA Y UNION SE QUEDO CON EL CLASICO (la fiesta, el gol, las mejores jugadas y las polemicas) - CELTTV","og_description":"Sitio web de noticias de la localidad de Tornquist, provincia de Buenos Aires, Rep\u00fablica Argentina. Contenido propio originado por periodistas de CELTTV, el canal de TV local de la Cooperativa El\u00e9ctrica de Tornquist. Turismo, Pol\u00edtica, Sociedad, Deporte, Cultura y todo el contenido de inter\u00e9s general que la gente del pueblo y la regi\u00f3n debe conocer.","og_url":"https:\/\/www.celttv.com.ar\/index.php\/2012\/11\/13\/matias-juan-marco-la-diferencia-y-union-se-quedo-con-el-clasico\/","og_site_name":"CELTTV","article_publisher":"https:\/\/www.facebook.com\/celtTV\/","article_published_time":"2012-11-13T19:13:57+00:00","author":"ulises","twitter_card":"summary_large_image","twitter_misc":{"Escrito por":"ulises","Tiempo de lectura":"4 minutos"},"schema":{"@context":"https:\/\/schema.org","@graph":[{"@type":"NewsArticle","@id":"https:\/\/www.celttv.com.ar\/index.php\/2012\/11\/13\/matias-juan-marco-la-diferencia-y-union-se-quedo-con-el-clasico\/#article","isPartOf":{"@id":"https:\/\/www.celttv.com.ar\/index.php\/2012\/11\/13\/matias-juan-marco-la-diferencia-y-union-se-quedo-con-el-clasico\/"},"author":{"name":"ulises","@id":"https:\/\/www.celttv.com.ar\/#\/schema\/person\/6d99c072dba59953809c81446e9d0ace"},"headline":"MATIAS JUAN MARCO LA DIFERENCIA Y UNION SE QUEDO CON EL CLASICO (la fiesta, el gol, las mejores jugadas y las polemicas)","datePublished":"2012-11-13T19:13:57+00:00","dateModified":"2012-11-13T19:13:57+00:00","mainEntityOfPage":{"@id":"https:\/\/www.celttv.com.ar\/index.php\/2012\/11\/13\/matias-juan-marco-la-diferencia-y-union-se-quedo-con-el-clasico\/"},"wordCount":791,"publisher":{"@id":"https:\/\/www.celttv.com.ar\/#organization"},"articleSection":["Deporte","Destacadas","Videos Destacados"],"inLanguage":"es"},{"@type":"WebPage","@id":"https:\/\/www.celttv.com.ar\/index.php\/2012\/11\/13\/matias-juan-marco-la-diferencia-y-union-se-quedo-con-el-clasico\/","url":"https:\/\/www.celttv.com.ar\/index.php\/2012\/11\/13\/matias-juan-marco-la-diferencia-y-union-se-quedo-con-el-clasico\/","name":"MATIAS JUAN MARCO LA DIFERENCIA Y UNION SE QUEDO CON EL CLASICO (la fiesta, el gol, las mejores jugadas y las polemicas) - CELTTV","isPartOf":{"@id":"https:\/\/www.celttv.com.ar\/#website"},"datePublished":"2012-11-13T19:13:57+00:00","dateModified":"2012-11-13T19:13:57+00:00","description":"Sitio web de noticias de la localidad de Tornquist, provincia de Buenos Aires, Rep\u00fablica Argentina. Contenido propio originado por periodistas de CELTTV, el canal de TV local de la Cooperativa El\u00e9ctrica de Tornquist. Turismo, Pol\u00edtica, Sociedad, Deporte, Cultura y todo el contenido de inter\u00e9s general que la gente del pueblo y la regi\u00f3n debe conocer.","breadcrumb":{"@id":"https:\/\/www.celttv.com.ar\/index.php\/2012\/11\/13\/matias-juan-marco-la-diferencia-y-union-se-quedo-con-el-clasico\/#breadcrumb"},"inLanguage":"es","potentialAction":[{"@type":"ReadAction","target":["https:\/\/www.celttv.com.ar\/index.php\/2012\/11\/13\/matias-juan-marco-la-diferencia-y-union-se-quedo-con-el-clasico\/"]}]},{"@type":"BreadcrumbList","@id":"https:\/\/www.celttv.com.ar\/index.php\/2012\/11\/13\/matias-juan-marco-la-diferencia-y-union-se-quedo-con-el-clasico\/#breadcrumb","itemListElement":[{"@type":"ListItem","position":1,"name":"Inicio","item":"https:\/\/www.celttv.com.ar\/"},{"@type":"ListItem","position":2,"name":"MATIAS JUAN MARCO LA DIFERENCIA Y UNION SE QUEDO CON EL CLASICO (la fiesta, el gol, las mejores jugadas y las polemicas)"}]},{"@type":"WebSite","@id":"https:\/\/www.celttv.com.ar\/#website","url":"https:\/\/www.celttv.com.ar\/","name":"CELTTV","description":"Cooperativa El\u00e9ctrica de Tornquist","publisher":{"@id":"https:\/\/www.celttv.com.ar\/#organization"},"potentialAction":[{"@type":"SearchAction","target":{"@type":"EntryPoint","urlTemplate":"https:\/\/www.celttv.com.ar\/?s={search_term_string}"},"query-input":"required name=search_term_string"}],"inLanguage":"es"},{"@type":"Organization","@id":"https:\/\/www.celttv.com.ar\/#organization","name":"CELTTV","url":"https:\/\/www.celttv.com.ar\/","sameAs":["https:\/\/www.youtube.com\/channel\/UCz_oIt8Hig64Ub-EmcNPIhg","https:\/\/www.facebook.com\/celtTV\/"],"logo":{"@type":"ImageObject","inLanguage":"es","@id":"https:\/\/www.celttv.com.ar\/#\/schema\/logo\/image\/","url":"http:\/\/www.celttv.com.ar\/wp-content\/uploads\/2022\/08\/logo-1.png","contentUrl":"http:\/\/www.celttv.com.ar\/wp-content\/uploads\/2022\/08\/logo-1.png","width":461,"height":159,"caption":"CELTTV"},"image":{"@id":"https:\/\/www.celttv.com.ar\/#\/schema\/logo\/image\/"}},{"@type":"Person","@id":"https:\/\/www.celttv.com.ar\/#\/schema\/person\/6d99c072dba59953809c81446e9d0ace","name":"ulises","image":{"@type":"ImageObject","inLanguage":"es","@id":"https:\/\/www.celttv.com.ar\/#\/schema\/person\/image\/","url":"https:\/\/secure.gravatar.com\/avatar\/7f2c48bdc33b30088f941fb6082e555f2874c98e20cb159d7b92b50eadfce793?s=96&d=mm&r=g","contentUrl":"https:\/\/secure.gravatar.com\/avatar\/7f2c48bdc33b30088f941fb6082e555f2874c98e20cb159d7b92b50eadfce793?s=96&d=mm&r=g","caption":"ulises"},"sameAs":["http:\/\/www.celttv.com.ar"]}]}},"_links":{"self":[{"href":"https:\/\/www.celttv.com.ar\/index.php\/wp-json\/wp\/v2\/posts\/8948","targetHints":{"allow":["GET"]}}],"collection":[{"href":"https:\/\/www.celttv.com.ar\/index.php\/wp-json\/wp\/v2\/posts"}],"about":[{"href":"https:\/\/www.celttv.com.ar\/index.php\/wp-json\/wp\/v2\/types\/post"}],"author":[{"embeddable":true,"href":"https:\/\/www.celttv.com.ar\/index.php\/wp-json\/wp\/v2\/users\/1"}],"replies":[{"embeddable":true,"href":"https:\/\/www.celttv.com.ar\/index.php\/wp-json\/wp\/v2\/comments?post=8948"}],"version-history":[{"count":0,"href":"https:\/\/www.celttv.com.ar\/index.php\/wp-json\/wp\/v2\/posts\/8948\/revisions"}],"wp:attachment":[{"href":"https:\/\/www.celttv.com.ar\/index.php\/wp-json\/wp\/v2\/media?parent=8948"}],"wp:term":[{"taxonomy":"category","embeddable":true,"href":"https:\/\/www.celttv.com.ar\/index.php\/wp-json\/wp\/v2\/categories?post=8948"},{"taxonomy":"post_tag","embeddable":true,"href":"https:\/\/www.celttv.com.ar\/index.php\/wp-json\/wp\/v2\/tags?post=8948"}],"curies":[{"name":"wp","href":"https:\/\/api.w.org\/{rel}","templated":true}]}}