{"id":89527,"date":"2025-08-21T11:34:46","date_gmt":"2025-08-21T14:34:46","guid":{"rendered":"https:\/\/www.celttv.com.ar\/?p=89527"},"modified":"2025-08-21T11:34:46","modified_gmt":"2025-08-21T14:34:46","slug":"ampliacion-de-la-historia-clinica-digital-el-municipio-recibio-importante-equipamiento-informatico","status":"publish","type":"post","link":"https:\/\/www.celttv.com.ar\/index.php\/2025\/08\/21\/ampliacion-de-la-historia-clinica-digital-el-municipio-recibio-importante-equipamiento-informatico\/","title":{"rendered":"Ampliaci\u00f3n de la historia cl\u00ednica digital: El municipio recibi\u00f3 importante equipamiento inform\u00e1tico"},"content":{"rendered":"<p align=\"JUSTIFY\"><span style=\"font-family: Arial, serif;\">En el marco del fortalecimiento de la Historia de Salud Integrada (HSI), Tornquist Municipio recibi\u00f3 importante equipamiento inform\u00e1tico por parte de los ministerios de Salud y Hacienda de la Provincia de Buenos Aires.<\/span><\/p>\n<p align=\"JUSTIFY\"><span style=\"font-family: Arial, serif;\">Se trata de 60 computadoras, cinco impresoras, diez lectores de DNI y tres comanderas, que ser\u00e1n distribuidas en los diferentes centros de salud del distrito para la ampliaci\u00f3n de la plataforma digital del sistema de salud p\u00fablico. <\/span><\/p>\n<p align=\"JUSTIFY\"><span style=\"font-family: Arial, serif;\">La HSI fue desarrollada con el fin de\u00a0digitalizar la historia cl\u00ednica de los pacientes, administrar turnos, camas y otros recursos de los centros atenci\u00f3n de salud. Ofrece diversas funcionalidades para gestionar de forma integral datos de pacientes, personal de salud y establecimientos hospitalarios.\u00a0<\/span><\/p>\n<p align=\"JUSTIFY\"><span style=\"font-family: Arial, serif;\">Adem\u00e1s, el sistema est\u00e1 integrado con la Red Nacional de Interoperabilidad en Salud que conecta diferentes Sistemas de Informaci\u00f3n en Salud en Argentina,\u00a0permitiendo el intercambio de informaci\u00f3n cl\u00ednica de manera precisa, segura, puntual y de alta calidad, con fines asistenciales, epidemiol\u00f3gicos, estad\u00edsticos y de salud.<\/span><\/p>\n<p align=\"JUSTIFY\"><span style=\"font-family: Arial, serif;\">Desde su implementaci\u00f3n en el distrito de Tornquist en 2022, el municipio recibi\u00f3 m\u00e1s de 100 computadoras y distintos elementos inform\u00e1ticos. Asimismo, al momento posee 18.000 pacientes empadronados, que realizaron m\u00e1s de 50.000 consultas ambulatorias en consultorios externos, 20.000 turnos otorgados, m\u00e1s de 100 profesionales capacitados utiliz\u00e1ndolo y m\u00e1s de 1.500 recetas electr\u00f3nicas emitidas.<\/span><\/p>\n<p align=\"JUSTIFY\"><img loading=\"lazy\" decoding=\"async\" class=\"alignnone wp-image-89529 size-large\" src=\"https:\/\/www.celttv.com.ar\/wp-content\/uploads\/2025\/08\/HSI-1024x576.jpeg\" alt=\"\" width=\"1024\" height=\"576\" srcset=\"https:\/\/www.celttv.com.ar\/wp-content\/uploads\/2025\/08\/HSI-1024x576.jpeg 1024w, https:\/\/www.celttv.com.ar\/wp-content\/uploads\/2025\/08\/HSI-300x169.jpeg 300w, https:\/\/www.celttv.com.ar\/wp-content\/uploads\/2025\/08\/HSI-768x432.jpeg 768w, https:\/\/www.celttv.com.ar\/wp-content\/uploads\/2025\/08\/HSI-1536x864.jpeg 1536w, https:\/\/www.celttv.com.ar\/wp-content\/uploads\/2025\/08\/HSI-750x422.jpeg 750w, https:\/\/www.celttv.com.ar\/wp-content\/uploads\/2025\/08\/HSI-1140x641.jpeg 1140w, https:\/\/www.celttv.com.ar\/wp-content\/uploads\/2025\/08\/HSI.jpeg 1600w\" sizes=\"auto, (max-width: 1024px) 100vw, 1024px\" \/><\/p>\n","protected":false},"excerpt":{"rendered":"<p>En el marco del fortalecimiento de la Historia de Salud Integrada (HSI), Tornquist Municipio recibi\u00f3 importante equipamiento inform\u00e1tico por parte de los ministerios de Salud y Hacienda de la Provincia de Buenos Aires. Se trata de 60 computadoras, cinco impresoras, diez lectores de DNI y tres comanderas, que ser\u00e1n distribuidas en los diferentes centros de [&hellip;]<\/p>\n","protected":false},"author":5,"featured_media":89529,"comment_status":"closed","ping_status":"closed","sticky":false,"template":"","format":"standard","meta":{"footnotes":""},"categories":[51,52],"tags":[],"class_list":["post-89527","post","type-post","status-publish","format-standard","has-post-thumbnail","hentry","category-comunidad","category-destacadas"],"yoast_head":"<!-- This site is optimized with the Yoast SEO plugin v19.7.1 - https:\/\/yoast.com\/wordpress\/plugins\/seo\/ -->\n<title>Ampliaci\u00f3n de la historia cl\u00ednica digital: El municipio recibi\u00f3 importante equipamiento inform\u00e1tico - CELTTV<\/title>\n<meta name=\"description\" content=\"Sitio web de noticias de la localidad de Tornquist, provincia de Buenos Aires, Rep\u00fablica Argentina. Contenido propio originado por periodistas de CELTTV, el canal de TV local de la Cooperativa El\u00e9ctrica de Tornquist. Turismo, Pol\u00edtica, Sociedad, Deporte, Cultura y todo el contenido de inter\u00e9s general que la gente del pueblo y la regi\u00f3n debe conocer.\" \/>\n<meta name=\"robots\" content=\"index, follow, max-snippet:-1, max-image-preview:large, max-video-preview:-1\" \/>\n<link rel=\"canonical\" href=\"https:\/\/www.celttv.com.ar\/index.php\/2025\/08\/21\/ampliacion-de-la-historia-clinica-digital-el-municipio-recibio-importante-equipamiento-informatico\/\" \/>\n<meta property=\"og:locale\" content=\"es_ES\" \/>\n<meta property=\"og:type\" content=\"article\" \/>\n<meta property=\"og:title\" content=\"Ampliaci\u00f3n de la historia cl\u00ednica digital: El municipio recibi\u00f3 importante equipamiento inform\u00e1tico - CELTTV\" \/>\n<meta property=\"og:description\" content=\"Sitio web de noticias de la localidad de Tornquist, provincia de Buenos Aires, Rep\u00fablica Argentina. Contenido propio originado por periodistas de CELTTV, el canal de TV local de la Cooperativa El\u00e9ctrica de Tornquist. Turismo, Pol\u00edtica, Sociedad, Deporte, Cultura y todo el contenido de inter\u00e9s general que la gente del pueblo y la regi\u00f3n debe conocer.\" \/>\n<meta property=\"og:url\" content=\"https:\/\/www.celttv.com.ar\/index.php\/2025\/08\/21\/ampliacion-de-la-historia-clinica-digital-el-municipio-recibio-importante-equipamiento-informatico\/\" \/>\n<meta property=\"og:site_name\" content=\"CELTTV\" \/>\n<meta property=\"article:publisher\" content=\"https:\/\/www.facebook.com\/celtTV\/\" \/>\n<meta property=\"article:published_time\" content=\"2025-08-21T14:34:46+00:00\" \/>\n<meta property=\"og:image\" content=\"https:\/\/www.celttv.com.ar\/wp-content\/uploads\/2025\/08\/HSI.jpeg\" \/>\n\t<meta property=\"og:image:width\" content=\"1600\" \/>\n\t<meta property=\"og:image:height\" content=\"900\" \/>\n\t<meta property=\"og:image:type\" content=\"image\/jpeg\" \/>\n<meta name=\"author\" content=\"Miguel Herrada\" \/>\n<meta name=\"twitter:card\" content=\"summary_large_image\" \/>\n<meta name=\"twitter:label1\" content=\"Escrito por\" \/>\n\t<meta name=\"twitter:data1\" content=\"Miguel Herrada\" \/>\n\t<meta name=\"twitter:label2\" content=\"Tiempo de lectura\" \/>\n\t<meta name=\"twitter:data2\" content=\"1 minuto\" \/>\n<script type=\"application\/ld+json\" class=\"yoast-schema-graph\">{\"@context\":\"https:\/\/schema.org\",\"@graph\":[{\"@type\":\"NewsArticle\",\"@id\":\"https:\/\/www.celttv.com.ar\/index.php\/2025\/08\/21\/ampliacion-de-la-historia-clinica-digital-el-municipio-recibio-importante-equipamiento-informatico\/#article\",\"isPartOf\":{\"@id\":\"https:\/\/www.celttv.com.ar\/index.php\/2025\/08\/21\/ampliacion-de-la-historia-clinica-digital-el-municipio-recibio-importante-equipamiento-informatico\/\"},\"author\":{\"name\":\"Miguel Herrada\",\"@id\":\"https:\/\/www.celttv.com.ar\/#\/schema\/person\/9059dc91dc7204ef4182cdb65225f07d\"},\"headline\":\"Ampliaci\u00f3n de la historia cl\u00ednica digital: El municipio recibi\u00f3 importante equipamiento inform\u00e1tico\",\"datePublished\":\"2025-08-21T14:34:46+00:00\",\"dateModified\":\"2025-08-21T14:34:46+00:00\",\"mainEntityOfPage\":{\"@id\":\"https:\/\/www.celttv.com.ar\/index.php\/2025\/08\/21\/ampliacion-de-la-historia-clinica-digital-el-municipio-recibio-importante-equipamiento-informatico\/\"},\"wordCount\":241,\"publisher\":{\"@id\":\"https:\/\/www.celttv.com.ar\/#organization\"},\"articleSection\":[\"Comunidad\",\"Destacadas\"],\"inLanguage\":\"es\"},{\"@type\":\"WebPage\",\"@id\":\"https:\/\/www.celttv.com.ar\/index.php\/2025\/08\/21\/ampliacion-de-la-historia-clinica-digital-el-municipio-recibio-importante-equipamiento-informatico\/\",\"url\":\"https:\/\/www.celttv.com.ar\/index.php\/2025\/08\/21\/ampliacion-de-la-historia-clinica-digital-el-municipio-recibio-importante-equipamiento-informatico\/\",\"name\":\"Ampliaci\u00f3n de la historia cl\u00ednica digital: El municipio recibi\u00f3 importante equipamiento inform\u00e1tico - CELTTV\",\"isPartOf\":{\"@id\":\"https:\/\/www.celttv.com.ar\/#website\"},\"datePublished\":\"2025-08-21T14:34:46+00:00\",\"dateModified\":\"2025-08-21T14:34:46+00:00\",\"description\":\"Sitio web de noticias de la localidad de Tornquist, provincia de Buenos Aires, Rep\u00fablica Argentina. Contenido propio originado por periodistas de CELTTV, el canal de TV local de la Cooperativa El\u00e9ctrica de Tornquist. Turismo, Pol\u00edtica, Sociedad, Deporte, Cultura y todo el contenido de inter\u00e9s general que la gente del pueblo y la regi\u00f3n debe conocer.\",\"breadcrumb\":{\"@id\":\"https:\/\/www.celttv.com.ar\/index.php\/2025\/08\/21\/ampliacion-de-la-historia-clinica-digital-el-municipio-recibio-importante-equipamiento-informatico\/#breadcrumb\"},\"inLanguage\":\"es\",\"potentialAction\":[{\"@type\":\"ReadAction\",\"target\":[\"https:\/\/www.celttv.com.ar\/index.php\/2025\/08\/21\/ampliacion-de-la-historia-clinica-digital-el-municipio-recibio-importante-equipamiento-informatico\/\"]}]},{\"@type\":\"BreadcrumbList\",\"@id\":\"https:\/\/www.celttv.com.ar\/index.php\/2025\/08\/21\/ampliacion-de-la-historia-clinica-digital-el-municipio-recibio-importante-equipamiento-informatico\/#breadcrumb\",\"itemListElement\":[{\"@type\":\"ListItem\",\"position\":1,\"name\":\"Inicio\",\"item\":\"https:\/\/www.celttv.com.ar\/\"},{\"@type\":\"ListItem\",\"position\":2,\"name\":\"Ampliaci\u00f3n de la historia cl\u00ednica digital: El municipio recibi\u00f3 importante equipamiento inform\u00e1tico\"}]},{\"@type\":\"WebSite\",\"@id\":\"https:\/\/www.celttv.com.ar\/#website\",\"url\":\"https:\/\/www.celttv.com.ar\/\",\"name\":\"CELTTV\",\"description\":\"Cooperativa El\u00e9ctrica de Tornquist\",\"publisher\":{\"@id\":\"https:\/\/www.celttv.com.ar\/#organization\"},\"potentialAction\":[{\"@type\":\"SearchAction\",\"target\":{\"@type\":\"EntryPoint\",\"urlTemplate\":\"https:\/\/www.celttv.com.ar\/?s={search_term_string}\"},\"query-input\":\"required name=search_term_string\"}],\"inLanguage\":\"es\"},{\"@type\":\"Organization\",\"@id\":\"https:\/\/www.celttv.com.ar\/#organization\",\"name\":\"CELTTV\",\"url\":\"https:\/\/www.celttv.com.ar\/\",\"sameAs\":[\"https:\/\/www.youtube.com\/channel\/UCz_oIt8Hig64Ub-EmcNPIhg\",\"https:\/\/www.facebook.com\/celtTV\/\"],\"logo\":{\"@type\":\"ImageObject\",\"inLanguage\":\"es\",\"@id\":\"https:\/\/www.celttv.com.ar\/#\/schema\/logo\/image\/\",\"url\":\"http:\/\/www.celttv.com.ar\/wp-content\/uploads\/2022\/08\/logo-1.png\",\"contentUrl\":\"http:\/\/www.celttv.com.ar\/wp-content\/uploads\/2022\/08\/logo-1.png\",\"width\":461,\"height\":159,\"caption\":\"CELTTV\"},\"image\":{\"@id\":\"https:\/\/www.celttv.com.ar\/#\/schema\/logo\/image\/\"}},{\"@type\":\"Person\",\"@id\":\"https:\/\/www.celttv.com.ar\/#\/schema\/person\/9059dc91dc7204ef4182cdb65225f07d\",\"name\":\"Miguel Herrada\",\"image\":{\"@type\":\"ImageObject\",\"inLanguage\":\"es\",\"@id\":\"https:\/\/www.celttv.com.ar\/#\/schema\/person\/image\/\",\"url\":\"https:\/\/secure.gravatar.com\/avatar\/67724d5b3c716623ffd76bec7e45841a442ac3b456e914dbba90b0fad2b8e0b1?s=96&d=mm&r=g\",\"contentUrl\":\"https:\/\/secure.gravatar.com\/avatar\/67724d5b3c716623ffd76bec7e45841a442ac3b456e914dbba90b0fad2b8e0b1?s=96&d=mm&r=g\",\"caption\":\"Miguel Herrada\"}}]}<\/script>\n<!-- \/ Yoast SEO plugin. -->","yoast_head_json":{"title":"Ampliaci\u00f3n de la historia cl\u00ednica digital: El municipio recibi\u00f3 importante equipamiento inform\u00e1tico - CELTTV","description":"Sitio web de noticias de la localidad de Tornquist, provincia de Buenos Aires, Rep\u00fablica Argentina. Contenido propio originado por periodistas de CELTTV, el canal de TV local de la Cooperativa El\u00e9ctrica de Tornquist. Turismo, Pol\u00edtica, Sociedad, Deporte, Cultura y todo el contenido de inter\u00e9s general que la gente del pueblo y la regi\u00f3n debe conocer.","robots":{"index":"index","follow":"follow","max-snippet":"max-snippet:-1","max-image-preview":"max-image-preview:large","max-video-preview":"max-video-preview:-1"},"canonical":"https:\/\/www.celttv.com.ar\/index.php\/2025\/08\/21\/ampliacion-de-la-historia-clinica-digital-el-municipio-recibio-importante-equipamiento-informatico\/","og_locale":"es_ES","og_type":"article","og_title":"Ampliaci\u00f3n de la historia cl\u00ednica digital: El municipio recibi\u00f3 importante equipamiento inform\u00e1tico - CELTTV","og_description":"Sitio web de noticias de la localidad de Tornquist, provincia de Buenos Aires, Rep\u00fablica Argentina. Contenido propio originado por periodistas de CELTTV, el canal de TV local de la Cooperativa El\u00e9ctrica de Tornquist. Turismo, Pol\u00edtica, Sociedad, Deporte, Cultura y todo el contenido de inter\u00e9s general que la gente del pueblo y la regi\u00f3n debe conocer.","og_url":"https:\/\/www.celttv.com.ar\/index.php\/2025\/08\/21\/ampliacion-de-la-historia-clinica-digital-el-municipio-recibio-importante-equipamiento-informatico\/","og_site_name":"CELTTV","article_publisher":"https:\/\/www.facebook.com\/celtTV\/","article_published_time":"2025-08-21T14:34:46+00:00","og_image":[{"width":1600,"height":900,"url":"https:\/\/www.celttv.com.ar\/wp-content\/uploads\/2025\/08\/HSI.jpeg","type":"image\/jpeg"}],"author":"Miguel Herrada","twitter_card":"summary_large_image","twitter_misc":{"Escrito por":"Miguel Herrada","Tiempo de lectura":"1 minuto"},"schema":{"@context":"https:\/\/schema.org","@graph":[{"@type":"NewsArticle","@id":"https:\/\/www.celttv.com.ar\/index.php\/2025\/08\/21\/ampliacion-de-la-historia-clinica-digital-el-municipio-recibio-importante-equipamiento-informatico\/#article","isPartOf":{"@id":"https:\/\/www.celttv.com.ar\/index.php\/2025\/08\/21\/ampliacion-de-la-historia-clinica-digital-el-municipio-recibio-importante-equipamiento-informatico\/"},"author":{"name":"Miguel Herrada","@id":"https:\/\/www.celttv.com.ar\/#\/schema\/person\/9059dc91dc7204ef4182cdb65225f07d"},"headline":"Ampliaci\u00f3n de la historia cl\u00ednica digital: El municipio recibi\u00f3 importante equipamiento inform\u00e1tico","datePublished":"2025-08-21T14:34:46+00:00","dateModified":"2025-08-21T14:34:46+00:00","mainEntityOfPage":{"@id":"https:\/\/www.celttv.com.ar\/index.php\/2025\/08\/21\/ampliacion-de-la-historia-clinica-digital-el-municipio-recibio-importante-equipamiento-informatico\/"},"wordCount":241,"publisher":{"@id":"https:\/\/www.celttv.com.ar\/#organization"},"articleSection":["Comunidad","Destacadas"],"inLanguage":"es"},{"@type":"WebPage","@id":"https:\/\/www.celttv.com.ar\/index.php\/2025\/08\/21\/ampliacion-de-la-historia-clinica-digital-el-municipio-recibio-importante-equipamiento-informatico\/","url":"https:\/\/www.celttv.com.ar\/index.php\/2025\/08\/21\/ampliacion-de-la-historia-clinica-digital-el-municipio-recibio-importante-equipamiento-informatico\/","name":"Ampliaci\u00f3n de la historia cl\u00ednica digital: El municipio recibi\u00f3 importante equipamiento inform\u00e1tico - CELTTV","isPartOf":{"@id":"https:\/\/www.celttv.com.ar\/#website"},"datePublished":"2025-08-21T14:34:46+00:00","dateModified":"2025-08-21T14:34:46+00:00","description":"Sitio web de noticias de la localidad de Tornquist, provincia de Buenos Aires, Rep\u00fablica Argentina. Contenido propio originado por periodistas de CELTTV, el canal de TV local de la Cooperativa El\u00e9ctrica de Tornquist. Turismo, Pol\u00edtica, Sociedad, Deporte, Cultura y todo el contenido de inter\u00e9s general que la gente del pueblo y la regi\u00f3n debe conocer.","breadcrumb":{"@id":"https:\/\/www.celttv.com.ar\/index.php\/2025\/08\/21\/ampliacion-de-la-historia-clinica-digital-el-municipio-recibio-importante-equipamiento-informatico\/#breadcrumb"},"inLanguage":"es","potentialAction":[{"@type":"ReadAction","target":["https:\/\/www.celttv.com.ar\/index.php\/2025\/08\/21\/ampliacion-de-la-historia-clinica-digital-el-municipio-recibio-importante-equipamiento-informatico\/"]}]},{"@type":"BreadcrumbList","@id":"https:\/\/www.celttv.com.ar\/index.php\/2025\/08\/21\/ampliacion-de-la-historia-clinica-digital-el-municipio-recibio-importante-equipamiento-informatico\/#breadcrumb","itemListElement":[{"@type":"ListItem","position":1,"name":"Inicio","item":"https:\/\/www.celttv.com.ar\/"},{"@type":"ListItem","position":2,"name":"Ampliaci\u00f3n de la historia cl\u00ednica digital: El municipio recibi\u00f3 importante equipamiento inform\u00e1tico"}]},{"@type":"WebSite","@id":"https:\/\/www.celttv.com.ar\/#website","url":"https:\/\/www.celttv.com.ar\/","name":"CELTTV","description":"Cooperativa El\u00e9ctrica de Tornquist","publisher":{"@id":"https:\/\/www.celttv.com.ar\/#organization"},"potentialAction":[{"@type":"SearchAction","target":{"@type":"EntryPoint","urlTemplate":"https:\/\/www.celttv.com.ar\/?s={search_term_string}"},"query-input":"required name=search_term_string"}],"inLanguage":"es"},{"@type":"Organization","@id":"https:\/\/www.celttv.com.ar\/#organization","name":"CELTTV","url":"https:\/\/www.celttv.com.ar\/","sameAs":["https:\/\/www.youtube.com\/channel\/UCz_oIt8Hig64Ub-EmcNPIhg","https:\/\/www.facebook.com\/celtTV\/"],"logo":{"@type":"ImageObject","inLanguage":"es","@id":"https:\/\/www.celttv.com.ar\/#\/schema\/logo\/image\/","url":"http:\/\/www.celttv.com.ar\/wp-content\/uploads\/2022\/08\/logo-1.png","contentUrl":"http:\/\/www.celttv.com.ar\/wp-content\/uploads\/2022\/08\/logo-1.png","width":461,"height":159,"caption":"CELTTV"},"image":{"@id":"https:\/\/www.celttv.com.ar\/#\/schema\/logo\/image\/"}},{"@type":"Person","@id":"https:\/\/www.celttv.com.ar\/#\/schema\/person\/9059dc91dc7204ef4182cdb65225f07d","name":"Miguel Herrada","image":{"@type":"ImageObject","inLanguage":"es","@id":"https:\/\/www.celttv.com.ar\/#\/schema\/person\/image\/","url":"https:\/\/secure.gravatar.com\/avatar\/67724d5b3c716623ffd76bec7e45841a442ac3b456e914dbba90b0fad2b8e0b1?s=96&d=mm&r=g","contentUrl":"https:\/\/secure.gravatar.com\/avatar\/67724d5b3c716623ffd76bec7e45841a442ac3b456e914dbba90b0fad2b8e0b1?s=96&d=mm&r=g","caption":"Miguel Herrada"}}]}},"_links":{"self":[{"href":"https:\/\/www.celttv.com.ar\/index.php\/wp-json\/wp\/v2\/posts\/89527","targetHints":{"allow":["GET"]}}],"collection":[{"href":"https:\/\/www.celttv.com.ar\/index.php\/wp-json\/wp\/v2\/posts"}],"about":[{"href":"https:\/\/www.celttv.com.ar\/index.php\/wp-json\/wp\/v2\/types\/post"}],"author":[{"embeddable":true,"href":"https:\/\/www.celttv.com.ar\/index.php\/wp-json\/wp\/v2\/users\/5"}],"replies":[{"embeddable":true,"href":"https:\/\/www.celttv.com.ar\/index.php\/wp-json\/wp\/v2\/comments?post=89527"}],"version-history":[{"count":1,"href":"https:\/\/www.celttv.com.ar\/index.php\/wp-json\/wp\/v2\/posts\/89527\/revisions"}],"predecessor-version":[{"id":89530,"href":"https:\/\/www.celttv.com.ar\/index.php\/wp-json\/wp\/v2\/posts\/89527\/revisions\/89530"}],"wp:featuredmedia":[{"embeddable":true,"href":"https:\/\/www.celttv.com.ar\/index.php\/wp-json\/wp\/v2\/media\/89529"}],"wp:attachment":[{"href":"https:\/\/www.celttv.com.ar\/index.php\/wp-json\/wp\/v2\/media?parent=89527"}],"wp:term":[{"taxonomy":"category","embeddable":true,"href":"https:\/\/www.celttv.com.ar\/index.php\/wp-json\/wp\/v2\/categories?post=89527"},{"taxonomy":"post_tag","embeddable":true,"href":"https:\/\/www.celttv.com.ar\/index.php\/wp-json\/wp\/v2\/tags?post=89527"}],"curies":[{"name":"wp","href":"https:\/\/api.w.org\/{rel}","templated":true}]}}