{"id":89538,"date":"2025-08-21T20:31:32","date_gmt":"2025-08-21T23:31:32","guid":{"rendered":"https:\/\/www.celttv.com.ar\/?p=89538"},"modified":"2025-08-21T20:58:11","modified_gmt":"2025-08-21T23:58:11","slug":"policiales-allanamiento-positivo-en-la-ciudad-por-un-hecho-delictivo","status":"publish","type":"post","link":"https:\/\/www.celttv.com.ar\/index.php\/2025\/08\/21\/policiales-allanamiento-positivo-en-la-ciudad-por-un-hecho-delictivo\/","title":{"rendered":"Policiales: Allanamiento positivo en la ciudad por un hecho delictivo"},"content":{"rendered":"<p><strong>Parte de Prensa Policial<\/strong><\/p>\n<p>Tornquist Municipio a trav\u00e9s de la Secretar\u00eda de Seguridad, informa a la comunidad que, en el d\u00eda de hoy, personal de la Estaci\u00f3n de Polic\u00eda Comunal Tornquist realiz\u00f3 un allanamiento exitoso en el marco de una causa por un hecho delictivo ocurrido el 11 de agosto pasado, bajo la modalidad de \u201cHURTO\u201d, con intervenci\u00f3n de la Ayudant\u00eda Fiscal de Tornquist.<\/p>\n<p>Las investigaciones permitieron identificar a un sospechoso y solicitar una orden de allanamiento al Juzgado de Garant\u00edas N\u00b01 del departamento de Bah\u00eda Blanca, la cual fue otorgada y ejecutada en un domicilio de calle Italia 760, en Tornquist, donde reside el sindicado NAVARRO GUILLERMO. En el lugar se secuestraron prendas de vestir utilizadas en el momento del hecho.<\/p>\n<p>Asimismo, mediante otras diligencias, se logr\u00f3 recuperar el tel\u00e9fono sustra\u00eddo en aquel delito. Debido a la modalidad y proximidad en tiempo y espacio, <em><u>no se descarta que este sospechoso haya participado en otros hechos delictivos en la localidad.<\/u><\/em> La investigaci\u00f3n contin\u00faa en curso para recolectar mayores elementos que ayuden a esclarecer la situaci\u00f3n.<\/p>\n<p><img loading=\"lazy\" decoding=\"async\" class=\"alignnone wp-image-89539 size-large\" src=\"https:\/\/www.celttv.com.ar\/wp-content\/uploads\/2025\/08\/Allanamiento21-8-1024x771.jpg\" alt=\"\" width=\"1024\" height=\"771\" srcset=\"https:\/\/www.celttv.com.ar\/wp-content\/uploads\/2025\/08\/Allanamiento21-8-1024x771.jpg 1024w, https:\/\/www.celttv.com.ar\/wp-content\/uploads\/2025\/08\/Allanamiento21-8-300x226.jpg 300w, https:\/\/www.celttv.com.ar\/wp-content\/uploads\/2025\/08\/Allanamiento21-8-768x578.jpg 768w, https:\/\/www.celttv.com.ar\/wp-content\/uploads\/2025\/08\/Allanamiento21-8-1536x1156.jpg 1536w, https:\/\/www.celttv.com.ar\/wp-content\/uploads\/2025\/08\/Allanamiento21-8-750x564.jpg 750w, https:\/\/www.celttv.com.ar\/wp-content\/uploads\/2025\/08\/Allanamiento21-8-1140x858.jpg 1140w, https:\/\/www.celttv.com.ar\/wp-content\/uploads\/2025\/08\/Allanamiento21-8.jpg 1600w\" sizes=\"auto, (max-width: 1024px) 100vw, 1024px\" \/><\/p>\n<p><img loading=\"lazy\" decoding=\"async\" class=\"alignnone wp-image-89542 size-large\" src=\"https:\/\/www.celttv.com.ar\/wp-content\/uploads\/2025\/08\/Allanamiento21-8.-1jpg-796x1024.jpg\" alt=\"\" width=\"796\" height=\"1024\" srcset=\"https:\/\/www.celttv.com.ar\/wp-content\/uploads\/2025\/08\/Allanamiento21-8.-1jpg-796x1024.jpg 796w, https:\/\/www.celttv.com.ar\/wp-content\/uploads\/2025\/08\/Allanamiento21-8.-1jpg-233x300.jpg 233w, https:\/\/www.celttv.com.ar\/wp-content\/uploads\/2025\/08\/Allanamiento21-8.-1jpg-768x988.jpg 768w, https:\/\/www.celttv.com.ar\/wp-content\/uploads\/2025\/08\/Allanamiento21-8.-1jpg-750x964.jpg 750w, https:\/\/www.celttv.com.ar\/wp-content\/uploads\/2025\/08\/Allanamiento21-8.-1jpg.jpg 1011w\" sizes=\"auto, (max-width: 796px) 100vw, 796px\" \/> <img loading=\"lazy\" decoding=\"async\" class=\"alignnone wp-image-89543 size-full\" src=\"https:\/\/www.celttv.com.ar\/wp-content\/uploads\/2025\/08\/Allanamiento21-8.-2jpg.jpg\" alt=\"\" width=\"654\" height=\"869\" srcset=\"https:\/\/www.celttv.com.ar\/wp-content\/uploads\/2025\/08\/Allanamiento21-8.-2jpg.jpg 654w, https:\/\/www.celttv.com.ar\/wp-content\/uploads\/2025\/08\/Allanamiento21-8.-2jpg-226x300.jpg 226w\" sizes=\"auto, (max-width: 654px) 100vw, 654px\" \/><\/p>\n","protected":false},"excerpt":{"rendered":"<p>Parte de Prensa Policial Tornquist Municipio a trav\u00e9s de la Secretar\u00eda de Seguridad, informa a la comunidad que, en el d\u00eda de hoy, personal de la Estaci\u00f3n de Polic\u00eda Comunal Tornquist realiz\u00f3 un allanamiento exitoso en el marco de una causa por un hecho delictivo ocurrido el 11 de agosto pasado, bajo la modalidad de [&hellip;]<\/p>\n","protected":false},"author":5,"featured_media":89539,"comment_status":"closed","ping_status":"closed","sticky":false,"template":"","format":"standard","meta":{"footnotes":""},"categories":[61],"tags":[],"class_list":["post-89538","post","type-post","status-publish","format-standard","has-post-thumbnail","hentry","category-policiales"],"yoast_head":"<!-- This site is optimized with the Yoast SEO plugin v19.7.1 - https:\/\/yoast.com\/wordpress\/plugins\/seo\/ -->\n<title>Policiales: Allanamiento positivo en la ciudad por un hecho delictivo - CELTTV<\/title>\n<meta name=\"description\" content=\"Sitio web de noticias de la localidad de Tornquist, provincia de Buenos Aires, Rep\u00fablica Argentina. Contenido propio originado por periodistas de CELTTV, el canal de TV local de la Cooperativa El\u00e9ctrica de Tornquist. Turismo, Pol\u00edtica, Sociedad, Deporte, Cultura y todo el contenido de inter\u00e9s general que la gente del pueblo y la regi\u00f3n debe conocer.\" \/>\n<meta name=\"robots\" content=\"index, follow, max-snippet:-1, max-image-preview:large, max-video-preview:-1\" \/>\n<link rel=\"canonical\" href=\"https:\/\/www.celttv.com.ar\/index.php\/2025\/08\/21\/policiales-allanamiento-positivo-en-la-ciudad-por-un-hecho-delictivo\/\" \/>\n<meta property=\"og:locale\" content=\"es_ES\" \/>\n<meta property=\"og:type\" content=\"article\" \/>\n<meta property=\"og:title\" content=\"Policiales: Allanamiento positivo en la ciudad por un hecho delictivo - CELTTV\" \/>\n<meta property=\"og:description\" content=\"Sitio web de noticias de la localidad de Tornquist, provincia de Buenos Aires, Rep\u00fablica Argentina. Contenido propio originado por periodistas de CELTTV, el canal de TV local de la Cooperativa El\u00e9ctrica de Tornquist. Turismo, Pol\u00edtica, Sociedad, Deporte, Cultura y todo el contenido de inter\u00e9s general que la gente del pueblo y la regi\u00f3n debe conocer.\" \/>\n<meta property=\"og:url\" content=\"https:\/\/www.celttv.com.ar\/index.php\/2025\/08\/21\/policiales-allanamiento-positivo-en-la-ciudad-por-un-hecho-delictivo\/\" \/>\n<meta property=\"og:site_name\" content=\"CELTTV\" \/>\n<meta property=\"article:publisher\" content=\"https:\/\/www.facebook.com\/celtTV\/\" \/>\n<meta property=\"article:published_time\" content=\"2025-08-21T23:31:32+00:00\" \/>\n<meta property=\"article:modified_time\" content=\"2025-08-21T23:58:11+00:00\" \/>\n<meta property=\"og:image\" content=\"https:\/\/www.celttv.com.ar\/wp-content\/uploads\/2025\/08\/Allanamiento21-8.jpg\" \/>\n\t<meta property=\"og:image:width\" content=\"1600\" \/>\n\t<meta property=\"og:image:height\" content=\"1204\" \/>\n\t<meta property=\"og:image:type\" content=\"image\/jpeg\" \/>\n<meta name=\"author\" content=\"Miguel Herrada\" \/>\n<meta name=\"twitter:card\" content=\"summary_large_image\" \/>\n<meta name=\"twitter:label1\" content=\"Escrito por\" \/>\n\t<meta name=\"twitter:data1\" content=\"Miguel Herrada\" \/>\n\t<meta name=\"twitter:label2\" content=\"Tiempo de lectura\" \/>\n\t<meta name=\"twitter:data2\" content=\"1 minuto\" \/>\n<script type=\"application\/ld+json\" class=\"yoast-schema-graph\">{\"@context\":\"https:\/\/schema.org\",\"@graph\":[{\"@type\":\"NewsArticle\",\"@id\":\"https:\/\/www.celttv.com.ar\/index.php\/2025\/08\/21\/policiales-allanamiento-positivo-en-la-ciudad-por-un-hecho-delictivo\/#article\",\"isPartOf\":{\"@id\":\"https:\/\/www.celttv.com.ar\/index.php\/2025\/08\/21\/policiales-allanamiento-positivo-en-la-ciudad-por-un-hecho-delictivo\/\"},\"author\":{\"name\":\"Miguel Herrada\",\"@id\":\"https:\/\/www.celttv.com.ar\/#\/schema\/person\/9059dc91dc7204ef4182cdb65225f07d\"},\"headline\":\"Policiales: Allanamiento positivo en la ciudad por un hecho delictivo\",\"datePublished\":\"2025-08-21T23:31:32+00:00\",\"dateModified\":\"2025-08-21T23:58:11+00:00\",\"mainEntityOfPage\":{\"@id\":\"https:\/\/www.celttv.com.ar\/index.php\/2025\/08\/21\/policiales-allanamiento-positivo-en-la-ciudad-por-un-hecho-delictivo\/\"},\"wordCount\":197,\"publisher\":{\"@id\":\"https:\/\/www.celttv.com.ar\/#organization\"},\"articleSection\":[\"Policiales\"],\"inLanguage\":\"es\"},{\"@type\":\"WebPage\",\"@id\":\"https:\/\/www.celttv.com.ar\/index.php\/2025\/08\/21\/policiales-allanamiento-positivo-en-la-ciudad-por-un-hecho-delictivo\/\",\"url\":\"https:\/\/www.celttv.com.ar\/index.php\/2025\/08\/21\/policiales-allanamiento-positivo-en-la-ciudad-por-un-hecho-delictivo\/\",\"name\":\"Policiales: Allanamiento positivo en la ciudad por un hecho delictivo - CELTTV\",\"isPartOf\":{\"@id\":\"https:\/\/www.celttv.com.ar\/#website\"},\"datePublished\":\"2025-08-21T23:31:32+00:00\",\"dateModified\":\"2025-08-21T23:58:11+00:00\",\"description\":\"Sitio web de noticias de la localidad de Tornquist, provincia de Buenos Aires, Rep\u00fablica Argentina. Contenido propio originado por periodistas de CELTTV, el canal de TV local de la Cooperativa El\u00e9ctrica de Tornquist. Turismo, Pol\u00edtica, Sociedad, Deporte, Cultura y todo el contenido de inter\u00e9s general que la gente del pueblo y la regi\u00f3n debe conocer.\",\"breadcrumb\":{\"@id\":\"https:\/\/www.celttv.com.ar\/index.php\/2025\/08\/21\/policiales-allanamiento-positivo-en-la-ciudad-por-un-hecho-delictivo\/#breadcrumb\"},\"inLanguage\":\"es\",\"potentialAction\":[{\"@type\":\"ReadAction\",\"target\":[\"https:\/\/www.celttv.com.ar\/index.php\/2025\/08\/21\/policiales-allanamiento-positivo-en-la-ciudad-por-un-hecho-delictivo\/\"]}]},{\"@type\":\"BreadcrumbList\",\"@id\":\"https:\/\/www.celttv.com.ar\/index.php\/2025\/08\/21\/policiales-allanamiento-positivo-en-la-ciudad-por-un-hecho-delictivo\/#breadcrumb\",\"itemListElement\":[{\"@type\":\"ListItem\",\"position\":1,\"name\":\"Inicio\",\"item\":\"https:\/\/www.celttv.com.ar\/\"},{\"@type\":\"ListItem\",\"position\":2,\"name\":\"Policiales: Allanamiento positivo en la ciudad por un hecho delictivo\"}]},{\"@type\":\"WebSite\",\"@id\":\"https:\/\/www.celttv.com.ar\/#website\",\"url\":\"https:\/\/www.celttv.com.ar\/\",\"name\":\"CELTTV\",\"description\":\"Cooperativa El\u00e9ctrica de Tornquist\",\"publisher\":{\"@id\":\"https:\/\/www.celttv.com.ar\/#organization\"},\"potentialAction\":[{\"@type\":\"SearchAction\",\"target\":{\"@type\":\"EntryPoint\",\"urlTemplate\":\"https:\/\/www.celttv.com.ar\/?s={search_term_string}\"},\"query-input\":\"required name=search_term_string\"}],\"inLanguage\":\"es\"},{\"@type\":\"Organization\",\"@id\":\"https:\/\/www.celttv.com.ar\/#organization\",\"name\":\"CELTTV\",\"url\":\"https:\/\/www.celttv.com.ar\/\",\"sameAs\":[\"https:\/\/www.youtube.com\/channel\/UCz_oIt8Hig64Ub-EmcNPIhg\",\"https:\/\/www.facebook.com\/celtTV\/\"],\"logo\":{\"@type\":\"ImageObject\",\"inLanguage\":\"es\",\"@id\":\"https:\/\/www.celttv.com.ar\/#\/schema\/logo\/image\/\",\"url\":\"http:\/\/www.celttv.com.ar\/wp-content\/uploads\/2022\/08\/logo-1.png\",\"contentUrl\":\"http:\/\/www.celttv.com.ar\/wp-content\/uploads\/2022\/08\/logo-1.png\",\"width\":461,\"height\":159,\"caption\":\"CELTTV\"},\"image\":{\"@id\":\"https:\/\/www.celttv.com.ar\/#\/schema\/logo\/image\/\"}},{\"@type\":\"Person\",\"@id\":\"https:\/\/www.celttv.com.ar\/#\/schema\/person\/9059dc91dc7204ef4182cdb65225f07d\",\"name\":\"Miguel Herrada\",\"image\":{\"@type\":\"ImageObject\",\"inLanguage\":\"es\",\"@id\":\"https:\/\/www.celttv.com.ar\/#\/schema\/person\/image\/\",\"url\":\"https:\/\/secure.gravatar.com\/avatar\/67724d5b3c716623ffd76bec7e45841a442ac3b456e914dbba90b0fad2b8e0b1?s=96&d=mm&r=g\",\"contentUrl\":\"https:\/\/secure.gravatar.com\/avatar\/67724d5b3c716623ffd76bec7e45841a442ac3b456e914dbba90b0fad2b8e0b1?s=96&d=mm&r=g\",\"caption\":\"Miguel Herrada\"}}]}<\/script>\n<!-- \/ Yoast SEO plugin. -->","yoast_head_json":{"title":"Policiales: Allanamiento positivo en la ciudad por un hecho delictivo - CELTTV","description":"Sitio web de noticias de la localidad de Tornquist, provincia de Buenos Aires, Rep\u00fablica Argentina. Contenido propio originado por periodistas de CELTTV, el canal de TV local de la Cooperativa El\u00e9ctrica de Tornquist. Turismo, Pol\u00edtica, Sociedad, Deporte, Cultura y todo el contenido de inter\u00e9s general que la gente del pueblo y la regi\u00f3n debe conocer.","robots":{"index":"index","follow":"follow","max-snippet":"max-snippet:-1","max-image-preview":"max-image-preview:large","max-video-preview":"max-video-preview:-1"},"canonical":"https:\/\/www.celttv.com.ar\/index.php\/2025\/08\/21\/policiales-allanamiento-positivo-en-la-ciudad-por-un-hecho-delictivo\/","og_locale":"es_ES","og_type":"article","og_title":"Policiales: Allanamiento positivo en la ciudad por un hecho delictivo - CELTTV","og_description":"Sitio web de noticias de la localidad de Tornquist, provincia de Buenos Aires, Rep\u00fablica Argentina. Contenido propio originado por periodistas de CELTTV, el canal de TV local de la Cooperativa El\u00e9ctrica de Tornquist. Turismo, Pol\u00edtica, Sociedad, Deporte, Cultura y todo el contenido de inter\u00e9s general que la gente del pueblo y la regi\u00f3n debe conocer.","og_url":"https:\/\/www.celttv.com.ar\/index.php\/2025\/08\/21\/policiales-allanamiento-positivo-en-la-ciudad-por-un-hecho-delictivo\/","og_site_name":"CELTTV","article_publisher":"https:\/\/www.facebook.com\/celtTV\/","article_published_time":"2025-08-21T23:31:32+00:00","article_modified_time":"2025-08-21T23:58:11+00:00","og_image":[{"width":1600,"height":1204,"url":"https:\/\/www.celttv.com.ar\/wp-content\/uploads\/2025\/08\/Allanamiento21-8.jpg","type":"image\/jpeg"}],"author":"Miguel Herrada","twitter_card":"summary_large_image","twitter_misc":{"Escrito por":"Miguel Herrada","Tiempo de lectura":"1 minuto"},"schema":{"@context":"https:\/\/schema.org","@graph":[{"@type":"NewsArticle","@id":"https:\/\/www.celttv.com.ar\/index.php\/2025\/08\/21\/policiales-allanamiento-positivo-en-la-ciudad-por-un-hecho-delictivo\/#article","isPartOf":{"@id":"https:\/\/www.celttv.com.ar\/index.php\/2025\/08\/21\/policiales-allanamiento-positivo-en-la-ciudad-por-un-hecho-delictivo\/"},"author":{"name":"Miguel Herrada","@id":"https:\/\/www.celttv.com.ar\/#\/schema\/person\/9059dc91dc7204ef4182cdb65225f07d"},"headline":"Policiales: Allanamiento positivo en la ciudad por un hecho delictivo","datePublished":"2025-08-21T23:31:32+00:00","dateModified":"2025-08-21T23:58:11+00:00","mainEntityOfPage":{"@id":"https:\/\/www.celttv.com.ar\/index.php\/2025\/08\/21\/policiales-allanamiento-positivo-en-la-ciudad-por-un-hecho-delictivo\/"},"wordCount":197,"publisher":{"@id":"https:\/\/www.celttv.com.ar\/#organization"},"articleSection":["Policiales"],"inLanguage":"es"},{"@type":"WebPage","@id":"https:\/\/www.celttv.com.ar\/index.php\/2025\/08\/21\/policiales-allanamiento-positivo-en-la-ciudad-por-un-hecho-delictivo\/","url":"https:\/\/www.celttv.com.ar\/index.php\/2025\/08\/21\/policiales-allanamiento-positivo-en-la-ciudad-por-un-hecho-delictivo\/","name":"Policiales: Allanamiento positivo en la ciudad por un hecho delictivo - CELTTV","isPartOf":{"@id":"https:\/\/www.celttv.com.ar\/#website"},"datePublished":"2025-08-21T23:31:32+00:00","dateModified":"2025-08-21T23:58:11+00:00","description":"Sitio web de noticias de la localidad de Tornquist, provincia de Buenos Aires, Rep\u00fablica Argentina. Contenido propio originado por periodistas de CELTTV, el canal de TV local de la Cooperativa El\u00e9ctrica de Tornquist. Turismo, Pol\u00edtica, Sociedad, Deporte, Cultura y todo el contenido de inter\u00e9s general que la gente del pueblo y la regi\u00f3n debe conocer.","breadcrumb":{"@id":"https:\/\/www.celttv.com.ar\/index.php\/2025\/08\/21\/policiales-allanamiento-positivo-en-la-ciudad-por-un-hecho-delictivo\/#breadcrumb"},"inLanguage":"es","potentialAction":[{"@type":"ReadAction","target":["https:\/\/www.celttv.com.ar\/index.php\/2025\/08\/21\/policiales-allanamiento-positivo-en-la-ciudad-por-un-hecho-delictivo\/"]}]},{"@type":"BreadcrumbList","@id":"https:\/\/www.celttv.com.ar\/index.php\/2025\/08\/21\/policiales-allanamiento-positivo-en-la-ciudad-por-un-hecho-delictivo\/#breadcrumb","itemListElement":[{"@type":"ListItem","position":1,"name":"Inicio","item":"https:\/\/www.celttv.com.ar\/"},{"@type":"ListItem","position":2,"name":"Policiales: Allanamiento positivo en la ciudad por un hecho delictivo"}]},{"@type":"WebSite","@id":"https:\/\/www.celttv.com.ar\/#website","url":"https:\/\/www.celttv.com.ar\/","name":"CELTTV","description":"Cooperativa El\u00e9ctrica de Tornquist","publisher":{"@id":"https:\/\/www.celttv.com.ar\/#organization"},"potentialAction":[{"@type":"SearchAction","target":{"@type":"EntryPoint","urlTemplate":"https:\/\/www.celttv.com.ar\/?s={search_term_string}"},"query-input":"required name=search_term_string"}],"inLanguage":"es"},{"@type":"Organization","@id":"https:\/\/www.celttv.com.ar\/#organization","name":"CELTTV","url":"https:\/\/www.celttv.com.ar\/","sameAs":["https:\/\/www.youtube.com\/channel\/UCz_oIt8Hig64Ub-EmcNPIhg","https:\/\/www.facebook.com\/celtTV\/"],"logo":{"@type":"ImageObject","inLanguage":"es","@id":"https:\/\/www.celttv.com.ar\/#\/schema\/logo\/image\/","url":"http:\/\/www.celttv.com.ar\/wp-content\/uploads\/2022\/08\/logo-1.png","contentUrl":"http:\/\/www.celttv.com.ar\/wp-content\/uploads\/2022\/08\/logo-1.png","width":461,"height":159,"caption":"CELTTV"},"image":{"@id":"https:\/\/www.celttv.com.ar\/#\/schema\/logo\/image\/"}},{"@type":"Person","@id":"https:\/\/www.celttv.com.ar\/#\/schema\/person\/9059dc91dc7204ef4182cdb65225f07d","name":"Miguel Herrada","image":{"@type":"ImageObject","inLanguage":"es","@id":"https:\/\/www.celttv.com.ar\/#\/schema\/person\/image\/","url":"https:\/\/secure.gravatar.com\/avatar\/67724d5b3c716623ffd76bec7e45841a442ac3b456e914dbba90b0fad2b8e0b1?s=96&d=mm&r=g","contentUrl":"https:\/\/secure.gravatar.com\/avatar\/67724d5b3c716623ffd76bec7e45841a442ac3b456e914dbba90b0fad2b8e0b1?s=96&d=mm&r=g","caption":"Miguel Herrada"}}]}},"_links":{"self":[{"href":"https:\/\/www.celttv.com.ar\/index.php\/wp-json\/wp\/v2\/posts\/89538","targetHints":{"allow":["GET"]}}],"collection":[{"href":"https:\/\/www.celttv.com.ar\/index.php\/wp-json\/wp\/v2\/posts"}],"about":[{"href":"https:\/\/www.celttv.com.ar\/index.php\/wp-json\/wp\/v2\/types\/post"}],"author":[{"embeddable":true,"href":"https:\/\/www.celttv.com.ar\/index.php\/wp-json\/wp\/v2\/users\/5"}],"replies":[{"embeddable":true,"href":"https:\/\/www.celttv.com.ar\/index.php\/wp-json\/wp\/v2\/comments?post=89538"}],"version-history":[{"count":3,"href":"https:\/\/www.celttv.com.ar\/index.php\/wp-json\/wp\/v2\/posts\/89538\/revisions"}],"predecessor-version":[{"id":89544,"href":"https:\/\/www.celttv.com.ar\/index.php\/wp-json\/wp\/v2\/posts\/89538\/revisions\/89544"}],"wp:featuredmedia":[{"embeddable":true,"href":"https:\/\/www.celttv.com.ar\/index.php\/wp-json\/wp\/v2\/media\/89539"}],"wp:attachment":[{"href":"https:\/\/www.celttv.com.ar\/index.php\/wp-json\/wp\/v2\/media?parent=89538"}],"wp:term":[{"taxonomy":"category","embeddable":true,"href":"https:\/\/www.celttv.com.ar\/index.php\/wp-json\/wp\/v2\/categories?post=89538"},{"taxonomy":"post_tag","embeddable":true,"href":"https:\/\/www.celttv.com.ar\/index.php\/wp-json\/wp\/v2\/tags?post=89538"}],"curies":[{"name":"wp","href":"https:\/\/api.w.org\/{rel}","templated":true}]}}