{"id":89611,"date":"2025-09-03T18:56:51","date_gmt":"2025-09-03T21:56:51","guid":{"rendered":"https:\/\/www.celttv.com.ar\/?p=89611"},"modified":"2025-09-03T19:25:57","modified_gmt":"2025-09-03T22:25:57","slug":"villa-ventana-habra-dos-cortes-programados-de-los-servicios-de-internet-tv-y-telefono","status":"publish","type":"post","link":"https:\/\/www.celttv.com.ar\/index.php\/2025\/09\/03\/villa-ventana-habra-dos-cortes-programados-de-los-servicios-de-internet-tv-y-telefono\/","title":{"rendered":"Habr\u00e1 dos cortes programados de los servicios de internet, TV y tel\u00e9fono. Los cortes afectar\u00e1n a Villa Ventana, San Andres de la Sierra y Villa Serrana La Gruta"},"content":{"rendered":"<p>Habr\u00e1 dos cortes programados de los servicios de internet, TV y tel\u00e9fono<\/p>\n<p>La CELT inform\u00f3 que este jueves se realizar\u00e1n dos cortes programados de los servicios de Internet, TV y Tel\u00e9fono en la localidad de Villa Ventana, Villa Serrana La Gruta y San Andres de la Sierra<\/p>\n<p>El primer corte se realizar\u00e1 a la hora 09:00 y el segundo a las 14:00 hs.<br \/>\nCada interrupci\u00f3n tendr\u00e1 una duraci\u00f3n aproximada de 1 hora y 30 minutos.<\/p>\n<p><img loading=\"lazy\" decoding=\"async\" class=\"alignnone wp-image-89612 size-large\" src=\"https:\/\/www.celttv.com.ar\/wp-content\/uploads\/2025\/09\/corte-celt-villa-2-576x1024.jpg\" alt=\"\" width=\"576\" height=\"1024\" srcset=\"https:\/\/www.celttv.com.ar\/wp-content\/uploads\/2025\/09\/corte-celt-villa-2-576x1024.jpg 576w, https:\/\/www.celttv.com.ar\/wp-content\/uploads\/2025\/09\/corte-celt-villa-2-169x300.jpg 169w, https:\/\/www.celttv.com.ar\/wp-content\/uploads\/2025\/09\/corte-celt-villa-2.jpg 720w\" sizes=\"auto, (max-width: 576px) 100vw, 576px\" \/><\/p>\n","protected":false},"excerpt":{"rendered":"<p>Habr\u00e1 dos cortes programados de los servicios de internet, TV y tel\u00e9fono La CELT inform\u00f3 que este jueves se realizar\u00e1n dos cortes programados de los servicios de Internet, TV y Tel\u00e9fono en la localidad de Villa Ventana, Villa Serrana La Gruta y San Andres de la Sierra El primer corte se realizar\u00e1 a la hora [&hellip;]<\/p>\n","protected":false},"author":5,"featured_media":89612,"comment_status":"closed","ping_status":"closed","sticky":false,"template":"","format":"standard","meta":{"footnotes":""},"categories":[55],"tags":[],"class_list":["post-89611","post","type-post","status-publish","format-standard","has-post-thumbnail","hentry","category-celt-tv-noticias"],"yoast_head":"<!-- This site is optimized with the Yoast SEO plugin v19.7.1 - https:\/\/yoast.com\/wordpress\/plugins\/seo\/ -->\n<title>Habr\u00e1 dos cortes programados de los servicios de internet, TV y tel\u00e9fono. Los cortes afectar\u00e1n a Villa Ventana, San Andres de la Sierra y Villa Serrana La Gruta - CELTTV<\/title>\n<meta name=\"description\" content=\"Sitio web de noticias de la localidad de Tornquist, provincia de Buenos Aires, Rep\u00fablica Argentina. Contenido propio originado por periodistas de CELTTV, el canal de TV local de la Cooperativa El\u00e9ctrica de Tornquist. Turismo, Pol\u00edtica, Sociedad, Deporte, Cultura y todo el contenido de inter\u00e9s general que la gente del pueblo y la regi\u00f3n debe conocer.\" \/>\n<meta name=\"robots\" content=\"index, follow, max-snippet:-1, max-image-preview:large, max-video-preview:-1\" \/>\n<link rel=\"canonical\" href=\"https:\/\/www.celttv.com.ar\/index.php\/2025\/09\/03\/villa-ventana-habra-dos-cortes-programados-de-los-servicios-de-internet-tv-y-telefono\/\" \/>\n<meta property=\"og:locale\" content=\"es_ES\" \/>\n<meta property=\"og:type\" content=\"article\" \/>\n<meta property=\"og:title\" content=\"Habr\u00e1 dos cortes programados de los servicios de internet, TV y tel\u00e9fono. Los cortes afectar\u00e1n a Villa Ventana, San Andres de la Sierra y Villa Serrana La Gruta - CELTTV\" \/>\n<meta property=\"og:description\" content=\"Sitio web de noticias de la localidad de Tornquist, provincia de Buenos Aires, Rep\u00fablica Argentina. Contenido propio originado por periodistas de CELTTV, el canal de TV local de la Cooperativa El\u00e9ctrica de Tornquist. Turismo, Pol\u00edtica, Sociedad, Deporte, Cultura y todo el contenido de inter\u00e9s general que la gente del pueblo y la regi\u00f3n debe conocer.\" \/>\n<meta property=\"og:url\" content=\"https:\/\/www.celttv.com.ar\/index.php\/2025\/09\/03\/villa-ventana-habra-dos-cortes-programados-de-los-servicios-de-internet-tv-y-telefono\/\" \/>\n<meta property=\"og:site_name\" content=\"CELTTV\" \/>\n<meta property=\"article:publisher\" content=\"https:\/\/www.facebook.com\/celtTV\/\" \/>\n<meta property=\"article:published_time\" content=\"2025-09-03T21:56:51+00:00\" \/>\n<meta property=\"article:modified_time\" content=\"2025-09-03T22:25:57+00:00\" \/>\n<meta property=\"og:image\" content=\"https:\/\/www.celttv.com.ar\/wp-content\/uploads\/2025\/09\/corte-celt-villa-2.jpg\" \/>\n\t<meta property=\"og:image:width\" content=\"720\" \/>\n\t<meta property=\"og:image:height\" content=\"1280\" \/>\n\t<meta property=\"og:image:type\" content=\"image\/jpeg\" \/>\n<meta name=\"author\" content=\"Miguel Herrada\" \/>\n<meta name=\"twitter:card\" content=\"summary_large_image\" \/>\n<meta name=\"twitter:label1\" content=\"Escrito por\" \/>\n\t<meta name=\"twitter:data1\" content=\"Miguel Herrada\" \/>\n<script type=\"application\/ld+json\" class=\"yoast-schema-graph\">{\"@context\":\"https:\/\/schema.org\",\"@graph\":[{\"@type\":\"NewsArticle\",\"@id\":\"https:\/\/www.celttv.com.ar\/index.php\/2025\/09\/03\/villa-ventana-habra-dos-cortes-programados-de-los-servicios-de-internet-tv-y-telefono\/#article\",\"isPartOf\":{\"@id\":\"https:\/\/www.celttv.com.ar\/index.php\/2025\/09\/03\/villa-ventana-habra-dos-cortes-programados-de-los-servicios-de-internet-tv-y-telefono\/\"},\"author\":{\"name\":\"Miguel Herrada\",\"@id\":\"https:\/\/www.celttv.com.ar\/#\/schema\/person\/9059dc91dc7204ef4182cdb65225f07d\"},\"headline\":\"Habr\u00e1 dos cortes programados de los servicios de internet, TV y tel\u00e9fono. Los cortes afectar\u00e1n a Villa Ventana, San Andres de la Sierra y Villa Serrana La Gruta\",\"datePublished\":\"2025-09-03T21:56:51+00:00\",\"dateModified\":\"2025-09-03T22:25:57+00:00\",\"mainEntityOfPage\":{\"@id\":\"https:\/\/www.celttv.com.ar\/index.php\/2025\/09\/03\/villa-ventana-habra-dos-cortes-programados-de-los-servicios-de-internet-tv-y-telefono\/\"},\"wordCount\":106,\"publisher\":{\"@id\":\"https:\/\/www.celttv.com.ar\/#organization\"},\"articleSection\":[\"Celt TV Noticias\"],\"inLanguage\":\"es\"},{\"@type\":\"WebPage\",\"@id\":\"https:\/\/www.celttv.com.ar\/index.php\/2025\/09\/03\/villa-ventana-habra-dos-cortes-programados-de-los-servicios-de-internet-tv-y-telefono\/\",\"url\":\"https:\/\/www.celttv.com.ar\/index.php\/2025\/09\/03\/villa-ventana-habra-dos-cortes-programados-de-los-servicios-de-internet-tv-y-telefono\/\",\"name\":\"Habr\u00e1 dos cortes programados de los servicios de internet, TV y tel\u00e9fono. Los cortes afectar\u00e1n a Villa Ventana, San Andres de la Sierra y Villa Serrana La Gruta - CELTTV\",\"isPartOf\":{\"@id\":\"https:\/\/www.celttv.com.ar\/#website\"},\"datePublished\":\"2025-09-03T21:56:51+00:00\",\"dateModified\":\"2025-09-03T22:25:57+00:00\",\"description\":\"Sitio web de noticias de la localidad de Tornquist, provincia de Buenos Aires, Rep\u00fablica Argentina. Contenido propio originado por periodistas de CELTTV, el canal de TV local de la Cooperativa El\u00e9ctrica de Tornquist. Turismo, Pol\u00edtica, Sociedad, Deporte, Cultura y todo el contenido de inter\u00e9s general que la gente del pueblo y la regi\u00f3n debe conocer.\",\"breadcrumb\":{\"@id\":\"https:\/\/www.celttv.com.ar\/index.php\/2025\/09\/03\/villa-ventana-habra-dos-cortes-programados-de-los-servicios-de-internet-tv-y-telefono\/#breadcrumb\"},\"inLanguage\":\"es\",\"potentialAction\":[{\"@type\":\"ReadAction\",\"target\":[\"https:\/\/www.celttv.com.ar\/index.php\/2025\/09\/03\/villa-ventana-habra-dos-cortes-programados-de-los-servicios-de-internet-tv-y-telefono\/\"]}]},{\"@type\":\"BreadcrumbList\",\"@id\":\"https:\/\/www.celttv.com.ar\/index.php\/2025\/09\/03\/villa-ventana-habra-dos-cortes-programados-de-los-servicios-de-internet-tv-y-telefono\/#breadcrumb\",\"itemListElement\":[{\"@type\":\"ListItem\",\"position\":1,\"name\":\"Inicio\",\"item\":\"https:\/\/www.celttv.com.ar\/\"},{\"@type\":\"ListItem\",\"position\":2,\"name\":\"Habr\u00e1 dos cortes programados de los servicios de internet, TV y tel\u00e9fono. Los cortes afectar\u00e1n a Villa Ventana, San Andres de la Sierra y Villa Serrana La Gruta\"}]},{\"@type\":\"WebSite\",\"@id\":\"https:\/\/www.celttv.com.ar\/#website\",\"url\":\"https:\/\/www.celttv.com.ar\/\",\"name\":\"CELTTV\",\"description\":\"Cooperativa El\u00e9ctrica de Tornquist\",\"publisher\":{\"@id\":\"https:\/\/www.celttv.com.ar\/#organization\"},\"potentialAction\":[{\"@type\":\"SearchAction\",\"target\":{\"@type\":\"EntryPoint\",\"urlTemplate\":\"https:\/\/www.celttv.com.ar\/?s={search_term_string}\"},\"query-input\":\"required name=search_term_string\"}],\"inLanguage\":\"es\"},{\"@type\":\"Organization\",\"@id\":\"https:\/\/www.celttv.com.ar\/#organization\",\"name\":\"CELTTV\",\"url\":\"https:\/\/www.celttv.com.ar\/\",\"sameAs\":[\"https:\/\/www.youtube.com\/channel\/UCz_oIt8Hig64Ub-EmcNPIhg\",\"https:\/\/www.facebook.com\/celtTV\/\"],\"logo\":{\"@type\":\"ImageObject\",\"inLanguage\":\"es\",\"@id\":\"https:\/\/www.celttv.com.ar\/#\/schema\/logo\/image\/\",\"url\":\"http:\/\/www.celttv.com.ar\/wp-content\/uploads\/2022\/08\/logo-1.png\",\"contentUrl\":\"http:\/\/www.celttv.com.ar\/wp-content\/uploads\/2022\/08\/logo-1.png\",\"width\":461,\"height\":159,\"caption\":\"CELTTV\"},\"image\":{\"@id\":\"https:\/\/www.celttv.com.ar\/#\/schema\/logo\/image\/\"}},{\"@type\":\"Person\",\"@id\":\"https:\/\/www.celttv.com.ar\/#\/schema\/person\/9059dc91dc7204ef4182cdb65225f07d\",\"name\":\"Miguel Herrada\",\"image\":{\"@type\":\"ImageObject\",\"inLanguage\":\"es\",\"@id\":\"https:\/\/www.celttv.com.ar\/#\/schema\/person\/image\/\",\"url\":\"https:\/\/secure.gravatar.com\/avatar\/67724d5b3c716623ffd76bec7e45841a442ac3b456e914dbba90b0fad2b8e0b1?s=96&d=mm&r=g\",\"contentUrl\":\"https:\/\/secure.gravatar.com\/avatar\/67724d5b3c716623ffd76bec7e45841a442ac3b456e914dbba90b0fad2b8e0b1?s=96&d=mm&r=g\",\"caption\":\"Miguel Herrada\"}}]}<\/script>\n<!-- \/ Yoast SEO plugin. -->","yoast_head_json":{"title":"Habr\u00e1 dos cortes programados de los servicios de internet, TV y tel\u00e9fono. Los cortes afectar\u00e1n a Villa Ventana, San Andres de la Sierra y Villa Serrana La Gruta - CELTTV","description":"Sitio web de noticias de la localidad de Tornquist, provincia de Buenos Aires, Rep\u00fablica Argentina. Contenido propio originado por periodistas de CELTTV, el canal de TV local de la Cooperativa El\u00e9ctrica de Tornquist. Turismo, Pol\u00edtica, Sociedad, Deporte, Cultura y todo el contenido de inter\u00e9s general que la gente del pueblo y la regi\u00f3n debe conocer.","robots":{"index":"index","follow":"follow","max-snippet":"max-snippet:-1","max-image-preview":"max-image-preview:large","max-video-preview":"max-video-preview:-1"},"canonical":"https:\/\/www.celttv.com.ar\/index.php\/2025\/09\/03\/villa-ventana-habra-dos-cortes-programados-de-los-servicios-de-internet-tv-y-telefono\/","og_locale":"es_ES","og_type":"article","og_title":"Habr\u00e1 dos cortes programados de los servicios de internet, TV y tel\u00e9fono. Los cortes afectar\u00e1n a Villa Ventana, San Andres de la Sierra y Villa Serrana La Gruta - CELTTV","og_description":"Sitio web de noticias de la localidad de Tornquist, provincia de Buenos Aires, Rep\u00fablica Argentina. Contenido propio originado por periodistas de CELTTV, el canal de TV local de la Cooperativa El\u00e9ctrica de Tornquist. Turismo, Pol\u00edtica, Sociedad, Deporte, Cultura y todo el contenido de inter\u00e9s general que la gente del pueblo y la regi\u00f3n debe conocer.","og_url":"https:\/\/www.celttv.com.ar\/index.php\/2025\/09\/03\/villa-ventana-habra-dos-cortes-programados-de-los-servicios-de-internet-tv-y-telefono\/","og_site_name":"CELTTV","article_publisher":"https:\/\/www.facebook.com\/celtTV\/","article_published_time":"2025-09-03T21:56:51+00:00","article_modified_time":"2025-09-03T22:25:57+00:00","og_image":[{"width":720,"height":1280,"url":"https:\/\/www.celttv.com.ar\/wp-content\/uploads\/2025\/09\/corte-celt-villa-2.jpg","type":"image\/jpeg"}],"author":"Miguel Herrada","twitter_card":"summary_large_image","twitter_misc":{"Escrito por":"Miguel Herrada"},"schema":{"@context":"https:\/\/schema.org","@graph":[{"@type":"NewsArticle","@id":"https:\/\/www.celttv.com.ar\/index.php\/2025\/09\/03\/villa-ventana-habra-dos-cortes-programados-de-los-servicios-de-internet-tv-y-telefono\/#article","isPartOf":{"@id":"https:\/\/www.celttv.com.ar\/index.php\/2025\/09\/03\/villa-ventana-habra-dos-cortes-programados-de-los-servicios-de-internet-tv-y-telefono\/"},"author":{"name":"Miguel Herrada","@id":"https:\/\/www.celttv.com.ar\/#\/schema\/person\/9059dc91dc7204ef4182cdb65225f07d"},"headline":"Habr\u00e1 dos cortes programados de los servicios de internet, TV y tel\u00e9fono. Los cortes afectar\u00e1n a Villa Ventana, San Andres de la Sierra y Villa Serrana La Gruta","datePublished":"2025-09-03T21:56:51+00:00","dateModified":"2025-09-03T22:25:57+00:00","mainEntityOfPage":{"@id":"https:\/\/www.celttv.com.ar\/index.php\/2025\/09\/03\/villa-ventana-habra-dos-cortes-programados-de-los-servicios-de-internet-tv-y-telefono\/"},"wordCount":106,"publisher":{"@id":"https:\/\/www.celttv.com.ar\/#organization"},"articleSection":["Celt TV Noticias"],"inLanguage":"es"},{"@type":"WebPage","@id":"https:\/\/www.celttv.com.ar\/index.php\/2025\/09\/03\/villa-ventana-habra-dos-cortes-programados-de-los-servicios-de-internet-tv-y-telefono\/","url":"https:\/\/www.celttv.com.ar\/index.php\/2025\/09\/03\/villa-ventana-habra-dos-cortes-programados-de-los-servicios-de-internet-tv-y-telefono\/","name":"Habr\u00e1 dos cortes programados de los servicios de internet, TV y tel\u00e9fono. Los cortes afectar\u00e1n a Villa Ventana, San Andres de la Sierra y Villa Serrana La Gruta - CELTTV","isPartOf":{"@id":"https:\/\/www.celttv.com.ar\/#website"},"datePublished":"2025-09-03T21:56:51+00:00","dateModified":"2025-09-03T22:25:57+00:00","description":"Sitio web de noticias de la localidad de Tornquist, provincia de Buenos Aires, Rep\u00fablica Argentina. Contenido propio originado por periodistas de CELTTV, el canal de TV local de la Cooperativa El\u00e9ctrica de Tornquist. Turismo, Pol\u00edtica, Sociedad, Deporte, Cultura y todo el contenido de inter\u00e9s general que la gente del pueblo y la regi\u00f3n debe conocer.","breadcrumb":{"@id":"https:\/\/www.celttv.com.ar\/index.php\/2025\/09\/03\/villa-ventana-habra-dos-cortes-programados-de-los-servicios-de-internet-tv-y-telefono\/#breadcrumb"},"inLanguage":"es","potentialAction":[{"@type":"ReadAction","target":["https:\/\/www.celttv.com.ar\/index.php\/2025\/09\/03\/villa-ventana-habra-dos-cortes-programados-de-los-servicios-de-internet-tv-y-telefono\/"]}]},{"@type":"BreadcrumbList","@id":"https:\/\/www.celttv.com.ar\/index.php\/2025\/09\/03\/villa-ventana-habra-dos-cortes-programados-de-los-servicios-de-internet-tv-y-telefono\/#breadcrumb","itemListElement":[{"@type":"ListItem","position":1,"name":"Inicio","item":"https:\/\/www.celttv.com.ar\/"},{"@type":"ListItem","position":2,"name":"Habr\u00e1 dos cortes programados de los servicios de internet, TV y tel\u00e9fono. Los cortes afectar\u00e1n a Villa Ventana, San Andres de la Sierra y Villa Serrana La Gruta"}]},{"@type":"WebSite","@id":"https:\/\/www.celttv.com.ar\/#website","url":"https:\/\/www.celttv.com.ar\/","name":"CELTTV","description":"Cooperativa El\u00e9ctrica de Tornquist","publisher":{"@id":"https:\/\/www.celttv.com.ar\/#organization"},"potentialAction":[{"@type":"SearchAction","target":{"@type":"EntryPoint","urlTemplate":"https:\/\/www.celttv.com.ar\/?s={search_term_string}"},"query-input":"required name=search_term_string"}],"inLanguage":"es"},{"@type":"Organization","@id":"https:\/\/www.celttv.com.ar\/#organization","name":"CELTTV","url":"https:\/\/www.celttv.com.ar\/","sameAs":["https:\/\/www.youtube.com\/channel\/UCz_oIt8Hig64Ub-EmcNPIhg","https:\/\/www.facebook.com\/celtTV\/"],"logo":{"@type":"ImageObject","inLanguage":"es","@id":"https:\/\/www.celttv.com.ar\/#\/schema\/logo\/image\/","url":"http:\/\/www.celttv.com.ar\/wp-content\/uploads\/2022\/08\/logo-1.png","contentUrl":"http:\/\/www.celttv.com.ar\/wp-content\/uploads\/2022\/08\/logo-1.png","width":461,"height":159,"caption":"CELTTV"},"image":{"@id":"https:\/\/www.celttv.com.ar\/#\/schema\/logo\/image\/"}},{"@type":"Person","@id":"https:\/\/www.celttv.com.ar\/#\/schema\/person\/9059dc91dc7204ef4182cdb65225f07d","name":"Miguel Herrada","image":{"@type":"ImageObject","inLanguage":"es","@id":"https:\/\/www.celttv.com.ar\/#\/schema\/person\/image\/","url":"https:\/\/secure.gravatar.com\/avatar\/67724d5b3c716623ffd76bec7e45841a442ac3b456e914dbba90b0fad2b8e0b1?s=96&d=mm&r=g","contentUrl":"https:\/\/secure.gravatar.com\/avatar\/67724d5b3c716623ffd76bec7e45841a442ac3b456e914dbba90b0fad2b8e0b1?s=96&d=mm&r=g","caption":"Miguel Herrada"}}]}},"_links":{"self":[{"href":"https:\/\/www.celttv.com.ar\/index.php\/wp-json\/wp\/v2\/posts\/89611","targetHints":{"allow":["GET"]}}],"collection":[{"href":"https:\/\/www.celttv.com.ar\/index.php\/wp-json\/wp\/v2\/posts"}],"about":[{"href":"https:\/\/www.celttv.com.ar\/index.php\/wp-json\/wp\/v2\/types\/post"}],"author":[{"embeddable":true,"href":"https:\/\/www.celttv.com.ar\/index.php\/wp-json\/wp\/v2\/users\/5"}],"replies":[{"embeddable":true,"href":"https:\/\/www.celttv.com.ar\/index.php\/wp-json\/wp\/v2\/comments?post=89611"}],"version-history":[{"count":3,"href":"https:\/\/www.celttv.com.ar\/index.php\/wp-json\/wp\/v2\/posts\/89611\/revisions"}],"predecessor-version":[{"id":89624,"href":"https:\/\/www.celttv.com.ar\/index.php\/wp-json\/wp\/v2\/posts\/89611\/revisions\/89624"}],"wp:featuredmedia":[{"embeddable":true,"href":"https:\/\/www.celttv.com.ar\/index.php\/wp-json\/wp\/v2\/media\/89612"}],"wp:attachment":[{"href":"https:\/\/www.celttv.com.ar\/index.php\/wp-json\/wp\/v2\/media?parent=89611"}],"wp:term":[{"taxonomy":"category","embeddable":true,"href":"https:\/\/www.celttv.com.ar\/index.php\/wp-json\/wp\/v2\/categories?post=89611"},{"taxonomy":"post_tag","embeddable":true,"href":"https:\/\/www.celttv.com.ar\/index.php\/wp-json\/wp\/v2\/tags?post=89611"}],"curies":[{"name":"wp","href":"https:\/\/api.w.org\/{rel}","templated":true}]}}