{"id":89628,"date":"2025-09-03T22:42:47","date_gmt":"2025-09-04T01:42:47","guid":{"rendered":"https:\/\/www.celttv.com.ar\/?p=89628"},"modified":"2025-09-03T22:42:47","modified_gmt":"2025-09-04T01:42:47","slug":"el-equipo-masculino-de-automoto-voley-se-abre-camino-en-la-liga-bahiense","status":"publish","type":"post","link":"https:\/\/www.celttv.com.ar\/index.php\/2025\/09\/03\/el-equipo-masculino-de-automoto-voley-se-abre-camino-en-la-liga-bahiense\/","title":{"rendered":"El equipo masculino de Automoto Voley se abre camino en la liga bahiense"},"content":{"rendered":"<p><iframe loading=\"lazy\" title=\"2025 08 27 NOTA A MARCOS ESPINA Y BENJAMIN MULLER\" width=\"500\" height=\"281\" src=\"https:\/\/www.youtube.com\/embed\/tso6emCbseE?feature=oembed\" frameborder=\"0\" allow=\"accelerometer; autoplay; clipboard-write; encrypted-media; gyroscope; picture-in-picture; web-share\" referrerpolicy=\"strict-origin-when-cross-origin\" allowfullscreen><\/iframe><\/p>\n<div dir=\"ltr\"><b>El equipo masculino de Automoto Voley se abre camino en la liga bahiense<\/b><\/div>\n<div dir=\"ltr\"><\/div>\n<div dir=\"ltr\">\n<div>\n<div>\n<div>Con mucho esfuerzo e importantes objetivos por delante, el\u00a0<a href=\"https:\/\/www.facebook.com\/automototornquist?__cft__[0]=AZXS9USx80jHYiKJfIq6qP-jWpHqNoDVlV_pBWP5MwZH-xLgS651pVUToB0CFcVfyTlESAf9WxRRD7gqEConIdLJDC1ttJAq5-uCf-QP6eWTvUKVbdGa2ArUMDlwwd5xXUmEOewa-Cv4pPsMzXoGMUCJ750GPmvCfn0xjJRFWs51Wy5eS_yTeZke-7Yvr6Pnwxk&amp;__tn__=-]K-R\" target=\"_blank\" rel=\"nofollow noopener\" data-saferedirecturl=\"https:\/\/www.google.com\/url?q=https:\/\/www.facebook.com\/automototornquist?__cft__%5B0%5D%3DAZXS9USx80jHYiKJfIq6qP-jWpHqNoDVlV_pBWP5MwZH-xLgS651pVUToB0CFcVfyTlESAf9WxRRD7gqEConIdLJDC1ttJAq5-uCf-QP6eWTvUKVbdGa2ArUMDlwwd5xXUmEOewa-Cv4pPsMzXoGMUCJ750GPmvCfn0xjJRFWs51Wy5eS_yTeZke-7Yvr6Pnwxk%26__tn__%3D-%5DK-R&amp;source=gmail&amp;ust=1757022603358000&amp;usg=AOvVaw1jyAyz2EobES7MjTWviHnW\">Automoto Club Deportivo Tornquist<\/a>\u00a0conformo su equipo de voley masculino.<\/div>\n<\/div>\n<div>\n<div>En el programa Magazine Sport\u00a0<img loading=\"lazy\" decoding=\"async\" class=\"CToWUd\" src=\"https:\/\/ci3.googleusercontent.com\/meips\/ADKq_NaQpuI1bNevqkPO--BStwkRHJ0flrjXU4D0EquDs9f3hqT2EpLPA7VIrnRn2haTB2ZI_m0W4LpbARKqaqqUlK8Y_nwePxGrKB2uJAdXBdG5sXOlozHNg8g=s0-d-e1-ft#https:\/\/static.xx.fbcdn.net\/images\/emoji.php\/v9\/t87\/1\/16\/1f4fa.png\" alt=\"\ud83d\udcfa\" width=\"16\" height=\"16\" data-bit=\"iit\" \/>\u00a0estuvieron su entrenador Marcos Espina y Benjam\u00edn M\u00fcller, integrante del plantel.<\/div>\n<\/div>\n<\/div>\n<\/div>\n","protected":false},"excerpt":{"rendered":"<p>El equipo masculino de Automoto Voley se abre camino en la liga bahiense Con mucho esfuerzo e importantes objetivos por delante, el\u00a0Automoto Club Deportivo Tornquist\u00a0conformo su equipo de voley masculino. En el programa Magazine Sport\u00a0\u00a0estuvieron su entrenador Marcos Espina y Benjam\u00edn M\u00fcller, integrante del plantel.<\/p>\n","protected":false},"author":5,"featured_media":89629,"comment_status":"closed","ping_status":"closed","sticky":false,"template":"","format":"standard","meta":{"footnotes":""},"categories":[60,63],"tags":[],"class_list":["post-89628","post","type-post","status-publish","format-standard","has-post-thumbnail","hentry","category-deporte","category-magazine-sport"],"yoast_head":"<!-- This site is optimized with the Yoast SEO plugin v19.7.1 - https:\/\/yoast.com\/wordpress\/plugins\/seo\/ -->\n<title>El equipo masculino de Automoto Voley se abre camino en la liga bahiense - CELTTV<\/title>\n<meta name=\"description\" content=\"Sitio web de noticias de la localidad de Tornquist, provincia de Buenos Aires, Rep\u00fablica Argentina. Contenido propio originado por periodistas de CELTTV, el canal de TV local de la Cooperativa El\u00e9ctrica de Tornquist. Turismo, Pol\u00edtica, Sociedad, Deporte, Cultura y todo el contenido de inter\u00e9s general que la gente del pueblo y la regi\u00f3n debe conocer.\" \/>\n<meta name=\"robots\" content=\"index, follow, max-snippet:-1, max-image-preview:large, max-video-preview:-1\" \/>\n<link rel=\"canonical\" href=\"https:\/\/www.celttv.com.ar\/index.php\/2025\/09\/03\/el-equipo-masculino-de-automoto-voley-se-abre-camino-en-la-liga-bahiense\/\" \/>\n<meta property=\"og:locale\" content=\"es_ES\" \/>\n<meta property=\"og:type\" content=\"article\" \/>\n<meta property=\"og:title\" content=\"El equipo masculino de Automoto Voley se abre camino en la liga bahiense - CELTTV\" \/>\n<meta property=\"og:description\" content=\"Sitio web de noticias de la localidad de Tornquist, provincia de Buenos Aires, Rep\u00fablica Argentina. Contenido propio originado por periodistas de CELTTV, el canal de TV local de la Cooperativa El\u00e9ctrica de Tornquist. Turismo, Pol\u00edtica, Sociedad, Deporte, Cultura y todo el contenido de inter\u00e9s general que la gente del pueblo y la regi\u00f3n debe conocer.\" \/>\n<meta property=\"og:url\" content=\"https:\/\/www.celttv.com.ar\/index.php\/2025\/09\/03\/el-equipo-masculino-de-automoto-voley-se-abre-camino-en-la-liga-bahiense\/\" \/>\n<meta property=\"og:site_name\" content=\"CELTTV\" \/>\n<meta property=\"article:publisher\" content=\"https:\/\/www.facebook.com\/celtTV\/\" \/>\n<meta property=\"article:published_time\" content=\"2025-09-04T01:42:47+00:00\" \/>\n<meta property=\"og:image\" content=\"https:\/\/www.celttv.com.ar\/wp-content\/uploads\/2025\/09\/voley-masculino.jpg\" \/>\n\t<meta property=\"og:image:width\" content=\"662\" \/>\n\t<meta property=\"og:image:height\" content=\"471\" \/>\n\t<meta property=\"og:image:type\" content=\"image\/jpeg\" \/>\n<meta name=\"author\" content=\"Miguel Herrada\" \/>\n<meta name=\"twitter:card\" content=\"summary_large_image\" \/>\n<meta name=\"twitter:label1\" content=\"Escrito por\" \/>\n\t<meta name=\"twitter:data1\" content=\"Miguel Herrada\" \/>\n<script type=\"application\/ld+json\" class=\"yoast-schema-graph\">{\"@context\":\"https:\/\/schema.org\",\"@graph\":[{\"@type\":\"NewsArticle\",\"@id\":\"https:\/\/www.celttv.com.ar\/index.php\/2025\/09\/03\/el-equipo-masculino-de-automoto-voley-se-abre-camino-en-la-liga-bahiense\/#article\",\"isPartOf\":{\"@id\":\"https:\/\/www.celttv.com.ar\/index.php\/2025\/09\/03\/el-equipo-masculino-de-automoto-voley-se-abre-camino-en-la-liga-bahiense\/\"},\"author\":{\"name\":\"Miguel Herrada\",\"@id\":\"https:\/\/www.celttv.com.ar\/#\/schema\/person\/9059dc91dc7204ef4182cdb65225f07d\"},\"headline\":\"El equipo masculino de Automoto Voley se abre camino en la liga bahiense\",\"datePublished\":\"2025-09-04T01:42:47+00:00\",\"dateModified\":\"2025-09-04T01:42:47+00:00\",\"mainEntityOfPage\":{\"@id\":\"https:\/\/www.celttv.com.ar\/index.php\/2025\/09\/03\/el-equipo-masculino-de-automoto-voley-se-abre-camino-en-la-liga-bahiense\/\"},\"wordCount\":68,\"publisher\":{\"@id\":\"https:\/\/www.celttv.com.ar\/#organization\"},\"articleSection\":[\"Deporte\",\"Magazine Sport\"],\"inLanguage\":\"es\"},{\"@type\":\"WebPage\",\"@id\":\"https:\/\/www.celttv.com.ar\/index.php\/2025\/09\/03\/el-equipo-masculino-de-automoto-voley-se-abre-camino-en-la-liga-bahiense\/\",\"url\":\"https:\/\/www.celttv.com.ar\/index.php\/2025\/09\/03\/el-equipo-masculino-de-automoto-voley-se-abre-camino-en-la-liga-bahiense\/\",\"name\":\"El equipo masculino de Automoto Voley se abre camino en la liga bahiense - CELTTV\",\"isPartOf\":{\"@id\":\"https:\/\/www.celttv.com.ar\/#website\"},\"datePublished\":\"2025-09-04T01:42:47+00:00\",\"dateModified\":\"2025-09-04T01:42:47+00:00\",\"description\":\"Sitio web de noticias de la localidad de Tornquist, provincia de Buenos Aires, Rep\u00fablica Argentina. Contenido propio originado por periodistas de CELTTV, el canal de TV local de la Cooperativa El\u00e9ctrica de Tornquist. Turismo, Pol\u00edtica, Sociedad, Deporte, Cultura y todo el contenido de inter\u00e9s general que la gente del pueblo y la regi\u00f3n debe conocer.\",\"breadcrumb\":{\"@id\":\"https:\/\/www.celttv.com.ar\/index.php\/2025\/09\/03\/el-equipo-masculino-de-automoto-voley-se-abre-camino-en-la-liga-bahiense\/#breadcrumb\"},\"inLanguage\":\"es\",\"potentialAction\":[{\"@type\":\"ReadAction\",\"target\":[\"https:\/\/www.celttv.com.ar\/index.php\/2025\/09\/03\/el-equipo-masculino-de-automoto-voley-se-abre-camino-en-la-liga-bahiense\/\"]}]},{\"@type\":\"BreadcrumbList\",\"@id\":\"https:\/\/www.celttv.com.ar\/index.php\/2025\/09\/03\/el-equipo-masculino-de-automoto-voley-se-abre-camino-en-la-liga-bahiense\/#breadcrumb\",\"itemListElement\":[{\"@type\":\"ListItem\",\"position\":1,\"name\":\"Inicio\",\"item\":\"https:\/\/www.celttv.com.ar\/\"},{\"@type\":\"ListItem\",\"position\":2,\"name\":\"El equipo masculino de Automoto Voley se abre camino en la liga bahiense\"}]},{\"@type\":\"WebSite\",\"@id\":\"https:\/\/www.celttv.com.ar\/#website\",\"url\":\"https:\/\/www.celttv.com.ar\/\",\"name\":\"CELTTV\",\"description\":\"Cooperativa El\u00e9ctrica de Tornquist\",\"publisher\":{\"@id\":\"https:\/\/www.celttv.com.ar\/#organization\"},\"potentialAction\":[{\"@type\":\"SearchAction\",\"target\":{\"@type\":\"EntryPoint\",\"urlTemplate\":\"https:\/\/www.celttv.com.ar\/?s={search_term_string}\"},\"query-input\":\"required name=search_term_string\"}],\"inLanguage\":\"es\"},{\"@type\":\"Organization\",\"@id\":\"https:\/\/www.celttv.com.ar\/#organization\",\"name\":\"CELTTV\",\"url\":\"https:\/\/www.celttv.com.ar\/\",\"sameAs\":[\"https:\/\/www.youtube.com\/channel\/UCz_oIt8Hig64Ub-EmcNPIhg\",\"https:\/\/www.facebook.com\/celtTV\/\"],\"logo\":{\"@type\":\"ImageObject\",\"inLanguage\":\"es\",\"@id\":\"https:\/\/www.celttv.com.ar\/#\/schema\/logo\/image\/\",\"url\":\"http:\/\/www.celttv.com.ar\/wp-content\/uploads\/2022\/08\/logo-1.png\",\"contentUrl\":\"http:\/\/www.celttv.com.ar\/wp-content\/uploads\/2022\/08\/logo-1.png\",\"width\":461,\"height\":159,\"caption\":\"CELTTV\"},\"image\":{\"@id\":\"https:\/\/www.celttv.com.ar\/#\/schema\/logo\/image\/\"}},{\"@type\":\"Person\",\"@id\":\"https:\/\/www.celttv.com.ar\/#\/schema\/person\/9059dc91dc7204ef4182cdb65225f07d\",\"name\":\"Miguel Herrada\",\"image\":{\"@type\":\"ImageObject\",\"inLanguage\":\"es\",\"@id\":\"https:\/\/www.celttv.com.ar\/#\/schema\/person\/image\/\",\"url\":\"https:\/\/secure.gravatar.com\/avatar\/67724d5b3c716623ffd76bec7e45841a442ac3b456e914dbba90b0fad2b8e0b1?s=96&d=mm&r=g\",\"contentUrl\":\"https:\/\/secure.gravatar.com\/avatar\/67724d5b3c716623ffd76bec7e45841a442ac3b456e914dbba90b0fad2b8e0b1?s=96&d=mm&r=g\",\"caption\":\"Miguel Herrada\"}}]}<\/script>\n<!-- \/ Yoast SEO plugin. -->","yoast_head_json":{"title":"El equipo masculino de Automoto Voley se abre camino en la liga bahiense - CELTTV","description":"Sitio web de noticias de la localidad de Tornquist, provincia de Buenos Aires, Rep\u00fablica Argentina. Contenido propio originado por periodistas de CELTTV, el canal de TV local de la Cooperativa El\u00e9ctrica de Tornquist. Turismo, Pol\u00edtica, Sociedad, Deporte, Cultura y todo el contenido de inter\u00e9s general que la gente del pueblo y la regi\u00f3n debe conocer.","robots":{"index":"index","follow":"follow","max-snippet":"max-snippet:-1","max-image-preview":"max-image-preview:large","max-video-preview":"max-video-preview:-1"},"canonical":"https:\/\/www.celttv.com.ar\/index.php\/2025\/09\/03\/el-equipo-masculino-de-automoto-voley-se-abre-camino-en-la-liga-bahiense\/","og_locale":"es_ES","og_type":"article","og_title":"El equipo masculino de Automoto Voley se abre camino en la liga bahiense - CELTTV","og_description":"Sitio web de noticias de la localidad de Tornquist, provincia de Buenos Aires, Rep\u00fablica Argentina. Contenido propio originado por periodistas de CELTTV, el canal de TV local de la Cooperativa El\u00e9ctrica de Tornquist. Turismo, Pol\u00edtica, Sociedad, Deporte, Cultura y todo el contenido de inter\u00e9s general que la gente del pueblo y la regi\u00f3n debe conocer.","og_url":"https:\/\/www.celttv.com.ar\/index.php\/2025\/09\/03\/el-equipo-masculino-de-automoto-voley-se-abre-camino-en-la-liga-bahiense\/","og_site_name":"CELTTV","article_publisher":"https:\/\/www.facebook.com\/celtTV\/","article_published_time":"2025-09-04T01:42:47+00:00","og_image":[{"width":662,"height":471,"url":"https:\/\/www.celttv.com.ar\/wp-content\/uploads\/2025\/09\/voley-masculino.jpg","type":"image\/jpeg"}],"author":"Miguel Herrada","twitter_card":"summary_large_image","twitter_misc":{"Escrito por":"Miguel Herrada"},"schema":{"@context":"https:\/\/schema.org","@graph":[{"@type":"NewsArticle","@id":"https:\/\/www.celttv.com.ar\/index.php\/2025\/09\/03\/el-equipo-masculino-de-automoto-voley-se-abre-camino-en-la-liga-bahiense\/#article","isPartOf":{"@id":"https:\/\/www.celttv.com.ar\/index.php\/2025\/09\/03\/el-equipo-masculino-de-automoto-voley-se-abre-camino-en-la-liga-bahiense\/"},"author":{"name":"Miguel Herrada","@id":"https:\/\/www.celttv.com.ar\/#\/schema\/person\/9059dc91dc7204ef4182cdb65225f07d"},"headline":"El equipo masculino de Automoto Voley se abre camino en la liga bahiense","datePublished":"2025-09-04T01:42:47+00:00","dateModified":"2025-09-04T01:42:47+00:00","mainEntityOfPage":{"@id":"https:\/\/www.celttv.com.ar\/index.php\/2025\/09\/03\/el-equipo-masculino-de-automoto-voley-se-abre-camino-en-la-liga-bahiense\/"},"wordCount":68,"publisher":{"@id":"https:\/\/www.celttv.com.ar\/#organization"},"articleSection":["Deporte","Magazine Sport"],"inLanguage":"es"},{"@type":"WebPage","@id":"https:\/\/www.celttv.com.ar\/index.php\/2025\/09\/03\/el-equipo-masculino-de-automoto-voley-se-abre-camino-en-la-liga-bahiense\/","url":"https:\/\/www.celttv.com.ar\/index.php\/2025\/09\/03\/el-equipo-masculino-de-automoto-voley-se-abre-camino-en-la-liga-bahiense\/","name":"El equipo masculino de Automoto Voley se abre camino en la liga bahiense - CELTTV","isPartOf":{"@id":"https:\/\/www.celttv.com.ar\/#website"},"datePublished":"2025-09-04T01:42:47+00:00","dateModified":"2025-09-04T01:42:47+00:00","description":"Sitio web de noticias de la localidad de Tornquist, provincia de Buenos Aires, Rep\u00fablica Argentina. Contenido propio originado por periodistas de CELTTV, el canal de TV local de la Cooperativa El\u00e9ctrica de Tornquist. Turismo, Pol\u00edtica, Sociedad, Deporte, Cultura y todo el contenido de inter\u00e9s general que la gente del pueblo y la regi\u00f3n debe conocer.","breadcrumb":{"@id":"https:\/\/www.celttv.com.ar\/index.php\/2025\/09\/03\/el-equipo-masculino-de-automoto-voley-se-abre-camino-en-la-liga-bahiense\/#breadcrumb"},"inLanguage":"es","potentialAction":[{"@type":"ReadAction","target":["https:\/\/www.celttv.com.ar\/index.php\/2025\/09\/03\/el-equipo-masculino-de-automoto-voley-se-abre-camino-en-la-liga-bahiense\/"]}]},{"@type":"BreadcrumbList","@id":"https:\/\/www.celttv.com.ar\/index.php\/2025\/09\/03\/el-equipo-masculino-de-automoto-voley-se-abre-camino-en-la-liga-bahiense\/#breadcrumb","itemListElement":[{"@type":"ListItem","position":1,"name":"Inicio","item":"https:\/\/www.celttv.com.ar\/"},{"@type":"ListItem","position":2,"name":"El equipo masculino de Automoto Voley se abre camino en la liga bahiense"}]},{"@type":"WebSite","@id":"https:\/\/www.celttv.com.ar\/#website","url":"https:\/\/www.celttv.com.ar\/","name":"CELTTV","description":"Cooperativa El\u00e9ctrica de Tornquist","publisher":{"@id":"https:\/\/www.celttv.com.ar\/#organization"},"potentialAction":[{"@type":"SearchAction","target":{"@type":"EntryPoint","urlTemplate":"https:\/\/www.celttv.com.ar\/?s={search_term_string}"},"query-input":"required name=search_term_string"}],"inLanguage":"es"},{"@type":"Organization","@id":"https:\/\/www.celttv.com.ar\/#organization","name":"CELTTV","url":"https:\/\/www.celttv.com.ar\/","sameAs":["https:\/\/www.youtube.com\/channel\/UCz_oIt8Hig64Ub-EmcNPIhg","https:\/\/www.facebook.com\/celtTV\/"],"logo":{"@type":"ImageObject","inLanguage":"es","@id":"https:\/\/www.celttv.com.ar\/#\/schema\/logo\/image\/","url":"http:\/\/www.celttv.com.ar\/wp-content\/uploads\/2022\/08\/logo-1.png","contentUrl":"http:\/\/www.celttv.com.ar\/wp-content\/uploads\/2022\/08\/logo-1.png","width":461,"height":159,"caption":"CELTTV"},"image":{"@id":"https:\/\/www.celttv.com.ar\/#\/schema\/logo\/image\/"}},{"@type":"Person","@id":"https:\/\/www.celttv.com.ar\/#\/schema\/person\/9059dc91dc7204ef4182cdb65225f07d","name":"Miguel Herrada","image":{"@type":"ImageObject","inLanguage":"es","@id":"https:\/\/www.celttv.com.ar\/#\/schema\/person\/image\/","url":"https:\/\/secure.gravatar.com\/avatar\/67724d5b3c716623ffd76bec7e45841a442ac3b456e914dbba90b0fad2b8e0b1?s=96&d=mm&r=g","contentUrl":"https:\/\/secure.gravatar.com\/avatar\/67724d5b3c716623ffd76bec7e45841a442ac3b456e914dbba90b0fad2b8e0b1?s=96&d=mm&r=g","caption":"Miguel Herrada"}}]}},"_links":{"self":[{"href":"https:\/\/www.celttv.com.ar\/index.php\/wp-json\/wp\/v2\/posts\/89628","targetHints":{"allow":["GET"]}}],"collection":[{"href":"https:\/\/www.celttv.com.ar\/index.php\/wp-json\/wp\/v2\/posts"}],"about":[{"href":"https:\/\/www.celttv.com.ar\/index.php\/wp-json\/wp\/v2\/types\/post"}],"author":[{"embeddable":true,"href":"https:\/\/www.celttv.com.ar\/index.php\/wp-json\/wp\/v2\/users\/5"}],"replies":[{"embeddable":true,"href":"https:\/\/www.celttv.com.ar\/index.php\/wp-json\/wp\/v2\/comments?post=89628"}],"version-history":[{"count":1,"href":"https:\/\/www.celttv.com.ar\/index.php\/wp-json\/wp\/v2\/posts\/89628\/revisions"}],"predecessor-version":[{"id":89630,"href":"https:\/\/www.celttv.com.ar\/index.php\/wp-json\/wp\/v2\/posts\/89628\/revisions\/89630"}],"wp:featuredmedia":[{"embeddable":true,"href":"https:\/\/www.celttv.com.ar\/index.php\/wp-json\/wp\/v2\/media\/89629"}],"wp:attachment":[{"href":"https:\/\/www.celttv.com.ar\/index.php\/wp-json\/wp\/v2\/media?parent=89628"}],"wp:term":[{"taxonomy":"category","embeddable":true,"href":"https:\/\/www.celttv.com.ar\/index.php\/wp-json\/wp\/v2\/categories?post=89628"},{"taxonomy":"post_tag","embeddable":true,"href":"https:\/\/www.celttv.com.ar\/index.php\/wp-json\/wp\/v2\/tags?post=89628"}],"curies":[{"name":"wp","href":"https:\/\/api.w.org\/{rel}","templated":true}]}}