{"id":89736,"date":"2025-09-07T23:20:11","date_gmt":"2025-09-08T02:20:11","guid":{"rendered":"https:\/\/www.celttv.com.ar\/?p=89736"},"modified":"2025-09-07T23:20:11","modified_gmt":"2025-09-08T02:20:11","slug":"elena-rosa-mendez-viuda-de-amer-q-e-p-d-fallecio-en-tornquist-el-07-de-septiembre-de-2025-a-los-84","status":"publish","type":"post","link":"https:\/\/www.celttv.com.ar\/index.php\/2025\/09\/07\/elena-rosa-mendez-viuda-de-amer-q-e-p-d-fallecio-en-tornquist-el-07-de-septiembre-de-2025-a-los-84\/","title":{"rendered":"Elena Rosa MENDEZ viuda de AMER\u00a0&#8212; Q.E.P.D.&#8211;: Falleci\u00f3 en Tornquist, el 07 de Septiembre de 2025 a los 84"},"content":{"rendered":"<div><b>Elena Rosa MENDEZ viuda de AMER\u00a0<\/b>&#8212; Q.E.P.D.&#8211;: Falleci\u00f3 en Tornquist, el 07 de Septiembre de 2025 a los 84 a\u00f1os de edad. Su hija Viviana Esther AMER. Su hijo pol\u00edtico Gustavo Adolfo OOSTDYK. Sus nietos Lucia y Lucio OOSTDYK.\u00a0 Su hija pol\u00edtica Luciana ARTOLA. Sus hermanas, hermanos pol\u00edticos, sobrinos, sobrinos pol\u00edticos. Su asistente personal Sandra, amistades y dem\u00e1s deudos, participan su deceso y comunican que sus restos, ser\u00e1n inhumados ma\u00f1ana Lunes 08 del corriente a las 11:00hs en la necr\u00f3polis de Tornquist. Casa velatoria calle G\u00fcemes N\u00ba 236. (Servicio Velatorio a partir de las 08:00hs). Casa de duelo calle Santiago Amarante N\u00ba 244, Tornquist. Servicio a cargo de la Cooperativa El\u00e9ctrica Limitada de Tornquist.<\/div>\n","protected":false},"excerpt":{"rendered":"<p>Elena Rosa MENDEZ viuda de AMER\u00a0&#8212; Q.E.P.D.&#8211;: Falleci\u00f3 en Tornquist, el 07 de Septiembre de 2025 a los 84 a\u00f1os de edad. Su hija Viviana Esther AMER. Su hijo pol\u00edtico Gustavo Adolfo OOSTDYK. Sus nietos Lucia y Lucio OOSTDYK.\u00a0 Su hija pol\u00edtica Luciana ARTOLA. Sus hermanas, hermanos pol\u00edticos, sobrinos, sobrinos pol\u00edticos. Su asistente personal Sandra, [&hellip;]<\/p>\n","protected":false},"author":5,"featured_media":75717,"comment_status":"closed","ping_status":"closed","sticky":false,"template":"","format":"standard","meta":{"footnotes":""},"categories":[50],"tags":[],"class_list":["post-89736","post","type-post","status-publish","format-standard","has-post-thumbnail","hentry","category-necrologicas"],"yoast_head":"<!-- This site is optimized with the Yoast SEO plugin v19.7.1 - https:\/\/yoast.com\/wordpress\/plugins\/seo\/ -->\n<title>Elena Rosa MENDEZ viuda de AMER\u00a0- Q.E.P.D.-: Falleci\u00f3 en Tornquist, el 07 de Septiembre de 2025 a los 84 - CELTTV<\/title>\n<meta name=\"description\" content=\"Sitio web de noticias de la localidad de Tornquist, provincia de Buenos Aires, Rep\u00fablica Argentina. Contenido propio originado por periodistas de CELTTV, el canal de TV local de la Cooperativa El\u00e9ctrica de Tornquist. Turismo, Pol\u00edtica, Sociedad, Deporte, Cultura y todo el contenido de inter\u00e9s general que la gente del pueblo y la regi\u00f3n debe conocer.\" \/>\n<meta name=\"robots\" content=\"index, follow, max-snippet:-1, max-image-preview:large, max-video-preview:-1\" \/>\n<link rel=\"canonical\" href=\"https:\/\/www.celttv.com.ar\/index.php\/2025\/09\/07\/elena-rosa-mendez-viuda-de-amer-q-e-p-d-fallecio-en-tornquist-el-07-de-septiembre-de-2025-a-los-84\/\" \/>\n<meta property=\"og:locale\" content=\"es_ES\" \/>\n<meta property=\"og:type\" content=\"article\" \/>\n<meta property=\"og:title\" content=\"Elena Rosa MENDEZ viuda de AMER\u00a0- Q.E.P.D.-: Falleci\u00f3 en Tornquist, el 07 de Septiembre de 2025 a los 84 - CELTTV\" \/>\n<meta property=\"og:description\" content=\"Sitio web de noticias de la localidad de Tornquist, provincia de Buenos Aires, Rep\u00fablica Argentina. Contenido propio originado por periodistas de CELTTV, el canal de TV local de la Cooperativa El\u00e9ctrica de Tornquist. Turismo, Pol\u00edtica, Sociedad, Deporte, Cultura y todo el contenido de inter\u00e9s general que la gente del pueblo y la regi\u00f3n debe conocer.\" \/>\n<meta property=\"og:url\" content=\"https:\/\/www.celttv.com.ar\/index.php\/2025\/09\/07\/elena-rosa-mendez-viuda-de-amer-q-e-p-d-fallecio-en-tornquist-el-07-de-septiembre-de-2025-a-los-84\/\" \/>\n<meta property=\"og:site_name\" content=\"CELTTV\" \/>\n<meta property=\"article:publisher\" content=\"https:\/\/www.facebook.com\/celtTV\/\" \/>\n<meta property=\"article:published_time\" content=\"2025-09-08T02:20:11+00:00\" \/>\n<meta property=\"og:image\" content=\"https:\/\/www.celttv.com.ar\/wp-content\/uploads\/2023\/05\/crespon-gris.jpeg\" \/>\n\t<meta property=\"og:image:width\" content=\"756\" \/>\n\t<meta property=\"og:image:height\" content=\"945\" \/>\n\t<meta property=\"og:image:type\" content=\"image\/jpeg\" \/>\n<meta name=\"author\" content=\"Miguel Herrada\" \/>\n<meta name=\"twitter:card\" content=\"summary_large_image\" \/>\n<meta name=\"twitter:label1\" content=\"Escrito por\" \/>\n\t<meta name=\"twitter:data1\" content=\"Miguel Herrada\" \/>\n\t<meta name=\"twitter:label2\" content=\"Tiempo de lectura\" \/>\n\t<meta name=\"twitter:data2\" content=\"1 minuto\" \/>\n<script type=\"application\/ld+json\" class=\"yoast-schema-graph\">{\"@context\":\"https:\/\/schema.org\",\"@graph\":[{\"@type\":\"NewsArticle\",\"@id\":\"https:\/\/www.celttv.com.ar\/index.php\/2025\/09\/07\/elena-rosa-mendez-viuda-de-amer-q-e-p-d-fallecio-en-tornquist-el-07-de-septiembre-de-2025-a-los-84\/#article\",\"isPartOf\":{\"@id\":\"https:\/\/www.celttv.com.ar\/index.php\/2025\/09\/07\/elena-rosa-mendez-viuda-de-amer-q-e-p-d-fallecio-en-tornquist-el-07-de-septiembre-de-2025-a-los-84\/\"},\"author\":{\"name\":\"Miguel Herrada\",\"@id\":\"https:\/\/www.celttv.com.ar\/#\/schema\/person\/9059dc91dc7204ef4182cdb65225f07d\"},\"headline\":\"Elena Rosa MENDEZ viuda de AMER\u00a0&#8212; Q.E.P.D.&#8211;: Falleci\u00f3 en Tornquist, el 07 de Septiembre de 2025 a los 84\",\"datePublished\":\"2025-09-08T02:20:11+00:00\",\"dateModified\":\"2025-09-08T02:20:11+00:00\",\"mainEntityOfPage\":{\"@id\":\"https:\/\/www.celttv.com.ar\/index.php\/2025\/09\/07\/elena-rosa-mendez-viuda-de-amer-q-e-p-d-fallecio-en-tornquist-el-07-de-septiembre-de-2025-a-los-84\/\"},\"wordCount\":145,\"publisher\":{\"@id\":\"https:\/\/www.celttv.com.ar\/#organization\"},\"articleSection\":[\"Necrol\u00f3gicas\"],\"inLanguage\":\"es\"},{\"@type\":\"WebPage\",\"@id\":\"https:\/\/www.celttv.com.ar\/index.php\/2025\/09\/07\/elena-rosa-mendez-viuda-de-amer-q-e-p-d-fallecio-en-tornquist-el-07-de-septiembre-de-2025-a-los-84\/\",\"url\":\"https:\/\/www.celttv.com.ar\/index.php\/2025\/09\/07\/elena-rosa-mendez-viuda-de-amer-q-e-p-d-fallecio-en-tornquist-el-07-de-septiembre-de-2025-a-los-84\/\",\"name\":\"Elena Rosa MENDEZ viuda de AMER\u00a0- Q.E.P.D.-: Falleci\u00f3 en Tornquist, el 07 de Septiembre de 2025 a los 84 - CELTTV\",\"isPartOf\":{\"@id\":\"https:\/\/www.celttv.com.ar\/#website\"},\"datePublished\":\"2025-09-08T02:20:11+00:00\",\"dateModified\":\"2025-09-08T02:20:11+00:00\",\"description\":\"Sitio web de noticias de la localidad de Tornquist, provincia de Buenos Aires, Rep\u00fablica Argentina. Contenido propio originado por periodistas de CELTTV, el canal de TV local de la Cooperativa El\u00e9ctrica de Tornquist. Turismo, Pol\u00edtica, Sociedad, Deporte, Cultura y todo el contenido de inter\u00e9s general que la gente del pueblo y la regi\u00f3n debe conocer.\",\"breadcrumb\":{\"@id\":\"https:\/\/www.celttv.com.ar\/index.php\/2025\/09\/07\/elena-rosa-mendez-viuda-de-amer-q-e-p-d-fallecio-en-tornquist-el-07-de-septiembre-de-2025-a-los-84\/#breadcrumb\"},\"inLanguage\":\"es\",\"potentialAction\":[{\"@type\":\"ReadAction\",\"target\":[\"https:\/\/www.celttv.com.ar\/index.php\/2025\/09\/07\/elena-rosa-mendez-viuda-de-amer-q-e-p-d-fallecio-en-tornquist-el-07-de-septiembre-de-2025-a-los-84\/\"]}]},{\"@type\":\"BreadcrumbList\",\"@id\":\"https:\/\/www.celttv.com.ar\/index.php\/2025\/09\/07\/elena-rosa-mendez-viuda-de-amer-q-e-p-d-fallecio-en-tornquist-el-07-de-septiembre-de-2025-a-los-84\/#breadcrumb\",\"itemListElement\":[{\"@type\":\"ListItem\",\"position\":1,\"name\":\"Inicio\",\"item\":\"https:\/\/www.celttv.com.ar\/\"},{\"@type\":\"ListItem\",\"position\":2,\"name\":\"Elena Rosa MENDEZ viuda de AMER\u00a0&#8212; Q.E.P.D.&#8211;: Falleci\u00f3 en Tornquist, el 07 de Septiembre de 2025 a los 84\"}]},{\"@type\":\"WebSite\",\"@id\":\"https:\/\/www.celttv.com.ar\/#website\",\"url\":\"https:\/\/www.celttv.com.ar\/\",\"name\":\"CELTTV\",\"description\":\"Cooperativa El\u00e9ctrica de Tornquist\",\"publisher\":{\"@id\":\"https:\/\/www.celttv.com.ar\/#organization\"},\"potentialAction\":[{\"@type\":\"SearchAction\",\"target\":{\"@type\":\"EntryPoint\",\"urlTemplate\":\"https:\/\/www.celttv.com.ar\/?s={search_term_string}\"},\"query-input\":\"required name=search_term_string\"}],\"inLanguage\":\"es\"},{\"@type\":\"Organization\",\"@id\":\"https:\/\/www.celttv.com.ar\/#organization\",\"name\":\"CELTTV\",\"url\":\"https:\/\/www.celttv.com.ar\/\",\"sameAs\":[\"https:\/\/www.youtube.com\/channel\/UCz_oIt8Hig64Ub-EmcNPIhg\",\"https:\/\/www.facebook.com\/celtTV\/\"],\"logo\":{\"@type\":\"ImageObject\",\"inLanguage\":\"es\",\"@id\":\"https:\/\/www.celttv.com.ar\/#\/schema\/logo\/image\/\",\"url\":\"http:\/\/www.celttv.com.ar\/wp-content\/uploads\/2022\/08\/logo-1.png\",\"contentUrl\":\"http:\/\/www.celttv.com.ar\/wp-content\/uploads\/2022\/08\/logo-1.png\",\"width\":461,\"height\":159,\"caption\":\"CELTTV\"},\"image\":{\"@id\":\"https:\/\/www.celttv.com.ar\/#\/schema\/logo\/image\/\"}},{\"@type\":\"Person\",\"@id\":\"https:\/\/www.celttv.com.ar\/#\/schema\/person\/9059dc91dc7204ef4182cdb65225f07d\",\"name\":\"Miguel Herrada\",\"image\":{\"@type\":\"ImageObject\",\"inLanguage\":\"es\",\"@id\":\"https:\/\/www.celttv.com.ar\/#\/schema\/person\/image\/\",\"url\":\"https:\/\/secure.gravatar.com\/avatar\/67724d5b3c716623ffd76bec7e45841a442ac3b456e914dbba90b0fad2b8e0b1?s=96&d=mm&r=g\",\"contentUrl\":\"https:\/\/secure.gravatar.com\/avatar\/67724d5b3c716623ffd76bec7e45841a442ac3b456e914dbba90b0fad2b8e0b1?s=96&d=mm&r=g\",\"caption\":\"Miguel Herrada\"}}]}<\/script>\n<!-- \/ Yoast SEO plugin. -->","yoast_head_json":{"title":"Elena Rosa MENDEZ viuda de AMER\u00a0- Q.E.P.D.-: Falleci\u00f3 en Tornquist, el 07 de Septiembre de 2025 a los 84 - CELTTV","description":"Sitio web de noticias de la localidad de Tornquist, provincia de Buenos Aires, Rep\u00fablica Argentina. Contenido propio originado por periodistas de CELTTV, el canal de TV local de la Cooperativa El\u00e9ctrica de Tornquist. Turismo, Pol\u00edtica, Sociedad, Deporte, Cultura y todo el contenido de inter\u00e9s general que la gente del pueblo y la regi\u00f3n debe conocer.","robots":{"index":"index","follow":"follow","max-snippet":"max-snippet:-1","max-image-preview":"max-image-preview:large","max-video-preview":"max-video-preview:-1"},"canonical":"https:\/\/www.celttv.com.ar\/index.php\/2025\/09\/07\/elena-rosa-mendez-viuda-de-amer-q-e-p-d-fallecio-en-tornquist-el-07-de-septiembre-de-2025-a-los-84\/","og_locale":"es_ES","og_type":"article","og_title":"Elena Rosa MENDEZ viuda de AMER\u00a0- Q.E.P.D.-: Falleci\u00f3 en Tornquist, el 07 de Septiembre de 2025 a los 84 - CELTTV","og_description":"Sitio web de noticias de la localidad de Tornquist, provincia de Buenos Aires, Rep\u00fablica Argentina. Contenido propio originado por periodistas de CELTTV, el canal de TV local de la Cooperativa El\u00e9ctrica de Tornquist. Turismo, Pol\u00edtica, Sociedad, Deporte, Cultura y todo el contenido de inter\u00e9s general que la gente del pueblo y la regi\u00f3n debe conocer.","og_url":"https:\/\/www.celttv.com.ar\/index.php\/2025\/09\/07\/elena-rosa-mendez-viuda-de-amer-q-e-p-d-fallecio-en-tornquist-el-07-de-septiembre-de-2025-a-los-84\/","og_site_name":"CELTTV","article_publisher":"https:\/\/www.facebook.com\/celtTV\/","article_published_time":"2025-09-08T02:20:11+00:00","og_image":[{"width":756,"height":945,"url":"https:\/\/www.celttv.com.ar\/wp-content\/uploads\/2023\/05\/crespon-gris.jpeg","type":"image\/jpeg"}],"author":"Miguel Herrada","twitter_card":"summary_large_image","twitter_misc":{"Escrito por":"Miguel Herrada","Tiempo de lectura":"1 minuto"},"schema":{"@context":"https:\/\/schema.org","@graph":[{"@type":"NewsArticle","@id":"https:\/\/www.celttv.com.ar\/index.php\/2025\/09\/07\/elena-rosa-mendez-viuda-de-amer-q-e-p-d-fallecio-en-tornquist-el-07-de-septiembre-de-2025-a-los-84\/#article","isPartOf":{"@id":"https:\/\/www.celttv.com.ar\/index.php\/2025\/09\/07\/elena-rosa-mendez-viuda-de-amer-q-e-p-d-fallecio-en-tornquist-el-07-de-septiembre-de-2025-a-los-84\/"},"author":{"name":"Miguel Herrada","@id":"https:\/\/www.celttv.com.ar\/#\/schema\/person\/9059dc91dc7204ef4182cdb65225f07d"},"headline":"Elena Rosa MENDEZ viuda de AMER\u00a0&#8212; Q.E.P.D.&#8211;: Falleci\u00f3 en Tornquist, el 07 de Septiembre de 2025 a los 84","datePublished":"2025-09-08T02:20:11+00:00","dateModified":"2025-09-08T02:20:11+00:00","mainEntityOfPage":{"@id":"https:\/\/www.celttv.com.ar\/index.php\/2025\/09\/07\/elena-rosa-mendez-viuda-de-amer-q-e-p-d-fallecio-en-tornquist-el-07-de-septiembre-de-2025-a-los-84\/"},"wordCount":145,"publisher":{"@id":"https:\/\/www.celttv.com.ar\/#organization"},"articleSection":["Necrol\u00f3gicas"],"inLanguage":"es"},{"@type":"WebPage","@id":"https:\/\/www.celttv.com.ar\/index.php\/2025\/09\/07\/elena-rosa-mendez-viuda-de-amer-q-e-p-d-fallecio-en-tornquist-el-07-de-septiembre-de-2025-a-los-84\/","url":"https:\/\/www.celttv.com.ar\/index.php\/2025\/09\/07\/elena-rosa-mendez-viuda-de-amer-q-e-p-d-fallecio-en-tornquist-el-07-de-septiembre-de-2025-a-los-84\/","name":"Elena Rosa MENDEZ viuda de AMER\u00a0- Q.E.P.D.-: Falleci\u00f3 en Tornquist, el 07 de Septiembre de 2025 a los 84 - CELTTV","isPartOf":{"@id":"https:\/\/www.celttv.com.ar\/#website"},"datePublished":"2025-09-08T02:20:11+00:00","dateModified":"2025-09-08T02:20:11+00:00","description":"Sitio web de noticias de la localidad de Tornquist, provincia de Buenos Aires, Rep\u00fablica Argentina. Contenido propio originado por periodistas de CELTTV, el canal de TV local de la Cooperativa El\u00e9ctrica de Tornquist. Turismo, Pol\u00edtica, Sociedad, Deporte, Cultura y todo el contenido de inter\u00e9s general que la gente del pueblo y la regi\u00f3n debe conocer.","breadcrumb":{"@id":"https:\/\/www.celttv.com.ar\/index.php\/2025\/09\/07\/elena-rosa-mendez-viuda-de-amer-q-e-p-d-fallecio-en-tornquist-el-07-de-septiembre-de-2025-a-los-84\/#breadcrumb"},"inLanguage":"es","potentialAction":[{"@type":"ReadAction","target":["https:\/\/www.celttv.com.ar\/index.php\/2025\/09\/07\/elena-rosa-mendez-viuda-de-amer-q-e-p-d-fallecio-en-tornquist-el-07-de-septiembre-de-2025-a-los-84\/"]}]},{"@type":"BreadcrumbList","@id":"https:\/\/www.celttv.com.ar\/index.php\/2025\/09\/07\/elena-rosa-mendez-viuda-de-amer-q-e-p-d-fallecio-en-tornquist-el-07-de-septiembre-de-2025-a-los-84\/#breadcrumb","itemListElement":[{"@type":"ListItem","position":1,"name":"Inicio","item":"https:\/\/www.celttv.com.ar\/"},{"@type":"ListItem","position":2,"name":"Elena Rosa MENDEZ viuda de AMER\u00a0&#8212; Q.E.P.D.&#8211;: Falleci\u00f3 en Tornquist, el 07 de Septiembre de 2025 a los 84"}]},{"@type":"WebSite","@id":"https:\/\/www.celttv.com.ar\/#website","url":"https:\/\/www.celttv.com.ar\/","name":"CELTTV","description":"Cooperativa El\u00e9ctrica de Tornquist","publisher":{"@id":"https:\/\/www.celttv.com.ar\/#organization"},"potentialAction":[{"@type":"SearchAction","target":{"@type":"EntryPoint","urlTemplate":"https:\/\/www.celttv.com.ar\/?s={search_term_string}"},"query-input":"required name=search_term_string"}],"inLanguage":"es"},{"@type":"Organization","@id":"https:\/\/www.celttv.com.ar\/#organization","name":"CELTTV","url":"https:\/\/www.celttv.com.ar\/","sameAs":["https:\/\/www.youtube.com\/channel\/UCz_oIt8Hig64Ub-EmcNPIhg","https:\/\/www.facebook.com\/celtTV\/"],"logo":{"@type":"ImageObject","inLanguage":"es","@id":"https:\/\/www.celttv.com.ar\/#\/schema\/logo\/image\/","url":"http:\/\/www.celttv.com.ar\/wp-content\/uploads\/2022\/08\/logo-1.png","contentUrl":"http:\/\/www.celttv.com.ar\/wp-content\/uploads\/2022\/08\/logo-1.png","width":461,"height":159,"caption":"CELTTV"},"image":{"@id":"https:\/\/www.celttv.com.ar\/#\/schema\/logo\/image\/"}},{"@type":"Person","@id":"https:\/\/www.celttv.com.ar\/#\/schema\/person\/9059dc91dc7204ef4182cdb65225f07d","name":"Miguel Herrada","image":{"@type":"ImageObject","inLanguage":"es","@id":"https:\/\/www.celttv.com.ar\/#\/schema\/person\/image\/","url":"https:\/\/secure.gravatar.com\/avatar\/67724d5b3c716623ffd76bec7e45841a442ac3b456e914dbba90b0fad2b8e0b1?s=96&d=mm&r=g","contentUrl":"https:\/\/secure.gravatar.com\/avatar\/67724d5b3c716623ffd76bec7e45841a442ac3b456e914dbba90b0fad2b8e0b1?s=96&d=mm&r=g","caption":"Miguel Herrada"}}]}},"_links":{"self":[{"href":"https:\/\/www.celttv.com.ar\/index.php\/wp-json\/wp\/v2\/posts\/89736","targetHints":{"allow":["GET"]}}],"collection":[{"href":"https:\/\/www.celttv.com.ar\/index.php\/wp-json\/wp\/v2\/posts"}],"about":[{"href":"https:\/\/www.celttv.com.ar\/index.php\/wp-json\/wp\/v2\/types\/post"}],"author":[{"embeddable":true,"href":"https:\/\/www.celttv.com.ar\/index.php\/wp-json\/wp\/v2\/users\/5"}],"replies":[{"embeddable":true,"href":"https:\/\/www.celttv.com.ar\/index.php\/wp-json\/wp\/v2\/comments?post=89736"}],"version-history":[{"count":1,"href":"https:\/\/www.celttv.com.ar\/index.php\/wp-json\/wp\/v2\/posts\/89736\/revisions"}],"predecessor-version":[{"id":89737,"href":"https:\/\/www.celttv.com.ar\/index.php\/wp-json\/wp\/v2\/posts\/89736\/revisions\/89737"}],"wp:featuredmedia":[{"embeddable":true,"href":"https:\/\/www.celttv.com.ar\/index.php\/wp-json\/wp\/v2\/media\/75717"}],"wp:attachment":[{"href":"https:\/\/www.celttv.com.ar\/index.php\/wp-json\/wp\/v2\/media?parent=89736"}],"wp:term":[{"taxonomy":"category","embeddable":true,"href":"https:\/\/www.celttv.com.ar\/index.php\/wp-json\/wp\/v2\/categories?post=89736"},{"taxonomy":"post_tag","embeddable":true,"href":"https:\/\/www.celttv.com.ar\/index.php\/wp-json\/wp\/v2\/tags?post=89736"}],"curies":[{"name":"wp","href":"https:\/\/api.w.org\/{rel}","templated":true}]}}