{"id":89738,"date":"2025-09-07T23:37:06","date_gmt":"2025-09-08T02:37:06","guid":{"rendered":"https:\/\/www.celttv.com.ar\/?p=89738"},"modified":"2025-09-07T23:37:06","modified_gmt":"2025-09-08T02:37:06","slug":"elecciones-2025-los-numeros-finales-del-triunfo-de-fuerza-patria-en-el-distrito-de-tornquist","status":"publish","type":"post","link":"https:\/\/www.celttv.com.ar\/index.php\/2025\/09\/07\/elecciones-2025-los-numeros-finales-del-triunfo-de-fuerza-patria-en-el-distrito-de-tornquist\/","title":{"rendered":"Elecciones 2025: Los n\u00fameros finales del triunfo de Fuerza Patria en el distrito de Tornquist"},"content":{"rendered":"<div class=\"adelanto\">\n<p>FUERZA PATRIA gan\u00f3 en el distrito de Tornquist y <strong>LA LIBERTAD AVANZA<\/strong> hizo una gran elecci\u00f3n. Entre ambas fuerzas pol\u00edticas se repartieron las bancas en el Concejo Deliberante y el Consejo Escolar, mientras que Somos Tornquist y Uni\u00f3n y Libertad no alcanzaron representaci\u00f3n.<\/p>\n<\/div>\n<div class=\"text\">\n<p>El oficialismo de Fuerza Patria se impuso en las elecciones legislativas del distrito de Tornquist, realizadas este domingo 7 de septiembre, y logr\u00f3 tres bancas en el Concejo Deliberante. A su vez, La Libertad Avanza (LLA) tambi\u00e9n consigui\u00f3 tres concejales, mientras que ambas fuerzas sumaron un consejero escolar cada una. Los nuevos representantes asumir\u00e1n sus cargos el pr\u00f3ximo 10 de diciembre.<\/p>\n<p><strong>Resultados finales<\/strong><\/p>\n<ul>\n<li><strong>Fuerza Patria:<\/strong>\u00a04.054 votos (42,1%)<\/li>\n<li><strong>La Libertad Avanza:<\/strong>\u00a03.229 votos (33,5%)<\/li>\n<li><strong>Somos Tornquist:\u00a0<\/strong>1.416 votos (14,7%)<\/li>\n<li><strong>Uni\u00f3n y Libertad:<\/strong>\u00a0315 votos (3,3%)<\/li>\n<\/ul>\n<p><img loading=\"lazy\" decoding=\"async\" class=\"alignnone wp-image-89739 size-full\" src=\"https:\/\/www.celttv.com.ar\/wp-content\/uploads\/2025\/09\/DISTRITO.jpg\" alt=\"\" width=\"769\" height=\"523\" srcset=\"https:\/\/www.celttv.com.ar\/wp-content\/uploads\/2025\/09\/DISTRITO.jpg 769w, https:\/\/www.celttv.com.ar\/wp-content\/uploads\/2025\/09\/DISTRITO-300x204.jpg 300w, https:\/\/www.celttv.com.ar\/wp-content\/uploads\/2025\/09\/DISTRITO-750x510.jpg 750w\" sizes=\"auto, (max-width: 769px) 100vw, 769px\" \/><\/p>\n<p><img loading=\"lazy\" decoding=\"async\" class=\"alignnone wp-image-89740 size-full\" src=\"https:\/\/www.celttv.com.ar\/wp-content\/uploads\/2025\/09\/TORNQUIST.jpg\" alt=\"\" width=\"759\" height=\"539\" srcset=\"https:\/\/www.celttv.com.ar\/wp-content\/uploads\/2025\/09\/TORNQUIST.jpg 759w, https:\/\/www.celttv.com.ar\/wp-content\/uploads\/2025\/09\/TORNQUIST-300x213.jpg 300w, https:\/\/www.celttv.com.ar\/wp-content\/uploads\/2025\/09\/TORNQUIST-120x86.jpg 120w, https:\/\/www.celttv.com.ar\/wp-content\/uploads\/2025\/09\/TORNQUIST-350x250.jpg 350w, https:\/\/www.celttv.com.ar\/wp-content\/uploads\/2025\/09\/TORNQUIST-750x533.jpg 750w\" sizes=\"auto, (max-width: 759px) 100vw, 759px\" \/><\/p>\n<p><img loading=\"lazy\" decoding=\"async\" class=\"alignnone wp-image-89741 size-full\" src=\"https:\/\/www.celttv.com.ar\/wp-content\/uploads\/2025\/09\/SIERRA-DE-LA-VENTANA.jpg\" alt=\"\" width=\"757\" height=\"535\" srcset=\"https:\/\/www.celttv.com.ar\/wp-content\/uploads\/2025\/09\/SIERRA-DE-LA-VENTANA.jpg 757w, https:\/\/www.celttv.com.ar\/wp-content\/uploads\/2025\/09\/SIERRA-DE-LA-VENTANA-300x212.jpg 300w, https:\/\/www.celttv.com.ar\/wp-content\/uploads\/2025\/09\/SIERRA-DE-LA-VENTANA-120x86.jpg 120w, https:\/\/www.celttv.com.ar\/wp-content\/uploads\/2025\/09\/SIERRA-DE-LA-VENTANA-750x530.jpg 750w\" sizes=\"auto, (max-width: 757px) 100vw, 757px\" \/><\/p>\n<p><img loading=\"lazy\" decoding=\"async\" class=\"alignnone wp-image-89742 size-full\" src=\"https:\/\/www.celttv.com.ar\/wp-content\/uploads\/2025\/09\/SALDUNGARAY.jpg\" alt=\"\" width=\"761\" height=\"533\" srcset=\"https:\/\/www.celttv.com.ar\/wp-content\/uploads\/2025\/09\/SALDUNGARAY.jpg 761w, https:\/\/www.celttv.com.ar\/wp-content\/uploads\/2025\/09\/SALDUNGARAY-300x210.jpg 300w, https:\/\/www.celttv.com.ar\/wp-content\/uploads\/2025\/09\/SALDUNGARAY-750x525.jpg 750w\" sizes=\"auto, (max-width: 761px) 100vw, 761px\" \/><\/p>\n<p><img loading=\"lazy\" decoding=\"async\" class=\"alignnone wp-image-89743 size-full\" src=\"https:\/\/www.celttv.com.ar\/wp-content\/uploads\/2025\/09\/VILLA-VENTANA.jpg\" alt=\"\" width=\"762\" height=\"533\" srcset=\"https:\/\/www.celttv.com.ar\/wp-content\/uploads\/2025\/09\/VILLA-VENTANA.jpg 762w, https:\/\/www.celttv.com.ar\/wp-content\/uploads\/2025\/09\/VILLA-VENTANA-300x210.jpg 300w, https:\/\/www.celttv.com.ar\/wp-content\/uploads\/2025\/09\/VILLA-VENTANA-750x525.jpg 750w\" sizes=\"auto, (max-width: 762px) 100vw, 762px\" \/><\/p>\n<p><img loading=\"lazy\" decoding=\"async\" class=\"alignnone wp-image-89744 size-full\" src=\"https:\/\/www.celttv.com.ar\/wp-content\/uploads\/2025\/09\/CHASICO.jpg\" alt=\"\" width=\"768\" height=\"535\" srcset=\"https:\/\/www.celttv.com.ar\/wp-content\/uploads\/2025\/09\/CHASICO.jpg 768w, https:\/\/www.celttv.com.ar\/wp-content\/uploads\/2025\/09\/CHASICO-300x209.jpg 300w, https:\/\/www.celttv.com.ar\/wp-content\/uploads\/2025\/09\/CHASICO-750x522.jpg 750w\" sizes=\"auto, (max-width: 768px) 100vw, 768px\" \/><\/p>\n<p><img loading=\"lazy\" decoding=\"async\" class=\"alignnone wp-image-89745 size-full\" src=\"https:\/\/www.celttv.com.ar\/wp-content\/uploads\/2025\/09\/TRES-PICOS.jpg\" alt=\"\" width=\"764\" height=\"533\" srcset=\"https:\/\/www.celttv.com.ar\/wp-content\/uploads\/2025\/09\/TRES-PICOS.jpg 764w, https:\/\/www.celttv.com.ar\/wp-content\/uploads\/2025\/09\/TRES-PICOS-300x209.jpg 300w, https:\/\/www.celttv.com.ar\/wp-content\/uploads\/2025\/09\/TRES-PICOS-750x523.jpg 750w\" sizes=\"auto, (max-width: 764px) 100vw, 764px\" \/><\/p>\n<\/div>\n","protected":false},"excerpt":{"rendered":"<p>FUERZA PATRIA gan\u00f3 en el distrito de Tornquist y LA LIBERTAD AVANZA hizo una gran elecci\u00f3n. Entre ambas fuerzas pol\u00edticas se repartieron las bancas en el Concejo Deliberante y el Consejo Escolar, mientras que Somos Tornquist y Uni\u00f3n y Libertad no alcanzaron representaci\u00f3n. El oficialismo de Fuerza Patria se impuso en las elecciones legislativas del [&hellip;]<\/p>\n","protected":false},"author":5,"featured_media":89739,"comment_status":"closed","ping_status":"closed","sticky":false,"template":"","format":"standard","meta":{"footnotes":""},"categories":[53],"tags":[],"class_list":["post-89738","post","type-post","status-publish","format-standard","has-post-thumbnail","hentry","category-politica"],"yoast_head":"<!-- This site is optimized with the Yoast SEO plugin v19.7.1 - https:\/\/yoast.com\/wordpress\/plugins\/seo\/ -->\n<title>Elecciones 2025: Los n\u00fameros finales del triunfo de Fuerza Patria en el distrito de Tornquist - CELTTV<\/title>\n<meta name=\"description\" content=\"Sitio web de noticias de la localidad de Tornquist, provincia de Buenos Aires, Rep\u00fablica Argentina. Contenido propio originado por periodistas de CELTTV, el canal de TV local de la Cooperativa El\u00e9ctrica de Tornquist. Turismo, Pol\u00edtica, Sociedad, Deporte, Cultura y todo el contenido de inter\u00e9s general que la gente del pueblo y la regi\u00f3n debe conocer.\" \/>\n<meta name=\"robots\" content=\"index, follow, max-snippet:-1, max-image-preview:large, max-video-preview:-1\" \/>\n<link rel=\"canonical\" href=\"https:\/\/www.celttv.com.ar\/index.php\/2025\/09\/07\/elecciones-2025-los-numeros-finales-del-triunfo-de-fuerza-patria-en-el-distrito-de-tornquist\/\" \/>\n<meta property=\"og:locale\" content=\"es_ES\" \/>\n<meta property=\"og:type\" content=\"article\" \/>\n<meta property=\"og:title\" content=\"Elecciones 2025: Los n\u00fameros finales del triunfo de Fuerza Patria en el distrito de Tornquist - CELTTV\" \/>\n<meta property=\"og:description\" content=\"Sitio web de noticias de la localidad de Tornquist, provincia de Buenos Aires, Rep\u00fablica Argentina. Contenido propio originado por periodistas de CELTTV, el canal de TV local de la Cooperativa El\u00e9ctrica de Tornquist. Turismo, Pol\u00edtica, Sociedad, Deporte, Cultura y todo el contenido de inter\u00e9s general que la gente del pueblo y la regi\u00f3n debe conocer.\" \/>\n<meta property=\"og:url\" content=\"https:\/\/www.celttv.com.ar\/index.php\/2025\/09\/07\/elecciones-2025-los-numeros-finales-del-triunfo-de-fuerza-patria-en-el-distrito-de-tornquist\/\" \/>\n<meta property=\"og:site_name\" content=\"CELTTV\" \/>\n<meta property=\"article:publisher\" content=\"https:\/\/www.facebook.com\/celtTV\/\" \/>\n<meta property=\"article:published_time\" content=\"2025-09-08T02:37:06+00:00\" \/>\n<meta property=\"og:image\" content=\"https:\/\/www.celttv.com.ar\/wp-content\/uploads\/2025\/09\/DISTRITO.jpg\" \/>\n\t<meta property=\"og:image:width\" content=\"769\" \/>\n\t<meta property=\"og:image:height\" content=\"523\" \/>\n\t<meta property=\"og:image:type\" content=\"image\/jpeg\" \/>\n<meta name=\"author\" content=\"Miguel Herrada\" \/>\n<meta name=\"twitter:card\" content=\"summary_large_image\" \/>\n<meta name=\"twitter:label1\" content=\"Escrito por\" \/>\n\t<meta name=\"twitter:data1\" content=\"Miguel Herrada\" \/>\n\t<meta name=\"twitter:label2\" content=\"Tiempo de lectura\" \/>\n\t<meta name=\"twitter:data2\" content=\"1 minuto\" \/>\n<script type=\"application\/ld+json\" class=\"yoast-schema-graph\">{\"@context\":\"https:\/\/schema.org\",\"@graph\":[{\"@type\":\"NewsArticle\",\"@id\":\"https:\/\/www.celttv.com.ar\/index.php\/2025\/09\/07\/elecciones-2025-los-numeros-finales-del-triunfo-de-fuerza-patria-en-el-distrito-de-tornquist\/#article\",\"isPartOf\":{\"@id\":\"https:\/\/www.celttv.com.ar\/index.php\/2025\/09\/07\/elecciones-2025-los-numeros-finales-del-triunfo-de-fuerza-patria-en-el-distrito-de-tornquist\/\"},\"author\":{\"name\":\"Miguel Herrada\",\"@id\":\"https:\/\/www.celttv.com.ar\/#\/schema\/person\/9059dc91dc7204ef4182cdb65225f07d\"},\"headline\":\"Elecciones 2025: Los n\u00fameros finales del triunfo de Fuerza Patria en el distrito de Tornquist\",\"datePublished\":\"2025-09-08T02:37:06+00:00\",\"dateModified\":\"2025-09-08T02:37:06+00:00\",\"mainEntityOfPage\":{\"@id\":\"https:\/\/www.celttv.com.ar\/index.php\/2025\/09\/07\/elecciones-2025-los-numeros-finales-del-triunfo-de-fuerza-patria-en-el-distrito-de-tornquist\/\"},\"wordCount\":141,\"publisher\":{\"@id\":\"https:\/\/www.celttv.com.ar\/#organization\"},\"articleSection\":[\"Pol\u00edtica\"],\"inLanguage\":\"es\"},{\"@type\":\"WebPage\",\"@id\":\"https:\/\/www.celttv.com.ar\/index.php\/2025\/09\/07\/elecciones-2025-los-numeros-finales-del-triunfo-de-fuerza-patria-en-el-distrito-de-tornquist\/\",\"url\":\"https:\/\/www.celttv.com.ar\/index.php\/2025\/09\/07\/elecciones-2025-los-numeros-finales-del-triunfo-de-fuerza-patria-en-el-distrito-de-tornquist\/\",\"name\":\"Elecciones 2025: Los n\u00fameros finales del triunfo de Fuerza Patria en el distrito de Tornquist - CELTTV\",\"isPartOf\":{\"@id\":\"https:\/\/www.celttv.com.ar\/#website\"},\"datePublished\":\"2025-09-08T02:37:06+00:00\",\"dateModified\":\"2025-09-08T02:37:06+00:00\",\"description\":\"Sitio web de noticias de la localidad de Tornquist, provincia de Buenos Aires, Rep\u00fablica Argentina. Contenido propio originado por periodistas de CELTTV, el canal de TV local de la Cooperativa El\u00e9ctrica de Tornquist. Turismo, Pol\u00edtica, Sociedad, Deporte, Cultura y todo el contenido de inter\u00e9s general que la gente del pueblo y la regi\u00f3n debe conocer.\",\"breadcrumb\":{\"@id\":\"https:\/\/www.celttv.com.ar\/index.php\/2025\/09\/07\/elecciones-2025-los-numeros-finales-del-triunfo-de-fuerza-patria-en-el-distrito-de-tornquist\/#breadcrumb\"},\"inLanguage\":\"es\",\"potentialAction\":[{\"@type\":\"ReadAction\",\"target\":[\"https:\/\/www.celttv.com.ar\/index.php\/2025\/09\/07\/elecciones-2025-los-numeros-finales-del-triunfo-de-fuerza-patria-en-el-distrito-de-tornquist\/\"]}]},{\"@type\":\"BreadcrumbList\",\"@id\":\"https:\/\/www.celttv.com.ar\/index.php\/2025\/09\/07\/elecciones-2025-los-numeros-finales-del-triunfo-de-fuerza-patria-en-el-distrito-de-tornquist\/#breadcrumb\",\"itemListElement\":[{\"@type\":\"ListItem\",\"position\":1,\"name\":\"Inicio\",\"item\":\"https:\/\/www.celttv.com.ar\/\"},{\"@type\":\"ListItem\",\"position\":2,\"name\":\"Elecciones 2025: Los n\u00fameros finales del triunfo de Fuerza Patria en el distrito de Tornquist\"}]},{\"@type\":\"WebSite\",\"@id\":\"https:\/\/www.celttv.com.ar\/#website\",\"url\":\"https:\/\/www.celttv.com.ar\/\",\"name\":\"CELTTV\",\"description\":\"Cooperativa El\u00e9ctrica de Tornquist\",\"publisher\":{\"@id\":\"https:\/\/www.celttv.com.ar\/#organization\"},\"potentialAction\":[{\"@type\":\"SearchAction\",\"target\":{\"@type\":\"EntryPoint\",\"urlTemplate\":\"https:\/\/www.celttv.com.ar\/?s={search_term_string}\"},\"query-input\":\"required name=search_term_string\"}],\"inLanguage\":\"es\"},{\"@type\":\"Organization\",\"@id\":\"https:\/\/www.celttv.com.ar\/#organization\",\"name\":\"CELTTV\",\"url\":\"https:\/\/www.celttv.com.ar\/\",\"sameAs\":[\"https:\/\/www.youtube.com\/channel\/UCz_oIt8Hig64Ub-EmcNPIhg\",\"https:\/\/www.facebook.com\/celtTV\/\"],\"logo\":{\"@type\":\"ImageObject\",\"inLanguage\":\"es\",\"@id\":\"https:\/\/www.celttv.com.ar\/#\/schema\/logo\/image\/\",\"url\":\"http:\/\/www.celttv.com.ar\/wp-content\/uploads\/2022\/08\/logo-1.png\",\"contentUrl\":\"http:\/\/www.celttv.com.ar\/wp-content\/uploads\/2022\/08\/logo-1.png\",\"width\":461,\"height\":159,\"caption\":\"CELTTV\"},\"image\":{\"@id\":\"https:\/\/www.celttv.com.ar\/#\/schema\/logo\/image\/\"}},{\"@type\":\"Person\",\"@id\":\"https:\/\/www.celttv.com.ar\/#\/schema\/person\/9059dc91dc7204ef4182cdb65225f07d\",\"name\":\"Miguel Herrada\",\"image\":{\"@type\":\"ImageObject\",\"inLanguage\":\"es\",\"@id\":\"https:\/\/www.celttv.com.ar\/#\/schema\/person\/image\/\",\"url\":\"https:\/\/secure.gravatar.com\/avatar\/67724d5b3c716623ffd76bec7e45841a442ac3b456e914dbba90b0fad2b8e0b1?s=96&d=mm&r=g\",\"contentUrl\":\"https:\/\/secure.gravatar.com\/avatar\/67724d5b3c716623ffd76bec7e45841a442ac3b456e914dbba90b0fad2b8e0b1?s=96&d=mm&r=g\",\"caption\":\"Miguel Herrada\"}}]}<\/script>\n<!-- \/ Yoast SEO plugin. -->","yoast_head_json":{"title":"Elecciones 2025: Los n\u00fameros finales del triunfo de Fuerza Patria en el distrito de Tornquist - CELTTV","description":"Sitio web de noticias de la localidad de Tornquist, provincia de Buenos Aires, Rep\u00fablica Argentina. Contenido propio originado por periodistas de CELTTV, el canal de TV local de la Cooperativa El\u00e9ctrica de Tornquist. Turismo, Pol\u00edtica, Sociedad, Deporte, Cultura y todo el contenido de inter\u00e9s general que la gente del pueblo y la regi\u00f3n debe conocer.","robots":{"index":"index","follow":"follow","max-snippet":"max-snippet:-1","max-image-preview":"max-image-preview:large","max-video-preview":"max-video-preview:-1"},"canonical":"https:\/\/www.celttv.com.ar\/index.php\/2025\/09\/07\/elecciones-2025-los-numeros-finales-del-triunfo-de-fuerza-patria-en-el-distrito-de-tornquist\/","og_locale":"es_ES","og_type":"article","og_title":"Elecciones 2025: Los n\u00fameros finales del triunfo de Fuerza Patria en el distrito de Tornquist - CELTTV","og_description":"Sitio web de noticias de la localidad de Tornquist, provincia de Buenos Aires, Rep\u00fablica Argentina. Contenido propio originado por periodistas de CELTTV, el canal de TV local de la Cooperativa El\u00e9ctrica de Tornquist. Turismo, Pol\u00edtica, Sociedad, Deporte, Cultura y todo el contenido de inter\u00e9s general que la gente del pueblo y la regi\u00f3n debe conocer.","og_url":"https:\/\/www.celttv.com.ar\/index.php\/2025\/09\/07\/elecciones-2025-los-numeros-finales-del-triunfo-de-fuerza-patria-en-el-distrito-de-tornquist\/","og_site_name":"CELTTV","article_publisher":"https:\/\/www.facebook.com\/celtTV\/","article_published_time":"2025-09-08T02:37:06+00:00","og_image":[{"width":769,"height":523,"url":"https:\/\/www.celttv.com.ar\/wp-content\/uploads\/2025\/09\/DISTRITO.jpg","type":"image\/jpeg"}],"author":"Miguel Herrada","twitter_card":"summary_large_image","twitter_misc":{"Escrito por":"Miguel Herrada","Tiempo de lectura":"1 minuto"},"schema":{"@context":"https:\/\/schema.org","@graph":[{"@type":"NewsArticle","@id":"https:\/\/www.celttv.com.ar\/index.php\/2025\/09\/07\/elecciones-2025-los-numeros-finales-del-triunfo-de-fuerza-patria-en-el-distrito-de-tornquist\/#article","isPartOf":{"@id":"https:\/\/www.celttv.com.ar\/index.php\/2025\/09\/07\/elecciones-2025-los-numeros-finales-del-triunfo-de-fuerza-patria-en-el-distrito-de-tornquist\/"},"author":{"name":"Miguel Herrada","@id":"https:\/\/www.celttv.com.ar\/#\/schema\/person\/9059dc91dc7204ef4182cdb65225f07d"},"headline":"Elecciones 2025: Los n\u00fameros finales del triunfo de Fuerza Patria en el distrito de Tornquist","datePublished":"2025-09-08T02:37:06+00:00","dateModified":"2025-09-08T02:37:06+00:00","mainEntityOfPage":{"@id":"https:\/\/www.celttv.com.ar\/index.php\/2025\/09\/07\/elecciones-2025-los-numeros-finales-del-triunfo-de-fuerza-patria-en-el-distrito-de-tornquist\/"},"wordCount":141,"publisher":{"@id":"https:\/\/www.celttv.com.ar\/#organization"},"articleSection":["Pol\u00edtica"],"inLanguage":"es"},{"@type":"WebPage","@id":"https:\/\/www.celttv.com.ar\/index.php\/2025\/09\/07\/elecciones-2025-los-numeros-finales-del-triunfo-de-fuerza-patria-en-el-distrito-de-tornquist\/","url":"https:\/\/www.celttv.com.ar\/index.php\/2025\/09\/07\/elecciones-2025-los-numeros-finales-del-triunfo-de-fuerza-patria-en-el-distrito-de-tornquist\/","name":"Elecciones 2025: Los n\u00fameros finales del triunfo de Fuerza Patria en el distrito de Tornquist - CELTTV","isPartOf":{"@id":"https:\/\/www.celttv.com.ar\/#website"},"datePublished":"2025-09-08T02:37:06+00:00","dateModified":"2025-09-08T02:37:06+00:00","description":"Sitio web de noticias de la localidad de Tornquist, provincia de Buenos Aires, Rep\u00fablica Argentina. Contenido propio originado por periodistas de CELTTV, el canal de TV local de la Cooperativa El\u00e9ctrica de Tornquist. Turismo, Pol\u00edtica, Sociedad, Deporte, Cultura y todo el contenido de inter\u00e9s general que la gente del pueblo y la regi\u00f3n debe conocer.","breadcrumb":{"@id":"https:\/\/www.celttv.com.ar\/index.php\/2025\/09\/07\/elecciones-2025-los-numeros-finales-del-triunfo-de-fuerza-patria-en-el-distrito-de-tornquist\/#breadcrumb"},"inLanguage":"es","potentialAction":[{"@type":"ReadAction","target":["https:\/\/www.celttv.com.ar\/index.php\/2025\/09\/07\/elecciones-2025-los-numeros-finales-del-triunfo-de-fuerza-patria-en-el-distrito-de-tornquist\/"]}]},{"@type":"BreadcrumbList","@id":"https:\/\/www.celttv.com.ar\/index.php\/2025\/09\/07\/elecciones-2025-los-numeros-finales-del-triunfo-de-fuerza-patria-en-el-distrito-de-tornquist\/#breadcrumb","itemListElement":[{"@type":"ListItem","position":1,"name":"Inicio","item":"https:\/\/www.celttv.com.ar\/"},{"@type":"ListItem","position":2,"name":"Elecciones 2025: Los n\u00fameros finales del triunfo de Fuerza Patria en el distrito de Tornquist"}]},{"@type":"WebSite","@id":"https:\/\/www.celttv.com.ar\/#website","url":"https:\/\/www.celttv.com.ar\/","name":"CELTTV","description":"Cooperativa El\u00e9ctrica de Tornquist","publisher":{"@id":"https:\/\/www.celttv.com.ar\/#organization"},"potentialAction":[{"@type":"SearchAction","target":{"@type":"EntryPoint","urlTemplate":"https:\/\/www.celttv.com.ar\/?s={search_term_string}"},"query-input":"required name=search_term_string"}],"inLanguage":"es"},{"@type":"Organization","@id":"https:\/\/www.celttv.com.ar\/#organization","name":"CELTTV","url":"https:\/\/www.celttv.com.ar\/","sameAs":["https:\/\/www.youtube.com\/channel\/UCz_oIt8Hig64Ub-EmcNPIhg","https:\/\/www.facebook.com\/celtTV\/"],"logo":{"@type":"ImageObject","inLanguage":"es","@id":"https:\/\/www.celttv.com.ar\/#\/schema\/logo\/image\/","url":"http:\/\/www.celttv.com.ar\/wp-content\/uploads\/2022\/08\/logo-1.png","contentUrl":"http:\/\/www.celttv.com.ar\/wp-content\/uploads\/2022\/08\/logo-1.png","width":461,"height":159,"caption":"CELTTV"},"image":{"@id":"https:\/\/www.celttv.com.ar\/#\/schema\/logo\/image\/"}},{"@type":"Person","@id":"https:\/\/www.celttv.com.ar\/#\/schema\/person\/9059dc91dc7204ef4182cdb65225f07d","name":"Miguel Herrada","image":{"@type":"ImageObject","inLanguage":"es","@id":"https:\/\/www.celttv.com.ar\/#\/schema\/person\/image\/","url":"https:\/\/secure.gravatar.com\/avatar\/67724d5b3c716623ffd76bec7e45841a442ac3b456e914dbba90b0fad2b8e0b1?s=96&d=mm&r=g","contentUrl":"https:\/\/secure.gravatar.com\/avatar\/67724d5b3c716623ffd76bec7e45841a442ac3b456e914dbba90b0fad2b8e0b1?s=96&d=mm&r=g","caption":"Miguel Herrada"}}]}},"_links":{"self":[{"href":"https:\/\/www.celttv.com.ar\/index.php\/wp-json\/wp\/v2\/posts\/89738","targetHints":{"allow":["GET"]}}],"collection":[{"href":"https:\/\/www.celttv.com.ar\/index.php\/wp-json\/wp\/v2\/posts"}],"about":[{"href":"https:\/\/www.celttv.com.ar\/index.php\/wp-json\/wp\/v2\/types\/post"}],"author":[{"embeddable":true,"href":"https:\/\/www.celttv.com.ar\/index.php\/wp-json\/wp\/v2\/users\/5"}],"replies":[{"embeddable":true,"href":"https:\/\/www.celttv.com.ar\/index.php\/wp-json\/wp\/v2\/comments?post=89738"}],"version-history":[{"count":2,"href":"https:\/\/www.celttv.com.ar\/index.php\/wp-json\/wp\/v2\/posts\/89738\/revisions"}],"predecessor-version":[{"id":89747,"href":"https:\/\/www.celttv.com.ar\/index.php\/wp-json\/wp\/v2\/posts\/89738\/revisions\/89747"}],"wp:featuredmedia":[{"embeddable":true,"href":"https:\/\/www.celttv.com.ar\/index.php\/wp-json\/wp\/v2\/media\/89739"}],"wp:attachment":[{"href":"https:\/\/www.celttv.com.ar\/index.php\/wp-json\/wp\/v2\/media?parent=89738"}],"wp:term":[{"taxonomy":"category","embeddable":true,"href":"https:\/\/www.celttv.com.ar\/index.php\/wp-json\/wp\/v2\/categories?post=89738"},{"taxonomy":"post_tag","embeddable":true,"href":"https:\/\/www.celttv.com.ar\/index.php\/wp-json\/wp\/v2\/tags?post=89738"}],"curies":[{"name":"wp","href":"https:\/\/api.w.org\/{rel}","templated":true}]}}