{"id":89756,"date":"2025-09-09T12:07:21","date_gmt":"2025-09-09T15:07:21","guid":{"rendered":"https:\/\/www.celttv.com.ar\/?p=89756"},"modified":"2025-09-09T12:07:21","modified_gmt":"2025-09-09T15:07:21","slug":"corte-programado-en-villa-ventana-villa-serrana-la-gruta-un-sector-de-san-andres-de-la-sierra-y-zona-rural","status":"publish","type":"post","link":"https:\/\/www.celttv.com.ar\/index.php\/2025\/09\/09\/corte-programado-en-villa-ventana-villa-serrana-la-gruta-un-sector-de-san-andres-de-la-sierra-y-zona-rural\/","title":{"rendered":"Corte programado en Villa Ventana, Villa Serrana La Gruta, un sector de San Andres de la Sierra y zona rural"},"content":{"rendered":"<p>*Estimados vecinos de Villa Ventana, Villa Serrana la Gruta, parte San Andres de las Sierras y zona rural&#8221;<\/p>\n<p>CELT informa que, por trabajos de mantenimiento programados en linea de media tension y Fibra optica, se realizar\u00e1 un corte de energ\u00eda el d\u00eda 10 de septiembe de 2025 en el siguiente horario: *de 9:00 a 11:00 horas*.<\/p>\n<p>El corte afectar\u00e1 en Villa Ventana, Villa Serrana La Gruta, San Andres de las Sierras de 9 a 10 hs, Villa Ventana continua corte hasta las 11hs<\/p>\n<p>Agradecemos su comprensi\u00f3n y les pedimos tomen las precauciones pertinentes para minimizar inconveniente.<br \/>\nSe realizar\u00e1 si las condiciones climaticas lo permiten.<\/p>\n<p><img loading=\"lazy\" decoding=\"async\" class=\"alignnone size-medium wp-image-89757\" src=\"https:\/\/www.celttv.com.ar\/wp-content\/uploads\/2025\/09\/72712a07-70b5-4f53-81bc-876f2e35ae51-169x300.jpg\" alt=\"\" width=\"169\" height=\"300\" srcset=\"https:\/\/www.celttv.com.ar\/wp-content\/uploads\/2025\/09\/72712a07-70b5-4f53-81bc-876f2e35ae51-169x300.jpg 169w, https:\/\/www.celttv.com.ar\/wp-content\/uploads\/2025\/09\/72712a07-70b5-4f53-81bc-876f2e35ae51-576x1024.jpg 576w, https:\/\/www.celttv.com.ar\/wp-content\/uploads\/2025\/09\/72712a07-70b5-4f53-81bc-876f2e35ae51-768x1366.jpg 768w, https:\/\/www.celttv.com.ar\/wp-content\/uploads\/2025\/09\/72712a07-70b5-4f53-81bc-876f2e35ae51-864x1536.jpg 864w, https:\/\/www.celttv.com.ar\/wp-content\/uploads\/2025\/09\/72712a07-70b5-4f53-81bc-876f2e35ae51-750x1334.jpg 750w, https:\/\/www.celttv.com.ar\/wp-content\/uploads\/2025\/09\/72712a07-70b5-4f53-81bc-876f2e35ae51.jpg 899w\" sizes=\"auto, (max-width: 169px) 100vw, 169px\" \/><\/p>\n","protected":false},"excerpt":{"rendered":"<p>*Estimados vecinos de Villa Ventana, Villa Serrana la Gruta, parte San Andres de las Sierras y zona rural&#8221; CELT informa que, por trabajos de mantenimiento programados en linea de media tension y Fibra optica, se realizar\u00e1 un corte de energ\u00eda el d\u00eda 10 de septiembe de 2025 en el siguiente horario: *de 9:00 a 11:00 [&hellip;]<\/p>\n","protected":false},"author":5,"featured_media":0,"comment_status":"closed","ping_status":"closed","sticky":false,"template":"","format":"standard","meta":{"footnotes":""},"categories":[1],"tags":[],"class_list":["post-89756","post","type-post","status-publish","format-standard","hentry","category-sin-categoria"],"yoast_head":"<!-- This site is optimized with the Yoast SEO plugin v19.7.1 - https:\/\/yoast.com\/wordpress\/plugins\/seo\/ -->\n<title>Corte programado en Villa Ventana, Villa Serrana La Gruta, un sector de San Andres de la Sierra y zona rural - CELTTV<\/title>\n<meta name=\"description\" content=\"Sitio web de noticias de la localidad de Tornquist, provincia de Buenos Aires, Rep\u00fablica Argentina. Contenido propio originado por periodistas de CELTTV, el canal de TV local de la Cooperativa El\u00e9ctrica de Tornquist. Turismo, Pol\u00edtica, Sociedad, Deporte, Cultura y todo el contenido de inter\u00e9s general que la gente del pueblo y la regi\u00f3n debe conocer.\" \/>\n<meta name=\"robots\" content=\"index, follow, max-snippet:-1, max-image-preview:large, max-video-preview:-1\" \/>\n<link rel=\"canonical\" href=\"https:\/\/www.celttv.com.ar\/index.php\/2025\/09\/09\/corte-programado-en-villa-ventana-villa-serrana-la-gruta-un-sector-de-san-andres-de-la-sierra-y-zona-rural\/\" \/>\n<meta property=\"og:locale\" content=\"es_ES\" \/>\n<meta property=\"og:type\" content=\"article\" \/>\n<meta property=\"og:title\" content=\"Corte programado en Villa Ventana, Villa Serrana La Gruta, un sector de San Andres de la Sierra y zona rural - CELTTV\" \/>\n<meta property=\"og:description\" content=\"Sitio web de noticias de la localidad de Tornquist, provincia de Buenos Aires, Rep\u00fablica Argentina. Contenido propio originado por periodistas de CELTTV, el canal de TV local de la Cooperativa El\u00e9ctrica de Tornquist. Turismo, Pol\u00edtica, Sociedad, Deporte, Cultura y todo el contenido de inter\u00e9s general que la gente del pueblo y la regi\u00f3n debe conocer.\" \/>\n<meta property=\"og:url\" content=\"https:\/\/www.celttv.com.ar\/index.php\/2025\/09\/09\/corte-programado-en-villa-ventana-villa-serrana-la-gruta-un-sector-de-san-andres-de-la-sierra-y-zona-rural\/\" \/>\n<meta property=\"og:site_name\" content=\"CELTTV\" \/>\n<meta property=\"article:publisher\" content=\"https:\/\/www.facebook.com\/celtTV\/\" \/>\n<meta property=\"article:published_time\" content=\"2025-09-09T15:07:21+00:00\" \/>\n<meta property=\"og:image\" content=\"https:\/\/www.celttv.com.ar\/wp-content\/uploads\/2025\/09\/72712a07-70b5-4f53-81bc-876f2e35ae51-169x300.jpg\" \/>\n<meta name=\"author\" content=\"Miguel Herrada\" \/>\n<meta name=\"twitter:card\" content=\"summary_large_image\" \/>\n<meta name=\"twitter:label1\" content=\"Escrito por\" \/>\n\t<meta name=\"twitter:data1\" content=\"Miguel Herrada\" \/>\n\t<meta name=\"twitter:label2\" content=\"Tiempo de lectura\" \/>\n\t<meta name=\"twitter:data2\" content=\"1 minuto\" \/>\n<script type=\"application\/ld+json\" class=\"yoast-schema-graph\">{\"@context\":\"https:\/\/schema.org\",\"@graph\":[{\"@type\":\"NewsArticle\",\"@id\":\"https:\/\/www.celttv.com.ar\/index.php\/2025\/09\/09\/corte-programado-en-villa-ventana-villa-serrana-la-gruta-un-sector-de-san-andres-de-la-sierra-y-zona-rural\/#article\",\"isPartOf\":{\"@id\":\"https:\/\/www.celttv.com.ar\/index.php\/2025\/09\/09\/corte-programado-en-villa-ventana-villa-serrana-la-gruta-un-sector-de-san-andres-de-la-sierra-y-zona-rural\/\"},\"author\":{\"name\":\"Miguel Herrada\",\"@id\":\"https:\/\/www.celttv.com.ar\/#\/schema\/person\/9059dc91dc7204ef4182cdb65225f07d\"},\"headline\":\"Corte programado en Villa Ventana, Villa Serrana La Gruta, un sector de San Andres de la Sierra y zona rural\",\"datePublished\":\"2025-09-09T15:07:21+00:00\",\"dateModified\":\"2025-09-09T15:07:21+00:00\",\"mainEntityOfPage\":{\"@id\":\"https:\/\/www.celttv.com.ar\/index.php\/2025\/09\/09\/corte-programado-en-villa-ventana-villa-serrana-la-gruta-un-sector-de-san-andres-de-la-sierra-y-zona-rural\/\"},\"wordCount\":121,\"publisher\":{\"@id\":\"https:\/\/www.celttv.com.ar\/#organization\"},\"inLanguage\":\"es\"},{\"@type\":\"WebPage\",\"@id\":\"https:\/\/www.celttv.com.ar\/index.php\/2025\/09\/09\/corte-programado-en-villa-ventana-villa-serrana-la-gruta-un-sector-de-san-andres-de-la-sierra-y-zona-rural\/\",\"url\":\"https:\/\/www.celttv.com.ar\/index.php\/2025\/09\/09\/corte-programado-en-villa-ventana-villa-serrana-la-gruta-un-sector-de-san-andres-de-la-sierra-y-zona-rural\/\",\"name\":\"Corte programado en Villa Ventana, Villa Serrana La Gruta, un sector de San Andres de la Sierra y zona rural - CELTTV\",\"isPartOf\":{\"@id\":\"https:\/\/www.celttv.com.ar\/#website\"},\"datePublished\":\"2025-09-09T15:07:21+00:00\",\"dateModified\":\"2025-09-09T15:07:21+00:00\",\"description\":\"Sitio web de noticias de la localidad de Tornquist, provincia de Buenos Aires, Rep\u00fablica Argentina. Contenido propio originado por periodistas de CELTTV, el canal de TV local de la Cooperativa El\u00e9ctrica de Tornquist. Turismo, Pol\u00edtica, Sociedad, Deporte, Cultura y todo el contenido de inter\u00e9s general que la gente del pueblo y la regi\u00f3n debe conocer.\",\"breadcrumb\":{\"@id\":\"https:\/\/www.celttv.com.ar\/index.php\/2025\/09\/09\/corte-programado-en-villa-ventana-villa-serrana-la-gruta-un-sector-de-san-andres-de-la-sierra-y-zona-rural\/#breadcrumb\"},\"inLanguage\":\"es\",\"potentialAction\":[{\"@type\":\"ReadAction\",\"target\":[\"https:\/\/www.celttv.com.ar\/index.php\/2025\/09\/09\/corte-programado-en-villa-ventana-villa-serrana-la-gruta-un-sector-de-san-andres-de-la-sierra-y-zona-rural\/\"]}]},{\"@type\":\"BreadcrumbList\",\"@id\":\"https:\/\/www.celttv.com.ar\/index.php\/2025\/09\/09\/corte-programado-en-villa-ventana-villa-serrana-la-gruta-un-sector-de-san-andres-de-la-sierra-y-zona-rural\/#breadcrumb\",\"itemListElement\":[{\"@type\":\"ListItem\",\"position\":1,\"name\":\"Inicio\",\"item\":\"https:\/\/www.celttv.com.ar\/\"},{\"@type\":\"ListItem\",\"position\":2,\"name\":\"Corte programado en Villa Ventana, Villa Serrana La Gruta, un sector de San Andres de la Sierra y zona rural\"}]},{\"@type\":\"WebSite\",\"@id\":\"https:\/\/www.celttv.com.ar\/#website\",\"url\":\"https:\/\/www.celttv.com.ar\/\",\"name\":\"CELTTV\",\"description\":\"Cooperativa El\u00e9ctrica de Tornquist\",\"publisher\":{\"@id\":\"https:\/\/www.celttv.com.ar\/#organization\"},\"potentialAction\":[{\"@type\":\"SearchAction\",\"target\":{\"@type\":\"EntryPoint\",\"urlTemplate\":\"https:\/\/www.celttv.com.ar\/?s={search_term_string}\"},\"query-input\":\"required name=search_term_string\"}],\"inLanguage\":\"es\"},{\"@type\":\"Organization\",\"@id\":\"https:\/\/www.celttv.com.ar\/#organization\",\"name\":\"CELTTV\",\"url\":\"https:\/\/www.celttv.com.ar\/\",\"sameAs\":[\"https:\/\/www.youtube.com\/channel\/UCz_oIt8Hig64Ub-EmcNPIhg\",\"https:\/\/www.facebook.com\/celtTV\/\"],\"logo\":{\"@type\":\"ImageObject\",\"inLanguage\":\"es\",\"@id\":\"https:\/\/www.celttv.com.ar\/#\/schema\/logo\/image\/\",\"url\":\"http:\/\/www.celttv.com.ar\/wp-content\/uploads\/2022\/08\/logo-1.png\",\"contentUrl\":\"http:\/\/www.celttv.com.ar\/wp-content\/uploads\/2022\/08\/logo-1.png\",\"width\":461,\"height\":159,\"caption\":\"CELTTV\"},\"image\":{\"@id\":\"https:\/\/www.celttv.com.ar\/#\/schema\/logo\/image\/\"}},{\"@type\":\"Person\",\"@id\":\"https:\/\/www.celttv.com.ar\/#\/schema\/person\/9059dc91dc7204ef4182cdb65225f07d\",\"name\":\"Miguel Herrada\",\"image\":{\"@type\":\"ImageObject\",\"inLanguage\":\"es\",\"@id\":\"https:\/\/www.celttv.com.ar\/#\/schema\/person\/image\/\",\"url\":\"https:\/\/secure.gravatar.com\/avatar\/67724d5b3c716623ffd76bec7e45841a442ac3b456e914dbba90b0fad2b8e0b1?s=96&d=mm&r=g\",\"contentUrl\":\"https:\/\/secure.gravatar.com\/avatar\/67724d5b3c716623ffd76bec7e45841a442ac3b456e914dbba90b0fad2b8e0b1?s=96&d=mm&r=g\",\"caption\":\"Miguel Herrada\"}}]}<\/script>\n<!-- \/ Yoast SEO plugin. -->","yoast_head_json":{"title":"Corte programado en Villa Ventana, Villa Serrana La Gruta, un sector de San Andres de la Sierra y zona rural - CELTTV","description":"Sitio web de noticias de la localidad de Tornquist, provincia de Buenos Aires, Rep\u00fablica Argentina. Contenido propio originado por periodistas de CELTTV, el canal de TV local de la Cooperativa El\u00e9ctrica de Tornquist. Turismo, Pol\u00edtica, Sociedad, Deporte, Cultura y todo el contenido de inter\u00e9s general que la gente del pueblo y la regi\u00f3n debe conocer.","robots":{"index":"index","follow":"follow","max-snippet":"max-snippet:-1","max-image-preview":"max-image-preview:large","max-video-preview":"max-video-preview:-1"},"canonical":"https:\/\/www.celttv.com.ar\/index.php\/2025\/09\/09\/corte-programado-en-villa-ventana-villa-serrana-la-gruta-un-sector-de-san-andres-de-la-sierra-y-zona-rural\/","og_locale":"es_ES","og_type":"article","og_title":"Corte programado en Villa Ventana, Villa Serrana La Gruta, un sector de San Andres de la Sierra y zona rural - CELTTV","og_description":"Sitio web de noticias de la localidad de Tornquist, provincia de Buenos Aires, Rep\u00fablica Argentina. Contenido propio originado por periodistas de CELTTV, el canal de TV local de la Cooperativa El\u00e9ctrica de Tornquist. Turismo, Pol\u00edtica, Sociedad, Deporte, Cultura y todo el contenido de inter\u00e9s general que la gente del pueblo y la regi\u00f3n debe conocer.","og_url":"https:\/\/www.celttv.com.ar\/index.php\/2025\/09\/09\/corte-programado-en-villa-ventana-villa-serrana-la-gruta-un-sector-de-san-andres-de-la-sierra-y-zona-rural\/","og_site_name":"CELTTV","article_publisher":"https:\/\/www.facebook.com\/celtTV\/","article_published_time":"2025-09-09T15:07:21+00:00","og_image":[{"url":"https:\/\/www.celttv.com.ar\/wp-content\/uploads\/2025\/09\/72712a07-70b5-4f53-81bc-876f2e35ae51-169x300.jpg"}],"author":"Miguel Herrada","twitter_card":"summary_large_image","twitter_misc":{"Escrito por":"Miguel Herrada","Tiempo de lectura":"1 minuto"},"schema":{"@context":"https:\/\/schema.org","@graph":[{"@type":"NewsArticle","@id":"https:\/\/www.celttv.com.ar\/index.php\/2025\/09\/09\/corte-programado-en-villa-ventana-villa-serrana-la-gruta-un-sector-de-san-andres-de-la-sierra-y-zona-rural\/#article","isPartOf":{"@id":"https:\/\/www.celttv.com.ar\/index.php\/2025\/09\/09\/corte-programado-en-villa-ventana-villa-serrana-la-gruta-un-sector-de-san-andres-de-la-sierra-y-zona-rural\/"},"author":{"name":"Miguel Herrada","@id":"https:\/\/www.celttv.com.ar\/#\/schema\/person\/9059dc91dc7204ef4182cdb65225f07d"},"headline":"Corte programado en Villa Ventana, Villa Serrana La Gruta, un sector de San Andres de la Sierra y zona rural","datePublished":"2025-09-09T15:07:21+00:00","dateModified":"2025-09-09T15:07:21+00:00","mainEntityOfPage":{"@id":"https:\/\/www.celttv.com.ar\/index.php\/2025\/09\/09\/corte-programado-en-villa-ventana-villa-serrana-la-gruta-un-sector-de-san-andres-de-la-sierra-y-zona-rural\/"},"wordCount":121,"publisher":{"@id":"https:\/\/www.celttv.com.ar\/#organization"},"inLanguage":"es"},{"@type":"WebPage","@id":"https:\/\/www.celttv.com.ar\/index.php\/2025\/09\/09\/corte-programado-en-villa-ventana-villa-serrana-la-gruta-un-sector-de-san-andres-de-la-sierra-y-zona-rural\/","url":"https:\/\/www.celttv.com.ar\/index.php\/2025\/09\/09\/corte-programado-en-villa-ventana-villa-serrana-la-gruta-un-sector-de-san-andres-de-la-sierra-y-zona-rural\/","name":"Corte programado en Villa Ventana, Villa Serrana La Gruta, un sector de San Andres de la Sierra y zona rural - CELTTV","isPartOf":{"@id":"https:\/\/www.celttv.com.ar\/#website"},"datePublished":"2025-09-09T15:07:21+00:00","dateModified":"2025-09-09T15:07:21+00:00","description":"Sitio web de noticias de la localidad de Tornquist, provincia de Buenos Aires, Rep\u00fablica Argentina. Contenido propio originado por periodistas de CELTTV, el canal de TV local de la Cooperativa El\u00e9ctrica de Tornquist. Turismo, Pol\u00edtica, Sociedad, Deporte, Cultura y todo el contenido de inter\u00e9s general que la gente del pueblo y la regi\u00f3n debe conocer.","breadcrumb":{"@id":"https:\/\/www.celttv.com.ar\/index.php\/2025\/09\/09\/corte-programado-en-villa-ventana-villa-serrana-la-gruta-un-sector-de-san-andres-de-la-sierra-y-zona-rural\/#breadcrumb"},"inLanguage":"es","potentialAction":[{"@type":"ReadAction","target":["https:\/\/www.celttv.com.ar\/index.php\/2025\/09\/09\/corte-programado-en-villa-ventana-villa-serrana-la-gruta-un-sector-de-san-andres-de-la-sierra-y-zona-rural\/"]}]},{"@type":"BreadcrumbList","@id":"https:\/\/www.celttv.com.ar\/index.php\/2025\/09\/09\/corte-programado-en-villa-ventana-villa-serrana-la-gruta-un-sector-de-san-andres-de-la-sierra-y-zona-rural\/#breadcrumb","itemListElement":[{"@type":"ListItem","position":1,"name":"Inicio","item":"https:\/\/www.celttv.com.ar\/"},{"@type":"ListItem","position":2,"name":"Corte programado en Villa Ventana, Villa Serrana La Gruta, un sector de San Andres de la Sierra y zona rural"}]},{"@type":"WebSite","@id":"https:\/\/www.celttv.com.ar\/#website","url":"https:\/\/www.celttv.com.ar\/","name":"CELTTV","description":"Cooperativa El\u00e9ctrica de Tornquist","publisher":{"@id":"https:\/\/www.celttv.com.ar\/#organization"},"potentialAction":[{"@type":"SearchAction","target":{"@type":"EntryPoint","urlTemplate":"https:\/\/www.celttv.com.ar\/?s={search_term_string}"},"query-input":"required name=search_term_string"}],"inLanguage":"es"},{"@type":"Organization","@id":"https:\/\/www.celttv.com.ar\/#organization","name":"CELTTV","url":"https:\/\/www.celttv.com.ar\/","sameAs":["https:\/\/www.youtube.com\/channel\/UCz_oIt8Hig64Ub-EmcNPIhg","https:\/\/www.facebook.com\/celtTV\/"],"logo":{"@type":"ImageObject","inLanguage":"es","@id":"https:\/\/www.celttv.com.ar\/#\/schema\/logo\/image\/","url":"http:\/\/www.celttv.com.ar\/wp-content\/uploads\/2022\/08\/logo-1.png","contentUrl":"http:\/\/www.celttv.com.ar\/wp-content\/uploads\/2022\/08\/logo-1.png","width":461,"height":159,"caption":"CELTTV"},"image":{"@id":"https:\/\/www.celttv.com.ar\/#\/schema\/logo\/image\/"}},{"@type":"Person","@id":"https:\/\/www.celttv.com.ar\/#\/schema\/person\/9059dc91dc7204ef4182cdb65225f07d","name":"Miguel Herrada","image":{"@type":"ImageObject","inLanguage":"es","@id":"https:\/\/www.celttv.com.ar\/#\/schema\/person\/image\/","url":"https:\/\/secure.gravatar.com\/avatar\/67724d5b3c716623ffd76bec7e45841a442ac3b456e914dbba90b0fad2b8e0b1?s=96&d=mm&r=g","contentUrl":"https:\/\/secure.gravatar.com\/avatar\/67724d5b3c716623ffd76bec7e45841a442ac3b456e914dbba90b0fad2b8e0b1?s=96&d=mm&r=g","caption":"Miguel Herrada"}}]}},"_links":{"self":[{"href":"https:\/\/www.celttv.com.ar\/index.php\/wp-json\/wp\/v2\/posts\/89756","targetHints":{"allow":["GET"]}}],"collection":[{"href":"https:\/\/www.celttv.com.ar\/index.php\/wp-json\/wp\/v2\/posts"}],"about":[{"href":"https:\/\/www.celttv.com.ar\/index.php\/wp-json\/wp\/v2\/types\/post"}],"author":[{"embeddable":true,"href":"https:\/\/www.celttv.com.ar\/index.php\/wp-json\/wp\/v2\/users\/5"}],"replies":[{"embeddable":true,"href":"https:\/\/www.celttv.com.ar\/index.php\/wp-json\/wp\/v2\/comments?post=89756"}],"version-history":[{"count":1,"href":"https:\/\/www.celttv.com.ar\/index.php\/wp-json\/wp\/v2\/posts\/89756\/revisions"}],"predecessor-version":[{"id":89758,"href":"https:\/\/www.celttv.com.ar\/index.php\/wp-json\/wp\/v2\/posts\/89756\/revisions\/89758"}],"wp:attachment":[{"href":"https:\/\/www.celttv.com.ar\/index.php\/wp-json\/wp\/v2\/media?parent=89756"}],"wp:term":[{"taxonomy":"category","embeddable":true,"href":"https:\/\/www.celttv.com.ar\/index.php\/wp-json\/wp\/v2\/categories?post=89756"},{"taxonomy":"post_tag","embeddable":true,"href":"https:\/\/www.celttv.com.ar\/index.php\/wp-json\/wp\/v2\/tags?post=89756"}],"curies":[{"name":"wp","href":"https:\/\/api.w.org\/{rel}","templated":true}]}}