{"id":89774,"date":"2025-09-11T23:37:21","date_gmt":"2025-09-12T02:37:21","guid":{"rendered":"https:\/\/www.celttv.com.ar\/?p=89774"},"modified":"2025-09-11T23:37:21","modified_gmt":"2025-09-12T02:37:21","slug":"hcd-expresiones-de-dolor-piden-ser-escuchadas-y-reclaman-por-justicia","status":"publish","type":"post","link":"https:\/\/www.celttv.com.ar\/index.php\/2025\/09\/11\/hcd-expresiones-de-dolor-piden-ser-escuchadas-y-reclaman-por-justicia\/","title":{"rendered":"HCD.: Expresiones de dolor, piden ser escuchadas y reclaman por justicia"},"content":{"rendered":"<p>Familias de Saldungaray estuvieron presentes anoche en la sesi\u00f3n extraordinaria llevada a cabo en el Recinto del Concejo Deliberante.<br \/>\nExpresaron su dolor, luego de las denuncias por abuso contra el ex concejal Mat\u00edas Rojas.<\/p>\n<p>En el recinto se hicieron presentes madres y padres que se mostraron angustiados y devastados por la situaci\u00f3n que est\u00e1n viviendo luego de que sus hijas hablaran con sus progenitores, sobre abusos que habr\u00edan sufrido.<\/p>\n<p>Los concejales, se mostratron muy consternados por lo ocurrido y en cada una de las alocuciones muchos no pudieron contener las l\u00e1grimas por todo lo que significa este tema tan delicado, solicitando el concejal Marzialetti izar la bandera del recinto a media asta, gesto que simboliza el dolor compartido.<\/p>\n<p>Todos los ediles se pusieron a disposici\u00f3n y apoyaron a las familias que viajaron desde Saldungaray.<\/p>\n<p>Una vez concluida la palabra de los concejales, dos mam\u00e1s Dalma y Yanina, solicitaron hablar desde las bancas y expresaron el inmenso dolor que sienten, destacando que quer\u00edan ser escuchados. Solo pidieron que pronto la justicia act\u00fae y que se detenga al ex concejal Mat\u00edas Rojas, luego de conocerse al menos ocho casos con sus denuncias respectivas .<\/p>\n<p>\u201cEsto es totalmente desgarrador, por m\u00e1s que lloremos, gritemos, pataliemos, no se siente lo que sentimos porque es terrible ver el dolor de nuestros hijos, el dolor de otras madres y padres de contener la bronca, la angustia, tratar de sostener todo como bloque y encima no obtener respuestas\u201d<\/p>\n<p>\u201cNecesitabamos ser escuchados y tambi\u00e9n tratar de entender que cada uno denuncica cuando puede, cuando lo siente, somos cuatro madres, m\u00e1s otras dos personas, luchando contra todo esto. Nosotros esperamos justicia, hicimos marchas y seguiremos, porque lo queremos preso.\u201d<\/p>\n<p>\u201cEl est\u00e1 en Bahia Blanca y se declara inocente, pero hay 6 menores y dos adultas y todas las denuncias son penales queremos que pague\u201d manifest\u00f3 Dalma una de las madres.<br \/>\nFuente: NT<\/p>\n<p><iframe loading=\"lazy\" title=\"2025 09 11 HCD 2 LECTURA DECRETO\" width=\"500\" height=\"281\" src=\"https:\/\/www.youtube.com\/embed\/htYPxtneDVw?feature=oembed\" frameborder=\"0\" allow=\"accelerometer; autoplay; clipboard-write; encrypted-media; gyroscope; picture-in-picture; web-share\" referrerpolicy=\"strict-origin-when-cross-origin\" allowfullscreen><\/iframe><\/p>\n<p><iframe loading=\"lazy\" title=\"2025 09 11 HCD 3 YAMILA RAMIREZ\" width=\"500\" height=\"281\" src=\"https:\/\/www.youtube.com\/embed\/4MFWcir6_lQ?feature=oembed\" frameborder=\"0\" allow=\"accelerometer; autoplay; clipboard-write; encrypted-media; gyroscope; picture-in-picture; web-share\" referrerpolicy=\"strict-origin-when-cross-origin\" allowfullscreen><\/iframe><\/p>\n<p><iframe loading=\"lazy\" title=\"2025 09 11 HCD 4 LUIS CASTRO\" width=\"500\" height=\"281\" src=\"https:\/\/www.youtube.com\/embed\/EEj4r3t17HI?feature=oembed\" frameborder=\"0\" allow=\"accelerometer; autoplay; clipboard-write; encrypted-media; gyroscope; picture-in-picture; web-share\" referrerpolicy=\"strict-origin-when-cross-origin\" allowfullscreen><\/iframe><\/p>\n<p><iframe loading=\"lazy\" title=\"2025 09 11 HCD 5 SANDRA KIFER\" width=\"500\" height=\"281\" src=\"https:\/\/www.youtube.com\/embed\/kiMwgjst8ak?feature=oembed\" frameborder=\"0\" allow=\"accelerometer; autoplay; clipboard-write; encrypted-media; gyroscope; picture-in-picture; web-share\" referrerpolicy=\"strict-origin-when-cross-origin\" allowfullscreen><\/iframe><\/p>\n<p><iframe loading=\"lazy\" title=\"2025 09 11 HCD 6 MARCELA GIMENEZ\" width=\"500\" height=\"281\" src=\"https:\/\/www.youtube.com\/embed\/oN_z2I3fbFA?feature=oembed\" frameborder=\"0\" allow=\"accelerometer; autoplay; clipboard-write; encrypted-media; gyroscope; picture-in-picture; web-share\" referrerpolicy=\"strict-origin-when-cross-origin\" allowfullscreen><\/iframe><\/p>\n<p><iframe loading=\"lazy\" title=\"2025 09 11 HCD 7 SUSANA MAARCOLINI\" width=\"500\" height=\"281\" src=\"https:\/\/www.youtube.com\/embed\/ZZ_zzPOayH0?feature=oembed\" frameborder=\"0\" allow=\"accelerometer; autoplay; clipboard-write; encrypted-media; gyroscope; picture-in-picture; web-share\" referrerpolicy=\"strict-origin-when-cross-origin\" allowfullscreen><\/iframe><\/p>\n<p><iframe loading=\"lazy\" title=\"2025 09 11 HCD 8 JUAN CRUZ MARZIALETTI\" width=\"500\" height=\"281\" src=\"https:\/\/www.youtube.com\/embed\/827ZKl2Lm3A?feature=oembed\" frameborder=\"0\" allow=\"accelerometer; autoplay; clipboard-write; encrypted-media; gyroscope; picture-in-picture; web-share\" referrerpolicy=\"strict-origin-when-cross-origin\" allowfullscreen><\/iframe><\/p>\n<p><iframe loading=\"lazy\" title=\"2025 09 11 HCD 9 CECILIA QUIROGA\" width=\"500\" height=\"281\" src=\"https:\/\/www.youtube.com\/embed\/14gaaBVDxYo?feature=oembed\" frameborder=\"0\" allow=\"accelerometer; autoplay; clipboard-write; encrypted-media; gyroscope; picture-in-picture; web-share\" referrerpolicy=\"strict-origin-when-cross-origin\" allowfullscreen><\/iframe><\/p>\n<p><iframe loading=\"lazy\" title=\"2025 09 11 HCD 10 LEANDRO GUERRERO\" width=\"500\" height=\"281\" src=\"https:\/\/www.youtube.com\/embed\/Gkm3JK1BUYM?feature=oembed\" frameborder=\"0\" allow=\"accelerometer; autoplay; clipboard-write; encrypted-media; gyroscope; picture-in-picture; web-share\" referrerpolicy=\"strict-origin-when-cross-origin\" allowfullscreen><\/iframe><\/p>\n<p><iframe loading=\"lazy\" title=\"2025 09 11 HCD 11 JAVIER LLARUL\" width=\"500\" height=\"281\" src=\"https:\/\/www.youtube.com\/embed\/sH5EaQAGEhI?feature=oembed\" frameborder=\"0\" allow=\"accelerometer; autoplay; clipboard-write; encrypted-media; gyroscope; picture-in-picture; web-share\" referrerpolicy=\"strict-origin-when-cross-origin\" allowfullscreen><\/iframe><\/p>\n<p><iframe loading=\"lazy\" title=\"2025 09 11 HCD 12 FACUNDO MARZIALETTI\" width=\"500\" height=\"281\" src=\"https:\/\/www.youtube.com\/embed\/YUvjWr4P7-4?feature=oembed\" frameborder=\"0\" allow=\"accelerometer; autoplay; clipboard-write; encrypted-media; gyroscope; picture-in-picture; web-share\" referrerpolicy=\"strict-origin-when-cross-origin\" allowfullscreen><\/iframe><\/p>\n<p><iframe loading=\"lazy\" title=\"2025 09 11 HCD 13 CARMEN SOVERCHIA\" width=\"500\" height=\"281\" src=\"https:\/\/www.youtube.com\/embed\/Kdi8yCyNde4?feature=oembed\" frameborder=\"0\" allow=\"accelerometer; autoplay; clipboard-write; encrypted-media; gyroscope; picture-in-picture; web-share\" referrerpolicy=\"strict-origin-when-cross-origin\" allowfullscreen><\/iframe><\/p>\n<p><iframe loading=\"lazy\" title=\"2025 09 11 HCD 14 PALABRA DE LAS MADRES DE LAS VICTIMAS\" width=\"500\" height=\"281\" src=\"https:\/\/www.youtube.com\/embed\/K7-F2lOqNUY?feature=oembed\" frameborder=\"0\" allow=\"accelerometer; autoplay; clipboard-write; encrypted-media; gyroscope; picture-in-picture; web-share\" referrerpolicy=\"strict-origin-when-cross-origin\" allowfullscreen><\/iframe><\/p>\n<p><iframe loading=\"lazy\" title=\"2025 09 11 HCD 15 NOTA A DALMA MAMA DE LAS VICTIMAS\" width=\"500\" height=\"281\" src=\"https:\/\/www.youtube.com\/embed\/NZvoTtuoXXw?feature=oembed\" frameborder=\"0\" allow=\"accelerometer; autoplay; clipboard-write; encrypted-media; gyroscope; picture-in-picture; web-share\" referrerpolicy=\"strict-origin-when-cross-origin\" allowfullscreen><\/iframe><\/p>\n","protected":false},"excerpt":{"rendered":"<p>Familias de Saldungaray estuvieron presentes anoche en la sesi\u00f3n extraordinaria llevada a cabo en el Recinto del Concejo Deliberante. Expresaron su dolor, luego de las denuncias por abuso contra el ex concejal Mat\u00edas Rojas. En el recinto se hicieron presentes madres y padres que se mostraron angustiados y devastados por la situaci\u00f3n que est\u00e1n viviendo [&hellip;]<\/p>\n","protected":false},"author":5,"featured_media":89775,"comment_status":"closed","ping_status":"closed","sticky":false,"template":"","format":"standard","meta":{"footnotes":""},"categories":[51],"tags":[],"class_list":["post-89774","post","type-post","status-publish","format-standard","has-post-thumbnail","hentry","category-comunidad"],"yoast_head":"<!-- This site is optimized with the Yoast SEO plugin v19.7.1 - https:\/\/yoast.com\/wordpress\/plugins\/seo\/ -->\n<title>HCD.: Expresiones de dolor, piden ser escuchadas y reclaman por justicia - CELTTV<\/title>\n<meta name=\"description\" content=\"Sitio web de noticias de la localidad de Tornquist, provincia de Buenos Aires, Rep\u00fablica Argentina. Contenido propio originado por periodistas de CELTTV, el canal de TV local de la Cooperativa El\u00e9ctrica de Tornquist. Turismo, Pol\u00edtica, Sociedad, Deporte, Cultura y todo el contenido de inter\u00e9s general que la gente del pueblo y la regi\u00f3n debe conocer.\" \/>\n<meta name=\"robots\" content=\"index, follow, max-snippet:-1, max-image-preview:large, max-video-preview:-1\" \/>\n<link rel=\"canonical\" href=\"https:\/\/www.celttv.com.ar\/index.php\/2025\/09\/11\/hcd-expresiones-de-dolor-piden-ser-escuchadas-y-reclaman-por-justicia\/\" \/>\n<meta property=\"og:locale\" content=\"es_ES\" \/>\n<meta property=\"og:type\" content=\"article\" \/>\n<meta property=\"og:title\" content=\"HCD.: Expresiones de dolor, piden ser escuchadas y reclaman por justicia - CELTTV\" \/>\n<meta property=\"og:description\" content=\"Sitio web de noticias de la localidad de Tornquist, provincia de Buenos Aires, Rep\u00fablica Argentina. Contenido propio originado por periodistas de CELTTV, el canal de TV local de la Cooperativa El\u00e9ctrica de Tornquist. Turismo, Pol\u00edtica, Sociedad, Deporte, Cultura y todo el contenido de inter\u00e9s general que la gente del pueblo y la regi\u00f3n debe conocer.\" \/>\n<meta property=\"og:url\" content=\"https:\/\/www.celttv.com.ar\/index.php\/2025\/09\/11\/hcd-expresiones-de-dolor-piden-ser-escuchadas-y-reclaman-por-justicia\/\" \/>\n<meta property=\"og:site_name\" content=\"CELTTV\" \/>\n<meta property=\"article:publisher\" content=\"https:\/\/www.facebook.com\/celtTV\/\" \/>\n<meta property=\"article:published_time\" content=\"2025-09-12T02:37:21+00:00\" \/>\n<meta property=\"og:image\" content=\"https:\/\/www.celttv.com.ar\/wp-content\/uploads\/2025\/09\/5.jpg\" \/>\n\t<meta property=\"og:image:width\" content=\"2000\" \/>\n\t<meta property=\"og:image:height\" content=\"1422\" \/>\n\t<meta property=\"og:image:type\" content=\"image\/jpeg\" \/>\n<meta name=\"author\" content=\"Miguel Herrada\" \/>\n<meta name=\"twitter:card\" content=\"summary_large_image\" \/>\n<meta name=\"twitter:label1\" content=\"Escrito por\" \/>\n\t<meta name=\"twitter:data1\" content=\"Miguel Herrada\" \/>\n\t<meta name=\"twitter:label2\" content=\"Tiempo de lectura\" \/>\n\t<meta name=\"twitter:data2\" content=\"2 minutos\" \/>\n<script type=\"application\/ld+json\" class=\"yoast-schema-graph\">{\"@context\":\"https:\/\/schema.org\",\"@graph\":[{\"@type\":\"NewsArticle\",\"@id\":\"https:\/\/www.celttv.com.ar\/index.php\/2025\/09\/11\/hcd-expresiones-de-dolor-piden-ser-escuchadas-y-reclaman-por-justicia\/#article\",\"isPartOf\":{\"@id\":\"https:\/\/www.celttv.com.ar\/index.php\/2025\/09\/11\/hcd-expresiones-de-dolor-piden-ser-escuchadas-y-reclaman-por-justicia\/\"},\"author\":{\"name\":\"Miguel Herrada\",\"@id\":\"https:\/\/www.celttv.com.ar\/#\/schema\/person\/9059dc91dc7204ef4182cdb65225f07d\"},\"headline\":\"HCD.: Expresiones de dolor, piden ser escuchadas y reclaman por justicia\",\"datePublished\":\"2025-09-12T02:37:21+00:00\",\"dateModified\":\"2025-09-12T02:37:21+00:00\",\"mainEntityOfPage\":{\"@id\":\"https:\/\/www.celttv.com.ar\/index.php\/2025\/09\/11\/hcd-expresiones-de-dolor-piden-ser-escuchadas-y-reclaman-por-justicia\/\"},\"wordCount\":419,\"publisher\":{\"@id\":\"https:\/\/www.celttv.com.ar\/#organization\"},\"articleSection\":[\"Comunidad\"],\"inLanguage\":\"es\"},{\"@type\":\"WebPage\",\"@id\":\"https:\/\/www.celttv.com.ar\/index.php\/2025\/09\/11\/hcd-expresiones-de-dolor-piden-ser-escuchadas-y-reclaman-por-justicia\/\",\"url\":\"https:\/\/www.celttv.com.ar\/index.php\/2025\/09\/11\/hcd-expresiones-de-dolor-piden-ser-escuchadas-y-reclaman-por-justicia\/\",\"name\":\"HCD.: Expresiones de dolor, piden ser escuchadas y reclaman por justicia - CELTTV\",\"isPartOf\":{\"@id\":\"https:\/\/www.celttv.com.ar\/#website\"},\"datePublished\":\"2025-09-12T02:37:21+00:00\",\"dateModified\":\"2025-09-12T02:37:21+00:00\",\"description\":\"Sitio web de noticias de la localidad de Tornquist, provincia de Buenos Aires, Rep\u00fablica Argentina. Contenido propio originado por periodistas de CELTTV, el canal de TV local de la Cooperativa El\u00e9ctrica de Tornquist. Turismo, Pol\u00edtica, Sociedad, Deporte, Cultura y todo el contenido de inter\u00e9s general que la gente del pueblo y la regi\u00f3n debe conocer.\",\"breadcrumb\":{\"@id\":\"https:\/\/www.celttv.com.ar\/index.php\/2025\/09\/11\/hcd-expresiones-de-dolor-piden-ser-escuchadas-y-reclaman-por-justicia\/#breadcrumb\"},\"inLanguage\":\"es\",\"potentialAction\":[{\"@type\":\"ReadAction\",\"target\":[\"https:\/\/www.celttv.com.ar\/index.php\/2025\/09\/11\/hcd-expresiones-de-dolor-piden-ser-escuchadas-y-reclaman-por-justicia\/\"]}]},{\"@type\":\"BreadcrumbList\",\"@id\":\"https:\/\/www.celttv.com.ar\/index.php\/2025\/09\/11\/hcd-expresiones-de-dolor-piden-ser-escuchadas-y-reclaman-por-justicia\/#breadcrumb\",\"itemListElement\":[{\"@type\":\"ListItem\",\"position\":1,\"name\":\"Inicio\",\"item\":\"https:\/\/www.celttv.com.ar\/\"},{\"@type\":\"ListItem\",\"position\":2,\"name\":\"HCD.: Expresiones de dolor, piden ser escuchadas y reclaman por justicia\"}]},{\"@type\":\"WebSite\",\"@id\":\"https:\/\/www.celttv.com.ar\/#website\",\"url\":\"https:\/\/www.celttv.com.ar\/\",\"name\":\"CELTTV\",\"description\":\"Cooperativa El\u00e9ctrica de Tornquist\",\"publisher\":{\"@id\":\"https:\/\/www.celttv.com.ar\/#organization\"},\"potentialAction\":[{\"@type\":\"SearchAction\",\"target\":{\"@type\":\"EntryPoint\",\"urlTemplate\":\"https:\/\/www.celttv.com.ar\/?s={search_term_string}\"},\"query-input\":\"required name=search_term_string\"}],\"inLanguage\":\"es\"},{\"@type\":\"Organization\",\"@id\":\"https:\/\/www.celttv.com.ar\/#organization\",\"name\":\"CELTTV\",\"url\":\"https:\/\/www.celttv.com.ar\/\",\"sameAs\":[\"https:\/\/www.youtube.com\/channel\/UCz_oIt8Hig64Ub-EmcNPIhg\",\"https:\/\/www.facebook.com\/celtTV\/\"],\"logo\":{\"@type\":\"ImageObject\",\"inLanguage\":\"es\",\"@id\":\"https:\/\/www.celttv.com.ar\/#\/schema\/logo\/image\/\",\"url\":\"http:\/\/www.celttv.com.ar\/wp-content\/uploads\/2022\/08\/logo-1.png\",\"contentUrl\":\"http:\/\/www.celttv.com.ar\/wp-content\/uploads\/2022\/08\/logo-1.png\",\"width\":461,\"height\":159,\"caption\":\"CELTTV\"},\"image\":{\"@id\":\"https:\/\/www.celttv.com.ar\/#\/schema\/logo\/image\/\"}},{\"@type\":\"Person\",\"@id\":\"https:\/\/www.celttv.com.ar\/#\/schema\/person\/9059dc91dc7204ef4182cdb65225f07d\",\"name\":\"Miguel Herrada\",\"image\":{\"@type\":\"ImageObject\",\"inLanguage\":\"es\",\"@id\":\"https:\/\/www.celttv.com.ar\/#\/schema\/person\/image\/\",\"url\":\"https:\/\/secure.gravatar.com\/avatar\/67724d5b3c716623ffd76bec7e45841a442ac3b456e914dbba90b0fad2b8e0b1?s=96&d=mm&r=g\",\"contentUrl\":\"https:\/\/secure.gravatar.com\/avatar\/67724d5b3c716623ffd76bec7e45841a442ac3b456e914dbba90b0fad2b8e0b1?s=96&d=mm&r=g\",\"caption\":\"Miguel Herrada\"}}]}<\/script>\n<!-- \/ Yoast SEO plugin. -->","yoast_head_json":{"title":"HCD.: Expresiones de dolor, piden ser escuchadas y reclaman por justicia - CELTTV","description":"Sitio web de noticias de la localidad de Tornquist, provincia de Buenos Aires, Rep\u00fablica Argentina. Contenido propio originado por periodistas de CELTTV, el canal de TV local de la Cooperativa El\u00e9ctrica de Tornquist. Turismo, Pol\u00edtica, Sociedad, Deporte, Cultura y todo el contenido de inter\u00e9s general que la gente del pueblo y la regi\u00f3n debe conocer.","robots":{"index":"index","follow":"follow","max-snippet":"max-snippet:-1","max-image-preview":"max-image-preview:large","max-video-preview":"max-video-preview:-1"},"canonical":"https:\/\/www.celttv.com.ar\/index.php\/2025\/09\/11\/hcd-expresiones-de-dolor-piden-ser-escuchadas-y-reclaman-por-justicia\/","og_locale":"es_ES","og_type":"article","og_title":"HCD.: Expresiones de dolor, piden ser escuchadas y reclaman por justicia - CELTTV","og_description":"Sitio web de noticias de la localidad de Tornquist, provincia de Buenos Aires, Rep\u00fablica Argentina. Contenido propio originado por periodistas de CELTTV, el canal de TV local de la Cooperativa El\u00e9ctrica de Tornquist. Turismo, Pol\u00edtica, Sociedad, Deporte, Cultura y todo el contenido de inter\u00e9s general que la gente del pueblo y la regi\u00f3n debe conocer.","og_url":"https:\/\/www.celttv.com.ar\/index.php\/2025\/09\/11\/hcd-expresiones-de-dolor-piden-ser-escuchadas-y-reclaman-por-justicia\/","og_site_name":"CELTTV","article_publisher":"https:\/\/www.facebook.com\/celtTV\/","article_published_time":"2025-09-12T02:37:21+00:00","og_image":[{"width":2000,"height":1422,"url":"https:\/\/www.celttv.com.ar\/wp-content\/uploads\/2025\/09\/5.jpg","type":"image\/jpeg"}],"author":"Miguel Herrada","twitter_card":"summary_large_image","twitter_misc":{"Escrito por":"Miguel Herrada","Tiempo de lectura":"2 minutos"},"schema":{"@context":"https:\/\/schema.org","@graph":[{"@type":"NewsArticle","@id":"https:\/\/www.celttv.com.ar\/index.php\/2025\/09\/11\/hcd-expresiones-de-dolor-piden-ser-escuchadas-y-reclaman-por-justicia\/#article","isPartOf":{"@id":"https:\/\/www.celttv.com.ar\/index.php\/2025\/09\/11\/hcd-expresiones-de-dolor-piden-ser-escuchadas-y-reclaman-por-justicia\/"},"author":{"name":"Miguel Herrada","@id":"https:\/\/www.celttv.com.ar\/#\/schema\/person\/9059dc91dc7204ef4182cdb65225f07d"},"headline":"HCD.: Expresiones de dolor, piden ser escuchadas y reclaman por justicia","datePublished":"2025-09-12T02:37:21+00:00","dateModified":"2025-09-12T02:37:21+00:00","mainEntityOfPage":{"@id":"https:\/\/www.celttv.com.ar\/index.php\/2025\/09\/11\/hcd-expresiones-de-dolor-piden-ser-escuchadas-y-reclaman-por-justicia\/"},"wordCount":419,"publisher":{"@id":"https:\/\/www.celttv.com.ar\/#organization"},"articleSection":["Comunidad"],"inLanguage":"es"},{"@type":"WebPage","@id":"https:\/\/www.celttv.com.ar\/index.php\/2025\/09\/11\/hcd-expresiones-de-dolor-piden-ser-escuchadas-y-reclaman-por-justicia\/","url":"https:\/\/www.celttv.com.ar\/index.php\/2025\/09\/11\/hcd-expresiones-de-dolor-piden-ser-escuchadas-y-reclaman-por-justicia\/","name":"HCD.: Expresiones de dolor, piden ser escuchadas y reclaman por justicia - CELTTV","isPartOf":{"@id":"https:\/\/www.celttv.com.ar\/#website"},"datePublished":"2025-09-12T02:37:21+00:00","dateModified":"2025-09-12T02:37:21+00:00","description":"Sitio web de noticias de la localidad de Tornquist, provincia de Buenos Aires, Rep\u00fablica Argentina. Contenido propio originado por periodistas de CELTTV, el canal de TV local de la Cooperativa El\u00e9ctrica de Tornquist. Turismo, Pol\u00edtica, Sociedad, Deporte, Cultura y todo el contenido de inter\u00e9s general que la gente del pueblo y la regi\u00f3n debe conocer.","breadcrumb":{"@id":"https:\/\/www.celttv.com.ar\/index.php\/2025\/09\/11\/hcd-expresiones-de-dolor-piden-ser-escuchadas-y-reclaman-por-justicia\/#breadcrumb"},"inLanguage":"es","potentialAction":[{"@type":"ReadAction","target":["https:\/\/www.celttv.com.ar\/index.php\/2025\/09\/11\/hcd-expresiones-de-dolor-piden-ser-escuchadas-y-reclaman-por-justicia\/"]}]},{"@type":"BreadcrumbList","@id":"https:\/\/www.celttv.com.ar\/index.php\/2025\/09\/11\/hcd-expresiones-de-dolor-piden-ser-escuchadas-y-reclaman-por-justicia\/#breadcrumb","itemListElement":[{"@type":"ListItem","position":1,"name":"Inicio","item":"https:\/\/www.celttv.com.ar\/"},{"@type":"ListItem","position":2,"name":"HCD.: Expresiones de dolor, piden ser escuchadas y reclaman por justicia"}]},{"@type":"WebSite","@id":"https:\/\/www.celttv.com.ar\/#website","url":"https:\/\/www.celttv.com.ar\/","name":"CELTTV","description":"Cooperativa El\u00e9ctrica de Tornquist","publisher":{"@id":"https:\/\/www.celttv.com.ar\/#organization"},"potentialAction":[{"@type":"SearchAction","target":{"@type":"EntryPoint","urlTemplate":"https:\/\/www.celttv.com.ar\/?s={search_term_string}"},"query-input":"required name=search_term_string"}],"inLanguage":"es"},{"@type":"Organization","@id":"https:\/\/www.celttv.com.ar\/#organization","name":"CELTTV","url":"https:\/\/www.celttv.com.ar\/","sameAs":["https:\/\/www.youtube.com\/channel\/UCz_oIt8Hig64Ub-EmcNPIhg","https:\/\/www.facebook.com\/celtTV\/"],"logo":{"@type":"ImageObject","inLanguage":"es","@id":"https:\/\/www.celttv.com.ar\/#\/schema\/logo\/image\/","url":"http:\/\/www.celttv.com.ar\/wp-content\/uploads\/2022\/08\/logo-1.png","contentUrl":"http:\/\/www.celttv.com.ar\/wp-content\/uploads\/2022\/08\/logo-1.png","width":461,"height":159,"caption":"CELTTV"},"image":{"@id":"https:\/\/www.celttv.com.ar\/#\/schema\/logo\/image\/"}},{"@type":"Person","@id":"https:\/\/www.celttv.com.ar\/#\/schema\/person\/9059dc91dc7204ef4182cdb65225f07d","name":"Miguel Herrada","image":{"@type":"ImageObject","inLanguage":"es","@id":"https:\/\/www.celttv.com.ar\/#\/schema\/person\/image\/","url":"https:\/\/secure.gravatar.com\/avatar\/67724d5b3c716623ffd76bec7e45841a442ac3b456e914dbba90b0fad2b8e0b1?s=96&d=mm&r=g","contentUrl":"https:\/\/secure.gravatar.com\/avatar\/67724d5b3c716623ffd76bec7e45841a442ac3b456e914dbba90b0fad2b8e0b1?s=96&d=mm&r=g","caption":"Miguel Herrada"}}]}},"_links":{"self":[{"href":"https:\/\/www.celttv.com.ar\/index.php\/wp-json\/wp\/v2\/posts\/89774","targetHints":{"allow":["GET"]}}],"collection":[{"href":"https:\/\/www.celttv.com.ar\/index.php\/wp-json\/wp\/v2\/posts"}],"about":[{"href":"https:\/\/www.celttv.com.ar\/index.php\/wp-json\/wp\/v2\/types\/post"}],"author":[{"embeddable":true,"href":"https:\/\/www.celttv.com.ar\/index.php\/wp-json\/wp\/v2\/users\/5"}],"replies":[{"embeddable":true,"href":"https:\/\/www.celttv.com.ar\/index.php\/wp-json\/wp\/v2\/comments?post=89774"}],"version-history":[{"count":1,"href":"https:\/\/www.celttv.com.ar\/index.php\/wp-json\/wp\/v2\/posts\/89774\/revisions"}],"predecessor-version":[{"id":89776,"href":"https:\/\/www.celttv.com.ar\/index.php\/wp-json\/wp\/v2\/posts\/89774\/revisions\/89776"}],"wp:featuredmedia":[{"embeddable":true,"href":"https:\/\/www.celttv.com.ar\/index.php\/wp-json\/wp\/v2\/media\/89775"}],"wp:attachment":[{"href":"https:\/\/www.celttv.com.ar\/index.php\/wp-json\/wp\/v2\/media?parent=89774"}],"wp:term":[{"taxonomy":"category","embeddable":true,"href":"https:\/\/www.celttv.com.ar\/index.php\/wp-json\/wp\/v2\/categories?post=89774"},{"taxonomy":"post_tag","embeddable":true,"href":"https:\/\/www.celttv.com.ar\/index.php\/wp-json\/wp\/v2\/tags?post=89774"}],"curies":[{"name":"wp","href":"https:\/\/api.w.org\/{rel}","templated":true}]}}