{"id":89780,"date":"2025-09-12T17:23:04","date_gmt":"2025-09-12T20:23:04","guid":{"rendered":"https:\/\/www.celttv.com.ar\/?p=89780"},"modified":"2025-09-12T17:23:04","modified_gmt":"2025-09-12T20:23:04","slug":"abierto-el-registro-de-oposicion-a-la-obra-de-construccion-de-cordon-cuneta-emergente-badenes-y-pavimentacion","status":"publish","type":"post","link":"https:\/\/www.celttv.com.ar\/index.php\/2025\/09\/12\/abierto-el-registro-de-oposicion-a-la-obra-de-construccion-de-cordon-cuneta-emergente-badenes-y-pavimentacion\/","title":{"rendered":"Abierto el Registro de Oposici\u00f3n a la obra de construcci\u00f3n de cord\u00f3n cuneta, emergente, badenes y pavimentaci\u00f3n"},"content":{"rendered":"<p>Tornquist Municipio informa que, por medio del Decreto 1248\/25, se encuentra abierto,desde este jueves 11, el Registro de Oposici\u00f3n a la Obra de \u201cConstrucci\u00f3n de Cord\u00f3n Cuneta, Emergente, Badenes y Pavimentaci\u00f3n\u201d, por el plazo de diez d\u00edas a todos lospropietarios de inmuebles bald\u00edos o edificados con frente a las siguientes calles yavenidas:<\/p>\n<p><strong>Pavimento en la localidad de Tornquist:<\/strong><\/p>\n<p>Calle Juan de Dios Filiberto entre calle V. Picado y Av. Sarmiento;<\/p>\n<p>Calle Juan de Dios Filiberto entre Av. Sarmiento y calle V. Vergara;<\/p>\n<p>Calle Juan de Dios Filiberto entre calle V. Vergara y calle Espa\u00f1a;<\/p>\n<p>Calle Juan de Dios Filiberto entre calle Espa\u00f1a y Av. Moreno;<\/p>\n<p>&nbsp;<\/p>\n<p><strong>Cord\u00f3n Cuneta en la localidad de Tornquist:<\/strong><\/p>\n<p>Av. General Paz entre calles J.M. de Rosas e Int. Ruppel;<\/p>\n<p>Av. General Paz entre calles Int. Ruppel y C. Col\u00f3n;<\/p>\n<p>Av. General Paz entre calles C. Col\u00f3n y R. Scharff;<\/p>\n<p>Av. General Paz entre calle R. Scharff y Av. Ex Combatientes de Malvinas;<\/p>\n<p>&nbsp;<\/p>\n<p><strong>Cord\u00f3n Cuneta en la localidad de Sierra de la Ventana:<\/strong><\/p>\n<p>Avenida Sarmiento entre Av. Del Libertador Gral. San Mart\u00edn y calle Crnel. Pringles;<\/p>\n<p>Avenida Sarmiento entre calle Crnel. Pringles y calle Cruz del Sur;<\/p>\n<p>Avenida Sarmiento entre calle Cruz del Sur y calle Querand\u00edes.<\/p>\n<p>&nbsp;<\/p>\n<p>Los vecinos frentistas que deseen oponerse a la ejecuci\u00f3n de la obra, deber\u00e1npresentarse en horario de atenci\u00f3n al p\u00fablico y hasta el d\u00eda 24 de septiembre, en laSecretar\u00eda de Obras y Servicios P\u00fablicos, en la localidad de Tornquist y en Sierra de la Ventana, deber\u00e1n dirigirse a la Delegaci\u00f3n Municipal, donde permanecer\u00e1 habilitado el registrocorrespondiente, en el que constar\u00e1n los datos personales del frentista, los datoscatastrales de la parcela y el motivo de la oposici\u00f3n.<\/p>\n","protected":false},"excerpt":{"rendered":"<p>Tornquist Municipio informa que, por medio del Decreto 1248\/25, se encuentra abierto,desde este jueves 11, el Registro de Oposici\u00f3n a la Obra de \u201cConstrucci\u00f3n de Cord\u00f3n Cuneta, Emergente, Badenes y Pavimentaci\u00f3n\u201d, por el plazo de diez d\u00edas a todos lospropietarios de inmuebles bald\u00edos o edificados con frente a las siguientes calles yavenidas: Pavimento en la [&hellip;]<\/p>\n","protected":false},"author":5,"featured_media":80101,"comment_status":"closed","ping_status":"closed","sticky":false,"template":"","format":"standard","meta":{"footnotes":""},"categories":[59],"tags":[],"class_list":["post-89780","post","type-post","status-publish","format-standard","has-post-thumbnail","hentry","category-municipales"],"yoast_head":"<!-- This site is optimized with the Yoast SEO plugin v19.7.1 - https:\/\/yoast.com\/wordpress\/plugins\/seo\/ -->\n<title>Abierto el Registro de Oposici\u00f3n a la obra de construcci\u00f3n de cord\u00f3n cuneta, emergente, badenes y pavimentaci\u00f3n - CELTTV<\/title>\n<meta name=\"description\" content=\"Sitio web de noticias de la localidad de Tornquist, provincia de Buenos Aires, Rep\u00fablica Argentina. Contenido propio originado por periodistas de CELTTV, el canal de TV local de la Cooperativa El\u00e9ctrica de Tornquist. Turismo, Pol\u00edtica, Sociedad, Deporte, Cultura y todo el contenido de inter\u00e9s general que la gente del pueblo y la regi\u00f3n debe conocer.\" \/>\n<meta name=\"robots\" content=\"index, follow, max-snippet:-1, max-image-preview:large, max-video-preview:-1\" \/>\n<link rel=\"canonical\" href=\"https:\/\/www.celttv.com.ar\/index.php\/2025\/09\/12\/abierto-el-registro-de-oposicion-a-la-obra-de-construccion-de-cordon-cuneta-emergente-badenes-y-pavimentacion\/\" \/>\n<meta property=\"og:locale\" content=\"es_ES\" \/>\n<meta property=\"og:type\" content=\"article\" \/>\n<meta property=\"og:title\" content=\"Abierto el Registro de Oposici\u00f3n a la obra de construcci\u00f3n de cord\u00f3n cuneta, emergente, badenes y pavimentaci\u00f3n - CELTTV\" \/>\n<meta property=\"og:description\" content=\"Sitio web de noticias de la localidad de Tornquist, provincia de Buenos Aires, Rep\u00fablica Argentina. Contenido propio originado por periodistas de CELTTV, el canal de TV local de la Cooperativa El\u00e9ctrica de Tornquist. Turismo, Pol\u00edtica, Sociedad, Deporte, Cultura y todo el contenido de inter\u00e9s general que la gente del pueblo y la regi\u00f3n debe conocer.\" \/>\n<meta property=\"og:url\" content=\"https:\/\/www.celttv.com.ar\/index.php\/2025\/09\/12\/abierto-el-registro-de-oposicion-a-la-obra-de-construccion-de-cordon-cuneta-emergente-badenes-y-pavimentacion\/\" \/>\n<meta property=\"og:site_name\" content=\"CELTTV\" \/>\n<meta property=\"article:publisher\" content=\"https:\/\/www.facebook.com\/celtTV\/\" \/>\n<meta property=\"article:published_time\" content=\"2025-09-12T20:23:04+00:00\" \/>\n<meta property=\"og:image\" content=\"https:\/\/www.celttv.com.ar\/wp-content\/uploads\/2023\/11\/Muni.jpg\" \/>\n\t<meta property=\"og:image:width\" content=\"1080\" \/>\n\t<meta property=\"og:image:height\" content=\"810\" \/>\n\t<meta property=\"og:image:type\" content=\"image\/jpeg\" \/>\n<meta name=\"author\" content=\"Miguel Herrada\" \/>\n<meta name=\"twitter:card\" content=\"summary_large_image\" \/>\n<meta name=\"twitter:label1\" content=\"Escrito por\" \/>\n\t<meta name=\"twitter:data1\" content=\"Miguel Herrada\" \/>\n\t<meta name=\"twitter:label2\" content=\"Tiempo de lectura\" \/>\n\t<meta name=\"twitter:data2\" content=\"2 minutos\" \/>\n<script type=\"application\/ld+json\" class=\"yoast-schema-graph\">{\"@context\":\"https:\/\/schema.org\",\"@graph\":[{\"@type\":\"NewsArticle\",\"@id\":\"https:\/\/www.celttv.com.ar\/index.php\/2025\/09\/12\/abierto-el-registro-de-oposicion-a-la-obra-de-construccion-de-cordon-cuneta-emergente-badenes-y-pavimentacion\/#article\",\"isPartOf\":{\"@id\":\"https:\/\/www.celttv.com.ar\/index.php\/2025\/09\/12\/abierto-el-registro-de-oposicion-a-la-obra-de-construccion-de-cordon-cuneta-emergente-badenes-y-pavimentacion\/\"},\"author\":{\"name\":\"Miguel Herrada\",\"@id\":\"https:\/\/www.celttv.com.ar\/#\/schema\/person\/9059dc91dc7204ef4182cdb65225f07d\"},\"headline\":\"Abierto el Registro de Oposici\u00f3n a la obra de construcci\u00f3n de cord\u00f3n cuneta, emergente, badenes y pavimentaci\u00f3n\",\"datePublished\":\"2025-09-12T20:23:04+00:00\",\"dateModified\":\"2025-09-12T20:23:04+00:00\",\"mainEntityOfPage\":{\"@id\":\"https:\/\/www.celttv.com.ar\/index.php\/2025\/09\/12\/abierto-el-registro-de-oposicion-a-la-obra-de-construccion-de-cordon-cuneta-emergente-badenes-y-pavimentacion\/\"},\"wordCount\":323,\"publisher\":{\"@id\":\"https:\/\/www.celttv.com.ar\/#organization\"},\"articleSection\":[\"Municipales\"],\"inLanguage\":\"es\"},{\"@type\":\"WebPage\",\"@id\":\"https:\/\/www.celttv.com.ar\/index.php\/2025\/09\/12\/abierto-el-registro-de-oposicion-a-la-obra-de-construccion-de-cordon-cuneta-emergente-badenes-y-pavimentacion\/\",\"url\":\"https:\/\/www.celttv.com.ar\/index.php\/2025\/09\/12\/abierto-el-registro-de-oposicion-a-la-obra-de-construccion-de-cordon-cuneta-emergente-badenes-y-pavimentacion\/\",\"name\":\"Abierto el Registro de Oposici\u00f3n a la obra de construcci\u00f3n de cord\u00f3n cuneta, emergente, badenes y pavimentaci\u00f3n - CELTTV\",\"isPartOf\":{\"@id\":\"https:\/\/www.celttv.com.ar\/#website\"},\"datePublished\":\"2025-09-12T20:23:04+00:00\",\"dateModified\":\"2025-09-12T20:23:04+00:00\",\"description\":\"Sitio web de noticias de la localidad de Tornquist, provincia de Buenos Aires, Rep\u00fablica Argentina. Contenido propio originado por periodistas de CELTTV, el canal de TV local de la Cooperativa El\u00e9ctrica de Tornquist. Turismo, Pol\u00edtica, Sociedad, Deporte, Cultura y todo el contenido de inter\u00e9s general que la gente del pueblo y la regi\u00f3n debe conocer.\",\"breadcrumb\":{\"@id\":\"https:\/\/www.celttv.com.ar\/index.php\/2025\/09\/12\/abierto-el-registro-de-oposicion-a-la-obra-de-construccion-de-cordon-cuneta-emergente-badenes-y-pavimentacion\/#breadcrumb\"},\"inLanguage\":\"es\",\"potentialAction\":[{\"@type\":\"ReadAction\",\"target\":[\"https:\/\/www.celttv.com.ar\/index.php\/2025\/09\/12\/abierto-el-registro-de-oposicion-a-la-obra-de-construccion-de-cordon-cuneta-emergente-badenes-y-pavimentacion\/\"]}]},{\"@type\":\"BreadcrumbList\",\"@id\":\"https:\/\/www.celttv.com.ar\/index.php\/2025\/09\/12\/abierto-el-registro-de-oposicion-a-la-obra-de-construccion-de-cordon-cuneta-emergente-badenes-y-pavimentacion\/#breadcrumb\",\"itemListElement\":[{\"@type\":\"ListItem\",\"position\":1,\"name\":\"Inicio\",\"item\":\"https:\/\/www.celttv.com.ar\/\"},{\"@type\":\"ListItem\",\"position\":2,\"name\":\"Abierto el Registro de Oposici\u00f3n a la obra de construcci\u00f3n de cord\u00f3n cuneta, emergente, badenes y pavimentaci\u00f3n\"}]},{\"@type\":\"WebSite\",\"@id\":\"https:\/\/www.celttv.com.ar\/#website\",\"url\":\"https:\/\/www.celttv.com.ar\/\",\"name\":\"CELTTV\",\"description\":\"Cooperativa El\u00e9ctrica de Tornquist\",\"publisher\":{\"@id\":\"https:\/\/www.celttv.com.ar\/#organization\"},\"potentialAction\":[{\"@type\":\"SearchAction\",\"target\":{\"@type\":\"EntryPoint\",\"urlTemplate\":\"https:\/\/www.celttv.com.ar\/?s={search_term_string}\"},\"query-input\":\"required name=search_term_string\"}],\"inLanguage\":\"es\"},{\"@type\":\"Organization\",\"@id\":\"https:\/\/www.celttv.com.ar\/#organization\",\"name\":\"CELTTV\",\"url\":\"https:\/\/www.celttv.com.ar\/\",\"sameAs\":[\"https:\/\/www.youtube.com\/channel\/UCz_oIt8Hig64Ub-EmcNPIhg\",\"https:\/\/www.facebook.com\/celtTV\/\"],\"logo\":{\"@type\":\"ImageObject\",\"inLanguage\":\"es\",\"@id\":\"https:\/\/www.celttv.com.ar\/#\/schema\/logo\/image\/\",\"url\":\"http:\/\/www.celttv.com.ar\/wp-content\/uploads\/2022\/08\/logo-1.png\",\"contentUrl\":\"http:\/\/www.celttv.com.ar\/wp-content\/uploads\/2022\/08\/logo-1.png\",\"width\":461,\"height\":159,\"caption\":\"CELTTV\"},\"image\":{\"@id\":\"https:\/\/www.celttv.com.ar\/#\/schema\/logo\/image\/\"}},{\"@type\":\"Person\",\"@id\":\"https:\/\/www.celttv.com.ar\/#\/schema\/person\/9059dc91dc7204ef4182cdb65225f07d\",\"name\":\"Miguel Herrada\",\"image\":{\"@type\":\"ImageObject\",\"inLanguage\":\"es\",\"@id\":\"https:\/\/www.celttv.com.ar\/#\/schema\/person\/image\/\",\"url\":\"https:\/\/secure.gravatar.com\/avatar\/67724d5b3c716623ffd76bec7e45841a442ac3b456e914dbba90b0fad2b8e0b1?s=96&d=mm&r=g\",\"contentUrl\":\"https:\/\/secure.gravatar.com\/avatar\/67724d5b3c716623ffd76bec7e45841a442ac3b456e914dbba90b0fad2b8e0b1?s=96&d=mm&r=g\",\"caption\":\"Miguel Herrada\"}}]}<\/script>\n<!-- \/ Yoast SEO plugin. -->","yoast_head_json":{"title":"Abierto el Registro de Oposici\u00f3n a la obra de construcci\u00f3n de cord\u00f3n cuneta, emergente, badenes y pavimentaci\u00f3n - CELTTV","description":"Sitio web de noticias de la localidad de Tornquist, provincia de Buenos Aires, Rep\u00fablica Argentina. Contenido propio originado por periodistas de CELTTV, el canal de TV local de la Cooperativa El\u00e9ctrica de Tornquist. Turismo, Pol\u00edtica, Sociedad, Deporte, Cultura y todo el contenido de inter\u00e9s general que la gente del pueblo y la regi\u00f3n debe conocer.","robots":{"index":"index","follow":"follow","max-snippet":"max-snippet:-1","max-image-preview":"max-image-preview:large","max-video-preview":"max-video-preview:-1"},"canonical":"https:\/\/www.celttv.com.ar\/index.php\/2025\/09\/12\/abierto-el-registro-de-oposicion-a-la-obra-de-construccion-de-cordon-cuneta-emergente-badenes-y-pavimentacion\/","og_locale":"es_ES","og_type":"article","og_title":"Abierto el Registro de Oposici\u00f3n a la obra de construcci\u00f3n de cord\u00f3n cuneta, emergente, badenes y pavimentaci\u00f3n - CELTTV","og_description":"Sitio web de noticias de la localidad de Tornquist, provincia de Buenos Aires, Rep\u00fablica Argentina. Contenido propio originado por periodistas de CELTTV, el canal de TV local de la Cooperativa El\u00e9ctrica de Tornquist. Turismo, Pol\u00edtica, Sociedad, Deporte, Cultura y todo el contenido de inter\u00e9s general que la gente del pueblo y la regi\u00f3n debe conocer.","og_url":"https:\/\/www.celttv.com.ar\/index.php\/2025\/09\/12\/abierto-el-registro-de-oposicion-a-la-obra-de-construccion-de-cordon-cuneta-emergente-badenes-y-pavimentacion\/","og_site_name":"CELTTV","article_publisher":"https:\/\/www.facebook.com\/celtTV\/","article_published_time":"2025-09-12T20:23:04+00:00","og_image":[{"width":1080,"height":810,"url":"https:\/\/www.celttv.com.ar\/wp-content\/uploads\/2023\/11\/Muni.jpg","type":"image\/jpeg"}],"author":"Miguel Herrada","twitter_card":"summary_large_image","twitter_misc":{"Escrito por":"Miguel Herrada","Tiempo de lectura":"2 minutos"},"schema":{"@context":"https:\/\/schema.org","@graph":[{"@type":"NewsArticle","@id":"https:\/\/www.celttv.com.ar\/index.php\/2025\/09\/12\/abierto-el-registro-de-oposicion-a-la-obra-de-construccion-de-cordon-cuneta-emergente-badenes-y-pavimentacion\/#article","isPartOf":{"@id":"https:\/\/www.celttv.com.ar\/index.php\/2025\/09\/12\/abierto-el-registro-de-oposicion-a-la-obra-de-construccion-de-cordon-cuneta-emergente-badenes-y-pavimentacion\/"},"author":{"name":"Miguel Herrada","@id":"https:\/\/www.celttv.com.ar\/#\/schema\/person\/9059dc91dc7204ef4182cdb65225f07d"},"headline":"Abierto el Registro de Oposici\u00f3n a la obra de construcci\u00f3n de cord\u00f3n cuneta, emergente, badenes y pavimentaci\u00f3n","datePublished":"2025-09-12T20:23:04+00:00","dateModified":"2025-09-12T20:23:04+00:00","mainEntityOfPage":{"@id":"https:\/\/www.celttv.com.ar\/index.php\/2025\/09\/12\/abierto-el-registro-de-oposicion-a-la-obra-de-construccion-de-cordon-cuneta-emergente-badenes-y-pavimentacion\/"},"wordCount":323,"publisher":{"@id":"https:\/\/www.celttv.com.ar\/#organization"},"articleSection":["Municipales"],"inLanguage":"es"},{"@type":"WebPage","@id":"https:\/\/www.celttv.com.ar\/index.php\/2025\/09\/12\/abierto-el-registro-de-oposicion-a-la-obra-de-construccion-de-cordon-cuneta-emergente-badenes-y-pavimentacion\/","url":"https:\/\/www.celttv.com.ar\/index.php\/2025\/09\/12\/abierto-el-registro-de-oposicion-a-la-obra-de-construccion-de-cordon-cuneta-emergente-badenes-y-pavimentacion\/","name":"Abierto el Registro de Oposici\u00f3n a la obra de construcci\u00f3n de cord\u00f3n cuneta, emergente, badenes y pavimentaci\u00f3n - CELTTV","isPartOf":{"@id":"https:\/\/www.celttv.com.ar\/#website"},"datePublished":"2025-09-12T20:23:04+00:00","dateModified":"2025-09-12T20:23:04+00:00","description":"Sitio web de noticias de la localidad de Tornquist, provincia de Buenos Aires, Rep\u00fablica Argentina. Contenido propio originado por periodistas de CELTTV, el canal de TV local de la Cooperativa El\u00e9ctrica de Tornquist. Turismo, Pol\u00edtica, Sociedad, Deporte, Cultura y todo el contenido de inter\u00e9s general que la gente del pueblo y la regi\u00f3n debe conocer.","breadcrumb":{"@id":"https:\/\/www.celttv.com.ar\/index.php\/2025\/09\/12\/abierto-el-registro-de-oposicion-a-la-obra-de-construccion-de-cordon-cuneta-emergente-badenes-y-pavimentacion\/#breadcrumb"},"inLanguage":"es","potentialAction":[{"@type":"ReadAction","target":["https:\/\/www.celttv.com.ar\/index.php\/2025\/09\/12\/abierto-el-registro-de-oposicion-a-la-obra-de-construccion-de-cordon-cuneta-emergente-badenes-y-pavimentacion\/"]}]},{"@type":"BreadcrumbList","@id":"https:\/\/www.celttv.com.ar\/index.php\/2025\/09\/12\/abierto-el-registro-de-oposicion-a-la-obra-de-construccion-de-cordon-cuneta-emergente-badenes-y-pavimentacion\/#breadcrumb","itemListElement":[{"@type":"ListItem","position":1,"name":"Inicio","item":"https:\/\/www.celttv.com.ar\/"},{"@type":"ListItem","position":2,"name":"Abierto el Registro de Oposici\u00f3n a la obra de construcci\u00f3n de cord\u00f3n cuneta, emergente, badenes y pavimentaci\u00f3n"}]},{"@type":"WebSite","@id":"https:\/\/www.celttv.com.ar\/#website","url":"https:\/\/www.celttv.com.ar\/","name":"CELTTV","description":"Cooperativa El\u00e9ctrica de Tornquist","publisher":{"@id":"https:\/\/www.celttv.com.ar\/#organization"},"potentialAction":[{"@type":"SearchAction","target":{"@type":"EntryPoint","urlTemplate":"https:\/\/www.celttv.com.ar\/?s={search_term_string}"},"query-input":"required name=search_term_string"}],"inLanguage":"es"},{"@type":"Organization","@id":"https:\/\/www.celttv.com.ar\/#organization","name":"CELTTV","url":"https:\/\/www.celttv.com.ar\/","sameAs":["https:\/\/www.youtube.com\/channel\/UCz_oIt8Hig64Ub-EmcNPIhg","https:\/\/www.facebook.com\/celtTV\/"],"logo":{"@type":"ImageObject","inLanguage":"es","@id":"https:\/\/www.celttv.com.ar\/#\/schema\/logo\/image\/","url":"http:\/\/www.celttv.com.ar\/wp-content\/uploads\/2022\/08\/logo-1.png","contentUrl":"http:\/\/www.celttv.com.ar\/wp-content\/uploads\/2022\/08\/logo-1.png","width":461,"height":159,"caption":"CELTTV"},"image":{"@id":"https:\/\/www.celttv.com.ar\/#\/schema\/logo\/image\/"}},{"@type":"Person","@id":"https:\/\/www.celttv.com.ar\/#\/schema\/person\/9059dc91dc7204ef4182cdb65225f07d","name":"Miguel Herrada","image":{"@type":"ImageObject","inLanguage":"es","@id":"https:\/\/www.celttv.com.ar\/#\/schema\/person\/image\/","url":"https:\/\/secure.gravatar.com\/avatar\/67724d5b3c716623ffd76bec7e45841a442ac3b456e914dbba90b0fad2b8e0b1?s=96&d=mm&r=g","contentUrl":"https:\/\/secure.gravatar.com\/avatar\/67724d5b3c716623ffd76bec7e45841a442ac3b456e914dbba90b0fad2b8e0b1?s=96&d=mm&r=g","caption":"Miguel Herrada"}}]}},"_links":{"self":[{"href":"https:\/\/www.celttv.com.ar\/index.php\/wp-json\/wp\/v2\/posts\/89780","targetHints":{"allow":["GET"]}}],"collection":[{"href":"https:\/\/www.celttv.com.ar\/index.php\/wp-json\/wp\/v2\/posts"}],"about":[{"href":"https:\/\/www.celttv.com.ar\/index.php\/wp-json\/wp\/v2\/types\/post"}],"author":[{"embeddable":true,"href":"https:\/\/www.celttv.com.ar\/index.php\/wp-json\/wp\/v2\/users\/5"}],"replies":[{"embeddable":true,"href":"https:\/\/www.celttv.com.ar\/index.php\/wp-json\/wp\/v2\/comments?post=89780"}],"version-history":[{"count":1,"href":"https:\/\/www.celttv.com.ar\/index.php\/wp-json\/wp\/v2\/posts\/89780\/revisions"}],"predecessor-version":[{"id":89781,"href":"https:\/\/www.celttv.com.ar\/index.php\/wp-json\/wp\/v2\/posts\/89780\/revisions\/89781"}],"wp:featuredmedia":[{"embeddable":true,"href":"https:\/\/www.celttv.com.ar\/index.php\/wp-json\/wp\/v2\/media\/80101"}],"wp:attachment":[{"href":"https:\/\/www.celttv.com.ar\/index.php\/wp-json\/wp\/v2\/media?parent=89780"}],"wp:term":[{"taxonomy":"category","embeddable":true,"href":"https:\/\/www.celttv.com.ar\/index.php\/wp-json\/wp\/v2\/categories?post=89780"},{"taxonomy":"post_tag","embeddable":true,"href":"https:\/\/www.celttv.com.ar\/index.php\/wp-json\/wp\/v2\/tags?post=89780"}],"curies":[{"name":"wp","href":"https:\/\/api.w.org\/{rel}","templated":true}]}}