{"id":89848,"date":"2025-09-19T21:04:54","date_gmt":"2025-09-20T00:04:54","guid":{"rendered":"https:\/\/www.celttv.com.ar\/?p=89848"},"modified":"2025-09-19T21:04:54","modified_gmt":"2025-09-20T00:04:54","slug":"emilio-scotto-el-viajero-en-motocicleta-mas-grande-de-la-historia","status":"publish","type":"post","link":"https:\/\/www.celttv.com.ar\/index.php\/2025\/09\/19\/emilio-scotto-el-viajero-en-motocicleta-mas-grande-de-la-historia\/","title":{"rendered":"Emilio Scotto: El viajero en motocicleta m\u00e1s grande de la historia\u00a0"},"content":{"rendered":"<p><iframe loading=\"lazy\" title=\"2025 09 18 MAGAZINE SPORT   EMILIO SCOTTO   EL VIAJE EN MOTO MAS LARGO DE LA HISTORIA 1\" width=\"500\" height=\"281\" src=\"https:\/\/www.youtube.com\/embed\/PDHlW5KxaMY?feature=oembed\" frameborder=\"0\" allow=\"accelerometer; autoplay; clipboard-write; encrypted-media; gyroscope; picture-in-picture; web-share\" referrerpolicy=\"strict-origin-when-cross-origin\" allowfullscreen><\/iframe><\/p>\n<div>\n<div dir=\"ltr\">Emilio Scotto: El viajero en motocicleta m\u00e1s grande de la historia<\/div>\n<div dir=\"ltr\"><\/div>\n<div dir=\"ltr\">Frases como &#8220;dar la vuelta al mundo&#8221; o &#8220;viajar a la luna&#8221;, seguramente la hemos escuchado en m\u00e1s de una oportunidad y en infinidad de contextos.<\/div>\n<div dir=\"ltr\"><\/div>\n<div dir=\"ltr\">El argentino Emilio Scotto, hizo realidad ese sue\u00f1o recorriendo el mundo junto a la &#8220;Princesa Negra&#8221; (su moto Honda Gold Wing), un binomio que recorri\u00f3 -en el t\u00e9rmino de 10 a\u00f1os ininterrumpidos- m\u00e1s de 270 pa\u00edses y 735.000 km (la distancia ida y vuelta de la tierra a la luna)<\/div>\n<div dir=\"ltr\"><\/div>\n<div dir=\"ltr\">La aventura comenz\u00f3 en enero de 1985 y culmin\u00f3 el 2 de abril de 1995, donde Emilio no s\u00f3lo conoci\u00f3 lugares incre\u00edbles, sino que tambi\u00e9n aprendi\u00f3 a hablar cinco idiomas, fue secuestrado y torturado en Liberia, presencio terremotos, estuvo con can\u00edbales en \u00c1frica, le dispararon en la guerra de Somalia y casi muere de malaria en el Congo, por citar algunos de los tantos momentos que vivi\u00f3 a bordo de la &#8220;Princesa Negra&#8221;.<\/div>\n<div dir=\"ltr\"><\/div>\n<div dir=\"ltr\">En 1997, su haza\u00f1a recibi\u00f3 un reconocimiento mundial cuando el Libro de R\u00e9cords Guinness lo nombr\u00f3 como &#8220;El m\u00e1s grande viajero de la historia en motocicleta&#8221;, tras recorrer m\u00e1s de 735.000 km.<\/div>\n<div dir=\"ltr\"><\/div>\n<div dir=\"ltr\">En su trayecto, conoci\u00f3 grandes personalidades de la pol\u00edtica, la cultura, el deporte y la religi\u00f3n.<\/div>\n<div dir=\"ltr\"><\/div>\n<div dir=\"ltr\">Mohamed Al\u00ed y Diego Maradona colaboraron econ\u00f3micamente con Emilio durante su recorrida por Estados Unidos e Italia, respectivamente. A su vez, estuvo mano a mano con el Papa Juan Pablo II, quien lo bendijo durante su paso por el Vaticano.<\/div>\n<div dir=\"ltr\"><\/div>\n<div dir=\"ltr\">En una charla distendida, Emilio estuvo como invitado especial del programa Magazine Sport, donde su relato permiti\u00f3 recrear momentos extraordinarios de su vuelta al mundo en moto.<\/div>\n<div class=\"yj6qo\"><\/div>\n<div class=\"adL\" dir=\"ltr\"><\/div>\n<\/div>\n<div class=\"adL\"><\/div>\n","protected":false},"excerpt":{"rendered":"<p>Emilio Scotto: El viajero en motocicleta m\u00e1s grande de la historia Frases como &#8220;dar la vuelta al mundo&#8221; o &#8220;viajar a la luna&#8221;, seguramente la hemos escuchado en m\u00e1s de una oportunidad y en infinidad de contextos. El argentino Emilio Scotto, hizo realidad ese sue\u00f1o recorriendo el mundo junto a la &#8220;Princesa Negra&#8221; (su moto [&hellip;]<\/p>\n","protected":false},"author":5,"featured_media":89849,"comment_status":"closed","ping_status":"closed","sticky":false,"template":"","format":"standard","meta":{"footnotes":""},"categories":[63],"tags":[],"class_list":["post-89848","post","type-post","status-publish","format-standard","has-post-thumbnail","hentry","category-magazine-sport"],"yoast_head":"<!-- This site is optimized with the Yoast SEO plugin v19.7.1 - https:\/\/yoast.com\/wordpress\/plugins\/seo\/ -->\n<title>Emilio Scotto: El viajero en motocicleta m\u00e1s grande de la historia\u00a0 - CELTTV<\/title>\n<meta name=\"description\" content=\"Sitio web de noticias de la localidad de Tornquist, provincia de Buenos Aires, Rep\u00fablica Argentina. Contenido propio originado por periodistas de CELTTV, el canal de TV local de la Cooperativa El\u00e9ctrica de Tornquist. Turismo, Pol\u00edtica, Sociedad, Deporte, Cultura y todo el contenido de inter\u00e9s general que la gente del pueblo y la regi\u00f3n debe conocer.\" \/>\n<meta name=\"robots\" content=\"index, follow, max-snippet:-1, max-image-preview:large, max-video-preview:-1\" \/>\n<link rel=\"canonical\" href=\"https:\/\/www.celttv.com.ar\/index.php\/2025\/09\/19\/emilio-scotto-el-viajero-en-motocicleta-mas-grande-de-la-historia\/\" \/>\n<meta property=\"og:locale\" content=\"es_ES\" \/>\n<meta property=\"og:type\" content=\"article\" \/>\n<meta property=\"og:title\" content=\"Emilio Scotto: El viajero en motocicleta m\u00e1s grande de la historia\u00a0 - CELTTV\" \/>\n<meta property=\"og:description\" content=\"Sitio web de noticias de la localidad de Tornquist, provincia de Buenos Aires, Rep\u00fablica Argentina. Contenido propio originado por periodistas de CELTTV, el canal de TV local de la Cooperativa El\u00e9ctrica de Tornquist. Turismo, Pol\u00edtica, Sociedad, Deporte, Cultura y todo el contenido de inter\u00e9s general que la gente del pueblo y la regi\u00f3n debe conocer.\" \/>\n<meta property=\"og:url\" content=\"https:\/\/www.celttv.com.ar\/index.php\/2025\/09\/19\/emilio-scotto-el-viajero-en-motocicleta-mas-grande-de-la-historia\/\" \/>\n<meta property=\"og:site_name\" content=\"CELTTV\" \/>\n<meta property=\"article:publisher\" content=\"https:\/\/www.facebook.com\/celtTV\/\" \/>\n<meta property=\"article:published_time\" content=\"2025-09-20T00:04:54+00:00\" \/>\n<meta property=\"og:image\" content=\"https:\/\/www.celttv.com.ar\/wp-content\/uploads\/2025\/09\/SCOTTO.jpg\" \/>\n\t<meta property=\"og:image:width\" content=\"800\" \/>\n\t<meta property=\"og:image:height\" content=\"452\" \/>\n\t<meta property=\"og:image:type\" content=\"image\/jpeg\" \/>\n<meta name=\"author\" content=\"Miguel Herrada\" \/>\n<meta name=\"twitter:card\" content=\"summary_large_image\" \/>\n<meta name=\"twitter:label1\" content=\"Escrito por\" \/>\n\t<meta name=\"twitter:data1\" content=\"Miguel Herrada\" \/>\n\t<meta name=\"twitter:label2\" content=\"Tiempo de lectura\" \/>\n\t<meta name=\"twitter:data2\" content=\"1 minuto\" \/>\n<script type=\"application\/ld+json\" class=\"yoast-schema-graph\">{\"@context\":\"https:\/\/schema.org\",\"@graph\":[{\"@type\":\"NewsArticle\",\"@id\":\"https:\/\/www.celttv.com.ar\/index.php\/2025\/09\/19\/emilio-scotto-el-viajero-en-motocicleta-mas-grande-de-la-historia\/#article\",\"isPartOf\":{\"@id\":\"https:\/\/www.celttv.com.ar\/index.php\/2025\/09\/19\/emilio-scotto-el-viajero-en-motocicleta-mas-grande-de-la-historia\/\"},\"author\":{\"name\":\"Miguel Herrada\",\"@id\":\"https:\/\/www.celttv.com.ar\/#\/schema\/person\/9059dc91dc7204ef4182cdb65225f07d\"},\"headline\":\"Emilio Scotto: El viajero en motocicleta m\u00e1s grande de la historia\u00a0\",\"datePublished\":\"2025-09-20T00:04:54+00:00\",\"dateModified\":\"2025-09-20T00:04:54+00:00\",\"mainEntityOfPage\":{\"@id\":\"https:\/\/www.celttv.com.ar\/index.php\/2025\/09\/19\/emilio-scotto-el-viajero-en-motocicleta-mas-grande-de-la-historia\/\"},\"wordCount\":302,\"publisher\":{\"@id\":\"https:\/\/www.celttv.com.ar\/#organization\"},\"articleSection\":[\"Magazine Sport\"],\"inLanguage\":\"es\"},{\"@type\":\"WebPage\",\"@id\":\"https:\/\/www.celttv.com.ar\/index.php\/2025\/09\/19\/emilio-scotto-el-viajero-en-motocicleta-mas-grande-de-la-historia\/\",\"url\":\"https:\/\/www.celttv.com.ar\/index.php\/2025\/09\/19\/emilio-scotto-el-viajero-en-motocicleta-mas-grande-de-la-historia\/\",\"name\":\"Emilio Scotto: El viajero en motocicleta m\u00e1s grande de la historia\u00a0 - CELTTV\",\"isPartOf\":{\"@id\":\"https:\/\/www.celttv.com.ar\/#website\"},\"datePublished\":\"2025-09-20T00:04:54+00:00\",\"dateModified\":\"2025-09-20T00:04:54+00:00\",\"description\":\"Sitio web de noticias de la localidad de Tornquist, provincia de Buenos Aires, Rep\u00fablica Argentina. Contenido propio originado por periodistas de CELTTV, el canal de TV local de la Cooperativa El\u00e9ctrica de Tornquist. Turismo, Pol\u00edtica, Sociedad, Deporte, Cultura y todo el contenido de inter\u00e9s general que la gente del pueblo y la regi\u00f3n debe conocer.\",\"breadcrumb\":{\"@id\":\"https:\/\/www.celttv.com.ar\/index.php\/2025\/09\/19\/emilio-scotto-el-viajero-en-motocicleta-mas-grande-de-la-historia\/#breadcrumb\"},\"inLanguage\":\"es\",\"potentialAction\":[{\"@type\":\"ReadAction\",\"target\":[\"https:\/\/www.celttv.com.ar\/index.php\/2025\/09\/19\/emilio-scotto-el-viajero-en-motocicleta-mas-grande-de-la-historia\/\"]}]},{\"@type\":\"BreadcrumbList\",\"@id\":\"https:\/\/www.celttv.com.ar\/index.php\/2025\/09\/19\/emilio-scotto-el-viajero-en-motocicleta-mas-grande-de-la-historia\/#breadcrumb\",\"itemListElement\":[{\"@type\":\"ListItem\",\"position\":1,\"name\":\"Inicio\",\"item\":\"https:\/\/www.celttv.com.ar\/\"},{\"@type\":\"ListItem\",\"position\":2,\"name\":\"Emilio Scotto: El viajero en motocicleta m\u00e1s grande de la historia\u00a0\"}]},{\"@type\":\"WebSite\",\"@id\":\"https:\/\/www.celttv.com.ar\/#website\",\"url\":\"https:\/\/www.celttv.com.ar\/\",\"name\":\"CELTTV\",\"description\":\"Cooperativa El\u00e9ctrica de Tornquist\",\"publisher\":{\"@id\":\"https:\/\/www.celttv.com.ar\/#organization\"},\"potentialAction\":[{\"@type\":\"SearchAction\",\"target\":{\"@type\":\"EntryPoint\",\"urlTemplate\":\"https:\/\/www.celttv.com.ar\/?s={search_term_string}\"},\"query-input\":\"required name=search_term_string\"}],\"inLanguage\":\"es\"},{\"@type\":\"Organization\",\"@id\":\"https:\/\/www.celttv.com.ar\/#organization\",\"name\":\"CELTTV\",\"url\":\"https:\/\/www.celttv.com.ar\/\",\"sameAs\":[\"https:\/\/www.youtube.com\/channel\/UCz_oIt8Hig64Ub-EmcNPIhg\",\"https:\/\/www.facebook.com\/celtTV\/\"],\"logo\":{\"@type\":\"ImageObject\",\"inLanguage\":\"es\",\"@id\":\"https:\/\/www.celttv.com.ar\/#\/schema\/logo\/image\/\",\"url\":\"http:\/\/www.celttv.com.ar\/wp-content\/uploads\/2022\/08\/logo-1.png\",\"contentUrl\":\"http:\/\/www.celttv.com.ar\/wp-content\/uploads\/2022\/08\/logo-1.png\",\"width\":461,\"height\":159,\"caption\":\"CELTTV\"},\"image\":{\"@id\":\"https:\/\/www.celttv.com.ar\/#\/schema\/logo\/image\/\"}},{\"@type\":\"Person\",\"@id\":\"https:\/\/www.celttv.com.ar\/#\/schema\/person\/9059dc91dc7204ef4182cdb65225f07d\",\"name\":\"Miguel Herrada\",\"image\":{\"@type\":\"ImageObject\",\"inLanguage\":\"es\",\"@id\":\"https:\/\/www.celttv.com.ar\/#\/schema\/person\/image\/\",\"url\":\"https:\/\/secure.gravatar.com\/avatar\/67724d5b3c716623ffd76bec7e45841a442ac3b456e914dbba90b0fad2b8e0b1?s=96&d=mm&r=g\",\"contentUrl\":\"https:\/\/secure.gravatar.com\/avatar\/67724d5b3c716623ffd76bec7e45841a442ac3b456e914dbba90b0fad2b8e0b1?s=96&d=mm&r=g\",\"caption\":\"Miguel Herrada\"}}]}<\/script>\n<!-- \/ Yoast SEO plugin. -->","yoast_head_json":{"title":"Emilio Scotto: El viajero en motocicleta m\u00e1s grande de la historia\u00a0 - CELTTV","description":"Sitio web de noticias de la localidad de Tornquist, provincia de Buenos Aires, Rep\u00fablica Argentina. Contenido propio originado por periodistas de CELTTV, el canal de TV local de la Cooperativa El\u00e9ctrica de Tornquist. Turismo, Pol\u00edtica, Sociedad, Deporte, Cultura y todo el contenido de inter\u00e9s general que la gente del pueblo y la regi\u00f3n debe conocer.","robots":{"index":"index","follow":"follow","max-snippet":"max-snippet:-1","max-image-preview":"max-image-preview:large","max-video-preview":"max-video-preview:-1"},"canonical":"https:\/\/www.celttv.com.ar\/index.php\/2025\/09\/19\/emilio-scotto-el-viajero-en-motocicleta-mas-grande-de-la-historia\/","og_locale":"es_ES","og_type":"article","og_title":"Emilio Scotto: El viajero en motocicleta m\u00e1s grande de la historia\u00a0 - CELTTV","og_description":"Sitio web de noticias de la localidad de Tornquist, provincia de Buenos Aires, Rep\u00fablica Argentina. Contenido propio originado por periodistas de CELTTV, el canal de TV local de la Cooperativa El\u00e9ctrica de Tornquist. Turismo, Pol\u00edtica, Sociedad, Deporte, Cultura y todo el contenido de inter\u00e9s general que la gente del pueblo y la regi\u00f3n debe conocer.","og_url":"https:\/\/www.celttv.com.ar\/index.php\/2025\/09\/19\/emilio-scotto-el-viajero-en-motocicleta-mas-grande-de-la-historia\/","og_site_name":"CELTTV","article_publisher":"https:\/\/www.facebook.com\/celtTV\/","article_published_time":"2025-09-20T00:04:54+00:00","og_image":[{"width":800,"height":452,"url":"https:\/\/www.celttv.com.ar\/wp-content\/uploads\/2025\/09\/SCOTTO.jpg","type":"image\/jpeg"}],"author":"Miguel Herrada","twitter_card":"summary_large_image","twitter_misc":{"Escrito por":"Miguel Herrada","Tiempo de lectura":"1 minuto"},"schema":{"@context":"https:\/\/schema.org","@graph":[{"@type":"NewsArticle","@id":"https:\/\/www.celttv.com.ar\/index.php\/2025\/09\/19\/emilio-scotto-el-viajero-en-motocicleta-mas-grande-de-la-historia\/#article","isPartOf":{"@id":"https:\/\/www.celttv.com.ar\/index.php\/2025\/09\/19\/emilio-scotto-el-viajero-en-motocicleta-mas-grande-de-la-historia\/"},"author":{"name":"Miguel Herrada","@id":"https:\/\/www.celttv.com.ar\/#\/schema\/person\/9059dc91dc7204ef4182cdb65225f07d"},"headline":"Emilio Scotto: El viajero en motocicleta m\u00e1s grande de la historia\u00a0","datePublished":"2025-09-20T00:04:54+00:00","dateModified":"2025-09-20T00:04:54+00:00","mainEntityOfPage":{"@id":"https:\/\/www.celttv.com.ar\/index.php\/2025\/09\/19\/emilio-scotto-el-viajero-en-motocicleta-mas-grande-de-la-historia\/"},"wordCount":302,"publisher":{"@id":"https:\/\/www.celttv.com.ar\/#organization"},"articleSection":["Magazine Sport"],"inLanguage":"es"},{"@type":"WebPage","@id":"https:\/\/www.celttv.com.ar\/index.php\/2025\/09\/19\/emilio-scotto-el-viajero-en-motocicleta-mas-grande-de-la-historia\/","url":"https:\/\/www.celttv.com.ar\/index.php\/2025\/09\/19\/emilio-scotto-el-viajero-en-motocicleta-mas-grande-de-la-historia\/","name":"Emilio Scotto: El viajero en motocicleta m\u00e1s grande de la historia\u00a0 - CELTTV","isPartOf":{"@id":"https:\/\/www.celttv.com.ar\/#website"},"datePublished":"2025-09-20T00:04:54+00:00","dateModified":"2025-09-20T00:04:54+00:00","description":"Sitio web de noticias de la localidad de Tornquist, provincia de Buenos Aires, Rep\u00fablica Argentina. Contenido propio originado por periodistas de CELTTV, el canal de TV local de la Cooperativa El\u00e9ctrica de Tornquist. Turismo, Pol\u00edtica, Sociedad, Deporte, Cultura y todo el contenido de inter\u00e9s general que la gente del pueblo y la regi\u00f3n debe conocer.","breadcrumb":{"@id":"https:\/\/www.celttv.com.ar\/index.php\/2025\/09\/19\/emilio-scotto-el-viajero-en-motocicleta-mas-grande-de-la-historia\/#breadcrumb"},"inLanguage":"es","potentialAction":[{"@type":"ReadAction","target":["https:\/\/www.celttv.com.ar\/index.php\/2025\/09\/19\/emilio-scotto-el-viajero-en-motocicleta-mas-grande-de-la-historia\/"]}]},{"@type":"BreadcrumbList","@id":"https:\/\/www.celttv.com.ar\/index.php\/2025\/09\/19\/emilio-scotto-el-viajero-en-motocicleta-mas-grande-de-la-historia\/#breadcrumb","itemListElement":[{"@type":"ListItem","position":1,"name":"Inicio","item":"https:\/\/www.celttv.com.ar\/"},{"@type":"ListItem","position":2,"name":"Emilio Scotto: El viajero en motocicleta m\u00e1s grande de la historia\u00a0"}]},{"@type":"WebSite","@id":"https:\/\/www.celttv.com.ar\/#website","url":"https:\/\/www.celttv.com.ar\/","name":"CELTTV","description":"Cooperativa El\u00e9ctrica de Tornquist","publisher":{"@id":"https:\/\/www.celttv.com.ar\/#organization"},"potentialAction":[{"@type":"SearchAction","target":{"@type":"EntryPoint","urlTemplate":"https:\/\/www.celttv.com.ar\/?s={search_term_string}"},"query-input":"required name=search_term_string"}],"inLanguage":"es"},{"@type":"Organization","@id":"https:\/\/www.celttv.com.ar\/#organization","name":"CELTTV","url":"https:\/\/www.celttv.com.ar\/","sameAs":["https:\/\/www.youtube.com\/channel\/UCz_oIt8Hig64Ub-EmcNPIhg","https:\/\/www.facebook.com\/celtTV\/"],"logo":{"@type":"ImageObject","inLanguage":"es","@id":"https:\/\/www.celttv.com.ar\/#\/schema\/logo\/image\/","url":"http:\/\/www.celttv.com.ar\/wp-content\/uploads\/2022\/08\/logo-1.png","contentUrl":"http:\/\/www.celttv.com.ar\/wp-content\/uploads\/2022\/08\/logo-1.png","width":461,"height":159,"caption":"CELTTV"},"image":{"@id":"https:\/\/www.celttv.com.ar\/#\/schema\/logo\/image\/"}},{"@type":"Person","@id":"https:\/\/www.celttv.com.ar\/#\/schema\/person\/9059dc91dc7204ef4182cdb65225f07d","name":"Miguel Herrada","image":{"@type":"ImageObject","inLanguage":"es","@id":"https:\/\/www.celttv.com.ar\/#\/schema\/person\/image\/","url":"https:\/\/secure.gravatar.com\/avatar\/67724d5b3c716623ffd76bec7e45841a442ac3b456e914dbba90b0fad2b8e0b1?s=96&d=mm&r=g","contentUrl":"https:\/\/secure.gravatar.com\/avatar\/67724d5b3c716623ffd76bec7e45841a442ac3b456e914dbba90b0fad2b8e0b1?s=96&d=mm&r=g","caption":"Miguel Herrada"}}]}},"_links":{"self":[{"href":"https:\/\/www.celttv.com.ar\/index.php\/wp-json\/wp\/v2\/posts\/89848","targetHints":{"allow":["GET"]}}],"collection":[{"href":"https:\/\/www.celttv.com.ar\/index.php\/wp-json\/wp\/v2\/posts"}],"about":[{"href":"https:\/\/www.celttv.com.ar\/index.php\/wp-json\/wp\/v2\/types\/post"}],"author":[{"embeddable":true,"href":"https:\/\/www.celttv.com.ar\/index.php\/wp-json\/wp\/v2\/users\/5"}],"replies":[{"embeddable":true,"href":"https:\/\/www.celttv.com.ar\/index.php\/wp-json\/wp\/v2\/comments?post=89848"}],"version-history":[{"count":1,"href":"https:\/\/www.celttv.com.ar\/index.php\/wp-json\/wp\/v2\/posts\/89848\/revisions"}],"predecessor-version":[{"id":89850,"href":"https:\/\/www.celttv.com.ar\/index.php\/wp-json\/wp\/v2\/posts\/89848\/revisions\/89850"}],"wp:featuredmedia":[{"embeddable":true,"href":"https:\/\/www.celttv.com.ar\/index.php\/wp-json\/wp\/v2\/media\/89849"}],"wp:attachment":[{"href":"https:\/\/www.celttv.com.ar\/index.php\/wp-json\/wp\/v2\/media?parent=89848"}],"wp:term":[{"taxonomy":"category","embeddable":true,"href":"https:\/\/www.celttv.com.ar\/index.php\/wp-json\/wp\/v2\/categories?post=89848"},{"taxonomy":"post_tag","embeddable":true,"href":"https:\/\/www.celttv.com.ar\/index.php\/wp-json\/wp\/v2\/tags?post=89848"}],"curies":[{"name":"wp","href":"https:\/\/api.w.org\/{rel}","templated":true}]}}