{"id":89921,"date":"2025-09-29T20:22:24","date_gmt":"2025-09-29T23:22:24","guid":{"rendered":"https:\/\/www.celttv.com.ar\/?p=89921"},"modified":"2025-09-29T20:22:24","modified_gmt":"2025-09-29T23:22:24","slug":"barbara-hernandez-en-la-vida-hay-que-marcarse-objetivos-y-luego-dar-la-mejor-version-de-uno-para-intentarlo","status":"publish","type":"post","link":"https:\/\/www.celttv.com.ar\/index.php\/2025\/09\/29\/barbara-hernandez-en-la-vida-hay-que-marcarse-objetivos-y-luego-dar-la-mejor-version-de-uno-para-intentarlo\/","title":{"rendered":"B\u00e1rbara Hern\u00e1ndez: &#8220;En la vida hay que marcarse objetivos y luego dar la mejor versi\u00f3n de uno para intentarlo&#8221;\u00a0\u00a0"},"content":{"rendered":"<p><iframe loading=\"lazy\" title=\"2025 09 24 NOTA A BARBARA HERNANDEZ\" width=\"500\" height=\"281\" src=\"https:\/\/www.youtube.com\/embed\/6wcPus1Hcd0?feature=oembed\" frameborder=\"0\" allow=\"accelerometer; autoplay; clipboard-write; encrypted-media; gyroscope; picture-in-picture; web-share\" referrerpolicy=\"strict-origin-when-cross-origin\" allowfullscreen><\/iframe><\/p>\n<div dir=\"ltr\"><b>B\u00e1rbara Hern\u00e1ndez: &#8220;En la vida hay que marcarse objetivos y luego dar la mejor versi\u00f3n de uno para intentarlo&#8221;\u00a0\u00a0<\/b><\/div>\n<div dir=\"ltr\"><\/div>\n<div dir=\"ltr\">La nadadora de aguas g\u00e9lidas, B\u00e1rbara &#8220;Sirena de Hielo&#8221; Hern\u00e1ndez, contin\u00faa haciendo historia sumando su cuarto Records Guinness.<\/div>\n<div dir=\"ltr\"><\/div>\n<div dir=\"ltr\">Recientemente, B\u00e1rbara logr\u00f3 un nuevo record mundial al nada 3.84 kil\u00f3metros en el Canal Se\u00f1oret en Puerto Natales, enfrentando temperaturas del agua de 4.5\u00b0C.<\/div>\n<div dir=\"ltr\"><\/div>\n<div dir=\"ltr\">A pesar de sufrir hipotermia severa, complet\u00f3 la haza\u00f1a en una hora, seis minutos y quince segundos, convirti\u00e9ndose en la primer mujer en realizar este desaf\u00edo en tales condiciones extremas.<\/div>\n<div dir=\"ltr\"><\/div>\n<div dir=\"ltr\">Tras lograr un nuevo record mundial, B\u00e1rbara estuvo en el programa MAGAZINE SPORT, que se emite todos los mi\u00e9rcoles a las 21 hs. por Canal 2 CELTTV, donde cont\u00f3 c\u00f3mo fue dicho desaf\u00edo y, a su vez, adelant\u00f3 como contin\u00faa su agenda de nuevas aventuras en las aguas m\u00e1s g\u00e9lidas del planeta.<\/div>\n<div dir=\"ltr\"><\/div>\n","protected":false},"excerpt":{"rendered":"<p>B\u00e1rbara Hern\u00e1ndez: &#8220;En la vida hay que marcarse objetivos y luego dar la mejor versi\u00f3n de uno para intentarlo&#8221;\u00a0\u00a0 La nadadora de aguas g\u00e9lidas, B\u00e1rbara &#8220;Sirena de Hielo&#8221; Hern\u00e1ndez, contin\u00faa haciendo historia sumando su cuarto Records Guinness. Recientemente, B\u00e1rbara logr\u00f3 un nuevo record mundial al nada 3.84 kil\u00f3metros en el Canal Se\u00f1oret en Puerto Natales, [&hellip;]<\/p>\n","protected":false},"author":5,"featured_media":89922,"comment_status":"closed","ping_status":"closed","sticky":false,"template":"","format":"standard","meta":{"footnotes":""},"categories":[60,63],"tags":[],"class_list":["post-89921","post","type-post","status-publish","format-standard","has-post-thumbnail","hentry","category-deporte","category-magazine-sport"],"yoast_head":"<!-- This site is optimized with the Yoast SEO plugin v19.7.1 - https:\/\/yoast.com\/wordpress\/plugins\/seo\/ -->\n<title>B\u00e1rbara Hern\u00e1ndez: &quot;En la vida hay que marcarse objetivos y luego dar la mejor versi\u00f3n de uno para intentarlo&quot;\u00a0\u00a0 - CELTTV<\/title>\n<meta name=\"description\" content=\"Sitio web de noticias de la localidad de Tornquist, provincia de Buenos Aires, Rep\u00fablica Argentina. Contenido propio originado por periodistas de CELTTV, el canal de TV local de la Cooperativa El\u00e9ctrica de Tornquist. Turismo, Pol\u00edtica, Sociedad, Deporte, Cultura y todo el contenido de inter\u00e9s general que la gente del pueblo y la regi\u00f3n debe conocer.\" \/>\n<meta name=\"robots\" content=\"index, follow, max-snippet:-1, max-image-preview:large, max-video-preview:-1\" \/>\n<link rel=\"canonical\" href=\"https:\/\/www.celttv.com.ar\/index.php\/2025\/09\/29\/barbara-hernandez-en-la-vida-hay-que-marcarse-objetivos-y-luego-dar-la-mejor-version-de-uno-para-intentarlo\/\" \/>\n<meta property=\"og:locale\" content=\"es_ES\" \/>\n<meta property=\"og:type\" content=\"article\" \/>\n<meta property=\"og:title\" content=\"B\u00e1rbara Hern\u00e1ndez: &quot;En la vida hay que marcarse objetivos y luego dar la mejor versi\u00f3n de uno para intentarlo&quot;\u00a0\u00a0 - CELTTV\" \/>\n<meta property=\"og:description\" content=\"Sitio web de noticias de la localidad de Tornquist, provincia de Buenos Aires, Rep\u00fablica Argentina. Contenido propio originado por periodistas de CELTTV, el canal de TV local de la Cooperativa El\u00e9ctrica de Tornquist. Turismo, Pol\u00edtica, Sociedad, Deporte, Cultura y todo el contenido de inter\u00e9s general que la gente del pueblo y la regi\u00f3n debe conocer.\" \/>\n<meta property=\"og:url\" content=\"https:\/\/www.celttv.com.ar\/index.php\/2025\/09\/29\/barbara-hernandez-en-la-vida-hay-que-marcarse-objetivos-y-luego-dar-la-mejor-version-de-uno-para-intentarlo\/\" \/>\n<meta property=\"og:site_name\" content=\"CELTTV\" \/>\n<meta property=\"article:publisher\" content=\"https:\/\/www.facebook.com\/celtTV\/\" \/>\n<meta property=\"article:published_time\" content=\"2025-09-29T23:22:24+00:00\" \/>\n<meta property=\"og:image\" content=\"https:\/\/www.celttv.com.ar\/wp-content\/uploads\/2025\/09\/BARBARA-HERNANDEZ.jpg\" \/>\n\t<meta property=\"og:image:width\" content=\"910\" \/>\n\t<meta property=\"og:image:height\" content=\"566\" \/>\n\t<meta property=\"og:image:type\" content=\"image\/jpeg\" \/>\n<meta name=\"author\" content=\"Miguel Herrada\" \/>\n<meta name=\"twitter:card\" content=\"summary_large_image\" \/>\n<meta name=\"twitter:label1\" content=\"Escrito por\" \/>\n\t<meta name=\"twitter:data1\" content=\"Miguel Herrada\" \/>\n\t<meta name=\"twitter:label2\" content=\"Tiempo de lectura\" \/>\n\t<meta name=\"twitter:data2\" content=\"1 minuto\" \/>\n<script type=\"application\/ld+json\" class=\"yoast-schema-graph\">{\"@context\":\"https:\/\/schema.org\",\"@graph\":[{\"@type\":\"NewsArticle\",\"@id\":\"https:\/\/www.celttv.com.ar\/index.php\/2025\/09\/29\/barbara-hernandez-en-la-vida-hay-que-marcarse-objetivos-y-luego-dar-la-mejor-version-de-uno-para-intentarlo\/#article\",\"isPartOf\":{\"@id\":\"https:\/\/www.celttv.com.ar\/index.php\/2025\/09\/29\/barbara-hernandez-en-la-vida-hay-que-marcarse-objetivos-y-luego-dar-la-mejor-version-de-uno-para-intentarlo\/\"},\"author\":{\"name\":\"Miguel Herrada\",\"@id\":\"https:\/\/www.celttv.com.ar\/#\/schema\/person\/9059dc91dc7204ef4182cdb65225f07d\"},\"headline\":\"B\u00e1rbara Hern\u00e1ndez: &#8220;En la vida hay que marcarse objetivos y luego dar la mejor versi\u00f3n de uno para intentarlo&#8221;\u00a0\u00a0\",\"datePublished\":\"2025-09-29T23:22:24+00:00\",\"dateModified\":\"2025-09-29T23:22:24+00:00\",\"mainEntityOfPage\":{\"@id\":\"https:\/\/www.celttv.com.ar\/index.php\/2025\/09\/29\/barbara-hernandez-en-la-vida-hay-que-marcarse-objetivos-y-luego-dar-la-mejor-version-de-uno-para-intentarlo\/\"},\"wordCount\":187,\"publisher\":{\"@id\":\"https:\/\/www.celttv.com.ar\/#organization\"},\"articleSection\":[\"Deporte\",\"Magazine Sport\"],\"inLanguage\":\"es\"},{\"@type\":\"WebPage\",\"@id\":\"https:\/\/www.celttv.com.ar\/index.php\/2025\/09\/29\/barbara-hernandez-en-la-vida-hay-que-marcarse-objetivos-y-luego-dar-la-mejor-version-de-uno-para-intentarlo\/\",\"url\":\"https:\/\/www.celttv.com.ar\/index.php\/2025\/09\/29\/barbara-hernandez-en-la-vida-hay-que-marcarse-objetivos-y-luego-dar-la-mejor-version-de-uno-para-intentarlo\/\",\"name\":\"B\u00e1rbara Hern\u00e1ndez: \\\"En la vida hay que marcarse objetivos y luego dar la mejor versi\u00f3n de uno para intentarlo\\\"\u00a0\u00a0 - CELTTV\",\"isPartOf\":{\"@id\":\"https:\/\/www.celttv.com.ar\/#website\"},\"datePublished\":\"2025-09-29T23:22:24+00:00\",\"dateModified\":\"2025-09-29T23:22:24+00:00\",\"description\":\"Sitio web de noticias de la localidad de Tornquist, provincia de Buenos Aires, Rep\u00fablica Argentina. Contenido propio originado por periodistas de CELTTV, el canal de TV local de la Cooperativa El\u00e9ctrica de Tornquist. Turismo, Pol\u00edtica, Sociedad, Deporte, Cultura y todo el contenido de inter\u00e9s general que la gente del pueblo y la regi\u00f3n debe conocer.\",\"breadcrumb\":{\"@id\":\"https:\/\/www.celttv.com.ar\/index.php\/2025\/09\/29\/barbara-hernandez-en-la-vida-hay-que-marcarse-objetivos-y-luego-dar-la-mejor-version-de-uno-para-intentarlo\/#breadcrumb\"},\"inLanguage\":\"es\",\"potentialAction\":[{\"@type\":\"ReadAction\",\"target\":[\"https:\/\/www.celttv.com.ar\/index.php\/2025\/09\/29\/barbara-hernandez-en-la-vida-hay-que-marcarse-objetivos-y-luego-dar-la-mejor-version-de-uno-para-intentarlo\/\"]}]},{\"@type\":\"BreadcrumbList\",\"@id\":\"https:\/\/www.celttv.com.ar\/index.php\/2025\/09\/29\/barbara-hernandez-en-la-vida-hay-que-marcarse-objetivos-y-luego-dar-la-mejor-version-de-uno-para-intentarlo\/#breadcrumb\",\"itemListElement\":[{\"@type\":\"ListItem\",\"position\":1,\"name\":\"Inicio\",\"item\":\"https:\/\/www.celttv.com.ar\/\"},{\"@type\":\"ListItem\",\"position\":2,\"name\":\"B\u00e1rbara Hern\u00e1ndez: &#8220;En la vida hay que marcarse objetivos y luego dar la mejor versi\u00f3n de uno para intentarlo&#8221;\u00a0\u00a0\"}]},{\"@type\":\"WebSite\",\"@id\":\"https:\/\/www.celttv.com.ar\/#website\",\"url\":\"https:\/\/www.celttv.com.ar\/\",\"name\":\"CELTTV\",\"description\":\"Cooperativa El\u00e9ctrica de Tornquist\",\"publisher\":{\"@id\":\"https:\/\/www.celttv.com.ar\/#organization\"},\"potentialAction\":[{\"@type\":\"SearchAction\",\"target\":{\"@type\":\"EntryPoint\",\"urlTemplate\":\"https:\/\/www.celttv.com.ar\/?s={search_term_string}\"},\"query-input\":\"required name=search_term_string\"}],\"inLanguage\":\"es\"},{\"@type\":\"Organization\",\"@id\":\"https:\/\/www.celttv.com.ar\/#organization\",\"name\":\"CELTTV\",\"url\":\"https:\/\/www.celttv.com.ar\/\",\"sameAs\":[\"https:\/\/www.youtube.com\/channel\/UCz_oIt8Hig64Ub-EmcNPIhg\",\"https:\/\/www.facebook.com\/celtTV\/\"],\"logo\":{\"@type\":\"ImageObject\",\"inLanguage\":\"es\",\"@id\":\"https:\/\/www.celttv.com.ar\/#\/schema\/logo\/image\/\",\"url\":\"http:\/\/www.celttv.com.ar\/wp-content\/uploads\/2022\/08\/logo-1.png\",\"contentUrl\":\"http:\/\/www.celttv.com.ar\/wp-content\/uploads\/2022\/08\/logo-1.png\",\"width\":461,\"height\":159,\"caption\":\"CELTTV\"},\"image\":{\"@id\":\"https:\/\/www.celttv.com.ar\/#\/schema\/logo\/image\/\"}},{\"@type\":\"Person\",\"@id\":\"https:\/\/www.celttv.com.ar\/#\/schema\/person\/9059dc91dc7204ef4182cdb65225f07d\",\"name\":\"Miguel Herrada\",\"image\":{\"@type\":\"ImageObject\",\"inLanguage\":\"es\",\"@id\":\"https:\/\/www.celttv.com.ar\/#\/schema\/person\/image\/\",\"url\":\"https:\/\/secure.gravatar.com\/avatar\/67724d5b3c716623ffd76bec7e45841a442ac3b456e914dbba90b0fad2b8e0b1?s=96&d=mm&r=g\",\"contentUrl\":\"https:\/\/secure.gravatar.com\/avatar\/67724d5b3c716623ffd76bec7e45841a442ac3b456e914dbba90b0fad2b8e0b1?s=96&d=mm&r=g\",\"caption\":\"Miguel Herrada\"}}]}<\/script>\n<!-- \/ Yoast SEO plugin. -->","yoast_head_json":{"title":"B\u00e1rbara Hern\u00e1ndez: \"En la vida hay que marcarse objetivos y luego dar la mejor versi\u00f3n de uno para intentarlo\"\u00a0\u00a0 - CELTTV","description":"Sitio web de noticias de la localidad de Tornquist, provincia de Buenos Aires, Rep\u00fablica Argentina. Contenido propio originado por periodistas de CELTTV, el canal de TV local de la Cooperativa El\u00e9ctrica de Tornquist. Turismo, Pol\u00edtica, Sociedad, Deporte, Cultura y todo el contenido de inter\u00e9s general que la gente del pueblo y la regi\u00f3n debe conocer.","robots":{"index":"index","follow":"follow","max-snippet":"max-snippet:-1","max-image-preview":"max-image-preview:large","max-video-preview":"max-video-preview:-1"},"canonical":"https:\/\/www.celttv.com.ar\/index.php\/2025\/09\/29\/barbara-hernandez-en-la-vida-hay-que-marcarse-objetivos-y-luego-dar-la-mejor-version-de-uno-para-intentarlo\/","og_locale":"es_ES","og_type":"article","og_title":"B\u00e1rbara Hern\u00e1ndez: \"En la vida hay que marcarse objetivos y luego dar la mejor versi\u00f3n de uno para intentarlo\"\u00a0\u00a0 - CELTTV","og_description":"Sitio web de noticias de la localidad de Tornquist, provincia de Buenos Aires, Rep\u00fablica Argentina. Contenido propio originado por periodistas de CELTTV, el canal de TV local de la Cooperativa El\u00e9ctrica de Tornquist. Turismo, Pol\u00edtica, Sociedad, Deporte, Cultura y todo el contenido de inter\u00e9s general que la gente del pueblo y la regi\u00f3n debe conocer.","og_url":"https:\/\/www.celttv.com.ar\/index.php\/2025\/09\/29\/barbara-hernandez-en-la-vida-hay-que-marcarse-objetivos-y-luego-dar-la-mejor-version-de-uno-para-intentarlo\/","og_site_name":"CELTTV","article_publisher":"https:\/\/www.facebook.com\/celtTV\/","article_published_time":"2025-09-29T23:22:24+00:00","og_image":[{"width":910,"height":566,"url":"https:\/\/www.celttv.com.ar\/wp-content\/uploads\/2025\/09\/BARBARA-HERNANDEZ.jpg","type":"image\/jpeg"}],"author":"Miguel Herrada","twitter_card":"summary_large_image","twitter_misc":{"Escrito por":"Miguel Herrada","Tiempo de lectura":"1 minuto"},"schema":{"@context":"https:\/\/schema.org","@graph":[{"@type":"NewsArticle","@id":"https:\/\/www.celttv.com.ar\/index.php\/2025\/09\/29\/barbara-hernandez-en-la-vida-hay-que-marcarse-objetivos-y-luego-dar-la-mejor-version-de-uno-para-intentarlo\/#article","isPartOf":{"@id":"https:\/\/www.celttv.com.ar\/index.php\/2025\/09\/29\/barbara-hernandez-en-la-vida-hay-que-marcarse-objetivos-y-luego-dar-la-mejor-version-de-uno-para-intentarlo\/"},"author":{"name":"Miguel Herrada","@id":"https:\/\/www.celttv.com.ar\/#\/schema\/person\/9059dc91dc7204ef4182cdb65225f07d"},"headline":"B\u00e1rbara Hern\u00e1ndez: &#8220;En la vida hay que marcarse objetivos y luego dar la mejor versi\u00f3n de uno para intentarlo&#8221;\u00a0\u00a0","datePublished":"2025-09-29T23:22:24+00:00","dateModified":"2025-09-29T23:22:24+00:00","mainEntityOfPage":{"@id":"https:\/\/www.celttv.com.ar\/index.php\/2025\/09\/29\/barbara-hernandez-en-la-vida-hay-que-marcarse-objetivos-y-luego-dar-la-mejor-version-de-uno-para-intentarlo\/"},"wordCount":187,"publisher":{"@id":"https:\/\/www.celttv.com.ar\/#organization"},"articleSection":["Deporte","Magazine Sport"],"inLanguage":"es"},{"@type":"WebPage","@id":"https:\/\/www.celttv.com.ar\/index.php\/2025\/09\/29\/barbara-hernandez-en-la-vida-hay-que-marcarse-objetivos-y-luego-dar-la-mejor-version-de-uno-para-intentarlo\/","url":"https:\/\/www.celttv.com.ar\/index.php\/2025\/09\/29\/barbara-hernandez-en-la-vida-hay-que-marcarse-objetivos-y-luego-dar-la-mejor-version-de-uno-para-intentarlo\/","name":"B\u00e1rbara Hern\u00e1ndez: \"En la vida hay que marcarse objetivos y luego dar la mejor versi\u00f3n de uno para intentarlo\"\u00a0\u00a0 - CELTTV","isPartOf":{"@id":"https:\/\/www.celttv.com.ar\/#website"},"datePublished":"2025-09-29T23:22:24+00:00","dateModified":"2025-09-29T23:22:24+00:00","description":"Sitio web de noticias de la localidad de Tornquist, provincia de Buenos Aires, Rep\u00fablica Argentina. Contenido propio originado por periodistas de CELTTV, el canal de TV local de la Cooperativa El\u00e9ctrica de Tornquist. Turismo, Pol\u00edtica, Sociedad, Deporte, Cultura y todo el contenido de inter\u00e9s general que la gente del pueblo y la regi\u00f3n debe conocer.","breadcrumb":{"@id":"https:\/\/www.celttv.com.ar\/index.php\/2025\/09\/29\/barbara-hernandez-en-la-vida-hay-que-marcarse-objetivos-y-luego-dar-la-mejor-version-de-uno-para-intentarlo\/#breadcrumb"},"inLanguage":"es","potentialAction":[{"@type":"ReadAction","target":["https:\/\/www.celttv.com.ar\/index.php\/2025\/09\/29\/barbara-hernandez-en-la-vida-hay-que-marcarse-objetivos-y-luego-dar-la-mejor-version-de-uno-para-intentarlo\/"]}]},{"@type":"BreadcrumbList","@id":"https:\/\/www.celttv.com.ar\/index.php\/2025\/09\/29\/barbara-hernandez-en-la-vida-hay-que-marcarse-objetivos-y-luego-dar-la-mejor-version-de-uno-para-intentarlo\/#breadcrumb","itemListElement":[{"@type":"ListItem","position":1,"name":"Inicio","item":"https:\/\/www.celttv.com.ar\/"},{"@type":"ListItem","position":2,"name":"B\u00e1rbara Hern\u00e1ndez: &#8220;En la vida hay que marcarse objetivos y luego dar la mejor versi\u00f3n de uno para intentarlo&#8221;\u00a0\u00a0"}]},{"@type":"WebSite","@id":"https:\/\/www.celttv.com.ar\/#website","url":"https:\/\/www.celttv.com.ar\/","name":"CELTTV","description":"Cooperativa El\u00e9ctrica de Tornquist","publisher":{"@id":"https:\/\/www.celttv.com.ar\/#organization"},"potentialAction":[{"@type":"SearchAction","target":{"@type":"EntryPoint","urlTemplate":"https:\/\/www.celttv.com.ar\/?s={search_term_string}"},"query-input":"required name=search_term_string"}],"inLanguage":"es"},{"@type":"Organization","@id":"https:\/\/www.celttv.com.ar\/#organization","name":"CELTTV","url":"https:\/\/www.celttv.com.ar\/","sameAs":["https:\/\/www.youtube.com\/channel\/UCz_oIt8Hig64Ub-EmcNPIhg","https:\/\/www.facebook.com\/celtTV\/"],"logo":{"@type":"ImageObject","inLanguage":"es","@id":"https:\/\/www.celttv.com.ar\/#\/schema\/logo\/image\/","url":"http:\/\/www.celttv.com.ar\/wp-content\/uploads\/2022\/08\/logo-1.png","contentUrl":"http:\/\/www.celttv.com.ar\/wp-content\/uploads\/2022\/08\/logo-1.png","width":461,"height":159,"caption":"CELTTV"},"image":{"@id":"https:\/\/www.celttv.com.ar\/#\/schema\/logo\/image\/"}},{"@type":"Person","@id":"https:\/\/www.celttv.com.ar\/#\/schema\/person\/9059dc91dc7204ef4182cdb65225f07d","name":"Miguel Herrada","image":{"@type":"ImageObject","inLanguage":"es","@id":"https:\/\/www.celttv.com.ar\/#\/schema\/person\/image\/","url":"https:\/\/secure.gravatar.com\/avatar\/67724d5b3c716623ffd76bec7e45841a442ac3b456e914dbba90b0fad2b8e0b1?s=96&d=mm&r=g","contentUrl":"https:\/\/secure.gravatar.com\/avatar\/67724d5b3c716623ffd76bec7e45841a442ac3b456e914dbba90b0fad2b8e0b1?s=96&d=mm&r=g","caption":"Miguel Herrada"}}]}},"_links":{"self":[{"href":"https:\/\/www.celttv.com.ar\/index.php\/wp-json\/wp\/v2\/posts\/89921","targetHints":{"allow":["GET"]}}],"collection":[{"href":"https:\/\/www.celttv.com.ar\/index.php\/wp-json\/wp\/v2\/posts"}],"about":[{"href":"https:\/\/www.celttv.com.ar\/index.php\/wp-json\/wp\/v2\/types\/post"}],"author":[{"embeddable":true,"href":"https:\/\/www.celttv.com.ar\/index.php\/wp-json\/wp\/v2\/users\/5"}],"replies":[{"embeddable":true,"href":"https:\/\/www.celttv.com.ar\/index.php\/wp-json\/wp\/v2\/comments?post=89921"}],"version-history":[{"count":1,"href":"https:\/\/www.celttv.com.ar\/index.php\/wp-json\/wp\/v2\/posts\/89921\/revisions"}],"predecessor-version":[{"id":89923,"href":"https:\/\/www.celttv.com.ar\/index.php\/wp-json\/wp\/v2\/posts\/89921\/revisions\/89923"}],"wp:featuredmedia":[{"embeddable":true,"href":"https:\/\/www.celttv.com.ar\/index.php\/wp-json\/wp\/v2\/media\/89922"}],"wp:attachment":[{"href":"https:\/\/www.celttv.com.ar\/index.php\/wp-json\/wp\/v2\/media?parent=89921"}],"wp:term":[{"taxonomy":"category","embeddable":true,"href":"https:\/\/www.celttv.com.ar\/index.php\/wp-json\/wp\/v2\/categories?post=89921"},{"taxonomy":"post_tag","embeddable":true,"href":"https:\/\/www.celttv.com.ar\/index.php\/wp-json\/wp\/v2\/tags?post=89921"}],"curies":[{"name":"wp","href":"https:\/\/api.w.org\/{rel}","templated":true}]}}