{"id":89924,"date":"2025-09-30T18:52:22","date_gmt":"2025-09-30T21:52:22","guid":{"rendered":"https:\/\/www.celttv.com.ar\/?p=89924"},"modified":"2025-09-30T18:52:22","modified_gmt":"2025-09-30T21:52:22","slug":"el-distrito-recibio-una-nueva-ambulancia-y-equipamiento-informatico-para-el-hospital-municipal","status":"publish","type":"post","link":"https:\/\/www.celttv.com.ar\/index.php\/2025\/09\/30\/el-distrito-recibio-una-nueva-ambulancia-y-equipamiento-informatico-para-el-hospital-municipal\/","title":{"rendered":"El distrito recibi\u00f3 una nueva ambulancia y equipamiento inform\u00e1tico para el Hospital Municipal"},"content":{"rendered":"<p>Con un acto encabezado por la Viceministra de Salud de la Provincia de Buenos Aires, Dra. Alexia Navarro, y el Intendente Municipal, Sergio Bordoni, este martes tuvo lugar la entrega de una ambulancia 0km para el Hospital Municipal \u2018Dr. Alberto Castro\u2019 de Tornquist.<\/p>\n<p>El veh\u00edculo fue recibido de parte del Ministerio de Salud provincial, como respuesta a las gestiones realizadas por el jefe comunal ante Regi\u00f3n Sanitaria I, frente a la necesidad de continuar incorporando unidades de traslado de alta complejidad al sistema sanitario distrital.<\/p>\n<p>Tambi\u00e9n, fue entregado equipamiento inform\u00e1tico destinado a fortalecer la implementaci\u00f3n del sistema de Historia de Salud Integrada.<\/p>\n<p>Durante su alocuci\u00f3n, Bordoni agradeci\u00f3 el apoyo constante del gobierno bonaerense hacia su gesti\u00f3n, haciendo hincapi\u00e9 en la permanente inversi\u00f3n en salud y la importancia de la presencia del Estado.<\/p>\n<p>Subray\u00f3 tambi\u00e9n, que este tipo de pol\u00edticas no solo fortalecen la infraestructura hospitalaria, sino que adem\u00e1s brindan tranquilidad y seguridad a la comunidad, al garantizar respuestas m\u00e1s r\u00e1pidas y efectivas en situaciones de emergencia.<\/p>\n<p>La ambulancia est\u00e1 equipada con lo necesario para dar respuesta al estado cr\u00edtico de pacientes, atender traumas en la v\u00eda p\u00fablica y hacer traslados de alta complejidad. Cuenta con camilla tipo articulada, y dos tubos de ox\u00edgeno de 2m3 de capacidad cada uno, provisto con m\u00e1scara para adulto, pedi\u00e1trico y neo. \u00a0Y, otros dos tubos de ox\u00edgeno de acero ultraliviano o aluminio de 680 litros, con reductores, seg\u00fan normas IRAM.<\/p>\n<p>En la jornada estuvieron presentes la Secretaria de Salud, Noelia Baier; la Directora del Hospital Municipal, Cecilia Conti; el titular de Regi\u00f3n Sanitaria I, Maximiliano N\u00fa\u00f1ez Fari\u00f1a; y el Director Provincial de Infraestructura del Ministerio de Salud, Gast\u00f3n Alfonso; dem\u00e1s miembros del Ejecutivo Municipal y trabajadores y trabajadoras del nosocomio.<\/p>\n<figure id=\"attachment_89925\" aria-describedby=\"caption-attachment-89925\" style=\"width: 1024px\" class=\"wp-caption alignnone\"><img loading=\"lazy\" decoding=\"async\" class=\"wp-image-89925 size-large\" src=\"https:\/\/www.celttv.com.ar\/wp-content\/uploads\/2025\/09\/Entrega-de-ambulancias-30-9-1-1024x683.jpg\" alt=\"\" width=\"1024\" height=\"683\" srcset=\"https:\/\/www.celttv.com.ar\/wp-content\/uploads\/2025\/09\/Entrega-de-ambulancias-30-9-1-1024x683.jpg 1024w, https:\/\/www.celttv.com.ar\/wp-content\/uploads\/2025\/09\/Entrega-de-ambulancias-30-9-1-300x200.jpg 300w, https:\/\/www.celttv.com.ar\/wp-content\/uploads\/2025\/09\/Entrega-de-ambulancias-30-9-1-768x512.jpg 768w, https:\/\/www.celttv.com.ar\/wp-content\/uploads\/2025\/09\/Entrega-de-ambulancias-30-9-1-750x500.jpg 750w, https:\/\/www.celttv.com.ar\/wp-content\/uploads\/2025\/09\/Entrega-de-ambulancias-30-9-1-1140x761.jpg 1140w, https:\/\/www.celttv.com.ar\/wp-content\/uploads\/2025\/09\/Entrega-de-ambulancias-30-9-1.jpg 1280w\" sizes=\"auto, (max-width: 1024px) 100vw, 1024px\" \/><figcaption id=\"caption-attachment-89925\" class=\"wp-caption-text\">GZab<\/figcaption><\/figure>\n<figure id=\"attachment_89926\" aria-describedby=\"caption-attachment-89926\" style=\"width: 1024px\" class=\"wp-caption alignnone\"><img loading=\"lazy\" decoding=\"async\" class=\"wp-image-89926 size-large\" src=\"https:\/\/www.celttv.com.ar\/wp-content\/uploads\/2025\/09\/Entrega-de-ambulancias-30-9-2-1024x683.jpg\" alt=\"\" width=\"1024\" height=\"683\" srcset=\"https:\/\/www.celttv.com.ar\/wp-content\/uploads\/2025\/09\/Entrega-de-ambulancias-30-9-2-1024x683.jpg 1024w, https:\/\/www.celttv.com.ar\/wp-content\/uploads\/2025\/09\/Entrega-de-ambulancias-30-9-2-300x200.jpg 300w, https:\/\/www.celttv.com.ar\/wp-content\/uploads\/2025\/09\/Entrega-de-ambulancias-30-9-2-768x512.jpg 768w, https:\/\/www.celttv.com.ar\/wp-content\/uploads\/2025\/09\/Entrega-de-ambulancias-30-9-2-750x500.jpg 750w, https:\/\/www.celttv.com.ar\/wp-content\/uploads\/2025\/09\/Entrega-de-ambulancias-30-9-2-1140x761.jpg 1140w, https:\/\/www.celttv.com.ar\/wp-content\/uploads\/2025\/09\/Entrega-de-ambulancias-30-9-2.jpg 1280w\" sizes=\"auto, (max-width: 1024px) 100vw, 1024px\" \/><figcaption id=\"caption-attachment-89926\" class=\"wp-caption-text\">GZab<\/figcaption><\/figure>\n<p><img loading=\"lazy\" decoding=\"async\" class=\"alignnone wp-image-89927 size-large\" src=\"https:\/\/www.celttv.com.ar\/wp-content\/uploads\/2025\/09\/Entrega-de-ambulancias-30-9-3-1024x683.jpg\" alt=\"\" width=\"1024\" height=\"683\" srcset=\"https:\/\/www.celttv.com.ar\/wp-content\/uploads\/2025\/09\/Entrega-de-ambulancias-30-9-3-1024x683.jpg 1024w, https:\/\/www.celttv.com.ar\/wp-content\/uploads\/2025\/09\/Entrega-de-ambulancias-30-9-3-300x200.jpg 300w, https:\/\/www.celttv.com.ar\/wp-content\/uploads\/2025\/09\/Entrega-de-ambulancias-30-9-3-768x512.jpg 768w, https:\/\/www.celttv.com.ar\/wp-content\/uploads\/2025\/09\/Entrega-de-ambulancias-30-9-3-750x500.jpg 750w, https:\/\/www.celttv.com.ar\/wp-content\/uploads\/2025\/09\/Entrega-de-ambulancias-30-9-3-1140x761.jpg 1140w, https:\/\/www.celttv.com.ar\/wp-content\/uploads\/2025\/09\/Entrega-de-ambulancias-30-9-3.jpg 1280w\" sizes=\"auto, (max-width: 1024px) 100vw, 1024px\" \/> <img loading=\"lazy\" decoding=\"async\" class=\"alignnone wp-image-89928 size-large\" src=\"https:\/\/www.celttv.com.ar\/wp-content\/uploads\/2025\/09\/Entrega-de-ambulancias-30-9-4-1024x683.jpg\" alt=\"\" width=\"1024\" height=\"683\" srcset=\"https:\/\/www.celttv.com.ar\/wp-content\/uploads\/2025\/09\/Entrega-de-ambulancias-30-9-4-1024x683.jpg 1024w, https:\/\/www.celttv.com.ar\/wp-content\/uploads\/2025\/09\/Entrega-de-ambulancias-30-9-4-300x200.jpg 300w, https:\/\/www.celttv.com.ar\/wp-content\/uploads\/2025\/09\/Entrega-de-ambulancias-30-9-4-768x512.jpg 768w, https:\/\/www.celttv.com.ar\/wp-content\/uploads\/2025\/09\/Entrega-de-ambulancias-30-9-4-750x500.jpg 750w, https:\/\/www.celttv.com.ar\/wp-content\/uploads\/2025\/09\/Entrega-de-ambulancias-30-9-4-1140x761.jpg 1140w, https:\/\/www.celttv.com.ar\/wp-content\/uploads\/2025\/09\/Entrega-de-ambulancias-30-9-4.jpg 1280w\" sizes=\"auto, (max-width: 1024px) 100vw, 1024px\" \/> <img loading=\"lazy\" decoding=\"async\" class=\"alignnone wp-image-89929 size-large\" src=\"https:\/\/www.celttv.com.ar\/wp-content\/uploads\/2025\/09\/Entrega-de-ambulancias-30-9-5-1024x683.jpg\" alt=\"\" width=\"1024\" height=\"683\" srcset=\"https:\/\/www.celttv.com.ar\/wp-content\/uploads\/2025\/09\/Entrega-de-ambulancias-30-9-5-1024x683.jpg 1024w, https:\/\/www.celttv.com.ar\/wp-content\/uploads\/2025\/09\/Entrega-de-ambulancias-30-9-5-300x200.jpg 300w, https:\/\/www.celttv.com.ar\/wp-content\/uploads\/2025\/09\/Entrega-de-ambulancias-30-9-5-768x512.jpg 768w, https:\/\/www.celttv.com.ar\/wp-content\/uploads\/2025\/09\/Entrega-de-ambulancias-30-9-5-750x500.jpg 750w, https:\/\/www.celttv.com.ar\/wp-content\/uploads\/2025\/09\/Entrega-de-ambulancias-30-9-5-1140x761.jpg 1140w, https:\/\/www.celttv.com.ar\/wp-content\/uploads\/2025\/09\/Entrega-de-ambulancias-30-9-5.jpg 1280w\" sizes=\"auto, (max-width: 1024px) 100vw, 1024px\" \/><\/p>\n<figure id=\"attachment_89930\" aria-describedby=\"caption-attachment-89930\" style=\"width: 683px\" class=\"wp-caption alignnone\"><img loading=\"lazy\" decoding=\"async\" class=\"wp-image-89930 size-large\" src=\"https:\/\/www.celttv.com.ar\/wp-content\/uploads\/2025\/09\/Entrega-de-ambulancias-30-9-6-683x1024.jpg\" alt=\"\" width=\"683\" height=\"1024\" srcset=\"https:\/\/www.celttv.com.ar\/wp-content\/uploads\/2025\/09\/Entrega-de-ambulancias-30-9-6-683x1024.jpg 683w, https:\/\/www.celttv.com.ar\/wp-content\/uploads\/2025\/09\/Entrega-de-ambulancias-30-9-6-200x300.jpg 200w, https:\/\/www.celttv.com.ar\/wp-content\/uploads\/2025\/09\/Entrega-de-ambulancias-30-9-6-768x1151.jpg 768w, https:\/\/www.celttv.com.ar\/wp-content\/uploads\/2025\/09\/Entrega-de-ambulancias-30-9-6-750x1124.jpg 750w, https:\/\/www.celttv.com.ar\/wp-content\/uploads\/2025\/09\/Entrega-de-ambulancias-30-9-6.jpg 854w\" sizes=\"auto, (max-width: 683px) 100vw, 683px\" \/><figcaption id=\"caption-attachment-89930\" class=\"wp-caption-text\">GZab<\/figcaption><\/figure>\n<p><img loading=\"lazy\" decoding=\"async\" class=\"alignnone wp-image-89931 size-large\" src=\"https:\/\/www.celttv.com.ar\/wp-content\/uploads\/2025\/09\/Entrega-de-ambulancias-30-9-7-1024x683.jpg\" alt=\"\" width=\"1024\" height=\"683\" srcset=\"https:\/\/www.celttv.com.ar\/wp-content\/uploads\/2025\/09\/Entrega-de-ambulancias-30-9-7-1024x683.jpg 1024w, https:\/\/www.celttv.com.ar\/wp-content\/uploads\/2025\/09\/Entrega-de-ambulancias-30-9-7-300x200.jpg 300w, https:\/\/www.celttv.com.ar\/wp-content\/uploads\/2025\/09\/Entrega-de-ambulancias-30-9-7-768x512.jpg 768w, https:\/\/www.celttv.com.ar\/wp-content\/uploads\/2025\/09\/Entrega-de-ambulancias-30-9-7-750x500.jpg 750w, https:\/\/www.celttv.com.ar\/wp-content\/uploads\/2025\/09\/Entrega-de-ambulancias-30-9-7-1140x761.jpg 1140w, https:\/\/www.celttv.com.ar\/wp-content\/uploads\/2025\/09\/Entrega-de-ambulancias-30-9-7.jpg 1280w\" sizes=\"auto, (max-width: 1024px) 100vw, 1024px\" \/> <img loading=\"lazy\" decoding=\"async\" class=\"alignnone wp-image-89932 size-large\" src=\"https:\/\/www.celttv.com.ar\/wp-content\/uploads\/2025\/09\/Entrega-de-ambulancias-30-9-8-1024x683.jpg\" alt=\"\" width=\"1024\" height=\"683\" srcset=\"https:\/\/www.celttv.com.ar\/wp-content\/uploads\/2025\/09\/Entrega-de-ambulancias-30-9-8-1024x683.jpg 1024w, https:\/\/www.celttv.com.ar\/wp-content\/uploads\/2025\/09\/Entrega-de-ambulancias-30-9-8-300x200.jpg 300w, https:\/\/www.celttv.com.ar\/wp-content\/uploads\/2025\/09\/Entrega-de-ambulancias-30-9-8-768x512.jpg 768w, https:\/\/www.celttv.com.ar\/wp-content\/uploads\/2025\/09\/Entrega-de-ambulancias-30-9-8-750x500.jpg 750w, https:\/\/www.celttv.com.ar\/wp-content\/uploads\/2025\/09\/Entrega-de-ambulancias-30-9-8-1140x761.jpg 1140w, https:\/\/www.celttv.com.ar\/wp-content\/uploads\/2025\/09\/Entrega-de-ambulancias-30-9-8.jpg 1280w\" sizes=\"auto, (max-width: 1024px) 100vw, 1024px\" \/> <img loading=\"lazy\" decoding=\"async\" class=\"alignnone wp-image-89933 size-large\" src=\"https:\/\/www.celttv.com.ar\/wp-content\/uploads\/2025\/09\/Entrega-de-ambulancias-30-9-9-1024x683.jpg\" alt=\"\" width=\"1024\" height=\"683\" srcset=\"https:\/\/www.celttv.com.ar\/wp-content\/uploads\/2025\/09\/Entrega-de-ambulancias-30-9-9-1024x683.jpg 1024w, https:\/\/www.celttv.com.ar\/wp-content\/uploads\/2025\/09\/Entrega-de-ambulancias-30-9-9-300x200.jpg 300w, https:\/\/www.celttv.com.ar\/wp-content\/uploads\/2025\/09\/Entrega-de-ambulancias-30-9-9-768x512.jpg 768w, https:\/\/www.celttv.com.ar\/wp-content\/uploads\/2025\/09\/Entrega-de-ambulancias-30-9-9-750x500.jpg 750w, https:\/\/www.celttv.com.ar\/wp-content\/uploads\/2025\/09\/Entrega-de-ambulancias-30-9-9-1140x761.jpg 1140w, https:\/\/www.celttv.com.ar\/wp-content\/uploads\/2025\/09\/Entrega-de-ambulancias-30-9-9.jpg 1280w\" sizes=\"auto, (max-width: 1024px) 100vw, 1024px\" \/> <img loading=\"lazy\" decoding=\"async\" class=\"alignnone wp-image-89934 size-large\" src=\"https:\/\/www.celttv.com.ar\/wp-content\/uploads\/2025\/09\/Entrega-de-ambulancias-30-9-10-1024x683.jpg\" alt=\"\" width=\"1024\" height=\"683\" srcset=\"https:\/\/www.celttv.com.ar\/wp-content\/uploads\/2025\/09\/Entrega-de-ambulancias-30-9-10-1024x683.jpg 1024w, https:\/\/www.celttv.com.ar\/wp-content\/uploads\/2025\/09\/Entrega-de-ambulancias-30-9-10-300x200.jpg 300w, https:\/\/www.celttv.com.ar\/wp-content\/uploads\/2025\/09\/Entrega-de-ambulancias-30-9-10-768x512.jpg 768w, https:\/\/www.celttv.com.ar\/wp-content\/uploads\/2025\/09\/Entrega-de-ambulancias-30-9-10-750x500.jpg 750w, https:\/\/www.celttv.com.ar\/wp-content\/uploads\/2025\/09\/Entrega-de-ambulancias-30-9-10-1140x761.jpg 1140w, https:\/\/www.celttv.com.ar\/wp-content\/uploads\/2025\/09\/Entrega-de-ambulancias-30-9-10.jpg 1280w\" sizes=\"auto, (max-width: 1024px) 100vw, 1024px\" \/><\/p>\n<p>&nbsp;<\/p>\n","protected":false},"excerpt":{"rendered":"<p>Con un acto encabezado por la Viceministra de Salud de la Provincia de Buenos Aires, Dra. Alexia Navarro, y el Intendente Municipal, Sergio Bordoni, este martes tuvo lugar la entrega de una ambulancia 0km para el Hospital Municipal \u2018Dr. Alberto Castro\u2019 de Tornquist. El veh\u00edculo fue recibido de parte del Ministerio de Salud provincial, como [&hellip;]<\/p>\n","protected":false},"author":5,"featured_media":89931,"comment_status":"closed","ping_status":"closed","sticky":false,"template":"","format":"standard","meta":{"footnotes":""},"categories":[59],"tags":[],"class_list":["post-89924","post","type-post","status-publish","format-standard","has-post-thumbnail","hentry","category-municipales"],"yoast_head":"<!-- This site is optimized with the Yoast SEO plugin v19.7.1 - https:\/\/yoast.com\/wordpress\/plugins\/seo\/ -->\n<title>El distrito recibi\u00f3 una nueva ambulancia y equipamiento inform\u00e1tico para el Hospital Municipal - CELTTV<\/title>\n<meta name=\"description\" content=\"Sitio web de noticias de la localidad de Tornquist, provincia de Buenos Aires, Rep\u00fablica Argentina. Contenido propio originado por periodistas de CELTTV, el canal de TV local de la Cooperativa El\u00e9ctrica de Tornquist. Turismo, Pol\u00edtica, Sociedad, Deporte, Cultura y todo el contenido de inter\u00e9s general que la gente del pueblo y la regi\u00f3n debe conocer.\" \/>\n<meta name=\"robots\" content=\"index, follow, max-snippet:-1, max-image-preview:large, max-video-preview:-1\" \/>\n<link rel=\"canonical\" href=\"https:\/\/www.celttv.com.ar\/index.php\/2025\/09\/30\/el-distrito-recibio-una-nueva-ambulancia-y-equipamiento-informatico-para-el-hospital-municipal\/\" \/>\n<meta property=\"og:locale\" content=\"es_ES\" \/>\n<meta property=\"og:type\" content=\"article\" \/>\n<meta property=\"og:title\" content=\"El distrito recibi\u00f3 una nueva ambulancia y equipamiento inform\u00e1tico para el Hospital Municipal - CELTTV\" \/>\n<meta property=\"og:description\" content=\"Sitio web de noticias de la localidad de Tornquist, provincia de Buenos Aires, Rep\u00fablica Argentina. Contenido propio originado por periodistas de CELTTV, el canal de TV local de la Cooperativa El\u00e9ctrica de Tornquist. Turismo, Pol\u00edtica, Sociedad, Deporte, Cultura y todo el contenido de inter\u00e9s general que la gente del pueblo y la regi\u00f3n debe conocer.\" \/>\n<meta property=\"og:url\" content=\"https:\/\/www.celttv.com.ar\/index.php\/2025\/09\/30\/el-distrito-recibio-una-nueva-ambulancia-y-equipamiento-informatico-para-el-hospital-municipal\/\" \/>\n<meta property=\"og:site_name\" content=\"CELTTV\" \/>\n<meta property=\"article:publisher\" content=\"https:\/\/www.facebook.com\/celtTV\/\" \/>\n<meta property=\"article:published_time\" content=\"2025-09-30T21:52:22+00:00\" \/>\n<meta property=\"og:image\" content=\"https:\/\/www.celttv.com.ar\/wp-content\/uploads\/2025\/09\/Entrega-de-ambulancias-30-9-7.jpg\" \/>\n\t<meta property=\"og:image:width\" content=\"1280\" \/>\n\t<meta property=\"og:image:height\" content=\"854\" \/>\n\t<meta property=\"og:image:type\" content=\"image\/jpeg\" \/>\n<meta name=\"author\" content=\"Miguel Herrada\" \/>\n<meta name=\"twitter:card\" content=\"summary_large_image\" \/>\n<meta name=\"twitter:label1\" content=\"Escrito por\" \/>\n\t<meta name=\"twitter:data1\" content=\"Miguel Herrada\" \/>\n\t<meta name=\"twitter:label2\" content=\"Tiempo de lectura\" \/>\n\t<meta name=\"twitter:data2\" content=\"2 minutos\" \/>\n<script type=\"application\/ld+json\" class=\"yoast-schema-graph\">{\"@context\":\"https:\/\/schema.org\",\"@graph\":[{\"@type\":\"NewsArticle\",\"@id\":\"https:\/\/www.celttv.com.ar\/index.php\/2025\/09\/30\/el-distrito-recibio-una-nueva-ambulancia-y-equipamiento-informatico-para-el-hospital-municipal\/#article\",\"isPartOf\":{\"@id\":\"https:\/\/www.celttv.com.ar\/index.php\/2025\/09\/30\/el-distrito-recibio-una-nueva-ambulancia-y-equipamiento-informatico-para-el-hospital-municipal\/\"},\"author\":{\"name\":\"Miguel Herrada\",\"@id\":\"https:\/\/www.celttv.com.ar\/#\/schema\/person\/9059dc91dc7204ef4182cdb65225f07d\"},\"headline\":\"El distrito recibi\u00f3 una nueva ambulancia y equipamiento inform\u00e1tico para el Hospital Municipal\",\"datePublished\":\"2025-09-30T21:52:22+00:00\",\"dateModified\":\"2025-09-30T21:52:22+00:00\",\"mainEntityOfPage\":{\"@id\":\"https:\/\/www.celttv.com.ar\/index.php\/2025\/09\/30\/el-distrito-recibio-una-nueva-ambulancia-y-equipamiento-informatico-para-el-hospital-municipal\/\"},\"wordCount\":350,\"publisher\":{\"@id\":\"https:\/\/www.celttv.com.ar\/#organization\"},\"articleSection\":[\"Municipales\"],\"inLanguage\":\"es\"},{\"@type\":\"WebPage\",\"@id\":\"https:\/\/www.celttv.com.ar\/index.php\/2025\/09\/30\/el-distrito-recibio-una-nueva-ambulancia-y-equipamiento-informatico-para-el-hospital-municipal\/\",\"url\":\"https:\/\/www.celttv.com.ar\/index.php\/2025\/09\/30\/el-distrito-recibio-una-nueva-ambulancia-y-equipamiento-informatico-para-el-hospital-municipal\/\",\"name\":\"El distrito recibi\u00f3 una nueva ambulancia y equipamiento inform\u00e1tico para el Hospital Municipal - CELTTV\",\"isPartOf\":{\"@id\":\"https:\/\/www.celttv.com.ar\/#website\"},\"datePublished\":\"2025-09-30T21:52:22+00:00\",\"dateModified\":\"2025-09-30T21:52:22+00:00\",\"description\":\"Sitio web de noticias de la localidad de Tornquist, provincia de Buenos Aires, Rep\u00fablica Argentina. Contenido propio originado por periodistas de CELTTV, el canal de TV local de la Cooperativa El\u00e9ctrica de Tornquist. Turismo, Pol\u00edtica, Sociedad, Deporte, Cultura y todo el contenido de inter\u00e9s general que la gente del pueblo y la regi\u00f3n debe conocer.\",\"breadcrumb\":{\"@id\":\"https:\/\/www.celttv.com.ar\/index.php\/2025\/09\/30\/el-distrito-recibio-una-nueva-ambulancia-y-equipamiento-informatico-para-el-hospital-municipal\/#breadcrumb\"},\"inLanguage\":\"es\",\"potentialAction\":[{\"@type\":\"ReadAction\",\"target\":[\"https:\/\/www.celttv.com.ar\/index.php\/2025\/09\/30\/el-distrito-recibio-una-nueva-ambulancia-y-equipamiento-informatico-para-el-hospital-municipal\/\"]}]},{\"@type\":\"BreadcrumbList\",\"@id\":\"https:\/\/www.celttv.com.ar\/index.php\/2025\/09\/30\/el-distrito-recibio-una-nueva-ambulancia-y-equipamiento-informatico-para-el-hospital-municipal\/#breadcrumb\",\"itemListElement\":[{\"@type\":\"ListItem\",\"position\":1,\"name\":\"Inicio\",\"item\":\"https:\/\/www.celttv.com.ar\/\"},{\"@type\":\"ListItem\",\"position\":2,\"name\":\"El distrito recibi\u00f3 una nueva ambulancia y equipamiento inform\u00e1tico para el Hospital Municipal\"}]},{\"@type\":\"WebSite\",\"@id\":\"https:\/\/www.celttv.com.ar\/#website\",\"url\":\"https:\/\/www.celttv.com.ar\/\",\"name\":\"CELTTV\",\"description\":\"Cooperativa El\u00e9ctrica de Tornquist\",\"publisher\":{\"@id\":\"https:\/\/www.celttv.com.ar\/#organization\"},\"potentialAction\":[{\"@type\":\"SearchAction\",\"target\":{\"@type\":\"EntryPoint\",\"urlTemplate\":\"https:\/\/www.celttv.com.ar\/?s={search_term_string}\"},\"query-input\":\"required name=search_term_string\"}],\"inLanguage\":\"es\"},{\"@type\":\"Organization\",\"@id\":\"https:\/\/www.celttv.com.ar\/#organization\",\"name\":\"CELTTV\",\"url\":\"https:\/\/www.celttv.com.ar\/\",\"sameAs\":[\"https:\/\/www.youtube.com\/channel\/UCz_oIt8Hig64Ub-EmcNPIhg\",\"https:\/\/www.facebook.com\/celtTV\/\"],\"logo\":{\"@type\":\"ImageObject\",\"inLanguage\":\"es\",\"@id\":\"https:\/\/www.celttv.com.ar\/#\/schema\/logo\/image\/\",\"url\":\"http:\/\/www.celttv.com.ar\/wp-content\/uploads\/2022\/08\/logo-1.png\",\"contentUrl\":\"http:\/\/www.celttv.com.ar\/wp-content\/uploads\/2022\/08\/logo-1.png\",\"width\":461,\"height\":159,\"caption\":\"CELTTV\"},\"image\":{\"@id\":\"https:\/\/www.celttv.com.ar\/#\/schema\/logo\/image\/\"}},{\"@type\":\"Person\",\"@id\":\"https:\/\/www.celttv.com.ar\/#\/schema\/person\/9059dc91dc7204ef4182cdb65225f07d\",\"name\":\"Miguel Herrada\",\"image\":{\"@type\":\"ImageObject\",\"inLanguage\":\"es\",\"@id\":\"https:\/\/www.celttv.com.ar\/#\/schema\/person\/image\/\",\"url\":\"https:\/\/secure.gravatar.com\/avatar\/67724d5b3c716623ffd76bec7e45841a442ac3b456e914dbba90b0fad2b8e0b1?s=96&d=mm&r=g\",\"contentUrl\":\"https:\/\/secure.gravatar.com\/avatar\/67724d5b3c716623ffd76bec7e45841a442ac3b456e914dbba90b0fad2b8e0b1?s=96&d=mm&r=g\",\"caption\":\"Miguel Herrada\"}}]}<\/script>\n<!-- \/ Yoast SEO plugin. -->","yoast_head_json":{"title":"El distrito recibi\u00f3 una nueva ambulancia y equipamiento inform\u00e1tico para el Hospital Municipal - CELTTV","description":"Sitio web de noticias de la localidad de Tornquist, provincia de Buenos Aires, Rep\u00fablica Argentina. Contenido propio originado por periodistas de CELTTV, el canal de TV local de la Cooperativa El\u00e9ctrica de Tornquist. Turismo, Pol\u00edtica, Sociedad, Deporte, Cultura y todo el contenido de inter\u00e9s general que la gente del pueblo y la regi\u00f3n debe conocer.","robots":{"index":"index","follow":"follow","max-snippet":"max-snippet:-1","max-image-preview":"max-image-preview:large","max-video-preview":"max-video-preview:-1"},"canonical":"https:\/\/www.celttv.com.ar\/index.php\/2025\/09\/30\/el-distrito-recibio-una-nueva-ambulancia-y-equipamiento-informatico-para-el-hospital-municipal\/","og_locale":"es_ES","og_type":"article","og_title":"El distrito recibi\u00f3 una nueva ambulancia y equipamiento inform\u00e1tico para el Hospital Municipal - CELTTV","og_description":"Sitio web de noticias de la localidad de Tornquist, provincia de Buenos Aires, Rep\u00fablica Argentina. Contenido propio originado por periodistas de CELTTV, el canal de TV local de la Cooperativa El\u00e9ctrica de Tornquist. Turismo, Pol\u00edtica, Sociedad, Deporte, Cultura y todo el contenido de inter\u00e9s general que la gente del pueblo y la regi\u00f3n debe conocer.","og_url":"https:\/\/www.celttv.com.ar\/index.php\/2025\/09\/30\/el-distrito-recibio-una-nueva-ambulancia-y-equipamiento-informatico-para-el-hospital-municipal\/","og_site_name":"CELTTV","article_publisher":"https:\/\/www.facebook.com\/celtTV\/","article_published_time":"2025-09-30T21:52:22+00:00","og_image":[{"width":1280,"height":854,"url":"https:\/\/www.celttv.com.ar\/wp-content\/uploads\/2025\/09\/Entrega-de-ambulancias-30-9-7.jpg","type":"image\/jpeg"}],"author":"Miguel Herrada","twitter_card":"summary_large_image","twitter_misc":{"Escrito por":"Miguel Herrada","Tiempo de lectura":"2 minutos"},"schema":{"@context":"https:\/\/schema.org","@graph":[{"@type":"NewsArticle","@id":"https:\/\/www.celttv.com.ar\/index.php\/2025\/09\/30\/el-distrito-recibio-una-nueva-ambulancia-y-equipamiento-informatico-para-el-hospital-municipal\/#article","isPartOf":{"@id":"https:\/\/www.celttv.com.ar\/index.php\/2025\/09\/30\/el-distrito-recibio-una-nueva-ambulancia-y-equipamiento-informatico-para-el-hospital-municipal\/"},"author":{"name":"Miguel Herrada","@id":"https:\/\/www.celttv.com.ar\/#\/schema\/person\/9059dc91dc7204ef4182cdb65225f07d"},"headline":"El distrito recibi\u00f3 una nueva ambulancia y equipamiento inform\u00e1tico para el Hospital Municipal","datePublished":"2025-09-30T21:52:22+00:00","dateModified":"2025-09-30T21:52:22+00:00","mainEntityOfPage":{"@id":"https:\/\/www.celttv.com.ar\/index.php\/2025\/09\/30\/el-distrito-recibio-una-nueva-ambulancia-y-equipamiento-informatico-para-el-hospital-municipal\/"},"wordCount":350,"publisher":{"@id":"https:\/\/www.celttv.com.ar\/#organization"},"articleSection":["Municipales"],"inLanguage":"es"},{"@type":"WebPage","@id":"https:\/\/www.celttv.com.ar\/index.php\/2025\/09\/30\/el-distrito-recibio-una-nueva-ambulancia-y-equipamiento-informatico-para-el-hospital-municipal\/","url":"https:\/\/www.celttv.com.ar\/index.php\/2025\/09\/30\/el-distrito-recibio-una-nueva-ambulancia-y-equipamiento-informatico-para-el-hospital-municipal\/","name":"El distrito recibi\u00f3 una nueva ambulancia y equipamiento inform\u00e1tico para el Hospital Municipal - CELTTV","isPartOf":{"@id":"https:\/\/www.celttv.com.ar\/#website"},"datePublished":"2025-09-30T21:52:22+00:00","dateModified":"2025-09-30T21:52:22+00:00","description":"Sitio web de noticias de la localidad de Tornquist, provincia de Buenos Aires, Rep\u00fablica Argentina. Contenido propio originado por periodistas de CELTTV, el canal de TV local de la Cooperativa El\u00e9ctrica de Tornquist. Turismo, Pol\u00edtica, Sociedad, Deporte, Cultura y todo el contenido de inter\u00e9s general que la gente del pueblo y la regi\u00f3n debe conocer.","breadcrumb":{"@id":"https:\/\/www.celttv.com.ar\/index.php\/2025\/09\/30\/el-distrito-recibio-una-nueva-ambulancia-y-equipamiento-informatico-para-el-hospital-municipal\/#breadcrumb"},"inLanguage":"es","potentialAction":[{"@type":"ReadAction","target":["https:\/\/www.celttv.com.ar\/index.php\/2025\/09\/30\/el-distrito-recibio-una-nueva-ambulancia-y-equipamiento-informatico-para-el-hospital-municipal\/"]}]},{"@type":"BreadcrumbList","@id":"https:\/\/www.celttv.com.ar\/index.php\/2025\/09\/30\/el-distrito-recibio-una-nueva-ambulancia-y-equipamiento-informatico-para-el-hospital-municipal\/#breadcrumb","itemListElement":[{"@type":"ListItem","position":1,"name":"Inicio","item":"https:\/\/www.celttv.com.ar\/"},{"@type":"ListItem","position":2,"name":"El distrito recibi\u00f3 una nueva ambulancia y equipamiento inform\u00e1tico para el Hospital Municipal"}]},{"@type":"WebSite","@id":"https:\/\/www.celttv.com.ar\/#website","url":"https:\/\/www.celttv.com.ar\/","name":"CELTTV","description":"Cooperativa El\u00e9ctrica de Tornquist","publisher":{"@id":"https:\/\/www.celttv.com.ar\/#organization"},"potentialAction":[{"@type":"SearchAction","target":{"@type":"EntryPoint","urlTemplate":"https:\/\/www.celttv.com.ar\/?s={search_term_string}"},"query-input":"required name=search_term_string"}],"inLanguage":"es"},{"@type":"Organization","@id":"https:\/\/www.celttv.com.ar\/#organization","name":"CELTTV","url":"https:\/\/www.celttv.com.ar\/","sameAs":["https:\/\/www.youtube.com\/channel\/UCz_oIt8Hig64Ub-EmcNPIhg","https:\/\/www.facebook.com\/celtTV\/"],"logo":{"@type":"ImageObject","inLanguage":"es","@id":"https:\/\/www.celttv.com.ar\/#\/schema\/logo\/image\/","url":"http:\/\/www.celttv.com.ar\/wp-content\/uploads\/2022\/08\/logo-1.png","contentUrl":"http:\/\/www.celttv.com.ar\/wp-content\/uploads\/2022\/08\/logo-1.png","width":461,"height":159,"caption":"CELTTV"},"image":{"@id":"https:\/\/www.celttv.com.ar\/#\/schema\/logo\/image\/"}},{"@type":"Person","@id":"https:\/\/www.celttv.com.ar\/#\/schema\/person\/9059dc91dc7204ef4182cdb65225f07d","name":"Miguel Herrada","image":{"@type":"ImageObject","inLanguage":"es","@id":"https:\/\/www.celttv.com.ar\/#\/schema\/person\/image\/","url":"https:\/\/secure.gravatar.com\/avatar\/67724d5b3c716623ffd76bec7e45841a442ac3b456e914dbba90b0fad2b8e0b1?s=96&d=mm&r=g","contentUrl":"https:\/\/secure.gravatar.com\/avatar\/67724d5b3c716623ffd76bec7e45841a442ac3b456e914dbba90b0fad2b8e0b1?s=96&d=mm&r=g","caption":"Miguel Herrada"}}]}},"_links":{"self":[{"href":"https:\/\/www.celttv.com.ar\/index.php\/wp-json\/wp\/v2\/posts\/89924","targetHints":{"allow":["GET"]}}],"collection":[{"href":"https:\/\/www.celttv.com.ar\/index.php\/wp-json\/wp\/v2\/posts"}],"about":[{"href":"https:\/\/www.celttv.com.ar\/index.php\/wp-json\/wp\/v2\/types\/post"}],"author":[{"embeddable":true,"href":"https:\/\/www.celttv.com.ar\/index.php\/wp-json\/wp\/v2\/users\/5"}],"replies":[{"embeddable":true,"href":"https:\/\/www.celttv.com.ar\/index.php\/wp-json\/wp\/v2\/comments?post=89924"}],"version-history":[{"count":1,"href":"https:\/\/www.celttv.com.ar\/index.php\/wp-json\/wp\/v2\/posts\/89924\/revisions"}],"predecessor-version":[{"id":89935,"href":"https:\/\/www.celttv.com.ar\/index.php\/wp-json\/wp\/v2\/posts\/89924\/revisions\/89935"}],"wp:featuredmedia":[{"embeddable":true,"href":"https:\/\/www.celttv.com.ar\/index.php\/wp-json\/wp\/v2\/media\/89931"}],"wp:attachment":[{"href":"https:\/\/www.celttv.com.ar\/index.php\/wp-json\/wp\/v2\/media?parent=89924"}],"wp:term":[{"taxonomy":"category","embeddable":true,"href":"https:\/\/www.celttv.com.ar\/index.php\/wp-json\/wp\/v2\/categories?post=89924"},{"taxonomy":"post_tag","embeddable":true,"href":"https:\/\/www.celttv.com.ar\/index.php\/wp-json\/wp\/v2\/tags?post=89924"}],"curies":[{"name":"wp","href":"https:\/\/api.w.org\/{rel}","templated":true}]}}