{"id":90153,"date":"2025-10-20T23:06:38","date_gmt":"2025-10-21T02:06:38","guid":{"rendered":"https:\/\/www.celttv.com.ar\/?p=90153"},"modified":"2025-10-20T23:06:38","modified_gmt":"2025-10-21T02:06:38","slug":"doble-alerta-amarilla-por-tormentas-y-lluvias-en-tornquist-y-zona","status":"publish","type":"post","link":"https:\/\/www.celttv.com.ar\/index.php\/2025\/10\/20\/doble-alerta-amarilla-por-tormentas-y-lluvias-en-tornquist-y-zona\/","title":{"rendered":"Doble alerta amarilla por tormentas y lluvias en Tornquist y zona"},"content":{"rendered":"<div class=\"adelanto\">\n<p>Inform\u00f3 el Servicio Meteorol\u00f3gico Nacional.<\/p>\n<\/div>\n<div class=\"text\">\n<p>El Servicio Meteorol\u00f3gico Nacional emiti\u00f3 una alerta amarilla por tormentas que abarca a Tornquist y zonas cercanas, incluyendo Brand Norte de Bah\u00eda Blanca, Oeste de Patagones, Oeste de Villarino, Puan, y las zonas bajas de Coronel Pringles, Coronel Su\u00e1rez, Saavedra y Tornquist.<\/p>\n<p>Seg\u00fan el informe oficial, el \u00e1rea ser\u00e1 afectada por tormentas, algunas localmente fuertes, que podr\u00edan presentarse a lo largo del martes. Se espera que est\u00e9n acompa\u00f1adas por abundante ca\u00edda de agua en cortos per\u00edodos, fuerte actividad el\u00e9ctrica, ocasional ca\u00edda de granizo y r\u00e1fagas intensas que podr\u00edan alcanzar los 80 km\/h.<\/p>\n<p>Los valores de precipitaci\u00f3n acumulada oscilar\u00e1n entre 20 y 50 mil\u00edmetros, aunque podr\u00edan superarse en forma puntual.<\/p>\n<p>Desde los organismos de emergencia se recomienda a la poblaci\u00f3n mantenerse informada a trav\u00e9s de los canales oficiales, evitar actividades al aire libre durante el desarrollo de las tormentas y asegurar objetos que puedan ser desplazados por el viento.<\/p>\n<p>SMN<\/p>\n<p><img loading=\"lazy\" decoding=\"async\" src=\"https:\/\/www.noticiastornquist.com.ar\/adjuntos\/900\/mapaalertas5.png\" alt=\"\" width=\"600\" height=\"1017\" \/><\/p>\n<\/div>\n","protected":false},"excerpt":{"rendered":"<p>Inform\u00f3 el Servicio Meteorol\u00f3gico Nacional. El Servicio Meteorol\u00f3gico Nacional emiti\u00f3 una alerta amarilla por tormentas que abarca a Tornquist y zonas cercanas, incluyendo Brand Norte de Bah\u00eda Blanca, Oeste de Patagones, Oeste de Villarino, Puan, y las zonas bajas de Coronel Pringles, Coronel Su\u00e1rez, Saavedra y Tornquist. Seg\u00fan el informe oficial, el \u00e1rea ser\u00e1 afectada [&hellip;]<\/p>\n","protected":false},"author":5,"featured_media":90154,"comment_status":"closed","ping_status":"closed","sticky":false,"template":"","format":"standard","meta":{"footnotes":""},"categories":[51],"tags":[],"class_list":["post-90153","post","type-post","status-publish","format-standard","has-post-thumbnail","hentry","category-comunidad"],"yoast_head":"<!-- This site is optimized with the Yoast SEO plugin v19.7.1 - https:\/\/yoast.com\/wordpress\/plugins\/seo\/ -->\n<title>Doble alerta amarilla por tormentas y lluvias en Tornquist y zona - CELTTV<\/title>\n<meta name=\"description\" content=\"Sitio web de noticias de la localidad de Tornquist, provincia de Buenos Aires, Rep\u00fablica Argentina. Contenido propio originado por periodistas de CELTTV, el canal de TV local de la Cooperativa El\u00e9ctrica de Tornquist. Turismo, Pol\u00edtica, Sociedad, Deporte, Cultura y todo el contenido de inter\u00e9s general que la gente del pueblo y la regi\u00f3n debe conocer.\" \/>\n<meta name=\"robots\" content=\"index, follow, max-snippet:-1, max-image-preview:large, max-video-preview:-1\" \/>\n<link rel=\"canonical\" href=\"https:\/\/www.celttv.com.ar\/index.php\/2025\/10\/20\/doble-alerta-amarilla-por-tormentas-y-lluvias-en-tornquist-y-zona\/\" \/>\n<meta property=\"og:locale\" content=\"es_ES\" \/>\n<meta property=\"og:type\" content=\"article\" \/>\n<meta property=\"og:title\" content=\"Doble alerta amarilla por tormentas y lluvias en Tornquist y zona - CELTTV\" \/>\n<meta property=\"og:description\" content=\"Sitio web de noticias de la localidad de Tornquist, provincia de Buenos Aires, Rep\u00fablica Argentina. Contenido propio originado por periodistas de CELTTV, el canal de TV local de la Cooperativa El\u00e9ctrica de Tornquist. Turismo, Pol\u00edtica, Sociedad, Deporte, Cultura y todo el contenido de inter\u00e9s general que la gente del pueblo y la regi\u00f3n debe conocer.\" \/>\n<meta property=\"og:url\" content=\"https:\/\/www.celttv.com.ar\/index.php\/2025\/10\/20\/doble-alerta-amarilla-por-tormentas-y-lluvias-en-tornquist-y-zona\/\" \/>\n<meta property=\"og:site_name\" content=\"CELTTV\" \/>\n<meta property=\"article:publisher\" content=\"https:\/\/www.facebook.com\/celtTV\/\" \/>\n<meta property=\"article:published_time\" content=\"2025-10-21T02:06:38+00:00\" \/>\n<meta property=\"og:image\" content=\"https:\/\/www.celttv.com.ar\/wp-content\/uploads\/2025\/10\/doble-alerta-lunes.jpg\" \/>\n\t<meta property=\"og:image:width\" content=\"498\" \/>\n\t<meta property=\"og:image:height\" content=\"729\" \/>\n\t<meta property=\"og:image:type\" content=\"image\/jpeg\" \/>\n<meta name=\"author\" content=\"Miguel Herrada\" \/>\n<meta name=\"twitter:card\" content=\"summary_large_image\" \/>\n<meta name=\"twitter:label1\" content=\"Escrito por\" \/>\n\t<meta name=\"twitter:data1\" content=\"Miguel Herrada\" \/>\n\t<meta name=\"twitter:label2\" content=\"Tiempo de lectura\" \/>\n\t<meta name=\"twitter:data2\" content=\"1 minuto\" \/>\n<script type=\"application\/ld+json\" class=\"yoast-schema-graph\">{\"@context\":\"https:\/\/schema.org\",\"@graph\":[{\"@type\":\"NewsArticle\",\"@id\":\"https:\/\/www.celttv.com.ar\/index.php\/2025\/10\/20\/doble-alerta-amarilla-por-tormentas-y-lluvias-en-tornquist-y-zona\/#article\",\"isPartOf\":{\"@id\":\"https:\/\/www.celttv.com.ar\/index.php\/2025\/10\/20\/doble-alerta-amarilla-por-tormentas-y-lluvias-en-tornquist-y-zona\/\"},\"author\":{\"name\":\"Miguel Herrada\",\"@id\":\"https:\/\/www.celttv.com.ar\/#\/schema\/person\/9059dc91dc7204ef4182cdb65225f07d\"},\"headline\":\"Doble alerta amarilla por tormentas y lluvias en Tornquist y zona\",\"datePublished\":\"2025-10-21T02:06:38+00:00\",\"dateModified\":\"2025-10-21T02:06:38+00:00\",\"mainEntityOfPage\":{\"@id\":\"https:\/\/www.celttv.com.ar\/index.php\/2025\/10\/20\/doble-alerta-amarilla-por-tormentas-y-lluvias-en-tornquist-y-zona\/\"},\"wordCount\":183,\"publisher\":{\"@id\":\"https:\/\/www.celttv.com.ar\/#organization\"},\"articleSection\":[\"Comunidad\"],\"inLanguage\":\"es\"},{\"@type\":\"WebPage\",\"@id\":\"https:\/\/www.celttv.com.ar\/index.php\/2025\/10\/20\/doble-alerta-amarilla-por-tormentas-y-lluvias-en-tornquist-y-zona\/\",\"url\":\"https:\/\/www.celttv.com.ar\/index.php\/2025\/10\/20\/doble-alerta-amarilla-por-tormentas-y-lluvias-en-tornquist-y-zona\/\",\"name\":\"Doble alerta amarilla por tormentas y lluvias en Tornquist y zona - CELTTV\",\"isPartOf\":{\"@id\":\"https:\/\/www.celttv.com.ar\/#website\"},\"datePublished\":\"2025-10-21T02:06:38+00:00\",\"dateModified\":\"2025-10-21T02:06:38+00:00\",\"description\":\"Sitio web de noticias de la localidad de Tornquist, provincia de Buenos Aires, Rep\u00fablica Argentina. Contenido propio originado por periodistas de CELTTV, el canal de TV local de la Cooperativa El\u00e9ctrica de Tornquist. Turismo, Pol\u00edtica, Sociedad, Deporte, Cultura y todo el contenido de inter\u00e9s general que la gente del pueblo y la regi\u00f3n debe conocer.\",\"breadcrumb\":{\"@id\":\"https:\/\/www.celttv.com.ar\/index.php\/2025\/10\/20\/doble-alerta-amarilla-por-tormentas-y-lluvias-en-tornquist-y-zona\/#breadcrumb\"},\"inLanguage\":\"es\",\"potentialAction\":[{\"@type\":\"ReadAction\",\"target\":[\"https:\/\/www.celttv.com.ar\/index.php\/2025\/10\/20\/doble-alerta-amarilla-por-tormentas-y-lluvias-en-tornquist-y-zona\/\"]}]},{\"@type\":\"BreadcrumbList\",\"@id\":\"https:\/\/www.celttv.com.ar\/index.php\/2025\/10\/20\/doble-alerta-amarilla-por-tormentas-y-lluvias-en-tornquist-y-zona\/#breadcrumb\",\"itemListElement\":[{\"@type\":\"ListItem\",\"position\":1,\"name\":\"Inicio\",\"item\":\"https:\/\/www.celttv.com.ar\/\"},{\"@type\":\"ListItem\",\"position\":2,\"name\":\"Doble alerta amarilla por tormentas y lluvias en Tornquist y zona\"}]},{\"@type\":\"WebSite\",\"@id\":\"https:\/\/www.celttv.com.ar\/#website\",\"url\":\"https:\/\/www.celttv.com.ar\/\",\"name\":\"CELTTV\",\"description\":\"Cooperativa El\u00e9ctrica de Tornquist\",\"publisher\":{\"@id\":\"https:\/\/www.celttv.com.ar\/#organization\"},\"potentialAction\":[{\"@type\":\"SearchAction\",\"target\":{\"@type\":\"EntryPoint\",\"urlTemplate\":\"https:\/\/www.celttv.com.ar\/?s={search_term_string}\"},\"query-input\":\"required name=search_term_string\"}],\"inLanguage\":\"es\"},{\"@type\":\"Organization\",\"@id\":\"https:\/\/www.celttv.com.ar\/#organization\",\"name\":\"CELTTV\",\"url\":\"https:\/\/www.celttv.com.ar\/\",\"sameAs\":[\"https:\/\/www.youtube.com\/channel\/UCz_oIt8Hig64Ub-EmcNPIhg\",\"https:\/\/www.facebook.com\/celtTV\/\"],\"logo\":{\"@type\":\"ImageObject\",\"inLanguage\":\"es\",\"@id\":\"https:\/\/www.celttv.com.ar\/#\/schema\/logo\/image\/\",\"url\":\"http:\/\/www.celttv.com.ar\/wp-content\/uploads\/2022\/08\/logo-1.png\",\"contentUrl\":\"http:\/\/www.celttv.com.ar\/wp-content\/uploads\/2022\/08\/logo-1.png\",\"width\":461,\"height\":159,\"caption\":\"CELTTV\"},\"image\":{\"@id\":\"https:\/\/www.celttv.com.ar\/#\/schema\/logo\/image\/\"}},{\"@type\":\"Person\",\"@id\":\"https:\/\/www.celttv.com.ar\/#\/schema\/person\/9059dc91dc7204ef4182cdb65225f07d\",\"name\":\"Miguel Herrada\",\"image\":{\"@type\":\"ImageObject\",\"inLanguage\":\"es\",\"@id\":\"https:\/\/www.celttv.com.ar\/#\/schema\/person\/image\/\",\"url\":\"https:\/\/secure.gravatar.com\/avatar\/67724d5b3c716623ffd76bec7e45841a442ac3b456e914dbba90b0fad2b8e0b1?s=96&d=mm&r=g\",\"contentUrl\":\"https:\/\/secure.gravatar.com\/avatar\/67724d5b3c716623ffd76bec7e45841a442ac3b456e914dbba90b0fad2b8e0b1?s=96&d=mm&r=g\",\"caption\":\"Miguel Herrada\"}}]}<\/script>\n<!-- \/ Yoast SEO plugin. -->","yoast_head_json":{"title":"Doble alerta amarilla por tormentas y lluvias en Tornquist y zona - CELTTV","description":"Sitio web de noticias de la localidad de Tornquist, provincia de Buenos Aires, Rep\u00fablica Argentina. Contenido propio originado por periodistas de CELTTV, el canal de TV local de la Cooperativa El\u00e9ctrica de Tornquist. Turismo, Pol\u00edtica, Sociedad, Deporte, Cultura y todo el contenido de inter\u00e9s general que la gente del pueblo y la regi\u00f3n debe conocer.","robots":{"index":"index","follow":"follow","max-snippet":"max-snippet:-1","max-image-preview":"max-image-preview:large","max-video-preview":"max-video-preview:-1"},"canonical":"https:\/\/www.celttv.com.ar\/index.php\/2025\/10\/20\/doble-alerta-amarilla-por-tormentas-y-lluvias-en-tornquist-y-zona\/","og_locale":"es_ES","og_type":"article","og_title":"Doble alerta amarilla por tormentas y lluvias en Tornquist y zona - CELTTV","og_description":"Sitio web de noticias de la localidad de Tornquist, provincia de Buenos Aires, Rep\u00fablica Argentina. Contenido propio originado por periodistas de CELTTV, el canal de TV local de la Cooperativa El\u00e9ctrica de Tornquist. Turismo, Pol\u00edtica, Sociedad, Deporte, Cultura y todo el contenido de inter\u00e9s general que la gente del pueblo y la regi\u00f3n debe conocer.","og_url":"https:\/\/www.celttv.com.ar\/index.php\/2025\/10\/20\/doble-alerta-amarilla-por-tormentas-y-lluvias-en-tornquist-y-zona\/","og_site_name":"CELTTV","article_publisher":"https:\/\/www.facebook.com\/celtTV\/","article_published_time":"2025-10-21T02:06:38+00:00","og_image":[{"width":498,"height":729,"url":"https:\/\/www.celttv.com.ar\/wp-content\/uploads\/2025\/10\/doble-alerta-lunes.jpg","type":"image\/jpeg"}],"author":"Miguel Herrada","twitter_card":"summary_large_image","twitter_misc":{"Escrito por":"Miguel Herrada","Tiempo de lectura":"1 minuto"},"schema":{"@context":"https:\/\/schema.org","@graph":[{"@type":"NewsArticle","@id":"https:\/\/www.celttv.com.ar\/index.php\/2025\/10\/20\/doble-alerta-amarilla-por-tormentas-y-lluvias-en-tornquist-y-zona\/#article","isPartOf":{"@id":"https:\/\/www.celttv.com.ar\/index.php\/2025\/10\/20\/doble-alerta-amarilla-por-tormentas-y-lluvias-en-tornquist-y-zona\/"},"author":{"name":"Miguel Herrada","@id":"https:\/\/www.celttv.com.ar\/#\/schema\/person\/9059dc91dc7204ef4182cdb65225f07d"},"headline":"Doble alerta amarilla por tormentas y lluvias en Tornquist y zona","datePublished":"2025-10-21T02:06:38+00:00","dateModified":"2025-10-21T02:06:38+00:00","mainEntityOfPage":{"@id":"https:\/\/www.celttv.com.ar\/index.php\/2025\/10\/20\/doble-alerta-amarilla-por-tormentas-y-lluvias-en-tornquist-y-zona\/"},"wordCount":183,"publisher":{"@id":"https:\/\/www.celttv.com.ar\/#organization"},"articleSection":["Comunidad"],"inLanguage":"es"},{"@type":"WebPage","@id":"https:\/\/www.celttv.com.ar\/index.php\/2025\/10\/20\/doble-alerta-amarilla-por-tormentas-y-lluvias-en-tornquist-y-zona\/","url":"https:\/\/www.celttv.com.ar\/index.php\/2025\/10\/20\/doble-alerta-amarilla-por-tormentas-y-lluvias-en-tornquist-y-zona\/","name":"Doble alerta amarilla por tormentas y lluvias en Tornquist y zona - CELTTV","isPartOf":{"@id":"https:\/\/www.celttv.com.ar\/#website"},"datePublished":"2025-10-21T02:06:38+00:00","dateModified":"2025-10-21T02:06:38+00:00","description":"Sitio web de noticias de la localidad de Tornquist, provincia de Buenos Aires, Rep\u00fablica Argentina. Contenido propio originado por periodistas de CELTTV, el canal de TV local de la Cooperativa El\u00e9ctrica de Tornquist. Turismo, Pol\u00edtica, Sociedad, Deporte, Cultura y todo el contenido de inter\u00e9s general que la gente del pueblo y la regi\u00f3n debe conocer.","breadcrumb":{"@id":"https:\/\/www.celttv.com.ar\/index.php\/2025\/10\/20\/doble-alerta-amarilla-por-tormentas-y-lluvias-en-tornquist-y-zona\/#breadcrumb"},"inLanguage":"es","potentialAction":[{"@type":"ReadAction","target":["https:\/\/www.celttv.com.ar\/index.php\/2025\/10\/20\/doble-alerta-amarilla-por-tormentas-y-lluvias-en-tornquist-y-zona\/"]}]},{"@type":"BreadcrumbList","@id":"https:\/\/www.celttv.com.ar\/index.php\/2025\/10\/20\/doble-alerta-amarilla-por-tormentas-y-lluvias-en-tornquist-y-zona\/#breadcrumb","itemListElement":[{"@type":"ListItem","position":1,"name":"Inicio","item":"https:\/\/www.celttv.com.ar\/"},{"@type":"ListItem","position":2,"name":"Doble alerta amarilla por tormentas y lluvias en Tornquist y zona"}]},{"@type":"WebSite","@id":"https:\/\/www.celttv.com.ar\/#website","url":"https:\/\/www.celttv.com.ar\/","name":"CELTTV","description":"Cooperativa El\u00e9ctrica de Tornquist","publisher":{"@id":"https:\/\/www.celttv.com.ar\/#organization"},"potentialAction":[{"@type":"SearchAction","target":{"@type":"EntryPoint","urlTemplate":"https:\/\/www.celttv.com.ar\/?s={search_term_string}"},"query-input":"required name=search_term_string"}],"inLanguage":"es"},{"@type":"Organization","@id":"https:\/\/www.celttv.com.ar\/#organization","name":"CELTTV","url":"https:\/\/www.celttv.com.ar\/","sameAs":["https:\/\/www.youtube.com\/channel\/UCz_oIt8Hig64Ub-EmcNPIhg","https:\/\/www.facebook.com\/celtTV\/"],"logo":{"@type":"ImageObject","inLanguage":"es","@id":"https:\/\/www.celttv.com.ar\/#\/schema\/logo\/image\/","url":"http:\/\/www.celttv.com.ar\/wp-content\/uploads\/2022\/08\/logo-1.png","contentUrl":"http:\/\/www.celttv.com.ar\/wp-content\/uploads\/2022\/08\/logo-1.png","width":461,"height":159,"caption":"CELTTV"},"image":{"@id":"https:\/\/www.celttv.com.ar\/#\/schema\/logo\/image\/"}},{"@type":"Person","@id":"https:\/\/www.celttv.com.ar\/#\/schema\/person\/9059dc91dc7204ef4182cdb65225f07d","name":"Miguel Herrada","image":{"@type":"ImageObject","inLanguage":"es","@id":"https:\/\/www.celttv.com.ar\/#\/schema\/person\/image\/","url":"https:\/\/secure.gravatar.com\/avatar\/67724d5b3c716623ffd76bec7e45841a442ac3b456e914dbba90b0fad2b8e0b1?s=96&d=mm&r=g","contentUrl":"https:\/\/secure.gravatar.com\/avatar\/67724d5b3c716623ffd76bec7e45841a442ac3b456e914dbba90b0fad2b8e0b1?s=96&d=mm&r=g","caption":"Miguel Herrada"}}]}},"_links":{"self":[{"href":"https:\/\/www.celttv.com.ar\/index.php\/wp-json\/wp\/v2\/posts\/90153","targetHints":{"allow":["GET"]}}],"collection":[{"href":"https:\/\/www.celttv.com.ar\/index.php\/wp-json\/wp\/v2\/posts"}],"about":[{"href":"https:\/\/www.celttv.com.ar\/index.php\/wp-json\/wp\/v2\/types\/post"}],"author":[{"embeddable":true,"href":"https:\/\/www.celttv.com.ar\/index.php\/wp-json\/wp\/v2\/users\/5"}],"replies":[{"embeddable":true,"href":"https:\/\/www.celttv.com.ar\/index.php\/wp-json\/wp\/v2\/comments?post=90153"}],"version-history":[{"count":1,"href":"https:\/\/www.celttv.com.ar\/index.php\/wp-json\/wp\/v2\/posts\/90153\/revisions"}],"predecessor-version":[{"id":90155,"href":"https:\/\/www.celttv.com.ar\/index.php\/wp-json\/wp\/v2\/posts\/90153\/revisions\/90155"}],"wp:featuredmedia":[{"embeddable":true,"href":"https:\/\/www.celttv.com.ar\/index.php\/wp-json\/wp\/v2\/media\/90154"}],"wp:attachment":[{"href":"https:\/\/www.celttv.com.ar\/index.php\/wp-json\/wp\/v2\/media?parent=90153"}],"wp:term":[{"taxonomy":"category","embeddable":true,"href":"https:\/\/www.celttv.com.ar\/index.php\/wp-json\/wp\/v2\/categories?post=90153"},{"taxonomy":"post_tag","embeddable":true,"href":"https:\/\/www.celttv.com.ar\/index.php\/wp-json\/wp\/v2\/tags?post=90153"}],"curies":[{"name":"wp","href":"https:\/\/api.w.org\/{rel}","templated":true}]}}