{"id":90203,"date":"2025-10-30T16:08:34","date_gmt":"2025-10-30T19:08:34","guid":{"rendered":"https:\/\/www.celttv.com.ar\/?p=90203"},"modified":"2025-10-30T16:08:34","modified_gmt":"2025-10-30T19:08:34","slug":"hcd-los-temas-tratados-en-la-extraordinaria-del-29-10-25","status":"publish","type":"post","link":"https:\/\/www.celttv.com.ar\/index.php\/2025\/10\/30\/hcd-los-temas-tratados-en-la-extraordinaria-del-29-10-25\/","title":{"rendered":"HCD.: Los temas tratados en la extraordinaria del 29-10-25"},"content":{"rendered":"<p>Convocados por el Decreto N\u00ba 27\/25, el d\u00eda 29 del corriente los Concejales se hacen presentes en el Recinto del H.C.D. para realizar una Sesi\u00f3n Extraordinaria con el objeto de tratar los siguientes temas:<\/p>\n<p>&nbsp;<\/p>\n<ul>\n<li><strong><u>Nota N\u00ba 144\/25:<\/u><\/strong> Solicitud licencia anual Sr. Intendente Municipal.<\/li>\n<li><strong><u>#Expte. <\/u><\/strong><strong><u>N\u00ba 097\/25:<\/u><\/strong> &#8211; D.E. \u2013 Incremento Salarial Ejercicio 2025.<\/li>\n<li><strong><u>#Expte. <\/u><\/strong><strong><u>N\u00ba 374\/25:<\/u><\/strong> &#8211; Secretar\u00eda de Turismo \u2013 Concesi\u00f3n para la Explotaci\u00f3n Tur\u00edstica de la Unidad Fiscal \u2013 Parque Municipal Omar Cleppe Saldungaray.<\/li>\n<\/ul>\n<p>Por ausencia del Concejal Juan Cruz Marzialetti Jura como Concejal del Bloque Juntos Gerardo Fabi\u00e1n Bucchi.<\/p>\n<p>&nbsp;<\/p>\n<p><strong><u>Nota N\u00ba 144\/25:<\/u><\/strong> El Intendente Municipal Sr. Sergio Bordoni solicita Licencia Anual correspondiente a los a\u00f1os 2020 y 2021 por el t\u00e9rmino de 12 d\u00edas, a partir del d\u00eda 5 de noviembre y hasta el d\u00eda 16 de noviembre de 2025 inclusive.<\/p>\n<p>Se aprueba por unanimidad la licencia solicitada.<\/p>\n<p>&nbsp;<\/p>\n<p><strong><u>#Expte. <\/u><\/strong><strong><u>N\u00ba 097\/25:<\/u><\/strong> &#8211; D.E. \u2013 Incremento Salarial Ejercicio 2025.<\/p>\n<p>&nbsp;<\/p>\n<p>Se aprueba por unanimidad la Ordenanza N\u00ba 3981\/25 por la que se otorga un incremento salarial del 5% a partir del 1\u00ba de noviembre, para todas las para todas las categor\u00edas de los sueldos del personal municipal.<\/p>\n<p>&nbsp;<\/p>\n<p><strong><u>#Expte. <\/u><\/strong><strong><u>N\u00ba 374\/25:<\/u><\/strong> &#8211; Secretar\u00eda de Turismo \u2013 Concesi\u00f3n para la Explotaci\u00f3n Tur\u00edstica de la Unidad Fiscal \u2013 Parque Municipal Omar Cleppe Saldungaray.<\/p>\n<p>&nbsp;<\/p>\n<p>Se aprueba por unanimidad la Ordenanza N\u00ba 3982\/25 por la que se autoriza al Departamento Ejecutivo a Concesionar para su explotaci\u00f3n tur\u00edstica la Unidad Fiscal: \u201cParque Municipal Omar Cleppe\u201d, ubicada en la localidad de Saldungaray.<\/p>\n<p>Se autoriza al Departamento Ejecutivo a efectuar, en las condiciones que estime pertinentes, el llamado a Licitaci\u00f3n P\u00fablica para la explotaci\u00f3n de la Unidad Fiscal: \u201cParque Municipal Omar Cleppe\u201d.<\/p>\n<p>HONORABLE CONCEJO DELIBERANTE.<\/p>\n<p><img loading=\"lazy\" decoding=\"async\" class=\"alignnone size-medium wp-image-90204\" src=\"https:\/\/www.celttv.com.ar\/wp-content\/uploads\/2025\/10\/WhatsApp-Image-2025-10-30-at-07.38.10-225x300.jpeg\" alt=\"\" width=\"225\" height=\"300\" srcset=\"https:\/\/www.celttv.com.ar\/wp-content\/uploads\/2025\/10\/WhatsApp-Image-2025-10-30-at-07.38.10-225x300.jpeg 225w, https:\/\/www.celttv.com.ar\/wp-content\/uploads\/2025\/10\/WhatsApp-Image-2025-10-30-at-07.38.10-768x1024.jpeg 768w, https:\/\/www.celttv.com.ar\/wp-content\/uploads\/2025\/10\/WhatsApp-Image-2025-10-30-at-07.38.10-1152x1536.jpeg 1152w, https:\/\/www.celttv.com.ar\/wp-content\/uploads\/2025\/10\/WhatsApp-Image-2025-10-30-at-07.38.10-750x1000.jpeg 750w, https:\/\/www.celttv.com.ar\/wp-content\/uploads\/2025\/10\/WhatsApp-Image-2025-10-30-at-07.38.10-1140x1520.jpeg 1140w, https:\/\/www.celttv.com.ar\/wp-content\/uploads\/2025\/10\/WhatsApp-Image-2025-10-30-at-07.38.10.jpeg 1200w\" sizes=\"auto, (max-width: 225px) 100vw, 225px\" \/> <img loading=\"lazy\" decoding=\"async\" class=\"alignnone size-medium wp-image-90205\" src=\"https:\/\/www.celttv.com.ar\/wp-content\/uploads\/2025\/10\/WhatsApp-Image-2025-10-30-at-07.38.13-1-300x169.jpeg\" alt=\"\" width=\"300\" height=\"169\" srcset=\"https:\/\/www.celttv.com.ar\/wp-content\/uploads\/2025\/10\/WhatsApp-Image-2025-10-30-at-07.38.13-1-300x169.jpeg 300w, https:\/\/www.celttv.com.ar\/wp-content\/uploads\/2025\/10\/WhatsApp-Image-2025-10-30-at-07.38.13-1-1024x576.jpeg 1024w, https:\/\/www.celttv.com.ar\/wp-content\/uploads\/2025\/10\/WhatsApp-Image-2025-10-30-at-07.38.13-1-768x432.jpeg 768w, https:\/\/www.celttv.com.ar\/wp-content\/uploads\/2025\/10\/WhatsApp-Image-2025-10-30-at-07.38.13-1-1536x864.jpeg 1536w, https:\/\/www.celttv.com.ar\/wp-content\/uploads\/2025\/10\/WhatsApp-Image-2025-10-30-at-07.38.13-1-750x422.jpeg 750w, https:\/\/www.celttv.com.ar\/wp-content\/uploads\/2025\/10\/WhatsApp-Image-2025-10-30-at-07.38.13-1-1140x641.jpeg 1140w, https:\/\/www.celttv.com.ar\/wp-content\/uploads\/2025\/10\/WhatsApp-Image-2025-10-30-at-07.38.13-1.jpeg 1599w\" sizes=\"auto, (max-width: 300px) 100vw, 300px\" \/> <img loading=\"lazy\" decoding=\"async\" class=\"alignnone size-medium wp-image-90206\" src=\"https:\/\/www.celttv.com.ar\/wp-content\/uploads\/2025\/10\/WhatsApp-Image-2025-10-30-at-07.38.13-2-300x169.jpeg\" alt=\"\" width=\"300\" height=\"169\" srcset=\"https:\/\/www.celttv.com.ar\/wp-content\/uploads\/2025\/10\/WhatsApp-Image-2025-10-30-at-07.38.13-2-300x169.jpeg 300w, https:\/\/www.celttv.com.ar\/wp-content\/uploads\/2025\/10\/WhatsApp-Image-2025-10-30-at-07.38.13-2-1024x576.jpeg 1024w, https:\/\/www.celttv.com.ar\/wp-content\/uploads\/2025\/10\/WhatsApp-Image-2025-10-30-at-07.38.13-2-768x432.jpeg 768w, https:\/\/www.celttv.com.ar\/wp-content\/uploads\/2025\/10\/WhatsApp-Image-2025-10-30-at-07.38.13-2-1536x864.jpeg 1536w, https:\/\/www.celttv.com.ar\/wp-content\/uploads\/2025\/10\/WhatsApp-Image-2025-10-30-at-07.38.13-2-750x422.jpeg 750w, https:\/\/www.celttv.com.ar\/wp-content\/uploads\/2025\/10\/WhatsApp-Image-2025-10-30-at-07.38.13-2-1140x641.jpeg 1140w, https:\/\/www.celttv.com.ar\/wp-content\/uploads\/2025\/10\/WhatsApp-Image-2025-10-30-at-07.38.13-2.jpeg 1599w\" sizes=\"auto, (max-width: 300px) 100vw, 300px\" \/> <img loading=\"lazy\" decoding=\"async\" class=\"alignnone size-medium wp-image-90207\" src=\"https:\/\/www.celttv.com.ar\/wp-content\/uploads\/2025\/10\/WhatsApp-Image-2025-10-30-at-07.38.13-3-300x225.jpeg\" alt=\"\" width=\"300\" height=\"225\" srcset=\"https:\/\/www.celttv.com.ar\/wp-content\/uploads\/2025\/10\/WhatsApp-Image-2025-10-30-at-07.38.13-3-300x225.jpeg 300w, https:\/\/www.celttv.com.ar\/wp-content\/uploads\/2025\/10\/WhatsApp-Image-2025-10-30-at-07.38.13-3-1024x768.jpeg 1024w, https:\/\/www.celttv.com.ar\/wp-content\/uploads\/2025\/10\/WhatsApp-Image-2025-10-30-at-07.38.13-3-768x576.jpeg 768w, https:\/\/www.celttv.com.ar\/wp-content\/uploads\/2025\/10\/WhatsApp-Image-2025-10-30-at-07.38.13-3-1536x1152.jpeg 1536w, https:\/\/www.celttv.com.ar\/wp-content\/uploads\/2025\/10\/WhatsApp-Image-2025-10-30-at-07.38.13-3-750x563.jpeg 750w, https:\/\/www.celttv.com.ar\/wp-content\/uploads\/2025\/10\/WhatsApp-Image-2025-10-30-at-07.38.13-3-1140x855.jpeg 1140w, https:\/\/www.celttv.com.ar\/wp-content\/uploads\/2025\/10\/WhatsApp-Image-2025-10-30-at-07.38.13-3.jpeg 1600w\" sizes=\"auto, (max-width: 300px) 100vw, 300px\" \/> <img loading=\"lazy\" decoding=\"async\" class=\"alignnone size-medium wp-image-90208\" src=\"https:\/\/www.celttv.com.ar\/wp-content\/uploads\/2025\/10\/WhatsApp-Image-2025-10-30-at-07.38.13-225x300.jpeg\" alt=\"\" width=\"225\" height=\"300\" srcset=\"https:\/\/www.celttv.com.ar\/wp-content\/uploads\/2025\/10\/WhatsApp-Image-2025-10-30-at-07.38.13-225x300.jpeg 225w, https:\/\/www.celttv.com.ar\/wp-content\/uploads\/2025\/10\/WhatsApp-Image-2025-10-30-at-07.38.13-768x1024.jpeg 768w, https:\/\/www.celttv.com.ar\/wp-content\/uploads\/2025\/10\/WhatsApp-Image-2025-10-30-at-07.38.13-1152x1536.jpeg 1152w, https:\/\/www.celttv.com.ar\/wp-content\/uploads\/2025\/10\/WhatsApp-Image-2025-10-30-at-07.38.13-750x1000.jpeg 750w, https:\/\/www.celttv.com.ar\/wp-content\/uploads\/2025\/10\/WhatsApp-Image-2025-10-30-at-07.38.13-1140x1520.jpeg 1140w, https:\/\/www.celttv.com.ar\/wp-content\/uploads\/2025\/10\/WhatsApp-Image-2025-10-30-at-07.38.13.jpeg 1200w\" sizes=\"auto, (max-width: 225px) 100vw, 225px\" \/> <img loading=\"lazy\" decoding=\"async\" class=\"alignnone size-medium wp-image-90209\" src=\"https:\/\/www.celttv.com.ar\/wp-content\/uploads\/2025\/10\/WhatsApp-Image-2025-10-30-at-07.38.14-300x225.jpeg\" alt=\"\" width=\"300\" height=\"225\" srcset=\"https:\/\/www.celttv.com.ar\/wp-content\/uploads\/2025\/10\/WhatsApp-Image-2025-10-30-at-07.38.14-300x225.jpeg 300w, https:\/\/www.celttv.com.ar\/wp-content\/uploads\/2025\/10\/WhatsApp-Image-2025-10-30-at-07.38.14-1024x768.jpeg 1024w, https:\/\/www.celttv.com.ar\/wp-content\/uploads\/2025\/10\/WhatsApp-Image-2025-10-30-at-07.38.14-768x576.jpeg 768w, https:\/\/www.celttv.com.ar\/wp-content\/uploads\/2025\/10\/WhatsApp-Image-2025-10-30-at-07.38.14-1536x1152.jpeg 1536w, https:\/\/www.celttv.com.ar\/wp-content\/uploads\/2025\/10\/WhatsApp-Image-2025-10-30-at-07.38.14-750x563.jpeg 750w, https:\/\/www.celttv.com.ar\/wp-content\/uploads\/2025\/10\/WhatsApp-Image-2025-10-30-at-07.38.14-1140x855.jpeg 1140w, https:\/\/www.celttv.com.ar\/wp-content\/uploads\/2025\/10\/WhatsApp-Image-2025-10-30-at-07.38.14.jpeg 1600w\" sizes=\"auto, (max-width: 300px) 100vw, 300px\" \/> <img loading=\"lazy\" decoding=\"async\" class=\"alignnone size-medium wp-image-90210\" src=\"https:\/\/www.celttv.com.ar\/wp-content\/uploads\/2025\/10\/WhatsApp-Image-2025-10-30-at-10.38.18-170x300.jpeg\" alt=\"\" width=\"170\" height=\"300\" srcset=\"https:\/\/www.celttv.com.ar\/wp-content\/uploads\/2025\/10\/WhatsApp-Image-2025-10-30-at-10.38.18-170x300.jpeg 170w, https:\/\/www.celttv.com.ar\/wp-content\/uploads\/2025\/10\/WhatsApp-Image-2025-10-30-at-10.38.18-579x1024.jpeg 579w, https:\/\/www.celttv.com.ar\/wp-content\/uploads\/2025\/10\/WhatsApp-Image-2025-10-30-at-10.38.18-768x1359.jpeg 768w, https:\/\/www.celttv.com.ar\/wp-content\/uploads\/2025\/10\/WhatsApp-Image-2025-10-30-at-10.38.18-868x1536.jpeg 868w, https:\/\/www.celttv.com.ar\/wp-content\/uploads\/2025\/10\/WhatsApp-Image-2025-10-30-at-10.38.18-750x1327.jpeg 750w, https:\/\/www.celttv.com.ar\/wp-content\/uploads\/2025\/10\/WhatsApp-Image-2025-10-30-at-10.38.18.jpeg 904w\" sizes=\"auto, (max-width: 170px) 100vw, 170px\" \/><\/p>\n","protected":false},"excerpt":{"rendered":"<p>Convocados por el Decreto N\u00ba 27\/25, el d\u00eda 29 del corriente los Concejales se hacen presentes en el Recinto del H.C.D. para realizar una Sesi\u00f3n Extraordinaria con el objeto de tratar los siguientes temas: &nbsp; Nota N\u00ba 144\/25: Solicitud licencia anual Sr. Intendente Municipal. #Expte. N\u00ba 097\/25: &#8211; D.E. \u2013 Incremento Salarial Ejercicio 2025. #Expte. [&hellip;]<\/p>\n","protected":false},"author":5,"featured_media":90209,"comment_status":"closed","ping_status":"closed","sticky":false,"template":"","format":"standard","meta":{"footnotes":""},"categories":[53],"tags":[],"class_list":["post-90203","post","type-post","status-publish","format-standard","has-post-thumbnail","hentry","category-politica"],"yoast_head":"<!-- This site is optimized with the Yoast SEO plugin v19.7.1 - https:\/\/yoast.com\/wordpress\/plugins\/seo\/ -->\n<title>HCD.: Los temas tratados en la extraordinaria del 29-10-25 - CELTTV<\/title>\n<meta name=\"description\" content=\"Sitio web de noticias de la localidad de Tornquist, provincia de Buenos Aires, Rep\u00fablica Argentina. Contenido propio originado por periodistas de CELTTV, el canal de TV local de la Cooperativa El\u00e9ctrica de Tornquist. Turismo, Pol\u00edtica, Sociedad, Deporte, Cultura y todo el contenido de inter\u00e9s general que la gente del pueblo y la regi\u00f3n debe conocer.\" \/>\n<meta name=\"robots\" content=\"index, follow, max-snippet:-1, max-image-preview:large, max-video-preview:-1\" \/>\n<link rel=\"canonical\" href=\"https:\/\/www.celttv.com.ar\/index.php\/2025\/10\/30\/hcd-los-temas-tratados-en-la-extraordinaria-del-29-10-25\/\" \/>\n<meta property=\"og:locale\" content=\"es_ES\" \/>\n<meta property=\"og:type\" content=\"article\" \/>\n<meta property=\"og:title\" content=\"HCD.: Los temas tratados en la extraordinaria del 29-10-25 - CELTTV\" \/>\n<meta property=\"og:description\" content=\"Sitio web de noticias de la localidad de Tornquist, provincia de Buenos Aires, Rep\u00fablica Argentina. Contenido propio originado por periodistas de CELTTV, el canal de TV local de la Cooperativa El\u00e9ctrica de Tornquist. Turismo, Pol\u00edtica, Sociedad, Deporte, Cultura y todo el contenido de inter\u00e9s general que la gente del pueblo y la regi\u00f3n debe conocer.\" \/>\n<meta property=\"og:url\" content=\"https:\/\/www.celttv.com.ar\/index.php\/2025\/10\/30\/hcd-los-temas-tratados-en-la-extraordinaria-del-29-10-25\/\" \/>\n<meta property=\"og:site_name\" content=\"CELTTV\" \/>\n<meta property=\"article:publisher\" content=\"https:\/\/www.facebook.com\/celtTV\/\" \/>\n<meta property=\"article:published_time\" content=\"2025-10-30T19:08:34+00:00\" \/>\n<meta property=\"og:image\" content=\"https:\/\/www.celttv.com.ar\/wp-content\/uploads\/2025\/10\/WhatsApp-Image-2025-10-30-at-07.38.14.jpeg\" \/>\n\t<meta property=\"og:image:width\" content=\"1600\" \/>\n\t<meta property=\"og:image:height\" content=\"1200\" \/>\n\t<meta property=\"og:image:type\" content=\"image\/jpeg\" \/>\n<meta name=\"author\" content=\"Miguel Herrada\" \/>\n<meta name=\"twitter:card\" content=\"summary_large_image\" \/>\n<meta name=\"twitter:label1\" content=\"Escrito por\" \/>\n\t<meta name=\"twitter:data1\" content=\"Miguel Herrada\" \/>\n\t<meta name=\"twitter:label2\" content=\"Tiempo de lectura\" \/>\n\t<meta name=\"twitter:data2\" content=\"1 minuto\" \/>\n<script type=\"application\/ld+json\" class=\"yoast-schema-graph\">{\"@context\":\"https:\/\/schema.org\",\"@graph\":[{\"@type\":\"NewsArticle\",\"@id\":\"https:\/\/www.celttv.com.ar\/index.php\/2025\/10\/30\/hcd-los-temas-tratados-en-la-extraordinaria-del-29-10-25\/#article\",\"isPartOf\":{\"@id\":\"https:\/\/www.celttv.com.ar\/index.php\/2025\/10\/30\/hcd-los-temas-tratados-en-la-extraordinaria-del-29-10-25\/\"},\"author\":{\"name\":\"Miguel Herrada\",\"@id\":\"https:\/\/www.celttv.com.ar\/#\/schema\/person\/9059dc91dc7204ef4182cdb65225f07d\"},\"headline\":\"HCD.: Los temas tratados en la extraordinaria del 29-10-25\",\"datePublished\":\"2025-10-30T19:08:34+00:00\",\"dateModified\":\"2025-10-30T19:08:34+00:00\",\"mainEntityOfPage\":{\"@id\":\"https:\/\/www.celttv.com.ar\/index.php\/2025\/10\/30\/hcd-los-temas-tratados-en-la-extraordinaria-del-29-10-25\/\"},\"wordCount\":294,\"publisher\":{\"@id\":\"https:\/\/www.celttv.com.ar\/#organization\"},\"articleSection\":[\"Pol\u00edtica\"],\"inLanguage\":\"es\"},{\"@type\":\"WebPage\",\"@id\":\"https:\/\/www.celttv.com.ar\/index.php\/2025\/10\/30\/hcd-los-temas-tratados-en-la-extraordinaria-del-29-10-25\/\",\"url\":\"https:\/\/www.celttv.com.ar\/index.php\/2025\/10\/30\/hcd-los-temas-tratados-en-la-extraordinaria-del-29-10-25\/\",\"name\":\"HCD.: Los temas tratados en la extraordinaria del 29-10-25 - CELTTV\",\"isPartOf\":{\"@id\":\"https:\/\/www.celttv.com.ar\/#website\"},\"datePublished\":\"2025-10-30T19:08:34+00:00\",\"dateModified\":\"2025-10-30T19:08:34+00:00\",\"description\":\"Sitio web de noticias de la localidad de Tornquist, provincia de Buenos Aires, Rep\u00fablica Argentina. Contenido propio originado por periodistas de CELTTV, el canal de TV local de la Cooperativa El\u00e9ctrica de Tornquist. Turismo, Pol\u00edtica, Sociedad, Deporte, Cultura y todo el contenido de inter\u00e9s general que la gente del pueblo y la regi\u00f3n debe conocer.\",\"breadcrumb\":{\"@id\":\"https:\/\/www.celttv.com.ar\/index.php\/2025\/10\/30\/hcd-los-temas-tratados-en-la-extraordinaria-del-29-10-25\/#breadcrumb\"},\"inLanguage\":\"es\",\"potentialAction\":[{\"@type\":\"ReadAction\",\"target\":[\"https:\/\/www.celttv.com.ar\/index.php\/2025\/10\/30\/hcd-los-temas-tratados-en-la-extraordinaria-del-29-10-25\/\"]}]},{\"@type\":\"BreadcrumbList\",\"@id\":\"https:\/\/www.celttv.com.ar\/index.php\/2025\/10\/30\/hcd-los-temas-tratados-en-la-extraordinaria-del-29-10-25\/#breadcrumb\",\"itemListElement\":[{\"@type\":\"ListItem\",\"position\":1,\"name\":\"Inicio\",\"item\":\"https:\/\/www.celttv.com.ar\/\"},{\"@type\":\"ListItem\",\"position\":2,\"name\":\"HCD.: Los temas tratados en la extraordinaria del 29-10-25\"}]},{\"@type\":\"WebSite\",\"@id\":\"https:\/\/www.celttv.com.ar\/#website\",\"url\":\"https:\/\/www.celttv.com.ar\/\",\"name\":\"CELTTV\",\"description\":\"Cooperativa El\u00e9ctrica de Tornquist\",\"publisher\":{\"@id\":\"https:\/\/www.celttv.com.ar\/#organization\"},\"potentialAction\":[{\"@type\":\"SearchAction\",\"target\":{\"@type\":\"EntryPoint\",\"urlTemplate\":\"https:\/\/www.celttv.com.ar\/?s={search_term_string}\"},\"query-input\":\"required name=search_term_string\"}],\"inLanguage\":\"es\"},{\"@type\":\"Organization\",\"@id\":\"https:\/\/www.celttv.com.ar\/#organization\",\"name\":\"CELTTV\",\"url\":\"https:\/\/www.celttv.com.ar\/\",\"sameAs\":[\"https:\/\/www.youtube.com\/channel\/UCz_oIt8Hig64Ub-EmcNPIhg\",\"https:\/\/www.facebook.com\/celtTV\/\"],\"logo\":{\"@type\":\"ImageObject\",\"inLanguage\":\"es\",\"@id\":\"https:\/\/www.celttv.com.ar\/#\/schema\/logo\/image\/\",\"url\":\"http:\/\/www.celttv.com.ar\/wp-content\/uploads\/2022\/08\/logo-1.png\",\"contentUrl\":\"http:\/\/www.celttv.com.ar\/wp-content\/uploads\/2022\/08\/logo-1.png\",\"width\":461,\"height\":159,\"caption\":\"CELTTV\"},\"image\":{\"@id\":\"https:\/\/www.celttv.com.ar\/#\/schema\/logo\/image\/\"}},{\"@type\":\"Person\",\"@id\":\"https:\/\/www.celttv.com.ar\/#\/schema\/person\/9059dc91dc7204ef4182cdb65225f07d\",\"name\":\"Miguel Herrada\",\"image\":{\"@type\":\"ImageObject\",\"inLanguage\":\"es\",\"@id\":\"https:\/\/www.celttv.com.ar\/#\/schema\/person\/image\/\",\"url\":\"https:\/\/secure.gravatar.com\/avatar\/67724d5b3c716623ffd76bec7e45841a442ac3b456e914dbba90b0fad2b8e0b1?s=96&d=mm&r=g\",\"contentUrl\":\"https:\/\/secure.gravatar.com\/avatar\/67724d5b3c716623ffd76bec7e45841a442ac3b456e914dbba90b0fad2b8e0b1?s=96&d=mm&r=g\",\"caption\":\"Miguel Herrada\"}}]}<\/script>\n<!-- \/ Yoast SEO plugin. -->","yoast_head_json":{"title":"HCD.: Los temas tratados en la extraordinaria del 29-10-25 - CELTTV","description":"Sitio web de noticias de la localidad de Tornquist, provincia de Buenos Aires, Rep\u00fablica Argentina. Contenido propio originado por periodistas de CELTTV, el canal de TV local de la Cooperativa El\u00e9ctrica de Tornquist. Turismo, Pol\u00edtica, Sociedad, Deporte, Cultura y todo el contenido de inter\u00e9s general que la gente del pueblo y la regi\u00f3n debe conocer.","robots":{"index":"index","follow":"follow","max-snippet":"max-snippet:-1","max-image-preview":"max-image-preview:large","max-video-preview":"max-video-preview:-1"},"canonical":"https:\/\/www.celttv.com.ar\/index.php\/2025\/10\/30\/hcd-los-temas-tratados-en-la-extraordinaria-del-29-10-25\/","og_locale":"es_ES","og_type":"article","og_title":"HCD.: Los temas tratados en la extraordinaria del 29-10-25 - CELTTV","og_description":"Sitio web de noticias de la localidad de Tornquist, provincia de Buenos Aires, Rep\u00fablica Argentina. Contenido propio originado por periodistas de CELTTV, el canal de TV local de la Cooperativa El\u00e9ctrica de Tornquist. Turismo, Pol\u00edtica, Sociedad, Deporte, Cultura y todo el contenido de inter\u00e9s general que la gente del pueblo y la regi\u00f3n debe conocer.","og_url":"https:\/\/www.celttv.com.ar\/index.php\/2025\/10\/30\/hcd-los-temas-tratados-en-la-extraordinaria-del-29-10-25\/","og_site_name":"CELTTV","article_publisher":"https:\/\/www.facebook.com\/celtTV\/","article_published_time":"2025-10-30T19:08:34+00:00","og_image":[{"width":1600,"height":1200,"url":"https:\/\/www.celttv.com.ar\/wp-content\/uploads\/2025\/10\/WhatsApp-Image-2025-10-30-at-07.38.14.jpeg","type":"image\/jpeg"}],"author":"Miguel Herrada","twitter_card":"summary_large_image","twitter_misc":{"Escrito por":"Miguel Herrada","Tiempo de lectura":"1 minuto"},"schema":{"@context":"https:\/\/schema.org","@graph":[{"@type":"NewsArticle","@id":"https:\/\/www.celttv.com.ar\/index.php\/2025\/10\/30\/hcd-los-temas-tratados-en-la-extraordinaria-del-29-10-25\/#article","isPartOf":{"@id":"https:\/\/www.celttv.com.ar\/index.php\/2025\/10\/30\/hcd-los-temas-tratados-en-la-extraordinaria-del-29-10-25\/"},"author":{"name":"Miguel Herrada","@id":"https:\/\/www.celttv.com.ar\/#\/schema\/person\/9059dc91dc7204ef4182cdb65225f07d"},"headline":"HCD.: Los temas tratados en la extraordinaria del 29-10-25","datePublished":"2025-10-30T19:08:34+00:00","dateModified":"2025-10-30T19:08:34+00:00","mainEntityOfPage":{"@id":"https:\/\/www.celttv.com.ar\/index.php\/2025\/10\/30\/hcd-los-temas-tratados-en-la-extraordinaria-del-29-10-25\/"},"wordCount":294,"publisher":{"@id":"https:\/\/www.celttv.com.ar\/#organization"},"articleSection":["Pol\u00edtica"],"inLanguage":"es"},{"@type":"WebPage","@id":"https:\/\/www.celttv.com.ar\/index.php\/2025\/10\/30\/hcd-los-temas-tratados-en-la-extraordinaria-del-29-10-25\/","url":"https:\/\/www.celttv.com.ar\/index.php\/2025\/10\/30\/hcd-los-temas-tratados-en-la-extraordinaria-del-29-10-25\/","name":"HCD.: Los temas tratados en la extraordinaria del 29-10-25 - CELTTV","isPartOf":{"@id":"https:\/\/www.celttv.com.ar\/#website"},"datePublished":"2025-10-30T19:08:34+00:00","dateModified":"2025-10-30T19:08:34+00:00","description":"Sitio web de noticias de la localidad de Tornquist, provincia de Buenos Aires, Rep\u00fablica Argentina. Contenido propio originado por periodistas de CELTTV, el canal de TV local de la Cooperativa El\u00e9ctrica de Tornquist. Turismo, Pol\u00edtica, Sociedad, Deporte, Cultura y todo el contenido de inter\u00e9s general que la gente del pueblo y la regi\u00f3n debe conocer.","breadcrumb":{"@id":"https:\/\/www.celttv.com.ar\/index.php\/2025\/10\/30\/hcd-los-temas-tratados-en-la-extraordinaria-del-29-10-25\/#breadcrumb"},"inLanguage":"es","potentialAction":[{"@type":"ReadAction","target":["https:\/\/www.celttv.com.ar\/index.php\/2025\/10\/30\/hcd-los-temas-tratados-en-la-extraordinaria-del-29-10-25\/"]}]},{"@type":"BreadcrumbList","@id":"https:\/\/www.celttv.com.ar\/index.php\/2025\/10\/30\/hcd-los-temas-tratados-en-la-extraordinaria-del-29-10-25\/#breadcrumb","itemListElement":[{"@type":"ListItem","position":1,"name":"Inicio","item":"https:\/\/www.celttv.com.ar\/"},{"@type":"ListItem","position":2,"name":"HCD.: Los temas tratados en la extraordinaria del 29-10-25"}]},{"@type":"WebSite","@id":"https:\/\/www.celttv.com.ar\/#website","url":"https:\/\/www.celttv.com.ar\/","name":"CELTTV","description":"Cooperativa El\u00e9ctrica de Tornquist","publisher":{"@id":"https:\/\/www.celttv.com.ar\/#organization"},"potentialAction":[{"@type":"SearchAction","target":{"@type":"EntryPoint","urlTemplate":"https:\/\/www.celttv.com.ar\/?s={search_term_string}"},"query-input":"required name=search_term_string"}],"inLanguage":"es"},{"@type":"Organization","@id":"https:\/\/www.celttv.com.ar\/#organization","name":"CELTTV","url":"https:\/\/www.celttv.com.ar\/","sameAs":["https:\/\/www.youtube.com\/channel\/UCz_oIt8Hig64Ub-EmcNPIhg","https:\/\/www.facebook.com\/celtTV\/"],"logo":{"@type":"ImageObject","inLanguage":"es","@id":"https:\/\/www.celttv.com.ar\/#\/schema\/logo\/image\/","url":"http:\/\/www.celttv.com.ar\/wp-content\/uploads\/2022\/08\/logo-1.png","contentUrl":"http:\/\/www.celttv.com.ar\/wp-content\/uploads\/2022\/08\/logo-1.png","width":461,"height":159,"caption":"CELTTV"},"image":{"@id":"https:\/\/www.celttv.com.ar\/#\/schema\/logo\/image\/"}},{"@type":"Person","@id":"https:\/\/www.celttv.com.ar\/#\/schema\/person\/9059dc91dc7204ef4182cdb65225f07d","name":"Miguel Herrada","image":{"@type":"ImageObject","inLanguage":"es","@id":"https:\/\/www.celttv.com.ar\/#\/schema\/person\/image\/","url":"https:\/\/secure.gravatar.com\/avatar\/67724d5b3c716623ffd76bec7e45841a442ac3b456e914dbba90b0fad2b8e0b1?s=96&d=mm&r=g","contentUrl":"https:\/\/secure.gravatar.com\/avatar\/67724d5b3c716623ffd76bec7e45841a442ac3b456e914dbba90b0fad2b8e0b1?s=96&d=mm&r=g","caption":"Miguel Herrada"}}]}},"_links":{"self":[{"href":"https:\/\/www.celttv.com.ar\/index.php\/wp-json\/wp\/v2\/posts\/90203","targetHints":{"allow":["GET"]}}],"collection":[{"href":"https:\/\/www.celttv.com.ar\/index.php\/wp-json\/wp\/v2\/posts"}],"about":[{"href":"https:\/\/www.celttv.com.ar\/index.php\/wp-json\/wp\/v2\/types\/post"}],"author":[{"embeddable":true,"href":"https:\/\/www.celttv.com.ar\/index.php\/wp-json\/wp\/v2\/users\/5"}],"replies":[{"embeddable":true,"href":"https:\/\/www.celttv.com.ar\/index.php\/wp-json\/wp\/v2\/comments?post=90203"}],"version-history":[{"count":1,"href":"https:\/\/www.celttv.com.ar\/index.php\/wp-json\/wp\/v2\/posts\/90203\/revisions"}],"predecessor-version":[{"id":90211,"href":"https:\/\/www.celttv.com.ar\/index.php\/wp-json\/wp\/v2\/posts\/90203\/revisions\/90211"}],"wp:featuredmedia":[{"embeddable":true,"href":"https:\/\/www.celttv.com.ar\/index.php\/wp-json\/wp\/v2\/media\/90209"}],"wp:attachment":[{"href":"https:\/\/www.celttv.com.ar\/index.php\/wp-json\/wp\/v2\/media?parent=90203"}],"wp:term":[{"taxonomy":"category","embeddable":true,"href":"https:\/\/www.celttv.com.ar\/index.php\/wp-json\/wp\/v2\/categories?post=90203"},{"taxonomy":"post_tag","embeddable":true,"href":"https:\/\/www.celttv.com.ar\/index.php\/wp-json\/wp\/v2\/tags?post=90203"}],"curies":[{"name":"wp","href":"https:\/\/api.w.org\/{rel}","templated":true}]}}