{"id":90212,"date":"2025-10-30T16:13:47","date_gmt":"2025-10-30T19:13:47","guid":{"rendered":"https:\/\/www.celttv.com.ar\/?p=90212"},"modified":"2025-10-30T16:14:20","modified_gmt":"2025-10-30T19:14:20","slug":"4-de-noviembre-dia-no-laborable-por-el-aniversario-de-cambio-de-nombre-del-distrito","status":"publish","type":"post","link":"https:\/\/www.celttv.com.ar\/index.php\/2025\/10\/30\/4-de-noviembre-dia-no-laborable-por-el-aniversario-de-cambio-de-nombre-del-distrito\/","title":{"rendered":"4 de noviembre: D\u00eda no laborable por el aniversario de Cambio de Nombre del Distrito"},"content":{"rendered":"<p><strong>\u00a0<\/strong><\/p>\n<p><strong>4 de noviembre: D\u00eda no laborable por el aniversario de Cambio de Nombre del Distrito<\/strong><\/p>\n<p>Tornquist Municipio informa que, con motivo del 115\u00ba Aniversario de Cambio de Nombre del Distrito, el martes 4 de noviembre, mediante el Decreto 1489\/25, fue establecido d\u00eda no laborable.<\/p>\n<p>En ese sentido,no habr\u00e1 actividad en la administraci\u00f3n p\u00fablica y el Banco Provincia, y ser\u00e1 feriado optativo para el comercio, industria y dem\u00e1s rubros que se desarrollen dentro del partido.<\/p>\n<p><a href=\"https:\/\/www.celttv.com.ar\/wp-content\/uploads\/2025\/10\/Decreto-1489_25.pdf\">Decreto 1489_25<\/a><\/p>\n<p><img loading=\"lazy\" decoding=\"async\" class=\"alignnone size-medium wp-image-90214\" src=\"https:\/\/www.celttv.com.ar\/wp-content\/uploads\/2025\/10\/Muni-300x225.jpg\" alt=\"\" width=\"300\" height=\"225\" srcset=\"https:\/\/www.celttv.com.ar\/wp-content\/uploads\/2025\/10\/Muni-300x225.jpg 300w, https:\/\/www.celttv.com.ar\/wp-content\/uploads\/2025\/10\/Muni-1024x768.jpg 1024w, https:\/\/www.celttv.com.ar\/wp-content\/uploads\/2025\/10\/Muni-768x576.jpg 768w, https:\/\/www.celttv.com.ar\/wp-content\/uploads\/2025\/10\/Muni-750x563.jpg 750w, https:\/\/www.celttv.com.ar\/wp-content\/uploads\/2025\/10\/Muni.jpg 1080w\" sizes=\"auto, (max-width: 300px) 100vw, 300px\" \/><\/p>\n","protected":false},"excerpt":{"rendered":"<p>\u00a0 4 de noviembre: D\u00eda no laborable por el aniversario de Cambio de Nombre del Distrito Tornquist Municipio informa que, con motivo del 115\u00ba Aniversario de Cambio de Nombre del Distrito, el martes 4 de noviembre, mediante el Decreto 1489\/25, fue establecido d\u00eda no laborable. En ese sentido,no habr\u00e1 actividad en la administraci\u00f3n p\u00fablica y [&hellip;]<\/p>\n","protected":false},"author":5,"featured_media":90214,"comment_status":"closed","ping_status":"closed","sticky":false,"template":"","format":"standard","meta":{"footnotes":""},"categories":[59],"tags":[],"class_list":["post-90212","post","type-post","status-publish","format-standard","has-post-thumbnail","hentry","category-municipales"],"yoast_head":"<!-- This site is optimized with the Yoast SEO plugin v19.7.1 - https:\/\/yoast.com\/wordpress\/plugins\/seo\/ -->\n<title>4 de noviembre: D\u00eda no laborable por el aniversario de Cambio de Nombre del Distrito - CELTTV<\/title>\n<meta name=\"description\" content=\"Sitio web de noticias de la localidad de Tornquist, provincia de Buenos Aires, Rep\u00fablica Argentina. Contenido propio originado por periodistas de CELTTV, el canal de TV local de la Cooperativa El\u00e9ctrica de Tornquist. Turismo, Pol\u00edtica, Sociedad, Deporte, Cultura y todo el contenido de inter\u00e9s general que la gente del pueblo y la regi\u00f3n debe conocer.\" \/>\n<meta name=\"robots\" content=\"index, follow, max-snippet:-1, max-image-preview:large, max-video-preview:-1\" \/>\n<link rel=\"canonical\" href=\"https:\/\/www.celttv.com.ar\/index.php\/2025\/10\/30\/4-de-noviembre-dia-no-laborable-por-el-aniversario-de-cambio-de-nombre-del-distrito\/\" \/>\n<meta property=\"og:locale\" content=\"es_ES\" \/>\n<meta property=\"og:type\" content=\"article\" \/>\n<meta property=\"og:title\" content=\"4 de noviembre: D\u00eda no laborable por el aniversario de Cambio de Nombre del Distrito - CELTTV\" \/>\n<meta property=\"og:description\" content=\"Sitio web de noticias de la localidad de Tornquist, provincia de Buenos Aires, Rep\u00fablica Argentina. Contenido propio originado por periodistas de CELTTV, el canal de TV local de la Cooperativa El\u00e9ctrica de Tornquist. Turismo, Pol\u00edtica, Sociedad, Deporte, Cultura y todo el contenido de inter\u00e9s general que la gente del pueblo y la regi\u00f3n debe conocer.\" \/>\n<meta property=\"og:url\" content=\"https:\/\/www.celttv.com.ar\/index.php\/2025\/10\/30\/4-de-noviembre-dia-no-laborable-por-el-aniversario-de-cambio-de-nombre-del-distrito\/\" \/>\n<meta property=\"og:site_name\" content=\"CELTTV\" \/>\n<meta property=\"article:publisher\" content=\"https:\/\/www.facebook.com\/celtTV\/\" \/>\n<meta property=\"article:published_time\" content=\"2025-10-30T19:13:47+00:00\" \/>\n<meta property=\"article:modified_time\" content=\"2025-10-30T19:14:20+00:00\" \/>\n<meta property=\"og:image\" content=\"https:\/\/www.celttv.com.ar\/wp-content\/uploads\/2025\/10\/Muni.jpg\" \/>\n\t<meta property=\"og:image:width\" content=\"1080\" \/>\n\t<meta property=\"og:image:height\" content=\"810\" \/>\n\t<meta property=\"og:image:type\" content=\"image\/jpeg\" \/>\n<meta name=\"author\" content=\"Miguel Herrada\" \/>\n<meta name=\"twitter:card\" content=\"summary_large_image\" \/>\n<meta name=\"twitter:label1\" content=\"Escrito por\" \/>\n\t<meta name=\"twitter:data1\" content=\"Miguel Herrada\" \/>\n<script type=\"application\/ld+json\" class=\"yoast-schema-graph\">{\"@context\":\"https:\/\/schema.org\",\"@graph\":[{\"@type\":\"NewsArticle\",\"@id\":\"https:\/\/www.celttv.com.ar\/index.php\/2025\/10\/30\/4-de-noviembre-dia-no-laborable-por-el-aniversario-de-cambio-de-nombre-del-distrito\/#article\",\"isPartOf\":{\"@id\":\"https:\/\/www.celttv.com.ar\/index.php\/2025\/10\/30\/4-de-noviembre-dia-no-laborable-por-el-aniversario-de-cambio-de-nombre-del-distrito\/\"},\"author\":{\"name\":\"Miguel Herrada\",\"@id\":\"https:\/\/www.celttv.com.ar\/#\/schema\/person\/9059dc91dc7204ef4182cdb65225f07d\"},\"headline\":\"4 de noviembre: D\u00eda no laborable por el aniversario de Cambio de Nombre del Distrito\",\"datePublished\":\"2025-10-30T19:13:47+00:00\",\"dateModified\":\"2025-10-30T19:14:20+00:00\",\"mainEntityOfPage\":{\"@id\":\"https:\/\/www.celttv.com.ar\/index.php\/2025\/10\/30\/4-de-noviembre-dia-no-laborable-por-el-aniversario-de-cambio-de-nombre-del-distrito\/\"},\"wordCount\":92,\"publisher\":{\"@id\":\"https:\/\/www.celttv.com.ar\/#organization\"},\"articleSection\":[\"Municipales\"],\"inLanguage\":\"es\"},{\"@type\":\"WebPage\",\"@id\":\"https:\/\/www.celttv.com.ar\/index.php\/2025\/10\/30\/4-de-noviembre-dia-no-laborable-por-el-aniversario-de-cambio-de-nombre-del-distrito\/\",\"url\":\"https:\/\/www.celttv.com.ar\/index.php\/2025\/10\/30\/4-de-noviembre-dia-no-laborable-por-el-aniversario-de-cambio-de-nombre-del-distrito\/\",\"name\":\"4 de noviembre: D\u00eda no laborable por el aniversario de Cambio de Nombre del Distrito - CELTTV\",\"isPartOf\":{\"@id\":\"https:\/\/www.celttv.com.ar\/#website\"},\"datePublished\":\"2025-10-30T19:13:47+00:00\",\"dateModified\":\"2025-10-30T19:14:20+00:00\",\"description\":\"Sitio web de noticias de la localidad de Tornquist, provincia de Buenos Aires, Rep\u00fablica Argentina. Contenido propio originado por periodistas de CELTTV, el canal de TV local de la Cooperativa El\u00e9ctrica de Tornquist. Turismo, Pol\u00edtica, Sociedad, Deporte, Cultura y todo el contenido de inter\u00e9s general que la gente del pueblo y la regi\u00f3n debe conocer.\",\"breadcrumb\":{\"@id\":\"https:\/\/www.celttv.com.ar\/index.php\/2025\/10\/30\/4-de-noviembre-dia-no-laborable-por-el-aniversario-de-cambio-de-nombre-del-distrito\/#breadcrumb\"},\"inLanguage\":\"es\",\"potentialAction\":[{\"@type\":\"ReadAction\",\"target\":[\"https:\/\/www.celttv.com.ar\/index.php\/2025\/10\/30\/4-de-noviembre-dia-no-laborable-por-el-aniversario-de-cambio-de-nombre-del-distrito\/\"]}]},{\"@type\":\"BreadcrumbList\",\"@id\":\"https:\/\/www.celttv.com.ar\/index.php\/2025\/10\/30\/4-de-noviembre-dia-no-laborable-por-el-aniversario-de-cambio-de-nombre-del-distrito\/#breadcrumb\",\"itemListElement\":[{\"@type\":\"ListItem\",\"position\":1,\"name\":\"Inicio\",\"item\":\"https:\/\/www.celttv.com.ar\/\"},{\"@type\":\"ListItem\",\"position\":2,\"name\":\"4 de noviembre: D\u00eda no laborable por el aniversario de Cambio de Nombre del Distrito\"}]},{\"@type\":\"WebSite\",\"@id\":\"https:\/\/www.celttv.com.ar\/#website\",\"url\":\"https:\/\/www.celttv.com.ar\/\",\"name\":\"CELTTV\",\"description\":\"Cooperativa El\u00e9ctrica de Tornquist\",\"publisher\":{\"@id\":\"https:\/\/www.celttv.com.ar\/#organization\"},\"potentialAction\":[{\"@type\":\"SearchAction\",\"target\":{\"@type\":\"EntryPoint\",\"urlTemplate\":\"https:\/\/www.celttv.com.ar\/?s={search_term_string}\"},\"query-input\":\"required name=search_term_string\"}],\"inLanguage\":\"es\"},{\"@type\":\"Organization\",\"@id\":\"https:\/\/www.celttv.com.ar\/#organization\",\"name\":\"CELTTV\",\"url\":\"https:\/\/www.celttv.com.ar\/\",\"sameAs\":[\"https:\/\/www.youtube.com\/channel\/UCz_oIt8Hig64Ub-EmcNPIhg\",\"https:\/\/www.facebook.com\/celtTV\/\"],\"logo\":{\"@type\":\"ImageObject\",\"inLanguage\":\"es\",\"@id\":\"https:\/\/www.celttv.com.ar\/#\/schema\/logo\/image\/\",\"url\":\"http:\/\/www.celttv.com.ar\/wp-content\/uploads\/2022\/08\/logo-1.png\",\"contentUrl\":\"http:\/\/www.celttv.com.ar\/wp-content\/uploads\/2022\/08\/logo-1.png\",\"width\":461,\"height\":159,\"caption\":\"CELTTV\"},\"image\":{\"@id\":\"https:\/\/www.celttv.com.ar\/#\/schema\/logo\/image\/\"}},{\"@type\":\"Person\",\"@id\":\"https:\/\/www.celttv.com.ar\/#\/schema\/person\/9059dc91dc7204ef4182cdb65225f07d\",\"name\":\"Miguel Herrada\",\"image\":{\"@type\":\"ImageObject\",\"inLanguage\":\"es\",\"@id\":\"https:\/\/www.celttv.com.ar\/#\/schema\/person\/image\/\",\"url\":\"https:\/\/secure.gravatar.com\/avatar\/67724d5b3c716623ffd76bec7e45841a442ac3b456e914dbba90b0fad2b8e0b1?s=96&d=mm&r=g\",\"contentUrl\":\"https:\/\/secure.gravatar.com\/avatar\/67724d5b3c716623ffd76bec7e45841a442ac3b456e914dbba90b0fad2b8e0b1?s=96&d=mm&r=g\",\"caption\":\"Miguel Herrada\"}}]}<\/script>\n<!-- \/ Yoast SEO plugin. -->","yoast_head_json":{"title":"4 de noviembre: D\u00eda no laborable por el aniversario de Cambio de Nombre del Distrito - CELTTV","description":"Sitio web de noticias de la localidad de Tornquist, provincia de Buenos Aires, Rep\u00fablica Argentina. Contenido propio originado por periodistas de CELTTV, el canal de TV local de la Cooperativa El\u00e9ctrica de Tornquist. Turismo, Pol\u00edtica, Sociedad, Deporte, Cultura y todo el contenido de inter\u00e9s general que la gente del pueblo y la regi\u00f3n debe conocer.","robots":{"index":"index","follow":"follow","max-snippet":"max-snippet:-1","max-image-preview":"max-image-preview:large","max-video-preview":"max-video-preview:-1"},"canonical":"https:\/\/www.celttv.com.ar\/index.php\/2025\/10\/30\/4-de-noviembre-dia-no-laborable-por-el-aniversario-de-cambio-de-nombre-del-distrito\/","og_locale":"es_ES","og_type":"article","og_title":"4 de noviembre: D\u00eda no laborable por el aniversario de Cambio de Nombre del Distrito - CELTTV","og_description":"Sitio web de noticias de la localidad de Tornquist, provincia de Buenos Aires, Rep\u00fablica Argentina. Contenido propio originado por periodistas de CELTTV, el canal de TV local de la Cooperativa El\u00e9ctrica de Tornquist. Turismo, Pol\u00edtica, Sociedad, Deporte, Cultura y todo el contenido de inter\u00e9s general que la gente del pueblo y la regi\u00f3n debe conocer.","og_url":"https:\/\/www.celttv.com.ar\/index.php\/2025\/10\/30\/4-de-noviembre-dia-no-laborable-por-el-aniversario-de-cambio-de-nombre-del-distrito\/","og_site_name":"CELTTV","article_publisher":"https:\/\/www.facebook.com\/celtTV\/","article_published_time":"2025-10-30T19:13:47+00:00","article_modified_time":"2025-10-30T19:14:20+00:00","og_image":[{"width":1080,"height":810,"url":"https:\/\/www.celttv.com.ar\/wp-content\/uploads\/2025\/10\/Muni.jpg","type":"image\/jpeg"}],"author":"Miguel Herrada","twitter_card":"summary_large_image","twitter_misc":{"Escrito por":"Miguel Herrada"},"schema":{"@context":"https:\/\/schema.org","@graph":[{"@type":"NewsArticle","@id":"https:\/\/www.celttv.com.ar\/index.php\/2025\/10\/30\/4-de-noviembre-dia-no-laborable-por-el-aniversario-de-cambio-de-nombre-del-distrito\/#article","isPartOf":{"@id":"https:\/\/www.celttv.com.ar\/index.php\/2025\/10\/30\/4-de-noviembre-dia-no-laborable-por-el-aniversario-de-cambio-de-nombre-del-distrito\/"},"author":{"name":"Miguel Herrada","@id":"https:\/\/www.celttv.com.ar\/#\/schema\/person\/9059dc91dc7204ef4182cdb65225f07d"},"headline":"4 de noviembre: D\u00eda no laborable por el aniversario de Cambio de Nombre del Distrito","datePublished":"2025-10-30T19:13:47+00:00","dateModified":"2025-10-30T19:14:20+00:00","mainEntityOfPage":{"@id":"https:\/\/www.celttv.com.ar\/index.php\/2025\/10\/30\/4-de-noviembre-dia-no-laborable-por-el-aniversario-de-cambio-de-nombre-del-distrito\/"},"wordCount":92,"publisher":{"@id":"https:\/\/www.celttv.com.ar\/#organization"},"articleSection":["Municipales"],"inLanguage":"es"},{"@type":"WebPage","@id":"https:\/\/www.celttv.com.ar\/index.php\/2025\/10\/30\/4-de-noviembre-dia-no-laborable-por-el-aniversario-de-cambio-de-nombre-del-distrito\/","url":"https:\/\/www.celttv.com.ar\/index.php\/2025\/10\/30\/4-de-noviembre-dia-no-laborable-por-el-aniversario-de-cambio-de-nombre-del-distrito\/","name":"4 de noviembre: D\u00eda no laborable por el aniversario de Cambio de Nombre del Distrito - CELTTV","isPartOf":{"@id":"https:\/\/www.celttv.com.ar\/#website"},"datePublished":"2025-10-30T19:13:47+00:00","dateModified":"2025-10-30T19:14:20+00:00","description":"Sitio web de noticias de la localidad de Tornquist, provincia de Buenos Aires, Rep\u00fablica Argentina. Contenido propio originado por periodistas de CELTTV, el canal de TV local de la Cooperativa El\u00e9ctrica de Tornquist. Turismo, Pol\u00edtica, Sociedad, Deporte, Cultura y todo el contenido de inter\u00e9s general que la gente del pueblo y la regi\u00f3n debe conocer.","breadcrumb":{"@id":"https:\/\/www.celttv.com.ar\/index.php\/2025\/10\/30\/4-de-noviembre-dia-no-laborable-por-el-aniversario-de-cambio-de-nombre-del-distrito\/#breadcrumb"},"inLanguage":"es","potentialAction":[{"@type":"ReadAction","target":["https:\/\/www.celttv.com.ar\/index.php\/2025\/10\/30\/4-de-noviembre-dia-no-laborable-por-el-aniversario-de-cambio-de-nombre-del-distrito\/"]}]},{"@type":"BreadcrumbList","@id":"https:\/\/www.celttv.com.ar\/index.php\/2025\/10\/30\/4-de-noviembre-dia-no-laborable-por-el-aniversario-de-cambio-de-nombre-del-distrito\/#breadcrumb","itemListElement":[{"@type":"ListItem","position":1,"name":"Inicio","item":"https:\/\/www.celttv.com.ar\/"},{"@type":"ListItem","position":2,"name":"4 de noviembre: D\u00eda no laborable por el aniversario de Cambio de Nombre del Distrito"}]},{"@type":"WebSite","@id":"https:\/\/www.celttv.com.ar\/#website","url":"https:\/\/www.celttv.com.ar\/","name":"CELTTV","description":"Cooperativa El\u00e9ctrica de Tornquist","publisher":{"@id":"https:\/\/www.celttv.com.ar\/#organization"},"potentialAction":[{"@type":"SearchAction","target":{"@type":"EntryPoint","urlTemplate":"https:\/\/www.celttv.com.ar\/?s={search_term_string}"},"query-input":"required name=search_term_string"}],"inLanguage":"es"},{"@type":"Organization","@id":"https:\/\/www.celttv.com.ar\/#organization","name":"CELTTV","url":"https:\/\/www.celttv.com.ar\/","sameAs":["https:\/\/www.youtube.com\/channel\/UCz_oIt8Hig64Ub-EmcNPIhg","https:\/\/www.facebook.com\/celtTV\/"],"logo":{"@type":"ImageObject","inLanguage":"es","@id":"https:\/\/www.celttv.com.ar\/#\/schema\/logo\/image\/","url":"http:\/\/www.celttv.com.ar\/wp-content\/uploads\/2022\/08\/logo-1.png","contentUrl":"http:\/\/www.celttv.com.ar\/wp-content\/uploads\/2022\/08\/logo-1.png","width":461,"height":159,"caption":"CELTTV"},"image":{"@id":"https:\/\/www.celttv.com.ar\/#\/schema\/logo\/image\/"}},{"@type":"Person","@id":"https:\/\/www.celttv.com.ar\/#\/schema\/person\/9059dc91dc7204ef4182cdb65225f07d","name":"Miguel Herrada","image":{"@type":"ImageObject","inLanguage":"es","@id":"https:\/\/www.celttv.com.ar\/#\/schema\/person\/image\/","url":"https:\/\/secure.gravatar.com\/avatar\/67724d5b3c716623ffd76bec7e45841a442ac3b456e914dbba90b0fad2b8e0b1?s=96&d=mm&r=g","contentUrl":"https:\/\/secure.gravatar.com\/avatar\/67724d5b3c716623ffd76bec7e45841a442ac3b456e914dbba90b0fad2b8e0b1?s=96&d=mm&r=g","caption":"Miguel Herrada"}}]}},"_links":{"self":[{"href":"https:\/\/www.celttv.com.ar\/index.php\/wp-json\/wp\/v2\/posts\/90212","targetHints":{"allow":["GET"]}}],"collection":[{"href":"https:\/\/www.celttv.com.ar\/index.php\/wp-json\/wp\/v2\/posts"}],"about":[{"href":"https:\/\/www.celttv.com.ar\/index.php\/wp-json\/wp\/v2\/types\/post"}],"author":[{"embeddable":true,"href":"https:\/\/www.celttv.com.ar\/index.php\/wp-json\/wp\/v2\/users\/5"}],"replies":[{"embeddable":true,"href":"https:\/\/www.celttv.com.ar\/index.php\/wp-json\/wp\/v2\/comments?post=90212"}],"version-history":[{"count":1,"href":"https:\/\/www.celttv.com.ar\/index.php\/wp-json\/wp\/v2\/posts\/90212\/revisions"}],"predecessor-version":[{"id":90215,"href":"https:\/\/www.celttv.com.ar\/index.php\/wp-json\/wp\/v2\/posts\/90212\/revisions\/90215"}],"wp:featuredmedia":[{"embeddable":true,"href":"https:\/\/www.celttv.com.ar\/index.php\/wp-json\/wp\/v2\/media\/90214"}],"wp:attachment":[{"href":"https:\/\/www.celttv.com.ar\/index.php\/wp-json\/wp\/v2\/media?parent=90212"}],"wp:term":[{"taxonomy":"category","embeddable":true,"href":"https:\/\/www.celttv.com.ar\/index.php\/wp-json\/wp\/v2\/categories?post=90212"},{"taxonomy":"post_tag","embeddable":true,"href":"https:\/\/www.celttv.com.ar\/index.php\/wp-json\/wp\/v2\/tags?post=90212"}],"curies":[{"name":"wp","href":"https:\/\/api.w.org\/{rel}","templated":true}]}}