{"id":90216,"date":"2025-11-04T12:55:49","date_gmt":"2025-11-04T15:55:49","guid":{"rendered":"https:\/\/www.celttv.com.ar\/?p=90216"},"modified":"2025-11-04T12:55:49","modified_gmt":"2025-11-04T15:55:49","slug":"la-celt-continua-capacitando-a-su-personal","status":"publish","type":"post","link":"https:\/\/www.celttv.com.ar\/index.php\/2025\/11\/04\/la-celt-continua-capacitando-a-su-personal\/","title":{"rendered":"La CELT contin\u00faa capacitando a su personal"},"content":{"rendered":"<p>Continuando con los objetivos trazados por la Gerencia General y el Consejo de Administraci\u00f3n, la Cooperativa El\u00e9ctrica de Tornquist (CELT) llev\u00f3 adelante la 2\u00b0 jornada intensiva de capacitaci\u00f3n sobre Operaciones y Maniobras en Redes de Distribuci\u00f3n de Media y Baja Tensi\u00f3n, buscando\u00a0 garantizar, cada d\u00eda mas, un servicio seguro, eficiente y de calidad a toda la comunidad.<\/p>\n<p>Esta nueva instancia formativa estuvo a cargo del Ing. Eduardo T\u00e1rtaro, instructor designado por FUNDALUZ XXI (Fundaci\u00f3n de la Federaci\u00f3n de Luz y Fuerza), instituci\u00f3n reconocida a nivel nacional por su trayectoria en el perfeccionamiento t\u00e9cnico del sector el\u00e9ctrico.<\/p>\n<h4>Capacitaci\u00f3n y seguridad: \u201cEl trabajador debe ser el eje de toda la actividad\u201d<\/h4>\n<p>\u201cUno tiene la docencia un poco incorporada, comenz\u00f3 diciendo a CELTTV el Ing. Eduardo T\u00e1rtaro. Es un placer venir al interior, estar en contacto con la gente, con los trabajadores, y poder transmitir nuevos conocimientos, pr\u00e1cticas y normas que regulan nuestra actividad. Todo eso contribuye a que puedan desarrollar su tarea con mayor seguridad, porque el riesgo est\u00e1 siempre presente en nuestro trabajo. Lo importante es tomar las precauciones necesarias para evitar accidentes\u201d.<\/p>\n<p>Consultado sobre los avances en materia de seguridad laboral, se\u00f1al\u00f3 que \u201cen realidad estamos haciendo hincapi\u00e9 en la aplicaci\u00f3n de la Ley de Higiene y Seguridad, que si bien data del a\u00f1o 1979, todav\u00eda hay aspectos que cuesta aplicar, porque no est\u00e1n completamente arraigados. Seguimos trabajando para que esas normas se incorporen plenamente\u201d.<\/p>\n<p>A su vez, destac\u00f3 el papel de la tecnolog\u00eda: \u201cNo podemos dejar de mencionar los avances tecnol\u00f3gicos en materiales y equipos. Tenemos que ir incorpor\u00e1ndolos. Algunos trabajadores ya los utilizan, otros deben conocerlos, porque tarde o temprano llegar\u00e1n a todos los \u00e1mbitos\u201d.<\/p>\n<p>Sobre la evoluci\u00f3n del sector, explic\u00f3 que \u201cse ha dado un salto de calidad con el tiempo. Hoy el usuario conectado a la red el\u00e9ctrica no es el mismo de hace quince a\u00f1os: tiene m\u00e1s conocimiento y mayores exigencias. Por eso debemos estar a la altura para ofrecer un servicio de calidad\u201d.<\/p>\n<p>En ese sentido, subray\u00f3 que \u201cla rapidez en la respuesta del personal tambi\u00e9n es importante, pero siempre dentro del marco de seguridad que establecen las reglamentaciones vigentes. Hay procesos que pueden acelerarse y otros que deben respetar estrictamente las normas de seguridad\u201d.<\/p>\n<p>\u201cLa capacitaci\u00f3n es fundamental en este mundo globalizado\u201d, afirm\u00f3. \u201cCada d\u00eda necesitamos ser m\u00e1s competitivos y eficientes, y eso aplica a todas las distribuidoras y cooperativas el\u00e9ctricas. Las decisiones gubernamentales van cambiando y nos obligan a adaptarnos permanentemente\u201d.<\/p>\n<p>Tambi\u00e9n remarc\u00f3 que los cambios en la actividad han modificado las relaciones laborales. \u201cAntes, el personal ingresaba a una cooperativa y desarrollaba su tarea con un mismo sistema durante toda su carrera. Hoy las nuevas reglamentaciones y exigencias requieren formaci\u00f3n continua. Incluso el convenio colectivo de trabajo contempla esa necesidad de capacitaci\u00f3n permanente\u201d, explic\u00f3.<\/p>\n<p>Para finalizar, destac\u00f3 el eje central de toda pol\u00edtica laboral: \u201cDebemos priorizar la vida humana. La persona es el centro de todo. Trabajamos para que nadie tenga que lamentar accidentes. Esa es nuestra principal responsabilidad\u201d.<\/p>\n<p>En esta oportunidad, adem\u00e1s de los operarios de nuestra cooperativa, tambi\u00e9n participaron como invitados trabajadores de las Cooperativas El\u00e9ctricas de Sierra de la Ventana, Dufaur y Chasic\u00f3, fortaleciendo el intercambio de experiencias y conocimientos entre distintas entidades de la regi\u00f3n.<\/p>\n<p><iframe loading=\"lazy\" title=\"2025 10 28 NOTA A EDUARDO TARTARA   FUNDALUZ\" width=\"500\" height=\"281\" src=\"https:\/\/www.youtube.com\/embed\/ZFxhc_aMnVc?feature=oembed\" frameborder=\"0\" allow=\"accelerometer; autoplay; clipboard-write; encrypted-media; gyroscope; picture-in-picture; web-share\" referrerpolicy=\"strict-origin-when-cross-origin\" allowfullscreen><\/iframe><\/p>\n<p><img loading=\"lazy\" decoding=\"async\" class=\"alignnone wp-image-90263 size-large\" src=\"https:\/\/www.celttv.com.ar\/wp-content\/uploads\/2025\/11\/IMG_3189-Medium-1024x683.jpg\" alt=\"\" width=\"1024\" height=\"683\" srcset=\"https:\/\/www.celttv.com.ar\/wp-content\/uploads\/2025\/11\/IMG_3189-Medium-1024x683.jpg 1024w, https:\/\/www.celttv.com.ar\/wp-content\/uploads\/2025\/11\/IMG_3189-Medium-300x200.jpg 300w, https:\/\/www.celttv.com.ar\/wp-content\/uploads\/2025\/11\/IMG_3189-Medium-768x512.jpg 768w, https:\/\/www.celttv.com.ar\/wp-content\/uploads\/2025\/11\/IMG_3189-Medium-750x500.jpg 750w, https:\/\/www.celttv.com.ar\/wp-content\/uploads\/2025\/11\/IMG_3189-Medium-1140x760.jpg 1140w, https:\/\/www.celttv.com.ar\/wp-content\/uploads\/2025\/11\/IMG_3189-Medium.jpg 1152w\" sizes=\"auto, (max-width: 1024px) 100vw, 1024px\" \/> <img loading=\"lazy\" decoding=\"async\" class=\"alignnone wp-image-90264 size-large\" src=\"https:\/\/www.celttv.com.ar\/wp-content\/uploads\/2025\/11\/IMG_3190-Medium-1024x683.jpg\" alt=\"\" width=\"1024\" height=\"683\" srcset=\"https:\/\/www.celttv.com.ar\/wp-content\/uploads\/2025\/11\/IMG_3190-Medium-1024x683.jpg 1024w, https:\/\/www.celttv.com.ar\/wp-content\/uploads\/2025\/11\/IMG_3190-Medium-300x200.jpg 300w, https:\/\/www.celttv.com.ar\/wp-content\/uploads\/2025\/11\/IMG_3190-Medium-768x512.jpg 768w, https:\/\/www.celttv.com.ar\/wp-content\/uploads\/2025\/11\/IMG_3190-Medium-750x500.jpg 750w, https:\/\/www.celttv.com.ar\/wp-content\/uploads\/2025\/11\/IMG_3190-Medium-1140x760.jpg 1140w, https:\/\/www.celttv.com.ar\/wp-content\/uploads\/2025\/11\/IMG_3190-Medium.jpg 1152w\" sizes=\"auto, (max-width: 1024px) 100vw, 1024px\" \/> <img loading=\"lazy\" decoding=\"async\" class=\"alignnone wp-image-90266 size-large\" src=\"https:\/\/www.celttv.com.ar\/wp-content\/uploads\/2025\/11\/IMG_3192-Medium-1024x683.jpg\" alt=\"\" width=\"1024\" height=\"683\" srcset=\"https:\/\/www.celttv.com.ar\/wp-content\/uploads\/2025\/11\/IMG_3192-Medium-1024x683.jpg 1024w, https:\/\/www.celttv.com.ar\/wp-content\/uploads\/2025\/11\/IMG_3192-Medium-300x200.jpg 300w, https:\/\/www.celttv.com.ar\/wp-content\/uploads\/2025\/11\/IMG_3192-Medium-768x512.jpg 768w, https:\/\/www.celttv.com.ar\/wp-content\/uploads\/2025\/11\/IMG_3192-Medium-750x500.jpg 750w, https:\/\/www.celttv.com.ar\/wp-content\/uploads\/2025\/11\/IMG_3192-Medium-1140x760.jpg 1140w, https:\/\/www.celttv.com.ar\/wp-content\/uploads\/2025\/11\/IMG_3192-Medium.jpg 1152w\" sizes=\"auto, (max-width: 1024px) 100vw, 1024px\" \/> <img loading=\"lazy\" decoding=\"async\" class=\"alignnone wp-image-90267 size-large\" src=\"https:\/\/www.celttv.com.ar\/wp-content\/uploads\/2025\/11\/IMG_3193-Medium-1024x683.jpg\" alt=\"\" width=\"1024\" height=\"683\" srcset=\"https:\/\/www.celttv.com.ar\/wp-content\/uploads\/2025\/11\/IMG_3193-Medium-1024x683.jpg 1024w, https:\/\/www.celttv.com.ar\/wp-content\/uploads\/2025\/11\/IMG_3193-Medium-300x200.jpg 300w, https:\/\/www.celttv.com.ar\/wp-content\/uploads\/2025\/11\/IMG_3193-Medium-768x512.jpg 768w, https:\/\/www.celttv.com.ar\/wp-content\/uploads\/2025\/11\/IMG_3193-Medium-750x500.jpg 750w, https:\/\/www.celttv.com.ar\/wp-content\/uploads\/2025\/11\/IMG_3193-Medium-1140x760.jpg 1140w, https:\/\/www.celttv.com.ar\/wp-content\/uploads\/2025\/11\/IMG_3193-Medium.jpg 1152w\" sizes=\"auto, (max-width: 1024px) 100vw, 1024px\" \/> <img loading=\"lazy\" decoding=\"async\" class=\"alignnone wp-image-90268 size-large\" src=\"https:\/\/www.celttv.com.ar\/wp-content\/uploads\/2025\/11\/IMG_3194-Medium-1024x683.jpg\" alt=\"\" width=\"1024\" height=\"683\" srcset=\"https:\/\/www.celttv.com.ar\/wp-content\/uploads\/2025\/11\/IMG_3194-Medium-1024x683.jpg 1024w, https:\/\/www.celttv.com.ar\/wp-content\/uploads\/2025\/11\/IMG_3194-Medium-300x200.jpg 300w, https:\/\/www.celttv.com.ar\/wp-content\/uploads\/2025\/11\/IMG_3194-Medium-768x512.jpg 768w, https:\/\/www.celttv.com.ar\/wp-content\/uploads\/2025\/11\/IMG_3194-Medium-750x500.jpg 750w, https:\/\/www.celttv.com.ar\/wp-content\/uploads\/2025\/11\/IMG_3194-Medium-1140x760.jpg 1140w, https:\/\/www.celttv.com.ar\/wp-content\/uploads\/2025\/11\/IMG_3194-Medium.jpg 1152w\" sizes=\"auto, (max-width: 1024px) 100vw, 1024px\" \/> <img loading=\"lazy\" decoding=\"async\" class=\"alignnone wp-image-90269 size-large\" src=\"https:\/\/www.celttv.com.ar\/wp-content\/uploads\/2025\/11\/IMG_3195-Medium-1024x683.jpg\" alt=\"\" width=\"1024\" height=\"683\" srcset=\"https:\/\/www.celttv.com.ar\/wp-content\/uploads\/2025\/11\/IMG_3195-Medium-1024x683.jpg 1024w, https:\/\/www.celttv.com.ar\/wp-content\/uploads\/2025\/11\/IMG_3195-Medium-300x200.jpg 300w, https:\/\/www.celttv.com.ar\/wp-content\/uploads\/2025\/11\/IMG_3195-Medium-768x512.jpg 768w, https:\/\/www.celttv.com.ar\/wp-content\/uploads\/2025\/11\/IMG_3195-Medium-750x500.jpg 750w, https:\/\/www.celttv.com.ar\/wp-content\/uploads\/2025\/11\/IMG_3195-Medium-1140x760.jpg 1140w, https:\/\/www.celttv.com.ar\/wp-content\/uploads\/2025\/11\/IMG_3195-Medium.jpg 1152w\" sizes=\"auto, (max-width: 1024px) 100vw, 1024px\" \/> <img loading=\"lazy\" decoding=\"async\" class=\"alignnone wp-image-90270 size-large\" src=\"https:\/\/www.celttv.com.ar\/wp-content\/uploads\/2025\/11\/IMG_3196-Medium-1024x683.jpg\" alt=\"\" width=\"1024\" height=\"683\" srcset=\"https:\/\/www.celttv.com.ar\/wp-content\/uploads\/2025\/11\/IMG_3196-Medium-1024x683.jpg 1024w, https:\/\/www.celttv.com.ar\/wp-content\/uploads\/2025\/11\/IMG_3196-Medium-300x200.jpg 300w, https:\/\/www.celttv.com.ar\/wp-content\/uploads\/2025\/11\/IMG_3196-Medium-768x512.jpg 768w, https:\/\/www.celttv.com.ar\/wp-content\/uploads\/2025\/11\/IMG_3196-Medium-750x500.jpg 750w, https:\/\/www.celttv.com.ar\/wp-content\/uploads\/2025\/11\/IMG_3196-Medium-1140x760.jpg 1140w, https:\/\/www.celttv.com.ar\/wp-content\/uploads\/2025\/11\/IMG_3196-Medium.jpg 1152w\" sizes=\"auto, (max-width: 1024px) 100vw, 1024px\" \/> <img loading=\"lazy\" decoding=\"async\" class=\"alignnone wp-image-90272 size-large\" src=\"https:\/\/www.celttv.com.ar\/wp-content\/uploads\/2025\/11\/IMG_3198-Medium-1024x683.jpg\" alt=\"\" width=\"1024\" height=\"683\" srcset=\"https:\/\/www.celttv.com.ar\/wp-content\/uploads\/2025\/11\/IMG_3198-Medium-1024x683.jpg 1024w, https:\/\/www.celttv.com.ar\/wp-content\/uploads\/2025\/11\/IMG_3198-Medium-300x200.jpg 300w, https:\/\/www.celttv.com.ar\/wp-content\/uploads\/2025\/11\/IMG_3198-Medium-768x512.jpg 768w, https:\/\/www.celttv.com.ar\/wp-content\/uploads\/2025\/11\/IMG_3198-Medium-750x500.jpg 750w, https:\/\/www.celttv.com.ar\/wp-content\/uploads\/2025\/11\/IMG_3198-Medium-1140x760.jpg 1140w, https:\/\/www.celttv.com.ar\/wp-content\/uploads\/2025\/11\/IMG_3198-Medium.jpg 1152w\" sizes=\"auto, (max-width: 1024px) 100vw, 1024px\" \/><\/p>\n","protected":false},"excerpt":{"rendered":"<p>Continuando con los objetivos trazados por la Gerencia General y el Consejo de Administraci\u00f3n, la Cooperativa El\u00e9ctrica de Tornquist (CELT) llev\u00f3 adelante la 2\u00b0 jornada intensiva de capacitaci\u00f3n sobre Operaciones y Maniobras en Redes de Distribuci\u00f3n de Media y Baja Tensi\u00f3n, buscando\u00a0 garantizar, cada d\u00eda mas, un servicio seguro, eficiente y de calidad a toda [&hellip;]<\/p>\n","protected":false},"author":5,"featured_media":90263,"comment_status":"closed","ping_status":"closed","sticky":false,"template":"","format":"standard","meta":{"footnotes":""},"categories":[55,1],"tags":[],"class_list":["post-90216","post","type-post","status-publish","format-standard","has-post-thumbnail","hentry","category-celt-tv-noticias","category-sin-categoria"],"yoast_head":"<!-- This site is optimized with the Yoast SEO plugin v19.7.1 - https:\/\/yoast.com\/wordpress\/plugins\/seo\/ -->\n<title>La CELT contin\u00faa capacitando a su personal - CELTTV<\/title>\n<meta name=\"description\" content=\"Sitio web de noticias de la localidad de Tornquist, provincia de Buenos Aires, Rep\u00fablica Argentina. Contenido propio originado por periodistas de CELTTV, el canal de TV local de la Cooperativa El\u00e9ctrica de Tornquist. Turismo, Pol\u00edtica, Sociedad, Deporte, Cultura y todo el contenido de inter\u00e9s general que la gente del pueblo y la regi\u00f3n debe conocer.\" \/>\n<meta name=\"robots\" content=\"index, follow, max-snippet:-1, max-image-preview:large, max-video-preview:-1\" \/>\n<link rel=\"canonical\" href=\"https:\/\/www.celttv.com.ar\/index.php\/2025\/11\/04\/la-celt-continua-capacitando-a-su-personal\/\" \/>\n<meta property=\"og:locale\" content=\"es_ES\" \/>\n<meta property=\"og:type\" content=\"article\" \/>\n<meta property=\"og:title\" content=\"La CELT contin\u00faa capacitando a su personal - CELTTV\" \/>\n<meta property=\"og:description\" content=\"Sitio web de noticias de la localidad de Tornquist, provincia de Buenos Aires, Rep\u00fablica Argentina. Contenido propio originado por periodistas de CELTTV, el canal de TV local de la Cooperativa El\u00e9ctrica de Tornquist. Turismo, Pol\u00edtica, Sociedad, Deporte, Cultura y todo el contenido de inter\u00e9s general que la gente del pueblo y la regi\u00f3n debe conocer.\" \/>\n<meta property=\"og:url\" content=\"https:\/\/www.celttv.com.ar\/index.php\/2025\/11\/04\/la-celt-continua-capacitando-a-su-personal\/\" \/>\n<meta property=\"og:site_name\" content=\"CELTTV\" \/>\n<meta property=\"article:publisher\" content=\"https:\/\/www.facebook.com\/celtTV\/\" \/>\n<meta property=\"article:published_time\" content=\"2025-11-04T15:55:49+00:00\" \/>\n<meta property=\"og:image\" content=\"https:\/\/www.celttv.com.ar\/wp-content\/uploads\/2025\/11\/IMG_3189-Medium.jpg\" \/>\n\t<meta property=\"og:image:width\" content=\"1152\" \/>\n\t<meta property=\"og:image:height\" content=\"768\" \/>\n\t<meta property=\"og:image:type\" content=\"image\/jpeg\" \/>\n<meta name=\"author\" content=\"Miguel Herrada\" \/>\n<meta name=\"twitter:card\" content=\"summary_large_image\" \/>\n<meta name=\"twitter:label1\" content=\"Escrito por\" \/>\n\t<meta name=\"twitter:data1\" content=\"Miguel Herrada\" \/>\n\t<meta name=\"twitter:label2\" content=\"Tiempo de lectura\" \/>\n\t<meta name=\"twitter:data2\" content=\"3 minutos\" \/>\n<script type=\"application\/ld+json\" class=\"yoast-schema-graph\">{\"@context\":\"https:\/\/schema.org\",\"@graph\":[{\"@type\":\"NewsArticle\",\"@id\":\"https:\/\/www.celttv.com.ar\/index.php\/2025\/11\/04\/la-celt-continua-capacitando-a-su-personal\/#article\",\"isPartOf\":{\"@id\":\"https:\/\/www.celttv.com.ar\/index.php\/2025\/11\/04\/la-celt-continua-capacitando-a-su-personal\/\"},\"author\":{\"name\":\"Miguel Herrada\",\"@id\":\"https:\/\/www.celttv.com.ar\/#\/schema\/person\/9059dc91dc7204ef4182cdb65225f07d\"},\"headline\":\"La CELT contin\u00faa capacitando a su personal\",\"datePublished\":\"2025-11-04T15:55:49+00:00\",\"dateModified\":\"2025-11-04T15:55:49+00:00\",\"mainEntityOfPage\":{\"@id\":\"https:\/\/www.celttv.com.ar\/index.php\/2025\/11\/04\/la-celt-continua-capacitando-a-su-personal\/\"},\"wordCount\":590,\"publisher\":{\"@id\":\"https:\/\/www.celttv.com.ar\/#organization\"},\"articleSection\":[\"Celt TV Noticias\"],\"inLanguage\":\"es\"},{\"@type\":\"WebPage\",\"@id\":\"https:\/\/www.celttv.com.ar\/index.php\/2025\/11\/04\/la-celt-continua-capacitando-a-su-personal\/\",\"url\":\"https:\/\/www.celttv.com.ar\/index.php\/2025\/11\/04\/la-celt-continua-capacitando-a-su-personal\/\",\"name\":\"La CELT contin\u00faa capacitando a su personal - CELTTV\",\"isPartOf\":{\"@id\":\"https:\/\/www.celttv.com.ar\/#website\"},\"datePublished\":\"2025-11-04T15:55:49+00:00\",\"dateModified\":\"2025-11-04T15:55:49+00:00\",\"description\":\"Sitio web de noticias de la localidad de Tornquist, provincia de Buenos Aires, Rep\u00fablica Argentina. Contenido propio originado por periodistas de CELTTV, el canal de TV local de la Cooperativa El\u00e9ctrica de Tornquist. Turismo, Pol\u00edtica, Sociedad, Deporte, Cultura y todo el contenido de inter\u00e9s general que la gente del pueblo y la regi\u00f3n debe conocer.\",\"breadcrumb\":{\"@id\":\"https:\/\/www.celttv.com.ar\/index.php\/2025\/11\/04\/la-celt-continua-capacitando-a-su-personal\/#breadcrumb\"},\"inLanguage\":\"es\",\"potentialAction\":[{\"@type\":\"ReadAction\",\"target\":[\"https:\/\/www.celttv.com.ar\/index.php\/2025\/11\/04\/la-celt-continua-capacitando-a-su-personal\/\"]}]},{\"@type\":\"BreadcrumbList\",\"@id\":\"https:\/\/www.celttv.com.ar\/index.php\/2025\/11\/04\/la-celt-continua-capacitando-a-su-personal\/#breadcrumb\",\"itemListElement\":[{\"@type\":\"ListItem\",\"position\":1,\"name\":\"Inicio\",\"item\":\"https:\/\/www.celttv.com.ar\/\"},{\"@type\":\"ListItem\",\"position\":2,\"name\":\"La CELT contin\u00faa capacitando a su personal\"}]},{\"@type\":\"WebSite\",\"@id\":\"https:\/\/www.celttv.com.ar\/#website\",\"url\":\"https:\/\/www.celttv.com.ar\/\",\"name\":\"CELTTV\",\"description\":\"Cooperativa El\u00e9ctrica de Tornquist\",\"publisher\":{\"@id\":\"https:\/\/www.celttv.com.ar\/#organization\"},\"potentialAction\":[{\"@type\":\"SearchAction\",\"target\":{\"@type\":\"EntryPoint\",\"urlTemplate\":\"https:\/\/www.celttv.com.ar\/?s={search_term_string}\"},\"query-input\":\"required name=search_term_string\"}],\"inLanguage\":\"es\"},{\"@type\":\"Organization\",\"@id\":\"https:\/\/www.celttv.com.ar\/#organization\",\"name\":\"CELTTV\",\"url\":\"https:\/\/www.celttv.com.ar\/\",\"sameAs\":[\"https:\/\/www.youtube.com\/channel\/UCz_oIt8Hig64Ub-EmcNPIhg\",\"https:\/\/www.facebook.com\/celtTV\/\"],\"logo\":{\"@type\":\"ImageObject\",\"inLanguage\":\"es\",\"@id\":\"https:\/\/www.celttv.com.ar\/#\/schema\/logo\/image\/\",\"url\":\"http:\/\/www.celttv.com.ar\/wp-content\/uploads\/2022\/08\/logo-1.png\",\"contentUrl\":\"http:\/\/www.celttv.com.ar\/wp-content\/uploads\/2022\/08\/logo-1.png\",\"width\":461,\"height\":159,\"caption\":\"CELTTV\"},\"image\":{\"@id\":\"https:\/\/www.celttv.com.ar\/#\/schema\/logo\/image\/\"}},{\"@type\":\"Person\",\"@id\":\"https:\/\/www.celttv.com.ar\/#\/schema\/person\/9059dc91dc7204ef4182cdb65225f07d\",\"name\":\"Miguel Herrada\",\"image\":{\"@type\":\"ImageObject\",\"inLanguage\":\"es\",\"@id\":\"https:\/\/www.celttv.com.ar\/#\/schema\/person\/image\/\",\"url\":\"https:\/\/secure.gravatar.com\/avatar\/67724d5b3c716623ffd76bec7e45841a442ac3b456e914dbba90b0fad2b8e0b1?s=96&d=mm&r=g\",\"contentUrl\":\"https:\/\/secure.gravatar.com\/avatar\/67724d5b3c716623ffd76bec7e45841a442ac3b456e914dbba90b0fad2b8e0b1?s=96&d=mm&r=g\",\"caption\":\"Miguel Herrada\"}}]}<\/script>\n<!-- \/ Yoast SEO plugin. -->","yoast_head_json":{"title":"La CELT contin\u00faa capacitando a su personal - CELTTV","description":"Sitio web de noticias de la localidad de Tornquist, provincia de Buenos Aires, Rep\u00fablica Argentina. Contenido propio originado por periodistas de CELTTV, el canal de TV local de la Cooperativa El\u00e9ctrica de Tornquist. Turismo, Pol\u00edtica, Sociedad, Deporte, Cultura y todo el contenido de inter\u00e9s general que la gente del pueblo y la regi\u00f3n debe conocer.","robots":{"index":"index","follow":"follow","max-snippet":"max-snippet:-1","max-image-preview":"max-image-preview:large","max-video-preview":"max-video-preview:-1"},"canonical":"https:\/\/www.celttv.com.ar\/index.php\/2025\/11\/04\/la-celt-continua-capacitando-a-su-personal\/","og_locale":"es_ES","og_type":"article","og_title":"La CELT contin\u00faa capacitando a su personal - CELTTV","og_description":"Sitio web de noticias de la localidad de Tornquist, provincia de Buenos Aires, Rep\u00fablica Argentina. Contenido propio originado por periodistas de CELTTV, el canal de TV local de la Cooperativa El\u00e9ctrica de Tornquist. Turismo, Pol\u00edtica, Sociedad, Deporte, Cultura y todo el contenido de inter\u00e9s general que la gente del pueblo y la regi\u00f3n debe conocer.","og_url":"https:\/\/www.celttv.com.ar\/index.php\/2025\/11\/04\/la-celt-continua-capacitando-a-su-personal\/","og_site_name":"CELTTV","article_publisher":"https:\/\/www.facebook.com\/celtTV\/","article_published_time":"2025-11-04T15:55:49+00:00","og_image":[{"width":1152,"height":768,"url":"https:\/\/www.celttv.com.ar\/wp-content\/uploads\/2025\/11\/IMG_3189-Medium.jpg","type":"image\/jpeg"}],"author":"Miguel Herrada","twitter_card":"summary_large_image","twitter_misc":{"Escrito por":"Miguel Herrada","Tiempo de lectura":"3 minutos"},"schema":{"@context":"https:\/\/schema.org","@graph":[{"@type":"NewsArticle","@id":"https:\/\/www.celttv.com.ar\/index.php\/2025\/11\/04\/la-celt-continua-capacitando-a-su-personal\/#article","isPartOf":{"@id":"https:\/\/www.celttv.com.ar\/index.php\/2025\/11\/04\/la-celt-continua-capacitando-a-su-personal\/"},"author":{"name":"Miguel Herrada","@id":"https:\/\/www.celttv.com.ar\/#\/schema\/person\/9059dc91dc7204ef4182cdb65225f07d"},"headline":"La CELT contin\u00faa capacitando a su personal","datePublished":"2025-11-04T15:55:49+00:00","dateModified":"2025-11-04T15:55:49+00:00","mainEntityOfPage":{"@id":"https:\/\/www.celttv.com.ar\/index.php\/2025\/11\/04\/la-celt-continua-capacitando-a-su-personal\/"},"wordCount":590,"publisher":{"@id":"https:\/\/www.celttv.com.ar\/#organization"},"articleSection":["Celt TV Noticias"],"inLanguage":"es"},{"@type":"WebPage","@id":"https:\/\/www.celttv.com.ar\/index.php\/2025\/11\/04\/la-celt-continua-capacitando-a-su-personal\/","url":"https:\/\/www.celttv.com.ar\/index.php\/2025\/11\/04\/la-celt-continua-capacitando-a-su-personal\/","name":"La CELT contin\u00faa capacitando a su personal - CELTTV","isPartOf":{"@id":"https:\/\/www.celttv.com.ar\/#website"},"datePublished":"2025-11-04T15:55:49+00:00","dateModified":"2025-11-04T15:55:49+00:00","description":"Sitio web de noticias de la localidad de Tornquist, provincia de Buenos Aires, Rep\u00fablica Argentina. Contenido propio originado por periodistas de CELTTV, el canal de TV local de la Cooperativa El\u00e9ctrica de Tornquist. Turismo, Pol\u00edtica, Sociedad, Deporte, Cultura y todo el contenido de inter\u00e9s general que la gente del pueblo y la regi\u00f3n debe conocer.","breadcrumb":{"@id":"https:\/\/www.celttv.com.ar\/index.php\/2025\/11\/04\/la-celt-continua-capacitando-a-su-personal\/#breadcrumb"},"inLanguage":"es","potentialAction":[{"@type":"ReadAction","target":["https:\/\/www.celttv.com.ar\/index.php\/2025\/11\/04\/la-celt-continua-capacitando-a-su-personal\/"]}]},{"@type":"BreadcrumbList","@id":"https:\/\/www.celttv.com.ar\/index.php\/2025\/11\/04\/la-celt-continua-capacitando-a-su-personal\/#breadcrumb","itemListElement":[{"@type":"ListItem","position":1,"name":"Inicio","item":"https:\/\/www.celttv.com.ar\/"},{"@type":"ListItem","position":2,"name":"La CELT contin\u00faa capacitando a su personal"}]},{"@type":"WebSite","@id":"https:\/\/www.celttv.com.ar\/#website","url":"https:\/\/www.celttv.com.ar\/","name":"CELTTV","description":"Cooperativa El\u00e9ctrica de Tornquist","publisher":{"@id":"https:\/\/www.celttv.com.ar\/#organization"},"potentialAction":[{"@type":"SearchAction","target":{"@type":"EntryPoint","urlTemplate":"https:\/\/www.celttv.com.ar\/?s={search_term_string}"},"query-input":"required name=search_term_string"}],"inLanguage":"es"},{"@type":"Organization","@id":"https:\/\/www.celttv.com.ar\/#organization","name":"CELTTV","url":"https:\/\/www.celttv.com.ar\/","sameAs":["https:\/\/www.youtube.com\/channel\/UCz_oIt8Hig64Ub-EmcNPIhg","https:\/\/www.facebook.com\/celtTV\/"],"logo":{"@type":"ImageObject","inLanguage":"es","@id":"https:\/\/www.celttv.com.ar\/#\/schema\/logo\/image\/","url":"http:\/\/www.celttv.com.ar\/wp-content\/uploads\/2022\/08\/logo-1.png","contentUrl":"http:\/\/www.celttv.com.ar\/wp-content\/uploads\/2022\/08\/logo-1.png","width":461,"height":159,"caption":"CELTTV"},"image":{"@id":"https:\/\/www.celttv.com.ar\/#\/schema\/logo\/image\/"}},{"@type":"Person","@id":"https:\/\/www.celttv.com.ar\/#\/schema\/person\/9059dc91dc7204ef4182cdb65225f07d","name":"Miguel Herrada","image":{"@type":"ImageObject","inLanguage":"es","@id":"https:\/\/www.celttv.com.ar\/#\/schema\/person\/image\/","url":"https:\/\/secure.gravatar.com\/avatar\/67724d5b3c716623ffd76bec7e45841a442ac3b456e914dbba90b0fad2b8e0b1?s=96&d=mm&r=g","contentUrl":"https:\/\/secure.gravatar.com\/avatar\/67724d5b3c716623ffd76bec7e45841a442ac3b456e914dbba90b0fad2b8e0b1?s=96&d=mm&r=g","caption":"Miguel Herrada"}}]}},"_links":{"self":[{"href":"https:\/\/www.celttv.com.ar\/index.php\/wp-json\/wp\/v2\/posts\/90216","targetHints":{"allow":["GET"]}}],"collection":[{"href":"https:\/\/www.celttv.com.ar\/index.php\/wp-json\/wp\/v2\/posts"}],"about":[{"href":"https:\/\/www.celttv.com.ar\/index.php\/wp-json\/wp\/v2\/types\/post"}],"author":[{"embeddable":true,"href":"https:\/\/www.celttv.com.ar\/index.php\/wp-json\/wp\/v2\/users\/5"}],"replies":[{"embeddable":true,"href":"https:\/\/www.celttv.com.ar\/index.php\/wp-json\/wp\/v2\/comments?post=90216"}],"version-history":[{"count":2,"href":"https:\/\/www.celttv.com.ar\/index.php\/wp-json\/wp\/v2\/posts\/90216\/revisions"}],"predecessor-version":[{"id":90273,"href":"https:\/\/www.celttv.com.ar\/index.php\/wp-json\/wp\/v2\/posts\/90216\/revisions\/90273"}],"wp:featuredmedia":[{"embeddable":true,"href":"https:\/\/www.celttv.com.ar\/index.php\/wp-json\/wp\/v2\/media\/90263"}],"wp:attachment":[{"href":"https:\/\/www.celttv.com.ar\/index.php\/wp-json\/wp\/v2\/media?parent=90216"}],"wp:term":[{"taxonomy":"category","embeddable":true,"href":"https:\/\/www.celttv.com.ar\/index.php\/wp-json\/wp\/v2\/categories?post=90216"},{"taxonomy":"post_tag","embeddable":true,"href":"https:\/\/www.celttv.com.ar\/index.php\/wp-json\/wp\/v2\/tags?post=90216"}],"curies":[{"name":"wp","href":"https:\/\/api.w.org\/{rel}","templated":true}]}}