{"id":90218,"date":"2025-10-30T17:18:06","date_gmt":"2025-10-30T20:18:06","guid":{"rendered":"https:\/\/www.celttv.com.ar\/?p=90218"},"modified":"2025-10-30T17:18:06","modified_gmt":"2025-10-30T20:18:06","slug":"adultxs-por-los-derechos-de-la-infancia-silvia-piceda-y-sebastian-cuattromo-estaran-nuevamente-en-la-comarca","status":"publish","type":"post","link":"https:\/\/www.celttv.com.ar\/index.php\/2025\/10\/30\/adultxs-por-los-derechos-de-la-infancia-silvia-piceda-y-sebastian-cuattromo-estaran-nuevamente-en-la-comarca\/","title":{"rendered":"ADULTXS POR LOS DERECHOS DE LA INFANCIA: Silvia Piceda y Sebastian Cuattromo estar\u00e1n nuevamente en la comarca"},"content":{"rendered":"<p align=\"JUSTIFY\"><span style=\"color: #171717;\"><span style=\"font-family: Calibri, sans-serif;\"><span style=\"font-size: medium;\"><b>ADULTXS POR LOS DERECHOS DE LA INFANCIA<\/b><\/span><\/span><\/span><\/p>\n<p><span style=\"font-family: Calibri, sans-serif;\"><span style=\"font-size: medium;\">Silvia Piceda y Sebastian Cuattromo <\/span><\/span><span style=\"font-family: Calibri, sans-serif;\"><span style=\"font-size: medium;\">nuevamente con una importante actividad para la visibilizaci\u00f3n y prevenci\u00f3n en la Comarca Serrana<\/span><\/span><\/p>\n<p><span style=\"font-family: Calibri, sans-serif;\"><span style=\"font-size: medium;\">Martes 4 de Noviembre 16:30 hs. Charla abierta a la comunidad<\/span><\/span><\/p>\n<p><span style=\"font-family: Calibri, sans-serif;\"><span style=\"font-size: medium;\">Abuso sexual y otras violencias contra la infancia.<\/span><\/span><\/p>\n<p><span style=\"font-family: Calibri, sans-serif;\"><span style=\"font-size: medium;\">El adultocentrismo como modelo de opresi\u00f3n<\/span><\/span><\/p>\n<p><span style=\"font-family: Calibri, sans-serif;\"><span style=\"font-size: medium;\">Biblioteca Popular Macedonioa Fernandez de Villa Ventana<\/span><\/span><\/p>\n<p><span style=\"font-family: Calibri, sans-serif;\"><span style=\"font-size: medium;\">Miercoles 5 de noviembre 17 hs. Presentaci\u00f3n de libro Somos sobrevivientes. Cr\u00f3nicas de abuso sexual en la infancia<\/span><\/span><\/p>\n<p><span style=\"font-family: Calibri, sans-serif;\"><span style=\"font-size: medium;\">Biblioteca Popular de Saldungaray<\/span><\/span><\/p>\n<p><span style=\"font-family: Calibri, sans-serif;\"><span style=\"font-size: medium;\">Jueves 6 de noviembre 18:00 hs. Teatro Municipal Rodolfo Funke<\/span><\/span><\/p>\n<p><span style=\"font-family: Calibri, sans-serif;\"><span style=\"font-size: medium;\">S\u00e1bado 8 Presencia en el stand de la Feria del Libro de Sierra de la Ventana y presentaci\u00f3n de SOMOS SOBREVIVIENTES, CRONICA DE ABUSO SEXUAL EN LA INFANCIA<\/span><\/span><\/p>\n<p><span style=\"font-family: Calibri, sans-serif;\"><span style=\"font-size: medium;\">Todas las actividades son con entrada libre y gratuita<\/span><\/span><\/p>\n<p><span style=\"font-family: Calibri, sans-serif;\"><span style=\"font-size: medium;\">Organizan:<\/span><\/span><\/p>\n<p><span style=\"font-family: Calibri, sans-serif;\"><span style=\"font-size: medium;\">Biblioteca Popular Macedonio Fernandez<\/span><\/span><\/p>\n<p><span style=\"font-family: Calibri, sans-serif;\"><span style=\"font-size: medium;\">Bibioteca Popular General San Martin de Sierra de la Ventana<\/span><\/span><\/p>\n<p><span style=\"font-family: Calibri, sans-serif;\"><span style=\"font-size: medium;\">Jefatura Distrital Tornquist<\/span><\/span><\/p>\n<p><iframe loading=\"lazy\" title=\"2025 10 29 COMUNICACION VIA ZOOM CON IRINA CHES\u00d1EVAR\" width=\"500\" height=\"281\" src=\"https:\/\/www.youtube.com\/embed\/4mrIw-s5ynI?feature=oembed\" frameborder=\"0\" allow=\"accelerometer; autoplay; clipboard-write; encrypted-media; gyroscope; picture-in-picture; web-share\" referrerpolicy=\"strict-origin-when-cross-origin\" allowfullscreen><\/iframe><\/p>\n<p><img loading=\"lazy\" decoding=\"async\" class=\"alignnone wp-image-90219 size-large\" src=\"https:\/\/www.celttv.com.ar\/wp-content\/uploads\/2025\/10\/croniccas-de-hecho-sexual-en-la-infancia-1024x1024.jpg\" alt=\"\" width=\"1024\" height=\"1024\" srcset=\"https:\/\/www.celttv.com.ar\/wp-content\/uploads\/2025\/10\/croniccas-de-hecho-sexual-en-la-infancia-1024x1024.jpg 1024w, https:\/\/www.celttv.com.ar\/wp-content\/uploads\/2025\/10\/croniccas-de-hecho-sexual-en-la-infancia-300x300.jpg 300w, https:\/\/www.celttv.com.ar\/wp-content\/uploads\/2025\/10\/croniccas-de-hecho-sexual-en-la-infancia-150x150.jpg 150w, https:\/\/www.celttv.com.ar\/wp-content\/uploads\/2025\/10\/croniccas-de-hecho-sexual-en-la-infancia-768x768.jpg 768w, https:\/\/www.celttv.com.ar\/wp-content\/uploads\/2025\/10\/croniccas-de-hecho-sexual-en-la-infancia-75x75.jpg 75w, https:\/\/www.celttv.com.ar\/wp-content\/uploads\/2025\/10\/croniccas-de-hecho-sexual-en-la-infancia-750x750.jpg 750w, https:\/\/www.celttv.com.ar\/wp-content\/uploads\/2025\/10\/croniccas-de-hecho-sexual-en-la-infancia.jpg 1080w\" sizes=\"auto, (max-width: 1024px) 100vw, 1024px\" \/><\/p>\n","protected":false},"excerpt":{"rendered":"<p>ADULTXS POR LOS DERECHOS DE LA INFANCIA Silvia Piceda y Sebastian Cuattromo nuevamente con una importante actividad para la visibilizaci\u00f3n y prevenci\u00f3n en la Comarca Serrana Martes 4 de Noviembre 16:30 hs. Charla abierta a la comunidad Abuso sexual y otras violencias contra la infancia. El adultocentrismo como modelo de opresi\u00f3n Biblioteca Popular Macedonioa Fernandez [&hellip;]<\/p>\n","protected":false},"author":5,"featured_media":90219,"comment_status":"closed","ping_status":"closed","sticky":false,"template":"","format":"standard","meta":{"footnotes":""},"categories":[51],"tags":[],"class_list":["post-90218","post","type-post","status-publish","format-standard","has-post-thumbnail","hentry","category-comunidad"],"yoast_head":"<!-- This site is optimized with the Yoast SEO plugin v19.7.1 - https:\/\/yoast.com\/wordpress\/plugins\/seo\/ -->\n<title>ADULTXS POR LOS DERECHOS DE LA INFANCIA: Silvia Piceda y Sebastian Cuattromo estar\u00e1n nuevamente en la comarca - CELTTV<\/title>\n<meta name=\"description\" content=\"Sitio web de noticias de la localidad de Tornquist, provincia de Buenos Aires, Rep\u00fablica Argentina. Contenido propio originado por periodistas de CELTTV, el canal de TV local de la Cooperativa El\u00e9ctrica de Tornquist. Turismo, Pol\u00edtica, Sociedad, Deporte, Cultura y todo el contenido de inter\u00e9s general que la gente del pueblo y la regi\u00f3n debe conocer.\" \/>\n<meta name=\"robots\" content=\"index, follow, max-snippet:-1, max-image-preview:large, max-video-preview:-1\" \/>\n<link rel=\"canonical\" href=\"https:\/\/www.celttv.com.ar\/index.php\/2025\/10\/30\/adultxs-por-los-derechos-de-la-infancia-silvia-piceda-y-sebastian-cuattromo-estaran-nuevamente-en-la-comarca\/\" \/>\n<meta property=\"og:locale\" content=\"es_ES\" \/>\n<meta property=\"og:type\" content=\"article\" \/>\n<meta property=\"og:title\" content=\"ADULTXS POR LOS DERECHOS DE LA INFANCIA: Silvia Piceda y Sebastian Cuattromo estar\u00e1n nuevamente en la comarca - CELTTV\" \/>\n<meta property=\"og:description\" content=\"Sitio web de noticias de la localidad de Tornquist, provincia de Buenos Aires, Rep\u00fablica Argentina. Contenido propio originado por periodistas de CELTTV, el canal de TV local de la Cooperativa El\u00e9ctrica de Tornquist. Turismo, Pol\u00edtica, Sociedad, Deporte, Cultura y todo el contenido de inter\u00e9s general que la gente del pueblo y la regi\u00f3n debe conocer.\" \/>\n<meta property=\"og:url\" content=\"https:\/\/www.celttv.com.ar\/index.php\/2025\/10\/30\/adultxs-por-los-derechos-de-la-infancia-silvia-piceda-y-sebastian-cuattromo-estaran-nuevamente-en-la-comarca\/\" \/>\n<meta property=\"og:site_name\" content=\"CELTTV\" \/>\n<meta property=\"article:publisher\" content=\"https:\/\/www.facebook.com\/celtTV\/\" \/>\n<meta property=\"article:published_time\" content=\"2025-10-30T20:18:06+00:00\" \/>\n<meta property=\"og:image\" content=\"https:\/\/www.celttv.com.ar\/wp-content\/uploads\/2025\/10\/croniccas-de-hecho-sexual-en-la-infancia.jpg\" \/>\n\t<meta property=\"og:image:width\" content=\"1080\" \/>\n\t<meta property=\"og:image:height\" content=\"1080\" \/>\n\t<meta property=\"og:image:type\" content=\"image\/jpeg\" \/>\n<meta name=\"author\" content=\"Miguel Herrada\" \/>\n<meta name=\"twitter:card\" content=\"summary_large_image\" \/>\n<meta name=\"twitter:label1\" content=\"Escrito por\" \/>\n\t<meta name=\"twitter:data1\" content=\"Miguel Herrada\" \/>\n\t<meta name=\"twitter:label2\" content=\"Tiempo de lectura\" \/>\n\t<meta name=\"twitter:data2\" content=\"1 minuto\" \/>\n<script type=\"application\/ld+json\" class=\"yoast-schema-graph\">{\"@context\":\"https:\/\/schema.org\",\"@graph\":[{\"@type\":\"NewsArticle\",\"@id\":\"https:\/\/www.celttv.com.ar\/index.php\/2025\/10\/30\/adultxs-por-los-derechos-de-la-infancia-silvia-piceda-y-sebastian-cuattromo-estaran-nuevamente-en-la-comarca\/#article\",\"isPartOf\":{\"@id\":\"https:\/\/www.celttv.com.ar\/index.php\/2025\/10\/30\/adultxs-por-los-derechos-de-la-infancia-silvia-piceda-y-sebastian-cuattromo-estaran-nuevamente-en-la-comarca\/\"},\"author\":{\"name\":\"Miguel Herrada\",\"@id\":\"https:\/\/www.celttv.com.ar\/#\/schema\/person\/9059dc91dc7204ef4182cdb65225f07d\"},\"headline\":\"ADULTXS POR LOS DERECHOS DE LA INFANCIA: Silvia Piceda y Sebastian Cuattromo estar\u00e1n nuevamente en la comarca\",\"datePublished\":\"2025-10-30T20:18:06+00:00\",\"dateModified\":\"2025-10-30T20:18:06+00:00\",\"mainEntityOfPage\":{\"@id\":\"https:\/\/www.celttv.com.ar\/index.php\/2025\/10\/30\/adultxs-por-los-derechos-de-la-infancia-silvia-piceda-y-sebastian-cuattromo-estaran-nuevamente-en-la-comarca\/\"},\"wordCount\":168,\"publisher\":{\"@id\":\"https:\/\/www.celttv.com.ar\/#organization\"},\"articleSection\":[\"Comunidad\"],\"inLanguage\":\"es\"},{\"@type\":\"WebPage\",\"@id\":\"https:\/\/www.celttv.com.ar\/index.php\/2025\/10\/30\/adultxs-por-los-derechos-de-la-infancia-silvia-piceda-y-sebastian-cuattromo-estaran-nuevamente-en-la-comarca\/\",\"url\":\"https:\/\/www.celttv.com.ar\/index.php\/2025\/10\/30\/adultxs-por-los-derechos-de-la-infancia-silvia-piceda-y-sebastian-cuattromo-estaran-nuevamente-en-la-comarca\/\",\"name\":\"ADULTXS POR LOS DERECHOS DE LA INFANCIA: Silvia Piceda y Sebastian Cuattromo estar\u00e1n nuevamente en la comarca - CELTTV\",\"isPartOf\":{\"@id\":\"https:\/\/www.celttv.com.ar\/#website\"},\"datePublished\":\"2025-10-30T20:18:06+00:00\",\"dateModified\":\"2025-10-30T20:18:06+00:00\",\"description\":\"Sitio web de noticias de la localidad de Tornquist, provincia de Buenos Aires, Rep\u00fablica Argentina. Contenido propio originado por periodistas de CELTTV, el canal de TV local de la Cooperativa El\u00e9ctrica de Tornquist. Turismo, Pol\u00edtica, Sociedad, Deporte, Cultura y todo el contenido de inter\u00e9s general que la gente del pueblo y la regi\u00f3n debe conocer.\",\"breadcrumb\":{\"@id\":\"https:\/\/www.celttv.com.ar\/index.php\/2025\/10\/30\/adultxs-por-los-derechos-de-la-infancia-silvia-piceda-y-sebastian-cuattromo-estaran-nuevamente-en-la-comarca\/#breadcrumb\"},\"inLanguage\":\"es\",\"potentialAction\":[{\"@type\":\"ReadAction\",\"target\":[\"https:\/\/www.celttv.com.ar\/index.php\/2025\/10\/30\/adultxs-por-los-derechos-de-la-infancia-silvia-piceda-y-sebastian-cuattromo-estaran-nuevamente-en-la-comarca\/\"]}]},{\"@type\":\"BreadcrumbList\",\"@id\":\"https:\/\/www.celttv.com.ar\/index.php\/2025\/10\/30\/adultxs-por-los-derechos-de-la-infancia-silvia-piceda-y-sebastian-cuattromo-estaran-nuevamente-en-la-comarca\/#breadcrumb\",\"itemListElement\":[{\"@type\":\"ListItem\",\"position\":1,\"name\":\"Inicio\",\"item\":\"https:\/\/www.celttv.com.ar\/\"},{\"@type\":\"ListItem\",\"position\":2,\"name\":\"ADULTXS POR LOS DERECHOS DE LA INFANCIA: Silvia Piceda y Sebastian Cuattromo estar\u00e1n nuevamente en la comarca\"}]},{\"@type\":\"WebSite\",\"@id\":\"https:\/\/www.celttv.com.ar\/#website\",\"url\":\"https:\/\/www.celttv.com.ar\/\",\"name\":\"CELTTV\",\"description\":\"Cooperativa El\u00e9ctrica de Tornquist\",\"publisher\":{\"@id\":\"https:\/\/www.celttv.com.ar\/#organization\"},\"potentialAction\":[{\"@type\":\"SearchAction\",\"target\":{\"@type\":\"EntryPoint\",\"urlTemplate\":\"https:\/\/www.celttv.com.ar\/?s={search_term_string}\"},\"query-input\":\"required name=search_term_string\"}],\"inLanguage\":\"es\"},{\"@type\":\"Organization\",\"@id\":\"https:\/\/www.celttv.com.ar\/#organization\",\"name\":\"CELTTV\",\"url\":\"https:\/\/www.celttv.com.ar\/\",\"sameAs\":[\"https:\/\/www.youtube.com\/channel\/UCz_oIt8Hig64Ub-EmcNPIhg\",\"https:\/\/www.facebook.com\/celtTV\/\"],\"logo\":{\"@type\":\"ImageObject\",\"inLanguage\":\"es\",\"@id\":\"https:\/\/www.celttv.com.ar\/#\/schema\/logo\/image\/\",\"url\":\"http:\/\/www.celttv.com.ar\/wp-content\/uploads\/2022\/08\/logo-1.png\",\"contentUrl\":\"http:\/\/www.celttv.com.ar\/wp-content\/uploads\/2022\/08\/logo-1.png\",\"width\":461,\"height\":159,\"caption\":\"CELTTV\"},\"image\":{\"@id\":\"https:\/\/www.celttv.com.ar\/#\/schema\/logo\/image\/\"}},{\"@type\":\"Person\",\"@id\":\"https:\/\/www.celttv.com.ar\/#\/schema\/person\/9059dc91dc7204ef4182cdb65225f07d\",\"name\":\"Miguel Herrada\",\"image\":{\"@type\":\"ImageObject\",\"inLanguage\":\"es\",\"@id\":\"https:\/\/www.celttv.com.ar\/#\/schema\/person\/image\/\",\"url\":\"https:\/\/secure.gravatar.com\/avatar\/67724d5b3c716623ffd76bec7e45841a442ac3b456e914dbba90b0fad2b8e0b1?s=96&d=mm&r=g\",\"contentUrl\":\"https:\/\/secure.gravatar.com\/avatar\/67724d5b3c716623ffd76bec7e45841a442ac3b456e914dbba90b0fad2b8e0b1?s=96&d=mm&r=g\",\"caption\":\"Miguel Herrada\"}}]}<\/script>\n<!-- \/ Yoast SEO plugin. -->","yoast_head_json":{"title":"ADULTXS POR LOS DERECHOS DE LA INFANCIA: Silvia Piceda y Sebastian Cuattromo estar\u00e1n nuevamente en la comarca - CELTTV","description":"Sitio web de noticias de la localidad de Tornquist, provincia de Buenos Aires, Rep\u00fablica Argentina. Contenido propio originado por periodistas de CELTTV, el canal de TV local de la Cooperativa El\u00e9ctrica de Tornquist. Turismo, Pol\u00edtica, Sociedad, Deporte, Cultura y todo el contenido de inter\u00e9s general que la gente del pueblo y la regi\u00f3n debe conocer.","robots":{"index":"index","follow":"follow","max-snippet":"max-snippet:-1","max-image-preview":"max-image-preview:large","max-video-preview":"max-video-preview:-1"},"canonical":"https:\/\/www.celttv.com.ar\/index.php\/2025\/10\/30\/adultxs-por-los-derechos-de-la-infancia-silvia-piceda-y-sebastian-cuattromo-estaran-nuevamente-en-la-comarca\/","og_locale":"es_ES","og_type":"article","og_title":"ADULTXS POR LOS DERECHOS DE LA INFANCIA: Silvia Piceda y Sebastian Cuattromo estar\u00e1n nuevamente en la comarca - CELTTV","og_description":"Sitio web de noticias de la localidad de Tornquist, provincia de Buenos Aires, Rep\u00fablica Argentina. Contenido propio originado por periodistas de CELTTV, el canal de TV local de la Cooperativa El\u00e9ctrica de Tornquist. Turismo, Pol\u00edtica, Sociedad, Deporte, Cultura y todo el contenido de inter\u00e9s general que la gente del pueblo y la regi\u00f3n debe conocer.","og_url":"https:\/\/www.celttv.com.ar\/index.php\/2025\/10\/30\/adultxs-por-los-derechos-de-la-infancia-silvia-piceda-y-sebastian-cuattromo-estaran-nuevamente-en-la-comarca\/","og_site_name":"CELTTV","article_publisher":"https:\/\/www.facebook.com\/celtTV\/","article_published_time":"2025-10-30T20:18:06+00:00","og_image":[{"width":1080,"height":1080,"url":"https:\/\/www.celttv.com.ar\/wp-content\/uploads\/2025\/10\/croniccas-de-hecho-sexual-en-la-infancia.jpg","type":"image\/jpeg"}],"author":"Miguel Herrada","twitter_card":"summary_large_image","twitter_misc":{"Escrito por":"Miguel Herrada","Tiempo de lectura":"1 minuto"},"schema":{"@context":"https:\/\/schema.org","@graph":[{"@type":"NewsArticle","@id":"https:\/\/www.celttv.com.ar\/index.php\/2025\/10\/30\/adultxs-por-los-derechos-de-la-infancia-silvia-piceda-y-sebastian-cuattromo-estaran-nuevamente-en-la-comarca\/#article","isPartOf":{"@id":"https:\/\/www.celttv.com.ar\/index.php\/2025\/10\/30\/adultxs-por-los-derechos-de-la-infancia-silvia-piceda-y-sebastian-cuattromo-estaran-nuevamente-en-la-comarca\/"},"author":{"name":"Miguel Herrada","@id":"https:\/\/www.celttv.com.ar\/#\/schema\/person\/9059dc91dc7204ef4182cdb65225f07d"},"headline":"ADULTXS POR LOS DERECHOS DE LA INFANCIA: Silvia Piceda y Sebastian Cuattromo estar\u00e1n nuevamente en la comarca","datePublished":"2025-10-30T20:18:06+00:00","dateModified":"2025-10-30T20:18:06+00:00","mainEntityOfPage":{"@id":"https:\/\/www.celttv.com.ar\/index.php\/2025\/10\/30\/adultxs-por-los-derechos-de-la-infancia-silvia-piceda-y-sebastian-cuattromo-estaran-nuevamente-en-la-comarca\/"},"wordCount":168,"publisher":{"@id":"https:\/\/www.celttv.com.ar\/#organization"},"articleSection":["Comunidad"],"inLanguage":"es"},{"@type":"WebPage","@id":"https:\/\/www.celttv.com.ar\/index.php\/2025\/10\/30\/adultxs-por-los-derechos-de-la-infancia-silvia-piceda-y-sebastian-cuattromo-estaran-nuevamente-en-la-comarca\/","url":"https:\/\/www.celttv.com.ar\/index.php\/2025\/10\/30\/adultxs-por-los-derechos-de-la-infancia-silvia-piceda-y-sebastian-cuattromo-estaran-nuevamente-en-la-comarca\/","name":"ADULTXS POR LOS DERECHOS DE LA INFANCIA: Silvia Piceda y Sebastian Cuattromo estar\u00e1n nuevamente en la comarca - CELTTV","isPartOf":{"@id":"https:\/\/www.celttv.com.ar\/#website"},"datePublished":"2025-10-30T20:18:06+00:00","dateModified":"2025-10-30T20:18:06+00:00","description":"Sitio web de noticias de la localidad de Tornquist, provincia de Buenos Aires, Rep\u00fablica Argentina. Contenido propio originado por periodistas de CELTTV, el canal de TV local de la Cooperativa El\u00e9ctrica de Tornquist. Turismo, Pol\u00edtica, Sociedad, Deporte, Cultura y todo el contenido de inter\u00e9s general que la gente del pueblo y la regi\u00f3n debe conocer.","breadcrumb":{"@id":"https:\/\/www.celttv.com.ar\/index.php\/2025\/10\/30\/adultxs-por-los-derechos-de-la-infancia-silvia-piceda-y-sebastian-cuattromo-estaran-nuevamente-en-la-comarca\/#breadcrumb"},"inLanguage":"es","potentialAction":[{"@type":"ReadAction","target":["https:\/\/www.celttv.com.ar\/index.php\/2025\/10\/30\/adultxs-por-los-derechos-de-la-infancia-silvia-piceda-y-sebastian-cuattromo-estaran-nuevamente-en-la-comarca\/"]}]},{"@type":"BreadcrumbList","@id":"https:\/\/www.celttv.com.ar\/index.php\/2025\/10\/30\/adultxs-por-los-derechos-de-la-infancia-silvia-piceda-y-sebastian-cuattromo-estaran-nuevamente-en-la-comarca\/#breadcrumb","itemListElement":[{"@type":"ListItem","position":1,"name":"Inicio","item":"https:\/\/www.celttv.com.ar\/"},{"@type":"ListItem","position":2,"name":"ADULTXS POR LOS DERECHOS DE LA INFANCIA: Silvia Piceda y Sebastian Cuattromo estar\u00e1n nuevamente en la comarca"}]},{"@type":"WebSite","@id":"https:\/\/www.celttv.com.ar\/#website","url":"https:\/\/www.celttv.com.ar\/","name":"CELTTV","description":"Cooperativa El\u00e9ctrica de Tornquist","publisher":{"@id":"https:\/\/www.celttv.com.ar\/#organization"},"potentialAction":[{"@type":"SearchAction","target":{"@type":"EntryPoint","urlTemplate":"https:\/\/www.celttv.com.ar\/?s={search_term_string}"},"query-input":"required name=search_term_string"}],"inLanguage":"es"},{"@type":"Organization","@id":"https:\/\/www.celttv.com.ar\/#organization","name":"CELTTV","url":"https:\/\/www.celttv.com.ar\/","sameAs":["https:\/\/www.youtube.com\/channel\/UCz_oIt8Hig64Ub-EmcNPIhg","https:\/\/www.facebook.com\/celtTV\/"],"logo":{"@type":"ImageObject","inLanguage":"es","@id":"https:\/\/www.celttv.com.ar\/#\/schema\/logo\/image\/","url":"http:\/\/www.celttv.com.ar\/wp-content\/uploads\/2022\/08\/logo-1.png","contentUrl":"http:\/\/www.celttv.com.ar\/wp-content\/uploads\/2022\/08\/logo-1.png","width":461,"height":159,"caption":"CELTTV"},"image":{"@id":"https:\/\/www.celttv.com.ar\/#\/schema\/logo\/image\/"}},{"@type":"Person","@id":"https:\/\/www.celttv.com.ar\/#\/schema\/person\/9059dc91dc7204ef4182cdb65225f07d","name":"Miguel Herrada","image":{"@type":"ImageObject","inLanguage":"es","@id":"https:\/\/www.celttv.com.ar\/#\/schema\/person\/image\/","url":"https:\/\/secure.gravatar.com\/avatar\/67724d5b3c716623ffd76bec7e45841a442ac3b456e914dbba90b0fad2b8e0b1?s=96&d=mm&r=g","contentUrl":"https:\/\/secure.gravatar.com\/avatar\/67724d5b3c716623ffd76bec7e45841a442ac3b456e914dbba90b0fad2b8e0b1?s=96&d=mm&r=g","caption":"Miguel Herrada"}}]}},"_links":{"self":[{"href":"https:\/\/www.celttv.com.ar\/index.php\/wp-json\/wp\/v2\/posts\/90218","targetHints":{"allow":["GET"]}}],"collection":[{"href":"https:\/\/www.celttv.com.ar\/index.php\/wp-json\/wp\/v2\/posts"}],"about":[{"href":"https:\/\/www.celttv.com.ar\/index.php\/wp-json\/wp\/v2\/types\/post"}],"author":[{"embeddable":true,"href":"https:\/\/www.celttv.com.ar\/index.php\/wp-json\/wp\/v2\/users\/5"}],"replies":[{"embeddable":true,"href":"https:\/\/www.celttv.com.ar\/index.php\/wp-json\/wp\/v2\/comments?post=90218"}],"version-history":[{"count":1,"href":"https:\/\/www.celttv.com.ar\/index.php\/wp-json\/wp\/v2\/posts\/90218\/revisions"}],"predecessor-version":[{"id":90220,"href":"https:\/\/www.celttv.com.ar\/index.php\/wp-json\/wp\/v2\/posts\/90218\/revisions\/90220"}],"wp:featuredmedia":[{"embeddable":true,"href":"https:\/\/www.celttv.com.ar\/index.php\/wp-json\/wp\/v2\/media\/90219"}],"wp:attachment":[{"href":"https:\/\/www.celttv.com.ar\/index.php\/wp-json\/wp\/v2\/media?parent=90218"}],"wp:term":[{"taxonomy":"category","embeddable":true,"href":"https:\/\/www.celttv.com.ar\/index.php\/wp-json\/wp\/v2\/categories?post=90218"},{"taxonomy":"post_tag","embeddable":true,"href":"https:\/\/www.celttv.com.ar\/index.php\/wp-json\/wp\/v2\/tags?post=90218"}],"curies":[{"name":"wp","href":"https:\/\/api.w.org\/{rel}","templated":true}]}}