{"id":90275,"date":"2025-11-04T17:50:16","date_gmt":"2025-11-04T20:50:16","guid":{"rendered":"https:\/\/www.celttv.com.ar\/?p=90275"},"modified":"2025-11-04T17:50:16","modified_gmt":"2025-11-04T20:50:16","slug":"vecinos-instituciones-y-autoridades-celebraron-juntos-los-115o-anos-del-distrito","status":"publish","type":"post","link":"https:\/\/www.celttv.com.ar\/index.php\/2025\/11\/04\/vecinos-instituciones-y-autoridades-celebraron-juntos-los-115o-anos-del-distrito\/","title":{"rendered":"Vecinos, instituciones y autoridades celebraron\u00a0 juntos los 115\u00ba a\u00f1os del distrito\u00a0"},"content":{"rendered":"<h5>Vecinos, instituciones y autoridades celebraron\u00a0 juntos los 115\u00ba a\u00f1os del distrito<\/h5>\n<h5>Tornquist Municipio celebr\u00f3 este lunes el\u00a0<strong>115\u00ba aniversario del cambio de nombre del distrito<\/strong>\u00a0con un emotivo acto en el\u00a0<strong>teatro municipal \u201cRodolfo Funke\u201d<\/strong>, que se encontraba\u00a0<strong>colmado de vecinos, instituciones, autoridades y representantes de la comunidad<\/strong>.<\/h5>\n<h5>La ceremonia fue encabezada por el\u00a0<strong>intendente municipal Sergio Bordoni<\/strong>, acompa\u00f1ado por su gabinete y concejales. Tambi\u00e9n participaron\u00a0<strong>Luis Fernando Tornquist y Patricia Acu\u00f1a<\/strong>, bisnietos de nuestro fundador.<\/h5>\n<h5>Durante su discurso, el intendente municipal, hizo uso de la palabra, donde destac\u00f3 la importancia de celebrar el crecimiento del distrito en unidad y con una mirada com\u00fan hacia el futuro. \u201c<strong>En estos 10 a\u00f1os que hemos transcurrido como gobierno, podemos ver el crecimiento que hemos tenido. M\u00e1s all\u00e1 de agradecerle a Dios y a todas las personas que colaboran, esto es el trabajo mancomunado de todos los vecinos del distrito, sin distinci\u00f3n de colores pol\u00edticos. Algunos tenemos una visi\u00f3n, otros otra, pero todos queremos que esto vaya para adelante<\/strong>\u201d, expres\u00f3.<\/h5>\n<h5>En ese sentido, llam\u00f3 a seguir trabajando de manera colectiva por el desarrollo local y nacional: \u201c<strong>Ese futuro que todos queremos, no solo para el distrito, sino tambi\u00e9n para todo el pa\u00eds. Un pa\u00eds que de una vez por todas podamos sacar adelante entre todos, sin distinci\u00f3n de colores pol\u00edticos<\/strong>\u201d.<\/h5>\n<h5>Bordoni cerr\u00f3 su mensaje agradeciendo el acompa\u00f1amiento de la comunidad y reafirmando su compromiso con una gesti\u00f3n ordenada y sostenida: \u201c<strong>Much\u00edsimas gracias por estar presentes y a seguir creciendo en forma y ordenadamente<\/strong>\u201d.<\/h5>\n<h5>El acto cont\u00f3 con la entonaci\u00f3n del\u00a0<strong>Himno Nacional Argentino<\/strong>, acompa\u00f1ado por una interpretaci\u00f3n en\u00a0<strong>Lengua de Se\u00f1as Argentina<\/strong>\u00a0a cargo de los alumnos del taller impulsado por la\u00a0<strong>Secretar\u00eda de Salud<\/strong>.<\/h5>\n<h5>M\u00e1s tarde, los descendientes del fundador, junto al jefe comunal y la presidenta del Honorable Concejo Deliberante,\u00a0<strong>Carmen Soverchia<\/strong>, realizaron una\u00a0<strong>ofrenda floral<\/strong>\u00a0frente a un retrato en memoria de\u00a0<strong>Ernesto Tornquist<\/strong>.<\/h5>\n<h5>Luego fue el turno de docentes y alumnos del\u00a0<strong>Colegio Nuestra Se\u00f1ora de Luj\u00e1n<\/strong>\u00a0de presentar el trabajo que fue aprobado por el Concejo Deliberante sobre la\u00a0<strong>\u201cFiesta de la Plaza del Lago\u201d<\/strong>, una propuesta que busca consolidar una identidad de celebraci\u00f3n propia para la ciudad cabecera.<\/h5>\n<h5>El aniversario fue una jornada cargada de emoci\u00f3n, historia y sentido de pertenencia, que reflej\u00f3 una vez m\u00e1s el esp\u00edritu de unidad y crecimiento que caracteriza al distrito.<\/h5>\n<h5><img loading=\"lazy\" decoding=\"async\" class=\"alignnone wp-image-90276 size-large\" src=\"https:\/\/www.celttv.com.ar\/wp-content\/uploads\/2025\/11\/115aniversario_9725-Medium-1024x683.jpeg\" alt=\"\" width=\"1024\" height=\"683\" srcset=\"https:\/\/www.celttv.com.ar\/wp-content\/uploads\/2025\/11\/115aniversario_9725-Medium-1024x683.jpeg 1024w, https:\/\/www.celttv.com.ar\/wp-content\/uploads\/2025\/11\/115aniversario_9725-Medium-300x200.jpeg 300w, https:\/\/www.celttv.com.ar\/wp-content\/uploads\/2025\/11\/115aniversario_9725-Medium-768x512.jpeg 768w, https:\/\/www.celttv.com.ar\/wp-content\/uploads\/2025\/11\/115aniversario_9725-Medium-750x500.jpeg 750w, https:\/\/www.celttv.com.ar\/wp-content\/uploads\/2025\/11\/115aniversario_9725-Medium-1140x760.jpeg 1140w, https:\/\/www.celttv.com.ar\/wp-content\/uploads\/2025\/11\/115aniversario_9725-Medium.jpeg 1152w\" sizes=\"auto, (max-width: 1024px) 100vw, 1024px\" \/> <img loading=\"lazy\" decoding=\"async\" class=\"alignnone wp-image-90277 size-large\" src=\"https:\/\/www.celttv.com.ar\/wp-content\/uploads\/2025\/11\/115aniversario_9732-Medium-1024x683.jpeg\" alt=\"\" width=\"1024\" height=\"683\" srcset=\"https:\/\/www.celttv.com.ar\/wp-content\/uploads\/2025\/11\/115aniversario_9732-Medium-1024x683.jpeg 1024w, https:\/\/www.celttv.com.ar\/wp-content\/uploads\/2025\/11\/115aniversario_9732-Medium-300x200.jpeg 300w, https:\/\/www.celttv.com.ar\/wp-content\/uploads\/2025\/11\/115aniversario_9732-Medium-768x512.jpeg 768w, https:\/\/www.celttv.com.ar\/wp-content\/uploads\/2025\/11\/115aniversario_9732-Medium-750x500.jpeg 750w, https:\/\/www.celttv.com.ar\/wp-content\/uploads\/2025\/11\/115aniversario_9732-Medium-1140x760.jpeg 1140w, https:\/\/www.celttv.com.ar\/wp-content\/uploads\/2025\/11\/115aniversario_9732-Medium.jpeg 1152w\" sizes=\"auto, (max-width: 1024px) 100vw, 1024px\" \/> <img loading=\"lazy\" decoding=\"async\" class=\"alignnone wp-image-90278 size-large\" src=\"https:\/\/www.celttv.com.ar\/wp-content\/uploads\/2025\/11\/115aniversario_9733-Medium-1024x683.jpeg\" alt=\"\" width=\"1024\" height=\"683\" srcset=\"https:\/\/www.celttv.com.ar\/wp-content\/uploads\/2025\/11\/115aniversario_9733-Medium-1024x683.jpeg 1024w, https:\/\/www.celttv.com.ar\/wp-content\/uploads\/2025\/11\/115aniversario_9733-Medium-300x200.jpeg 300w, https:\/\/www.celttv.com.ar\/wp-content\/uploads\/2025\/11\/115aniversario_9733-Medium-768x512.jpeg 768w, https:\/\/www.celttv.com.ar\/wp-content\/uploads\/2025\/11\/115aniversario_9733-Medium-750x500.jpeg 750w, https:\/\/www.celttv.com.ar\/wp-content\/uploads\/2025\/11\/115aniversario_9733-Medium-1140x760.jpeg 1140w, https:\/\/www.celttv.com.ar\/wp-content\/uploads\/2025\/11\/115aniversario_9733-Medium.jpeg 1152w\" sizes=\"auto, (max-width: 1024px) 100vw, 1024px\" \/> <img loading=\"lazy\" decoding=\"async\" class=\"alignnone wp-image-90279 size-large\" src=\"https:\/\/www.celttv.com.ar\/wp-content\/uploads\/2025\/11\/115aniversario_9734-Medium-1024x683.jpeg\" alt=\"\" width=\"1024\" height=\"683\" srcset=\"https:\/\/www.celttv.com.ar\/wp-content\/uploads\/2025\/11\/115aniversario_9734-Medium-1024x683.jpeg 1024w, https:\/\/www.celttv.com.ar\/wp-content\/uploads\/2025\/11\/115aniversario_9734-Medium-300x200.jpeg 300w, https:\/\/www.celttv.com.ar\/wp-content\/uploads\/2025\/11\/115aniversario_9734-Medium-768x512.jpeg 768w, https:\/\/www.celttv.com.ar\/wp-content\/uploads\/2025\/11\/115aniversario_9734-Medium-750x500.jpeg 750w, https:\/\/www.celttv.com.ar\/wp-content\/uploads\/2025\/11\/115aniversario_9734-Medium-1140x760.jpeg 1140w, https:\/\/www.celttv.com.ar\/wp-content\/uploads\/2025\/11\/115aniversario_9734-Medium.jpeg 1152w\" sizes=\"auto, (max-width: 1024px) 100vw, 1024px\" \/> <img loading=\"lazy\" decoding=\"async\" class=\"alignnone wp-image-90280 size-large\" src=\"https:\/\/www.celttv.com.ar\/wp-content\/uploads\/2025\/11\/115aniversario_9748-Medium-1024x683.jpeg\" alt=\"\" width=\"1024\" height=\"683\" srcset=\"https:\/\/www.celttv.com.ar\/wp-content\/uploads\/2025\/11\/115aniversario_9748-Medium-1024x683.jpeg 1024w, https:\/\/www.celttv.com.ar\/wp-content\/uploads\/2025\/11\/115aniversario_9748-Medium-300x200.jpeg 300w, https:\/\/www.celttv.com.ar\/wp-content\/uploads\/2025\/11\/115aniversario_9748-Medium-768x512.jpeg 768w, https:\/\/www.celttv.com.ar\/wp-content\/uploads\/2025\/11\/115aniversario_9748-Medium-750x500.jpeg 750w, https:\/\/www.celttv.com.ar\/wp-content\/uploads\/2025\/11\/115aniversario_9748-Medium-1140x760.jpeg 1140w, https:\/\/www.celttv.com.ar\/wp-content\/uploads\/2025\/11\/115aniversario_9748-Medium.jpeg 1152w\" sizes=\"auto, (max-width: 1024px) 100vw, 1024px\" \/> <img loading=\"lazy\" decoding=\"async\" class=\"alignnone wp-image-90281 size-large\" src=\"https:\/\/www.celttv.com.ar\/wp-content\/uploads\/2025\/11\/115aniversario_9786-Medium-1024x683.jpeg\" alt=\"\" width=\"1024\" height=\"683\" srcset=\"https:\/\/www.celttv.com.ar\/wp-content\/uploads\/2025\/11\/115aniversario_9786-Medium-1024x683.jpeg 1024w, https:\/\/www.celttv.com.ar\/wp-content\/uploads\/2025\/11\/115aniversario_9786-Medium-300x200.jpeg 300w, https:\/\/www.celttv.com.ar\/wp-content\/uploads\/2025\/11\/115aniversario_9786-Medium-768x512.jpeg 768w, https:\/\/www.celttv.com.ar\/wp-content\/uploads\/2025\/11\/115aniversario_9786-Medium-750x500.jpeg 750w, https:\/\/www.celttv.com.ar\/wp-content\/uploads\/2025\/11\/115aniversario_9786-Medium-1140x760.jpeg 1140w, https:\/\/www.celttv.com.ar\/wp-content\/uploads\/2025\/11\/115aniversario_9786-Medium.jpeg 1152w\" sizes=\"auto, (max-width: 1024px) 100vw, 1024px\" \/> <img loading=\"lazy\" decoding=\"async\" class=\"alignnone wp-image-90282 size-large\" src=\"https:\/\/www.celttv.com.ar\/wp-content\/uploads\/2025\/11\/115aniversario_9794-Medium-1024x683.jpeg\" alt=\"\" width=\"1024\" height=\"683\" srcset=\"https:\/\/www.celttv.com.ar\/wp-content\/uploads\/2025\/11\/115aniversario_9794-Medium-1024x683.jpeg 1024w, https:\/\/www.celttv.com.ar\/wp-content\/uploads\/2025\/11\/115aniversario_9794-Medium-300x200.jpeg 300w, https:\/\/www.celttv.com.ar\/wp-content\/uploads\/2025\/11\/115aniversario_9794-Medium-768x512.jpeg 768w, https:\/\/www.celttv.com.ar\/wp-content\/uploads\/2025\/11\/115aniversario_9794-Medium-750x500.jpeg 750w, https:\/\/www.celttv.com.ar\/wp-content\/uploads\/2025\/11\/115aniversario_9794-Medium-1140x760.jpeg 1140w, https:\/\/www.celttv.com.ar\/wp-content\/uploads\/2025\/11\/115aniversario_9794-Medium.jpeg 1152w\" sizes=\"auto, (max-width: 1024px) 100vw, 1024px\" \/> <img loading=\"lazy\" decoding=\"async\" class=\"alignnone wp-image-90283 size-large\" src=\"https:\/\/www.celttv.com.ar\/wp-content\/uploads\/2025\/11\/115aniversario_9797-Medium-1024x683.jpeg\" alt=\"\" width=\"1024\" height=\"683\" srcset=\"https:\/\/www.celttv.com.ar\/wp-content\/uploads\/2025\/11\/115aniversario_9797-Medium-1024x683.jpeg 1024w, https:\/\/www.celttv.com.ar\/wp-content\/uploads\/2025\/11\/115aniversario_9797-Medium-300x200.jpeg 300w, https:\/\/www.celttv.com.ar\/wp-content\/uploads\/2025\/11\/115aniversario_9797-Medium-768x512.jpeg 768w, https:\/\/www.celttv.com.ar\/wp-content\/uploads\/2025\/11\/115aniversario_9797-Medium-750x500.jpeg 750w, https:\/\/www.celttv.com.ar\/wp-content\/uploads\/2025\/11\/115aniversario_9797-Medium-1140x760.jpeg 1140w, https:\/\/www.celttv.com.ar\/wp-content\/uploads\/2025\/11\/115aniversario_9797-Medium.jpeg 1152w\" sizes=\"auto, (max-width: 1024px) 100vw, 1024px\" \/> <img loading=\"lazy\" decoding=\"async\" class=\"alignnone wp-image-90284 size-large\" src=\"https:\/\/www.celttv.com.ar\/wp-content\/uploads\/2025\/11\/115aniversario_9804-Medium-1024x683.jpeg\" alt=\"\" width=\"1024\" height=\"683\" srcset=\"https:\/\/www.celttv.com.ar\/wp-content\/uploads\/2025\/11\/115aniversario_9804-Medium-1024x683.jpeg 1024w, https:\/\/www.celttv.com.ar\/wp-content\/uploads\/2025\/11\/115aniversario_9804-Medium-300x200.jpeg 300w, https:\/\/www.celttv.com.ar\/wp-content\/uploads\/2025\/11\/115aniversario_9804-Medium-768x512.jpeg 768w, https:\/\/www.celttv.com.ar\/wp-content\/uploads\/2025\/11\/115aniversario_9804-Medium-750x500.jpeg 750w, https:\/\/www.celttv.com.ar\/wp-content\/uploads\/2025\/11\/115aniversario_9804-Medium-1140x760.jpeg 1140w, https:\/\/www.celttv.com.ar\/wp-content\/uploads\/2025\/11\/115aniversario_9804-Medium.jpeg 1152w\" sizes=\"auto, (max-width: 1024px) 100vw, 1024px\" \/> <img loading=\"lazy\" decoding=\"async\" class=\"alignnone wp-image-90285 size-large\" src=\"https:\/\/www.celttv.com.ar\/wp-content\/uploads\/2025\/11\/115aniversario_9810-Medium-1024x683.jpeg\" alt=\"\" width=\"1024\" height=\"683\" srcset=\"https:\/\/www.celttv.com.ar\/wp-content\/uploads\/2025\/11\/115aniversario_9810-Medium-1024x683.jpeg 1024w, https:\/\/www.celttv.com.ar\/wp-content\/uploads\/2025\/11\/115aniversario_9810-Medium-300x200.jpeg 300w, https:\/\/www.celttv.com.ar\/wp-content\/uploads\/2025\/11\/115aniversario_9810-Medium-768x512.jpeg 768w, https:\/\/www.celttv.com.ar\/wp-content\/uploads\/2025\/11\/115aniversario_9810-Medium-750x500.jpeg 750w, https:\/\/www.celttv.com.ar\/wp-content\/uploads\/2025\/11\/115aniversario_9810-Medium-1140x760.jpeg 1140w, https:\/\/www.celttv.com.ar\/wp-content\/uploads\/2025\/11\/115aniversario_9810-Medium.jpeg 1152w\" sizes=\"auto, (max-width: 1024px) 100vw, 1024px\" \/> <img loading=\"lazy\" decoding=\"async\" class=\"alignnone wp-image-90286 size-large\" src=\"https:\/\/www.celttv.com.ar\/wp-content\/uploads\/2025\/11\/115aniversario_9816-Medium-1024x683.jpeg\" alt=\"\" width=\"1024\" height=\"683\" srcset=\"https:\/\/www.celttv.com.ar\/wp-content\/uploads\/2025\/11\/115aniversario_9816-Medium-1024x683.jpeg 1024w, https:\/\/www.celttv.com.ar\/wp-content\/uploads\/2025\/11\/115aniversario_9816-Medium-300x200.jpeg 300w, https:\/\/www.celttv.com.ar\/wp-content\/uploads\/2025\/11\/115aniversario_9816-Medium-768x512.jpeg 768w, https:\/\/www.celttv.com.ar\/wp-content\/uploads\/2025\/11\/115aniversario_9816-Medium-750x500.jpeg 750w, https:\/\/www.celttv.com.ar\/wp-content\/uploads\/2025\/11\/115aniversario_9816-Medium-1140x760.jpeg 1140w, https:\/\/www.celttv.com.ar\/wp-content\/uploads\/2025\/11\/115aniversario_9816-Medium.jpeg 1152w\" sizes=\"auto, (max-width: 1024px) 100vw, 1024px\" \/> <img loading=\"lazy\" decoding=\"async\" class=\"alignnone wp-image-90287 size-large\" src=\"https:\/\/www.celttv.com.ar\/wp-content\/uploads\/2025\/11\/115aniversario_9824-Medium-1024x683.jpeg\" alt=\"\" width=\"1024\" height=\"683\" srcset=\"https:\/\/www.celttv.com.ar\/wp-content\/uploads\/2025\/11\/115aniversario_9824-Medium-1024x683.jpeg 1024w, https:\/\/www.celttv.com.ar\/wp-content\/uploads\/2025\/11\/115aniversario_9824-Medium-300x200.jpeg 300w, https:\/\/www.celttv.com.ar\/wp-content\/uploads\/2025\/11\/115aniversario_9824-Medium-768x512.jpeg 768w, https:\/\/www.celttv.com.ar\/wp-content\/uploads\/2025\/11\/115aniversario_9824-Medium-750x500.jpeg 750w, https:\/\/www.celttv.com.ar\/wp-content\/uploads\/2025\/11\/115aniversario_9824-Medium-1140x760.jpeg 1140w, https:\/\/www.celttv.com.ar\/wp-content\/uploads\/2025\/11\/115aniversario_9824-Medium.jpeg 1152w\" sizes=\"auto, (max-width: 1024px) 100vw, 1024px\" \/><\/h5>\n","protected":false},"excerpt":{"rendered":"<p>Vecinos, instituciones y autoridades celebraron\u00a0 juntos los 115\u00ba a\u00f1os del distrito Tornquist Municipio celebr\u00f3 este lunes el\u00a0115\u00ba aniversario del cambio de nombre del distrito\u00a0con un emotivo acto en el\u00a0teatro municipal \u201cRodolfo Funke\u201d, que se encontraba\u00a0colmado de vecinos, instituciones, autoridades y representantes de la comunidad. La ceremonia fue encabezada por el\u00a0intendente municipal Sergio Bordoni, acompa\u00f1ado por [&hellip;]<\/p>\n","protected":false},"author":5,"featured_media":90281,"comment_status":"closed","ping_status":"closed","sticky":false,"template":"","format":"standard","meta":{"footnotes":""},"categories":[59],"tags":[],"class_list":["post-90275","post","type-post","status-publish","format-standard","has-post-thumbnail","hentry","category-municipales"],"yoast_head":"<!-- This site is optimized with the Yoast SEO plugin v19.7.1 - https:\/\/yoast.com\/wordpress\/plugins\/seo\/ -->\n<title>Vecinos, instituciones y autoridades celebraron\u00a0 juntos los 115\u00ba a\u00f1os del distrito\u00a0 - CELTTV<\/title>\n<meta name=\"description\" content=\"Sitio web de noticias de la localidad de Tornquist, provincia de Buenos Aires, Rep\u00fablica Argentina. Contenido propio originado por periodistas de CELTTV, el canal de TV local de la Cooperativa El\u00e9ctrica de Tornquist. Turismo, Pol\u00edtica, Sociedad, Deporte, Cultura y todo el contenido de inter\u00e9s general que la gente del pueblo y la regi\u00f3n debe conocer.\" \/>\n<meta name=\"robots\" content=\"index, follow, max-snippet:-1, max-image-preview:large, max-video-preview:-1\" \/>\n<link rel=\"canonical\" href=\"https:\/\/www.celttv.com.ar\/index.php\/2025\/11\/04\/vecinos-instituciones-y-autoridades-celebraron-juntos-los-115o-anos-del-distrito\/\" \/>\n<meta property=\"og:locale\" content=\"es_ES\" \/>\n<meta property=\"og:type\" content=\"article\" \/>\n<meta property=\"og:title\" content=\"Vecinos, instituciones y autoridades celebraron\u00a0 juntos los 115\u00ba a\u00f1os del distrito\u00a0 - CELTTV\" \/>\n<meta property=\"og:description\" content=\"Sitio web de noticias de la localidad de Tornquist, provincia de Buenos Aires, Rep\u00fablica Argentina. Contenido propio originado por periodistas de CELTTV, el canal de TV local de la Cooperativa El\u00e9ctrica de Tornquist. Turismo, Pol\u00edtica, Sociedad, Deporte, Cultura y todo el contenido de inter\u00e9s general que la gente del pueblo y la regi\u00f3n debe conocer.\" \/>\n<meta property=\"og:url\" content=\"https:\/\/www.celttv.com.ar\/index.php\/2025\/11\/04\/vecinos-instituciones-y-autoridades-celebraron-juntos-los-115o-anos-del-distrito\/\" \/>\n<meta property=\"og:site_name\" content=\"CELTTV\" \/>\n<meta property=\"article:publisher\" content=\"https:\/\/www.facebook.com\/celtTV\/\" \/>\n<meta property=\"article:published_time\" content=\"2025-11-04T20:50:16+00:00\" \/>\n<meta property=\"og:image\" content=\"https:\/\/www.celttv.com.ar\/wp-content\/uploads\/2025\/11\/115aniversario_9786-Medium.jpeg\" \/>\n\t<meta property=\"og:image:width\" content=\"1152\" \/>\n\t<meta property=\"og:image:height\" content=\"768\" \/>\n\t<meta property=\"og:image:type\" content=\"image\/jpeg\" \/>\n<meta name=\"author\" content=\"Miguel Herrada\" \/>\n<meta name=\"twitter:card\" content=\"summary_large_image\" \/>\n<meta name=\"twitter:label1\" content=\"Escrito por\" \/>\n\t<meta name=\"twitter:data1\" content=\"Miguel Herrada\" \/>\n\t<meta name=\"twitter:label2\" content=\"Tiempo de lectura\" \/>\n\t<meta name=\"twitter:data2\" content=\"2 minutos\" \/>\n<script type=\"application\/ld+json\" class=\"yoast-schema-graph\">{\"@context\":\"https:\/\/schema.org\",\"@graph\":[{\"@type\":\"NewsArticle\",\"@id\":\"https:\/\/www.celttv.com.ar\/index.php\/2025\/11\/04\/vecinos-instituciones-y-autoridades-celebraron-juntos-los-115o-anos-del-distrito\/#article\",\"isPartOf\":{\"@id\":\"https:\/\/www.celttv.com.ar\/index.php\/2025\/11\/04\/vecinos-instituciones-y-autoridades-celebraron-juntos-los-115o-anos-del-distrito\/\"},\"author\":{\"name\":\"Miguel Herrada\",\"@id\":\"https:\/\/www.celttv.com.ar\/#\/schema\/person\/9059dc91dc7204ef4182cdb65225f07d\"},\"headline\":\"Vecinos, instituciones y autoridades celebraron\u00a0 juntos los 115\u00ba a\u00f1os del distrito\u00a0\",\"datePublished\":\"2025-11-04T20:50:16+00:00\",\"dateModified\":\"2025-11-04T20:50:16+00:00\",\"mainEntityOfPage\":{\"@id\":\"https:\/\/www.celttv.com.ar\/index.php\/2025\/11\/04\/vecinos-instituciones-y-autoridades-celebraron-juntos-los-115o-anos-del-distrito\/\"},\"wordCount\":427,\"publisher\":{\"@id\":\"https:\/\/www.celttv.com.ar\/#organization\"},\"articleSection\":[\"Municipales\"],\"inLanguage\":\"es\"},{\"@type\":\"WebPage\",\"@id\":\"https:\/\/www.celttv.com.ar\/index.php\/2025\/11\/04\/vecinos-instituciones-y-autoridades-celebraron-juntos-los-115o-anos-del-distrito\/\",\"url\":\"https:\/\/www.celttv.com.ar\/index.php\/2025\/11\/04\/vecinos-instituciones-y-autoridades-celebraron-juntos-los-115o-anos-del-distrito\/\",\"name\":\"Vecinos, instituciones y autoridades celebraron\u00a0 juntos los 115\u00ba a\u00f1os del distrito\u00a0 - CELTTV\",\"isPartOf\":{\"@id\":\"https:\/\/www.celttv.com.ar\/#website\"},\"datePublished\":\"2025-11-04T20:50:16+00:00\",\"dateModified\":\"2025-11-04T20:50:16+00:00\",\"description\":\"Sitio web de noticias de la localidad de Tornquist, provincia de Buenos Aires, Rep\u00fablica Argentina. Contenido propio originado por periodistas de CELTTV, el canal de TV local de la Cooperativa El\u00e9ctrica de Tornquist. Turismo, Pol\u00edtica, Sociedad, Deporte, Cultura y todo el contenido de inter\u00e9s general que la gente del pueblo y la regi\u00f3n debe conocer.\",\"breadcrumb\":{\"@id\":\"https:\/\/www.celttv.com.ar\/index.php\/2025\/11\/04\/vecinos-instituciones-y-autoridades-celebraron-juntos-los-115o-anos-del-distrito\/#breadcrumb\"},\"inLanguage\":\"es\",\"potentialAction\":[{\"@type\":\"ReadAction\",\"target\":[\"https:\/\/www.celttv.com.ar\/index.php\/2025\/11\/04\/vecinos-instituciones-y-autoridades-celebraron-juntos-los-115o-anos-del-distrito\/\"]}]},{\"@type\":\"BreadcrumbList\",\"@id\":\"https:\/\/www.celttv.com.ar\/index.php\/2025\/11\/04\/vecinos-instituciones-y-autoridades-celebraron-juntos-los-115o-anos-del-distrito\/#breadcrumb\",\"itemListElement\":[{\"@type\":\"ListItem\",\"position\":1,\"name\":\"Inicio\",\"item\":\"https:\/\/www.celttv.com.ar\/\"},{\"@type\":\"ListItem\",\"position\":2,\"name\":\"Vecinos, instituciones y autoridades celebraron\u00a0 juntos los 115\u00ba a\u00f1os del distrito\u00a0\"}]},{\"@type\":\"WebSite\",\"@id\":\"https:\/\/www.celttv.com.ar\/#website\",\"url\":\"https:\/\/www.celttv.com.ar\/\",\"name\":\"CELTTV\",\"description\":\"Cooperativa El\u00e9ctrica de Tornquist\",\"publisher\":{\"@id\":\"https:\/\/www.celttv.com.ar\/#organization\"},\"potentialAction\":[{\"@type\":\"SearchAction\",\"target\":{\"@type\":\"EntryPoint\",\"urlTemplate\":\"https:\/\/www.celttv.com.ar\/?s={search_term_string}\"},\"query-input\":\"required name=search_term_string\"}],\"inLanguage\":\"es\"},{\"@type\":\"Organization\",\"@id\":\"https:\/\/www.celttv.com.ar\/#organization\",\"name\":\"CELTTV\",\"url\":\"https:\/\/www.celttv.com.ar\/\",\"sameAs\":[\"https:\/\/www.youtube.com\/channel\/UCz_oIt8Hig64Ub-EmcNPIhg\",\"https:\/\/www.facebook.com\/celtTV\/\"],\"logo\":{\"@type\":\"ImageObject\",\"inLanguage\":\"es\",\"@id\":\"https:\/\/www.celttv.com.ar\/#\/schema\/logo\/image\/\",\"url\":\"http:\/\/www.celttv.com.ar\/wp-content\/uploads\/2022\/08\/logo-1.png\",\"contentUrl\":\"http:\/\/www.celttv.com.ar\/wp-content\/uploads\/2022\/08\/logo-1.png\",\"width\":461,\"height\":159,\"caption\":\"CELTTV\"},\"image\":{\"@id\":\"https:\/\/www.celttv.com.ar\/#\/schema\/logo\/image\/\"}},{\"@type\":\"Person\",\"@id\":\"https:\/\/www.celttv.com.ar\/#\/schema\/person\/9059dc91dc7204ef4182cdb65225f07d\",\"name\":\"Miguel Herrada\",\"image\":{\"@type\":\"ImageObject\",\"inLanguage\":\"es\",\"@id\":\"https:\/\/www.celttv.com.ar\/#\/schema\/person\/image\/\",\"url\":\"https:\/\/secure.gravatar.com\/avatar\/67724d5b3c716623ffd76bec7e45841a442ac3b456e914dbba90b0fad2b8e0b1?s=96&d=mm&r=g\",\"contentUrl\":\"https:\/\/secure.gravatar.com\/avatar\/67724d5b3c716623ffd76bec7e45841a442ac3b456e914dbba90b0fad2b8e0b1?s=96&d=mm&r=g\",\"caption\":\"Miguel Herrada\"}}]}<\/script>\n<!-- \/ Yoast SEO plugin. -->","yoast_head_json":{"title":"Vecinos, instituciones y autoridades celebraron\u00a0 juntos los 115\u00ba a\u00f1os del distrito\u00a0 - CELTTV","description":"Sitio web de noticias de la localidad de Tornquist, provincia de Buenos Aires, Rep\u00fablica Argentina. Contenido propio originado por periodistas de CELTTV, el canal de TV local de la Cooperativa El\u00e9ctrica de Tornquist. Turismo, Pol\u00edtica, Sociedad, Deporte, Cultura y todo el contenido de inter\u00e9s general que la gente del pueblo y la regi\u00f3n debe conocer.","robots":{"index":"index","follow":"follow","max-snippet":"max-snippet:-1","max-image-preview":"max-image-preview:large","max-video-preview":"max-video-preview:-1"},"canonical":"https:\/\/www.celttv.com.ar\/index.php\/2025\/11\/04\/vecinos-instituciones-y-autoridades-celebraron-juntos-los-115o-anos-del-distrito\/","og_locale":"es_ES","og_type":"article","og_title":"Vecinos, instituciones y autoridades celebraron\u00a0 juntos los 115\u00ba a\u00f1os del distrito\u00a0 - CELTTV","og_description":"Sitio web de noticias de la localidad de Tornquist, provincia de Buenos Aires, Rep\u00fablica Argentina. Contenido propio originado por periodistas de CELTTV, el canal de TV local de la Cooperativa El\u00e9ctrica de Tornquist. Turismo, Pol\u00edtica, Sociedad, Deporte, Cultura y todo el contenido de inter\u00e9s general que la gente del pueblo y la regi\u00f3n debe conocer.","og_url":"https:\/\/www.celttv.com.ar\/index.php\/2025\/11\/04\/vecinos-instituciones-y-autoridades-celebraron-juntos-los-115o-anos-del-distrito\/","og_site_name":"CELTTV","article_publisher":"https:\/\/www.facebook.com\/celtTV\/","article_published_time":"2025-11-04T20:50:16+00:00","og_image":[{"width":1152,"height":768,"url":"https:\/\/www.celttv.com.ar\/wp-content\/uploads\/2025\/11\/115aniversario_9786-Medium.jpeg","type":"image\/jpeg"}],"author":"Miguel Herrada","twitter_card":"summary_large_image","twitter_misc":{"Escrito por":"Miguel Herrada","Tiempo de lectura":"2 minutos"},"schema":{"@context":"https:\/\/schema.org","@graph":[{"@type":"NewsArticle","@id":"https:\/\/www.celttv.com.ar\/index.php\/2025\/11\/04\/vecinos-instituciones-y-autoridades-celebraron-juntos-los-115o-anos-del-distrito\/#article","isPartOf":{"@id":"https:\/\/www.celttv.com.ar\/index.php\/2025\/11\/04\/vecinos-instituciones-y-autoridades-celebraron-juntos-los-115o-anos-del-distrito\/"},"author":{"name":"Miguel Herrada","@id":"https:\/\/www.celttv.com.ar\/#\/schema\/person\/9059dc91dc7204ef4182cdb65225f07d"},"headline":"Vecinos, instituciones y autoridades celebraron\u00a0 juntos los 115\u00ba a\u00f1os del distrito\u00a0","datePublished":"2025-11-04T20:50:16+00:00","dateModified":"2025-11-04T20:50:16+00:00","mainEntityOfPage":{"@id":"https:\/\/www.celttv.com.ar\/index.php\/2025\/11\/04\/vecinos-instituciones-y-autoridades-celebraron-juntos-los-115o-anos-del-distrito\/"},"wordCount":427,"publisher":{"@id":"https:\/\/www.celttv.com.ar\/#organization"},"articleSection":["Municipales"],"inLanguage":"es"},{"@type":"WebPage","@id":"https:\/\/www.celttv.com.ar\/index.php\/2025\/11\/04\/vecinos-instituciones-y-autoridades-celebraron-juntos-los-115o-anos-del-distrito\/","url":"https:\/\/www.celttv.com.ar\/index.php\/2025\/11\/04\/vecinos-instituciones-y-autoridades-celebraron-juntos-los-115o-anos-del-distrito\/","name":"Vecinos, instituciones y autoridades celebraron\u00a0 juntos los 115\u00ba a\u00f1os del distrito\u00a0 - CELTTV","isPartOf":{"@id":"https:\/\/www.celttv.com.ar\/#website"},"datePublished":"2025-11-04T20:50:16+00:00","dateModified":"2025-11-04T20:50:16+00:00","description":"Sitio web de noticias de la localidad de Tornquist, provincia de Buenos Aires, Rep\u00fablica Argentina. Contenido propio originado por periodistas de CELTTV, el canal de TV local de la Cooperativa El\u00e9ctrica de Tornquist. Turismo, Pol\u00edtica, Sociedad, Deporte, Cultura y todo el contenido de inter\u00e9s general que la gente del pueblo y la regi\u00f3n debe conocer.","breadcrumb":{"@id":"https:\/\/www.celttv.com.ar\/index.php\/2025\/11\/04\/vecinos-instituciones-y-autoridades-celebraron-juntos-los-115o-anos-del-distrito\/#breadcrumb"},"inLanguage":"es","potentialAction":[{"@type":"ReadAction","target":["https:\/\/www.celttv.com.ar\/index.php\/2025\/11\/04\/vecinos-instituciones-y-autoridades-celebraron-juntos-los-115o-anos-del-distrito\/"]}]},{"@type":"BreadcrumbList","@id":"https:\/\/www.celttv.com.ar\/index.php\/2025\/11\/04\/vecinos-instituciones-y-autoridades-celebraron-juntos-los-115o-anos-del-distrito\/#breadcrumb","itemListElement":[{"@type":"ListItem","position":1,"name":"Inicio","item":"https:\/\/www.celttv.com.ar\/"},{"@type":"ListItem","position":2,"name":"Vecinos, instituciones y autoridades celebraron\u00a0 juntos los 115\u00ba a\u00f1os del distrito\u00a0"}]},{"@type":"WebSite","@id":"https:\/\/www.celttv.com.ar\/#website","url":"https:\/\/www.celttv.com.ar\/","name":"CELTTV","description":"Cooperativa El\u00e9ctrica de Tornquist","publisher":{"@id":"https:\/\/www.celttv.com.ar\/#organization"},"potentialAction":[{"@type":"SearchAction","target":{"@type":"EntryPoint","urlTemplate":"https:\/\/www.celttv.com.ar\/?s={search_term_string}"},"query-input":"required name=search_term_string"}],"inLanguage":"es"},{"@type":"Organization","@id":"https:\/\/www.celttv.com.ar\/#organization","name":"CELTTV","url":"https:\/\/www.celttv.com.ar\/","sameAs":["https:\/\/www.youtube.com\/channel\/UCz_oIt8Hig64Ub-EmcNPIhg","https:\/\/www.facebook.com\/celtTV\/"],"logo":{"@type":"ImageObject","inLanguage":"es","@id":"https:\/\/www.celttv.com.ar\/#\/schema\/logo\/image\/","url":"http:\/\/www.celttv.com.ar\/wp-content\/uploads\/2022\/08\/logo-1.png","contentUrl":"http:\/\/www.celttv.com.ar\/wp-content\/uploads\/2022\/08\/logo-1.png","width":461,"height":159,"caption":"CELTTV"},"image":{"@id":"https:\/\/www.celttv.com.ar\/#\/schema\/logo\/image\/"}},{"@type":"Person","@id":"https:\/\/www.celttv.com.ar\/#\/schema\/person\/9059dc91dc7204ef4182cdb65225f07d","name":"Miguel Herrada","image":{"@type":"ImageObject","inLanguage":"es","@id":"https:\/\/www.celttv.com.ar\/#\/schema\/person\/image\/","url":"https:\/\/secure.gravatar.com\/avatar\/67724d5b3c716623ffd76bec7e45841a442ac3b456e914dbba90b0fad2b8e0b1?s=96&d=mm&r=g","contentUrl":"https:\/\/secure.gravatar.com\/avatar\/67724d5b3c716623ffd76bec7e45841a442ac3b456e914dbba90b0fad2b8e0b1?s=96&d=mm&r=g","caption":"Miguel Herrada"}}]}},"_links":{"self":[{"href":"https:\/\/www.celttv.com.ar\/index.php\/wp-json\/wp\/v2\/posts\/90275","targetHints":{"allow":["GET"]}}],"collection":[{"href":"https:\/\/www.celttv.com.ar\/index.php\/wp-json\/wp\/v2\/posts"}],"about":[{"href":"https:\/\/www.celttv.com.ar\/index.php\/wp-json\/wp\/v2\/types\/post"}],"author":[{"embeddable":true,"href":"https:\/\/www.celttv.com.ar\/index.php\/wp-json\/wp\/v2\/users\/5"}],"replies":[{"embeddable":true,"href":"https:\/\/www.celttv.com.ar\/index.php\/wp-json\/wp\/v2\/comments?post=90275"}],"version-history":[{"count":1,"href":"https:\/\/www.celttv.com.ar\/index.php\/wp-json\/wp\/v2\/posts\/90275\/revisions"}],"predecessor-version":[{"id":90288,"href":"https:\/\/www.celttv.com.ar\/index.php\/wp-json\/wp\/v2\/posts\/90275\/revisions\/90288"}],"wp:featuredmedia":[{"embeddable":true,"href":"https:\/\/www.celttv.com.ar\/index.php\/wp-json\/wp\/v2\/media\/90281"}],"wp:attachment":[{"href":"https:\/\/www.celttv.com.ar\/index.php\/wp-json\/wp\/v2\/media?parent=90275"}],"wp:term":[{"taxonomy":"category","embeddable":true,"href":"https:\/\/www.celttv.com.ar\/index.php\/wp-json\/wp\/v2\/categories?post=90275"},{"taxonomy":"post_tag","embeddable":true,"href":"https:\/\/www.celttv.com.ar\/index.php\/wp-json\/wp\/v2\/tags?post=90275"}],"curies":[{"name":"wp","href":"https:\/\/api.w.org\/{rel}","templated":true}]}}