{"id":90294,"date":"2025-11-06T19:54:00","date_gmt":"2025-11-06T22:54:00","guid":{"rendered":"https:\/\/www.celttv.com.ar\/?p=90294"},"modified":"2025-11-06T19:54:00","modified_gmt":"2025-11-06T22:54:00","slug":"tornquist-fue-sede-del-proceso-nacional-de-acreditacion-de-bomberos-forestales","status":"publish","type":"post","link":"https:\/\/www.celttv.com.ar\/index.php\/2025\/11\/06\/tornquist-fue-sede-del-proceso-nacional-de-acreditacion-de-bomberos-forestales\/","title":{"rendered":"Tornquist fue sede del proceso nacional de acreditaci\u00f3n de Bomberos Forestales"},"content":{"rendered":"<p><iframe loading=\"lazy\" title=\"2025 10 28 NOTA A MARTIN HAAG\" width=\"500\" height=\"281\" src=\"https:\/\/www.youtube.com\/embed\/7odjcyZQ-30?feature=oembed\" frameborder=\"0\" allow=\"accelerometer; autoplay; clipboard-write; encrypted-media; gyroscope; picture-in-picture; web-share\" referrerpolicy=\"strict-origin-when-cross-origin\" allowfullscreen><\/iframe><\/p>\n<p><img loading=\"lazy\" decoding=\"async\" class=\"alignnone wp-image-90296 size-large\" src=\"https:\/\/www.celttv.com.ar\/wp-content\/uploads\/2025\/11\/1-1024x1024.jpg\" alt=\"\" width=\"1024\" height=\"1024\" srcset=\"https:\/\/www.celttv.com.ar\/wp-content\/uploads\/2025\/11\/1-1024x1024.jpg 1024w, https:\/\/www.celttv.com.ar\/wp-content\/uploads\/2025\/11\/1-300x300.jpg 300w, https:\/\/www.celttv.com.ar\/wp-content\/uploads\/2025\/11\/1-150x150.jpg 150w, https:\/\/www.celttv.com.ar\/wp-content\/uploads\/2025\/11\/1-768x768.jpg 768w, https:\/\/www.celttv.com.ar\/wp-content\/uploads\/2025\/11\/1-75x75.jpg 75w, https:\/\/www.celttv.com.ar\/wp-content\/uploads\/2025\/11\/1-750x750.jpg 750w, https:\/\/www.celttv.com.ar\/wp-content\/uploads\/2025\/11\/1.jpg 1080w\" sizes=\"auto, (max-width: 1024px) 100vw, 1024px\" \/> <img loading=\"lazy\" decoding=\"async\" class=\"alignnone wp-image-90297 size-large\" src=\"https:\/\/www.celttv.com.ar\/wp-content\/uploads\/2025\/11\/2-1024x1024.jpg\" alt=\"\" width=\"1024\" height=\"1024\" srcset=\"https:\/\/www.celttv.com.ar\/wp-content\/uploads\/2025\/11\/2-1024x1024.jpg 1024w, https:\/\/www.celttv.com.ar\/wp-content\/uploads\/2025\/11\/2-300x300.jpg 300w, https:\/\/www.celttv.com.ar\/wp-content\/uploads\/2025\/11\/2-150x150.jpg 150w, https:\/\/www.celttv.com.ar\/wp-content\/uploads\/2025\/11\/2-768x768.jpg 768w, https:\/\/www.celttv.com.ar\/wp-content\/uploads\/2025\/11\/2-75x75.jpg 75w, https:\/\/www.celttv.com.ar\/wp-content\/uploads\/2025\/11\/2-750x750.jpg 750w, https:\/\/www.celttv.com.ar\/wp-content\/uploads\/2025\/11\/2.jpg 1080w\" sizes=\"auto, (max-width: 1024px) 100vw, 1024px\" \/> <img loading=\"lazy\" decoding=\"async\" class=\"alignnone wp-image-90298 size-large\" src=\"https:\/\/www.celttv.com.ar\/wp-content\/uploads\/2025\/11\/3-1024x1024.jpg\" alt=\"\" width=\"1024\" height=\"1024\" srcset=\"https:\/\/www.celttv.com.ar\/wp-content\/uploads\/2025\/11\/3-1024x1024.jpg 1024w, https:\/\/www.celttv.com.ar\/wp-content\/uploads\/2025\/11\/3-300x300.jpg 300w, https:\/\/www.celttv.com.ar\/wp-content\/uploads\/2025\/11\/3-150x150.jpg 150w, https:\/\/www.celttv.com.ar\/wp-content\/uploads\/2025\/11\/3-768x768.jpg 768w, https:\/\/www.celttv.com.ar\/wp-content\/uploads\/2025\/11\/3-75x75.jpg 75w, https:\/\/www.celttv.com.ar\/wp-content\/uploads\/2025\/11\/3-750x750.jpg 750w, https:\/\/www.celttv.com.ar\/wp-content\/uploads\/2025\/11\/3.jpg 1080w\" sizes=\"auto, (max-width: 1024px) 100vw, 1024px\" \/> <img loading=\"lazy\" decoding=\"async\" class=\"alignnone wp-image-90299 size-large\" src=\"https:\/\/www.celttv.com.ar\/wp-content\/uploads\/2025\/11\/4-1024x1024.jpg\" alt=\"\" width=\"1024\" height=\"1024\" srcset=\"https:\/\/www.celttv.com.ar\/wp-content\/uploads\/2025\/11\/4-1024x1024.jpg 1024w, https:\/\/www.celttv.com.ar\/wp-content\/uploads\/2025\/11\/4-300x300.jpg 300w, https:\/\/www.celttv.com.ar\/wp-content\/uploads\/2025\/11\/4-150x150.jpg 150w, https:\/\/www.celttv.com.ar\/wp-content\/uploads\/2025\/11\/4-768x768.jpg 768w, https:\/\/www.celttv.com.ar\/wp-content\/uploads\/2025\/11\/4-75x75.jpg 75w, https:\/\/www.celttv.com.ar\/wp-content\/uploads\/2025\/11\/4-750x750.jpg 750w, https:\/\/www.celttv.com.ar\/wp-content\/uploads\/2025\/11\/4.jpg 1080w\" sizes=\"auto, (max-width: 1024px) 100vw, 1024px\" \/> <img loading=\"lazy\" decoding=\"async\" class=\"alignnone wp-image-90300 size-large\" src=\"https:\/\/www.celttv.com.ar\/wp-content\/uploads\/2025\/11\/5-1024x1024.jpg\" alt=\"\" width=\"1024\" height=\"1024\" srcset=\"https:\/\/www.celttv.com.ar\/wp-content\/uploads\/2025\/11\/5-1024x1024.jpg 1024w, https:\/\/www.celttv.com.ar\/wp-content\/uploads\/2025\/11\/5-300x300.jpg 300w, https:\/\/www.celttv.com.ar\/wp-content\/uploads\/2025\/11\/5-150x150.jpg 150w, https:\/\/www.celttv.com.ar\/wp-content\/uploads\/2025\/11\/5-768x768.jpg 768w, https:\/\/www.celttv.com.ar\/wp-content\/uploads\/2025\/11\/5-75x75.jpg 75w, https:\/\/www.celttv.com.ar\/wp-content\/uploads\/2025\/11\/5-750x750.jpg 750w, https:\/\/www.celttv.com.ar\/wp-content\/uploads\/2025\/11\/5.jpg 1080w\" sizes=\"auto, (max-width: 1024px) 100vw, 1024px\" \/> <img loading=\"lazy\" decoding=\"async\" class=\"alignnone wp-image-90301 size-large\" src=\"https:\/\/www.celttv.com.ar\/wp-content\/uploads\/2025\/11\/6-1024x1024.jpg\" alt=\"\" width=\"1024\" height=\"1024\" srcset=\"https:\/\/www.celttv.com.ar\/wp-content\/uploads\/2025\/11\/6-1024x1024.jpg 1024w, https:\/\/www.celttv.com.ar\/wp-content\/uploads\/2025\/11\/6-300x300.jpg 300w, https:\/\/www.celttv.com.ar\/wp-content\/uploads\/2025\/11\/6-150x150.jpg 150w, https:\/\/www.celttv.com.ar\/wp-content\/uploads\/2025\/11\/6-768x768.jpg 768w, https:\/\/www.celttv.com.ar\/wp-content\/uploads\/2025\/11\/6-75x75.jpg 75w, https:\/\/www.celttv.com.ar\/wp-content\/uploads\/2025\/11\/6-750x750.jpg 750w, https:\/\/www.celttv.com.ar\/wp-content\/uploads\/2025\/11\/6.jpg 1080w\" sizes=\"auto, (max-width: 1024px) 100vw, 1024px\" \/> <img loading=\"lazy\" decoding=\"async\" class=\"alignnone wp-image-90302 size-large\" src=\"https:\/\/www.celttv.com.ar\/wp-content\/uploads\/2025\/11\/7-1024x1024.jpg\" alt=\"\" width=\"1024\" height=\"1024\" srcset=\"https:\/\/www.celttv.com.ar\/wp-content\/uploads\/2025\/11\/7-1024x1024.jpg 1024w, https:\/\/www.celttv.com.ar\/wp-content\/uploads\/2025\/11\/7-300x300.jpg 300w, https:\/\/www.celttv.com.ar\/wp-content\/uploads\/2025\/11\/7-150x150.jpg 150w, https:\/\/www.celttv.com.ar\/wp-content\/uploads\/2025\/11\/7-768x768.jpg 768w, https:\/\/www.celttv.com.ar\/wp-content\/uploads\/2025\/11\/7-75x75.jpg 75w, https:\/\/www.celttv.com.ar\/wp-content\/uploads\/2025\/11\/7-750x750.jpg 750w, https:\/\/www.celttv.com.ar\/wp-content\/uploads\/2025\/11\/7.jpg 1080w\" sizes=\"auto, (max-width: 1024px) 100vw, 1024px\" \/> <img loading=\"lazy\" decoding=\"async\" class=\"alignnone wp-image-90303 size-large\" src=\"https:\/\/www.celttv.com.ar\/wp-content\/uploads\/2025\/11\/8-1024x1024.jpg\" alt=\"\" width=\"1024\" height=\"1024\" srcset=\"https:\/\/www.celttv.com.ar\/wp-content\/uploads\/2025\/11\/8-1024x1024.jpg 1024w, https:\/\/www.celttv.com.ar\/wp-content\/uploads\/2025\/11\/8-300x300.jpg 300w, https:\/\/www.celttv.com.ar\/wp-content\/uploads\/2025\/11\/8-150x150.jpg 150w, https:\/\/www.celttv.com.ar\/wp-content\/uploads\/2025\/11\/8-768x768.jpg 768w, https:\/\/www.celttv.com.ar\/wp-content\/uploads\/2025\/11\/8-75x75.jpg 75w, https:\/\/www.celttv.com.ar\/wp-content\/uploads\/2025\/11\/8-750x750.jpg 750w, https:\/\/www.celttv.com.ar\/wp-content\/uploads\/2025\/11\/8.jpg 1080w\" sizes=\"auto, (max-width: 1024px) 100vw, 1024px\" \/><\/p>\n<p><strong>fotos GENTILEZA BOMBEROS TORNQUIST<\/strong><\/p>\n<p>Tornquist fue designada sede del Proceso de Evaluaci\u00f3n y Acreditaci\u00f3n de Bomberos Forestales del Sistema Nacional de Bomberos Voluntarios, un acontecimiento de gran relevancia que reuni\u00f3 a representantes de distintas federaciones del pa\u00eds.<\/p>\n<p>En di\u00e1logo con CELTTV Noticias, el jefe del Cuerpo de Bomberos Voluntarios de Tornquist e instructor nacional, Mart\u00edn Haag, brind\u00f3 detalles sobre las jornadas de trabajo desarrolladas en la ciudad.<\/p>\n<p>\u201cEste proceso forma parte de un sistema impulsado por el Consejo Nacional de Bomberos, a trav\u00e9s de su Coordinaci\u00f3n \u00danica Operativa (CUO) y de la Academia Nacional de Bomberos (ANB). Desde hace dos a\u00f1os venimos trabajando en la acreditaci\u00f3n de bomberos y brigadas forestales en todo el pa\u00eds, con el objetivo de documentar la capacidad operativa del sistema nacional en la especialidad de incendios forestales y nivelar las estructuras federativas para dar respuesta ante emergencias dentro o fuera del pa\u00eds\u201d, explic\u00f3 Haag.<\/p>\n<p><strong>Cinco etapas de evaluaci\u00f3n<\/strong><\/p>\n<p>El proceso de acreditaci\u00f3n cuenta con cinco etapas. En primer lugar, cada participante presenta su curr\u00edculum, que es evaluado por una mesa t\u00e9cnica. Aquellos que cumplen con el perfil requerido avanzan a la segunda instancia, donde deben rendir un examen te\u00f3rico a trav\u00e9s de una plataforma de la ANB.<\/p>\n<p>Posteriormente, los aspirantes acceden a la evaluaci\u00f3n f\u00edsica y de habilidades, que fue la realizada el pasado s\u00e1bado en Tornquist, con la participaci\u00f3n de 24 bomberos habilitados. Esta fue la segunda evaluaci\u00f3n de este tipo a nivel nacional, luego de la primera desarrollada en C\u00f3rdoba a comienzos de octubre.<\/p>\n<p>\u201cEn Tornquist participaron evaluadores de distintas federaciones del pa\u00eds, y tambi\u00e9n bomberos de nuestra regi\u00f3n \u2014de Tornquist, Sierra y Villa Ventana\u2014 que integran la Brigada Forestal Federativa\u201d, detall\u00f3 Haag.<\/p>\n<p><strong>Responsabilidad nacional y trabajo local<\/strong><\/p>\n<p>El jefe local fue designado responsable nacional del proceso de acreditaci\u00f3n, junto a un equipo t\u00e9cnico conformado por Mart\u00edn Luj\u00e1n y Gustavo Bustamante, tambi\u00e9n integrantes del cuerpo activo de Tornquist.<\/p>\n<p>\u201cYa lograron su acreditaci\u00f3n las federaciones de C\u00f3rdoba y Centro Sur. El resto de las federaciones est\u00e1n enviando documentaci\u00f3n para iniciar el proceso\u201d, indic\u00f3 Haag.<\/p>\n<p><strong>Profesionalizaci\u00f3n y reconocimiento oficial<\/strong><\/p>\n<p>El programa no solo busca evaluar la preparaci\u00f3n actual de los bomberos, sino tambi\u00e9n documentar su formaci\u00f3n profesional para elevarla al Ministerio de Seguridad de la Naci\u00f3n. Esto permitir\u00e1 que los acreditados puedan ser convocados oficialmente ante emergencias en cualquier punto del pa\u00eds o en el extranjero.<\/p>\n<p>Adem\u00e1s, Haag adelant\u00f3 que se trabaja junto al Ministerio de Educaci\u00f3n de la Naci\u00f3n para que, hacia 2026, la formaci\u00f3n de bomberos forestales cuente con certificaci\u00f3n t\u00e9cnico-profesional de nivel nacional.<\/p>\n<p>\u201cApuntamos a que la formaci\u00f3n sea t\u00e9cnica y profesional. Es el camino hacia la profesionalizaci\u00f3n definitiva de la actividad bomberil\u201d, remarc\u00f3.<\/p>\n<p><strong>Tornquist, centro del operativo<\/strong><\/p>\n<p>En esta oportunidad participaron evaluadores de Jun\u00edn de los Andes, C\u00f3rdoba, Daireaux, y de las federaciones Neuquina y Centro Sur, adem\u00e1s de bomberos de Patagones, Hilario Ascasubi, M\u00e9danos, Cerri, Punta Alta, Monte Hermoso, Coronel Dorrego, Sierra de la Ventana, Villa Ventana, Tornquist y Espartillar, entre otros.<\/p>\n<p>Haag destac\u00f3 el apoyo del Municipio de Tornquist, que cedi\u00f3 el predio de atletismo y un espacio para la pr\u00e1ctica con herramientas. Tambi\u00e9n subray\u00f3 la tarea del cuerpo local por la organizaci\u00f3n y hospitalidad:<\/p>\n<p>\u201cNos sentimos muy orgullosos. Los evaluadores destacaron la atenci\u00f3n y la camarader\u00eda del cuartel de Tornquist.\u201d<\/p>\n<p><strong>Un proceso hist\u00f3rico<\/strong><\/p>\n<p>Finalmente, el instructor nacional se\u00f1al\u00f3 que este sistema \u201cvino para quedarse\u201d y que ya genera inter\u00e9s en organismos de otros pa\u00edses de la regi\u00f3n.<\/p>\n<p>\u201cEs un proceso \u00fanico en la Argentina. Incluso hay pa\u00edses lim\u00edtrofes que est\u00e1n siguiendo de cerca esta experiencia para replicarla. En una sexta etapa, adem\u00e1s, se busca obtener la acreditaci\u00f3n a nivel OVA (Organizaci\u00f3n de Bomberos Americanos), lo que permitir\u00e1 que bomberos argentinos puedan intervenir internacionalmente con certificaci\u00f3n reconocida.\u201d<\/p>\n<p>Haag concluy\u00f3:<br \/>\n\u201cEstamos muy agradecidos y comprometidos en seguir trabajando por el crecimiento de nuestros bomberos, de nuestra instituci\u00f3n y del sistema nacional de bomberos voluntarios.\u201d<\/p>\n<p>&nbsp;<\/p>\n","protected":false},"excerpt":{"rendered":"<p>fotos GENTILEZA BOMBEROS TORNQUIST Tornquist fue designada sede del Proceso de Evaluaci\u00f3n y Acreditaci\u00f3n de Bomberos Forestales del Sistema Nacional de Bomberos Voluntarios, un acontecimiento de gran relevancia que reuni\u00f3 a representantes de distintas federaciones del pa\u00eds. En di\u00e1logo con CELTTV Noticias, el jefe del Cuerpo de Bomberos Voluntarios de Tornquist e instructor nacional, Mart\u00edn [&hellip;]<\/p>\n","protected":false},"author":5,"featured_media":90299,"comment_status":"closed","ping_status":"closed","sticky":false,"template":"","format":"standard","meta":{"footnotes":""},"categories":[1],"tags":[],"class_list":["post-90294","post","type-post","status-publish","format-standard","has-post-thumbnail","hentry","category-sin-categoria"],"yoast_head":"<!-- This site is optimized with the Yoast SEO plugin v19.7.1 - https:\/\/yoast.com\/wordpress\/plugins\/seo\/ -->\n<title>Tornquist fue sede del proceso nacional de acreditaci\u00f3n de Bomberos Forestales - CELTTV<\/title>\n<meta name=\"description\" content=\"Sitio web de noticias de la localidad de Tornquist, provincia de Buenos Aires, Rep\u00fablica Argentina. Contenido propio originado por periodistas de CELTTV, el canal de TV local de la Cooperativa El\u00e9ctrica de Tornquist. Turismo, Pol\u00edtica, Sociedad, Deporte, Cultura y todo el contenido de inter\u00e9s general que la gente del pueblo y la regi\u00f3n debe conocer.\" \/>\n<meta name=\"robots\" content=\"index, follow, max-snippet:-1, max-image-preview:large, max-video-preview:-1\" \/>\n<link rel=\"canonical\" href=\"https:\/\/www.celttv.com.ar\/index.php\/2025\/11\/06\/tornquist-fue-sede-del-proceso-nacional-de-acreditacion-de-bomberos-forestales\/\" \/>\n<meta property=\"og:locale\" content=\"es_ES\" \/>\n<meta property=\"og:type\" content=\"article\" \/>\n<meta property=\"og:title\" content=\"Tornquist fue sede del proceso nacional de acreditaci\u00f3n de Bomberos Forestales - CELTTV\" \/>\n<meta property=\"og:description\" content=\"Sitio web de noticias de la localidad de Tornquist, provincia de Buenos Aires, Rep\u00fablica Argentina. Contenido propio originado por periodistas de CELTTV, el canal de TV local de la Cooperativa El\u00e9ctrica de Tornquist. Turismo, Pol\u00edtica, Sociedad, Deporte, Cultura y todo el contenido de inter\u00e9s general que la gente del pueblo y la regi\u00f3n debe conocer.\" \/>\n<meta property=\"og:url\" content=\"https:\/\/www.celttv.com.ar\/index.php\/2025\/11\/06\/tornquist-fue-sede-del-proceso-nacional-de-acreditacion-de-bomberos-forestales\/\" \/>\n<meta property=\"og:site_name\" content=\"CELTTV\" \/>\n<meta property=\"article:publisher\" content=\"https:\/\/www.facebook.com\/celtTV\/\" \/>\n<meta property=\"article:published_time\" content=\"2025-11-06T22:54:00+00:00\" \/>\n<meta property=\"og:image\" content=\"https:\/\/www.celttv.com.ar\/wp-content\/uploads\/2025\/11\/4.jpg\" \/>\n\t<meta property=\"og:image:width\" content=\"1080\" \/>\n\t<meta property=\"og:image:height\" content=\"1080\" \/>\n\t<meta property=\"og:image:type\" content=\"image\/jpeg\" \/>\n<meta name=\"author\" content=\"Miguel Herrada\" \/>\n<meta name=\"twitter:card\" content=\"summary_large_image\" \/>\n<meta name=\"twitter:label1\" content=\"Escrito por\" \/>\n\t<meta name=\"twitter:data1\" content=\"Miguel Herrada\" \/>\n\t<meta name=\"twitter:label2\" content=\"Tiempo de lectura\" \/>\n\t<meta name=\"twitter:data2\" content=\"4 minutos\" \/>\n<script type=\"application\/ld+json\" class=\"yoast-schema-graph\">{\"@context\":\"https:\/\/schema.org\",\"@graph\":[{\"@type\":\"NewsArticle\",\"@id\":\"https:\/\/www.celttv.com.ar\/index.php\/2025\/11\/06\/tornquist-fue-sede-del-proceso-nacional-de-acreditacion-de-bomberos-forestales\/#article\",\"isPartOf\":{\"@id\":\"https:\/\/www.celttv.com.ar\/index.php\/2025\/11\/06\/tornquist-fue-sede-del-proceso-nacional-de-acreditacion-de-bomberos-forestales\/\"},\"author\":{\"name\":\"Miguel Herrada\",\"@id\":\"https:\/\/www.celttv.com.ar\/#\/schema\/person\/9059dc91dc7204ef4182cdb65225f07d\"},\"headline\":\"Tornquist fue sede del proceso nacional de acreditaci\u00f3n de Bomberos Forestales\",\"datePublished\":\"2025-11-06T22:54:00+00:00\",\"dateModified\":\"2025-11-06T22:54:00+00:00\",\"mainEntityOfPage\":{\"@id\":\"https:\/\/www.celttv.com.ar\/index.php\/2025\/11\/06\/tornquist-fue-sede-del-proceso-nacional-de-acreditacion-de-bomberos-forestales\/\"},\"wordCount\":731,\"publisher\":{\"@id\":\"https:\/\/www.celttv.com.ar\/#organization\"},\"inLanguage\":\"es\"},{\"@type\":\"WebPage\",\"@id\":\"https:\/\/www.celttv.com.ar\/index.php\/2025\/11\/06\/tornquist-fue-sede-del-proceso-nacional-de-acreditacion-de-bomberos-forestales\/\",\"url\":\"https:\/\/www.celttv.com.ar\/index.php\/2025\/11\/06\/tornquist-fue-sede-del-proceso-nacional-de-acreditacion-de-bomberos-forestales\/\",\"name\":\"Tornquist fue sede del proceso nacional de acreditaci\u00f3n de Bomberos Forestales - CELTTV\",\"isPartOf\":{\"@id\":\"https:\/\/www.celttv.com.ar\/#website\"},\"datePublished\":\"2025-11-06T22:54:00+00:00\",\"dateModified\":\"2025-11-06T22:54:00+00:00\",\"description\":\"Sitio web de noticias de la localidad de Tornquist, provincia de Buenos Aires, Rep\u00fablica Argentina. Contenido propio originado por periodistas de CELTTV, el canal de TV local de la Cooperativa El\u00e9ctrica de Tornquist. Turismo, Pol\u00edtica, Sociedad, Deporte, Cultura y todo el contenido de inter\u00e9s general que la gente del pueblo y la regi\u00f3n debe conocer.\",\"breadcrumb\":{\"@id\":\"https:\/\/www.celttv.com.ar\/index.php\/2025\/11\/06\/tornquist-fue-sede-del-proceso-nacional-de-acreditacion-de-bomberos-forestales\/#breadcrumb\"},\"inLanguage\":\"es\",\"potentialAction\":[{\"@type\":\"ReadAction\",\"target\":[\"https:\/\/www.celttv.com.ar\/index.php\/2025\/11\/06\/tornquist-fue-sede-del-proceso-nacional-de-acreditacion-de-bomberos-forestales\/\"]}]},{\"@type\":\"BreadcrumbList\",\"@id\":\"https:\/\/www.celttv.com.ar\/index.php\/2025\/11\/06\/tornquist-fue-sede-del-proceso-nacional-de-acreditacion-de-bomberos-forestales\/#breadcrumb\",\"itemListElement\":[{\"@type\":\"ListItem\",\"position\":1,\"name\":\"Inicio\",\"item\":\"https:\/\/www.celttv.com.ar\/\"},{\"@type\":\"ListItem\",\"position\":2,\"name\":\"Tornquist fue sede del proceso nacional de acreditaci\u00f3n de Bomberos Forestales\"}]},{\"@type\":\"WebSite\",\"@id\":\"https:\/\/www.celttv.com.ar\/#website\",\"url\":\"https:\/\/www.celttv.com.ar\/\",\"name\":\"CELTTV\",\"description\":\"Cooperativa El\u00e9ctrica de Tornquist\",\"publisher\":{\"@id\":\"https:\/\/www.celttv.com.ar\/#organization\"},\"potentialAction\":[{\"@type\":\"SearchAction\",\"target\":{\"@type\":\"EntryPoint\",\"urlTemplate\":\"https:\/\/www.celttv.com.ar\/?s={search_term_string}\"},\"query-input\":\"required name=search_term_string\"}],\"inLanguage\":\"es\"},{\"@type\":\"Organization\",\"@id\":\"https:\/\/www.celttv.com.ar\/#organization\",\"name\":\"CELTTV\",\"url\":\"https:\/\/www.celttv.com.ar\/\",\"sameAs\":[\"https:\/\/www.youtube.com\/channel\/UCz_oIt8Hig64Ub-EmcNPIhg\",\"https:\/\/www.facebook.com\/celtTV\/\"],\"logo\":{\"@type\":\"ImageObject\",\"inLanguage\":\"es\",\"@id\":\"https:\/\/www.celttv.com.ar\/#\/schema\/logo\/image\/\",\"url\":\"http:\/\/www.celttv.com.ar\/wp-content\/uploads\/2022\/08\/logo-1.png\",\"contentUrl\":\"http:\/\/www.celttv.com.ar\/wp-content\/uploads\/2022\/08\/logo-1.png\",\"width\":461,\"height\":159,\"caption\":\"CELTTV\"},\"image\":{\"@id\":\"https:\/\/www.celttv.com.ar\/#\/schema\/logo\/image\/\"}},{\"@type\":\"Person\",\"@id\":\"https:\/\/www.celttv.com.ar\/#\/schema\/person\/9059dc91dc7204ef4182cdb65225f07d\",\"name\":\"Miguel Herrada\",\"image\":{\"@type\":\"ImageObject\",\"inLanguage\":\"es\",\"@id\":\"https:\/\/www.celttv.com.ar\/#\/schema\/person\/image\/\",\"url\":\"https:\/\/secure.gravatar.com\/avatar\/67724d5b3c716623ffd76bec7e45841a442ac3b456e914dbba90b0fad2b8e0b1?s=96&d=mm&r=g\",\"contentUrl\":\"https:\/\/secure.gravatar.com\/avatar\/67724d5b3c716623ffd76bec7e45841a442ac3b456e914dbba90b0fad2b8e0b1?s=96&d=mm&r=g\",\"caption\":\"Miguel Herrada\"}}]}<\/script>\n<!-- \/ Yoast SEO plugin. -->","yoast_head_json":{"title":"Tornquist fue sede del proceso nacional de acreditaci\u00f3n de Bomberos Forestales - CELTTV","description":"Sitio web de noticias de la localidad de Tornquist, provincia de Buenos Aires, Rep\u00fablica Argentina. Contenido propio originado por periodistas de CELTTV, el canal de TV local de la Cooperativa El\u00e9ctrica de Tornquist. Turismo, Pol\u00edtica, Sociedad, Deporte, Cultura y todo el contenido de inter\u00e9s general que la gente del pueblo y la regi\u00f3n debe conocer.","robots":{"index":"index","follow":"follow","max-snippet":"max-snippet:-1","max-image-preview":"max-image-preview:large","max-video-preview":"max-video-preview:-1"},"canonical":"https:\/\/www.celttv.com.ar\/index.php\/2025\/11\/06\/tornquist-fue-sede-del-proceso-nacional-de-acreditacion-de-bomberos-forestales\/","og_locale":"es_ES","og_type":"article","og_title":"Tornquist fue sede del proceso nacional de acreditaci\u00f3n de Bomberos Forestales - CELTTV","og_description":"Sitio web de noticias de la localidad de Tornquist, provincia de Buenos Aires, Rep\u00fablica Argentina. Contenido propio originado por periodistas de CELTTV, el canal de TV local de la Cooperativa El\u00e9ctrica de Tornquist. Turismo, Pol\u00edtica, Sociedad, Deporte, Cultura y todo el contenido de inter\u00e9s general que la gente del pueblo y la regi\u00f3n debe conocer.","og_url":"https:\/\/www.celttv.com.ar\/index.php\/2025\/11\/06\/tornquist-fue-sede-del-proceso-nacional-de-acreditacion-de-bomberos-forestales\/","og_site_name":"CELTTV","article_publisher":"https:\/\/www.facebook.com\/celtTV\/","article_published_time":"2025-11-06T22:54:00+00:00","og_image":[{"width":1080,"height":1080,"url":"https:\/\/www.celttv.com.ar\/wp-content\/uploads\/2025\/11\/4.jpg","type":"image\/jpeg"}],"author":"Miguel Herrada","twitter_card":"summary_large_image","twitter_misc":{"Escrito por":"Miguel Herrada","Tiempo de lectura":"4 minutos"},"schema":{"@context":"https:\/\/schema.org","@graph":[{"@type":"NewsArticle","@id":"https:\/\/www.celttv.com.ar\/index.php\/2025\/11\/06\/tornquist-fue-sede-del-proceso-nacional-de-acreditacion-de-bomberos-forestales\/#article","isPartOf":{"@id":"https:\/\/www.celttv.com.ar\/index.php\/2025\/11\/06\/tornquist-fue-sede-del-proceso-nacional-de-acreditacion-de-bomberos-forestales\/"},"author":{"name":"Miguel Herrada","@id":"https:\/\/www.celttv.com.ar\/#\/schema\/person\/9059dc91dc7204ef4182cdb65225f07d"},"headline":"Tornquist fue sede del proceso nacional de acreditaci\u00f3n de Bomberos Forestales","datePublished":"2025-11-06T22:54:00+00:00","dateModified":"2025-11-06T22:54:00+00:00","mainEntityOfPage":{"@id":"https:\/\/www.celttv.com.ar\/index.php\/2025\/11\/06\/tornquist-fue-sede-del-proceso-nacional-de-acreditacion-de-bomberos-forestales\/"},"wordCount":731,"publisher":{"@id":"https:\/\/www.celttv.com.ar\/#organization"},"inLanguage":"es"},{"@type":"WebPage","@id":"https:\/\/www.celttv.com.ar\/index.php\/2025\/11\/06\/tornquist-fue-sede-del-proceso-nacional-de-acreditacion-de-bomberos-forestales\/","url":"https:\/\/www.celttv.com.ar\/index.php\/2025\/11\/06\/tornquist-fue-sede-del-proceso-nacional-de-acreditacion-de-bomberos-forestales\/","name":"Tornquist fue sede del proceso nacional de acreditaci\u00f3n de Bomberos Forestales - CELTTV","isPartOf":{"@id":"https:\/\/www.celttv.com.ar\/#website"},"datePublished":"2025-11-06T22:54:00+00:00","dateModified":"2025-11-06T22:54:00+00:00","description":"Sitio web de noticias de la localidad de Tornquist, provincia de Buenos Aires, Rep\u00fablica Argentina. Contenido propio originado por periodistas de CELTTV, el canal de TV local de la Cooperativa El\u00e9ctrica de Tornquist. Turismo, Pol\u00edtica, Sociedad, Deporte, Cultura y todo el contenido de inter\u00e9s general que la gente del pueblo y la regi\u00f3n debe conocer.","breadcrumb":{"@id":"https:\/\/www.celttv.com.ar\/index.php\/2025\/11\/06\/tornquist-fue-sede-del-proceso-nacional-de-acreditacion-de-bomberos-forestales\/#breadcrumb"},"inLanguage":"es","potentialAction":[{"@type":"ReadAction","target":["https:\/\/www.celttv.com.ar\/index.php\/2025\/11\/06\/tornquist-fue-sede-del-proceso-nacional-de-acreditacion-de-bomberos-forestales\/"]}]},{"@type":"BreadcrumbList","@id":"https:\/\/www.celttv.com.ar\/index.php\/2025\/11\/06\/tornquist-fue-sede-del-proceso-nacional-de-acreditacion-de-bomberos-forestales\/#breadcrumb","itemListElement":[{"@type":"ListItem","position":1,"name":"Inicio","item":"https:\/\/www.celttv.com.ar\/"},{"@type":"ListItem","position":2,"name":"Tornquist fue sede del proceso nacional de acreditaci\u00f3n de Bomberos Forestales"}]},{"@type":"WebSite","@id":"https:\/\/www.celttv.com.ar\/#website","url":"https:\/\/www.celttv.com.ar\/","name":"CELTTV","description":"Cooperativa El\u00e9ctrica de Tornquist","publisher":{"@id":"https:\/\/www.celttv.com.ar\/#organization"},"potentialAction":[{"@type":"SearchAction","target":{"@type":"EntryPoint","urlTemplate":"https:\/\/www.celttv.com.ar\/?s={search_term_string}"},"query-input":"required name=search_term_string"}],"inLanguage":"es"},{"@type":"Organization","@id":"https:\/\/www.celttv.com.ar\/#organization","name":"CELTTV","url":"https:\/\/www.celttv.com.ar\/","sameAs":["https:\/\/www.youtube.com\/channel\/UCz_oIt8Hig64Ub-EmcNPIhg","https:\/\/www.facebook.com\/celtTV\/"],"logo":{"@type":"ImageObject","inLanguage":"es","@id":"https:\/\/www.celttv.com.ar\/#\/schema\/logo\/image\/","url":"http:\/\/www.celttv.com.ar\/wp-content\/uploads\/2022\/08\/logo-1.png","contentUrl":"http:\/\/www.celttv.com.ar\/wp-content\/uploads\/2022\/08\/logo-1.png","width":461,"height":159,"caption":"CELTTV"},"image":{"@id":"https:\/\/www.celttv.com.ar\/#\/schema\/logo\/image\/"}},{"@type":"Person","@id":"https:\/\/www.celttv.com.ar\/#\/schema\/person\/9059dc91dc7204ef4182cdb65225f07d","name":"Miguel Herrada","image":{"@type":"ImageObject","inLanguage":"es","@id":"https:\/\/www.celttv.com.ar\/#\/schema\/person\/image\/","url":"https:\/\/secure.gravatar.com\/avatar\/67724d5b3c716623ffd76bec7e45841a442ac3b456e914dbba90b0fad2b8e0b1?s=96&d=mm&r=g","contentUrl":"https:\/\/secure.gravatar.com\/avatar\/67724d5b3c716623ffd76bec7e45841a442ac3b456e914dbba90b0fad2b8e0b1?s=96&d=mm&r=g","caption":"Miguel Herrada"}}]}},"_links":{"self":[{"href":"https:\/\/www.celttv.com.ar\/index.php\/wp-json\/wp\/v2\/posts\/90294","targetHints":{"allow":["GET"]}}],"collection":[{"href":"https:\/\/www.celttv.com.ar\/index.php\/wp-json\/wp\/v2\/posts"}],"about":[{"href":"https:\/\/www.celttv.com.ar\/index.php\/wp-json\/wp\/v2\/types\/post"}],"author":[{"embeddable":true,"href":"https:\/\/www.celttv.com.ar\/index.php\/wp-json\/wp\/v2\/users\/5"}],"replies":[{"embeddable":true,"href":"https:\/\/www.celttv.com.ar\/index.php\/wp-json\/wp\/v2\/comments?post=90294"}],"version-history":[{"count":2,"href":"https:\/\/www.celttv.com.ar\/index.php\/wp-json\/wp\/v2\/posts\/90294\/revisions"}],"predecessor-version":[{"id":90304,"href":"https:\/\/www.celttv.com.ar\/index.php\/wp-json\/wp\/v2\/posts\/90294\/revisions\/90304"}],"wp:featuredmedia":[{"embeddable":true,"href":"https:\/\/www.celttv.com.ar\/index.php\/wp-json\/wp\/v2\/media\/90299"}],"wp:attachment":[{"href":"https:\/\/www.celttv.com.ar\/index.php\/wp-json\/wp\/v2\/media?parent=90294"}],"wp:term":[{"taxonomy":"category","embeddable":true,"href":"https:\/\/www.celttv.com.ar\/index.php\/wp-json\/wp\/v2\/categories?post=90294"},{"taxonomy":"post_tag","embeddable":true,"href":"https:\/\/www.celttv.com.ar\/index.php\/wp-json\/wp\/v2\/tags?post=90294"}],"curies":[{"name":"wp","href":"https:\/\/api.w.org\/{rel}","templated":true}]}}