{"id":90364,"date":"2025-11-14T09:41:24","date_gmt":"2025-11-14T12:41:24","guid":{"rendered":"https:\/\/www.celttv.com.ar\/?p=90364"},"modified":"2025-11-14T09:42:11","modified_gmt":"2025-11-14T12:42:11","slug":"emiten-una-alerta-amarilla-por-tormentas-para-este-sabado-en-tornquist-y-gran-parte-de-la-provincia","status":"publish","type":"post","link":"https:\/\/www.celttv.com.ar\/index.php\/2025\/11\/14\/emiten-una-alerta-amarilla-por-tormentas-para-este-sabado-en-tornquist-y-gran-parte-de-la-provincia\/","title":{"rendered":"Emiten una alerta amarilla por tormentas para este s\u00e1bado en Tornquist y gran parte de la Provincia"},"content":{"rendered":"<p>El Servicio Meteorol\u00f3gico Nacional emiti\u00f3 una alerta amarilla por tormentas para este s\u00e1bado a la tarde en Tornquist y casi toda la provincia de Buenos Aires.<\/p>\n<p>Seg\u00fan comunic\u00f3, &#8220;el\u00a0\u00e1rea ser\u00e1 afectada por lluvias y tormentas de variada intensidad, algunas localmente fuertes&#8221;.<\/p>\n<p>El ente indic\u00f3 que &#8220;las mismas podr\u00e1n estar acompa\u00f1adas por abundante ca\u00edda de agua en cortos per\u00edodos, frecuente actividad el\u00e9ctrica, granizo e intensas r\u00e1fagas que puede alcanzar los 90 km\/h&#8221;.<\/p>\n<p>En ese sentido, mencion\u00f3 que &#8220;se prev\u00e9n valores de precipitaci\u00f3n acumulada entre 20 y 50 mm, pudiendo ser superados de manera puntual&#8221;.<\/p>\n<p>Como ocurre ante cualquier situaci\u00f3n de alerta, el SMN emite adem\u00e1s una serie de recomendaciones:<\/p>\n<p>1- Evit\u00e1 salir.<\/p>\n<p>2- No saques la basura y limpi\u00e1 desag\u00fces y sumideros.<\/p>\n<p>3- Desconect\u00e1 los electrodom\u00e9sticos y cort\u00e1 el suministro el\u00e9ctrico si ingresa agua<\/p>\n<p>4- Cerr\u00e1 y alejate de puertas y ventanas.<\/p>\n<p>5- Retir\u00e1 o asegur\u00e1 objetos que puedan ser arrastrados por el viento.<\/p>\n<p>6- Si est\u00e1s al aire libre, busc\u00e1 refugio inmediato en un edificio, casa o veh\u00edculo cerrado.<\/p>\n<p><img loading=\"lazy\" decoding=\"async\" class=\"alignnone wp-image-90365 size-full\" src=\"https:\/\/www.celttv.com.ar\/wp-content\/uploads\/2025\/11\/ALERTA-TORNQUIST-Y-GREAN-PARTE-DE-LA-PROVINCIA.png\" alt=\"\" width=\"407\" height=\"229\" srcset=\"https:\/\/www.celttv.com.ar\/wp-content\/uploads\/2025\/11\/ALERTA-TORNQUIST-Y-GREAN-PARTE-DE-LA-PROVINCIA.png 407w, https:\/\/www.celttv.com.ar\/wp-content\/uploads\/2025\/11\/ALERTA-TORNQUIST-Y-GREAN-PARTE-DE-LA-PROVINCIA-300x169.png 300w\" sizes=\"auto, (max-width: 407px) 100vw, 407px\" \/><\/p>\n<p>&nbsp;<\/p>\n","protected":false},"excerpt":{"rendered":"<p>El Servicio Meteorol\u00f3gico Nacional emiti\u00f3 una alerta amarilla por tormentas para este s\u00e1bado a la tarde en Tornquist y casi toda la provincia de Buenos Aires. Seg\u00fan comunic\u00f3, &#8220;el\u00a0\u00e1rea ser\u00e1 afectada por lluvias y tormentas de variada intensidad, algunas localmente fuertes&#8221;. El ente indic\u00f3 que &#8220;las mismas podr\u00e1n estar acompa\u00f1adas por abundante ca\u00edda de agua [&hellip;]<\/p>\n","protected":false},"author":5,"featured_media":90365,"comment_status":"closed","ping_status":"closed","sticky":false,"template":"","format":"standard","meta":{"footnotes":""},"categories":[1],"tags":[],"class_list":["post-90364","post","type-post","status-publish","format-standard","has-post-thumbnail","hentry","category-sin-categoria"],"yoast_head":"<!-- This site is optimized with the Yoast SEO plugin v19.7.1 - https:\/\/yoast.com\/wordpress\/plugins\/seo\/ -->\n<title>Emiten una alerta amarilla por tormentas para este s\u00e1bado en Tornquist y gran parte de la Provincia - CELTTV<\/title>\n<meta name=\"description\" content=\"Sitio web de noticias de la localidad de Tornquist, provincia de Buenos Aires, Rep\u00fablica Argentina. Contenido propio originado por periodistas de CELTTV, el canal de TV local de la Cooperativa El\u00e9ctrica de Tornquist. Turismo, Pol\u00edtica, Sociedad, Deporte, Cultura y todo el contenido de inter\u00e9s general que la gente del pueblo y la regi\u00f3n debe conocer.\" \/>\n<meta name=\"robots\" content=\"index, follow, max-snippet:-1, max-image-preview:large, max-video-preview:-1\" \/>\n<link rel=\"canonical\" href=\"https:\/\/www.celttv.com.ar\/index.php\/2025\/11\/14\/emiten-una-alerta-amarilla-por-tormentas-para-este-sabado-en-tornquist-y-gran-parte-de-la-provincia\/\" \/>\n<meta property=\"og:locale\" content=\"es_ES\" \/>\n<meta property=\"og:type\" content=\"article\" \/>\n<meta property=\"og:title\" content=\"Emiten una alerta amarilla por tormentas para este s\u00e1bado en Tornquist y gran parte de la Provincia - CELTTV\" \/>\n<meta property=\"og:description\" content=\"Sitio web de noticias de la localidad de Tornquist, provincia de Buenos Aires, Rep\u00fablica Argentina. Contenido propio originado por periodistas de CELTTV, el canal de TV local de la Cooperativa El\u00e9ctrica de Tornquist. Turismo, Pol\u00edtica, Sociedad, Deporte, Cultura y todo el contenido de inter\u00e9s general que la gente del pueblo y la regi\u00f3n debe conocer.\" \/>\n<meta property=\"og:url\" content=\"https:\/\/www.celttv.com.ar\/index.php\/2025\/11\/14\/emiten-una-alerta-amarilla-por-tormentas-para-este-sabado-en-tornquist-y-gran-parte-de-la-provincia\/\" \/>\n<meta property=\"og:site_name\" content=\"CELTTV\" \/>\n<meta property=\"article:publisher\" content=\"https:\/\/www.facebook.com\/celtTV\/\" \/>\n<meta property=\"article:published_time\" content=\"2025-11-14T12:41:24+00:00\" \/>\n<meta property=\"article:modified_time\" content=\"2025-11-14T12:42:11+00:00\" \/>\n<meta property=\"og:image\" content=\"https:\/\/www.celttv.com.ar\/wp-content\/uploads\/2025\/11\/ALERTA-TORNQUIST-Y-GREAN-PARTE-DE-LA-PROVINCIA.png\" \/>\n\t<meta property=\"og:image:width\" content=\"407\" \/>\n\t<meta property=\"og:image:height\" content=\"229\" \/>\n\t<meta property=\"og:image:type\" content=\"image\/png\" \/>\n<meta name=\"author\" content=\"Miguel Herrada\" \/>\n<meta name=\"twitter:card\" content=\"summary_large_image\" \/>\n<meta name=\"twitter:label1\" content=\"Escrito por\" \/>\n\t<meta name=\"twitter:data1\" content=\"Miguel Herrada\" \/>\n\t<meta name=\"twitter:label2\" content=\"Tiempo de lectura\" \/>\n\t<meta name=\"twitter:data2\" content=\"1 minuto\" \/>\n<script type=\"application\/ld+json\" class=\"yoast-schema-graph\">{\"@context\":\"https:\/\/schema.org\",\"@graph\":[{\"@type\":\"NewsArticle\",\"@id\":\"https:\/\/www.celttv.com.ar\/index.php\/2025\/11\/14\/emiten-una-alerta-amarilla-por-tormentas-para-este-sabado-en-tornquist-y-gran-parte-de-la-provincia\/#article\",\"isPartOf\":{\"@id\":\"https:\/\/www.celttv.com.ar\/index.php\/2025\/11\/14\/emiten-una-alerta-amarilla-por-tormentas-para-este-sabado-en-tornquist-y-gran-parte-de-la-provincia\/\"},\"author\":{\"name\":\"Miguel Herrada\",\"@id\":\"https:\/\/www.celttv.com.ar\/#\/schema\/person\/9059dc91dc7204ef4182cdb65225f07d\"},\"headline\":\"Emiten una alerta amarilla por tormentas para este s\u00e1bado en Tornquist y gran parte de la Provincia\",\"datePublished\":\"2025-11-14T12:41:24+00:00\",\"dateModified\":\"2025-11-14T12:42:11+00:00\",\"mainEntityOfPage\":{\"@id\":\"https:\/\/www.celttv.com.ar\/index.php\/2025\/11\/14\/emiten-una-alerta-amarilla-por-tormentas-para-este-sabado-en-tornquist-y-gran-parte-de-la-provincia\/\"},\"wordCount\":205,\"publisher\":{\"@id\":\"https:\/\/www.celttv.com.ar\/#organization\"},\"inLanguage\":\"es\"},{\"@type\":\"WebPage\",\"@id\":\"https:\/\/www.celttv.com.ar\/index.php\/2025\/11\/14\/emiten-una-alerta-amarilla-por-tormentas-para-este-sabado-en-tornquist-y-gran-parte-de-la-provincia\/\",\"url\":\"https:\/\/www.celttv.com.ar\/index.php\/2025\/11\/14\/emiten-una-alerta-amarilla-por-tormentas-para-este-sabado-en-tornquist-y-gran-parte-de-la-provincia\/\",\"name\":\"Emiten una alerta amarilla por tormentas para este s\u00e1bado en Tornquist y gran parte de la Provincia - CELTTV\",\"isPartOf\":{\"@id\":\"https:\/\/www.celttv.com.ar\/#website\"},\"datePublished\":\"2025-11-14T12:41:24+00:00\",\"dateModified\":\"2025-11-14T12:42:11+00:00\",\"description\":\"Sitio web de noticias de la localidad de Tornquist, provincia de Buenos Aires, Rep\u00fablica Argentina. Contenido propio originado por periodistas de CELTTV, el canal de TV local de la Cooperativa El\u00e9ctrica de Tornquist. Turismo, Pol\u00edtica, Sociedad, Deporte, Cultura y todo el contenido de inter\u00e9s general que la gente del pueblo y la regi\u00f3n debe conocer.\",\"breadcrumb\":{\"@id\":\"https:\/\/www.celttv.com.ar\/index.php\/2025\/11\/14\/emiten-una-alerta-amarilla-por-tormentas-para-este-sabado-en-tornquist-y-gran-parte-de-la-provincia\/#breadcrumb\"},\"inLanguage\":\"es\",\"potentialAction\":[{\"@type\":\"ReadAction\",\"target\":[\"https:\/\/www.celttv.com.ar\/index.php\/2025\/11\/14\/emiten-una-alerta-amarilla-por-tormentas-para-este-sabado-en-tornquist-y-gran-parte-de-la-provincia\/\"]}]},{\"@type\":\"BreadcrumbList\",\"@id\":\"https:\/\/www.celttv.com.ar\/index.php\/2025\/11\/14\/emiten-una-alerta-amarilla-por-tormentas-para-este-sabado-en-tornquist-y-gran-parte-de-la-provincia\/#breadcrumb\",\"itemListElement\":[{\"@type\":\"ListItem\",\"position\":1,\"name\":\"Inicio\",\"item\":\"https:\/\/www.celttv.com.ar\/\"},{\"@type\":\"ListItem\",\"position\":2,\"name\":\"Emiten una alerta amarilla por tormentas para este s\u00e1bado en Tornquist y gran parte de la Provincia\"}]},{\"@type\":\"WebSite\",\"@id\":\"https:\/\/www.celttv.com.ar\/#website\",\"url\":\"https:\/\/www.celttv.com.ar\/\",\"name\":\"CELTTV\",\"description\":\"Cooperativa El\u00e9ctrica de Tornquist\",\"publisher\":{\"@id\":\"https:\/\/www.celttv.com.ar\/#organization\"},\"potentialAction\":[{\"@type\":\"SearchAction\",\"target\":{\"@type\":\"EntryPoint\",\"urlTemplate\":\"https:\/\/www.celttv.com.ar\/?s={search_term_string}\"},\"query-input\":\"required name=search_term_string\"}],\"inLanguage\":\"es\"},{\"@type\":\"Organization\",\"@id\":\"https:\/\/www.celttv.com.ar\/#organization\",\"name\":\"CELTTV\",\"url\":\"https:\/\/www.celttv.com.ar\/\",\"sameAs\":[\"https:\/\/www.youtube.com\/channel\/UCz_oIt8Hig64Ub-EmcNPIhg\",\"https:\/\/www.facebook.com\/celtTV\/\"],\"logo\":{\"@type\":\"ImageObject\",\"inLanguage\":\"es\",\"@id\":\"https:\/\/www.celttv.com.ar\/#\/schema\/logo\/image\/\",\"url\":\"http:\/\/www.celttv.com.ar\/wp-content\/uploads\/2022\/08\/logo-1.png\",\"contentUrl\":\"http:\/\/www.celttv.com.ar\/wp-content\/uploads\/2022\/08\/logo-1.png\",\"width\":461,\"height\":159,\"caption\":\"CELTTV\"},\"image\":{\"@id\":\"https:\/\/www.celttv.com.ar\/#\/schema\/logo\/image\/\"}},{\"@type\":\"Person\",\"@id\":\"https:\/\/www.celttv.com.ar\/#\/schema\/person\/9059dc91dc7204ef4182cdb65225f07d\",\"name\":\"Miguel Herrada\",\"image\":{\"@type\":\"ImageObject\",\"inLanguage\":\"es\",\"@id\":\"https:\/\/www.celttv.com.ar\/#\/schema\/person\/image\/\",\"url\":\"https:\/\/secure.gravatar.com\/avatar\/67724d5b3c716623ffd76bec7e45841a442ac3b456e914dbba90b0fad2b8e0b1?s=96&d=mm&r=g\",\"contentUrl\":\"https:\/\/secure.gravatar.com\/avatar\/67724d5b3c716623ffd76bec7e45841a442ac3b456e914dbba90b0fad2b8e0b1?s=96&d=mm&r=g\",\"caption\":\"Miguel Herrada\"}}]}<\/script>\n<!-- \/ Yoast SEO plugin. -->","yoast_head_json":{"title":"Emiten una alerta amarilla por tormentas para este s\u00e1bado en Tornquist y gran parte de la Provincia - CELTTV","description":"Sitio web de noticias de la localidad de Tornquist, provincia de Buenos Aires, Rep\u00fablica Argentina. Contenido propio originado por periodistas de CELTTV, el canal de TV local de la Cooperativa El\u00e9ctrica de Tornquist. Turismo, Pol\u00edtica, Sociedad, Deporte, Cultura y todo el contenido de inter\u00e9s general que la gente del pueblo y la regi\u00f3n debe conocer.","robots":{"index":"index","follow":"follow","max-snippet":"max-snippet:-1","max-image-preview":"max-image-preview:large","max-video-preview":"max-video-preview:-1"},"canonical":"https:\/\/www.celttv.com.ar\/index.php\/2025\/11\/14\/emiten-una-alerta-amarilla-por-tormentas-para-este-sabado-en-tornquist-y-gran-parte-de-la-provincia\/","og_locale":"es_ES","og_type":"article","og_title":"Emiten una alerta amarilla por tormentas para este s\u00e1bado en Tornquist y gran parte de la Provincia - CELTTV","og_description":"Sitio web de noticias de la localidad de Tornquist, provincia de Buenos Aires, Rep\u00fablica Argentina. Contenido propio originado por periodistas de CELTTV, el canal de TV local de la Cooperativa El\u00e9ctrica de Tornquist. Turismo, Pol\u00edtica, Sociedad, Deporte, Cultura y todo el contenido de inter\u00e9s general que la gente del pueblo y la regi\u00f3n debe conocer.","og_url":"https:\/\/www.celttv.com.ar\/index.php\/2025\/11\/14\/emiten-una-alerta-amarilla-por-tormentas-para-este-sabado-en-tornquist-y-gran-parte-de-la-provincia\/","og_site_name":"CELTTV","article_publisher":"https:\/\/www.facebook.com\/celtTV\/","article_published_time":"2025-11-14T12:41:24+00:00","article_modified_time":"2025-11-14T12:42:11+00:00","og_image":[{"width":407,"height":229,"url":"https:\/\/www.celttv.com.ar\/wp-content\/uploads\/2025\/11\/ALERTA-TORNQUIST-Y-GREAN-PARTE-DE-LA-PROVINCIA.png","type":"image\/png"}],"author":"Miguel Herrada","twitter_card":"summary_large_image","twitter_misc":{"Escrito por":"Miguel Herrada","Tiempo de lectura":"1 minuto"},"schema":{"@context":"https:\/\/schema.org","@graph":[{"@type":"NewsArticle","@id":"https:\/\/www.celttv.com.ar\/index.php\/2025\/11\/14\/emiten-una-alerta-amarilla-por-tormentas-para-este-sabado-en-tornquist-y-gran-parte-de-la-provincia\/#article","isPartOf":{"@id":"https:\/\/www.celttv.com.ar\/index.php\/2025\/11\/14\/emiten-una-alerta-amarilla-por-tormentas-para-este-sabado-en-tornquist-y-gran-parte-de-la-provincia\/"},"author":{"name":"Miguel Herrada","@id":"https:\/\/www.celttv.com.ar\/#\/schema\/person\/9059dc91dc7204ef4182cdb65225f07d"},"headline":"Emiten una alerta amarilla por tormentas para este s\u00e1bado en Tornquist y gran parte de la Provincia","datePublished":"2025-11-14T12:41:24+00:00","dateModified":"2025-11-14T12:42:11+00:00","mainEntityOfPage":{"@id":"https:\/\/www.celttv.com.ar\/index.php\/2025\/11\/14\/emiten-una-alerta-amarilla-por-tormentas-para-este-sabado-en-tornquist-y-gran-parte-de-la-provincia\/"},"wordCount":205,"publisher":{"@id":"https:\/\/www.celttv.com.ar\/#organization"},"inLanguage":"es"},{"@type":"WebPage","@id":"https:\/\/www.celttv.com.ar\/index.php\/2025\/11\/14\/emiten-una-alerta-amarilla-por-tormentas-para-este-sabado-en-tornquist-y-gran-parte-de-la-provincia\/","url":"https:\/\/www.celttv.com.ar\/index.php\/2025\/11\/14\/emiten-una-alerta-amarilla-por-tormentas-para-este-sabado-en-tornquist-y-gran-parte-de-la-provincia\/","name":"Emiten una alerta amarilla por tormentas para este s\u00e1bado en Tornquist y gran parte de la Provincia - CELTTV","isPartOf":{"@id":"https:\/\/www.celttv.com.ar\/#website"},"datePublished":"2025-11-14T12:41:24+00:00","dateModified":"2025-11-14T12:42:11+00:00","description":"Sitio web de noticias de la localidad de Tornquist, provincia de Buenos Aires, Rep\u00fablica Argentina. Contenido propio originado por periodistas de CELTTV, el canal de TV local de la Cooperativa El\u00e9ctrica de Tornquist. Turismo, Pol\u00edtica, Sociedad, Deporte, Cultura y todo el contenido de inter\u00e9s general que la gente del pueblo y la regi\u00f3n debe conocer.","breadcrumb":{"@id":"https:\/\/www.celttv.com.ar\/index.php\/2025\/11\/14\/emiten-una-alerta-amarilla-por-tormentas-para-este-sabado-en-tornquist-y-gran-parte-de-la-provincia\/#breadcrumb"},"inLanguage":"es","potentialAction":[{"@type":"ReadAction","target":["https:\/\/www.celttv.com.ar\/index.php\/2025\/11\/14\/emiten-una-alerta-amarilla-por-tormentas-para-este-sabado-en-tornquist-y-gran-parte-de-la-provincia\/"]}]},{"@type":"BreadcrumbList","@id":"https:\/\/www.celttv.com.ar\/index.php\/2025\/11\/14\/emiten-una-alerta-amarilla-por-tormentas-para-este-sabado-en-tornquist-y-gran-parte-de-la-provincia\/#breadcrumb","itemListElement":[{"@type":"ListItem","position":1,"name":"Inicio","item":"https:\/\/www.celttv.com.ar\/"},{"@type":"ListItem","position":2,"name":"Emiten una alerta amarilla por tormentas para este s\u00e1bado en Tornquist y gran parte de la Provincia"}]},{"@type":"WebSite","@id":"https:\/\/www.celttv.com.ar\/#website","url":"https:\/\/www.celttv.com.ar\/","name":"CELTTV","description":"Cooperativa El\u00e9ctrica de Tornquist","publisher":{"@id":"https:\/\/www.celttv.com.ar\/#organization"},"potentialAction":[{"@type":"SearchAction","target":{"@type":"EntryPoint","urlTemplate":"https:\/\/www.celttv.com.ar\/?s={search_term_string}"},"query-input":"required name=search_term_string"}],"inLanguage":"es"},{"@type":"Organization","@id":"https:\/\/www.celttv.com.ar\/#organization","name":"CELTTV","url":"https:\/\/www.celttv.com.ar\/","sameAs":["https:\/\/www.youtube.com\/channel\/UCz_oIt8Hig64Ub-EmcNPIhg","https:\/\/www.facebook.com\/celtTV\/"],"logo":{"@type":"ImageObject","inLanguage":"es","@id":"https:\/\/www.celttv.com.ar\/#\/schema\/logo\/image\/","url":"http:\/\/www.celttv.com.ar\/wp-content\/uploads\/2022\/08\/logo-1.png","contentUrl":"http:\/\/www.celttv.com.ar\/wp-content\/uploads\/2022\/08\/logo-1.png","width":461,"height":159,"caption":"CELTTV"},"image":{"@id":"https:\/\/www.celttv.com.ar\/#\/schema\/logo\/image\/"}},{"@type":"Person","@id":"https:\/\/www.celttv.com.ar\/#\/schema\/person\/9059dc91dc7204ef4182cdb65225f07d","name":"Miguel Herrada","image":{"@type":"ImageObject","inLanguage":"es","@id":"https:\/\/www.celttv.com.ar\/#\/schema\/person\/image\/","url":"https:\/\/secure.gravatar.com\/avatar\/67724d5b3c716623ffd76bec7e45841a442ac3b456e914dbba90b0fad2b8e0b1?s=96&d=mm&r=g","contentUrl":"https:\/\/secure.gravatar.com\/avatar\/67724d5b3c716623ffd76bec7e45841a442ac3b456e914dbba90b0fad2b8e0b1?s=96&d=mm&r=g","caption":"Miguel Herrada"}}]}},"_links":{"self":[{"href":"https:\/\/www.celttv.com.ar\/index.php\/wp-json\/wp\/v2\/posts\/90364","targetHints":{"allow":["GET"]}}],"collection":[{"href":"https:\/\/www.celttv.com.ar\/index.php\/wp-json\/wp\/v2\/posts"}],"about":[{"href":"https:\/\/www.celttv.com.ar\/index.php\/wp-json\/wp\/v2\/types\/post"}],"author":[{"embeddable":true,"href":"https:\/\/www.celttv.com.ar\/index.php\/wp-json\/wp\/v2\/users\/5"}],"replies":[{"embeddable":true,"href":"https:\/\/www.celttv.com.ar\/index.php\/wp-json\/wp\/v2\/comments?post=90364"}],"version-history":[{"count":2,"href":"https:\/\/www.celttv.com.ar\/index.php\/wp-json\/wp\/v2\/posts\/90364\/revisions"}],"predecessor-version":[{"id":90367,"href":"https:\/\/www.celttv.com.ar\/index.php\/wp-json\/wp\/v2\/posts\/90364\/revisions\/90367"}],"wp:featuredmedia":[{"embeddable":true,"href":"https:\/\/www.celttv.com.ar\/index.php\/wp-json\/wp\/v2\/media\/90365"}],"wp:attachment":[{"href":"https:\/\/www.celttv.com.ar\/index.php\/wp-json\/wp\/v2\/media?parent=90364"}],"wp:term":[{"taxonomy":"category","embeddable":true,"href":"https:\/\/www.celttv.com.ar\/index.php\/wp-json\/wp\/v2\/categories?post=90364"},{"taxonomy":"post_tag","embeddable":true,"href":"https:\/\/www.celttv.com.ar\/index.php\/wp-json\/wp\/v2\/tags?post=90364"}],"curies":[{"name":"wp","href":"https:\/\/api.w.org\/{rel}","templated":true}]}}