{"id":9037,"date":"2012-11-19T20:15:16","date_gmt":"2012-11-19T20:15:16","guid":{"rendered":"http:\/\/www.tvcnoticias.com.ar\/?p=9037"},"modified":"2012-11-19T20:15:16","modified_gmt":"2012-11-19T20:15:16","slug":"concluyo-el-concurso-el-gran-reciclador","status":"publish","type":"post","link":"https:\/\/www.celttv.com.ar\/index.php\/2012\/11\/19\/concluyo-el-concurso-el-gran-reciclador\/","title":{"rendered":"CONCLUYO EL CONCURSO &#8220;EL GRAN RECICLADOR&#8221;"},"content":{"rendered":"<p><span style=\"font-size: xx-small;\"><br \/>\nEste s\u00e1bado se desarroll\u00f3 la selecci\u00f3n y entrega de premios del Primer concurso de construcci\u00f3n de juguetes con materiales reciclados &#8220;El Gran Reciclador&#8221;.<br \/>\nEl evento tuvo lugar en el SUM del Jard\u00edn 903 de Sierra de la Ventana y fue organizado por un grupo de vecinos de la localidad acompa\u00f1ado por integrantes de ONG Ambiente Comarca y cont\u00f3 con la colaboraci\u00f3n de Sierra Vis\u00f3n, FM Reflejos y el Jard\u00edn de Infantes 903 &#8220;Martha Salotti&#8221;.<br \/>\nDesde las 16 hs el jurado integrado por la Artista Pl\u00e1stica Guillermina Prado, la Directora del Jard\u00edn 903 de Sierra de la Ventana, Adriana Nielsen; el artesano Cesar Pav\u00f3n y Rosana Cardoso Presidenta de la asociaci\u00f3n para el Desarrollo Tur\u00edstico de la Comarca de Sierra de la Ventana y Hugo Kloster por la organizaci\u00f3n comenzaron a evaluar los trabajos presentados.<br \/>\nRecordemos que el concurso se abri\u00f3 en el mes de Setiembre y cerr\u00f3 el viernes 16 de noviembre del corriente a\u00f1o.<br \/>\nParticiparon un total de 38 trabajos divididos en 4 categor\u00edas, Inicial, Infantil, Juvenil y Adultos.<br \/>\nLos Premios consistieron en estatuillas realizadas por &#8220;Taller Aoniken&#8221; en vitrofusi\u00f3n para el primer y segundo lugar y un diploma a la Menci\u00f3n Especial en cada categor\u00eda<br \/>\nUna vez que el jurado eligi\u00f3 los ganadores se abrieron las puertas para que el p\u00fablico visite la muestra, donde tambi\u00e9n se expusieron trabajos realizados por los ni\u00f1os del Jard\u00edn de Infantes 903 de Sierra de la Ventana, trabajos realizados en ferromodelismo por Jos\u00e9 Gilardi, en aeromodelismo por Emiliano Gilardi y Ra\u00fal Botini, todos realizados con materiales reciclados en Sierra de la Ventana.<br \/>\nEl acto se inici\u00f3 con la presentaci\u00f3n de la obra de t\u00edteres llamada &#8220;El Ultimo Arbolito&#8221; a cargo de Sergio y Dar\u00edo Romero y tuvo un gran marco de publico que llen\u00f3 el sal\u00f3n, finalizado esto se procedi\u00f3 a la entrega de los premios con la conducci\u00f3n de Arnaldo Botto, acompa\u00f1ado por Sergio Romero y Hugo Kloster de ONG Ambiente Comarca.<br \/>\nLas estatuillas y recompensas fueron entregadas de manos de autoridades presentes y organizadores, entre los que se encontraron, los Concejales, Sergio Bordoni y Graciela Bag\u00fa y el Delegado Municipal de Sierra de la Ventana Daniel Lagos y la Directora del Jard\u00edn de infantes Adriana Nielen.<br \/>\nPosteriormente se procedi\u00f3 a la apertura de la urna donde los visitantes a la muestra votaron por los trabajos que a su criterio eran los mejores y finalmente tras el recuento de los votos result\u00f3 ganadora del &#8220;Premio Especial El Gran Reciclador&#8221; Ayelen Mutti con su trabajo &#8220;La Casita de LPS&#8221; y en segundo Lugar &#8220;Jaque a los Deshechos&#8221; de Samantha Le\u00f3n Coutugno&#8221;.<br \/>\nDebemos destacar que cada ganador se llev\u00f3 adem\u00e1s de su estatuilla o certificado importantes recompensas entre las que hab\u00eda bicicletas, patinetas con casco, carpa, bolsas de dormir, colchones inflables y muchos premios sorpresa mas.<br \/>\nAgradecimientos<br \/>\nLa organizaci\u00f3n agradece profundamente a todos los que participaron de una u otra manera en la realizaci\u00f3n del evento a saber:<br \/>\nTaller Aoniken<br \/>\nMunicipalidad de Tornquist<br \/>\nDirecci\u00f3n de Medio Ambiente<br \/>\nDelegaci\u00f3n Sierra de la Ventana<br \/>\nAsociaci\u00f3n Para el Desarrollo de la Comarca Tur\u00edstica de Sierra de la Ventana<br \/>\nONG Ambiente Comarca<br \/>\nTornquist Video Cable<br \/>\nSergio Bordoni y Concejales de Coalici\u00f3n C\u00edvica<br \/>\nDiputada Virginia Linares<br \/>\nZaconni Hogar<br \/>\nFacundo Valentini &#8211; Sierra Visi\u00f3n &#8211; Visi\u00f3n Net<br \/>\nFM Reflejos<br \/>\nKiosco y Jugueter\u00eda TaT\u00ed<br \/>\nMedios de difusi\u00f3n<br \/>\n<\/span><\/p>\n","protected":false},"excerpt":{"rendered":"<p>Este s\u00e1bado se desarroll\u00f3 la selecci\u00f3n y entrega de premios del Primer concurso de construcci\u00f3n de juguetes con materiales reciclados &#8220;El Gran Reciclador&#8221;. El evento tuvo lugar en el SUM del Jard\u00edn 903 de Sierra de la Ventana y fue organizado por un grupo de vecinos de la localidad acompa\u00f1ado por integrantes de ONG Ambiente [&hellip;]<\/p>\n","protected":false},"author":1,"featured_media":0,"comment_status":"closed","ping_status":"open","sticky":false,"template":"","format":"standard","meta":{"footnotes":""},"categories":[51,52],"tags":[],"class_list":["post-9037","post","type-post","status-publish","format-standard","hentry","category-comunidad","category-destacadas"],"yoast_head":"<!-- This site is optimized with the Yoast SEO plugin v19.7.1 - https:\/\/yoast.com\/wordpress\/plugins\/seo\/ -->\n<title>CONCLUYO EL CONCURSO &quot;EL GRAN RECICLADOR&quot; - CELTTV<\/title>\n<meta name=\"description\" content=\"Sitio web de noticias de la localidad de Tornquist, provincia de Buenos Aires, Rep\u00fablica Argentina. Contenido propio originado por periodistas de CELTTV, el canal de TV local de la Cooperativa El\u00e9ctrica de Tornquist. Turismo, Pol\u00edtica, Sociedad, Deporte, Cultura y todo el contenido de inter\u00e9s general que la gente del pueblo y la regi\u00f3n debe conocer.\" \/>\n<meta name=\"robots\" content=\"index, follow, max-snippet:-1, max-image-preview:large, max-video-preview:-1\" \/>\n<link rel=\"canonical\" href=\"https:\/\/www.celttv.com.ar\/index.php\/2012\/11\/19\/concluyo-el-concurso-el-gran-reciclador\/\" \/>\n<meta property=\"og:locale\" content=\"es_ES\" \/>\n<meta property=\"og:type\" content=\"article\" \/>\n<meta property=\"og:title\" content=\"CONCLUYO EL CONCURSO &quot;EL GRAN RECICLADOR&quot; - CELTTV\" \/>\n<meta property=\"og:description\" content=\"Sitio web de noticias de la localidad de Tornquist, provincia de Buenos Aires, Rep\u00fablica Argentina. Contenido propio originado por periodistas de CELTTV, el canal de TV local de la Cooperativa El\u00e9ctrica de Tornquist. Turismo, Pol\u00edtica, Sociedad, Deporte, Cultura y todo el contenido de inter\u00e9s general que la gente del pueblo y la regi\u00f3n debe conocer.\" \/>\n<meta property=\"og:url\" content=\"https:\/\/www.celttv.com.ar\/index.php\/2012\/11\/19\/concluyo-el-concurso-el-gran-reciclador\/\" \/>\n<meta property=\"og:site_name\" content=\"CELTTV\" \/>\n<meta property=\"article:publisher\" content=\"https:\/\/www.facebook.com\/celtTV\/\" \/>\n<meta property=\"article:published_time\" content=\"2012-11-19T20:15:16+00:00\" \/>\n<meta name=\"author\" content=\"ulises\" \/>\n<meta name=\"twitter:card\" content=\"summary_large_image\" \/>\n<meta name=\"twitter:label1\" content=\"Escrito por\" \/>\n\t<meta name=\"twitter:data1\" content=\"ulises\" \/>\n\t<meta name=\"twitter:label2\" content=\"Tiempo de lectura\" \/>\n\t<meta name=\"twitter:data2\" content=\"3 minutos\" \/>\n<script type=\"application\/ld+json\" class=\"yoast-schema-graph\">{\"@context\":\"https:\/\/schema.org\",\"@graph\":[{\"@type\":\"NewsArticle\",\"@id\":\"https:\/\/www.celttv.com.ar\/index.php\/2012\/11\/19\/concluyo-el-concurso-el-gran-reciclador\/#article\",\"isPartOf\":{\"@id\":\"https:\/\/www.celttv.com.ar\/index.php\/2012\/11\/19\/concluyo-el-concurso-el-gran-reciclador\/\"},\"author\":{\"name\":\"ulises\",\"@id\":\"https:\/\/www.celttv.com.ar\/#\/schema\/person\/6d99c072dba59953809c81446e9d0ace\"},\"headline\":\"CONCLUYO EL CONCURSO &#8220;EL GRAN RECICLADOR&#8221;\",\"datePublished\":\"2012-11-19T20:15:16+00:00\",\"dateModified\":\"2012-11-19T20:15:16+00:00\",\"mainEntityOfPage\":{\"@id\":\"https:\/\/www.celttv.com.ar\/index.php\/2012\/11\/19\/concluyo-el-concurso-el-gran-reciclador\/\"},\"wordCount\":595,\"publisher\":{\"@id\":\"https:\/\/www.celttv.com.ar\/#organization\"},\"articleSection\":[\"Comunidad\",\"Destacadas\"],\"inLanguage\":\"es\"},{\"@type\":\"WebPage\",\"@id\":\"https:\/\/www.celttv.com.ar\/index.php\/2012\/11\/19\/concluyo-el-concurso-el-gran-reciclador\/\",\"url\":\"https:\/\/www.celttv.com.ar\/index.php\/2012\/11\/19\/concluyo-el-concurso-el-gran-reciclador\/\",\"name\":\"CONCLUYO EL CONCURSO \\\"EL GRAN RECICLADOR\\\" - CELTTV\",\"isPartOf\":{\"@id\":\"https:\/\/www.celttv.com.ar\/#website\"},\"datePublished\":\"2012-11-19T20:15:16+00:00\",\"dateModified\":\"2012-11-19T20:15:16+00:00\",\"description\":\"Sitio web de noticias de la localidad de Tornquist, provincia de Buenos Aires, Rep\u00fablica Argentina. Contenido propio originado por periodistas de CELTTV, el canal de TV local de la Cooperativa El\u00e9ctrica de Tornquist. Turismo, Pol\u00edtica, Sociedad, Deporte, Cultura y todo el contenido de inter\u00e9s general que la gente del pueblo y la regi\u00f3n debe conocer.\",\"breadcrumb\":{\"@id\":\"https:\/\/www.celttv.com.ar\/index.php\/2012\/11\/19\/concluyo-el-concurso-el-gran-reciclador\/#breadcrumb\"},\"inLanguage\":\"es\",\"potentialAction\":[{\"@type\":\"ReadAction\",\"target\":[\"https:\/\/www.celttv.com.ar\/index.php\/2012\/11\/19\/concluyo-el-concurso-el-gran-reciclador\/\"]}]},{\"@type\":\"BreadcrumbList\",\"@id\":\"https:\/\/www.celttv.com.ar\/index.php\/2012\/11\/19\/concluyo-el-concurso-el-gran-reciclador\/#breadcrumb\",\"itemListElement\":[{\"@type\":\"ListItem\",\"position\":1,\"name\":\"Inicio\",\"item\":\"https:\/\/www.celttv.com.ar\/\"},{\"@type\":\"ListItem\",\"position\":2,\"name\":\"CONCLUYO EL CONCURSO &#8220;EL GRAN RECICLADOR&#8221;\"}]},{\"@type\":\"WebSite\",\"@id\":\"https:\/\/www.celttv.com.ar\/#website\",\"url\":\"https:\/\/www.celttv.com.ar\/\",\"name\":\"CELTTV\",\"description\":\"Cooperativa El\u00e9ctrica de Tornquist\",\"publisher\":{\"@id\":\"https:\/\/www.celttv.com.ar\/#organization\"},\"potentialAction\":[{\"@type\":\"SearchAction\",\"target\":{\"@type\":\"EntryPoint\",\"urlTemplate\":\"https:\/\/www.celttv.com.ar\/?s={search_term_string}\"},\"query-input\":\"required name=search_term_string\"}],\"inLanguage\":\"es\"},{\"@type\":\"Organization\",\"@id\":\"https:\/\/www.celttv.com.ar\/#organization\",\"name\":\"CELTTV\",\"url\":\"https:\/\/www.celttv.com.ar\/\",\"sameAs\":[\"https:\/\/www.youtube.com\/channel\/UCz_oIt8Hig64Ub-EmcNPIhg\",\"https:\/\/www.facebook.com\/celtTV\/\"],\"logo\":{\"@type\":\"ImageObject\",\"inLanguage\":\"es\",\"@id\":\"https:\/\/www.celttv.com.ar\/#\/schema\/logo\/image\/\",\"url\":\"http:\/\/www.celttv.com.ar\/wp-content\/uploads\/2022\/08\/logo-1.png\",\"contentUrl\":\"http:\/\/www.celttv.com.ar\/wp-content\/uploads\/2022\/08\/logo-1.png\",\"width\":461,\"height\":159,\"caption\":\"CELTTV\"},\"image\":{\"@id\":\"https:\/\/www.celttv.com.ar\/#\/schema\/logo\/image\/\"}},{\"@type\":\"Person\",\"@id\":\"https:\/\/www.celttv.com.ar\/#\/schema\/person\/6d99c072dba59953809c81446e9d0ace\",\"name\":\"ulises\",\"image\":{\"@type\":\"ImageObject\",\"inLanguage\":\"es\",\"@id\":\"https:\/\/www.celttv.com.ar\/#\/schema\/person\/image\/\",\"url\":\"https:\/\/secure.gravatar.com\/avatar\/7f2c48bdc33b30088f941fb6082e555f2874c98e20cb159d7b92b50eadfce793?s=96&d=mm&r=g\",\"contentUrl\":\"https:\/\/secure.gravatar.com\/avatar\/7f2c48bdc33b30088f941fb6082e555f2874c98e20cb159d7b92b50eadfce793?s=96&d=mm&r=g\",\"caption\":\"ulises\"},\"sameAs\":[\"http:\/\/www.celttv.com.ar\"]}]}<\/script>\n<!-- \/ Yoast SEO plugin. -->","yoast_head_json":{"title":"CONCLUYO EL CONCURSO \"EL GRAN RECICLADOR\" - CELTTV","description":"Sitio web de noticias de la localidad de Tornquist, provincia de Buenos Aires, Rep\u00fablica Argentina. Contenido propio originado por periodistas de CELTTV, el canal de TV local de la Cooperativa El\u00e9ctrica de Tornquist. Turismo, Pol\u00edtica, Sociedad, Deporte, Cultura y todo el contenido de inter\u00e9s general que la gente del pueblo y la regi\u00f3n debe conocer.","robots":{"index":"index","follow":"follow","max-snippet":"max-snippet:-1","max-image-preview":"max-image-preview:large","max-video-preview":"max-video-preview:-1"},"canonical":"https:\/\/www.celttv.com.ar\/index.php\/2012\/11\/19\/concluyo-el-concurso-el-gran-reciclador\/","og_locale":"es_ES","og_type":"article","og_title":"CONCLUYO EL CONCURSO \"EL GRAN RECICLADOR\" - CELTTV","og_description":"Sitio web de noticias de la localidad de Tornquist, provincia de Buenos Aires, Rep\u00fablica Argentina. Contenido propio originado por periodistas de CELTTV, el canal de TV local de la Cooperativa El\u00e9ctrica de Tornquist. Turismo, Pol\u00edtica, Sociedad, Deporte, Cultura y todo el contenido de inter\u00e9s general que la gente del pueblo y la regi\u00f3n debe conocer.","og_url":"https:\/\/www.celttv.com.ar\/index.php\/2012\/11\/19\/concluyo-el-concurso-el-gran-reciclador\/","og_site_name":"CELTTV","article_publisher":"https:\/\/www.facebook.com\/celtTV\/","article_published_time":"2012-11-19T20:15:16+00:00","author":"ulises","twitter_card":"summary_large_image","twitter_misc":{"Escrito por":"ulises","Tiempo de lectura":"3 minutos"},"schema":{"@context":"https:\/\/schema.org","@graph":[{"@type":"NewsArticle","@id":"https:\/\/www.celttv.com.ar\/index.php\/2012\/11\/19\/concluyo-el-concurso-el-gran-reciclador\/#article","isPartOf":{"@id":"https:\/\/www.celttv.com.ar\/index.php\/2012\/11\/19\/concluyo-el-concurso-el-gran-reciclador\/"},"author":{"name":"ulises","@id":"https:\/\/www.celttv.com.ar\/#\/schema\/person\/6d99c072dba59953809c81446e9d0ace"},"headline":"CONCLUYO EL CONCURSO &#8220;EL GRAN RECICLADOR&#8221;","datePublished":"2012-11-19T20:15:16+00:00","dateModified":"2012-11-19T20:15:16+00:00","mainEntityOfPage":{"@id":"https:\/\/www.celttv.com.ar\/index.php\/2012\/11\/19\/concluyo-el-concurso-el-gran-reciclador\/"},"wordCount":595,"publisher":{"@id":"https:\/\/www.celttv.com.ar\/#organization"},"articleSection":["Comunidad","Destacadas"],"inLanguage":"es"},{"@type":"WebPage","@id":"https:\/\/www.celttv.com.ar\/index.php\/2012\/11\/19\/concluyo-el-concurso-el-gran-reciclador\/","url":"https:\/\/www.celttv.com.ar\/index.php\/2012\/11\/19\/concluyo-el-concurso-el-gran-reciclador\/","name":"CONCLUYO EL CONCURSO \"EL GRAN RECICLADOR\" - CELTTV","isPartOf":{"@id":"https:\/\/www.celttv.com.ar\/#website"},"datePublished":"2012-11-19T20:15:16+00:00","dateModified":"2012-11-19T20:15:16+00:00","description":"Sitio web de noticias de la localidad de Tornquist, provincia de Buenos Aires, Rep\u00fablica Argentina. Contenido propio originado por periodistas de CELTTV, el canal de TV local de la Cooperativa El\u00e9ctrica de Tornquist. Turismo, Pol\u00edtica, Sociedad, Deporte, Cultura y todo el contenido de inter\u00e9s general que la gente del pueblo y la regi\u00f3n debe conocer.","breadcrumb":{"@id":"https:\/\/www.celttv.com.ar\/index.php\/2012\/11\/19\/concluyo-el-concurso-el-gran-reciclador\/#breadcrumb"},"inLanguage":"es","potentialAction":[{"@type":"ReadAction","target":["https:\/\/www.celttv.com.ar\/index.php\/2012\/11\/19\/concluyo-el-concurso-el-gran-reciclador\/"]}]},{"@type":"BreadcrumbList","@id":"https:\/\/www.celttv.com.ar\/index.php\/2012\/11\/19\/concluyo-el-concurso-el-gran-reciclador\/#breadcrumb","itemListElement":[{"@type":"ListItem","position":1,"name":"Inicio","item":"https:\/\/www.celttv.com.ar\/"},{"@type":"ListItem","position":2,"name":"CONCLUYO EL CONCURSO &#8220;EL GRAN RECICLADOR&#8221;"}]},{"@type":"WebSite","@id":"https:\/\/www.celttv.com.ar\/#website","url":"https:\/\/www.celttv.com.ar\/","name":"CELTTV","description":"Cooperativa El\u00e9ctrica de Tornquist","publisher":{"@id":"https:\/\/www.celttv.com.ar\/#organization"},"potentialAction":[{"@type":"SearchAction","target":{"@type":"EntryPoint","urlTemplate":"https:\/\/www.celttv.com.ar\/?s={search_term_string}"},"query-input":"required name=search_term_string"}],"inLanguage":"es"},{"@type":"Organization","@id":"https:\/\/www.celttv.com.ar\/#organization","name":"CELTTV","url":"https:\/\/www.celttv.com.ar\/","sameAs":["https:\/\/www.youtube.com\/channel\/UCz_oIt8Hig64Ub-EmcNPIhg","https:\/\/www.facebook.com\/celtTV\/"],"logo":{"@type":"ImageObject","inLanguage":"es","@id":"https:\/\/www.celttv.com.ar\/#\/schema\/logo\/image\/","url":"http:\/\/www.celttv.com.ar\/wp-content\/uploads\/2022\/08\/logo-1.png","contentUrl":"http:\/\/www.celttv.com.ar\/wp-content\/uploads\/2022\/08\/logo-1.png","width":461,"height":159,"caption":"CELTTV"},"image":{"@id":"https:\/\/www.celttv.com.ar\/#\/schema\/logo\/image\/"}},{"@type":"Person","@id":"https:\/\/www.celttv.com.ar\/#\/schema\/person\/6d99c072dba59953809c81446e9d0ace","name":"ulises","image":{"@type":"ImageObject","inLanguage":"es","@id":"https:\/\/www.celttv.com.ar\/#\/schema\/person\/image\/","url":"https:\/\/secure.gravatar.com\/avatar\/7f2c48bdc33b30088f941fb6082e555f2874c98e20cb159d7b92b50eadfce793?s=96&d=mm&r=g","contentUrl":"https:\/\/secure.gravatar.com\/avatar\/7f2c48bdc33b30088f941fb6082e555f2874c98e20cb159d7b92b50eadfce793?s=96&d=mm&r=g","caption":"ulises"},"sameAs":["http:\/\/www.celttv.com.ar"]}]}},"_links":{"self":[{"href":"https:\/\/www.celttv.com.ar\/index.php\/wp-json\/wp\/v2\/posts\/9037","targetHints":{"allow":["GET"]}}],"collection":[{"href":"https:\/\/www.celttv.com.ar\/index.php\/wp-json\/wp\/v2\/posts"}],"about":[{"href":"https:\/\/www.celttv.com.ar\/index.php\/wp-json\/wp\/v2\/types\/post"}],"author":[{"embeddable":true,"href":"https:\/\/www.celttv.com.ar\/index.php\/wp-json\/wp\/v2\/users\/1"}],"replies":[{"embeddable":true,"href":"https:\/\/www.celttv.com.ar\/index.php\/wp-json\/wp\/v2\/comments?post=9037"}],"version-history":[{"count":0,"href":"https:\/\/www.celttv.com.ar\/index.php\/wp-json\/wp\/v2\/posts\/9037\/revisions"}],"wp:attachment":[{"href":"https:\/\/www.celttv.com.ar\/index.php\/wp-json\/wp\/v2\/media?parent=9037"}],"wp:term":[{"taxonomy":"category","embeddable":true,"href":"https:\/\/www.celttv.com.ar\/index.php\/wp-json\/wp\/v2\/categories?post=9037"},{"taxonomy":"post_tag","embeddable":true,"href":"https:\/\/www.celttv.com.ar\/index.php\/wp-json\/wp\/v2\/tags?post=9037"}],"curies":[{"name":"wp","href":"https:\/\/api.w.org\/{rel}","templated":true}]}}