{"id":90433,"date":"2025-11-27T20:27:43","date_gmt":"2025-11-27T23:27:43","guid":{"rendered":"https:\/\/www.celttv.com.ar\/?p=90433"},"modified":"2025-11-27T20:33:38","modified_gmt":"2025-11-27T23:33:38","slug":"se-realizo-con-exito-la-10o-edicion-de-la-expo-tecnica-organizada-por-la-escuela-tecnica-islas-malvinas-de-tornquist-fotos-y-videos","status":"publish","type":"post","link":"https:\/\/www.celttv.com.ar\/index.php\/2025\/11\/27\/se-realizo-con-exito-la-10o-edicion-de-la-expo-tecnica-organizada-por-la-escuela-tecnica-islas-malvinas-de-tornquist-fotos-y-videos\/","title":{"rendered":"Se realiz\u00f3 con \u00e9xito la 10\u00ba edici\u00f3n de la Expo T\u00e9cnica organizada por la Escuela T\u00e9cnica N\u00ba1 \u201cIslas Malvinas\u201d de Tornquist (FOTOS Y VIDEOS)"},"content":{"rendered":"<p>La comunidad educativa de la Escuela T\u00e9cnica N\u00ba1 de Tornquist \u201cIslas Malvinas\u201d llev\u00f3 adelante la 10\u00aa edici\u00f3n de la tradicional Expo T\u00e9cnica, un espacio de exhibici\u00f3n y difusi\u00f3n de proyectos estudiantiles que, como cada a\u00f1o, convoca a familias, instituciones y autoridades vinculadas a la educaci\u00f3n y la producci\u00f3n regional. Esta fue adem\u00e1s la segunda exposici\u00f3n del a\u00f1o, tras la realizada, dias pasados, en Sierra de la Ventana.<\/p>\n<p>Gerrman Maciel, director del establecimiento, destac\u00f3 la importancia del encuentro que permite exponer los conocimientos adquiridos, coincidiendo con lo expuesto por el Inspector Regtional de Educaci\u00f3n t\u00e9cnica Luis Quintana.<\/p>\n<p>Durante la apertura, desde la instituci\u00f3n destacaron el entusiasmo que genera esta actividad en los estudiantes: \u201cPas\u00f3 algo muy gratificante: los chicos vinieron con la escuela, recorrieron la muestra, volvieron a sus casas y regresaron nuevamente, ya sin el guardapolvo, para seguir recorri\u00e9ndola. Eso demuestra que algo bien estamos haciendo\u201d, se\u00f1al\u00f3 Maciel.<\/p>\n<p><strong>La importancia de la educaci\u00f3n t\u00e9cnica en el desarrollo productivo<\/strong><\/p>\n<p>Las autoridades remarcaron el rol fundamental que cumple la educaci\u00f3n t\u00e9cnico-profesional en el modelo econ\u00f3mico actual. \u201cUn pa\u00eds sin industria, sin valor agregado y sin producci\u00f3n manufacturada no puede ofrecer oportunidades a todos sus habitantes. Los pa\u00edses desarrollados tienen casi un 50% de egresados t\u00e9cnicos; en Argentina reci\u00e9n superamos el 17%, cuando en 2005 no llegaba al 7%. Hemos avanzado, pero necesitamos muchos m\u00e1s t\u00e9cnicos\u201d, subrayaron.<\/p>\n<p>Tambi\u00e9n se refirieron al valor estrat\u00e9gico de la inversi\u00f3n estatal en educaci\u00f3n: \u201cLa educaci\u00f3n no es un gasto: es una inversi\u00f3n. Cada t\u00e9cnico o ingeniero que se forma aporta conocimiento, genera valor y mejora la productividad de las empresas. Ese c\u00edrculo virtuoso es el que fortalece a una sociedad\u201d.<\/p>\n<p>En ese sentido, se mostraron preocupados ante la posibilidad de reducir financiamiento: \u201cYa vivimos en los a\u00f1os 90 lo que significa retirar el apoyo del Estado. Padres poniendo dinero, docentes llevando herramientas, talleres que se desmantelaban. Y luego, cuando las empresas necesitaban matriceros o torneros, no hab\u00eda t\u00e9cnicos formados porque esas materias hab\u00edan sido abandonadas. No podemos volver a ese retroceso\u201d.<\/p>\n<p>Destacaron adem\u00e1s que la provincia de Buenos Aires contin\u00faa sosteniendo programas de educaci\u00f3n t\u00e9cnica y profesional que la Naci\u00f3n decidi\u00f3 dejar de financiar desde 2024: \u201cLa Educaci\u00f3n Profesional Secundaria funciona en esta escuela gracias al apoyo provincial. Hoy tambi\u00e9n exponen aqu\u00ed sus proyectos, con una din\u00e1mica distinta y muy valiosa para quienes no se adaptan al sistema tradicional\u201d.<\/p>\n<p><strong>Un recorrido por la Expo<\/strong><\/p>\n<p>En la muestra se pudo observar el trabajo realizado por estudiantes de todos los niveles.<br \/>\nEn primer a\u00f1o, los proyectos se enfocan en el primer contacto con herramientas, m\u00e1quinas y programaci\u00f3n. A trav\u00e9s de propuestas l\u00fadicas \u2014como pistas de programaci\u00f3n con motores, aplicaciones y plaquetas\u2014 los alumnos desarrollan pensamiento computacional, criterios de instalaci\u00f3n, energ\u00eda y nuevas tecnolog\u00edas sin limitarse a lo te\u00f3rico.<\/p>\n<p>En el ciclo superior, en cambio, se exhiben m\u00e1quinas y dispositivos a escala con fines industriales y proyectos que buscan replicar procesos productivos reales. El objetivo a futuro es continuar acercando cada vez m\u00e1s la formaci\u00f3n a la tecnolog\u00eda utilizada en las industrias actuales.<\/p>\n<p>Finalmente, las autoridades agradecieron la presencia de la Escuela Agraria, el Centro de Formaci\u00f3n Profesional, inspectores y familias: \u201cDisfruten la muestra, recorran, preg\u00fantenles a los estudiantes. Ellos est\u00e1n esperando para mostrar su trabajo\u201d.<\/p>\n<p><iframe loading=\"lazy\" title=\"2025 11 26 EXPO TECNICA 2 GERMAN MACIEL\" width=\"500\" height=\"281\" src=\"https:\/\/www.youtube.com\/embed\/rir8oDEGDSc?feature=oembed\" frameborder=\"0\" allow=\"accelerometer; autoplay; clipboard-write; encrypted-media; gyroscope; picture-in-picture; web-share\" referrerpolicy=\"strict-origin-when-cross-origin\" allowfullscreen><\/iframe><\/p>\n<p><iframe loading=\"lazy\" title=\"2025 11 26 EXPO TECNICA 11 GIAN LUICA DIOMEDI Y CATALINA GISLER\" width=\"500\" height=\"281\" src=\"https:\/\/www.youtube.com\/embed\/IgqKE9o0wwQ?feature=oembed\" frameborder=\"0\" allow=\"accelerometer; autoplay; clipboard-write; encrypted-media; gyroscope; picture-in-picture; web-share\" referrerpolicy=\"strict-origin-when-cross-origin\" allowfullscreen><\/iframe><\/p>\n<p><iframe loading=\"lazy\" title=\"2025 11 26 EXPO TECNICA 1 LUIS QUINTANA\" width=\"500\" height=\"281\" src=\"https:\/\/www.youtube.com\/embed\/5IlPCEuYFAo?feature=oembed\" frameborder=\"0\" allow=\"accelerometer; autoplay; clipboard-write; encrypted-media; gyroscope; picture-in-picture; web-share\" referrerpolicy=\"strict-origin-when-cross-origin\" allowfullscreen><\/iframe><\/p>\n<p><iframe loading=\"lazy\" title=\"2025 11 26 EXPO TECNICA 9 FRANCO MINICH Y LAUREANO MULLER\" width=\"500\" height=\"281\" src=\"https:\/\/www.youtube.com\/embed\/hg__WpnoSYU?feature=oembed\" frameborder=\"0\" allow=\"accelerometer; autoplay; clipboard-write; encrypted-media; gyroscope; picture-in-picture; web-share\" referrerpolicy=\"strict-origin-when-cross-origin\" allowfullscreen><\/iframe><\/p>\n<p><iframe loading=\"lazy\" title=\"2025 11 26 EXPO TECNICA 10 MAXIMILIANO NIEVAS\" width=\"500\" height=\"281\" src=\"https:\/\/www.youtube.com\/embed\/Z2NZer2Al00?feature=oembed\" frameborder=\"0\" allow=\"accelerometer; autoplay; clipboard-write; encrypted-media; gyroscope; picture-in-picture; web-share\" referrerpolicy=\"strict-origin-when-cross-origin\" allowfullscreen><\/iframe><\/p>\n<p><iframe loading=\"lazy\" title=\"2025 11 26 EXPO TECNICA 5 MARINA MATELAR\" width=\"500\" height=\"281\" src=\"https:\/\/www.youtube.com\/embed\/MWvqxMNd7Jw?feature=oembed\" frameborder=\"0\" allow=\"accelerometer; autoplay; clipboard-write; encrypted-media; gyroscope; picture-in-picture; web-share\" referrerpolicy=\"strict-origin-when-cross-origin\" allowfullscreen><\/iframe><\/p>\n<p><iframe loading=\"lazy\" title=\"2025 11 26 EXPO TECNICA 4 FRANCO OREIRA\" width=\"500\" height=\"281\" src=\"https:\/\/www.youtube.com\/embed\/UBBeq_dglCM?feature=oembed\" frameborder=\"0\" allow=\"accelerometer; autoplay; clipboard-write; encrypted-media; gyroscope; picture-in-picture; web-share\" referrerpolicy=\"strict-origin-when-cross-origin\" allowfullscreen><\/iframe><\/p>\n<p><iframe loading=\"lazy\" title=\"2025 11 26 EXPO TECNICA 8 FACUNDO ABALOS Y GUSTAVO VERDINELLI\" width=\"500\" height=\"281\" src=\"https:\/\/www.youtube.com\/embed\/JikFByuxj-w?feature=oembed\" frameborder=\"0\" allow=\"accelerometer; autoplay; clipboard-write; encrypted-media; gyroscope; picture-in-picture; web-share\" referrerpolicy=\"strict-origin-when-cross-origin\" allowfullscreen><\/iframe><\/p>\n<p><iframe loading=\"lazy\" title=\"2025 11 26 EXPO TECNICA 6 JOAQUIN\" width=\"500\" height=\"281\" src=\"https:\/\/www.youtube.com\/embed\/Njidy9YSa-Q?feature=oembed\" frameborder=\"0\" allow=\"accelerometer; autoplay; clipboard-write; encrypted-media; gyroscope; picture-in-picture; web-share\" referrerpolicy=\"strict-origin-when-cross-origin\" allowfullscreen><\/iframe><\/p>\n<p><iframe loading=\"lazy\" title=\"2025 11 26 EXPO TECNICA 7 MATIAS LOPEZ\" width=\"500\" height=\"281\" src=\"https:\/\/www.youtube.com\/embed\/IN0PtoJUPdU?feature=oembed\" frameborder=\"0\" allow=\"accelerometer; autoplay; clipboard-write; encrypted-media; gyroscope; picture-in-picture; web-share\" referrerpolicy=\"strict-origin-when-cross-origin\" allowfullscreen><\/iframe><\/p>\n<p><iframe loading=\"lazy\" title=\"2025 11 26 EXPO TECNICA 3 MAXIMILIANO PIELMARTIRI\" width=\"500\" height=\"281\" src=\"https:\/\/www.youtube.com\/embed\/a1jf9Eknx_o?feature=oembed\" frameborder=\"0\" allow=\"accelerometer; autoplay; clipboard-write; encrypted-media; gyroscope; picture-in-picture; web-share\" referrerpolicy=\"strict-origin-when-cross-origin\" allowfullscreen><\/iframe><\/p>\n<p><img loading=\"lazy\" decoding=\"async\" class=\"alignnone wp-image-90435 size-large\" src=\"https:\/\/www.celttv.com.ar\/wp-content\/uploads\/2025\/11\/IMG_3272-Medium-1024x683.jpg\" alt=\"\" width=\"1024\" height=\"683\" srcset=\"https:\/\/www.celttv.com.ar\/wp-content\/uploads\/2025\/11\/IMG_3272-Medium-1024x683.jpg 1024w, https:\/\/www.celttv.com.ar\/wp-content\/uploads\/2025\/11\/IMG_3272-Medium-300x200.jpg 300w, https:\/\/www.celttv.com.ar\/wp-content\/uploads\/2025\/11\/IMG_3272-Medium-768x512.jpg 768w, https:\/\/www.celttv.com.ar\/wp-content\/uploads\/2025\/11\/IMG_3272-Medium-750x500.jpg 750w, https:\/\/www.celttv.com.ar\/wp-content\/uploads\/2025\/11\/IMG_3272-Medium-1140x760.jpg 1140w, https:\/\/www.celttv.com.ar\/wp-content\/uploads\/2025\/11\/IMG_3272-Medium.jpg 1152w\" sizes=\"auto, (max-width: 1024px) 100vw, 1024px\" \/> <img loading=\"lazy\" decoding=\"async\" class=\"alignnone wp-image-90436 size-large\" src=\"https:\/\/www.celttv.com.ar\/wp-content\/uploads\/2025\/11\/IMG_3273-Medium-1024x683.jpg\" alt=\"\" width=\"1024\" height=\"683\" srcset=\"https:\/\/www.celttv.com.ar\/wp-content\/uploads\/2025\/11\/IMG_3273-Medium-1024x683.jpg 1024w, https:\/\/www.celttv.com.ar\/wp-content\/uploads\/2025\/11\/IMG_3273-Medium-300x200.jpg 300w, https:\/\/www.celttv.com.ar\/wp-content\/uploads\/2025\/11\/IMG_3273-Medium-768x512.jpg 768w, https:\/\/www.celttv.com.ar\/wp-content\/uploads\/2025\/11\/IMG_3273-Medium-750x500.jpg 750w, https:\/\/www.celttv.com.ar\/wp-content\/uploads\/2025\/11\/IMG_3273-Medium-1140x760.jpg 1140w, https:\/\/www.celttv.com.ar\/wp-content\/uploads\/2025\/11\/IMG_3273-Medium.jpg 1152w\" sizes=\"auto, (max-width: 1024px) 100vw, 1024px\" \/> <img loading=\"lazy\" decoding=\"async\" class=\"alignnone wp-image-90437 size-large\" src=\"https:\/\/www.celttv.com.ar\/wp-content\/uploads\/2025\/11\/IMG_3274-Medium-1024x683.jpg\" alt=\"\" width=\"1024\" height=\"683\" srcset=\"https:\/\/www.celttv.com.ar\/wp-content\/uploads\/2025\/11\/IMG_3274-Medium-1024x683.jpg 1024w, https:\/\/www.celttv.com.ar\/wp-content\/uploads\/2025\/11\/IMG_3274-Medium-300x200.jpg 300w, https:\/\/www.celttv.com.ar\/wp-content\/uploads\/2025\/11\/IMG_3274-Medium-768x512.jpg 768w, https:\/\/www.celttv.com.ar\/wp-content\/uploads\/2025\/11\/IMG_3274-Medium-750x500.jpg 750w, https:\/\/www.celttv.com.ar\/wp-content\/uploads\/2025\/11\/IMG_3274-Medium-1140x760.jpg 1140w, https:\/\/www.celttv.com.ar\/wp-content\/uploads\/2025\/11\/IMG_3274-Medium.jpg 1152w\" sizes=\"auto, (max-width: 1024px) 100vw, 1024px\" \/> <img loading=\"lazy\" decoding=\"async\" class=\"alignnone wp-image-90438 size-large\" src=\"https:\/\/www.celttv.com.ar\/wp-content\/uploads\/2025\/11\/IMG_3275-Medium-1024x683.jpg\" alt=\"\" width=\"1024\" height=\"683\" srcset=\"https:\/\/www.celttv.com.ar\/wp-content\/uploads\/2025\/11\/IMG_3275-Medium-1024x683.jpg 1024w, https:\/\/www.celttv.com.ar\/wp-content\/uploads\/2025\/11\/IMG_3275-Medium-300x200.jpg 300w, https:\/\/www.celttv.com.ar\/wp-content\/uploads\/2025\/11\/IMG_3275-Medium-768x512.jpg 768w, https:\/\/www.celttv.com.ar\/wp-content\/uploads\/2025\/11\/IMG_3275-Medium-750x500.jpg 750w, https:\/\/www.celttv.com.ar\/wp-content\/uploads\/2025\/11\/IMG_3275-Medium-1140x760.jpg 1140w, https:\/\/www.celttv.com.ar\/wp-content\/uploads\/2025\/11\/IMG_3275-Medium.jpg 1152w\" sizes=\"auto, (max-width: 1024px) 100vw, 1024px\" \/> <img loading=\"lazy\" decoding=\"async\" class=\"alignnone wp-image-90439 size-large\" src=\"https:\/\/www.celttv.com.ar\/wp-content\/uploads\/2025\/11\/IMG_3276-Medium-1024x683.jpg\" alt=\"\" width=\"1024\" height=\"683\" srcset=\"https:\/\/www.celttv.com.ar\/wp-content\/uploads\/2025\/11\/IMG_3276-Medium-1024x683.jpg 1024w, https:\/\/www.celttv.com.ar\/wp-content\/uploads\/2025\/11\/IMG_3276-Medium-300x200.jpg 300w, https:\/\/www.celttv.com.ar\/wp-content\/uploads\/2025\/11\/IMG_3276-Medium-768x512.jpg 768w, https:\/\/www.celttv.com.ar\/wp-content\/uploads\/2025\/11\/IMG_3276-Medium-750x500.jpg 750w, https:\/\/www.celttv.com.ar\/wp-content\/uploads\/2025\/11\/IMG_3276-Medium-1140x760.jpg 1140w, https:\/\/www.celttv.com.ar\/wp-content\/uploads\/2025\/11\/IMG_3276-Medium.jpg 1152w\" sizes=\"auto, (max-width: 1024px) 100vw, 1024px\" \/> <img loading=\"lazy\" decoding=\"async\" class=\"alignnone wp-image-90440 size-large\" src=\"https:\/\/www.celttv.com.ar\/wp-content\/uploads\/2025\/11\/IMG_3277-Medium-1024x683.jpg\" alt=\"\" width=\"1024\" height=\"683\" srcset=\"https:\/\/www.celttv.com.ar\/wp-content\/uploads\/2025\/11\/IMG_3277-Medium-1024x683.jpg 1024w, https:\/\/www.celttv.com.ar\/wp-content\/uploads\/2025\/11\/IMG_3277-Medium-300x200.jpg 300w, https:\/\/www.celttv.com.ar\/wp-content\/uploads\/2025\/11\/IMG_3277-Medium-768x512.jpg 768w, https:\/\/www.celttv.com.ar\/wp-content\/uploads\/2025\/11\/IMG_3277-Medium-750x500.jpg 750w, https:\/\/www.celttv.com.ar\/wp-content\/uploads\/2025\/11\/IMG_3277-Medium-1140x760.jpg 1140w, https:\/\/www.celttv.com.ar\/wp-content\/uploads\/2025\/11\/IMG_3277-Medium.jpg 1152w\" sizes=\"auto, (max-width: 1024px) 100vw, 1024px\" \/> <img loading=\"lazy\" decoding=\"async\" class=\"alignnone wp-image-90441 size-large\" src=\"https:\/\/www.celttv.com.ar\/wp-content\/uploads\/2025\/11\/IMG_3278-Medium-1024x683.jpg\" alt=\"\" width=\"1024\" height=\"683\" srcset=\"https:\/\/www.celttv.com.ar\/wp-content\/uploads\/2025\/11\/IMG_3278-Medium-1024x683.jpg 1024w, https:\/\/www.celttv.com.ar\/wp-content\/uploads\/2025\/11\/IMG_3278-Medium-300x200.jpg 300w, https:\/\/www.celttv.com.ar\/wp-content\/uploads\/2025\/11\/IMG_3278-Medium-768x512.jpg 768w, https:\/\/www.celttv.com.ar\/wp-content\/uploads\/2025\/11\/IMG_3278-Medium-750x500.jpg 750w, https:\/\/www.celttv.com.ar\/wp-content\/uploads\/2025\/11\/IMG_3278-Medium-1140x760.jpg 1140w, https:\/\/www.celttv.com.ar\/wp-content\/uploads\/2025\/11\/IMG_3278-Medium.jpg 1152w\" sizes=\"auto, (max-width: 1024px) 100vw, 1024px\" \/> <img loading=\"lazy\" decoding=\"async\" class=\"alignnone wp-image-90442 size-large\" src=\"https:\/\/www.celttv.com.ar\/wp-content\/uploads\/2025\/11\/IMG_3281-Medium-1024x683.jpg\" alt=\"\" width=\"1024\" height=\"683\" srcset=\"https:\/\/www.celttv.com.ar\/wp-content\/uploads\/2025\/11\/IMG_3281-Medium-1024x683.jpg 1024w, https:\/\/www.celttv.com.ar\/wp-content\/uploads\/2025\/11\/IMG_3281-Medium-300x200.jpg 300w, https:\/\/www.celttv.com.ar\/wp-content\/uploads\/2025\/11\/IMG_3281-Medium-768x512.jpg 768w, https:\/\/www.celttv.com.ar\/wp-content\/uploads\/2025\/11\/IMG_3281-Medium-750x500.jpg 750w, https:\/\/www.celttv.com.ar\/wp-content\/uploads\/2025\/11\/IMG_3281-Medium-1140x760.jpg 1140w, https:\/\/www.celttv.com.ar\/wp-content\/uploads\/2025\/11\/IMG_3281-Medium.jpg 1152w\" sizes=\"auto, (max-width: 1024px) 100vw, 1024px\" \/> <img loading=\"lazy\" decoding=\"async\" class=\"alignnone wp-image-90443 size-large\" src=\"https:\/\/www.celttv.com.ar\/wp-content\/uploads\/2025\/11\/IMG_3282-Medium-1024x683.jpg\" alt=\"\" width=\"1024\" height=\"683\" srcset=\"https:\/\/www.celttv.com.ar\/wp-content\/uploads\/2025\/11\/IMG_3282-Medium-1024x683.jpg 1024w, https:\/\/www.celttv.com.ar\/wp-content\/uploads\/2025\/11\/IMG_3282-Medium-300x200.jpg 300w, https:\/\/www.celttv.com.ar\/wp-content\/uploads\/2025\/11\/IMG_3282-Medium-768x512.jpg 768w, https:\/\/www.celttv.com.ar\/wp-content\/uploads\/2025\/11\/IMG_3282-Medium-750x500.jpg 750w, https:\/\/www.celttv.com.ar\/wp-content\/uploads\/2025\/11\/IMG_3282-Medium-1140x760.jpg 1140w, https:\/\/www.celttv.com.ar\/wp-content\/uploads\/2025\/11\/IMG_3282-Medium.jpg 1152w\" sizes=\"auto, (max-width: 1024px) 100vw, 1024px\" \/> <img loading=\"lazy\" decoding=\"async\" class=\"alignnone wp-image-90444 size-large\" src=\"https:\/\/www.celttv.com.ar\/wp-content\/uploads\/2025\/11\/IMG_3283-Medium-1024x683.jpg\" alt=\"\" width=\"1024\" height=\"683\" srcset=\"https:\/\/www.celttv.com.ar\/wp-content\/uploads\/2025\/11\/IMG_3283-Medium-1024x683.jpg 1024w, https:\/\/www.celttv.com.ar\/wp-content\/uploads\/2025\/11\/IMG_3283-Medium-300x200.jpg 300w, https:\/\/www.celttv.com.ar\/wp-content\/uploads\/2025\/11\/IMG_3283-Medium-768x512.jpg 768w, https:\/\/www.celttv.com.ar\/wp-content\/uploads\/2025\/11\/IMG_3283-Medium-750x500.jpg 750w, https:\/\/www.celttv.com.ar\/wp-content\/uploads\/2025\/11\/IMG_3283-Medium-1140x760.jpg 1140w, https:\/\/www.celttv.com.ar\/wp-content\/uploads\/2025\/11\/IMG_3283-Medium.jpg 1152w\" sizes=\"auto, (max-width: 1024px) 100vw, 1024px\" \/> <img loading=\"lazy\" decoding=\"async\" class=\"alignnone wp-image-90445 size-large\" src=\"https:\/\/www.celttv.com.ar\/wp-content\/uploads\/2025\/11\/IMG_3284-Medium-1024x683.jpg\" alt=\"\" width=\"1024\" height=\"683\" srcset=\"https:\/\/www.celttv.com.ar\/wp-content\/uploads\/2025\/11\/IMG_3284-Medium-1024x683.jpg 1024w, https:\/\/www.celttv.com.ar\/wp-content\/uploads\/2025\/11\/IMG_3284-Medium-300x200.jpg 300w, https:\/\/www.celttv.com.ar\/wp-content\/uploads\/2025\/11\/IMG_3284-Medium-768x512.jpg 768w, https:\/\/www.celttv.com.ar\/wp-content\/uploads\/2025\/11\/IMG_3284-Medium-750x500.jpg 750w, https:\/\/www.celttv.com.ar\/wp-content\/uploads\/2025\/11\/IMG_3284-Medium-1140x760.jpg 1140w, https:\/\/www.celttv.com.ar\/wp-content\/uploads\/2025\/11\/IMG_3284-Medium.jpg 1152w\" sizes=\"auto, (max-width: 1024px) 100vw, 1024px\" \/> <img loading=\"lazy\" decoding=\"async\" class=\"alignnone wp-image-90446 size-large\" src=\"https:\/\/www.celttv.com.ar\/wp-content\/uploads\/2025\/11\/IMG_3285-Medium-1024x683.jpg\" alt=\"\" width=\"1024\" height=\"683\" srcset=\"https:\/\/www.celttv.com.ar\/wp-content\/uploads\/2025\/11\/IMG_3285-Medium-1024x683.jpg 1024w, https:\/\/www.celttv.com.ar\/wp-content\/uploads\/2025\/11\/IMG_3285-Medium-300x200.jpg 300w, https:\/\/www.celttv.com.ar\/wp-content\/uploads\/2025\/11\/IMG_3285-Medium-768x512.jpg 768w, https:\/\/www.celttv.com.ar\/wp-content\/uploads\/2025\/11\/IMG_3285-Medium-750x500.jpg 750w, https:\/\/www.celttv.com.ar\/wp-content\/uploads\/2025\/11\/IMG_3285-Medium-1140x760.jpg 1140w, https:\/\/www.celttv.com.ar\/wp-content\/uploads\/2025\/11\/IMG_3285-Medium.jpg 1152w\" sizes=\"auto, (max-width: 1024px) 100vw, 1024px\" \/> <img loading=\"lazy\" decoding=\"async\" class=\"alignnone wp-image-90447 size-large\" src=\"https:\/\/www.celttv.com.ar\/wp-content\/uploads\/2025\/11\/IMG_3286-Medium-1024x683.jpg\" alt=\"\" width=\"1024\" height=\"683\" srcset=\"https:\/\/www.celttv.com.ar\/wp-content\/uploads\/2025\/11\/IMG_3286-Medium-1024x683.jpg 1024w, https:\/\/www.celttv.com.ar\/wp-content\/uploads\/2025\/11\/IMG_3286-Medium-300x200.jpg 300w, https:\/\/www.celttv.com.ar\/wp-content\/uploads\/2025\/11\/IMG_3286-Medium-768x512.jpg 768w, https:\/\/www.celttv.com.ar\/wp-content\/uploads\/2025\/11\/IMG_3286-Medium-750x500.jpg 750w, https:\/\/www.celttv.com.ar\/wp-content\/uploads\/2025\/11\/IMG_3286-Medium-1140x760.jpg 1140w, https:\/\/www.celttv.com.ar\/wp-content\/uploads\/2025\/11\/IMG_3286-Medium.jpg 1152w\" sizes=\"auto, (max-width: 1024px) 100vw, 1024px\" \/> <img loading=\"lazy\" decoding=\"async\" class=\"alignnone wp-image-90448 size-large\" src=\"https:\/\/www.celttv.com.ar\/wp-content\/uploads\/2025\/11\/IMG_3287-Medium-1024x683.jpg\" alt=\"\" width=\"1024\" height=\"683\" srcset=\"https:\/\/www.celttv.com.ar\/wp-content\/uploads\/2025\/11\/IMG_3287-Medium-1024x683.jpg 1024w, https:\/\/www.celttv.com.ar\/wp-content\/uploads\/2025\/11\/IMG_3287-Medium-300x200.jpg 300w, https:\/\/www.celttv.com.ar\/wp-content\/uploads\/2025\/11\/IMG_3287-Medium-768x512.jpg 768w, https:\/\/www.celttv.com.ar\/wp-content\/uploads\/2025\/11\/IMG_3287-Medium-750x500.jpg 750w, https:\/\/www.celttv.com.ar\/wp-content\/uploads\/2025\/11\/IMG_3287-Medium-1140x760.jpg 1140w, https:\/\/www.celttv.com.ar\/wp-content\/uploads\/2025\/11\/IMG_3287-Medium.jpg 1152w\" sizes=\"auto, (max-width: 1024px) 100vw, 1024px\" \/> <img loading=\"lazy\" decoding=\"async\" class=\"alignnone wp-image-90449 size-large\" src=\"https:\/\/www.celttv.com.ar\/wp-content\/uploads\/2025\/11\/IMG_3288-Medium-1024x683.jpg\" alt=\"\" width=\"1024\" height=\"683\" srcset=\"https:\/\/www.celttv.com.ar\/wp-content\/uploads\/2025\/11\/IMG_3288-Medium-1024x683.jpg 1024w, https:\/\/www.celttv.com.ar\/wp-content\/uploads\/2025\/11\/IMG_3288-Medium-300x200.jpg 300w, https:\/\/www.celttv.com.ar\/wp-content\/uploads\/2025\/11\/IMG_3288-Medium-768x512.jpg 768w, https:\/\/www.celttv.com.ar\/wp-content\/uploads\/2025\/11\/IMG_3288-Medium-750x500.jpg 750w, https:\/\/www.celttv.com.ar\/wp-content\/uploads\/2025\/11\/IMG_3288-Medium-1140x760.jpg 1140w, https:\/\/www.celttv.com.ar\/wp-content\/uploads\/2025\/11\/IMG_3288-Medium.jpg 1152w\" sizes=\"auto, (max-width: 1024px) 100vw, 1024px\" \/> <img loading=\"lazy\" decoding=\"async\" class=\"alignnone wp-image-90450 size-large\" src=\"https:\/\/www.celttv.com.ar\/wp-content\/uploads\/2025\/11\/IMG_3289-Medium-1024x683.jpg\" alt=\"\" width=\"1024\" height=\"683\" srcset=\"https:\/\/www.celttv.com.ar\/wp-content\/uploads\/2025\/11\/IMG_3289-Medium-1024x683.jpg 1024w, https:\/\/www.celttv.com.ar\/wp-content\/uploads\/2025\/11\/IMG_3289-Medium-300x200.jpg 300w, https:\/\/www.celttv.com.ar\/wp-content\/uploads\/2025\/11\/IMG_3289-Medium-768x512.jpg 768w, https:\/\/www.celttv.com.ar\/wp-content\/uploads\/2025\/11\/IMG_3289-Medium-750x500.jpg 750w, https:\/\/www.celttv.com.ar\/wp-content\/uploads\/2025\/11\/IMG_3289-Medium-1140x760.jpg 1140w, https:\/\/www.celttv.com.ar\/wp-content\/uploads\/2025\/11\/IMG_3289-Medium.jpg 1152w\" sizes=\"auto, (max-width: 1024px) 100vw, 1024px\" \/> <img loading=\"lazy\" decoding=\"async\" class=\"alignnone wp-image-90451 size-large\" src=\"https:\/\/www.celttv.com.ar\/wp-content\/uploads\/2025\/11\/IMG_3290-Medium-1024x683.jpg\" alt=\"\" width=\"1024\" height=\"683\" srcset=\"https:\/\/www.celttv.com.ar\/wp-content\/uploads\/2025\/11\/IMG_3290-Medium-1024x683.jpg 1024w, https:\/\/www.celttv.com.ar\/wp-content\/uploads\/2025\/11\/IMG_3290-Medium-300x200.jpg 300w, https:\/\/www.celttv.com.ar\/wp-content\/uploads\/2025\/11\/IMG_3290-Medium-768x512.jpg 768w, https:\/\/www.celttv.com.ar\/wp-content\/uploads\/2025\/11\/IMG_3290-Medium-750x500.jpg 750w, https:\/\/www.celttv.com.ar\/wp-content\/uploads\/2025\/11\/IMG_3290-Medium-1140x760.jpg 1140w, https:\/\/www.celttv.com.ar\/wp-content\/uploads\/2025\/11\/IMG_3290-Medium.jpg 1152w\" sizes=\"auto, (max-width: 1024px) 100vw, 1024px\" \/> <img loading=\"lazy\" decoding=\"async\" class=\"alignnone wp-image-90452 size-large\" src=\"https:\/\/www.celttv.com.ar\/wp-content\/uploads\/2025\/11\/IMG_3291-Medium-1024x683.jpg\" alt=\"\" width=\"1024\" height=\"683\" srcset=\"https:\/\/www.celttv.com.ar\/wp-content\/uploads\/2025\/11\/IMG_3291-Medium-1024x683.jpg 1024w, https:\/\/www.celttv.com.ar\/wp-content\/uploads\/2025\/11\/IMG_3291-Medium-300x200.jpg 300w, https:\/\/www.celttv.com.ar\/wp-content\/uploads\/2025\/11\/IMG_3291-Medium-768x512.jpg 768w, https:\/\/www.celttv.com.ar\/wp-content\/uploads\/2025\/11\/IMG_3291-Medium-750x500.jpg 750w, https:\/\/www.celttv.com.ar\/wp-content\/uploads\/2025\/11\/IMG_3291-Medium-1140x760.jpg 1140w, https:\/\/www.celttv.com.ar\/wp-content\/uploads\/2025\/11\/IMG_3291-Medium.jpg 1152w\" sizes=\"auto, (max-width: 1024px) 100vw, 1024px\" \/> <img loading=\"lazy\" decoding=\"async\" class=\"alignnone wp-image-90453 size-large\" src=\"https:\/\/www.celttv.com.ar\/wp-content\/uploads\/2025\/11\/IMG_3292-Medium-1024x683.jpg\" alt=\"\" width=\"1024\" height=\"683\" srcset=\"https:\/\/www.celttv.com.ar\/wp-content\/uploads\/2025\/11\/IMG_3292-Medium-1024x683.jpg 1024w, https:\/\/www.celttv.com.ar\/wp-content\/uploads\/2025\/11\/IMG_3292-Medium-300x200.jpg 300w, https:\/\/www.celttv.com.ar\/wp-content\/uploads\/2025\/11\/IMG_3292-Medium-768x512.jpg 768w, https:\/\/www.celttv.com.ar\/wp-content\/uploads\/2025\/11\/IMG_3292-Medium-750x500.jpg 750w, https:\/\/www.celttv.com.ar\/wp-content\/uploads\/2025\/11\/IMG_3292-Medium-1140x760.jpg 1140w, https:\/\/www.celttv.com.ar\/wp-content\/uploads\/2025\/11\/IMG_3292-Medium.jpg 1152w\" sizes=\"auto, (max-width: 1024px) 100vw, 1024px\" \/> <img loading=\"lazy\" decoding=\"async\" class=\"alignnone wp-image-90454 size-large\" src=\"https:\/\/www.celttv.com.ar\/wp-content\/uploads\/2025\/11\/IMG_3293-Medium-1024x683.jpg\" alt=\"\" width=\"1024\" height=\"683\" srcset=\"https:\/\/www.celttv.com.ar\/wp-content\/uploads\/2025\/11\/IMG_3293-Medium-1024x683.jpg 1024w, https:\/\/www.celttv.com.ar\/wp-content\/uploads\/2025\/11\/IMG_3293-Medium-300x200.jpg 300w, https:\/\/www.celttv.com.ar\/wp-content\/uploads\/2025\/11\/IMG_3293-Medium-768x512.jpg 768w, https:\/\/www.celttv.com.ar\/wp-content\/uploads\/2025\/11\/IMG_3293-Medium-750x500.jpg 750w, https:\/\/www.celttv.com.ar\/wp-content\/uploads\/2025\/11\/IMG_3293-Medium-1140x760.jpg 1140w, https:\/\/www.celttv.com.ar\/wp-content\/uploads\/2025\/11\/IMG_3293-Medium.jpg 1152w\" sizes=\"auto, (max-width: 1024px) 100vw, 1024px\" \/> <img loading=\"lazy\" decoding=\"async\" class=\"alignnone wp-image-90455 size-large\" src=\"https:\/\/www.celttv.com.ar\/wp-content\/uploads\/2025\/11\/IMG_3294-Medium-1024x683.jpg\" alt=\"\" width=\"1024\" height=\"683\" srcset=\"https:\/\/www.celttv.com.ar\/wp-content\/uploads\/2025\/11\/IMG_3294-Medium-1024x683.jpg 1024w, https:\/\/www.celttv.com.ar\/wp-content\/uploads\/2025\/11\/IMG_3294-Medium-300x200.jpg 300w, https:\/\/www.celttv.com.ar\/wp-content\/uploads\/2025\/11\/IMG_3294-Medium-768x512.jpg 768w, https:\/\/www.celttv.com.ar\/wp-content\/uploads\/2025\/11\/IMG_3294-Medium-750x500.jpg 750w, https:\/\/www.celttv.com.ar\/wp-content\/uploads\/2025\/11\/IMG_3294-Medium-1140x760.jpg 1140w, https:\/\/www.celttv.com.ar\/wp-content\/uploads\/2025\/11\/IMG_3294-Medium.jpg 1152w\" sizes=\"auto, (max-width: 1024px) 100vw, 1024px\" \/> <img loading=\"lazy\" decoding=\"async\" class=\"alignnone wp-image-90456 size-large\" src=\"https:\/\/www.celttv.com.ar\/wp-content\/uploads\/2025\/11\/IMG_3295-Medium-1024x683.jpg\" alt=\"\" width=\"1024\" height=\"683\" srcset=\"https:\/\/www.celttv.com.ar\/wp-content\/uploads\/2025\/11\/IMG_3295-Medium-1024x683.jpg 1024w, https:\/\/www.celttv.com.ar\/wp-content\/uploads\/2025\/11\/IMG_3295-Medium-300x200.jpg 300w, https:\/\/www.celttv.com.ar\/wp-content\/uploads\/2025\/11\/IMG_3295-Medium-768x512.jpg 768w, https:\/\/www.celttv.com.ar\/wp-content\/uploads\/2025\/11\/IMG_3295-Medium-750x500.jpg 750w, https:\/\/www.celttv.com.ar\/wp-content\/uploads\/2025\/11\/IMG_3295-Medium-1140x760.jpg 1140w, https:\/\/www.celttv.com.ar\/wp-content\/uploads\/2025\/11\/IMG_3295-Medium.jpg 1152w\" sizes=\"auto, (max-width: 1024px) 100vw, 1024px\" \/> <img loading=\"lazy\" decoding=\"async\" class=\"alignnone wp-image-90457 size-large\" src=\"https:\/\/www.celttv.com.ar\/wp-content\/uploads\/2025\/11\/IMG_3296-Medium-1024x683.jpg\" alt=\"\" width=\"1024\" height=\"683\" srcset=\"https:\/\/www.celttv.com.ar\/wp-content\/uploads\/2025\/11\/IMG_3296-Medium-1024x683.jpg 1024w, https:\/\/www.celttv.com.ar\/wp-content\/uploads\/2025\/11\/IMG_3296-Medium-300x200.jpg 300w, https:\/\/www.celttv.com.ar\/wp-content\/uploads\/2025\/11\/IMG_3296-Medium-768x512.jpg 768w, https:\/\/www.celttv.com.ar\/wp-content\/uploads\/2025\/11\/IMG_3296-Medium-750x500.jpg 750w, https:\/\/www.celttv.com.ar\/wp-content\/uploads\/2025\/11\/IMG_3296-Medium-1140x760.jpg 1140w, https:\/\/www.celttv.com.ar\/wp-content\/uploads\/2025\/11\/IMG_3296-Medium.jpg 1152w\" sizes=\"auto, (max-width: 1024px) 100vw, 1024px\" \/> <img loading=\"lazy\" decoding=\"async\" class=\"alignnone wp-image-90458 size-large\" src=\"https:\/\/www.celttv.com.ar\/wp-content\/uploads\/2025\/11\/IMG_3297-Medium-1024x683.jpg\" alt=\"\" width=\"1024\" height=\"683\" srcset=\"https:\/\/www.celttv.com.ar\/wp-content\/uploads\/2025\/11\/IMG_3297-Medium-1024x683.jpg 1024w, https:\/\/www.celttv.com.ar\/wp-content\/uploads\/2025\/11\/IMG_3297-Medium-300x200.jpg 300w, https:\/\/www.celttv.com.ar\/wp-content\/uploads\/2025\/11\/IMG_3297-Medium-768x512.jpg 768w, https:\/\/www.celttv.com.ar\/wp-content\/uploads\/2025\/11\/IMG_3297-Medium-750x500.jpg 750w, https:\/\/www.celttv.com.ar\/wp-content\/uploads\/2025\/11\/IMG_3297-Medium-1140x760.jpg 1140w, https:\/\/www.celttv.com.ar\/wp-content\/uploads\/2025\/11\/IMG_3297-Medium.jpg 1152w\" sizes=\"auto, (max-width: 1024px) 100vw, 1024px\" \/> <img loading=\"lazy\" decoding=\"async\" class=\"alignnone wp-image-90459 size-large\" src=\"https:\/\/www.celttv.com.ar\/wp-content\/uploads\/2025\/11\/IMG_3298-Medium-1024x683.jpg\" alt=\"\" width=\"1024\" height=\"683\" srcset=\"https:\/\/www.celttv.com.ar\/wp-content\/uploads\/2025\/11\/IMG_3298-Medium-1024x683.jpg 1024w, https:\/\/www.celttv.com.ar\/wp-content\/uploads\/2025\/11\/IMG_3298-Medium-300x200.jpg 300w, https:\/\/www.celttv.com.ar\/wp-content\/uploads\/2025\/11\/IMG_3298-Medium-768x512.jpg 768w, https:\/\/www.celttv.com.ar\/wp-content\/uploads\/2025\/11\/IMG_3298-Medium-750x500.jpg 750w, https:\/\/www.celttv.com.ar\/wp-content\/uploads\/2025\/11\/IMG_3298-Medium-1140x760.jpg 1140w, https:\/\/www.celttv.com.ar\/wp-content\/uploads\/2025\/11\/IMG_3298-Medium.jpg 1152w\" sizes=\"auto, (max-width: 1024px) 100vw, 1024px\" \/> <img loading=\"lazy\" decoding=\"async\" class=\"alignnone wp-image-90460 size-large\" src=\"https:\/\/www.celttv.com.ar\/wp-content\/uploads\/2025\/11\/IMG_3300-Medium-1024x683.jpg\" alt=\"\" width=\"1024\" height=\"683\" srcset=\"https:\/\/www.celttv.com.ar\/wp-content\/uploads\/2025\/11\/IMG_3300-Medium-1024x683.jpg 1024w, https:\/\/www.celttv.com.ar\/wp-content\/uploads\/2025\/11\/IMG_3300-Medium-300x200.jpg 300w, https:\/\/www.celttv.com.ar\/wp-content\/uploads\/2025\/11\/IMG_3300-Medium-768x512.jpg 768w, https:\/\/www.celttv.com.ar\/wp-content\/uploads\/2025\/11\/IMG_3300-Medium-750x500.jpg 750w, https:\/\/www.celttv.com.ar\/wp-content\/uploads\/2025\/11\/IMG_3300-Medium-1140x760.jpg 1140w, https:\/\/www.celttv.com.ar\/wp-content\/uploads\/2025\/11\/IMG_3300-Medium.jpg 1152w\" sizes=\"auto, (max-width: 1024px) 100vw, 1024px\" \/> <img loading=\"lazy\" decoding=\"async\" class=\"alignnone wp-image-90461 size-large\" src=\"https:\/\/www.celttv.com.ar\/wp-content\/uploads\/2025\/11\/IMG_3301-Medium-1024x683.jpg\" alt=\"\" width=\"1024\" height=\"683\" srcset=\"https:\/\/www.celttv.com.ar\/wp-content\/uploads\/2025\/11\/IMG_3301-Medium-1024x683.jpg 1024w, https:\/\/www.celttv.com.ar\/wp-content\/uploads\/2025\/11\/IMG_3301-Medium-300x200.jpg 300w, https:\/\/www.celttv.com.ar\/wp-content\/uploads\/2025\/11\/IMG_3301-Medium-768x512.jpg 768w, https:\/\/www.celttv.com.ar\/wp-content\/uploads\/2025\/11\/IMG_3301-Medium-750x500.jpg 750w, https:\/\/www.celttv.com.ar\/wp-content\/uploads\/2025\/11\/IMG_3301-Medium-1140x760.jpg 1140w, https:\/\/www.celttv.com.ar\/wp-content\/uploads\/2025\/11\/IMG_3301-Medium.jpg 1152w\" sizes=\"auto, (max-width: 1024px) 100vw, 1024px\" \/> <img loading=\"lazy\" decoding=\"async\" class=\"alignnone wp-image-90462 size-large\" src=\"https:\/\/www.celttv.com.ar\/wp-content\/uploads\/2025\/11\/IMG_3302-Medium-1024x683.jpg\" alt=\"\" width=\"1024\" height=\"683\" srcset=\"https:\/\/www.celttv.com.ar\/wp-content\/uploads\/2025\/11\/IMG_3302-Medium-1024x683.jpg 1024w, https:\/\/www.celttv.com.ar\/wp-content\/uploads\/2025\/11\/IMG_3302-Medium-300x200.jpg 300w, https:\/\/www.celttv.com.ar\/wp-content\/uploads\/2025\/11\/IMG_3302-Medium-768x512.jpg 768w, https:\/\/www.celttv.com.ar\/wp-content\/uploads\/2025\/11\/IMG_3302-Medium-750x500.jpg 750w, https:\/\/www.celttv.com.ar\/wp-content\/uploads\/2025\/11\/IMG_3302-Medium-1140x760.jpg 1140w, https:\/\/www.celttv.com.ar\/wp-content\/uploads\/2025\/11\/IMG_3302-Medium.jpg 1152w\" sizes=\"auto, (max-width: 1024px) 100vw, 1024px\" \/> <img loading=\"lazy\" decoding=\"async\" class=\"alignnone wp-image-90463 size-large\" src=\"https:\/\/www.celttv.com.ar\/wp-content\/uploads\/2025\/11\/IMG_3303-Medium-1024x683.jpg\" alt=\"\" width=\"1024\" height=\"683\" srcset=\"https:\/\/www.celttv.com.ar\/wp-content\/uploads\/2025\/11\/IMG_3303-Medium-1024x683.jpg 1024w, https:\/\/www.celttv.com.ar\/wp-content\/uploads\/2025\/11\/IMG_3303-Medium-300x200.jpg 300w, https:\/\/www.celttv.com.ar\/wp-content\/uploads\/2025\/11\/IMG_3303-Medium-768x512.jpg 768w, https:\/\/www.celttv.com.ar\/wp-content\/uploads\/2025\/11\/IMG_3303-Medium-750x500.jpg 750w, https:\/\/www.celttv.com.ar\/wp-content\/uploads\/2025\/11\/IMG_3303-Medium-1140x760.jpg 1140w, https:\/\/www.celttv.com.ar\/wp-content\/uploads\/2025\/11\/IMG_3303-Medium.jpg 1152w\" sizes=\"auto, (max-width: 1024px) 100vw, 1024px\" \/> <img loading=\"lazy\" decoding=\"async\" class=\"alignnone wp-image-90464 size-large\" src=\"https:\/\/www.celttv.com.ar\/wp-content\/uploads\/2025\/11\/IMG_3304-Medium-1024x683.jpg\" alt=\"\" width=\"1024\" height=\"683\" srcset=\"https:\/\/www.celttv.com.ar\/wp-content\/uploads\/2025\/11\/IMG_3304-Medium-1024x683.jpg 1024w, https:\/\/www.celttv.com.ar\/wp-content\/uploads\/2025\/11\/IMG_3304-Medium-300x200.jpg 300w, https:\/\/www.celttv.com.ar\/wp-content\/uploads\/2025\/11\/IMG_3304-Medium-768x512.jpg 768w, https:\/\/www.celttv.com.ar\/wp-content\/uploads\/2025\/11\/IMG_3304-Medium-750x500.jpg 750w, https:\/\/www.celttv.com.ar\/wp-content\/uploads\/2025\/11\/IMG_3304-Medium-1140x760.jpg 1140w, https:\/\/www.celttv.com.ar\/wp-content\/uploads\/2025\/11\/IMG_3304-Medium.jpg 1152w\" sizes=\"auto, (max-width: 1024px) 100vw, 1024px\" \/><\/p>\n","protected":false},"excerpt":{"rendered":"<p>La comunidad educativa de la Escuela T\u00e9cnica N\u00ba1 de Tornquist \u201cIslas Malvinas\u201d llev\u00f3 adelante la 10\u00aa edici\u00f3n de la tradicional Expo T\u00e9cnica, un espacio de exhibici\u00f3n y difusi\u00f3n de proyectos estudiantiles que, como cada a\u00f1o, convoca a familias, instituciones y autoridades vinculadas a la educaci\u00f3n y la producci\u00f3n regional. Esta fue adem\u00e1s la segunda exposici\u00f3n [&hellip;]<\/p>\n","protected":false},"author":5,"featured_media":90464,"comment_status":"closed","ping_status":"closed","sticky":false,"template":"","format":"standard","meta":{"footnotes":""},"categories":[51,1],"tags":[],"class_list":["post-90433","post","type-post","status-publish","format-standard","has-post-thumbnail","hentry","category-comunidad","category-sin-categoria"],"yoast_head":"<!-- This site is optimized with the Yoast SEO plugin v19.7.1 - https:\/\/yoast.com\/wordpress\/plugins\/seo\/ -->\n<title>Se realiz\u00f3 con \u00e9xito la 10\u00ba edici\u00f3n de la Expo T\u00e9cnica organizada por la Escuela T\u00e9cnica N\u00ba1 \u201cIslas Malvinas\u201d de Tornquist (FOTOS Y VIDEOS) - CELTTV<\/title>\n<meta name=\"description\" content=\"Sitio web de noticias de la localidad de Tornquist, provincia de Buenos Aires, Rep\u00fablica Argentina. Contenido propio originado por periodistas de CELTTV, el canal de TV local de la Cooperativa El\u00e9ctrica de Tornquist. Turismo, Pol\u00edtica, Sociedad, Deporte, Cultura y todo el contenido de inter\u00e9s general que la gente del pueblo y la regi\u00f3n debe conocer.\" \/>\n<meta name=\"robots\" content=\"index, follow, max-snippet:-1, max-image-preview:large, max-video-preview:-1\" \/>\n<link rel=\"canonical\" href=\"https:\/\/www.celttv.com.ar\/index.php\/2025\/11\/27\/se-realizo-con-exito-la-10o-edicion-de-la-expo-tecnica-organizada-por-la-escuela-tecnica-islas-malvinas-de-tornquist-fotos-y-videos\/\" \/>\n<meta property=\"og:locale\" content=\"es_ES\" \/>\n<meta property=\"og:type\" content=\"article\" \/>\n<meta property=\"og:title\" content=\"Se realiz\u00f3 con \u00e9xito la 10\u00ba edici\u00f3n de la Expo T\u00e9cnica organizada por la Escuela T\u00e9cnica N\u00ba1 \u201cIslas Malvinas\u201d de Tornquist (FOTOS Y VIDEOS) - CELTTV\" \/>\n<meta property=\"og:description\" content=\"Sitio web de noticias de la localidad de Tornquist, provincia de Buenos Aires, Rep\u00fablica Argentina. Contenido propio originado por periodistas de CELTTV, el canal de TV local de la Cooperativa El\u00e9ctrica de Tornquist. Turismo, Pol\u00edtica, Sociedad, Deporte, Cultura y todo el contenido de inter\u00e9s general que la gente del pueblo y la regi\u00f3n debe conocer.\" \/>\n<meta property=\"og:url\" content=\"https:\/\/www.celttv.com.ar\/index.php\/2025\/11\/27\/se-realizo-con-exito-la-10o-edicion-de-la-expo-tecnica-organizada-por-la-escuela-tecnica-islas-malvinas-de-tornquist-fotos-y-videos\/\" \/>\n<meta property=\"og:site_name\" content=\"CELTTV\" \/>\n<meta property=\"article:publisher\" content=\"https:\/\/www.facebook.com\/celtTV\/\" \/>\n<meta property=\"article:published_time\" content=\"2025-11-27T23:27:43+00:00\" \/>\n<meta property=\"article:modified_time\" content=\"2025-11-27T23:33:38+00:00\" \/>\n<meta property=\"og:image\" content=\"https:\/\/www.celttv.com.ar\/wp-content\/uploads\/2025\/11\/IMG_3304-Medium.jpg\" \/>\n\t<meta property=\"og:image:width\" content=\"1152\" \/>\n\t<meta property=\"og:image:height\" content=\"768\" \/>\n\t<meta property=\"og:image:type\" content=\"image\/jpeg\" \/>\n<meta name=\"author\" content=\"Miguel Herrada\" \/>\n<meta name=\"twitter:card\" content=\"summary_large_image\" \/>\n<meta name=\"twitter:label1\" content=\"Escrito por\" \/>\n\t<meta name=\"twitter:data1\" content=\"Miguel Herrada\" \/>\n\t<meta name=\"twitter:label2\" content=\"Tiempo de lectura\" \/>\n\t<meta name=\"twitter:data2\" content=\"3 minutos\" \/>\n<script type=\"application\/ld+json\" class=\"yoast-schema-graph\">{\"@context\":\"https:\/\/schema.org\",\"@graph\":[{\"@type\":\"NewsArticle\",\"@id\":\"https:\/\/www.celttv.com.ar\/index.php\/2025\/11\/27\/se-realizo-con-exito-la-10o-edicion-de-la-expo-tecnica-organizada-por-la-escuela-tecnica-islas-malvinas-de-tornquist-fotos-y-videos\/#article\",\"isPartOf\":{\"@id\":\"https:\/\/www.celttv.com.ar\/index.php\/2025\/11\/27\/se-realizo-con-exito-la-10o-edicion-de-la-expo-tecnica-organizada-por-la-escuela-tecnica-islas-malvinas-de-tornquist-fotos-y-videos\/\"},\"author\":{\"name\":\"Miguel Herrada\",\"@id\":\"https:\/\/www.celttv.com.ar\/#\/schema\/person\/9059dc91dc7204ef4182cdb65225f07d\"},\"headline\":\"Se realiz\u00f3 con \u00e9xito la 10\u00ba edici\u00f3n de la Expo T\u00e9cnica organizada por la Escuela T\u00e9cnica N\u00ba1 \u201cIslas Malvinas\u201d de Tornquist (FOTOS Y VIDEOS)\",\"datePublished\":\"2025-11-27T23:27:43+00:00\",\"dateModified\":\"2025-11-27T23:33:38+00:00\",\"mainEntityOfPage\":{\"@id\":\"https:\/\/www.celttv.com.ar\/index.php\/2025\/11\/27\/se-realizo-con-exito-la-10o-edicion-de-la-expo-tecnica-organizada-por-la-escuela-tecnica-islas-malvinas-de-tornquist-fotos-y-videos\/\"},\"wordCount\":677,\"publisher\":{\"@id\":\"https:\/\/www.celttv.com.ar\/#organization\"},\"articleSection\":[\"Comunidad\"],\"inLanguage\":\"es\"},{\"@type\":\"WebPage\",\"@id\":\"https:\/\/www.celttv.com.ar\/index.php\/2025\/11\/27\/se-realizo-con-exito-la-10o-edicion-de-la-expo-tecnica-organizada-por-la-escuela-tecnica-islas-malvinas-de-tornquist-fotos-y-videos\/\",\"url\":\"https:\/\/www.celttv.com.ar\/index.php\/2025\/11\/27\/se-realizo-con-exito-la-10o-edicion-de-la-expo-tecnica-organizada-por-la-escuela-tecnica-islas-malvinas-de-tornquist-fotos-y-videos\/\",\"name\":\"Se realiz\u00f3 con \u00e9xito la 10\u00ba edici\u00f3n de la Expo T\u00e9cnica organizada por la Escuela T\u00e9cnica N\u00ba1 \u201cIslas Malvinas\u201d de Tornquist (FOTOS Y VIDEOS) - CELTTV\",\"isPartOf\":{\"@id\":\"https:\/\/www.celttv.com.ar\/#website\"},\"datePublished\":\"2025-11-27T23:27:43+00:00\",\"dateModified\":\"2025-11-27T23:33:38+00:00\",\"description\":\"Sitio web de noticias de la localidad de Tornquist, provincia de Buenos Aires, Rep\u00fablica Argentina. Contenido propio originado por periodistas de CELTTV, el canal de TV local de la Cooperativa El\u00e9ctrica de Tornquist. Turismo, Pol\u00edtica, Sociedad, Deporte, Cultura y todo el contenido de inter\u00e9s general que la gente del pueblo y la regi\u00f3n debe conocer.\",\"breadcrumb\":{\"@id\":\"https:\/\/www.celttv.com.ar\/index.php\/2025\/11\/27\/se-realizo-con-exito-la-10o-edicion-de-la-expo-tecnica-organizada-por-la-escuela-tecnica-islas-malvinas-de-tornquist-fotos-y-videos\/#breadcrumb\"},\"inLanguage\":\"es\",\"potentialAction\":[{\"@type\":\"ReadAction\",\"target\":[\"https:\/\/www.celttv.com.ar\/index.php\/2025\/11\/27\/se-realizo-con-exito-la-10o-edicion-de-la-expo-tecnica-organizada-por-la-escuela-tecnica-islas-malvinas-de-tornquist-fotos-y-videos\/\"]}]},{\"@type\":\"BreadcrumbList\",\"@id\":\"https:\/\/www.celttv.com.ar\/index.php\/2025\/11\/27\/se-realizo-con-exito-la-10o-edicion-de-la-expo-tecnica-organizada-por-la-escuela-tecnica-islas-malvinas-de-tornquist-fotos-y-videos\/#breadcrumb\",\"itemListElement\":[{\"@type\":\"ListItem\",\"position\":1,\"name\":\"Inicio\",\"item\":\"https:\/\/www.celttv.com.ar\/\"},{\"@type\":\"ListItem\",\"position\":2,\"name\":\"Se realiz\u00f3 con \u00e9xito la 10\u00ba edici\u00f3n de la Expo T\u00e9cnica organizada por la Escuela T\u00e9cnica N\u00ba1 \u201cIslas Malvinas\u201d de Tornquist (FOTOS Y VIDEOS)\"}]},{\"@type\":\"WebSite\",\"@id\":\"https:\/\/www.celttv.com.ar\/#website\",\"url\":\"https:\/\/www.celttv.com.ar\/\",\"name\":\"CELTTV\",\"description\":\"Cooperativa El\u00e9ctrica de Tornquist\",\"publisher\":{\"@id\":\"https:\/\/www.celttv.com.ar\/#organization\"},\"potentialAction\":[{\"@type\":\"SearchAction\",\"target\":{\"@type\":\"EntryPoint\",\"urlTemplate\":\"https:\/\/www.celttv.com.ar\/?s={search_term_string}\"},\"query-input\":\"required name=search_term_string\"}],\"inLanguage\":\"es\"},{\"@type\":\"Organization\",\"@id\":\"https:\/\/www.celttv.com.ar\/#organization\",\"name\":\"CELTTV\",\"url\":\"https:\/\/www.celttv.com.ar\/\",\"sameAs\":[\"https:\/\/www.youtube.com\/channel\/UCz_oIt8Hig64Ub-EmcNPIhg\",\"https:\/\/www.facebook.com\/celtTV\/\"],\"logo\":{\"@type\":\"ImageObject\",\"inLanguage\":\"es\",\"@id\":\"https:\/\/www.celttv.com.ar\/#\/schema\/logo\/image\/\",\"url\":\"http:\/\/www.celttv.com.ar\/wp-content\/uploads\/2022\/08\/logo-1.png\",\"contentUrl\":\"http:\/\/www.celttv.com.ar\/wp-content\/uploads\/2022\/08\/logo-1.png\",\"width\":461,\"height\":159,\"caption\":\"CELTTV\"},\"image\":{\"@id\":\"https:\/\/www.celttv.com.ar\/#\/schema\/logo\/image\/\"}},{\"@type\":\"Person\",\"@id\":\"https:\/\/www.celttv.com.ar\/#\/schema\/person\/9059dc91dc7204ef4182cdb65225f07d\",\"name\":\"Miguel Herrada\",\"image\":{\"@type\":\"ImageObject\",\"inLanguage\":\"es\",\"@id\":\"https:\/\/www.celttv.com.ar\/#\/schema\/person\/image\/\",\"url\":\"https:\/\/secure.gravatar.com\/avatar\/67724d5b3c716623ffd76bec7e45841a442ac3b456e914dbba90b0fad2b8e0b1?s=96&d=mm&r=g\",\"contentUrl\":\"https:\/\/secure.gravatar.com\/avatar\/67724d5b3c716623ffd76bec7e45841a442ac3b456e914dbba90b0fad2b8e0b1?s=96&d=mm&r=g\",\"caption\":\"Miguel Herrada\"}}]}<\/script>\n<!-- \/ Yoast SEO plugin. -->","yoast_head_json":{"title":"Se realiz\u00f3 con \u00e9xito la 10\u00ba edici\u00f3n de la Expo T\u00e9cnica organizada por la Escuela T\u00e9cnica N\u00ba1 \u201cIslas Malvinas\u201d de Tornquist (FOTOS Y VIDEOS) - CELTTV","description":"Sitio web de noticias de la localidad de Tornquist, provincia de Buenos Aires, Rep\u00fablica Argentina. Contenido propio originado por periodistas de CELTTV, el canal de TV local de la Cooperativa El\u00e9ctrica de Tornquist. Turismo, Pol\u00edtica, Sociedad, Deporte, Cultura y todo el contenido de inter\u00e9s general que la gente del pueblo y la regi\u00f3n debe conocer.","robots":{"index":"index","follow":"follow","max-snippet":"max-snippet:-1","max-image-preview":"max-image-preview:large","max-video-preview":"max-video-preview:-1"},"canonical":"https:\/\/www.celttv.com.ar\/index.php\/2025\/11\/27\/se-realizo-con-exito-la-10o-edicion-de-la-expo-tecnica-organizada-por-la-escuela-tecnica-islas-malvinas-de-tornquist-fotos-y-videos\/","og_locale":"es_ES","og_type":"article","og_title":"Se realiz\u00f3 con \u00e9xito la 10\u00ba edici\u00f3n de la Expo T\u00e9cnica organizada por la Escuela T\u00e9cnica N\u00ba1 \u201cIslas Malvinas\u201d de Tornquist (FOTOS Y VIDEOS) - CELTTV","og_description":"Sitio web de noticias de la localidad de Tornquist, provincia de Buenos Aires, Rep\u00fablica Argentina. Contenido propio originado por periodistas de CELTTV, el canal de TV local de la Cooperativa El\u00e9ctrica de Tornquist. Turismo, Pol\u00edtica, Sociedad, Deporte, Cultura y todo el contenido de inter\u00e9s general que la gente del pueblo y la regi\u00f3n debe conocer.","og_url":"https:\/\/www.celttv.com.ar\/index.php\/2025\/11\/27\/se-realizo-con-exito-la-10o-edicion-de-la-expo-tecnica-organizada-por-la-escuela-tecnica-islas-malvinas-de-tornquist-fotos-y-videos\/","og_site_name":"CELTTV","article_publisher":"https:\/\/www.facebook.com\/celtTV\/","article_published_time":"2025-11-27T23:27:43+00:00","article_modified_time":"2025-11-27T23:33:38+00:00","og_image":[{"width":1152,"height":768,"url":"https:\/\/www.celttv.com.ar\/wp-content\/uploads\/2025\/11\/IMG_3304-Medium.jpg","type":"image\/jpeg"}],"author":"Miguel Herrada","twitter_card":"summary_large_image","twitter_misc":{"Escrito por":"Miguel Herrada","Tiempo de lectura":"3 minutos"},"schema":{"@context":"https:\/\/schema.org","@graph":[{"@type":"NewsArticle","@id":"https:\/\/www.celttv.com.ar\/index.php\/2025\/11\/27\/se-realizo-con-exito-la-10o-edicion-de-la-expo-tecnica-organizada-por-la-escuela-tecnica-islas-malvinas-de-tornquist-fotos-y-videos\/#article","isPartOf":{"@id":"https:\/\/www.celttv.com.ar\/index.php\/2025\/11\/27\/se-realizo-con-exito-la-10o-edicion-de-la-expo-tecnica-organizada-por-la-escuela-tecnica-islas-malvinas-de-tornquist-fotos-y-videos\/"},"author":{"name":"Miguel Herrada","@id":"https:\/\/www.celttv.com.ar\/#\/schema\/person\/9059dc91dc7204ef4182cdb65225f07d"},"headline":"Se realiz\u00f3 con \u00e9xito la 10\u00ba edici\u00f3n de la Expo T\u00e9cnica organizada por la Escuela T\u00e9cnica N\u00ba1 \u201cIslas Malvinas\u201d de Tornquist (FOTOS Y VIDEOS)","datePublished":"2025-11-27T23:27:43+00:00","dateModified":"2025-11-27T23:33:38+00:00","mainEntityOfPage":{"@id":"https:\/\/www.celttv.com.ar\/index.php\/2025\/11\/27\/se-realizo-con-exito-la-10o-edicion-de-la-expo-tecnica-organizada-por-la-escuela-tecnica-islas-malvinas-de-tornquist-fotos-y-videos\/"},"wordCount":677,"publisher":{"@id":"https:\/\/www.celttv.com.ar\/#organization"},"articleSection":["Comunidad"],"inLanguage":"es"},{"@type":"WebPage","@id":"https:\/\/www.celttv.com.ar\/index.php\/2025\/11\/27\/se-realizo-con-exito-la-10o-edicion-de-la-expo-tecnica-organizada-por-la-escuela-tecnica-islas-malvinas-de-tornquist-fotos-y-videos\/","url":"https:\/\/www.celttv.com.ar\/index.php\/2025\/11\/27\/se-realizo-con-exito-la-10o-edicion-de-la-expo-tecnica-organizada-por-la-escuela-tecnica-islas-malvinas-de-tornquist-fotos-y-videos\/","name":"Se realiz\u00f3 con \u00e9xito la 10\u00ba edici\u00f3n de la Expo T\u00e9cnica organizada por la Escuela T\u00e9cnica N\u00ba1 \u201cIslas Malvinas\u201d de Tornquist (FOTOS Y VIDEOS) - CELTTV","isPartOf":{"@id":"https:\/\/www.celttv.com.ar\/#website"},"datePublished":"2025-11-27T23:27:43+00:00","dateModified":"2025-11-27T23:33:38+00:00","description":"Sitio web de noticias de la localidad de Tornquist, provincia de Buenos Aires, Rep\u00fablica Argentina. Contenido propio originado por periodistas de CELTTV, el canal de TV local de la Cooperativa El\u00e9ctrica de Tornquist. Turismo, Pol\u00edtica, Sociedad, Deporte, Cultura y todo el contenido de inter\u00e9s general que la gente del pueblo y la regi\u00f3n debe conocer.","breadcrumb":{"@id":"https:\/\/www.celttv.com.ar\/index.php\/2025\/11\/27\/se-realizo-con-exito-la-10o-edicion-de-la-expo-tecnica-organizada-por-la-escuela-tecnica-islas-malvinas-de-tornquist-fotos-y-videos\/#breadcrumb"},"inLanguage":"es","potentialAction":[{"@type":"ReadAction","target":["https:\/\/www.celttv.com.ar\/index.php\/2025\/11\/27\/se-realizo-con-exito-la-10o-edicion-de-la-expo-tecnica-organizada-por-la-escuela-tecnica-islas-malvinas-de-tornquist-fotos-y-videos\/"]}]},{"@type":"BreadcrumbList","@id":"https:\/\/www.celttv.com.ar\/index.php\/2025\/11\/27\/se-realizo-con-exito-la-10o-edicion-de-la-expo-tecnica-organizada-por-la-escuela-tecnica-islas-malvinas-de-tornquist-fotos-y-videos\/#breadcrumb","itemListElement":[{"@type":"ListItem","position":1,"name":"Inicio","item":"https:\/\/www.celttv.com.ar\/"},{"@type":"ListItem","position":2,"name":"Se realiz\u00f3 con \u00e9xito la 10\u00ba edici\u00f3n de la Expo T\u00e9cnica organizada por la Escuela T\u00e9cnica N\u00ba1 \u201cIslas Malvinas\u201d de Tornquist (FOTOS Y VIDEOS)"}]},{"@type":"WebSite","@id":"https:\/\/www.celttv.com.ar\/#website","url":"https:\/\/www.celttv.com.ar\/","name":"CELTTV","description":"Cooperativa El\u00e9ctrica de Tornquist","publisher":{"@id":"https:\/\/www.celttv.com.ar\/#organization"},"potentialAction":[{"@type":"SearchAction","target":{"@type":"EntryPoint","urlTemplate":"https:\/\/www.celttv.com.ar\/?s={search_term_string}"},"query-input":"required name=search_term_string"}],"inLanguage":"es"},{"@type":"Organization","@id":"https:\/\/www.celttv.com.ar\/#organization","name":"CELTTV","url":"https:\/\/www.celttv.com.ar\/","sameAs":["https:\/\/www.youtube.com\/channel\/UCz_oIt8Hig64Ub-EmcNPIhg","https:\/\/www.facebook.com\/celtTV\/"],"logo":{"@type":"ImageObject","inLanguage":"es","@id":"https:\/\/www.celttv.com.ar\/#\/schema\/logo\/image\/","url":"http:\/\/www.celttv.com.ar\/wp-content\/uploads\/2022\/08\/logo-1.png","contentUrl":"http:\/\/www.celttv.com.ar\/wp-content\/uploads\/2022\/08\/logo-1.png","width":461,"height":159,"caption":"CELTTV"},"image":{"@id":"https:\/\/www.celttv.com.ar\/#\/schema\/logo\/image\/"}},{"@type":"Person","@id":"https:\/\/www.celttv.com.ar\/#\/schema\/person\/9059dc91dc7204ef4182cdb65225f07d","name":"Miguel Herrada","image":{"@type":"ImageObject","inLanguage":"es","@id":"https:\/\/www.celttv.com.ar\/#\/schema\/person\/image\/","url":"https:\/\/secure.gravatar.com\/avatar\/67724d5b3c716623ffd76bec7e45841a442ac3b456e914dbba90b0fad2b8e0b1?s=96&d=mm&r=g","contentUrl":"https:\/\/secure.gravatar.com\/avatar\/67724d5b3c716623ffd76bec7e45841a442ac3b456e914dbba90b0fad2b8e0b1?s=96&d=mm&r=g","caption":"Miguel Herrada"}}]}},"_links":{"self":[{"href":"https:\/\/www.celttv.com.ar\/index.php\/wp-json\/wp\/v2\/posts\/90433","targetHints":{"allow":["GET"]}}],"collection":[{"href":"https:\/\/www.celttv.com.ar\/index.php\/wp-json\/wp\/v2\/posts"}],"about":[{"href":"https:\/\/www.celttv.com.ar\/index.php\/wp-json\/wp\/v2\/types\/post"}],"author":[{"embeddable":true,"href":"https:\/\/www.celttv.com.ar\/index.php\/wp-json\/wp\/v2\/users\/5"}],"replies":[{"embeddable":true,"href":"https:\/\/www.celttv.com.ar\/index.php\/wp-json\/wp\/v2\/comments?post=90433"}],"version-history":[{"count":4,"href":"https:\/\/www.celttv.com.ar\/index.php\/wp-json\/wp\/v2\/posts\/90433\/revisions"}],"predecessor-version":[{"id":90467,"href":"https:\/\/www.celttv.com.ar\/index.php\/wp-json\/wp\/v2\/posts\/90433\/revisions\/90467"}],"wp:featuredmedia":[{"embeddable":true,"href":"https:\/\/www.celttv.com.ar\/index.php\/wp-json\/wp\/v2\/media\/90464"}],"wp:attachment":[{"href":"https:\/\/www.celttv.com.ar\/index.php\/wp-json\/wp\/v2\/media?parent=90433"}],"wp:term":[{"taxonomy":"category","embeddable":true,"href":"https:\/\/www.celttv.com.ar\/index.php\/wp-json\/wp\/v2\/categories?post=90433"},{"taxonomy":"post_tag","embeddable":true,"href":"https:\/\/www.celttv.com.ar\/index.php\/wp-json\/wp\/v2\/tags?post=90433"}],"curies":[{"name":"wp","href":"https:\/\/api.w.org\/{rel}","templated":true}]}}