{"id":90468,"date":"2025-11-27T22:47:10","date_gmt":"2025-11-28T01:47:10","guid":{"rendered":"https:\/\/www.celttv.com.ar\/?p=90468"},"modified":"2025-11-27T22:47:10","modified_gmt":"2025-11-28T01:47:10","slug":"corte-programado-del-servicio-de-agua-para-este-viernes-de-900-a-1200-hs","status":"publish","type":"post","link":"https:\/\/www.celttv.com.ar\/index.php\/2025\/11\/27\/corte-programado-del-servicio-de-agua-para-este-viernes-de-900-a-1200-hs\/","title":{"rendered":"Corte programado del servicio de agua para \u00e9ste viernes de 9:00 a 12:00 hs."},"content":{"rendered":"<p>La Secretar\u00eda de Obras y Servicios P\u00fablicos, a trav\u00e9s de la Oficina de Aguas Corrientes, informa que a partir de las 9 h de este viernes 28, se producir\u00e1 un corte del suministro de agua en la zona centro- sur de la ciudad de Tornquist.<br \/>\nLas tareas de reparaci\u00f3n afectar\u00e1n el cuadrante comprendido entre calles Lainez, Moreno, Lavalle, Excombatientes de Malvinas, Yrigoyen y Rivadavia.y se estima que el servicio se normalizar\u00e1 despu\u00e9s de las 12:00 h.<br \/>\nAgradecemos la comprensi\u00f3n de los vecinos.<\/p>\n<p><img loading=\"lazy\" decoding=\"async\" class=\"alignnone wp-image-82116 size-full\" src=\"https:\/\/www.celttv.com.ar\/wp-content\/uploads\/2024\/02\/canilla-2.jpg\" alt=\"\" width=\"300\" height=\"400\" srcset=\"https:\/\/www.celttv.com.ar\/wp-content\/uploads\/2024\/02\/canilla-2.jpg 300w, https:\/\/www.celttv.com.ar\/wp-content\/uploads\/2024\/02\/canilla-2-225x300.jpg 225w\" sizes=\"auto, (max-width: 300px) 100vw, 300px\" \/><\/p>\n","protected":false},"excerpt":{"rendered":"<p>La Secretar\u00eda de Obras y Servicios P\u00fablicos, a trav\u00e9s de la Oficina de Aguas Corrientes, informa que a partir de las 9 h de este viernes 28, se producir\u00e1 un corte del suministro de agua en la zona centro- sur de la ciudad de Tornquist. Las tareas de reparaci\u00f3n afectar\u00e1n el cuadrante comprendido entre calles [&hellip;]<\/p>\n","protected":false},"author":5,"featured_media":77398,"comment_status":"closed","ping_status":"closed","sticky":false,"template":"","format":"standard","meta":{"footnotes":""},"categories":[59],"tags":[],"class_list":["post-90468","post","type-post","status-publish","format-standard","has-post-thumbnail","hentry","category-municipales"],"yoast_head":"<!-- This site is optimized with the Yoast SEO plugin v19.7.1 - https:\/\/yoast.com\/wordpress\/plugins\/seo\/ -->\n<title>Corte programado del servicio de agua para \u00e9ste viernes de 9:00 a 12:00 hs. - CELTTV<\/title>\n<meta name=\"description\" content=\"Sitio web de noticias de la localidad de Tornquist, provincia de Buenos Aires, Rep\u00fablica Argentina. Contenido propio originado por periodistas de CELTTV, el canal de TV local de la Cooperativa El\u00e9ctrica de Tornquist. Turismo, Pol\u00edtica, Sociedad, Deporte, Cultura y todo el contenido de inter\u00e9s general que la gente del pueblo y la regi\u00f3n debe conocer.\" \/>\n<meta name=\"robots\" content=\"index, follow, max-snippet:-1, max-image-preview:large, max-video-preview:-1\" \/>\n<link rel=\"canonical\" href=\"https:\/\/www.celttv.com.ar\/index.php\/2025\/11\/27\/corte-programado-del-servicio-de-agua-para-este-viernes-de-900-a-1200-hs\/\" \/>\n<meta property=\"og:locale\" content=\"es_ES\" \/>\n<meta property=\"og:type\" content=\"article\" \/>\n<meta property=\"og:title\" content=\"Corte programado del servicio de agua para \u00e9ste viernes de 9:00 a 12:00 hs. - CELTTV\" \/>\n<meta property=\"og:description\" content=\"Sitio web de noticias de la localidad de Tornquist, provincia de Buenos Aires, Rep\u00fablica Argentina. Contenido propio originado por periodistas de CELTTV, el canal de TV local de la Cooperativa El\u00e9ctrica de Tornquist. Turismo, Pol\u00edtica, Sociedad, Deporte, Cultura y todo el contenido de inter\u00e9s general que la gente del pueblo y la regi\u00f3n debe conocer.\" \/>\n<meta property=\"og:url\" content=\"https:\/\/www.celttv.com.ar\/index.php\/2025\/11\/27\/corte-programado-del-servicio-de-agua-para-este-viernes-de-900-a-1200-hs\/\" \/>\n<meta property=\"og:site_name\" content=\"CELTTV\" \/>\n<meta property=\"article:publisher\" content=\"https:\/\/www.facebook.com\/celtTV\/\" \/>\n<meta property=\"article:published_time\" content=\"2025-11-28T01:47:10+00:00\" \/>\n<meta property=\"og:image\" content=\"https:\/\/www.celttv.com.ar\/wp-content\/uploads\/2023\/07\/canilla-2.jpg\" \/>\n\t<meta property=\"og:image:width\" content=\"300\" \/>\n\t<meta property=\"og:image:height\" content=\"400\" \/>\n\t<meta property=\"og:image:type\" content=\"image\/jpeg\" \/>\n<meta name=\"author\" content=\"Miguel Herrada\" \/>\n<meta name=\"twitter:card\" content=\"summary_large_image\" \/>\n<meta name=\"twitter:label1\" content=\"Escrito por\" \/>\n\t<meta name=\"twitter:data1\" content=\"Miguel Herrada\" \/>\n<script type=\"application\/ld+json\" class=\"yoast-schema-graph\">{\"@context\":\"https:\/\/schema.org\",\"@graph\":[{\"@type\":\"NewsArticle\",\"@id\":\"https:\/\/www.celttv.com.ar\/index.php\/2025\/11\/27\/corte-programado-del-servicio-de-agua-para-este-viernes-de-900-a-1200-hs\/#article\",\"isPartOf\":{\"@id\":\"https:\/\/www.celttv.com.ar\/index.php\/2025\/11\/27\/corte-programado-del-servicio-de-agua-para-este-viernes-de-900-a-1200-hs\/\"},\"author\":{\"name\":\"Miguel Herrada\",\"@id\":\"https:\/\/www.celttv.com.ar\/#\/schema\/person\/9059dc91dc7204ef4182cdb65225f07d\"},\"headline\":\"Corte programado del servicio de agua para \u00e9ste viernes de 9:00 a 12:00 hs.\",\"datePublished\":\"2025-11-28T01:47:10+00:00\",\"dateModified\":\"2025-11-28T01:47:10+00:00\",\"mainEntityOfPage\":{\"@id\":\"https:\/\/www.celttv.com.ar\/index.php\/2025\/11\/27\/corte-programado-del-servicio-de-agua-para-este-viernes-de-900-a-1200-hs\/\"},\"wordCount\":99,\"publisher\":{\"@id\":\"https:\/\/www.celttv.com.ar\/#organization\"},\"articleSection\":[\"Municipales\"],\"inLanguage\":\"es\"},{\"@type\":\"WebPage\",\"@id\":\"https:\/\/www.celttv.com.ar\/index.php\/2025\/11\/27\/corte-programado-del-servicio-de-agua-para-este-viernes-de-900-a-1200-hs\/\",\"url\":\"https:\/\/www.celttv.com.ar\/index.php\/2025\/11\/27\/corte-programado-del-servicio-de-agua-para-este-viernes-de-900-a-1200-hs\/\",\"name\":\"Corte programado del servicio de agua para \u00e9ste viernes de 9:00 a 12:00 hs. - CELTTV\",\"isPartOf\":{\"@id\":\"https:\/\/www.celttv.com.ar\/#website\"},\"datePublished\":\"2025-11-28T01:47:10+00:00\",\"dateModified\":\"2025-11-28T01:47:10+00:00\",\"description\":\"Sitio web de noticias de la localidad de Tornquist, provincia de Buenos Aires, Rep\u00fablica Argentina. Contenido propio originado por periodistas de CELTTV, el canal de TV local de la Cooperativa El\u00e9ctrica de Tornquist. Turismo, Pol\u00edtica, Sociedad, Deporte, Cultura y todo el contenido de inter\u00e9s general que la gente del pueblo y la regi\u00f3n debe conocer.\",\"breadcrumb\":{\"@id\":\"https:\/\/www.celttv.com.ar\/index.php\/2025\/11\/27\/corte-programado-del-servicio-de-agua-para-este-viernes-de-900-a-1200-hs\/#breadcrumb\"},\"inLanguage\":\"es\",\"potentialAction\":[{\"@type\":\"ReadAction\",\"target\":[\"https:\/\/www.celttv.com.ar\/index.php\/2025\/11\/27\/corte-programado-del-servicio-de-agua-para-este-viernes-de-900-a-1200-hs\/\"]}]},{\"@type\":\"BreadcrumbList\",\"@id\":\"https:\/\/www.celttv.com.ar\/index.php\/2025\/11\/27\/corte-programado-del-servicio-de-agua-para-este-viernes-de-900-a-1200-hs\/#breadcrumb\",\"itemListElement\":[{\"@type\":\"ListItem\",\"position\":1,\"name\":\"Inicio\",\"item\":\"https:\/\/www.celttv.com.ar\/\"},{\"@type\":\"ListItem\",\"position\":2,\"name\":\"Corte programado del servicio de agua para \u00e9ste viernes de 9:00 a 12:00 hs.\"}]},{\"@type\":\"WebSite\",\"@id\":\"https:\/\/www.celttv.com.ar\/#website\",\"url\":\"https:\/\/www.celttv.com.ar\/\",\"name\":\"CELTTV\",\"description\":\"Cooperativa El\u00e9ctrica de Tornquist\",\"publisher\":{\"@id\":\"https:\/\/www.celttv.com.ar\/#organization\"},\"potentialAction\":[{\"@type\":\"SearchAction\",\"target\":{\"@type\":\"EntryPoint\",\"urlTemplate\":\"https:\/\/www.celttv.com.ar\/?s={search_term_string}\"},\"query-input\":\"required name=search_term_string\"}],\"inLanguage\":\"es\"},{\"@type\":\"Organization\",\"@id\":\"https:\/\/www.celttv.com.ar\/#organization\",\"name\":\"CELTTV\",\"url\":\"https:\/\/www.celttv.com.ar\/\",\"sameAs\":[\"https:\/\/www.youtube.com\/channel\/UCz_oIt8Hig64Ub-EmcNPIhg\",\"https:\/\/www.facebook.com\/celtTV\/\"],\"logo\":{\"@type\":\"ImageObject\",\"inLanguage\":\"es\",\"@id\":\"https:\/\/www.celttv.com.ar\/#\/schema\/logo\/image\/\",\"url\":\"http:\/\/www.celttv.com.ar\/wp-content\/uploads\/2022\/08\/logo-1.png\",\"contentUrl\":\"http:\/\/www.celttv.com.ar\/wp-content\/uploads\/2022\/08\/logo-1.png\",\"width\":461,\"height\":159,\"caption\":\"CELTTV\"},\"image\":{\"@id\":\"https:\/\/www.celttv.com.ar\/#\/schema\/logo\/image\/\"}},{\"@type\":\"Person\",\"@id\":\"https:\/\/www.celttv.com.ar\/#\/schema\/person\/9059dc91dc7204ef4182cdb65225f07d\",\"name\":\"Miguel Herrada\",\"image\":{\"@type\":\"ImageObject\",\"inLanguage\":\"es\",\"@id\":\"https:\/\/www.celttv.com.ar\/#\/schema\/person\/image\/\",\"url\":\"https:\/\/secure.gravatar.com\/avatar\/67724d5b3c716623ffd76bec7e45841a442ac3b456e914dbba90b0fad2b8e0b1?s=96&d=mm&r=g\",\"contentUrl\":\"https:\/\/secure.gravatar.com\/avatar\/67724d5b3c716623ffd76bec7e45841a442ac3b456e914dbba90b0fad2b8e0b1?s=96&d=mm&r=g\",\"caption\":\"Miguel Herrada\"}}]}<\/script>\n<!-- \/ Yoast SEO plugin. -->","yoast_head_json":{"title":"Corte programado del servicio de agua para \u00e9ste viernes de 9:00 a 12:00 hs. - CELTTV","description":"Sitio web de noticias de la localidad de Tornquist, provincia de Buenos Aires, Rep\u00fablica Argentina. Contenido propio originado por periodistas de CELTTV, el canal de TV local de la Cooperativa El\u00e9ctrica de Tornquist. Turismo, Pol\u00edtica, Sociedad, Deporte, Cultura y todo el contenido de inter\u00e9s general que la gente del pueblo y la regi\u00f3n debe conocer.","robots":{"index":"index","follow":"follow","max-snippet":"max-snippet:-1","max-image-preview":"max-image-preview:large","max-video-preview":"max-video-preview:-1"},"canonical":"https:\/\/www.celttv.com.ar\/index.php\/2025\/11\/27\/corte-programado-del-servicio-de-agua-para-este-viernes-de-900-a-1200-hs\/","og_locale":"es_ES","og_type":"article","og_title":"Corte programado del servicio de agua para \u00e9ste viernes de 9:00 a 12:00 hs. - CELTTV","og_description":"Sitio web de noticias de la localidad de Tornquist, provincia de Buenos Aires, Rep\u00fablica Argentina. Contenido propio originado por periodistas de CELTTV, el canal de TV local de la Cooperativa El\u00e9ctrica de Tornquist. Turismo, Pol\u00edtica, Sociedad, Deporte, Cultura y todo el contenido de inter\u00e9s general que la gente del pueblo y la regi\u00f3n debe conocer.","og_url":"https:\/\/www.celttv.com.ar\/index.php\/2025\/11\/27\/corte-programado-del-servicio-de-agua-para-este-viernes-de-900-a-1200-hs\/","og_site_name":"CELTTV","article_publisher":"https:\/\/www.facebook.com\/celtTV\/","article_published_time":"2025-11-28T01:47:10+00:00","og_image":[{"width":300,"height":400,"url":"https:\/\/www.celttv.com.ar\/wp-content\/uploads\/2023\/07\/canilla-2.jpg","type":"image\/jpeg"}],"author":"Miguel Herrada","twitter_card":"summary_large_image","twitter_misc":{"Escrito por":"Miguel Herrada"},"schema":{"@context":"https:\/\/schema.org","@graph":[{"@type":"NewsArticle","@id":"https:\/\/www.celttv.com.ar\/index.php\/2025\/11\/27\/corte-programado-del-servicio-de-agua-para-este-viernes-de-900-a-1200-hs\/#article","isPartOf":{"@id":"https:\/\/www.celttv.com.ar\/index.php\/2025\/11\/27\/corte-programado-del-servicio-de-agua-para-este-viernes-de-900-a-1200-hs\/"},"author":{"name":"Miguel Herrada","@id":"https:\/\/www.celttv.com.ar\/#\/schema\/person\/9059dc91dc7204ef4182cdb65225f07d"},"headline":"Corte programado del servicio de agua para \u00e9ste viernes de 9:00 a 12:00 hs.","datePublished":"2025-11-28T01:47:10+00:00","dateModified":"2025-11-28T01:47:10+00:00","mainEntityOfPage":{"@id":"https:\/\/www.celttv.com.ar\/index.php\/2025\/11\/27\/corte-programado-del-servicio-de-agua-para-este-viernes-de-900-a-1200-hs\/"},"wordCount":99,"publisher":{"@id":"https:\/\/www.celttv.com.ar\/#organization"},"articleSection":["Municipales"],"inLanguage":"es"},{"@type":"WebPage","@id":"https:\/\/www.celttv.com.ar\/index.php\/2025\/11\/27\/corte-programado-del-servicio-de-agua-para-este-viernes-de-900-a-1200-hs\/","url":"https:\/\/www.celttv.com.ar\/index.php\/2025\/11\/27\/corte-programado-del-servicio-de-agua-para-este-viernes-de-900-a-1200-hs\/","name":"Corte programado del servicio de agua para \u00e9ste viernes de 9:00 a 12:00 hs. - CELTTV","isPartOf":{"@id":"https:\/\/www.celttv.com.ar\/#website"},"datePublished":"2025-11-28T01:47:10+00:00","dateModified":"2025-11-28T01:47:10+00:00","description":"Sitio web de noticias de la localidad de Tornquist, provincia de Buenos Aires, Rep\u00fablica Argentina. Contenido propio originado por periodistas de CELTTV, el canal de TV local de la Cooperativa El\u00e9ctrica de Tornquist. Turismo, Pol\u00edtica, Sociedad, Deporte, Cultura y todo el contenido de inter\u00e9s general que la gente del pueblo y la regi\u00f3n debe conocer.","breadcrumb":{"@id":"https:\/\/www.celttv.com.ar\/index.php\/2025\/11\/27\/corte-programado-del-servicio-de-agua-para-este-viernes-de-900-a-1200-hs\/#breadcrumb"},"inLanguage":"es","potentialAction":[{"@type":"ReadAction","target":["https:\/\/www.celttv.com.ar\/index.php\/2025\/11\/27\/corte-programado-del-servicio-de-agua-para-este-viernes-de-900-a-1200-hs\/"]}]},{"@type":"BreadcrumbList","@id":"https:\/\/www.celttv.com.ar\/index.php\/2025\/11\/27\/corte-programado-del-servicio-de-agua-para-este-viernes-de-900-a-1200-hs\/#breadcrumb","itemListElement":[{"@type":"ListItem","position":1,"name":"Inicio","item":"https:\/\/www.celttv.com.ar\/"},{"@type":"ListItem","position":2,"name":"Corte programado del servicio de agua para \u00e9ste viernes de 9:00 a 12:00 hs."}]},{"@type":"WebSite","@id":"https:\/\/www.celttv.com.ar\/#website","url":"https:\/\/www.celttv.com.ar\/","name":"CELTTV","description":"Cooperativa El\u00e9ctrica de Tornquist","publisher":{"@id":"https:\/\/www.celttv.com.ar\/#organization"},"potentialAction":[{"@type":"SearchAction","target":{"@type":"EntryPoint","urlTemplate":"https:\/\/www.celttv.com.ar\/?s={search_term_string}"},"query-input":"required name=search_term_string"}],"inLanguage":"es"},{"@type":"Organization","@id":"https:\/\/www.celttv.com.ar\/#organization","name":"CELTTV","url":"https:\/\/www.celttv.com.ar\/","sameAs":["https:\/\/www.youtube.com\/channel\/UCz_oIt8Hig64Ub-EmcNPIhg","https:\/\/www.facebook.com\/celtTV\/"],"logo":{"@type":"ImageObject","inLanguage":"es","@id":"https:\/\/www.celttv.com.ar\/#\/schema\/logo\/image\/","url":"http:\/\/www.celttv.com.ar\/wp-content\/uploads\/2022\/08\/logo-1.png","contentUrl":"http:\/\/www.celttv.com.ar\/wp-content\/uploads\/2022\/08\/logo-1.png","width":461,"height":159,"caption":"CELTTV"},"image":{"@id":"https:\/\/www.celttv.com.ar\/#\/schema\/logo\/image\/"}},{"@type":"Person","@id":"https:\/\/www.celttv.com.ar\/#\/schema\/person\/9059dc91dc7204ef4182cdb65225f07d","name":"Miguel Herrada","image":{"@type":"ImageObject","inLanguage":"es","@id":"https:\/\/www.celttv.com.ar\/#\/schema\/person\/image\/","url":"https:\/\/secure.gravatar.com\/avatar\/67724d5b3c716623ffd76bec7e45841a442ac3b456e914dbba90b0fad2b8e0b1?s=96&d=mm&r=g","contentUrl":"https:\/\/secure.gravatar.com\/avatar\/67724d5b3c716623ffd76bec7e45841a442ac3b456e914dbba90b0fad2b8e0b1?s=96&d=mm&r=g","caption":"Miguel Herrada"}}]}},"_links":{"self":[{"href":"https:\/\/www.celttv.com.ar\/index.php\/wp-json\/wp\/v2\/posts\/90468","targetHints":{"allow":["GET"]}}],"collection":[{"href":"https:\/\/www.celttv.com.ar\/index.php\/wp-json\/wp\/v2\/posts"}],"about":[{"href":"https:\/\/www.celttv.com.ar\/index.php\/wp-json\/wp\/v2\/types\/post"}],"author":[{"embeddable":true,"href":"https:\/\/www.celttv.com.ar\/index.php\/wp-json\/wp\/v2\/users\/5"}],"replies":[{"embeddable":true,"href":"https:\/\/www.celttv.com.ar\/index.php\/wp-json\/wp\/v2\/comments?post=90468"}],"version-history":[{"count":1,"href":"https:\/\/www.celttv.com.ar\/index.php\/wp-json\/wp\/v2\/posts\/90468\/revisions"}],"predecessor-version":[{"id":90469,"href":"https:\/\/www.celttv.com.ar\/index.php\/wp-json\/wp\/v2\/posts\/90468\/revisions\/90469"}],"wp:featuredmedia":[{"embeddable":true,"href":"https:\/\/www.celttv.com.ar\/index.php\/wp-json\/wp\/v2\/media\/77398"}],"wp:attachment":[{"href":"https:\/\/www.celttv.com.ar\/index.php\/wp-json\/wp\/v2\/media?parent=90468"}],"wp:term":[{"taxonomy":"category","embeddable":true,"href":"https:\/\/www.celttv.com.ar\/index.php\/wp-json\/wp\/v2\/categories?post=90468"},{"taxonomy":"post_tag","embeddable":true,"href":"https:\/\/www.celttv.com.ar\/index.php\/wp-json\/wp\/v2\/tags?post=90468"}],"curies":[{"name":"wp","href":"https:\/\/api.w.org\/{rel}","templated":true}]}}