{"id":90482,"date":"2025-12-02T17:52:57","date_gmt":"2025-12-02T20:52:57","guid":{"rendered":"https:\/\/www.celttv.com.ar\/?p=90482"},"modified":"2025-12-02T17:53:35","modified_gmt":"2025-12-02T20:53:35","slug":"90482","status":"publish","type":"post","link":"https:\/\/www.celttv.com.ar\/index.php\/2025\/12\/02\/90482\/","title":{"rendered":"SESION EXTRAORDINARIA DE ENTREGA DE DIPLOMAS A ABANDERADOS Y ESCOLTAS\u00a0 DEL DISTRITO 2025- TORNQUIST"},"content":{"rendered":"<p>28\u00a0 DE NOVIEMBRE- SESION EXTRAORDINARIA DE ENTREGA DE DIPLOMAS A ABANDERADOS Y ESCOLTAS\u00a0 DEL DISTRITO 2025- TORNQUIST<\/p>\n<p><strong><u>\u00a0<\/u><\/strong><\/p>\n<p>El viernes 28 de noviembre a partir de las 19 hs. aproximadamente, se realiz\u00f3 la Sesi\u00f3n Extraordinaria de entrega de Diplomas a Abanderados y Escoltas de las Escuelas del Distrito de Tornquist, convocadas por el Decreto N\u00ba 31\/25 del Honorable Concejo Deliberante, seg\u00fan la Resoluci\u00f3n N\u00ba 33\/25, en el polideportivo \u201cEva Per\u00f3n\u201d de la ciudad de Tornquist.<\/p>\n<p>Se hicieron presentes en esta oportunidad autoridades educativas, municipales, docentes de las instituciones educativas, familiares y amigos de los agasajados.<\/p>\n<p>&nbsp;<\/p>\n<p>Recibieron su distinci\u00f3n:<\/p>\n<p>&nbsp;<\/p>\n<p><strong><u>ABANDERADOS Y ESCOLTAS 2025:<\/u><\/strong><\/p>\n<p><strong><u>\u00a0<\/u><\/strong><\/p>\n<p><strong><u>ESCUELA N\u00ba 1 \u2013 TORNQUIST<\/u><\/strong><\/p>\n<p><strong><u>Bandera Nacional:<\/u><\/strong><\/p>\n<p><strong><u>Abanderada:<\/u><\/strong> Lara Hergenreter Palacio. <strong><u>1\u00ba Escolta:<\/u><\/strong> Isabella Luongo. <strong><u>2\u00ba Escolta:<\/u><\/strong> M\u00eda Macarena Esquivel.<\/p>\n<p><strong><u>Bandera Bonaerense:<\/u><\/strong><strong> <u>Abanderado:<\/u><\/strong> Benjam\u00edn Meder. <strong><u>1\u00ba Escolta:<\/u><\/strong> Bautista Uriel. Caceres. <strong><u>2\u00ba Escolta:<\/u><\/strong> Agust\u00edn Meriggi.<\/p>\n<p>Entregan los Concejales Marcela Gimenez y Luis Castro<strong>.<\/strong><\/p>\n<p>&nbsp;<\/p>\n<p><strong><u>ESCUELA N\u00ba 2 (SALDUNGARAY)<\/u><\/strong><\/p>\n<p><strong><u>Bandera Nacional:<\/u><\/strong> <strong><u>Abanderada:<\/u><\/strong> Alma Leotta. <strong><u>1\u00ba Escolta:<\/u><\/strong> Josefina Gonz\u00e1lez. <strong><u>2\u00ba Escolta:<\/u><\/strong> \u00c1ngela Cajal. <strong><u>2\u00ba Escolta:<\/u> <\/strong>Manuela Menna.<\/p>\n<p><strong><u>Bandera Bonaerense:<\/u><\/strong><strong> <u>Abanderada:<\/u><\/strong> Juana Leotta Moreno. <strong><u>1\u00ba Escolta:<\/u><\/strong> Herman Esmoli. <strong><u>2\u00ba Escolta:<\/u><\/strong> Mateo Constantino.<\/p>\n<p>Entregan los Concejales Juan Cruz Marzialetti y Gabriela Romero.<\/p>\n<p>&nbsp;<\/p>\n<p><strong><u>ESCUELA N\u00ba 3 (TRES PICOS)<\/u><\/strong><\/p>\n<p><strong><u>Bandera Nacional:<\/u><\/strong> <strong><u>Abanderado:<\/u><\/strong> Ezequiel Nu\u00f1ez. <strong><u>1\u00ba Escolta:<\/u><\/strong> Le\u00f3n Sanchez. <strong><u>2\u00ba Escolta:<\/u><\/strong> Santino Sequeiro.<\/p>\n<p><strong><u>Bandera Bonaerense:<\/u><\/strong><strong> <u>Abanderado:<\/u><\/strong> Hugo Calvismonti. <strong><u>1\u00ba Escolta:<\/u><\/strong> Ornella \u00c1vila. <strong><u>2\u00ba Escolta:<\/u><\/strong> M\u00e1ximo Vater.<\/p>\n<p>Entregan los Concejales Susana Marcolini y Luis Castro.<\/p>\n<p>&nbsp;<\/p>\n<p><strong>ESCUELA N\u00ba 6 (SIERRA DE LA VENTANA) <\/strong><\/p>\n<p><strong><u>Bandera Nacional:<\/u><\/strong><strong> <u>Abanderado:<\/u><\/strong> Theo Minor. <strong><u>1\u00ba Escolta:<\/u><\/strong> Malena Grenz. <strong><u>2\u00ba Escolta:<\/u><\/strong> Santino Iturre.<\/p>\n<p><strong><u>Bandera Bonaerense:<\/u><\/strong><strong> <u>Abanderada:<\/u><\/strong> Chabeli Mart\u00edn. <strong><u>1\u00ba Escolta:<\/u><\/strong> R\u00edo Molina. <strong><u>2\u00ba Escolta:<\/u><\/strong> Nino Nuccelli.<\/p>\n<p>Entregan los Concejales Luciana Mainero y Sandra Kifer.<\/p>\n<p>&nbsp;<\/p>\n<p><strong><u>ESCUELA N\u00ba 7 (PARAJE FUNKE)<\/u><\/strong><\/p>\n<p><strong><u>Bandera Nacional:<\/u><\/strong> <strong><u>Abanderada:<\/u><\/strong> Roc\u00edo Fischer. <strong><u>1\u00ba Escolta:<\/u><\/strong> Thian Videla.<\/p>\n<p><strong><u>Bandera Bonaerense:<\/u><\/strong><strong> <u>Abanderada:<\/u><\/strong> Isabella Ortiz. <strong><u>1\u00ba Escolta:<\/u><\/strong> Oriana \u00c1ngela \u00c1lvarez.<\/p>\n<p>Entregan los Concejales Carmen Soverchia y Sandra Kifer.<\/p>\n<p>&nbsp;<\/p>\n<p><strong><u>ESCUELA N\u00ba 10 (PARAJE VENTANA)<\/u><\/strong><\/p>\n<p><strong><u>Bandera Nacional:<\/u><\/strong> <strong><u>Abanderada:<\/u><\/strong> Maia M\u00e10000rtin. <strong><u>1\u00ba Escolta:<\/u><\/strong> Juan Carlos Nu\u00f1ez. <strong><u>2\u00ba Escolta:<\/u><\/strong> Luciana Cremaschi.<\/p>\n<p><strong><u>Bandera Bonaerense:<\/u><\/strong><strong> <u>Abanderada:<\/u><\/strong> Aurora Fraga Arcidiacono. <strong><u>1\u00ba Escolta:<\/u><\/strong> Enzo Rivas. <strong><u>2\u00ba Escolta:<\/u><\/strong> Eugenia Cremaschi.<\/p>\n<p>Entregan los Concejales Luciana Mainero y Juan Cruz Marzialetti.<\/p>\n<p>&nbsp;<\/p>\n<p>&nbsp;<\/p>\n<p><strong><u>ESCUELA N\u00ba 13 (PARAJE LA QUERENCIA)<\/u><\/strong><\/p>\n<p><strong><u>Bandera Nacional:<\/u><\/strong><strong> <u>Abanderado:<\/u><\/strong> Jonath\u00e1n Jes\u00fas Maidana.<\/p>\n<p><strong><u>Bandera Bonaerense:<\/u><\/strong><strong> <u>Abanderada:<\/u><\/strong> Walkiria Quimey Moraga.<\/p>\n<p>Entregan\u00a0 los Concejales Gabriela Romero y Javier Llarrull.<\/p>\n<p>&nbsp;<\/p>\n<p><strong><u>ESCUELA N\u00ba 20 (PARAJE EL PILAR)<\/u><\/strong><\/p>\n<p><strong><u>Bandera Nacional:<\/u><\/strong> <strong><u>Abanderado:<\/u><\/strong> Juan Cruz Lucero. <strong><u>1\u00ba Escolta:<\/u><\/strong> Milagros Aguilera. <strong><u>2\u00ba Escolta:<\/u><\/strong> Tiziano Sandoval.<\/p>\n<p><strong><u>Bandera Bonaerense:<\/u><\/strong><strong> <u>Abanderada:<\/u><\/strong> Iara Lucero. <strong><u>1\u00ba Escolta:<\/u><\/strong> Nahiara Monaco. <strong><u>2\u00ba Escolta:<\/u><\/strong> Isabella Ocampo.<\/p>\n<p>Entregan los Concejales Susana Marcolini y Sandra Kifer.<\/p>\n<p>&nbsp;<\/p>\n<p><strong><u>ESCUELA N\u00ba 21 (VILLA VENTANA)<\/u><\/strong><\/p>\n<p><strong><u>Bandera Nacional:<\/u><\/strong><strong> <u>Abanderado:<\/u><\/strong> F\u00e9lix Rodr\u00edguez. <strong><u>1\u00ba Escolta:<\/u><\/strong> Selene Arga\u00f1in. <strong><u>2\u00ba Escolta:<\/u><\/strong> Isabella Di Biase. <strong><u>2\u00ba Escolta:<\/u> <\/strong>M\u00e1ximo Da Bouza Bahl.<\/p>\n<p><strong><u>Bandera Bonaerense:<\/u><\/strong><strong> <u>Abanderada:<\/u><\/strong> Sofia Schwab. <strong><u>1\u00ba Escolta:<\/u><\/strong> Lara Massimiliani. <strong><u>2\u00ba Escolta:<\/u><\/strong> Carolina Melchior Brass.<\/p>\n<p>Entregan los Concejales Yamila Ram\u00edrez y Javier Llarrull.<\/p>\n<p>&nbsp;<\/p>\n<p><strong><u>ESCUELA N\u00ba 24 (CHASIC\u00d3) <\/u><\/strong><\/p>\n<p><strong><u>Bandera Nacional:<\/u><\/strong><strong> <u>Abanderado:<\/u><\/strong> Ian Cozzi. <strong><u>1\u00ba Escolta:<\/u><\/strong> Esmeralda Lucarni. <strong><u>2\u00ba Escolta:<\/u><\/strong> Thiago Amaya<\/p>\n<p><strong><u>Bandera Bonaerense:<\/u><\/strong><strong> <u>Abanderado:<\/u><\/strong> Noha Fassi. <strong><u>1\u00ba Escolta:<\/u><\/strong> Ludmila Mato Olmos. <strong><u>2\u00ba Escolta:<\/u><\/strong> Xiomara Ortiz Uitixberea.<\/p>\n<p>Entregan los Concejales Carmen Soverchia y Marcela Gimenez.<\/p>\n<p>&nbsp;<\/p>\n<p><strong><u>ESCUELA N\u00ba 28 (TORNQUIST)<\/u><\/strong><\/p>\n<p><strong><u>Bandera Nacional:<\/u><\/strong> <strong><u>Abanderado:<\/u><\/strong> Genaro C\u00e1rdenas. <strong><u>1\u00ba Escolta:<\/u><\/strong> Rafael Pinedo. <strong><u>2\u00ba Escolta:<\/u><\/strong> Tiago Uribe.<\/p>\n<p><strong><u>Bandera Bonaerense:<\/u><\/strong><strong> <u>Abanderado:<\/u><\/strong> Agust\u00edn Barrios. <strong><u>1\u00ba Escolta:<\/u><\/strong> Juan Ignacio Fuhr. <strong><u>2\u00ba Escolta:<\/u><\/strong> Mail\u00e9n Dorregaray.<\/p>\n<p>Entregan los Concejales Susana Marcolini y Gabriela Romero.<\/p>\n<p>&nbsp;<\/p>\n<p><strong><u>COLEGIO NUESTRA SE\u00d1ORA DE LUJ\u00c1N NIVEL PRIMARIO (TORNQUIST)<\/u><\/strong><\/p>\n<p><strong><u>Bandera Nacional:<\/u><\/strong> <strong><u>Abanderada:<\/u><\/strong> P\u00eda Saric y Elena Campaya. <strong><u>2\u00ba Escolta:<\/u><\/strong> Sof\u00eda Jazm\u00edn Junik.<\/p>\n<p><strong><u>Bandera Bonaerense:<\/u><\/strong><strong> <u>Abanderada:<\/u><\/strong> Elena Picado. <strong><u>1\u00ba Escolta:<\/u><\/strong> Eloisa Pagella Sgammini. <strong><u>2\u00ba Escolta:<\/u><\/strong> Albana Bolletta.<\/p>\n<p>Entregan los Concejales Carmen Soverchia,\u00a0 Marcela Gimenez, y la Secretaria Legislativa\u00a0 Juliana Sgammini.<\/p>\n<p>&nbsp;<\/p>\n<p><strong><u>INSTITUTO FORT\u00cdN PAV\u00d3N NIVEL PRIMARIO (SALDUNGARAY)<\/u><\/strong><\/p>\n<p><strong><u>Bandera Nacional:<\/u><\/strong><strong> <u>Abanderada:<\/u><\/strong> Martina Menna. <strong><u>1\u00ba Escolta:<\/u><\/strong> Amadeo Resch. <strong><u>2\u00ba Escolta:<\/u><\/strong> Pedro Tamborindegui.<\/p>\n<p><strong><u>Bandera Bonaerense:<\/u><\/strong><strong> <u>Abanderada:<\/u><\/strong> Micaela Blanco. <strong><u>1\u00ba Escolta:<\/u><\/strong> Milo Marzialetti. <strong><u>2\u00ba Escolta:<\/u><\/strong> Juli\u00e1n Marzialetti.<\/p>\n<p>Entregan\u00a0 los Concejales Juan Cruz Marzialetti y Luciana Mainero.<\/p>\n<p>&nbsp;<\/p>\n<p><strong><u>ESCUELA DE EDUCACI\u00d3N ESPECIAL N\u00ba 501 (TORNQUIST)<\/u><\/strong><\/p>\n<p><strong><u>Bandera Nacional:<\/u><\/strong> <strong><u>Abanderado:<\/u><\/strong> Alexis Mart\u00edn Andr\u00e9s Tizera. <strong><u>1\u00ba Escolta:<\/u><\/strong> Tom\u00e1s Schmidt. <strong><u>2\u00ba Escolta:<\/u><\/strong> Brisa Marquestau.<\/p>\n<p><strong><u>Bandera Bonaerense:<\/u><\/strong><strong> <u>Abanderado:<\/u><\/strong> Miqueas Jara. <strong><u>1\u00ba Escolta:<\/u><\/strong> Abigail Chazarreta Tancreda. <strong><u>2\u00ba Escolta:<\/u><\/strong> Guiliana Hergenreter.<\/p>\n<p>Entregan los Concejales Carmen Soverchia y Sandra Kifer.<\/p>\n<p>&nbsp;<\/p>\n<p><strong><u>ESCUELA DE EDUCACI\u00d3N ESPECIAL N\u00ba 502 (SALDUNGARAY)<\/u><\/strong><\/p>\n<p><strong><u>Bandera Nacional:<\/u><\/strong> <strong><u>Abanderado:<\/u><\/strong> Ariel Bonifacini. <strong><u>1\u00ba Escolta:<\/u><\/strong> Ramiro Goetz Arismendi. <strong><u>2\u00ba Escolta:<\/u><\/strong> Priscila Ibarra.<\/p>\n<p><strong><u>Bandera Bonaerense:<\/u><\/strong><strong> <u>Abanderada:<\/u><\/strong> L\u00eda Ramos Contreras. <strong><u>1\u00ba Escolta:<\/u><\/strong> Valentino Esmoli. <strong><u>2\u00ba Escolta:<\/u><\/strong> Felipe Palou.<\/p>\n<p>Entregan los Concejales Carmen Soverchia y Cecilia Quiroga.<\/p>\n<p>&nbsp;<\/p>\n<p><strong><u>CENTRO DE EDUCACI\u00d3N DE ADULTOS N\u00ba 701 (TORNQUIST)<\/u><\/strong><\/p>\n<p><strong><u>Bandera Nacional:<\/u><\/strong> <strong><u>Abanderado:<\/u><\/strong> Carlos Quiroga. <strong><u>1\u00ba Escolta:<\/u><\/strong> Domingo Hidalgo. <strong><u>2\u00ba Escolta:<\/u><\/strong> Ayel\u00e9n Gauna.<\/p>\n<p><strong><u>Bandera Bonaerense:<\/u><\/strong><strong> <u>Abanderada:<\/u><\/strong> Esther Baggio. <strong><u>1\u00ba Escolta:<\/u><\/strong> Mauricio Natalio Sandoval. <strong><u>2\u00ba Escolta:<\/u><\/strong> Sebasti\u00e1n Correa.<\/p>\n<p>Entregan los Concejales Javier Llarrull y Cecilia Quiroga.<\/p>\n<p>&nbsp;<\/p>\n<p><strong><u>ESCUELA DE EDUCACI\u00d3N SECUNDARIA N\u00ba 1 (TORNQUIST)<\/u><\/strong><\/p>\n<p><strong><u>Bandera Nacional:<\/u><\/strong> <strong><u>Abanderada:<\/u><\/strong> Luc\u00eda Trankels. <strong><u>1\u00ba Escolta:<\/u><\/strong> Catalina Fuhr. <strong><u>2\u00ba Escolta:<\/u><\/strong> Magal\u00ed Neudert.<\/p>\n<p><strong><u>Bandera Bonaerense:<\/u><\/strong><strong> <u>Abanderado:<\/u><\/strong> Franco Bual\u00f3. <strong><u>1\u00ba Escolta:<\/u><\/strong> Juan Ignacio Abreg\u00fa. <strong><u>2\u00ba Escolta:<\/u><\/strong> Catalina Moraga.<\/p>\n<p>Entregan los Concejales Marcela Gimenez y Luis Castro.<\/p>\n<p>&nbsp;<\/p>\n<p><strong><u>ESCUELA DE EDUCACI\u00d3N SECUNDARIA N\u00ba 2 (SIERRA DE LA VENTANA)<\/u><\/strong><strong> <u>Bandera Nacional:<\/u><\/strong> <strong><u>Abanderada:<\/u><\/strong> Pilar Salar. <strong><u>1\u00ba Escolta:<\/u><\/strong> Luna Bevilacqua Ansorena. <strong><u>2\u00ba Escolta:<\/u><\/strong> Brenda Aurelia Qui\u00f1ones.<\/p>\n<p><strong><u>Bandera Bonaerense:<\/u><\/strong><strong> <u>Abanderado:<\/u><\/strong> Homero Ocampos. <strong><u>1\u00ba Escolta:<\/u><\/strong> M\u00e1ximo Cacchiarelli. <strong><u>2\u00ba Escolta:<\/u><\/strong> Ernestina Garc\u00eda.<\/p>\n<p>Entregan los Concejales Sandra Kifer y Juan Cruz Marzialetti.<\/p>\n<p>&nbsp;<\/p>\n<p><strong><u>ESCUELA DE EDUCACI\u00d3N SECUNDARIA N\u00ba 3 (TORNQUIST)<\/u><\/strong><\/p>\n<p><strong><u>Bandera Nacional:<\/u><\/strong> <strong><u>Abanderado:<\/u><\/strong> Rocco Bruni. <strong><u>1\u00ba Escolta:<\/u><\/strong> Julieta Magal\u00ed Silva. <strong><u>2\u00ba Escolta:<\/u><\/strong> Mat\u00edas Bartolini.<\/p>\n<p><strong><u>Bandera Bonaerense:<\/u><\/strong><strong> <u>Abanderado:<\/u><\/strong> Facundo Galv\u00e1n. <strong><u>1\u00ba Escolta:<\/u><\/strong> Carol Anah\u00ed Gimenez Rojas. <strong><u>2\u00ba Escolta:<\/u><\/strong> Gonzalo Joel Luna.<\/p>\n<p>Entregan \u00a0los Concejales Susana Marcolini y Javier Llarrull.<\/p>\n<p>&nbsp;<\/p>\n<p><strong><u>ESCUELA DE EDUCACI\u00d3N SECUNDARIA N\u00ba 4 (SALDUNGARAY)<\/u><\/strong><\/p>\n<p><strong><u>Bandera Nacional:<\/u><\/strong> <strong><u>Abanderada:<\/u><\/strong> Agostina Plaza. <strong><u>1\u00ba Escolta:<\/u><\/strong> M\u00eda C\u00e1ceres. <strong><u>2\u00ba Escolta:<\/u><\/strong> Liz Plaza.<\/p>\n<p><strong><u>Bandera Bonaerense:<\/u><\/strong><strong> <u>Abanderado:<\/u><\/strong> Benjam\u00edn Kees. <strong><u>1\u00ba Escolta:<\/u><\/strong> M\u00e1ximo Coronel. <strong><u>2\u00ba Escolta:<\/u><\/strong> Jazm\u00edn Trejo Aceituno.<\/p>\n<p>Entregan\u00a0 los Concejales Luciana Mainero y Cecilia Quiroga.<\/p>\n<p>&nbsp;<\/p>\n<p><strong><u>ESCUELA DE EDUCACI\u00d3N SECUNDARIA N\u00ba 6 (CHASIC\u00d3)<\/u><\/strong><\/p>\n<p><strong><u>Bandera Nacional:<\/u><\/strong> <strong><u>Abanderada:<\/u><\/strong> Agostina Castro. <strong><u>1\u00ba Escolta:<\/u><\/strong> Lorea Indart. <strong><u>2\u00ba Escolta:<\/u><\/strong> Lucila Lucarni.<\/p>\n<p><strong><u>Bandera Bonaerense:<\/u><\/strong><strong> <u>Abanderada:<\/u><\/strong> Lucrecia Moreyra. <strong><u>1\u00ba Escolta:<\/u><\/strong> Axel Quinteros Olmos. <strong><u>2\u00ba Escolta:<\/u><\/strong> Maya Banegas.<\/p>\n<p>Entregan los Concejales Carmen Soverchia y Ludmila Becker.<\/p>\n<p>&nbsp;<\/p>\n<p><strong><u>COLEGIO NUESTRA SE\u00d1ORA DE LUJ\u00c1N NIVEL SECUNDARIO (TORNQUIST) <\/u><\/strong><\/p>\n<p><strong><u>Bandera Nacional:<\/u><\/strong> <strong><u>Abanderado:<\/u><\/strong> Mat\u00edas Esteban L\u00f3pez. <strong><u>1\u00ba Escolta:<\/u><\/strong> Ana Villera Soresi. <strong><u>2\u00ba Escolta:<\/u><\/strong> Martina Nebot.<\/p>\n<p><strong><u>Bandera Bonaerense:<\/u><\/strong><strong> <u>Abanderado:<\/u><\/strong> Ger\u00f3nimo Fern\u00e1ndez. <strong><u>1\u00ba Escolta:<\/u><\/strong> Agust\u00edn C\u00e1mara. <strong><u>2\u00ba Escolta:<\/u><\/strong> Josefina Karsten.<\/p>\n<p>Entregan los Concejales Marcela Gimenez y Ludmila Becker.<\/p>\n<p>&nbsp;<\/p>\n<p><strong><u>INSTITUTO FORT\u00cdN PAV\u00d3N NIVEL SECUNDARIO (SALDUNGARAY)<\/u><\/strong><\/p>\n<p><strong><u>Bandera Nacional:<\/u><\/strong> <strong><u>Abanderada:<\/u><\/strong> Juana G\u00f3mez Tunessi. <strong><u>1\u00ba Escolta:<\/u><\/strong> Valentina Abril Springer. <strong><u>2\u00ba Escolta:<\/u><\/strong> Clara Menna.<\/p>\n<p><strong><u>Bandera Bonaerense:<\/u><\/strong><strong> <u>Abanderado:<\/u><\/strong> Vicente Gismano. <strong><u>1\u00ba Escolta:<\/u><\/strong> Agust\u00edn P\u00e9rez Etcheber. <strong><u>2\u00ba Escolta:<\/u><\/strong> Thiago Delgado Dehumar\u00e1.<\/p>\n<p>Entregan los Concejales Luciana Mainero y Juan Cruz Marzialetti.<\/p>\n<p>&nbsp;<\/p>\n<p><strong><u>ESCUELA DE EDUCACI\u00d3N SECUNDARIA T\u00c9CNICA N\u00ba 1 (TORNQUIST)<\/u><\/strong><\/p>\n<p><strong><u>Bandera Nacional:<\/u><\/strong> <strong><u>Abanderado:<\/u><\/strong> Augusto Pizzo. <strong><u>1\u00ba Escolta:<\/u><\/strong> Juan Scharff. <strong><u>2\u00ba Escolta:<\/u><\/strong> Tom\u00e1s Casco.<\/p>\n<p><strong><u>Bandera Bonaerense:<\/u><\/strong><strong> <u>Abanderado:<\/u><\/strong> Mateo Marcolini. <strong><u>1\u00ba Escolta:<\/u><\/strong> Eloisa Fedrigucci. <strong><u>2\u00ba Escolta:<\/u><\/strong> Franco Minich.<\/p>\n<p>Entregan las Concejales Cecilia Quiroga y Gabriela Romero.<\/p>\n<p>&nbsp;<\/p>\n<p><strong><u>ESCUELA DE EDUCACI\u00d3N SECUNDARIA AGRARIA N\u00ba 1 (TORNQUIST)<\/u><\/strong><\/p>\n<p><strong><u>Bandera Nacional:<\/u><\/strong> <strong><u>Abanderada:<\/u><\/strong> Renata Ant\u00f3n. <strong><u>1\u00ba Escolta:<\/u><\/strong> Martina Garc\u00eda. <strong><u>2\u00ba Escolta:<\/u><\/strong> Emilia Miguez.<\/p>\n<p><strong><u>Bandera Bonaerense:<\/u><\/strong><strong> <u>Abanderado:<\/u><\/strong> Luka L\u00f3pez Tourn. <strong><u>1\u00ba Escolta:<\/u><\/strong> Nahuel Mir\u00f3. <strong><u>2\u00ba Escolta:<\/u><\/strong> Luca Gonz\u00e1lez.<\/p>\n<p>Entregan los Concejales Luis Castro y Marcela Gimenez.<\/p>\n<p>&nbsp;<\/p>\n<p><strong><u>CENTRO EDUCATIVO PARA LA PRODUCCI\u00d3N TOTAL N\u00ba 12 (VILLA VENTANA)<\/u><\/strong><strong> <u>Bandera Nacional:<\/u><\/strong> <strong><u>Abanderada:<\/u><\/strong> Roc\u00edo Grischinsky Meriggi. <strong><u>1\u00ba Escolta:<\/u><\/strong> Luca Quimey Garc\u00eda Dassis. <strong><u>2\u00ba Escolta:<\/u><\/strong> Tomas Trivellini.<\/p>\n<p><strong><u>Bandera Bonaerense:<\/u><\/strong><strong> <u>Abanderado:<\/u><\/strong> Nicol\u00e1s Sehtman. <strong><u>1\u00ba Escolta:<\/u><\/strong> Celeste Vivas. <strong><u>2\u00ba Escolta:<\/u><\/strong> Arianna Flores Godoy.<\/p>\n<p>Entregan los Concejales Javier Llarrull y Yamila Ram\u00edrez.<\/p>\n<p>&nbsp;<\/p>\n<p><strong><u>CENTRO DE EDUCACI\u00d3N NIVEL SECUNDARIA N\u00ba 451 (SALDUNGARAY)<\/u><\/strong><\/p>\n<p><strong><u>Bandera Nacional:<\/u><\/strong> <strong><u>Abanderada:<\/u><\/strong> Daiana Agustina G\u00f3mez. <strong><u>1\u00ba Escolta:<\/u><\/strong> Romina Elisabet Sep\u00falveda. <strong><u>2\u00ba Escolta:<\/u><\/strong> Evelyn Estefan\u00eda S\u00e1nchez.<\/p>\n<p><strong><u>Bandera Bonaerense:<\/u><\/strong><strong> <u>Abanderada:<\/u><\/strong> Celia Noem\u00ed Mart\u00ednez. <strong><u>1\u00ba Escolta:<\/u><\/strong> Juan Alberto Mu\u00f1oz. <strong><u>2\u00ba Escolta:<\/u><\/strong> M\u00f3nica Graciela Correa.<\/p>\n<p>Entregan los Concejales Gabriela Romero y Juan Cruz Marzialetti.<\/p>\n<p>&nbsp;<\/p>\n<p><strong><u>PLAN FINES (TORNQUIST)<\/u><\/strong><\/p>\n<p><strong><u>Bandera Nacional:<\/u><\/strong> <strong><u>Abanderada:<\/u><\/strong> M\u00f3nica Guadalupe Rold\u00e1n. <strong><u>1\u00ba Escolta:<\/u><\/strong> Johana Ayel\u00e9n Gimenez. <strong><u>2\u00ba Escolta:<\/u><\/strong> Cindy Morena Eyerabide Pita.<\/p>\n<p><strong><u>Bandera Bonaerense:<\/u><\/strong><strong> <u>Abanderada:<\/u><\/strong> Florencia Soto. <strong><u>1\u00ba Escolta:<\/u><\/strong> Emiliano Dami\u00e1n Jara. <strong><u>2\u00ba Escolta:<\/u><\/strong> Diego Alberto Montiel.<\/p>\n<p>Entregan los Concejales Ludmila Becker y Luis Castro.<\/p>\n<p>&nbsp;<\/p>\n<p><strong><u>PLAN FINES (CHASIC\u00d3)<\/u><\/strong><\/p>\n<p><strong><u>Bandera Nacional:<\/u><\/strong> <strong><u>Abanderada:<\/u><\/strong> Gisella Karina Villareal. <strong><u>1\u00ba Escolta:<\/u><\/strong> Juliana Cofre. <strong><u>2\u00ba Escolta:<\/u><\/strong> Sof\u00eda Danieli.<\/p>\n<p><strong><u>Bandera Bonaerense:<\/u><\/strong><strong> <u>Abanderada:<\/u><\/strong> Cintia Torres. <strong><u>1\u00ba Escolta:<\/u><\/strong> Agustina Andrea D\u00edaz. <strong><u>2\u00ba Escolta:<\/u><\/strong> Juli\u00e1n Maldonado.<\/p>\n<p>Entregan los Concejales Ludmila Becker y Luis Castro.<\/p>\n<p>&nbsp;<\/p>\n<p><strong><u>INSTITUTO SUPERIOR DE FORMACI\u00d3N DOCENTE Y T\u00c9CNICO N\u00ba 162 (TORNQUIST)<\/u><\/strong><\/p>\n<p><strong><u>Bandera Nacional:<\/u><\/strong> <strong><u>Abanderada:<\/u><\/strong> Mara Luc\u00eda Schmidt. <strong><u>1\u00ba Escolta:<\/u><\/strong> Melisa Saint Germain. <strong><u>2\u00ba Escolta:<\/u><\/strong> Cintia Noel\u00ed Fern\u00e1ndez Ch\u00e1ves.<\/p>\n<p><strong><u>Bandera Bonaerense:<\/u><\/strong><strong> <u>Abanderada:<\/u><\/strong> Maricruz Paola Hidalgo. <strong><u>1\u00ba Escolta:<\/u><\/strong> Milena Wanda Zabala. <strong><u>2\u00ba Escolta:<\/u><\/strong> Melisa Ail\u00e9n Gigena.<\/p>\n<p>Entregan las Concejales Carmen Soverchia y Cecilia Quiroga.<\/p>\n<p>&nbsp;<\/p>\n<p>No pudieron asistir los siguientes establecimientos educativos:<\/p>\n<p>&nbsp;<\/p>\n<p><strong><u>ESCUELA N\u00ba 8 (ESTOMBA)<\/u><\/strong><\/p>\n<p><strong><u>Bandera Nacional:<\/u><\/strong> <strong><u>Abanderada:<\/u><\/strong> Maia Detzel. <strong><u>1\u00ba Escolta:<\/u><\/strong> Dylan Leandro Aceiton. <strong><u>2\u00ba Escolta:<\/u><\/strong> Clarita Detzel.<\/p>\n<p><strong><u>Bandera Bonaerense:<\/u><\/strong><strong> <u>Abanderada:<\/u><\/strong> Luana Detzel. <strong><u>1\u00ba Escolta:<\/u><\/strong> Gaspar Detzel.<\/p>\n<p>&nbsp;<\/p>\n<p><strong><u>ESCUELA N\u00ba 9 (PELICUR\u00c1)<\/u><\/strong><\/p>\n<p><strong><u>Bandera Nacional:<\/u><\/strong><strong> <u>Abanderado:<\/u><\/strong> Francisco Moreyra. <strong><u>1\u00ba Escolta:<\/u><\/strong> Amparo Codutti.<\/p>\n<p>&nbsp;<\/p>\n<p><strong><u>ESCUELA N\u00ba 12 (PARAJE FUERTE ARGENTINO)<\/u><\/strong><\/p>\n<p><strong><u>Bandera Nacional:<\/u><\/strong><strong> <u>Abanderada:<\/u><\/strong> Juana Emma Castro.<\/p>\n<p>&nbsp;<\/p>\n<p><strong><u>ESCUELA N\u00ba 25 (BERRAONDO) <\/u><\/strong><\/p>\n<p><strong><u>Bandera Nacional:<\/u><\/strong><strong> <u>Abanderado:<\/u><\/strong> Jerem\u00edas Haag. <strong><u>1\u00ba Escolta:<\/u><\/strong> Facundo Gimenez Birba. <strong><u>2\u00ba Escolta:<\/u><\/strong> Luciano Almir\u00f3n.<\/p>\n<p><strong><u>Bandera Bonaerense:<\/u><\/strong><strong> <u>Abanderada:<\/u><\/strong> Constanza Ghezzi. <strong><u>1\u00ba Escolta:<\/u><\/strong> Aaron Haag.<\/p>\n<p>&nbsp;<\/p>\n<p><strong><u>ESCUELA N\u00ba 27 (PARAJE SAUCE CHICO)<\/u><\/strong><\/p>\n<p><strong><u>Bandera Nacional:<\/u><\/strong> <strong><u>Abanderado:<\/u><\/strong> Juan Cruz Meneses. <strong><u>1\u00ba Escolta:<\/u><\/strong> Joscelyn Priscila Tolava. <strong><u>2\u00ba Escolta:<\/u><\/strong> Lautaro Meneses.<\/p>\n<p>&nbsp;<\/p>\n<p><strong><u>ESCUELA DE EDUCACI\u00d3N SECUNDARIA N\u00ba 5 (VILLA VENTANA)<\/u><\/strong><\/p>\n<p><strong><u>Bandera Nacional:<\/u><\/strong><strong> <u>Abanderada:<\/u><\/strong> Iara Esp\u00ednola P\u00e9rez. <strong><u>1\u00ba Escolta:<\/u><\/strong> Lara Gonz\u00e1lez. <strong><u>2\u00ba Escolta:<\/u><\/strong> Carlos Kapitanchuk.<\/p>\n<p><strong><u>Bandera Bonaerense:<\/u><\/strong><strong> <u>Abanderado:<\/u><\/strong> Mora Lamas. <strong><u>1\u00ba Escolta:<\/u><\/strong> Amancay Morales. <strong><u>2\u00ba Escolta:<\/u><\/strong> Thiago Morales.<\/p>\n<p>&nbsp;<\/p>\n<p><strong><u>PLAN FINES (SIERRA DE LA VENTANA)<\/u><\/strong><\/p>\n<p><strong><u>Bandera Nacional:<\/u><\/strong> <strong><u>Abanderada:<\/u><\/strong> Valeria Paola P\u00e9rez. <strong><u>1\u00ba Escolta:<\/u><\/strong> Daniela Alejandra Berm\u00fadez. <strong><u>2\u00ba Escolta:<\/u><\/strong> Natalia Mariela Quiroga.<\/p>\n<p><strong><u>Bandera Bonaerense:<\/u><\/strong><strong> <u>Abanderado:<\/u><\/strong> Enzo Nicol\u00e1s Petruzzi. <strong><u>1\u00ba Escolta:<\/u><\/strong> Denis Rojas V\u00e1zquez. <strong><u>2\u00ba Escolta:<\/u><\/strong> Jazm\u00edn Abigail Bilbao Rivarola.<\/p>\n<p><strong>\u00a0<\/strong><\/p>\n<p>Alocuciones de los Concejales:<\/p>\n<p>&nbsp;<\/p>\n<p>Concejal Marcela Gimenez:<\/p>\n<p>Hab\u00eda pensado algo m\u00e1s institucional y formal dado el rol, pero voy a hablar como me gusta hablar a m\u00ed cuando hablo con docentes, alumnos, familias y sobre todo referido a la educaci\u00f3n. Hoy es un d\u00eda que nos toca el coraz\u00f3n, porque hoy destacamos no solo el m\u00e9rito, sino tambi\u00e9n sus historias, su compromiso, su esfuerzo, los sue\u00f1os, lo que cada uno y cada una trae consigo. Y hoy tener ac\u00e1 a los abanderados, a las abanderadas, a los escoltas, nos hace pensar sobre todo de la Bandera Nacional, la Bandera Argentina, la Bandera Bonaerense, nos hace pensar la comunidad y el pueblo que queremos ser y a d\u00f3nde queremos ir. Porque la escuela es la construcci\u00f3n de un futuro posible, como derecho y como esperanza. Hoy tambi\u00e9n no solo distinguimos o destacamos a quienes est\u00e1n hoy aqu\u00ed presentes, sino a quienes d\u00eda a d\u00eda con su esfuerzo, con su dedicaci\u00f3n, con sus ganas de superarse, pueden sortear alguna dificultad. Aquellos que tienen ganas de seguir estudiando, aquellos que se esfuerzan aun cuando nadie los ve. Me quiero detener un momento en reconocer y distinguir la educaci\u00f3n para nuestros estudiantes adultos. Porque en ustedes (aplausos), porque ustedes traen toda la experiencia y todo el esfuerzo y adem\u00e1s traen consigo el trabajo, el sost\u00e9n de hogar, la crianza y adem\u00e1s las ganas de superarse y de seguir aprendiendo. Ustedes nos recuerdan que siempre hay una puerta para abrir, una oportunidad para darse, que siempre es bueno y se puede so\u00f1ar y escribir una nueva p\u00e1gina. Eso los hace enormes y la verdad que ustedes inspiran. Adem\u00e1s, quiero resaltar el acompa\u00f1amiento de las familias. A veces tan sencillo como tan simple el acompa\u00f1amiento silencioso, el reconocimiento, el compromiso, el poder dar un abrazo. Detr\u00e1s de cada logro hay un mate compartido, hay una frase que es imprescindible, hay un vos pod\u00e9s. Y eso cr\u00e9anme que es impagable. Hoy, abanderadas, abanderados, escoltas, quiero decirles que tomen este reconocimiento como una caricia al esfuerzo, pero no como un punto de llegada, sino como un punto de partida para seguir construyendo el distrito y el futuro que nos merecemos y que todos queremos. Gracias por recordarnos que en la educaci\u00f3n se comienza a escribir el futuro para todos y para todas. Muchas gracias, felicitaciones. (Aplausos)<\/p>\n<p>&nbsp;<\/p>\n<p>Concejal Susana Marcolini:<\/p>\n<p>En funci\u00f3n de ser breve, porque hace calor y hace mucho tiempo que est\u00e1n all\u00ed, adhiero absolutamente a todo lo que se ha dicho en manera personal y como parte de este Bloque pol\u00edtico que integramos Juntos, Juntos por el Cambio y creo representar a los dem\u00e1s en lo que se ha dicho. Enorme satisfacci\u00f3n estar aqu\u00ed, poder acompa\u00f1ar y distinguir estos sacrificios, pero sobre todo estos m\u00e9ritos que todos los que est\u00e1n aqu\u00ed distinguidos hoy han hecho y seguramente seguir\u00e1n haciendo. Lo han hecho por ustedes, lo han hecho por sus familias, lo han hecho por sus amigos, pero sobre todo lo han hecho porque ustedes, como nosotros, creen en el futuro y seguramente lo han hecho porque piensan ubicarse en un futuro mejor. Simplemente yo quer\u00eda decir algo que me parece que podemos reflexionar juntos. Miren, hoy estamos aplaudiendo el m\u00e9rito. F\u00edjense ustedes que cada vez que todos los abanderados y escoltas sacan a pasear el pabell\u00f3n, sea este Nacional, el Institucional o el de la Provincia de Buenos Aires, en realidad los adultos tendr\u00edamos que tener muy claro que lo que aplaudimos es precisamente la presencia de la bandera y en ese acontecimiento los m\u00e9ritos de quienes los portan se convierten en una enorme responsabilidad que indica hacer p\u00fablica la gloria, la gloria de la Bandera Nacional, de la Provincia, de la Instituci\u00f3n. Pues hoy ustedes ac\u00e1 est\u00e1n recibiendo los aplausos personales que los m\u00e9ritos de haber llegado a portar y escoltar las banderas les han permitido. Cuando los pap\u00e1s, los abuelos, los t\u00edos, los hermanos, los amigos, hoy los aplauden, todos nosotros los aplaudimos, estamos aplaudiendo lo que cada uno de ustedes hizo como m\u00e9rito. Hoy la bandera, hoy la bandera y ustedes y ustedes y la bandera, la bandera y ustedes y ustedes subsumidos a la gloria de la bandera, reciben los aplausos. Que as\u00ed sea y que sea con felicidad para todos. Muchas gracias. (Aplausos)<\/p>\n<p>&nbsp;<\/p>\n<p>HONORABLE CONCEJO DELIBERANTE.<\/p>\n<p><img loading=\"lazy\" decoding=\"async\" class=\"alignnone wp-image-90483 size-large\" src=\"https:\/\/www.celttv.com.ar\/wp-content\/uploads\/2025\/12\/WhatsApp-Image-2025-12-02-at-08.26.53-1024x682.jpeg\" alt=\"\" width=\"1024\" height=\"682\" srcset=\"https:\/\/www.celttv.com.ar\/wp-content\/uploads\/2025\/12\/WhatsApp-Image-2025-12-02-at-08.26.53-1024x682.jpeg 1024w, https:\/\/www.celttv.com.ar\/wp-content\/uploads\/2025\/12\/WhatsApp-Image-2025-12-02-at-08.26.53-300x200.jpeg 300w, https:\/\/www.celttv.com.ar\/wp-content\/uploads\/2025\/12\/WhatsApp-Image-2025-12-02-at-08.26.53-768x512.jpeg 768w, https:\/\/www.celttv.com.ar\/wp-content\/uploads\/2025\/12\/WhatsApp-Image-2025-12-02-at-08.26.53-1536x1023.jpeg 1536w, https:\/\/www.celttv.com.ar\/wp-content\/uploads\/2025\/12\/WhatsApp-Image-2025-12-02-at-08.26.53-750x500.jpeg 750w, https:\/\/www.celttv.com.ar\/wp-content\/uploads\/2025\/12\/WhatsApp-Image-2025-12-02-at-08.26.53-1140x760.jpeg 1140w, https:\/\/www.celttv.com.ar\/wp-content\/uploads\/2025\/12\/WhatsApp-Image-2025-12-02-at-08.26.53.jpeg 1600w\" sizes=\"auto, (max-width: 1024px) 100vw, 1024px\" \/> <img loading=\"lazy\" decoding=\"async\" class=\"alignnone wp-image-90484 size-large\" src=\"https:\/\/www.celttv.com.ar\/wp-content\/uploads\/2025\/12\/WhatsApp-Image-2025-12-02-at-08.26.54-1-1024x682.jpeg\" alt=\"\" width=\"1024\" height=\"682\" srcset=\"https:\/\/www.celttv.com.ar\/wp-content\/uploads\/2025\/12\/WhatsApp-Image-2025-12-02-at-08.26.54-1-1024x682.jpeg 1024w, https:\/\/www.celttv.com.ar\/wp-content\/uploads\/2025\/12\/WhatsApp-Image-2025-12-02-at-08.26.54-1-300x200.jpeg 300w, https:\/\/www.celttv.com.ar\/wp-content\/uploads\/2025\/12\/WhatsApp-Image-2025-12-02-at-08.26.54-1-768x512.jpeg 768w, https:\/\/www.celttv.com.ar\/wp-content\/uploads\/2025\/12\/WhatsApp-Image-2025-12-02-at-08.26.54-1-1536x1023.jpeg 1536w, https:\/\/www.celttv.com.ar\/wp-content\/uploads\/2025\/12\/WhatsApp-Image-2025-12-02-at-08.26.54-1-750x500.jpeg 750w, https:\/\/www.celttv.com.ar\/wp-content\/uploads\/2025\/12\/WhatsApp-Image-2025-12-02-at-08.26.54-1-1140x760.jpeg 1140w, https:\/\/www.celttv.com.ar\/wp-content\/uploads\/2025\/12\/WhatsApp-Image-2025-12-02-at-08.26.54-1.jpeg 1600w\" sizes=\"auto, (max-width: 1024px) 100vw, 1024px\" \/> <img loading=\"lazy\" decoding=\"async\" class=\"alignnone wp-image-90485 size-large\" src=\"https:\/\/www.celttv.com.ar\/wp-content\/uploads\/2025\/12\/WhatsApp-Image-2025-12-02-at-08.26.54-2-1024x682.jpeg\" alt=\"\" width=\"1024\" height=\"682\" srcset=\"https:\/\/www.celttv.com.ar\/wp-content\/uploads\/2025\/12\/WhatsApp-Image-2025-12-02-at-08.26.54-2-1024x682.jpeg 1024w, https:\/\/www.celttv.com.ar\/wp-content\/uploads\/2025\/12\/WhatsApp-Image-2025-12-02-at-08.26.54-2-300x200.jpeg 300w, https:\/\/www.celttv.com.ar\/wp-content\/uploads\/2025\/12\/WhatsApp-Image-2025-12-02-at-08.26.54-2-768x512.jpeg 768w, https:\/\/www.celttv.com.ar\/wp-content\/uploads\/2025\/12\/WhatsApp-Image-2025-12-02-at-08.26.54-2-1536x1023.jpeg 1536w, https:\/\/www.celttv.com.ar\/wp-content\/uploads\/2025\/12\/WhatsApp-Image-2025-12-02-at-08.26.54-2-750x500.jpeg 750w, https:\/\/www.celttv.com.ar\/wp-content\/uploads\/2025\/12\/WhatsApp-Image-2025-12-02-at-08.26.54-2-1140x760.jpeg 1140w, https:\/\/www.celttv.com.ar\/wp-content\/uploads\/2025\/12\/WhatsApp-Image-2025-12-02-at-08.26.54-2.jpeg 1600w\" sizes=\"auto, (max-width: 1024px) 100vw, 1024px\" \/> <img loading=\"lazy\" decoding=\"async\" class=\"alignnone wp-image-90486 size-large\" src=\"https:\/\/www.celttv.com.ar\/wp-content\/uploads\/2025\/12\/WhatsApp-Image-2025-12-02-at-08.26.54-1024x682.jpeg\" alt=\"\" width=\"1024\" height=\"682\" srcset=\"https:\/\/www.celttv.com.ar\/wp-content\/uploads\/2025\/12\/WhatsApp-Image-2025-12-02-at-08.26.54-1024x682.jpeg 1024w, https:\/\/www.celttv.com.ar\/wp-content\/uploads\/2025\/12\/WhatsApp-Image-2025-12-02-at-08.26.54-300x200.jpeg 300w, https:\/\/www.celttv.com.ar\/wp-content\/uploads\/2025\/12\/WhatsApp-Image-2025-12-02-at-08.26.54-768x512.jpeg 768w, https:\/\/www.celttv.com.ar\/wp-content\/uploads\/2025\/12\/WhatsApp-Image-2025-12-02-at-08.26.54-1536x1023.jpeg 1536w, https:\/\/www.celttv.com.ar\/wp-content\/uploads\/2025\/12\/WhatsApp-Image-2025-12-02-at-08.26.54-750x500.jpeg 750w, https:\/\/www.celttv.com.ar\/wp-content\/uploads\/2025\/12\/WhatsApp-Image-2025-12-02-at-08.26.54-1140x760.jpeg 1140w, https:\/\/www.celttv.com.ar\/wp-content\/uploads\/2025\/12\/WhatsApp-Image-2025-12-02-at-08.26.54.jpeg 1600w\" sizes=\"auto, (max-width: 1024px) 100vw, 1024px\" \/> <img loading=\"lazy\" decoding=\"async\" class=\"alignnone wp-image-90487 size-large\" src=\"https:\/\/www.celttv.com.ar\/wp-content\/uploads\/2025\/12\/WhatsApp-Image-2025-12-02-at-08.26.55-1-1024x682.jpeg\" alt=\"\" width=\"1024\" height=\"682\" srcset=\"https:\/\/www.celttv.com.ar\/wp-content\/uploads\/2025\/12\/WhatsApp-Image-2025-12-02-at-08.26.55-1-1024x682.jpeg 1024w, https:\/\/www.celttv.com.ar\/wp-content\/uploads\/2025\/12\/WhatsApp-Image-2025-12-02-at-08.26.55-1-300x200.jpeg 300w, https:\/\/www.celttv.com.ar\/wp-content\/uploads\/2025\/12\/WhatsApp-Image-2025-12-02-at-08.26.55-1-768x512.jpeg 768w, https:\/\/www.celttv.com.ar\/wp-content\/uploads\/2025\/12\/WhatsApp-Image-2025-12-02-at-08.26.55-1-1536x1023.jpeg 1536w, https:\/\/www.celttv.com.ar\/wp-content\/uploads\/2025\/12\/WhatsApp-Image-2025-12-02-at-08.26.55-1-750x500.jpeg 750w, https:\/\/www.celttv.com.ar\/wp-content\/uploads\/2025\/12\/WhatsApp-Image-2025-12-02-at-08.26.55-1-1140x760.jpeg 1140w, https:\/\/www.celttv.com.ar\/wp-content\/uploads\/2025\/12\/WhatsApp-Image-2025-12-02-at-08.26.55-1.jpeg 1600w\" sizes=\"auto, (max-width: 1024px) 100vw, 1024px\" \/> <img loading=\"lazy\" decoding=\"async\" class=\"alignnone wp-image-90488 size-large\" src=\"https:\/\/www.celttv.com.ar\/wp-content\/uploads\/2025\/12\/WhatsApp-Image-2025-12-02-at-08.26.55-2-1024x682.jpeg\" alt=\"\" width=\"1024\" height=\"682\" srcset=\"https:\/\/www.celttv.com.ar\/wp-content\/uploads\/2025\/12\/WhatsApp-Image-2025-12-02-at-08.26.55-2-1024x682.jpeg 1024w, https:\/\/www.celttv.com.ar\/wp-content\/uploads\/2025\/12\/WhatsApp-Image-2025-12-02-at-08.26.55-2-300x200.jpeg 300w, https:\/\/www.celttv.com.ar\/wp-content\/uploads\/2025\/12\/WhatsApp-Image-2025-12-02-at-08.26.55-2-768x512.jpeg 768w, https:\/\/www.celttv.com.ar\/wp-content\/uploads\/2025\/12\/WhatsApp-Image-2025-12-02-at-08.26.55-2-1536x1023.jpeg 1536w, https:\/\/www.celttv.com.ar\/wp-content\/uploads\/2025\/12\/WhatsApp-Image-2025-12-02-at-08.26.55-2-750x500.jpeg 750w, https:\/\/www.celttv.com.ar\/wp-content\/uploads\/2025\/12\/WhatsApp-Image-2025-12-02-at-08.26.55-2-1140x760.jpeg 1140w, https:\/\/www.celttv.com.ar\/wp-content\/uploads\/2025\/12\/WhatsApp-Image-2025-12-02-at-08.26.55-2.jpeg 1600w\" sizes=\"auto, (max-width: 1024px) 100vw, 1024px\" \/> <img loading=\"lazy\" decoding=\"async\" class=\"alignnone wp-image-90489 size-large\" src=\"https:\/\/www.celttv.com.ar\/wp-content\/uploads\/2025\/12\/WhatsApp-Image-2025-12-02-at-08.26.55-1024x682.jpeg\" alt=\"\" width=\"1024\" height=\"682\" srcset=\"https:\/\/www.celttv.com.ar\/wp-content\/uploads\/2025\/12\/WhatsApp-Image-2025-12-02-at-08.26.55-1024x682.jpeg 1024w, https:\/\/www.celttv.com.ar\/wp-content\/uploads\/2025\/12\/WhatsApp-Image-2025-12-02-at-08.26.55-300x200.jpeg 300w, https:\/\/www.celttv.com.ar\/wp-content\/uploads\/2025\/12\/WhatsApp-Image-2025-12-02-at-08.26.55-768x512.jpeg 768w, https:\/\/www.celttv.com.ar\/wp-content\/uploads\/2025\/12\/WhatsApp-Image-2025-12-02-at-08.26.55-1536x1023.jpeg 1536w, https:\/\/www.celttv.com.ar\/wp-content\/uploads\/2025\/12\/WhatsApp-Image-2025-12-02-at-08.26.55-750x500.jpeg 750w, https:\/\/www.celttv.com.ar\/wp-content\/uploads\/2025\/12\/WhatsApp-Image-2025-12-02-at-08.26.55-1140x760.jpeg 1140w, https:\/\/www.celttv.com.ar\/wp-content\/uploads\/2025\/12\/WhatsApp-Image-2025-12-02-at-08.26.55.jpeg 1600w\" sizes=\"auto, (max-width: 1024px) 100vw, 1024px\" \/> <img loading=\"lazy\" decoding=\"async\" class=\"alignnone wp-image-90490 size-large\" src=\"https:\/\/www.celttv.com.ar\/wp-content\/uploads\/2025\/12\/WhatsApp-Image-2025-12-02-at-08.26.56-1-1024x682.jpeg\" alt=\"\" width=\"1024\" height=\"682\" srcset=\"https:\/\/www.celttv.com.ar\/wp-content\/uploads\/2025\/12\/WhatsApp-Image-2025-12-02-at-08.26.56-1-1024x682.jpeg 1024w, https:\/\/www.celttv.com.ar\/wp-content\/uploads\/2025\/12\/WhatsApp-Image-2025-12-02-at-08.26.56-1-300x200.jpeg 300w, https:\/\/www.celttv.com.ar\/wp-content\/uploads\/2025\/12\/WhatsApp-Image-2025-12-02-at-08.26.56-1-768x512.jpeg 768w, https:\/\/www.celttv.com.ar\/wp-content\/uploads\/2025\/12\/WhatsApp-Image-2025-12-02-at-08.26.56-1-1536x1023.jpeg 1536w, https:\/\/www.celttv.com.ar\/wp-content\/uploads\/2025\/12\/WhatsApp-Image-2025-12-02-at-08.26.56-1-750x500.jpeg 750w, https:\/\/www.celttv.com.ar\/wp-content\/uploads\/2025\/12\/WhatsApp-Image-2025-12-02-at-08.26.56-1-1140x760.jpeg 1140w, https:\/\/www.celttv.com.ar\/wp-content\/uploads\/2025\/12\/WhatsApp-Image-2025-12-02-at-08.26.56-1.jpeg 1600w\" sizes=\"auto, (max-width: 1024px) 100vw, 1024px\" \/> <img loading=\"lazy\" decoding=\"async\" class=\"alignnone wp-image-90491 size-large\" src=\"https:\/\/www.celttv.com.ar\/wp-content\/uploads\/2025\/12\/WhatsApp-Image-2025-12-02-at-08.26.56-2-1024x682.jpeg\" alt=\"\" width=\"1024\" height=\"682\" srcset=\"https:\/\/www.celttv.com.ar\/wp-content\/uploads\/2025\/12\/WhatsApp-Image-2025-12-02-at-08.26.56-2-1024x682.jpeg 1024w, https:\/\/www.celttv.com.ar\/wp-content\/uploads\/2025\/12\/WhatsApp-Image-2025-12-02-at-08.26.56-2-300x200.jpeg 300w, https:\/\/www.celttv.com.ar\/wp-content\/uploads\/2025\/12\/WhatsApp-Image-2025-12-02-at-08.26.56-2-768x512.jpeg 768w, https:\/\/www.celttv.com.ar\/wp-content\/uploads\/2025\/12\/WhatsApp-Image-2025-12-02-at-08.26.56-2-1536x1023.jpeg 1536w, https:\/\/www.celttv.com.ar\/wp-content\/uploads\/2025\/12\/WhatsApp-Image-2025-12-02-at-08.26.56-2-750x500.jpeg 750w, https:\/\/www.celttv.com.ar\/wp-content\/uploads\/2025\/12\/WhatsApp-Image-2025-12-02-at-08.26.56-2-1140x760.jpeg 1140w, https:\/\/www.celttv.com.ar\/wp-content\/uploads\/2025\/12\/WhatsApp-Image-2025-12-02-at-08.26.56-2.jpeg 1600w\" sizes=\"auto, (max-width: 1024px) 100vw, 1024px\" \/> <img loading=\"lazy\" decoding=\"async\" class=\"alignnone wp-image-90492 size-large\" src=\"https:\/\/www.celttv.com.ar\/wp-content\/uploads\/2025\/12\/WhatsApp-Image-2025-12-02-at-08.26.56-1024x682.jpeg\" alt=\"\" width=\"1024\" height=\"682\" srcset=\"https:\/\/www.celttv.com.ar\/wp-content\/uploads\/2025\/12\/WhatsApp-Image-2025-12-02-at-08.26.56-1024x682.jpeg 1024w, https:\/\/www.celttv.com.ar\/wp-content\/uploads\/2025\/12\/WhatsApp-Image-2025-12-02-at-08.26.56-300x200.jpeg 300w, https:\/\/www.celttv.com.ar\/wp-content\/uploads\/2025\/12\/WhatsApp-Image-2025-12-02-at-08.26.56-768x512.jpeg 768w, https:\/\/www.celttv.com.ar\/wp-content\/uploads\/2025\/12\/WhatsApp-Image-2025-12-02-at-08.26.56-1536x1023.jpeg 1536w, https:\/\/www.celttv.com.ar\/wp-content\/uploads\/2025\/12\/WhatsApp-Image-2025-12-02-at-08.26.56-750x500.jpeg 750w, https:\/\/www.celttv.com.ar\/wp-content\/uploads\/2025\/12\/WhatsApp-Image-2025-12-02-at-08.26.56-1140x760.jpeg 1140w, https:\/\/www.celttv.com.ar\/wp-content\/uploads\/2025\/12\/WhatsApp-Image-2025-12-02-at-08.26.56.jpeg 1600w\" sizes=\"auto, (max-width: 1024px) 100vw, 1024px\" \/> <img loading=\"lazy\" decoding=\"async\" class=\"alignnone wp-image-90493 size-large\" src=\"https:\/\/www.celttv.com.ar\/wp-content\/uploads\/2025\/12\/WhatsApp-Image-2025-12-02-at-08.26.57-1-1024x682.jpeg\" alt=\"\" width=\"1024\" height=\"682\" srcset=\"https:\/\/www.celttv.com.ar\/wp-content\/uploads\/2025\/12\/WhatsApp-Image-2025-12-02-at-08.26.57-1-1024x682.jpeg 1024w, https:\/\/www.celttv.com.ar\/wp-content\/uploads\/2025\/12\/WhatsApp-Image-2025-12-02-at-08.26.57-1-300x200.jpeg 300w, https:\/\/www.celttv.com.ar\/wp-content\/uploads\/2025\/12\/WhatsApp-Image-2025-12-02-at-08.26.57-1-768x512.jpeg 768w, https:\/\/www.celttv.com.ar\/wp-content\/uploads\/2025\/12\/WhatsApp-Image-2025-12-02-at-08.26.57-1-1536x1023.jpeg 1536w, https:\/\/www.celttv.com.ar\/wp-content\/uploads\/2025\/12\/WhatsApp-Image-2025-12-02-at-08.26.57-1-750x500.jpeg 750w, https:\/\/www.celttv.com.ar\/wp-content\/uploads\/2025\/12\/WhatsApp-Image-2025-12-02-at-08.26.57-1-1140x760.jpeg 1140w, https:\/\/www.celttv.com.ar\/wp-content\/uploads\/2025\/12\/WhatsApp-Image-2025-12-02-at-08.26.57-1.jpeg 1600w\" sizes=\"auto, (max-width: 1024px) 100vw, 1024px\" \/> <img loading=\"lazy\" decoding=\"async\" class=\"alignnone wp-image-90494 size-large\" src=\"https:\/\/www.celttv.com.ar\/wp-content\/uploads\/2025\/12\/WhatsApp-Image-2025-12-02-at-08.26.57-1024x682.jpeg\" alt=\"\" width=\"1024\" height=\"682\" srcset=\"https:\/\/www.celttv.com.ar\/wp-content\/uploads\/2025\/12\/WhatsApp-Image-2025-12-02-at-08.26.57-1024x682.jpeg 1024w, https:\/\/www.celttv.com.ar\/wp-content\/uploads\/2025\/12\/WhatsApp-Image-2025-12-02-at-08.26.57-300x200.jpeg 300w, https:\/\/www.celttv.com.ar\/wp-content\/uploads\/2025\/12\/WhatsApp-Image-2025-12-02-at-08.26.57-768x512.jpeg 768w, https:\/\/www.celttv.com.ar\/wp-content\/uploads\/2025\/12\/WhatsApp-Image-2025-12-02-at-08.26.57-1536x1023.jpeg 1536w, https:\/\/www.celttv.com.ar\/wp-content\/uploads\/2025\/12\/WhatsApp-Image-2025-12-02-at-08.26.57-750x500.jpeg 750w, https:\/\/www.celttv.com.ar\/wp-content\/uploads\/2025\/12\/WhatsApp-Image-2025-12-02-at-08.26.57-1140x760.jpeg 1140w, https:\/\/www.celttv.com.ar\/wp-content\/uploads\/2025\/12\/WhatsApp-Image-2025-12-02-at-08.26.57.jpeg 1600w\" sizes=\"auto, (max-width: 1024px) 100vw, 1024px\" \/> <img loading=\"lazy\" decoding=\"async\" class=\"alignnone wp-image-90495 size-large\" src=\"https:\/\/www.celttv.com.ar\/wp-content\/uploads\/2025\/12\/WhatsApp-Image-2025-12-02-at-08.26.58-1024x682.jpeg\" alt=\"\" width=\"1024\" height=\"682\" srcset=\"https:\/\/www.celttv.com.ar\/wp-content\/uploads\/2025\/12\/WhatsApp-Image-2025-12-02-at-08.26.58-1024x682.jpeg 1024w, https:\/\/www.celttv.com.ar\/wp-content\/uploads\/2025\/12\/WhatsApp-Image-2025-12-02-at-08.26.58-300x200.jpeg 300w, https:\/\/www.celttv.com.ar\/wp-content\/uploads\/2025\/12\/WhatsApp-Image-2025-12-02-at-08.26.58-768x512.jpeg 768w, https:\/\/www.celttv.com.ar\/wp-content\/uploads\/2025\/12\/WhatsApp-Image-2025-12-02-at-08.26.58-1536x1023.jpeg 1536w, https:\/\/www.celttv.com.ar\/wp-content\/uploads\/2025\/12\/WhatsApp-Image-2025-12-02-at-08.26.58-750x500.jpeg 750w, https:\/\/www.celttv.com.ar\/wp-content\/uploads\/2025\/12\/WhatsApp-Image-2025-12-02-at-08.26.58-1140x760.jpeg 1140w, https:\/\/www.celttv.com.ar\/wp-content\/uploads\/2025\/12\/WhatsApp-Image-2025-12-02-at-08.26.58.jpeg 1600w\" sizes=\"auto, (max-width: 1024px) 100vw, 1024px\" \/> <img loading=\"lazy\" decoding=\"async\" class=\"alignnone wp-image-90496 size-large\" src=\"https:\/\/www.celttv.com.ar\/wp-content\/uploads\/2025\/12\/WhatsApp-Image-2025-12-02-at-08.26.59-1-1024x682.jpeg\" alt=\"\" width=\"1024\" height=\"682\" srcset=\"https:\/\/www.celttv.com.ar\/wp-content\/uploads\/2025\/12\/WhatsApp-Image-2025-12-02-at-08.26.59-1-1024x682.jpeg 1024w, https:\/\/www.celttv.com.ar\/wp-content\/uploads\/2025\/12\/WhatsApp-Image-2025-12-02-at-08.26.59-1-300x200.jpeg 300w, https:\/\/www.celttv.com.ar\/wp-content\/uploads\/2025\/12\/WhatsApp-Image-2025-12-02-at-08.26.59-1-768x512.jpeg 768w, https:\/\/www.celttv.com.ar\/wp-content\/uploads\/2025\/12\/WhatsApp-Image-2025-12-02-at-08.26.59-1-1536x1023.jpeg 1536w, https:\/\/www.celttv.com.ar\/wp-content\/uploads\/2025\/12\/WhatsApp-Image-2025-12-02-at-08.26.59-1-750x500.jpeg 750w, https:\/\/www.celttv.com.ar\/wp-content\/uploads\/2025\/12\/WhatsApp-Image-2025-12-02-at-08.26.59-1-1140x760.jpeg 1140w, https:\/\/www.celttv.com.ar\/wp-content\/uploads\/2025\/12\/WhatsApp-Image-2025-12-02-at-08.26.59-1.jpeg 1600w\" sizes=\"auto, (max-width: 1024px) 100vw, 1024px\" \/> <img loading=\"lazy\" decoding=\"async\" class=\"alignnone wp-image-90497 size-large\" src=\"https:\/\/www.celttv.com.ar\/wp-content\/uploads\/2025\/12\/WhatsApp-Image-2025-12-02-at-08.26.59-2-1024x682.jpeg\" alt=\"\" width=\"1024\" height=\"682\" srcset=\"https:\/\/www.celttv.com.ar\/wp-content\/uploads\/2025\/12\/WhatsApp-Image-2025-12-02-at-08.26.59-2-1024x682.jpeg 1024w, https:\/\/www.celttv.com.ar\/wp-content\/uploads\/2025\/12\/WhatsApp-Image-2025-12-02-at-08.26.59-2-300x200.jpeg 300w, https:\/\/www.celttv.com.ar\/wp-content\/uploads\/2025\/12\/WhatsApp-Image-2025-12-02-at-08.26.59-2-768x512.jpeg 768w, https:\/\/www.celttv.com.ar\/wp-content\/uploads\/2025\/12\/WhatsApp-Image-2025-12-02-at-08.26.59-2-1536x1023.jpeg 1536w, https:\/\/www.celttv.com.ar\/wp-content\/uploads\/2025\/12\/WhatsApp-Image-2025-12-02-at-08.26.59-2-750x500.jpeg 750w, https:\/\/www.celttv.com.ar\/wp-content\/uploads\/2025\/12\/WhatsApp-Image-2025-12-02-at-08.26.59-2-1140x760.jpeg 1140w, https:\/\/www.celttv.com.ar\/wp-content\/uploads\/2025\/12\/WhatsApp-Image-2025-12-02-at-08.26.59-2.jpeg 1600w\" sizes=\"auto, (max-width: 1024px) 100vw, 1024px\" \/> <img loading=\"lazy\" decoding=\"async\" class=\"alignnone wp-image-90498 size-large\" src=\"https:\/\/www.celttv.com.ar\/wp-content\/uploads\/2025\/12\/WhatsApp-Image-2025-12-02-at-08.26.59-1024x682.jpeg\" alt=\"\" width=\"1024\" height=\"682\" srcset=\"https:\/\/www.celttv.com.ar\/wp-content\/uploads\/2025\/12\/WhatsApp-Image-2025-12-02-at-08.26.59-1024x682.jpeg 1024w, https:\/\/www.celttv.com.ar\/wp-content\/uploads\/2025\/12\/WhatsApp-Image-2025-12-02-at-08.26.59-300x200.jpeg 300w, https:\/\/www.celttv.com.ar\/wp-content\/uploads\/2025\/12\/WhatsApp-Image-2025-12-02-at-08.26.59-768x512.jpeg 768w, https:\/\/www.celttv.com.ar\/wp-content\/uploads\/2025\/12\/WhatsApp-Image-2025-12-02-at-08.26.59-1536x1023.jpeg 1536w, https:\/\/www.celttv.com.ar\/wp-content\/uploads\/2025\/12\/WhatsApp-Image-2025-12-02-at-08.26.59-750x500.jpeg 750w, https:\/\/www.celttv.com.ar\/wp-content\/uploads\/2025\/12\/WhatsApp-Image-2025-12-02-at-08.26.59-1140x760.jpeg 1140w, https:\/\/www.celttv.com.ar\/wp-content\/uploads\/2025\/12\/WhatsApp-Image-2025-12-02-at-08.26.59.jpeg 1600w\" sizes=\"auto, (max-width: 1024px) 100vw, 1024px\" \/> <img loading=\"lazy\" decoding=\"async\" class=\"alignnone wp-image-90499 size-large\" src=\"https:\/\/www.celttv.com.ar\/wp-content\/uploads\/2025\/12\/WhatsApp-Image-2025-12-02-at-08.27.00-1024x682.jpeg\" alt=\"\" width=\"1024\" height=\"682\" srcset=\"https:\/\/www.celttv.com.ar\/wp-content\/uploads\/2025\/12\/WhatsApp-Image-2025-12-02-at-08.27.00-1024x682.jpeg 1024w, https:\/\/www.celttv.com.ar\/wp-content\/uploads\/2025\/12\/WhatsApp-Image-2025-12-02-at-08.27.00-300x200.jpeg 300w, https:\/\/www.celttv.com.ar\/wp-content\/uploads\/2025\/12\/WhatsApp-Image-2025-12-02-at-08.27.00-768x512.jpeg 768w, https:\/\/www.celttv.com.ar\/wp-content\/uploads\/2025\/12\/WhatsApp-Image-2025-12-02-at-08.27.00-1536x1023.jpeg 1536w, https:\/\/www.celttv.com.ar\/wp-content\/uploads\/2025\/12\/WhatsApp-Image-2025-12-02-at-08.27.00-750x500.jpeg 750w, https:\/\/www.celttv.com.ar\/wp-content\/uploads\/2025\/12\/WhatsApp-Image-2025-12-02-at-08.27.00-1140x760.jpeg 1140w, https:\/\/www.celttv.com.ar\/wp-content\/uploads\/2025\/12\/WhatsApp-Image-2025-12-02-at-08.27.00.jpeg 1600w\" sizes=\"auto, (max-width: 1024px) 100vw, 1024px\" \/> <img loading=\"lazy\" decoding=\"async\" class=\"alignnone wp-image-90500 size-large\" src=\"https:\/\/www.celttv.com.ar\/wp-content\/uploads\/2025\/12\/WhatsApp-Image-2025-12-02-at-08.27.01-1-1024x682.jpeg\" alt=\"\" width=\"1024\" height=\"682\" srcset=\"https:\/\/www.celttv.com.ar\/wp-content\/uploads\/2025\/12\/WhatsApp-Image-2025-12-02-at-08.27.01-1-1024x682.jpeg 1024w, https:\/\/www.celttv.com.ar\/wp-content\/uploads\/2025\/12\/WhatsApp-Image-2025-12-02-at-08.27.01-1-300x200.jpeg 300w, https:\/\/www.celttv.com.ar\/wp-content\/uploads\/2025\/12\/WhatsApp-Image-2025-12-02-at-08.27.01-1-768x512.jpeg 768w, https:\/\/www.celttv.com.ar\/wp-content\/uploads\/2025\/12\/WhatsApp-Image-2025-12-02-at-08.27.01-1-1536x1023.jpeg 1536w, https:\/\/www.celttv.com.ar\/wp-content\/uploads\/2025\/12\/WhatsApp-Image-2025-12-02-at-08.27.01-1-750x500.jpeg 750w, https:\/\/www.celttv.com.ar\/wp-content\/uploads\/2025\/12\/WhatsApp-Image-2025-12-02-at-08.27.01-1-1140x760.jpeg 1140w, https:\/\/www.celttv.com.ar\/wp-content\/uploads\/2025\/12\/WhatsApp-Image-2025-12-02-at-08.27.01-1.jpeg 1600w\" sizes=\"auto, (max-width: 1024px) 100vw, 1024px\" \/> <img loading=\"lazy\" decoding=\"async\" class=\"alignnone wp-image-90501 size-large\" src=\"https:\/\/www.celttv.com.ar\/wp-content\/uploads\/2025\/12\/WhatsApp-Image-2025-12-02-at-08.27.01-2-1024x682.jpeg\" alt=\"\" width=\"1024\" height=\"682\" srcset=\"https:\/\/www.celttv.com.ar\/wp-content\/uploads\/2025\/12\/WhatsApp-Image-2025-12-02-at-08.27.01-2-1024x682.jpeg 1024w, https:\/\/www.celttv.com.ar\/wp-content\/uploads\/2025\/12\/WhatsApp-Image-2025-12-02-at-08.27.01-2-300x200.jpeg 300w, https:\/\/www.celttv.com.ar\/wp-content\/uploads\/2025\/12\/WhatsApp-Image-2025-12-02-at-08.27.01-2-768x512.jpeg 768w, https:\/\/www.celttv.com.ar\/wp-content\/uploads\/2025\/12\/WhatsApp-Image-2025-12-02-at-08.27.01-2-1536x1023.jpeg 1536w, https:\/\/www.celttv.com.ar\/wp-content\/uploads\/2025\/12\/WhatsApp-Image-2025-12-02-at-08.27.01-2-750x500.jpeg 750w, https:\/\/www.celttv.com.ar\/wp-content\/uploads\/2025\/12\/WhatsApp-Image-2025-12-02-at-08.27.01-2-1140x760.jpeg 1140w, https:\/\/www.celttv.com.ar\/wp-content\/uploads\/2025\/12\/WhatsApp-Image-2025-12-02-at-08.27.01-2.jpeg 1600w\" sizes=\"auto, (max-width: 1024px) 100vw, 1024px\" \/> <img loading=\"lazy\" decoding=\"async\" class=\"alignnone wp-image-90502 size-large\" src=\"https:\/\/www.celttv.com.ar\/wp-content\/uploads\/2025\/12\/WhatsApp-Image-2025-12-02-at-08.27.01-1024x682.jpeg\" alt=\"\" width=\"1024\" height=\"682\" srcset=\"https:\/\/www.celttv.com.ar\/wp-content\/uploads\/2025\/12\/WhatsApp-Image-2025-12-02-at-08.27.01-1024x682.jpeg 1024w, https:\/\/www.celttv.com.ar\/wp-content\/uploads\/2025\/12\/WhatsApp-Image-2025-12-02-at-08.27.01-300x200.jpeg 300w, https:\/\/www.celttv.com.ar\/wp-content\/uploads\/2025\/12\/WhatsApp-Image-2025-12-02-at-08.27.01-768x512.jpeg 768w, https:\/\/www.celttv.com.ar\/wp-content\/uploads\/2025\/12\/WhatsApp-Image-2025-12-02-at-08.27.01-1536x1023.jpeg 1536w, https:\/\/www.celttv.com.ar\/wp-content\/uploads\/2025\/12\/WhatsApp-Image-2025-12-02-at-08.27.01-750x500.jpeg 750w, https:\/\/www.celttv.com.ar\/wp-content\/uploads\/2025\/12\/WhatsApp-Image-2025-12-02-at-08.27.01-1140x760.jpeg 1140w, https:\/\/www.celttv.com.ar\/wp-content\/uploads\/2025\/12\/WhatsApp-Image-2025-12-02-at-08.27.01.jpeg 1600w\" sizes=\"auto, (max-width: 1024px) 100vw, 1024px\" \/> <img loading=\"lazy\" decoding=\"async\" class=\"alignnone wp-image-90503 size-large\" src=\"https:\/\/www.celttv.com.ar\/wp-content\/uploads\/2025\/12\/WhatsApp-Image-2025-12-02-at-08.27.03-1-1024x682.jpeg\" alt=\"\" width=\"1024\" height=\"682\" srcset=\"https:\/\/www.celttv.com.ar\/wp-content\/uploads\/2025\/12\/WhatsApp-Image-2025-12-02-at-08.27.03-1-1024x682.jpeg 1024w, https:\/\/www.celttv.com.ar\/wp-content\/uploads\/2025\/12\/WhatsApp-Image-2025-12-02-at-08.27.03-1-300x200.jpeg 300w, https:\/\/www.celttv.com.ar\/wp-content\/uploads\/2025\/12\/WhatsApp-Image-2025-12-02-at-08.27.03-1-768x512.jpeg 768w, https:\/\/www.celttv.com.ar\/wp-content\/uploads\/2025\/12\/WhatsApp-Image-2025-12-02-at-08.27.03-1-1536x1023.jpeg 1536w, https:\/\/www.celttv.com.ar\/wp-content\/uploads\/2025\/12\/WhatsApp-Image-2025-12-02-at-08.27.03-1-750x500.jpeg 750w, https:\/\/www.celttv.com.ar\/wp-content\/uploads\/2025\/12\/WhatsApp-Image-2025-12-02-at-08.27.03-1-1140x760.jpeg 1140w, https:\/\/www.celttv.com.ar\/wp-content\/uploads\/2025\/12\/WhatsApp-Image-2025-12-02-at-08.27.03-1.jpeg 1600w\" sizes=\"auto, (max-width: 1024px) 100vw, 1024px\" \/> <img loading=\"lazy\" decoding=\"async\" class=\"alignnone wp-image-90504 size-large\" src=\"https:\/\/www.celttv.com.ar\/wp-content\/uploads\/2025\/12\/WhatsApp-Image-2025-12-02-at-08.27.03-2-1024x682.jpeg\" alt=\"\" width=\"1024\" height=\"682\" srcset=\"https:\/\/www.celttv.com.ar\/wp-content\/uploads\/2025\/12\/WhatsApp-Image-2025-12-02-at-08.27.03-2-1024x682.jpeg 1024w, https:\/\/www.celttv.com.ar\/wp-content\/uploads\/2025\/12\/WhatsApp-Image-2025-12-02-at-08.27.03-2-300x200.jpeg 300w, https:\/\/www.celttv.com.ar\/wp-content\/uploads\/2025\/12\/WhatsApp-Image-2025-12-02-at-08.27.03-2-768x512.jpeg 768w, https:\/\/www.celttv.com.ar\/wp-content\/uploads\/2025\/12\/WhatsApp-Image-2025-12-02-at-08.27.03-2-1536x1023.jpeg 1536w, https:\/\/www.celttv.com.ar\/wp-content\/uploads\/2025\/12\/WhatsApp-Image-2025-12-02-at-08.27.03-2-750x500.jpeg 750w, https:\/\/www.celttv.com.ar\/wp-content\/uploads\/2025\/12\/WhatsApp-Image-2025-12-02-at-08.27.03-2-1140x760.jpeg 1140w, https:\/\/www.celttv.com.ar\/wp-content\/uploads\/2025\/12\/WhatsApp-Image-2025-12-02-at-08.27.03-2.jpeg 1600w\" sizes=\"auto, (max-width: 1024px) 100vw, 1024px\" \/> <img loading=\"lazy\" decoding=\"async\" class=\"alignnone wp-image-90505 size-large\" src=\"https:\/\/www.celttv.com.ar\/wp-content\/uploads\/2025\/12\/WhatsApp-Image-2025-12-02-at-08.27.03-1024x682.jpeg\" alt=\"\" width=\"1024\" height=\"682\" srcset=\"https:\/\/www.celttv.com.ar\/wp-content\/uploads\/2025\/12\/WhatsApp-Image-2025-12-02-at-08.27.03-1024x682.jpeg 1024w, https:\/\/www.celttv.com.ar\/wp-content\/uploads\/2025\/12\/WhatsApp-Image-2025-12-02-at-08.27.03-300x200.jpeg 300w, https:\/\/www.celttv.com.ar\/wp-content\/uploads\/2025\/12\/WhatsApp-Image-2025-12-02-at-08.27.03-768x512.jpeg 768w, https:\/\/www.celttv.com.ar\/wp-content\/uploads\/2025\/12\/WhatsApp-Image-2025-12-02-at-08.27.03-1536x1023.jpeg 1536w, https:\/\/www.celttv.com.ar\/wp-content\/uploads\/2025\/12\/WhatsApp-Image-2025-12-02-at-08.27.03-750x500.jpeg 750w, https:\/\/www.celttv.com.ar\/wp-content\/uploads\/2025\/12\/WhatsApp-Image-2025-12-02-at-08.27.03-1140x760.jpeg 1140w, https:\/\/www.celttv.com.ar\/wp-content\/uploads\/2025\/12\/WhatsApp-Image-2025-12-02-at-08.27.03.jpeg 1600w\" sizes=\"auto, (max-width: 1024px) 100vw, 1024px\" \/> <img loading=\"lazy\" decoding=\"async\" class=\"alignnone wp-image-90506 size-large\" src=\"https:\/\/www.celttv.com.ar\/wp-content\/uploads\/2025\/12\/WhatsApp-Image-2025-12-02-at-08.27.04-1-1024x682.jpeg\" alt=\"\" width=\"1024\" height=\"682\" srcset=\"https:\/\/www.celttv.com.ar\/wp-content\/uploads\/2025\/12\/WhatsApp-Image-2025-12-02-at-08.27.04-1-1024x682.jpeg 1024w, https:\/\/www.celttv.com.ar\/wp-content\/uploads\/2025\/12\/WhatsApp-Image-2025-12-02-at-08.27.04-1-300x200.jpeg 300w, https:\/\/www.celttv.com.ar\/wp-content\/uploads\/2025\/12\/WhatsApp-Image-2025-12-02-at-08.27.04-1-768x512.jpeg 768w, https:\/\/www.celttv.com.ar\/wp-content\/uploads\/2025\/12\/WhatsApp-Image-2025-12-02-at-08.27.04-1-1536x1023.jpeg 1536w, https:\/\/www.celttv.com.ar\/wp-content\/uploads\/2025\/12\/WhatsApp-Image-2025-12-02-at-08.27.04-1-750x500.jpeg 750w, https:\/\/www.celttv.com.ar\/wp-content\/uploads\/2025\/12\/WhatsApp-Image-2025-12-02-at-08.27.04-1-1140x760.jpeg 1140w, https:\/\/www.celttv.com.ar\/wp-content\/uploads\/2025\/12\/WhatsApp-Image-2025-12-02-at-08.27.04-1.jpeg 1600w\" sizes=\"auto, (max-width: 1024px) 100vw, 1024px\" \/> <img loading=\"lazy\" decoding=\"async\" class=\"alignnone wp-image-90507 size-large\" src=\"https:\/\/www.celttv.com.ar\/wp-content\/uploads\/2025\/12\/WhatsApp-Image-2025-12-02-at-08.27.04-1024x682.jpeg\" alt=\"\" width=\"1024\" height=\"682\" srcset=\"https:\/\/www.celttv.com.ar\/wp-content\/uploads\/2025\/12\/WhatsApp-Image-2025-12-02-at-08.27.04-1024x682.jpeg 1024w, https:\/\/www.celttv.com.ar\/wp-content\/uploads\/2025\/12\/WhatsApp-Image-2025-12-02-at-08.27.04-300x200.jpeg 300w, https:\/\/www.celttv.com.ar\/wp-content\/uploads\/2025\/12\/WhatsApp-Image-2025-12-02-at-08.27.04-768x512.jpeg 768w, https:\/\/www.celttv.com.ar\/wp-content\/uploads\/2025\/12\/WhatsApp-Image-2025-12-02-at-08.27.04-1536x1023.jpeg 1536w, https:\/\/www.celttv.com.ar\/wp-content\/uploads\/2025\/12\/WhatsApp-Image-2025-12-02-at-08.27.04-750x500.jpeg 750w, https:\/\/www.celttv.com.ar\/wp-content\/uploads\/2025\/12\/WhatsApp-Image-2025-12-02-at-08.27.04-1140x760.jpeg 1140w, https:\/\/www.celttv.com.ar\/wp-content\/uploads\/2025\/12\/WhatsApp-Image-2025-12-02-at-08.27.04.jpeg 1600w\" sizes=\"auto, (max-width: 1024px) 100vw, 1024px\" \/> <img loading=\"lazy\" decoding=\"async\" class=\"alignnone wp-image-90508 size-large\" src=\"https:\/\/www.celttv.com.ar\/wp-content\/uploads\/2025\/12\/WhatsApp-Image-2025-12-02-at-08.27.05-1-1024x682.jpeg\" alt=\"\" width=\"1024\" height=\"682\" srcset=\"https:\/\/www.celttv.com.ar\/wp-content\/uploads\/2025\/12\/WhatsApp-Image-2025-12-02-at-08.27.05-1-1024x682.jpeg 1024w, https:\/\/www.celttv.com.ar\/wp-content\/uploads\/2025\/12\/WhatsApp-Image-2025-12-02-at-08.27.05-1-300x200.jpeg 300w, https:\/\/www.celttv.com.ar\/wp-content\/uploads\/2025\/12\/WhatsApp-Image-2025-12-02-at-08.27.05-1-768x512.jpeg 768w, https:\/\/www.celttv.com.ar\/wp-content\/uploads\/2025\/12\/WhatsApp-Image-2025-12-02-at-08.27.05-1-1536x1023.jpeg 1536w, https:\/\/www.celttv.com.ar\/wp-content\/uploads\/2025\/12\/WhatsApp-Image-2025-12-02-at-08.27.05-1-750x500.jpeg 750w, https:\/\/www.celttv.com.ar\/wp-content\/uploads\/2025\/12\/WhatsApp-Image-2025-12-02-at-08.27.05-1-1140x760.jpeg 1140w, https:\/\/www.celttv.com.ar\/wp-content\/uploads\/2025\/12\/WhatsApp-Image-2025-12-02-at-08.27.05-1.jpeg 1600w\" sizes=\"auto, (max-width: 1024px) 100vw, 1024px\" \/> <img loading=\"lazy\" decoding=\"async\" class=\"alignnone wp-image-90509 size-large\" src=\"https:\/\/www.celttv.com.ar\/wp-content\/uploads\/2025\/12\/WhatsApp-Image-2025-12-02-at-08.27.05-1024x682.jpeg\" alt=\"\" width=\"1024\" height=\"682\" srcset=\"https:\/\/www.celttv.com.ar\/wp-content\/uploads\/2025\/12\/WhatsApp-Image-2025-12-02-at-08.27.05-1024x682.jpeg 1024w, https:\/\/www.celttv.com.ar\/wp-content\/uploads\/2025\/12\/WhatsApp-Image-2025-12-02-at-08.27.05-300x200.jpeg 300w, https:\/\/www.celttv.com.ar\/wp-content\/uploads\/2025\/12\/WhatsApp-Image-2025-12-02-at-08.27.05-768x512.jpeg 768w, https:\/\/www.celttv.com.ar\/wp-content\/uploads\/2025\/12\/WhatsApp-Image-2025-12-02-at-08.27.05-1536x1023.jpeg 1536w, https:\/\/www.celttv.com.ar\/wp-content\/uploads\/2025\/12\/WhatsApp-Image-2025-12-02-at-08.27.05-750x500.jpeg 750w, https:\/\/www.celttv.com.ar\/wp-content\/uploads\/2025\/12\/WhatsApp-Image-2025-12-02-at-08.27.05-1140x760.jpeg 1140w, https:\/\/www.celttv.com.ar\/wp-content\/uploads\/2025\/12\/WhatsApp-Image-2025-12-02-at-08.27.05.jpeg 1600w\" sizes=\"auto, (max-width: 1024px) 100vw, 1024px\" \/> <img loading=\"lazy\" decoding=\"async\" class=\"alignnone wp-image-90510 size-large\" src=\"https:\/\/www.celttv.com.ar\/wp-content\/uploads\/2025\/12\/WhatsApp-Image-2025-12-02-at-08.27.06-1-1024x682.jpeg\" alt=\"\" width=\"1024\" height=\"682\" srcset=\"https:\/\/www.celttv.com.ar\/wp-content\/uploads\/2025\/12\/WhatsApp-Image-2025-12-02-at-08.27.06-1-1024x682.jpeg 1024w, https:\/\/www.celttv.com.ar\/wp-content\/uploads\/2025\/12\/WhatsApp-Image-2025-12-02-at-08.27.06-1-300x200.jpeg 300w, https:\/\/www.celttv.com.ar\/wp-content\/uploads\/2025\/12\/WhatsApp-Image-2025-12-02-at-08.27.06-1-768x512.jpeg 768w, https:\/\/www.celttv.com.ar\/wp-content\/uploads\/2025\/12\/WhatsApp-Image-2025-12-02-at-08.27.06-1-1536x1023.jpeg 1536w, https:\/\/www.celttv.com.ar\/wp-content\/uploads\/2025\/12\/WhatsApp-Image-2025-12-02-at-08.27.06-1-750x500.jpeg 750w, https:\/\/www.celttv.com.ar\/wp-content\/uploads\/2025\/12\/WhatsApp-Image-2025-12-02-at-08.27.06-1-1140x760.jpeg 1140w, https:\/\/www.celttv.com.ar\/wp-content\/uploads\/2025\/12\/WhatsApp-Image-2025-12-02-at-08.27.06-1.jpeg 1600w\" sizes=\"auto, (max-width: 1024px) 100vw, 1024px\" \/> <img loading=\"lazy\" decoding=\"async\" class=\"alignnone wp-image-90511 size-large\" src=\"https:\/\/www.celttv.com.ar\/wp-content\/uploads\/2025\/12\/WhatsApp-Image-2025-12-02-at-08.27.06-1024x682.jpeg\" alt=\"\" width=\"1024\" height=\"682\" srcset=\"https:\/\/www.celttv.com.ar\/wp-content\/uploads\/2025\/12\/WhatsApp-Image-2025-12-02-at-08.27.06-1024x682.jpeg 1024w, https:\/\/www.celttv.com.ar\/wp-content\/uploads\/2025\/12\/WhatsApp-Image-2025-12-02-at-08.27.06-300x200.jpeg 300w, https:\/\/www.celttv.com.ar\/wp-content\/uploads\/2025\/12\/WhatsApp-Image-2025-12-02-at-08.27.06-768x512.jpeg 768w, https:\/\/www.celttv.com.ar\/wp-content\/uploads\/2025\/12\/WhatsApp-Image-2025-12-02-at-08.27.06-1536x1023.jpeg 1536w, https:\/\/www.celttv.com.ar\/wp-content\/uploads\/2025\/12\/WhatsApp-Image-2025-12-02-at-08.27.06-750x500.jpeg 750w, https:\/\/www.celttv.com.ar\/wp-content\/uploads\/2025\/12\/WhatsApp-Image-2025-12-02-at-08.27.06-1140x760.jpeg 1140w, https:\/\/www.celttv.com.ar\/wp-content\/uploads\/2025\/12\/WhatsApp-Image-2025-12-02-at-08.27.06.jpeg 1600w\" sizes=\"auto, (max-width: 1024px) 100vw, 1024px\" \/><\/p>\n<p><iframe loading=\"lazy\" title=\"2025 12 01 RECONOCIMIENTO A ABANDERADOS 1 LECTURA\" width=\"500\" height=\"281\" src=\"https:\/\/www.youtube.com\/embed\/7QQdTc3VpxM?feature=oembed\" frameborder=\"0\" allow=\"accelerometer; autoplay; clipboard-write; encrypted-media; gyroscope; picture-in-picture; web-share\" referrerpolicy=\"strict-origin-when-cross-origin\" allowfullscreen><\/iframe><\/p>\n<p><iframe loading=\"lazy\" title=\"2025 12 01 RECONOCIMIENTO A ABANDERADOS 2 RECONOCIMIENTOS\" width=\"500\" height=\"281\" src=\"https:\/\/www.youtube.com\/embed\/M3opkyVhGsY?feature=oembed\" frameborder=\"0\" allow=\"accelerometer; autoplay; clipboard-write; encrypted-media; gyroscope; picture-in-picture; web-share\" referrerpolicy=\"strict-origin-when-cross-origin\" allowfullscreen><\/iframe><\/p>\n","protected":false},"excerpt":{"rendered":"<p>28\u00a0 DE NOVIEMBRE- SESION EXTRAORDINARIA DE ENTREGA DE DIPLOMAS A ABANDERADOS Y ESCOLTAS\u00a0 DEL DISTRITO 2025- TORNQUIST \u00a0 El viernes 28 de noviembre a partir de las 19 hs. aproximadamente, se realiz\u00f3 la Sesi\u00f3n Extraordinaria de entrega de Diplomas a Abanderados y Escoltas de las Escuelas del Distrito de Tornquist, convocadas por el Decreto N\u00ba [&hellip;]<\/p>\n","protected":false},"author":5,"featured_media":90510,"comment_status":"closed","ping_status":"closed","sticky":false,"template":"","format":"standard","meta":{"footnotes":""},"categories":[59],"tags":[],"class_list":["post-90482","post","type-post","status-publish","format-standard","has-post-thumbnail","hentry","category-municipales"],"yoast_head":"<!-- This site is optimized with the Yoast SEO plugin v19.7.1 - https:\/\/yoast.com\/wordpress\/plugins\/seo\/ -->\n<title>SESION EXTRAORDINARIA DE ENTREGA DE DIPLOMAS A ABANDERADOS Y ESCOLTAS\u00a0 DEL DISTRITO 2025- TORNQUIST - CELTTV<\/title>\n<meta name=\"description\" content=\"Sitio web de noticias de la localidad de Tornquist, provincia de Buenos Aires, Rep\u00fablica Argentina. Contenido propio originado por periodistas de CELTTV, el canal de TV local de la Cooperativa El\u00e9ctrica de Tornquist. Turismo, Pol\u00edtica, Sociedad, Deporte, Cultura y todo el contenido de inter\u00e9s general que la gente del pueblo y la regi\u00f3n debe conocer.\" \/>\n<meta name=\"robots\" content=\"index, follow, max-snippet:-1, max-image-preview:large, max-video-preview:-1\" \/>\n<link rel=\"canonical\" href=\"https:\/\/www.celttv.com.ar\/index.php\/2025\/12\/02\/90482\/\" \/>\n<meta property=\"og:locale\" content=\"es_ES\" \/>\n<meta property=\"og:type\" content=\"article\" \/>\n<meta property=\"og:title\" content=\"SESION EXTRAORDINARIA DE ENTREGA DE DIPLOMAS A ABANDERADOS Y ESCOLTAS\u00a0 DEL DISTRITO 2025- TORNQUIST - CELTTV\" \/>\n<meta property=\"og:description\" content=\"Sitio web de noticias de la localidad de Tornquist, provincia de Buenos Aires, Rep\u00fablica Argentina. Contenido propio originado por periodistas de CELTTV, el canal de TV local de la Cooperativa El\u00e9ctrica de Tornquist. Turismo, Pol\u00edtica, Sociedad, Deporte, Cultura y todo el contenido de inter\u00e9s general que la gente del pueblo y la regi\u00f3n debe conocer.\" \/>\n<meta property=\"og:url\" content=\"https:\/\/www.celttv.com.ar\/index.php\/2025\/12\/02\/90482\/\" \/>\n<meta property=\"og:site_name\" content=\"CELTTV\" \/>\n<meta property=\"article:publisher\" content=\"https:\/\/www.facebook.com\/celtTV\/\" \/>\n<meta property=\"article:published_time\" content=\"2025-12-02T20:52:57+00:00\" \/>\n<meta property=\"article:modified_time\" content=\"2025-12-02T20:53:35+00:00\" \/>\n<meta property=\"og:image\" content=\"https:\/\/www.celttv.com.ar\/wp-content\/uploads\/2025\/12\/WhatsApp-Image-2025-12-02-at-08.27.06-1.jpeg\" \/>\n\t<meta property=\"og:image:width\" content=\"1600\" \/>\n\t<meta property=\"og:image:height\" content=\"1066\" \/>\n\t<meta property=\"og:image:type\" content=\"image\/jpeg\" \/>\n<meta name=\"author\" content=\"Miguel Herrada\" \/>\n<meta name=\"twitter:card\" content=\"summary_large_image\" \/>\n<meta name=\"twitter:label1\" content=\"Escrito por\" \/>\n\t<meta name=\"twitter:data1\" content=\"Miguel Herrada\" \/>\n\t<meta name=\"twitter:label2\" content=\"Tiempo de lectura\" \/>\n\t<meta name=\"twitter:data2\" content=\"12 minutos\" \/>\n<script type=\"application\/ld+json\" class=\"yoast-schema-graph\">{\"@context\":\"https:\/\/schema.org\",\"@graph\":[{\"@type\":\"NewsArticle\",\"@id\":\"https:\/\/www.celttv.com.ar\/index.php\/2025\/12\/02\/90482\/#article\",\"isPartOf\":{\"@id\":\"https:\/\/www.celttv.com.ar\/index.php\/2025\/12\/02\/90482\/\"},\"author\":{\"name\":\"Miguel Herrada\",\"@id\":\"https:\/\/www.celttv.com.ar\/#\/schema\/person\/9059dc91dc7204ef4182cdb65225f07d\"},\"headline\":\"SESION EXTRAORDINARIA DE ENTREGA DE DIPLOMAS A ABANDERADOS Y ESCOLTAS\u00a0 DEL DISTRITO 2025- TORNQUIST\",\"datePublished\":\"2025-12-02T20:52:57+00:00\",\"dateModified\":\"2025-12-02T20:53:35+00:00\",\"mainEntityOfPage\":{\"@id\":\"https:\/\/www.celttv.com.ar\/index.php\/2025\/12\/02\/90482\/\"},\"wordCount\":2337,\"publisher\":{\"@id\":\"https:\/\/www.celttv.com.ar\/#organization\"},\"articleSection\":[\"Municipales\"],\"inLanguage\":\"es\"},{\"@type\":\"WebPage\",\"@id\":\"https:\/\/www.celttv.com.ar\/index.php\/2025\/12\/02\/90482\/\",\"url\":\"https:\/\/www.celttv.com.ar\/index.php\/2025\/12\/02\/90482\/\",\"name\":\"SESION EXTRAORDINARIA DE ENTREGA DE DIPLOMAS A ABANDERADOS Y ESCOLTAS\u00a0 DEL DISTRITO 2025- TORNQUIST - CELTTV\",\"isPartOf\":{\"@id\":\"https:\/\/www.celttv.com.ar\/#website\"},\"datePublished\":\"2025-12-02T20:52:57+00:00\",\"dateModified\":\"2025-12-02T20:53:35+00:00\",\"description\":\"Sitio web de noticias de la localidad de Tornquist, provincia de Buenos Aires, Rep\u00fablica Argentina. Contenido propio originado por periodistas de CELTTV, el canal de TV local de la Cooperativa El\u00e9ctrica de Tornquist. Turismo, Pol\u00edtica, Sociedad, Deporte, Cultura y todo el contenido de inter\u00e9s general que la gente del pueblo y la regi\u00f3n debe conocer.\",\"breadcrumb\":{\"@id\":\"https:\/\/www.celttv.com.ar\/index.php\/2025\/12\/02\/90482\/#breadcrumb\"},\"inLanguage\":\"es\",\"potentialAction\":[{\"@type\":\"ReadAction\",\"target\":[\"https:\/\/www.celttv.com.ar\/index.php\/2025\/12\/02\/90482\/\"]}]},{\"@type\":\"BreadcrumbList\",\"@id\":\"https:\/\/www.celttv.com.ar\/index.php\/2025\/12\/02\/90482\/#breadcrumb\",\"itemListElement\":[{\"@type\":\"ListItem\",\"position\":1,\"name\":\"Inicio\",\"item\":\"https:\/\/www.celttv.com.ar\/\"},{\"@type\":\"ListItem\",\"position\":2,\"name\":\"SESION EXTRAORDINARIA DE ENTREGA DE DIPLOMAS A ABANDERADOS Y ESCOLTAS\u00a0 DEL DISTRITO 2025- TORNQUIST\"}]},{\"@type\":\"WebSite\",\"@id\":\"https:\/\/www.celttv.com.ar\/#website\",\"url\":\"https:\/\/www.celttv.com.ar\/\",\"name\":\"CELTTV\",\"description\":\"Cooperativa El\u00e9ctrica de Tornquist\",\"publisher\":{\"@id\":\"https:\/\/www.celttv.com.ar\/#organization\"},\"potentialAction\":[{\"@type\":\"SearchAction\",\"target\":{\"@type\":\"EntryPoint\",\"urlTemplate\":\"https:\/\/www.celttv.com.ar\/?s={search_term_string}\"},\"query-input\":\"required name=search_term_string\"}],\"inLanguage\":\"es\"},{\"@type\":\"Organization\",\"@id\":\"https:\/\/www.celttv.com.ar\/#organization\",\"name\":\"CELTTV\",\"url\":\"https:\/\/www.celttv.com.ar\/\",\"sameAs\":[\"https:\/\/www.youtube.com\/channel\/UCz_oIt8Hig64Ub-EmcNPIhg\",\"https:\/\/www.facebook.com\/celtTV\/\"],\"logo\":{\"@type\":\"ImageObject\",\"inLanguage\":\"es\",\"@id\":\"https:\/\/www.celttv.com.ar\/#\/schema\/logo\/image\/\",\"url\":\"http:\/\/www.celttv.com.ar\/wp-content\/uploads\/2022\/08\/logo-1.png\",\"contentUrl\":\"http:\/\/www.celttv.com.ar\/wp-content\/uploads\/2022\/08\/logo-1.png\",\"width\":461,\"height\":159,\"caption\":\"CELTTV\"},\"image\":{\"@id\":\"https:\/\/www.celttv.com.ar\/#\/schema\/logo\/image\/\"}},{\"@type\":\"Person\",\"@id\":\"https:\/\/www.celttv.com.ar\/#\/schema\/person\/9059dc91dc7204ef4182cdb65225f07d\",\"name\":\"Miguel Herrada\",\"image\":{\"@type\":\"ImageObject\",\"inLanguage\":\"es\",\"@id\":\"https:\/\/www.celttv.com.ar\/#\/schema\/person\/image\/\",\"url\":\"https:\/\/secure.gravatar.com\/avatar\/67724d5b3c716623ffd76bec7e45841a442ac3b456e914dbba90b0fad2b8e0b1?s=96&d=mm&r=g\",\"contentUrl\":\"https:\/\/secure.gravatar.com\/avatar\/67724d5b3c716623ffd76bec7e45841a442ac3b456e914dbba90b0fad2b8e0b1?s=96&d=mm&r=g\",\"caption\":\"Miguel Herrada\"}}]}<\/script>\n<!-- \/ Yoast SEO plugin. -->","yoast_head_json":{"title":"SESION EXTRAORDINARIA DE ENTREGA DE DIPLOMAS A ABANDERADOS Y ESCOLTAS\u00a0 DEL DISTRITO 2025- TORNQUIST - CELTTV","description":"Sitio web de noticias de la localidad de Tornquist, provincia de Buenos Aires, Rep\u00fablica Argentina. Contenido propio originado por periodistas de CELTTV, el canal de TV local de la Cooperativa El\u00e9ctrica de Tornquist. Turismo, Pol\u00edtica, Sociedad, Deporte, Cultura y todo el contenido de inter\u00e9s general que la gente del pueblo y la regi\u00f3n debe conocer.","robots":{"index":"index","follow":"follow","max-snippet":"max-snippet:-1","max-image-preview":"max-image-preview:large","max-video-preview":"max-video-preview:-1"},"canonical":"https:\/\/www.celttv.com.ar\/index.php\/2025\/12\/02\/90482\/","og_locale":"es_ES","og_type":"article","og_title":"SESION EXTRAORDINARIA DE ENTREGA DE DIPLOMAS A ABANDERADOS Y ESCOLTAS\u00a0 DEL DISTRITO 2025- TORNQUIST - CELTTV","og_description":"Sitio web de noticias de la localidad de Tornquist, provincia de Buenos Aires, Rep\u00fablica Argentina. Contenido propio originado por periodistas de CELTTV, el canal de TV local de la Cooperativa El\u00e9ctrica de Tornquist. Turismo, Pol\u00edtica, Sociedad, Deporte, Cultura y todo el contenido de inter\u00e9s general que la gente del pueblo y la regi\u00f3n debe conocer.","og_url":"https:\/\/www.celttv.com.ar\/index.php\/2025\/12\/02\/90482\/","og_site_name":"CELTTV","article_publisher":"https:\/\/www.facebook.com\/celtTV\/","article_published_time":"2025-12-02T20:52:57+00:00","article_modified_time":"2025-12-02T20:53:35+00:00","og_image":[{"width":1600,"height":1066,"url":"https:\/\/www.celttv.com.ar\/wp-content\/uploads\/2025\/12\/WhatsApp-Image-2025-12-02-at-08.27.06-1.jpeg","type":"image\/jpeg"}],"author":"Miguel Herrada","twitter_card":"summary_large_image","twitter_misc":{"Escrito por":"Miguel Herrada","Tiempo de lectura":"12 minutos"},"schema":{"@context":"https:\/\/schema.org","@graph":[{"@type":"NewsArticle","@id":"https:\/\/www.celttv.com.ar\/index.php\/2025\/12\/02\/90482\/#article","isPartOf":{"@id":"https:\/\/www.celttv.com.ar\/index.php\/2025\/12\/02\/90482\/"},"author":{"name":"Miguel Herrada","@id":"https:\/\/www.celttv.com.ar\/#\/schema\/person\/9059dc91dc7204ef4182cdb65225f07d"},"headline":"SESION EXTRAORDINARIA DE ENTREGA DE DIPLOMAS A ABANDERADOS Y ESCOLTAS\u00a0 DEL DISTRITO 2025- TORNQUIST","datePublished":"2025-12-02T20:52:57+00:00","dateModified":"2025-12-02T20:53:35+00:00","mainEntityOfPage":{"@id":"https:\/\/www.celttv.com.ar\/index.php\/2025\/12\/02\/90482\/"},"wordCount":2337,"publisher":{"@id":"https:\/\/www.celttv.com.ar\/#organization"},"articleSection":["Municipales"],"inLanguage":"es"},{"@type":"WebPage","@id":"https:\/\/www.celttv.com.ar\/index.php\/2025\/12\/02\/90482\/","url":"https:\/\/www.celttv.com.ar\/index.php\/2025\/12\/02\/90482\/","name":"SESION EXTRAORDINARIA DE ENTREGA DE DIPLOMAS A ABANDERADOS Y ESCOLTAS\u00a0 DEL DISTRITO 2025- TORNQUIST - CELTTV","isPartOf":{"@id":"https:\/\/www.celttv.com.ar\/#website"},"datePublished":"2025-12-02T20:52:57+00:00","dateModified":"2025-12-02T20:53:35+00:00","description":"Sitio web de noticias de la localidad de Tornquist, provincia de Buenos Aires, Rep\u00fablica Argentina. Contenido propio originado por periodistas de CELTTV, el canal de TV local de la Cooperativa El\u00e9ctrica de Tornquist. Turismo, Pol\u00edtica, Sociedad, Deporte, Cultura y todo el contenido de inter\u00e9s general que la gente del pueblo y la regi\u00f3n debe conocer.","breadcrumb":{"@id":"https:\/\/www.celttv.com.ar\/index.php\/2025\/12\/02\/90482\/#breadcrumb"},"inLanguage":"es","potentialAction":[{"@type":"ReadAction","target":["https:\/\/www.celttv.com.ar\/index.php\/2025\/12\/02\/90482\/"]}]},{"@type":"BreadcrumbList","@id":"https:\/\/www.celttv.com.ar\/index.php\/2025\/12\/02\/90482\/#breadcrumb","itemListElement":[{"@type":"ListItem","position":1,"name":"Inicio","item":"https:\/\/www.celttv.com.ar\/"},{"@type":"ListItem","position":2,"name":"SESION EXTRAORDINARIA DE ENTREGA DE DIPLOMAS A ABANDERADOS Y ESCOLTAS\u00a0 DEL DISTRITO 2025- TORNQUIST"}]},{"@type":"WebSite","@id":"https:\/\/www.celttv.com.ar\/#website","url":"https:\/\/www.celttv.com.ar\/","name":"CELTTV","description":"Cooperativa El\u00e9ctrica de Tornquist","publisher":{"@id":"https:\/\/www.celttv.com.ar\/#organization"},"potentialAction":[{"@type":"SearchAction","target":{"@type":"EntryPoint","urlTemplate":"https:\/\/www.celttv.com.ar\/?s={search_term_string}"},"query-input":"required name=search_term_string"}],"inLanguage":"es"},{"@type":"Organization","@id":"https:\/\/www.celttv.com.ar\/#organization","name":"CELTTV","url":"https:\/\/www.celttv.com.ar\/","sameAs":["https:\/\/www.youtube.com\/channel\/UCz_oIt8Hig64Ub-EmcNPIhg","https:\/\/www.facebook.com\/celtTV\/"],"logo":{"@type":"ImageObject","inLanguage":"es","@id":"https:\/\/www.celttv.com.ar\/#\/schema\/logo\/image\/","url":"http:\/\/www.celttv.com.ar\/wp-content\/uploads\/2022\/08\/logo-1.png","contentUrl":"http:\/\/www.celttv.com.ar\/wp-content\/uploads\/2022\/08\/logo-1.png","width":461,"height":159,"caption":"CELTTV"},"image":{"@id":"https:\/\/www.celttv.com.ar\/#\/schema\/logo\/image\/"}},{"@type":"Person","@id":"https:\/\/www.celttv.com.ar\/#\/schema\/person\/9059dc91dc7204ef4182cdb65225f07d","name":"Miguel Herrada","image":{"@type":"ImageObject","inLanguage":"es","@id":"https:\/\/www.celttv.com.ar\/#\/schema\/person\/image\/","url":"https:\/\/secure.gravatar.com\/avatar\/67724d5b3c716623ffd76bec7e45841a442ac3b456e914dbba90b0fad2b8e0b1?s=96&d=mm&r=g","contentUrl":"https:\/\/secure.gravatar.com\/avatar\/67724d5b3c716623ffd76bec7e45841a442ac3b456e914dbba90b0fad2b8e0b1?s=96&d=mm&r=g","caption":"Miguel Herrada"}}]}},"_links":{"self":[{"href":"https:\/\/www.celttv.com.ar\/index.php\/wp-json\/wp\/v2\/posts\/90482","targetHints":{"allow":["GET"]}}],"collection":[{"href":"https:\/\/www.celttv.com.ar\/index.php\/wp-json\/wp\/v2\/posts"}],"about":[{"href":"https:\/\/www.celttv.com.ar\/index.php\/wp-json\/wp\/v2\/types\/post"}],"author":[{"embeddable":true,"href":"https:\/\/www.celttv.com.ar\/index.php\/wp-json\/wp\/v2\/users\/5"}],"replies":[{"embeddable":true,"href":"https:\/\/www.celttv.com.ar\/index.php\/wp-json\/wp\/v2\/comments?post=90482"}],"version-history":[{"count":2,"href":"https:\/\/www.celttv.com.ar\/index.php\/wp-json\/wp\/v2\/posts\/90482\/revisions"}],"predecessor-version":[{"id":90513,"href":"https:\/\/www.celttv.com.ar\/index.php\/wp-json\/wp\/v2\/posts\/90482\/revisions\/90513"}],"wp:featuredmedia":[{"embeddable":true,"href":"https:\/\/www.celttv.com.ar\/index.php\/wp-json\/wp\/v2\/media\/90510"}],"wp:attachment":[{"href":"https:\/\/www.celttv.com.ar\/index.php\/wp-json\/wp\/v2\/media?parent=90482"}],"wp:term":[{"taxonomy":"category","embeddable":true,"href":"https:\/\/www.celttv.com.ar\/index.php\/wp-json\/wp\/v2\/categories?post=90482"},{"taxonomy":"post_tag","embeddable":true,"href":"https:\/\/www.celttv.com.ar\/index.php\/wp-json\/wp\/v2\/tags?post=90482"}],"curies":[{"name":"wp","href":"https:\/\/api.w.org\/{rel}","templated":true}]}}