{"id":90514,"date":"2025-12-02T20:08:45","date_gmt":"2025-12-02T23:08:45","guid":{"rendered":"https:\/\/www.celttv.com.ar\/?p=90514"},"modified":"2025-12-02T20:08:45","modified_gmt":"2025-12-02T23:08:45","slug":"la-asociacion-civil-la-trochita-ex-club-hotel-celebro-el-termino-del-ano-con-una-cena","status":"publish","type":"post","link":"https:\/\/www.celttv.com.ar\/index.php\/2025\/12\/02\/la-asociacion-civil-la-trochita-ex-club-hotel-celebro-el-termino-del-ano-con-una-cena\/","title":{"rendered":"La Asociaci\u00f3n Civil La Trochita Ex Club Hotel celebr\u00f3 el t\u00e9rmino del a\u00f1o con una cena"},"content":{"rendered":"<p>El s\u00e1bado 29 de noviembre la Asociaci\u00f3n Civil La Trochita Ex Club Hotel celebr\u00f3 el t\u00e9rmino del a\u00f1o con una cena en Sierra de la Ventana a la que asistieron socios, colaboradores y representantes del Municipio de Tornquist.<br \/>\nEn el transcurso el presidente de La Trochita Dardo Fern\u00e1ndez as\u00ed como miembros de la Comisi\u00f3n Directiva, agradecieron a todos los presentes por su permanente colaboraci\u00f3n y realizaron una breve rese\u00f1a sobre los logros de la Asociaci\u00f3n.<\/p>\n<p><img loading=\"lazy\" decoding=\"async\" class=\"alignnone size-full wp-image-11713\" src=\"https:\/\/observadorserrano.com.ar\/wp-content\/uploads\/2025\/12\/1.jpg\" alt=\"\" width=\"1150\" height=\"2016\" \/> <img loading=\"lazy\" decoding=\"async\" class=\"alignnone size-noticia-750\u00d7350-recortada wp-image-11714\" src=\"https:\/\/observadorserrano.com.ar\/wp-content\/uploads\/2025\/12\/2.jpg\" alt=\"\" width=\"1170\" height=\"1533\" \/> <img loading=\"lazy\" decoding=\"async\" class=\"alignnone size-noticia-750\u00d7350-recortada wp-image-11715\" src=\"https:\/\/observadorserrano.com.ar\/wp-content\/uploads\/2025\/12\/3.jpg\" alt=\"\" width=\"1170\" height=\"2353\" \/> <img loading=\"lazy\" decoding=\"async\" class=\"alignnone size-noticia-750\u00d7350-recortada wp-image-11716\" src=\"https:\/\/observadorserrano.com.ar\/wp-content\/uploads\/2025\/12\/4.jpg\" alt=\"\" width=\"1170\" height=\"1583\" \/> <img loading=\"lazy\" decoding=\"async\" class=\"alignnone size-noticia-750\u00d7350-recortada wp-image-11717\" src=\"https:\/\/observadorserrano.com.ar\/wp-content\/uploads\/2025\/12\/5.jpg\" alt=\"\" width=\"1157\" height=\"1552\" \/><\/p>\n","protected":false},"excerpt":{"rendered":"<p>El s\u00e1bado 29 de noviembre la Asociaci\u00f3n Civil La Trochita Ex Club Hotel celebr\u00f3 el t\u00e9rmino del a\u00f1o con una cena en Sierra de la Ventana a la que asistieron socios, colaboradores y representantes del Municipio de Tornquist. En el transcurso el presidente de La Trochita Dardo Fern\u00e1ndez as\u00ed como miembros de la Comisi\u00f3n Directiva, [&hellip;]<\/p>\n","protected":false},"author":5,"featured_media":90515,"comment_status":"closed","ping_status":"closed","sticky":false,"template":"","format":"standard","meta":{"footnotes":""},"categories":[58],"tags":[],"class_list":["post-90514","post","type-post","status-publish","format-standard","has-post-thumbnail","hentry","category-turismo"],"yoast_head":"<!-- This site is optimized with the Yoast SEO plugin v19.7.1 - https:\/\/yoast.com\/wordpress\/plugins\/seo\/ -->\n<title>La Asociaci\u00f3n Civil La Trochita Ex Club Hotel celebr\u00f3 el t\u00e9rmino del a\u00f1o con una cena - CELTTV<\/title>\n<meta name=\"description\" content=\"Sitio web de noticias de la localidad de Tornquist, provincia de Buenos Aires, Rep\u00fablica Argentina. Contenido propio originado por periodistas de CELTTV, el canal de TV local de la Cooperativa El\u00e9ctrica de Tornquist. Turismo, Pol\u00edtica, Sociedad, Deporte, Cultura y todo el contenido de inter\u00e9s general que la gente del pueblo y la regi\u00f3n debe conocer.\" \/>\n<meta name=\"robots\" content=\"index, follow, max-snippet:-1, max-image-preview:large, max-video-preview:-1\" \/>\n<link rel=\"canonical\" href=\"https:\/\/www.celttv.com.ar\/index.php\/2025\/12\/02\/la-asociacion-civil-la-trochita-ex-club-hotel-celebro-el-termino-del-ano-con-una-cena\/\" \/>\n<meta property=\"og:locale\" content=\"es_ES\" \/>\n<meta property=\"og:type\" content=\"article\" \/>\n<meta property=\"og:title\" content=\"La Asociaci\u00f3n Civil La Trochita Ex Club Hotel celebr\u00f3 el t\u00e9rmino del a\u00f1o con una cena - CELTTV\" \/>\n<meta property=\"og:description\" content=\"Sitio web de noticias de la localidad de Tornquist, provincia de Buenos Aires, Rep\u00fablica Argentina. Contenido propio originado por periodistas de CELTTV, el canal de TV local de la Cooperativa El\u00e9ctrica de Tornquist. Turismo, Pol\u00edtica, Sociedad, Deporte, Cultura y todo el contenido de inter\u00e9s general que la gente del pueblo y la regi\u00f3n debe conocer.\" \/>\n<meta property=\"og:url\" content=\"https:\/\/www.celttv.com.ar\/index.php\/2025\/12\/02\/la-asociacion-civil-la-trochita-ex-club-hotel-celebro-el-termino-del-ano-con-una-cena\/\" \/>\n<meta property=\"og:site_name\" content=\"CELTTV\" \/>\n<meta property=\"article:publisher\" content=\"https:\/\/www.facebook.com\/celtTV\/\" \/>\n<meta property=\"article:published_time\" content=\"2025-12-02T23:08:45+00:00\" \/>\n<meta property=\"og:image\" content=\"https:\/\/www.celttv.com.ar\/wp-content\/uploads\/2025\/12\/1-2.jpg\" \/>\n\t<meta property=\"og:image:width\" content=\"963\" \/>\n\t<meta property=\"og:image:height\" content=\"627\" \/>\n\t<meta property=\"og:image:type\" content=\"image\/jpeg\" \/>\n<meta name=\"author\" content=\"Miguel Herrada\" \/>\n<meta name=\"twitter:card\" content=\"summary_large_image\" \/>\n<meta name=\"twitter:label1\" content=\"Escrito por\" \/>\n\t<meta name=\"twitter:data1\" content=\"Miguel Herrada\" \/>\n<script type=\"application\/ld+json\" class=\"yoast-schema-graph\">{\"@context\":\"https:\/\/schema.org\",\"@graph\":[{\"@type\":\"NewsArticle\",\"@id\":\"https:\/\/www.celttv.com.ar\/index.php\/2025\/12\/02\/la-asociacion-civil-la-trochita-ex-club-hotel-celebro-el-termino-del-ano-con-una-cena\/#article\",\"isPartOf\":{\"@id\":\"https:\/\/www.celttv.com.ar\/index.php\/2025\/12\/02\/la-asociacion-civil-la-trochita-ex-club-hotel-celebro-el-termino-del-ano-con-una-cena\/\"},\"author\":{\"name\":\"Miguel Herrada\",\"@id\":\"https:\/\/www.celttv.com.ar\/#\/schema\/person\/9059dc91dc7204ef4182cdb65225f07d\"},\"headline\":\"La Asociaci\u00f3n Civil La Trochita Ex Club Hotel celebr\u00f3 el t\u00e9rmino del a\u00f1o con una cena\",\"datePublished\":\"2025-12-02T23:08:45+00:00\",\"dateModified\":\"2025-12-02T23:08:45+00:00\",\"mainEntityOfPage\":{\"@id\":\"https:\/\/www.celttv.com.ar\/index.php\/2025\/12\/02\/la-asociacion-civil-la-trochita-ex-club-hotel-celebro-el-termino-del-ano-con-una-cena\/\"},\"wordCount\":102,\"publisher\":{\"@id\":\"https:\/\/www.celttv.com.ar\/#organization\"},\"articleSection\":[\"Turismo\"],\"inLanguage\":\"es\"},{\"@type\":\"WebPage\",\"@id\":\"https:\/\/www.celttv.com.ar\/index.php\/2025\/12\/02\/la-asociacion-civil-la-trochita-ex-club-hotel-celebro-el-termino-del-ano-con-una-cena\/\",\"url\":\"https:\/\/www.celttv.com.ar\/index.php\/2025\/12\/02\/la-asociacion-civil-la-trochita-ex-club-hotel-celebro-el-termino-del-ano-con-una-cena\/\",\"name\":\"La Asociaci\u00f3n Civil La Trochita Ex Club Hotel celebr\u00f3 el t\u00e9rmino del a\u00f1o con una cena - CELTTV\",\"isPartOf\":{\"@id\":\"https:\/\/www.celttv.com.ar\/#website\"},\"datePublished\":\"2025-12-02T23:08:45+00:00\",\"dateModified\":\"2025-12-02T23:08:45+00:00\",\"description\":\"Sitio web de noticias de la localidad de Tornquist, provincia de Buenos Aires, Rep\u00fablica Argentina. Contenido propio originado por periodistas de CELTTV, el canal de TV local de la Cooperativa El\u00e9ctrica de Tornquist. Turismo, Pol\u00edtica, Sociedad, Deporte, Cultura y todo el contenido de inter\u00e9s general que la gente del pueblo y la regi\u00f3n debe conocer.\",\"breadcrumb\":{\"@id\":\"https:\/\/www.celttv.com.ar\/index.php\/2025\/12\/02\/la-asociacion-civil-la-trochita-ex-club-hotel-celebro-el-termino-del-ano-con-una-cena\/#breadcrumb\"},\"inLanguage\":\"es\",\"potentialAction\":[{\"@type\":\"ReadAction\",\"target\":[\"https:\/\/www.celttv.com.ar\/index.php\/2025\/12\/02\/la-asociacion-civil-la-trochita-ex-club-hotel-celebro-el-termino-del-ano-con-una-cena\/\"]}]},{\"@type\":\"BreadcrumbList\",\"@id\":\"https:\/\/www.celttv.com.ar\/index.php\/2025\/12\/02\/la-asociacion-civil-la-trochita-ex-club-hotel-celebro-el-termino-del-ano-con-una-cena\/#breadcrumb\",\"itemListElement\":[{\"@type\":\"ListItem\",\"position\":1,\"name\":\"Inicio\",\"item\":\"https:\/\/www.celttv.com.ar\/\"},{\"@type\":\"ListItem\",\"position\":2,\"name\":\"La Asociaci\u00f3n Civil La Trochita Ex Club Hotel celebr\u00f3 el t\u00e9rmino del a\u00f1o con una cena\"}]},{\"@type\":\"WebSite\",\"@id\":\"https:\/\/www.celttv.com.ar\/#website\",\"url\":\"https:\/\/www.celttv.com.ar\/\",\"name\":\"CELTTV\",\"description\":\"Cooperativa El\u00e9ctrica de Tornquist\",\"publisher\":{\"@id\":\"https:\/\/www.celttv.com.ar\/#organization\"},\"potentialAction\":[{\"@type\":\"SearchAction\",\"target\":{\"@type\":\"EntryPoint\",\"urlTemplate\":\"https:\/\/www.celttv.com.ar\/?s={search_term_string}\"},\"query-input\":\"required name=search_term_string\"}],\"inLanguage\":\"es\"},{\"@type\":\"Organization\",\"@id\":\"https:\/\/www.celttv.com.ar\/#organization\",\"name\":\"CELTTV\",\"url\":\"https:\/\/www.celttv.com.ar\/\",\"sameAs\":[\"https:\/\/www.youtube.com\/channel\/UCz_oIt8Hig64Ub-EmcNPIhg\",\"https:\/\/www.facebook.com\/celtTV\/\"],\"logo\":{\"@type\":\"ImageObject\",\"inLanguage\":\"es\",\"@id\":\"https:\/\/www.celttv.com.ar\/#\/schema\/logo\/image\/\",\"url\":\"http:\/\/www.celttv.com.ar\/wp-content\/uploads\/2022\/08\/logo-1.png\",\"contentUrl\":\"http:\/\/www.celttv.com.ar\/wp-content\/uploads\/2022\/08\/logo-1.png\",\"width\":461,\"height\":159,\"caption\":\"CELTTV\"},\"image\":{\"@id\":\"https:\/\/www.celttv.com.ar\/#\/schema\/logo\/image\/\"}},{\"@type\":\"Person\",\"@id\":\"https:\/\/www.celttv.com.ar\/#\/schema\/person\/9059dc91dc7204ef4182cdb65225f07d\",\"name\":\"Miguel Herrada\",\"image\":{\"@type\":\"ImageObject\",\"inLanguage\":\"es\",\"@id\":\"https:\/\/www.celttv.com.ar\/#\/schema\/person\/image\/\",\"url\":\"https:\/\/secure.gravatar.com\/avatar\/67724d5b3c716623ffd76bec7e45841a442ac3b456e914dbba90b0fad2b8e0b1?s=96&d=mm&r=g\",\"contentUrl\":\"https:\/\/secure.gravatar.com\/avatar\/67724d5b3c716623ffd76bec7e45841a442ac3b456e914dbba90b0fad2b8e0b1?s=96&d=mm&r=g\",\"caption\":\"Miguel Herrada\"}}]}<\/script>\n<!-- \/ Yoast SEO plugin. -->","yoast_head_json":{"title":"La Asociaci\u00f3n Civil La Trochita Ex Club Hotel celebr\u00f3 el t\u00e9rmino del a\u00f1o con una cena - CELTTV","description":"Sitio web de noticias de la localidad de Tornquist, provincia de Buenos Aires, Rep\u00fablica Argentina. Contenido propio originado por periodistas de CELTTV, el canal de TV local de la Cooperativa El\u00e9ctrica de Tornquist. Turismo, Pol\u00edtica, Sociedad, Deporte, Cultura y todo el contenido de inter\u00e9s general que la gente del pueblo y la regi\u00f3n debe conocer.","robots":{"index":"index","follow":"follow","max-snippet":"max-snippet:-1","max-image-preview":"max-image-preview:large","max-video-preview":"max-video-preview:-1"},"canonical":"https:\/\/www.celttv.com.ar\/index.php\/2025\/12\/02\/la-asociacion-civil-la-trochita-ex-club-hotel-celebro-el-termino-del-ano-con-una-cena\/","og_locale":"es_ES","og_type":"article","og_title":"La Asociaci\u00f3n Civil La Trochita Ex Club Hotel celebr\u00f3 el t\u00e9rmino del a\u00f1o con una cena - CELTTV","og_description":"Sitio web de noticias de la localidad de Tornquist, provincia de Buenos Aires, Rep\u00fablica Argentina. Contenido propio originado por periodistas de CELTTV, el canal de TV local de la Cooperativa El\u00e9ctrica de Tornquist. Turismo, Pol\u00edtica, Sociedad, Deporte, Cultura y todo el contenido de inter\u00e9s general que la gente del pueblo y la regi\u00f3n debe conocer.","og_url":"https:\/\/www.celttv.com.ar\/index.php\/2025\/12\/02\/la-asociacion-civil-la-trochita-ex-club-hotel-celebro-el-termino-del-ano-con-una-cena\/","og_site_name":"CELTTV","article_publisher":"https:\/\/www.facebook.com\/celtTV\/","article_published_time":"2025-12-02T23:08:45+00:00","og_image":[{"width":963,"height":627,"url":"https:\/\/www.celttv.com.ar\/wp-content\/uploads\/2025\/12\/1-2.jpg","type":"image\/jpeg"}],"author":"Miguel Herrada","twitter_card":"summary_large_image","twitter_misc":{"Escrito por":"Miguel Herrada"},"schema":{"@context":"https:\/\/schema.org","@graph":[{"@type":"NewsArticle","@id":"https:\/\/www.celttv.com.ar\/index.php\/2025\/12\/02\/la-asociacion-civil-la-trochita-ex-club-hotel-celebro-el-termino-del-ano-con-una-cena\/#article","isPartOf":{"@id":"https:\/\/www.celttv.com.ar\/index.php\/2025\/12\/02\/la-asociacion-civil-la-trochita-ex-club-hotel-celebro-el-termino-del-ano-con-una-cena\/"},"author":{"name":"Miguel Herrada","@id":"https:\/\/www.celttv.com.ar\/#\/schema\/person\/9059dc91dc7204ef4182cdb65225f07d"},"headline":"La Asociaci\u00f3n Civil La Trochita Ex Club Hotel celebr\u00f3 el t\u00e9rmino del a\u00f1o con una cena","datePublished":"2025-12-02T23:08:45+00:00","dateModified":"2025-12-02T23:08:45+00:00","mainEntityOfPage":{"@id":"https:\/\/www.celttv.com.ar\/index.php\/2025\/12\/02\/la-asociacion-civil-la-trochita-ex-club-hotel-celebro-el-termino-del-ano-con-una-cena\/"},"wordCount":102,"publisher":{"@id":"https:\/\/www.celttv.com.ar\/#organization"},"articleSection":["Turismo"],"inLanguage":"es"},{"@type":"WebPage","@id":"https:\/\/www.celttv.com.ar\/index.php\/2025\/12\/02\/la-asociacion-civil-la-trochita-ex-club-hotel-celebro-el-termino-del-ano-con-una-cena\/","url":"https:\/\/www.celttv.com.ar\/index.php\/2025\/12\/02\/la-asociacion-civil-la-trochita-ex-club-hotel-celebro-el-termino-del-ano-con-una-cena\/","name":"La Asociaci\u00f3n Civil La Trochita Ex Club Hotel celebr\u00f3 el t\u00e9rmino del a\u00f1o con una cena - CELTTV","isPartOf":{"@id":"https:\/\/www.celttv.com.ar\/#website"},"datePublished":"2025-12-02T23:08:45+00:00","dateModified":"2025-12-02T23:08:45+00:00","description":"Sitio web de noticias de la localidad de Tornquist, provincia de Buenos Aires, Rep\u00fablica Argentina. Contenido propio originado por periodistas de CELTTV, el canal de TV local de la Cooperativa El\u00e9ctrica de Tornquist. Turismo, Pol\u00edtica, Sociedad, Deporte, Cultura y todo el contenido de inter\u00e9s general que la gente del pueblo y la regi\u00f3n debe conocer.","breadcrumb":{"@id":"https:\/\/www.celttv.com.ar\/index.php\/2025\/12\/02\/la-asociacion-civil-la-trochita-ex-club-hotel-celebro-el-termino-del-ano-con-una-cena\/#breadcrumb"},"inLanguage":"es","potentialAction":[{"@type":"ReadAction","target":["https:\/\/www.celttv.com.ar\/index.php\/2025\/12\/02\/la-asociacion-civil-la-trochita-ex-club-hotel-celebro-el-termino-del-ano-con-una-cena\/"]}]},{"@type":"BreadcrumbList","@id":"https:\/\/www.celttv.com.ar\/index.php\/2025\/12\/02\/la-asociacion-civil-la-trochita-ex-club-hotel-celebro-el-termino-del-ano-con-una-cena\/#breadcrumb","itemListElement":[{"@type":"ListItem","position":1,"name":"Inicio","item":"https:\/\/www.celttv.com.ar\/"},{"@type":"ListItem","position":2,"name":"La Asociaci\u00f3n Civil La Trochita Ex Club Hotel celebr\u00f3 el t\u00e9rmino del a\u00f1o con una cena"}]},{"@type":"WebSite","@id":"https:\/\/www.celttv.com.ar\/#website","url":"https:\/\/www.celttv.com.ar\/","name":"CELTTV","description":"Cooperativa El\u00e9ctrica de Tornquist","publisher":{"@id":"https:\/\/www.celttv.com.ar\/#organization"},"potentialAction":[{"@type":"SearchAction","target":{"@type":"EntryPoint","urlTemplate":"https:\/\/www.celttv.com.ar\/?s={search_term_string}"},"query-input":"required name=search_term_string"}],"inLanguage":"es"},{"@type":"Organization","@id":"https:\/\/www.celttv.com.ar\/#organization","name":"CELTTV","url":"https:\/\/www.celttv.com.ar\/","sameAs":["https:\/\/www.youtube.com\/channel\/UCz_oIt8Hig64Ub-EmcNPIhg","https:\/\/www.facebook.com\/celtTV\/"],"logo":{"@type":"ImageObject","inLanguage":"es","@id":"https:\/\/www.celttv.com.ar\/#\/schema\/logo\/image\/","url":"http:\/\/www.celttv.com.ar\/wp-content\/uploads\/2022\/08\/logo-1.png","contentUrl":"http:\/\/www.celttv.com.ar\/wp-content\/uploads\/2022\/08\/logo-1.png","width":461,"height":159,"caption":"CELTTV"},"image":{"@id":"https:\/\/www.celttv.com.ar\/#\/schema\/logo\/image\/"}},{"@type":"Person","@id":"https:\/\/www.celttv.com.ar\/#\/schema\/person\/9059dc91dc7204ef4182cdb65225f07d","name":"Miguel Herrada","image":{"@type":"ImageObject","inLanguage":"es","@id":"https:\/\/www.celttv.com.ar\/#\/schema\/person\/image\/","url":"https:\/\/secure.gravatar.com\/avatar\/67724d5b3c716623ffd76bec7e45841a442ac3b456e914dbba90b0fad2b8e0b1?s=96&d=mm&r=g","contentUrl":"https:\/\/secure.gravatar.com\/avatar\/67724d5b3c716623ffd76bec7e45841a442ac3b456e914dbba90b0fad2b8e0b1?s=96&d=mm&r=g","caption":"Miguel Herrada"}}]}},"_links":{"self":[{"href":"https:\/\/www.celttv.com.ar\/index.php\/wp-json\/wp\/v2\/posts\/90514","targetHints":{"allow":["GET"]}}],"collection":[{"href":"https:\/\/www.celttv.com.ar\/index.php\/wp-json\/wp\/v2\/posts"}],"about":[{"href":"https:\/\/www.celttv.com.ar\/index.php\/wp-json\/wp\/v2\/types\/post"}],"author":[{"embeddable":true,"href":"https:\/\/www.celttv.com.ar\/index.php\/wp-json\/wp\/v2\/users\/5"}],"replies":[{"embeddable":true,"href":"https:\/\/www.celttv.com.ar\/index.php\/wp-json\/wp\/v2\/comments?post=90514"}],"version-history":[{"count":1,"href":"https:\/\/www.celttv.com.ar\/index.php\/wp-json\/wp\/v2\/posts\/90514\/revisions"}],"predecessor-version":[{"id":90516,"href":"https:\/\/www.celttv.com.ar\/index.php\/wp-json\/wp\/v2\/posts\/90514\/revisions\/90516"}],"wp:featuredmedia":[{"embeddable":true,"href":"https:\/\/www.celttv.com.ar\/index.php\/wp-json\/wp\/v2\/media\/90515"}],"wp:attachment":[{"href":"https:\/\/www.celttv.com.ar\/index.php\/wp-json\/wp\/v2\/media?parent=90514"}],"wp:term":[{"taxonomy":"category","embeddable":true,"href":"https:\/\/www.celttv.com.ar\/index.php\/wp-json\/wp\/v2\/categories?post=90514"},{"taxonomy":"post_tag","embeddable":true,"href":"https:\/\/www.celttv.com.ar\/index.php\/wp-json\/wp\/v2\/tags?post=90514"}],"curies":[{"name":"wp","href":"https:\/\/api.w.org\/{rel}","templated":true}]}}