{"id":90536,"date":"2025-12-04T17:06:49","date_gmt":"2025-12-04T20:06:49","guid":{"rendered":"https:\/\/www.celttv.com.ar\/?p=90536"},"modified":"2025-12-04T17:06:49","modified_gmt":"2025-12-04T20:06:49","slug":"convocatoria-para-la-conformacion-de-una-mesa-de-abordaje-para-la-prevencion-del-suicidio","status":"publish","type":"post","link":"https:\/\/www.celttv.com.ar\/index.php\/2025\/12\/04\/convocatoria-para-la-conformacion-de-una-mesa-de-abordaje-para-la-prevencion-del-suicidio\/","title":{"rendered":"Convocatoria para la conformaci\u00f3n de una mesa de abordaje para la prevenci\u00f3n del suicidio"},"content":{"rendered":"<p>La Secretar\u00eda de Salud de Tornquist Municipio, junto a la Mesa de Abordaje para la Prevenci\u00f3n del Suicidio (MAPS) de Bah\u00eda Blanca, invitan a participar de una capacitaci\u00f3n destinada a profesionales, instituciones, organizaciones y actores comunitarios interesados en fortalecer sus conocimientos en prevenci\u00f3n del suicidio y acompa\u00f1amiento en situaciones de crisis.<\/p>\n<p>La jornada se desarrollar\u00e1 el jueves 11 de diciembre a las 9 h en la Sala de Situaciones del Palacio Municipal.<\/p>\n<p>El prop\u00f3sito de este encuentro es impulsar la conformaci\u00f3n de una Mesa de Trabajo Local en Tornquist, de car\u00e1cter intersectorial y comunitario, orientada a articular esfuerzos y fortalecer la red de apoyo en situaciones de riesgo. Se trata de una iniciativa traccionada desde y para la comunidad, cuyo objetivo es sostener el trabajo preventivo.<\/p>\n<p>Esta instancia surge desde el Equipo de Salud Mental, con el acompa\u00f1amiento de MAPS, a fin de contar con orientaci\u00f3n t\u00e9cnica y experiencias que fortalezcan el desarrollo local.<\/p>\n<p><img loading=\"lazy\" decoding=\"async\" class=\"alignnone wp-image-90537 size-large\" src=\"https:\/\/www.celttv.com.ar\/wp-content\/uploads\/2025\/12\/charla-prev-suicidio-1-818x1024.jpg\" alt=\"\" width=\"818\" height=\"1024\" srcset=\"https:\/\/www.celttv.com.ar\/wp-content\/uploads\/2025\/12\/charla-prev-suicidio-1-818x1024.jpg 818w, https:\/\/www.celttv.com.ar\/wp-content\/uploads\/2025\/12\/charla-prev-suicidio-1-240x300.jpg 240w, https:\/\/www.celttv.com.ar\/wp-content\/uploads\/2025\/12\/charla-prev-suicidio-1-768x961.jpg 768w, https:\/\/www.celttv.com.ar\/wp-content\/uploads\/2025\/12\/charla-prev-suicidio-1-750x939.jpg 750w, https:\/\/www.celttv.com.ar\/wp-content\/uploads\/2025\/12\/charla-prev-suicidio-1.jpg 1080w\" sizes=\"auto, (max-width: 818px) 100vw, 818px\" \/><\/p>\n","protected":false},"excerpt":{"rendered":"<p>La Secretar\u00eda de Salud de Tornquist Municipio, junto a la Mesa de Abordaje para la Prevenci\u00f3n del Suicidio (MAPS) de Bah\u00eda Blanca, invitan a participar de una capacitaci\u00f3n destinada a profesionales, instituciones, organizaciones y actores comunitarios interesados en fortalecer sus conocimientos en prevenci\u00f3n del suicidio y acompa\u00f1amiento en situaciones de crisis. La jornada se desarrollar\u00e1 [&hellip;]<\/p>\n","protected":false},"author":5,"featured_media":90537,"comment_status":"closed","ping_status":"closed","sticky":false,"template":"","format":"standard","meta":{"footnotes":""},"categories":[51],"tags":[],"class_list":["post-90536","post","type-post","status-publish","format-standard","has-post-thumbnail","hentry","category-comunidad"],"yoast_head":"<!-- This site is optimized with the Yoast SEO plugin v19.7.1 - https:\/\/yoast.com\/wordpress\/plugins\/seo\/ -->\n<title>Convocatoria para la conformaci\u00f3n de una mesa de abordaje para la prevenci\u00f3n del suicidio - CELTTV<\/title>\n<meta name=\"description\" content=\"Sitio web de noticias de la localidad de Tornquist, provincia de Buenos Aires, Rep\u00fablica Argentina. Contenido propio originado por periodistas de CELTTV, el canal de TV local de la Cooperativa El\u00e9ctrica de Tornquist. Turismo, Pol\u00edtica, Sociedad, Deporte, Cultura y todo el contenido de inter\u00e9s general que la gente del pueblo y la regi\u00f3n debe conocer.\" \/>\n<meta name=\"robots\" content=\"index, follow, max-snippet:-1, max-image-preview:large, max-video-preview:-1\" \/>\n<link rel=\"canonical\" href=\"https:\/\/www.celttv.com.ar\/index.php\/2025\/12\/04\/convocatoria-para-la-conformacion-de-una-mesa-de-abordaje-para-la-prevencion-del-suicidio\/\" \/>\n<meta property=\"og:locale\" content=\"es_ES\" \/>\n<meta property=\"og:type\" content=\"article\" \/>\n<meta property=\"og:title\" content=\"Convocatoria para la conformaci\u00f3n de una mesa de abordaje para la prevenci\u00f3n del suicidio - CELTTV\" \/>\n<meta property=\"og:description\" content=\"Sitio web de noticias de la localidad de Tornquist, provincia de Buenos Aires, Rep\u00fablica Argentina. Contenido propio originado por periodistas de CELTTV, el canal de TV local de la Cooperativa El\u00e9ctrica de Tornquist. Turismo, Pol\u00edtica, Sociedad, Deporte, Cultura y todo el contenido de inter\u00e9s general que la gente del pueblo y la regi\u00f3n debe conocer.\" \/>\n<meta property=\"og:url\" content=\"https:\/\/www.celttv.com.ar\/index.php\/2025\/12\/04\/convocatoria-para-la-conformacion-de-una-mesa-de-abordaje-para-la-prevencion-del-suicidio\/\" \/>\n<meta property=\"og:site_name\" content=\"CELTTV\" \/>\n<meta property=\"article:publisher\" content=\"https:\/\/www.facebook.com\/celtTV\/\" \/>\n<meta property=\"article:published_time\" content=\"2025-12-04T20:06:49+00:00\" \/>\n<meta property=\"og:image\" content=\"https:\/\/www.celttv.com.ar\/wp-content\/uploads\/2025\/12\/charla-prev-suicidio-1.jpg\" \/>\n\t<meta property=\"og:image:width\" content=\"1080\" \/>\n\t<meta property=\"og:image:height\" content=\"1352\" \/>\n\t<meta property=\"og:image:type\" content=\"image\/jpeg\" \/>\n<meta name=\"author\" content=\"Miguel Herrada\" \/>\n<meta name=\"twitter:card\" content=\"summary_large_image\" \/>\n<meta name=\"twitter:label1\" content=\"Escrito por\" \/>\n\t<meta name=\"twitter:data1\" content=\"Miguel Herrada\" \/>\n\t<meta name=\"twitter:label2\" content=\"Tiempo de lectura\" \/>\n\t<meta name=\"twitter:data2\" content=\"1 minuto\" \/>\n<script type=\"application\/ld+json\" class=\"yoast-schema-graph\">{\"@context\":\"https:\/\/schema.org\",\"@graph\":[{\"@type\":\"NewsArticle\",\"@id\":\"https:\/\/www.celttv.com.ar\/index.php\/2025\/12\/04\/convocatoria-para-la-conformacion-de-una-mesa-de-abordaje-para-la-prevencion-del-suicidio\/#article\",\"isPartOf\":{\"@id\":\"https:\/\/www.celttv.com.ar\/index.php\/2025\/12\/04\/convocatoria-para-la-conformacion-de-una-mesa-de-abordaje-para-la-prevencion-del-suicidio\/\"},\"author\":{\"name\":\"Miguel Herrada\",\"@id\":\"https:\/\/www.celttv.com.ar\/#\/schema\/person\/9059dc91dc7204ef4182cdb65225f07d\"},\"headline\":\"Convocatoria para la conformaci\u00f3n de una mesa de abordaje para la prevenci\u00f3n del suicidio\",\"datePublished\":\"2025-12-04T20:06:49+00:00\",\"dateModified\":\"2025-12-04T20:06:49+00:00\",\"mainEntityOfPage\":{\"@id\":\"https:\/\/www.celttv.com.ar\/index.php\/2025\/12\/04\/convocatoria-para-la-conformacion-de-una-mesa-de-abordaje-para-la-prevencion-del-suicidio\/\"},\"wordCount\":180,\"publisher\":{\"@id\":\"https:\/\/www.celttv.com.ar\/#organization\"},\"articleSection\":[\"Comunidad\"],\"inLanguage\":\"es\"},{\"@type\":\"WebPage\",\"@id\":\"https:\/\/www.celttv.com.ar\/index.php\/2025\/12\/04\/convocatoria-para-la-conformacion-de-una-mesa-de-abordaje-para-la-prevencion-del-suicidio\/\",\"url\":\"https:\/\/www.celttv.com.ar\/index.php\/2025\/12\/04\/convocatoria-para-la-conformacion-de-una-mesa-de-abordaje-para-la-prevencion-del-suicidio\/\",\"name\":\"Convocatoria para la conformaci\u00f3n de una mesa de abordaje para la prevenci\u00f3n del suicidio - CELTTV\",\"isPartOf\":{\"@id\":\"https:\/\/www.celttv.com.ar\/#website\"},\"datePublished\":\"2025-12-04T20:06:49+00:00\",\"dateModified\":\"2025-12-04T20:06:49+00:00\",\"description\":\"Sitio web de noticias de la localidad de Tornquist, provincia de Buenos Aires, Rep\u00fablica Argentina. Contenido propio originado por periodistas de CELTTV, el canal de TV local de la Cooperativa El\u00e9ctrica de Tornquist. Turismo, Pol\u00edtica, Sociedad, Deporte, Cultura y todo el contenido de inter\u00e9s general que la gente del pueblo y la regi\u00f3n debe conocer.\",\"breadcrumb\":{\"@id\":\"https:\/\/www.celttv.com.ar\/index.php\/2025\/12\/04\/convocatoria-para-la-conformacion-de-una-mesa-de-abordaje-para-la-prevencion-del-suicidio\/#breadcrumb\"},\"inLanguage\":\"es\",\"potentialAction\":[{\"@type\":\"ReadAction\",\"target\":[\"https:\/\/www.celttv.com.ar\/index.php\/2025\/12\/04\/convocatoria-para-la-conformacion-de-una-mesa-de-abordaje-para-la-prevencion-del-suicidio\/\"]}]},{\"@type\":\"BreadcrumbList\",\"@id\":\"https:\/\/www.celttv.com.ar\/index.php\/2025\/12\/04\/convocatoria-para-la-conformacion-de-una-mesa-de-abordaje-para-la-prevencion-del-suicidio\/#breadcrumb\",\"itemListElement\":[{\"@type\":\"ListItem\",\"position\":1,\"name\":\"Inicio\",\"item\":\"https:\/\/www.celttv.com.ar\/\"},{\"@type\":\"ListItem\",\"position\":2,\"name\":\"Convocatoria para la conformaci\u00f3n de una mesa de abordaje para la prevenci\u00f3n del suicidio\"}]},{\"@type\":\"WebSite\",\"@id\":\"https:\/\/www.celttv.com.ar\/#website\",\"url\":\"https:\/\/www.celttv.com.ar\/\",\"name\":\"CELTTV\",\"description\":\"Cooperativa El\u00e9ctrica de Tornquist\",\"publisher\":{\"@id\":\"https:\/\/www.celttv.com.ar\/#organization\"},\"potentialAction\":[{\"@type\":\"SearchAction\",\"target\":{\"@type\":\"EntryPoint\",\"urlTemplate\":\"https:\/\/www.celttv.com.ar\/?s={search_term_string}\"},\"query-input\":\"required name=search_term_string\"}],\"inLanguage\":\"es\"},{\"@type\":\"Organization\",\"@id\":\"https:\/\/www.celttv.com.ar\/#organization\",\"name\":\"CELTTV\",\"url\":\"https:\/\/www.celttv.com.ar\/\",\"sameAs\":[\"https:\/\/www.youtube.com\/channel\/UCz_oIt8Hig64Ub-EmcNPIhg\",\"https:\/\/www.facebook.com\/celtTV\/\"],\"logo\":{\"@type\":\"ImageObject\",\"inLanguage\":\"es\",\"@id\":\"https:\/\/www.celttv.com.ar\/#\/schema\/logo\/image\/\",\"url\":\"http:\/\/www.celttv.com.ar\/wp-content\/uploads\/2022\/08\/logo-1.png\",\"contentUrl\":\"http:\/\/www.celttv.com.ar\/wp-content\/uploads\/2022\/08\/logo-1.png\",\"width\":461,\"height\":159,\"caption\":\"CELTTV\"},\"image\":{\"@id\":\"https:\/\/www.celttv.com.ar\/#\/schema\/logo\/image\/\"}},{\"@type\":\"Person\",\"@id\":\"https:\/\/www.celttv.com.ar\/#\/schema\/person\/9059dc91dc7204ef4182cdb65225f07d\",\"name\":\"Miguel Herrada\",\"image\":{\"@type\":\"ImageObject\",\"inLanguage\":\"es\",\"@id\":\"https:\/\/www.celttv.com.ar\/#\/schema\/person\/image\/\",\"url\":\"https:\/\/secure.gravatar.com\/avatar\/67724d5b3c716623ffd76bec7e45841a442ac3b456e914dbba90b0fad2b8e0b1?s=96&d=mm&r=g\",\"contentUrl\":\"https:\/\/secure.gravatar.com\/avatar\/67724d5b3c716623ffd76bec7e45841a442ac3b456e914dbba90b0fad2b8e0b1?s=96&d=mm&r=g\",\"caption\":\"Miguel Herrada\"}}]}<\/script>\n<!-- \/ Yoast SEO plugin. -->","yoast_head_json":{"title":"Convocatoria para la conformaci\u00f3n de una mesa de abordaje para la prevenci\u00f3n del suicidio - CELTTV","description":"Sitio web de noticias de la localidad de Tornquist, provincia de Buenos Aires, Rep\u00fablica Argentina. Contenido propio originado por periodistas de CELTTV, el canal de TV local de la Cooperativa El\u00e9ctrica de Tornquist. Turismo, Pol\u00edtica, Sociedad, Deporte, Cultura y todo el contenido de inter\u00e9s general que la gente del pueblo y la regi\u00f3n debe conocer.","robots":{"index":"index","follow":"follow","max-snippet":"max-snippet:-1","max-image-preview":"max-image-preview:large","max-video-preview":"max-video-preview:-1"},"canonical":"https:\/\/www.celttv.com.ar\/index.php\/2025\/12\/04\/convocatoria-para-la-conformacion-de-una-mesa-de-abordaje-para-la-prevencion-del-suicidio\/","og_locale":"es_ES","og_type":"article","og_title":"Convocatoria para la conformaci\u00f3n de una mesa de abordaje para la prevenci\u00f3n del suicidio - CELTTV","og_description":"Sitio web de noticias de la localidad de Tornquist, provincia de Buenos Aires, Rep\u00fablica Argentina. Contenido propio originado por periodistas de CELTTV, el canal de TV local de la Cooperativa El\u00e9ctrica de Tornquist. Turismo, Pol\u00edtica, Sociedad, Deporte, Cultura y todo el contenido de inter\u00e9s general que la gente del pueblo y la regi\u00f3n debe conocer.","og_url":"https:\/\/www.celttv.com.ar\/index.php\/2025\/12\/04\/convocatoria-para-la-conformacion-de-una-mesa-de-abordaje-para-la-prevencion-del-suicidio\/","og_site_name":"CELTTV","article_publisher":"https:\/\/www.facebook.com\/celtTV\/","article_published_time":"2025-12-04T20:06:49+00:00","og_image":[{"width":1080,"height":1352,"url":"https:\/\/www.celttv.com.ar\/wp-content\/uploads\/2025\/12\/charla-prev-suicidio-1.jpg","type":"image\/jpeg"}],"author":"Miguel Herrada","twitter_card":"summary_large_image","twitter_misc":{"Escrito por":"Miguel Herrada","Tiempo de lectura":"1 minuto"},"schema":{"@context":"https:\/\/schema.org","@graph":[{"@type":"NewsArticle","@id":"https:\/\/www.celttv.com.ar\/index.php\/2025\/12\/04\/convocatoria-para-la-conformacion-de-una-mesa-de-abordaje-para-la-prevencion-del-suicidio\/#article","isPartOf":{"@id":"https:\/\/www.celttv.com.ar\/index.php\/2025\/12\/04\/convocatoria-para-la-conformacion-de-una-mesa-de-abordaje-para-la-prevencion-del-suicidio\/"},"author":{"name":"Miguel Herrada","@id":"https:\/\/www.celttv.com.ar\/#\/schema\/person\/9059dc91dc7204ef4182cdb65225f07d"},"headline":"Convocatoria para la conformaci\u00f3n de una mesa de abordaje para la prevenci\u00f3n del suicidio","datePublished":"2025-12-04T20:06:49+00:00","dateModified":"2025-12-04T20:06:49+00:00","mainEntityOfPage":{"@id":"https:\/\/www.celttv.com.ar\/index.php\/2025\/12\/04\/convocatoria-para-la-conformacion-de-una-mesa-de-abordaje-para-la-prevencion-del-suicidio\/"},"wordCount":180,"publisher":{"@id":"https:\/\/www.celttv.com.ar\/#organization"},"articleSection":["Comunidad"],"inLanguage":"es"},{"@type":"WebPage","@id":"https:\/\/www.celttv.com.ar\/index.php\/2025\/12\/04\/convocatoria-para-la-conformacion-de-una-mesa-de-abordaje-para-la-prevencion-del-suicidio\/","url":"https:\/\/www.celttv.com.ar\/index.php\/2025\/12\/04\/convocatoria-para-la-conformacion-de-una-mesa-de-abordaje-para-la-prevencion-del-suicidio\/","name":"Convocatoria para la conformaci\u00f3n de una mesa de abordaje para la prevenci\u00f3n del suicidio - CELTTV","isPartOf":{"@id":"https:\/\/www.celttv.com.ar\/#website"},"datePublished":"2025-12-04T20:06:49+00:00","dateModified":"2025-12-04T20:06:49+00:00","description":"Sitio web de noticias de la localidad de Tornquist, provincia de Buenos Aires, Rep\u00fablica Argentina. Contenido propio originado por periodistas de CELTTV, el canal de TV local de la Cooperativa El\u00e9ctrica de Tornquist. Turismo, Pol\u00edtica, Sociedad, Deporte, Cultura y todo el contenido de inter\u00e9s general que la gente del pueblo y la regi\u00f3n debe conocer.","breadcrumb":{"@id":"https:\/\/www.celttv.com.ar\/index.php\/2025\/12\/04\/convocatoria-para-la-conformacion-de-una-mesa-de-abordaje-para-la-prevencion-del-suicidio\/#breadcrumb"},"inLanguage":"es","potentialAction":[{"@type":"ReadAction","target":["https:\/\/www.celttv.com.ar\/index.php\/2025\/12\/04\/convocatoria-para-la-conformacion-de-una-mesa-de-abordaje-para-la-prevencion-del-suicidio\/"]}]},{"@type":"BreadcrumbList","@id":"https:\/\/www.celttv.com.ar\/index.php\/2025\/12\/04\/convocatoria-para-la-conformacion-de-una-mesa-de-abordaje-para-la-prevencion-del-suicidio\/#breadcrumb","itemListElement":[{"@type":"ListItem","position":1,"name":"Inicio","item":"https:\/\/www.celttv.com.ar\/"},{"@type":"ListItem","position":2,"name":"Convocatoria para la conformaci\u00f3n de una mesa de abordaje para la prevenci\u00f3n del suicidio"}]},{"@type":"WebSite","@id":"https:\/\/www.celttv.com.ar\/#website","url":"https:\/\/www.celttv.com.ar\/","name":"CELTTV","description":"Cooperativa El\u00e9ctrica de Tornquist","publisher":{"@id":"https:\/\/www.celttv.com.ar\/#organization"},"potentialAction":[{"@type":"SearchAction","target":{"@type":"EntryPoint","urlTemplate":"https:\/\/www.celttv.com.ar\/?s={search_term_string}"},"query-input":"required name=search_term_string"}],"inLanguage":"es"},{"@type":"Organization","@id":"https:\/\/www.celttv.com.ar\/#organization","name":"CELTTV","url":"https:\/\/www.celttv.com.ar\/","sameAs":["https:\/\/www.youtube.com\/channel\/UCz_oIt8Hig64Ub-EmcNPIhg","https:\/\/www.facebook.com\/celtTV\/"],"logo":{"@type":"ImageObject","inLanguage":"es","@id":"https:\/\/www.celttv.com.ar\/#\/schema\/logo\/image\/","url":"http:\/\/www.celttv.com.ar\/wp-content\/uploads\/2022\/08\/logo-1.png","contentUrl":"http:\/\/www.celttv.com.ar\/wp-content\/uploads\/2022\/08\/logo-1.png","width":461,"height":159,"caption":"CELTTV"},"image":{"@id":"https:\/\/www.celttv.com.ar\/#\/schema\/logo\/image\/"}},{"@type":"Person","@id":"https:\/\/www.celttv.com.ar\/#\/schema\/person\/9059dc91dc7204ef4182cdb65225f07d","name":"Miguel Herrada","image":{"@type":"ImageObject","inLanguage":"es","@id":"https:\/\/www.celttv.com.ar\/#\/schema\/person\/image\/","url":"https:\/\/secure.gravatar.com\/avatar\/67724d5b3c716623ffd76bec7e45841a442ac3b456e914dbba90b0fad2b8e0b1?s=96&d=mm&r=g","contentUrl":"https:\/\/secure.gravatar.com\/avatar\/67724d5b3c716623ffd76bec7e45841a442ac3b456e914dbba90b0fad2b8e0b1?s=96&d=mm&r=g","caption":"Miguel Herrada"}}]}},"_links":{"self":[{"href":"https:\/\/www.celttv.com.ar\/index.php\/wp-json\/wp\/v2\/posts\/90536","targetHints":{"allow":["GET"]}}],"collection":[{"href":"https:\/\/www.celttv.com.ar\/index.php\/wp-json\/wp\/v2\/posts"}],"about":[{"href":"https:\/\/www.celttv.com.ar\/index.php\/wp-json\/wp\/v2\/types\/post"}],"author":[{"embeddable":true,"href":"https:\/\/www.celttv.com.ar\/index.php\/wp-json\/wp\/v2\/users\/5"}],"replies":[{"embeddable":true,"href":"https:\/\/www.celttv.com.ar\/index.php\/wp-json\/wp\/v2\/comments?post=90536"}],"version-history":[{"count":1,"href":"https:\/\/www.celttv.com.ar\/index.php\/wp-json\/wp\/v2\/posts\/90536\/revisions"}],"predecessor-version":[{"id":90538,"href":"https:\/\/www.celttv.com.ar\/index.php\/wp-json\/wp\/v2\/posts\/90536\/revisions\/90538"}],"wp:featuredmedia":[{"embeddable":true,"href":"https:\/\/www.celttv.com.ar\/index.php\/wp-json\/wp\/v2\/media\/90537"}],"wp:attachment":[{"href":"https:\/\/www.celttv.com.ar\/index.php\/wp-json\/wp\/v2\/media?parent=90536"}],"wp:term":[{"taxonomy":"category","embeddable":true,"href":"https:\/\/www.celttv.com.ar\/index.php\/wp-json\/wp\/v2\/categories?post=90536"},{"taxonomy":"post_tag","embeddable":true,"href":"https:\/\/www.celttv.com.ar\/index.php\/wp-json\/wp\/v2\/tags?post=90536"}],"curies":[{"name":"wp","href":"https:\/\/api.w.org\/{rel}","templated":true}]}}